{"id":6730,"date":"2024-08-29T11:30:00","date_gmt":"2024-08-29T11:30:00","guid":{"rendered":"https:\/\/urban-connect.com\/?post_type=news&#038;p=6730"},"modified":"2024-11-26T15:53:39","modified_gmt":"2024-11-26T15:53:39","slug":"lunch-learn-la-strategia-hr-di-lindt-amp-sprungli-per-le-biciclette-elettriche-condivise","status":"publish","type":"news","link":"https:\/\/urban-connect.com\/it\/news\/lunch-learn-la-strategia-hr-di-lindt-amp-sprungli-per-le-biciclette-elettriche-condivise\/","title":{"rendered":"Lunch&amp;Learn &#8211; La strategia HR di Lindt &amp; Spr\u00fcngli per le biciclette elettriche condivise"},"content":{"rendered":"\n<p><strong>Ecco una breve panoramica del webinar<\/strong><\/p>\n\n\n\n<p><\/p>\n\n\n\n<figure class=\"wp-block-embed is-type-video is-provider-youtube wp-block-embed-youtube wp-embed-aspect-16-9 wp-has-aspect-ratio\"><div class=\"wp-block-embed__wrapper\">\n<iframe loading=\"lazy\" title=\"Lunch&amp;Learn - Lindt &amp; Spr\u00fcngli f\u00f6rdert mit E-Bike-Sharing ihre HR-Strategie f\u00fcr Bewegung\" width=\"500\" height=\"281\" data-src=\"https:\/\/www.youtube.com\/embed\/eqU5R6Xe_qM?feature=oembed\" frameborder=\"0\" allow=\"accelerometer; autoplay; clipboard-write; encrypted-media; gyroscope; picture-in-picture; web-share\" referrerpolicy=\"strict-origin-when-cross-origin\" allowfullscreen src=\"data:image\/gif;base64,R0lGODlhAQABAAAAACH5BAEKAAEALAAAAAABAAEAAAICTAEAOw==\" class=\"lazyload\" data-load-mode=\"1\"><\/iframe>\n<\/div><\/figure>\n\n\n\n<p><\/p>\n\n\n\n<p><strong>Desidera vedere il webinar completo?<\/strong>\u00a0Compili il modulo sottostante e ricever\u00e0 il link del webinar completo direttamente nella Sua casella di posta.<\/p>\n\n\n\n<script charset=\"utf-8\" type=\"text\/javascript\" src=\"\/\/js.hsforms.net\/forms\/embed\/v2.js\"><\/script>\n<script>\n  hbspt.forms.create({\n    portalId: \"4873065\",\n    formId: \"c265326d-038d-4194-87a8-3bc86dcde8ad\"\n  });\n<\/script>\n\n\n\n<p><\/p>\n\n\n\n<p>Scoprite come l&#8217;iniziativa di e-bike sharing di Lindt &amp; Spr\u00fcngli, parte della strategia HR dal 2020, promuova la salute, il benessere e il pendolarismo sostenibile dei dipendenti. Claudia Di Giuseppe, Direttore delle Risorse Umane di Lindt, racconta come oltre 400 dipendenti beneficiano del programma, usufruendo sia del pendolarismo che dell&#8217;uso privato delle biciclette elettriche, che ha portato a un miglioramento del benessere fisico e mentale, a una riduzione delle assenze per malattia e a un rafforzamento della cultura aziendale.<\/p>\n\n\n\n<p><strong>Principali informazioni del webinar <\/strong>:<\/p>\n\n\n\n<ul class=\"wp-block-list\">\n<li><strong>Salute e sostenibilit\u00e0 <\/strong>: Urban Connect mira a promuovere la salute e il benessere dei dipendenti attraverso iniziative di condivisione di biciclette elettriche, sostenendo cos\u00ec il pendolarismo attivo e le opzioni di trasporto sostenibile.<\/li>\n\n\n\n<li><strong>Implementazione del programma di e-bike presso Lindt<\/strong>: viene illustrato il successo dell&#8217;introduzione del programma di e-bike presso Lindt e viene mostrato come l&#8217;iniziativa sia stata efficacemente implementata per i dipendenti.<\/li>\n\n\n\n<li><strong>Feedback e utilizzo da parte dei dipendenti<\/strong>: I risultati e i dati sulla partecipazione dei dipendenti al programma di e-bike mostrano un feedback positivo e alti tassi di utilizzo, indicando una forte accettazione da parte della forza lavoro.<\/li>\n<\/ul>\n\n\n\n<p>Change Mobility &#8211; Change the World<\/p>\n\n\n    <section class=\"related-posts\">\n        <div class=\"container\">\n            <h4 class=\"block-title\"><\/h4>\n        <\/div>\n        <div class=\"container posts-wrap\">\n            <div class=\"swiper swiper-related-posts\">\n                <div class=\"swiper-wrapper\">\n                                            <div class=\"swiper-slide\">\n                            <div class=\"card-horizontal\">\n    <div class=\"left-side\">\n                    <a href=\"https:\/\/urban-connect.com\/it\/news\/wheels-wine-2026-unedizione-storica-che-definisce-il-futuro-della-mobilita-aziendale\/\">\n                <img decoding=\"async\" \n                    class=\"image lazyload\" data-src=\"https:\/\/urban-connect.com\/wp-content\/uploads\/2026\/03\/F06A4076-768x512.jpg\"\n                    data-srcset=\"https:\/\/urban-connect.com\/wp-content\/uploads\/2026\/03\/F06A4076-768x512.jpg 768w, https:\/\/urban-connect.com\/wp-content\/uploads\/2026\/03\/F06A4076-300x200.jpg 300w, https:\/\/urban-connect.com\/wp-content\/uploads\/2026\/03\/F06A4076-1024x683.jpg 1024w, https:\/\/urban-connect.com\/wp-content\/uploads\/2026\/03\/F06A4076-1536x1024.jpg 1536w, https:\/\/urban-connect.com\/wp-content\/uploads\/2026\/03\/F06A4076-2048x1365.jpg 2048w, https:\/\/urban-connect.com\/wp-content\/uploads\/2026\/03\/F06A4076-1620x1080.jpg 1620w\"\n                    data-sizes=\"(max-width: 768px) 100vw, 768px\"\n                    alt=\"Wheels &amp; Wine 2026 \u2013 Un\u2019edizione storica che definisce il futuro della mobilit\u00e0 aziendale\"\n                 src=\"data:image\/gif;base64,R0lGODlhAQABAAAAACH5BAEKAAEALAAAAAABAAEAAAICTAEAOw==\" style=\"--smush-placeholder-width: 768px; --smush-placeholder-aspect-ratio: 768\/512;\"><noscript><img decoding=\"async\" \n                    class=\"image\" src=\"https:\/\/urban-connect.com\/wp-content\/uploads\/2026\/03\/F06A4076-768x512.jpg\"\n                    srcset=\"https:\/\/urban-connect.com\/wp-content\/uploads\/2026\/03\/F06A4076-768x512.jpg 768w, https:\/\/urban-connect.com\/wp-content\/uploads\/2026\/03\/F06A4076-300x200.jpg 300w, https:\/\/urban-connect.com\/wp-content\/uploads\/2026\/03\/F06A4076-1024x683.jpg 1024w, https:\/\/urban-connect.com\/wp-content\/uploads\/2026\/03\/F06A4076-1536x1024.jpg 1536w, https:\/\/urban-connect.com\/wp-content\/uploads\/2026\/03\/F06A4076-2048x1365.jpg 2048w, https:\/\/urban-connect.com\/wp-content\/uploads\/2026\/03\/F06A4076-1620x1080.jpg 1620w\"\n                    sizes=\"(max-width: 768px) 100vw, 768px\"\n                    alt=\"Wheels &amp; Wine 2026 \u2013 Un\u2019edizione storica che definisce il futuro della mobilit\u00e0 aziendale\"\n                ><\/noscript>\n            <\/a>\n                <\/div>\n    <div class=\"right-side\">\n                    <a href=\"https:\/\/urban-connect.com\/it\/news\/wheels-wine-2026-unedizione-storica-che-definisce-il-futuro-della-mobilita-aziendale\/\">\n                <h6 class=\"title\">Wheels &amp; Wine 2026 \u2013 Un\u2019edizione storica che definisce il futuro della mobilit\u00e0 aziendale<\/h6>\n            <\/a>\n                        <span class=\"date\">Marzo 24, 2026 <\/span>\n            \n\t        <\/div>\n<\/div>                        <\/div>\n                                                <div class=\"swiper-slide\">\n                            <div class=\"card-horizontal\">\n    <div class=\"left-side\">\n                    <a href=\"https:\/\/urban-connect.com\/it\/news\/cosa-succedera-quando-la-ricarica-dei-veicoli-elettrici-funzionera-finalmente\/\">\n                <img decoding=\"async\" \n                    class=\"image lazyload\" data-src=\"https:\/\/urban-connect.com\/wp-content\/uploads\/2026\/03\/Zaptec-cover-3-1-768x453.png\"\n                    data-srcset=\"https:\/\/urban-connect.com\/wp-content\/uploads\/2026\/03\/Zaptec-cover-3-1-768x453.png 768w, https:\/\/urban-connect.com\/wp-content\/uploads\/2026\/03\/Zaptec-cover-3-1-300x177.png 300w, https:\/\/urban-connect.com\/wp-content\/uploads\/2026\/03\/Zaptec-cover-3-1-1024x604.png 1024w, https:\/\/urban-connect.com\/wp-content\/uploads\/2026\/03\/Zaptec-cover-3-1-1536x906.png 1536w, https:\/\/urban-connect.com\/wp-content\/uploads\/2026\/03\/Zaptec-cover-3-1-2048x1208.png 2048w, https:\/\/urban-connect.com\/wp-content\/uploads\/2026\/03\/Zaptec-cover-3-1-1831x1080.png 1831w\"\n                    data-sizes=\"(max-width: 768px) 100vw, 768px\"\n                    alt=\"Cosa succeder\u00e0 quando la ricarica dei veicoli elettrici funzioner\u00e0 finalmente?\"\n                 src=\"data:image\/gif;base64,R0lGODlhAQABAAAAACH5BAEKAAEALAAAAAABAAEAAAICTAEAOw==\" style=\"--smush-placeholder-width: 768px; --smush-placeholder-aspect-ratio: 768\/453;\"><noscript><img decoding=\"async\" \n                    class=\"image\" src=\"https:\/\/urban-connect.com\/wp-content\/uploads\/2026\/03\/Zaptec-cover-3-1-768x453.png\"\n                    srcset=\"https:\/\/urban-connect.com\/wp-content\/uploads\/2026\/03\/Zaptec-cover-3-1-768x453.png 768w, https:\/\/urban-connect.com\/wp-content\/uploads\/2026\/03\/Zaptec-cover-3-1-300x177.png 300w, https:\/\/urban-connect.com\/wp-content\/uploads\/2026\/03\/Zaptec-cover-3-1-1024x604.png 1024w, https:\/\/urban-connect.com\/wp-content\/uploads\/2026\/03\/Zaptec-cover-3-1-1536x906.png 1536w, https:\/\/urban-connect.com\/wp-content\/uploads\/2026\/03\/Zaptec-cover-3-1-2048x1208.png 2048w, https:\/\/urban-connect.com\/wp-content\/uploads\/2026\/03\/Zaptec-cover-3-1-1831x1080.png 1831w\"\n                    sizes=\"(max-width: 768px) 100vw, 768px\"\n                    alt=\"Cosa succeder\u00e0 quando la ricarica dei veicoli elettrici funzioner\u00e0 finalmente?\"\n                ><\/noscript>\n            <\/a>\n                <\/div>\n    <div class=\"right-side\">\n                    <a href=\"https:\/\/urban-connect.com\/it\/news\/cosa-succedera-quando-la-ricarica-dei-veicoli-elettrici-funzionera-finalmente\/\">\n                <h6 class=\"title\">Cosa succeder\u00e0 quando la ricarica dei veicoli elettrici funzioner\u00e0 finalmente?<\/h6>\n            <\/a>\n                        <span class=\"date\">Marzo 17, 2026 <\/span>\n            \n\t        <\/div>\n<\/div>                        <\/div>\n                                                <div class=\"swiper-slide\">\n                            <div class=\"card-horizontal\">\n    <div class=\"left-side\">\n                    <a href=\"https:\/\/urban-connect.com\/it\/news\/focus-sui-casi-di-studio-helsana-offre-a-oltre-3400-dipendenti-un-budget-di-mobilita-urban-connect-senza-alcun-problema-grazie-a-scim\/\">\n                <img decoding=\"async\" \n                    class=\"image lazyload\" data-src=\"https:\/\/urban-connect.com\/wp-content\/uploads\/2026\/02\/HELSANA-x-UC-banner-768x511.png\"\n                    data-srcset=\"https:\/\/urban-connect.com\/wp-content\/uploads\/2026\/02\/HELSANA-x-UC-banner-768x511.png 768w, https:\/\/urban-connect.com\/wp-content\/uploads\/2026\/02\/HELSANA-x-UC-banner-300x199.png 300w, https:\/\/urban-connect.com\/wp-content\/uploads\/2026\/02\/HELSANA-x-UC-banner-1024x681.png 1024w, https:\/\/urban-connect.com\/wp-content\/uploads\/2026\/02\/HELSANA-x-UC-banner-1536x1021.png 1536w, https:\/\/urban-connect.com\/wp-content\/uploads\/2026\/02\/HELSANA-x-UC-banner.png 1590w\"\n                    data-sizes=\"(max-width: 768px) 100vw, 768px\"\n                    alt=\"Focus sui casi di studio: Helsana offre a oltre 3'400 dipendenti un budget di mobilit\u00e0 Urban Connect, senza alcun problema grazie a SCIM.\"\n                 src=\"data:image\/gif;base64,R0lGODlhAQABAAAAACH5BAEKAAEALAAAAAABAAEAAAICTAEAOw==\" style=\"--smush-placeholder-width: 768px; --smush-placeholder-aspect-ratio: 768\/511;\"><noscript><img decoding=\"async\" \n                    class=\"image\" src=\"https:\/\/urban-connect.com\/wp-content\/uploads\/2026\/02\/HELSANA-x-UC-banner-768x511.png\"\n                    srcset=\"https:\/\/urban-connect.com\/wp-content\/uploads\/2026\/02\/HELSANA-x-UC-banner-768x511.png 768w, https:\/\/urban-connect.com\/wp-content\/uploads\/2026\/02\/HELSANA-x-UC-banner-300x199.png 300w, https:\/\/urban-connect.com\/wp-content\/uploads\/2026\/02\/HELSANA-x-UC-banner-1024x681.png 1024w, https:\/\/urban-connect.com\/wp-content\/uploads\/2026\/02\/HELSANA-x-UC-banner-1536x1021.png 1536w, https:\/\/urban-connect.com\/wp-content\/uploads\/2026\/02\/HELSANA-x-UC-banner.png 1590w\"\n                    sizes=\"(max-width: 768px) 100vw, 768px\"\n                    alt=\"Focus sui casi di studio: Helsana offre a oltre 3'400 dipendenti un budget di mobilit\u00e0 Urban Connect, senza alcun problema grazie a SCIM.\"\n                ><\/noscript>\n            <\/a>\n                <\/div>\n    <div class=\"right-side\">\n                    <a href=\"https:\/\/urban-connect.com\/it\/news\/focus-sui-casi-di-studio-helsana-offre-a-oltre-3400-dipendenti-un-budget-di-mobilita-urban-connect-senza-alcun-problema-grazie-a-scim\/\">\n                <h6 class=\"title\">Focus sui casi di studio: Helsana offre a oltre 3&#8217;400 dipendenti un budget di mobilit\u00e0 Urban Connect, senza alcun problema grazie a SCIM.<\/h6>\n            <\/a>\n                        <span class=\"date\">Febbraio 05, 2026 <\/span>\n            \n\t        <\/div>\n<\/div>                        <\/div>\n                                        <\/div>\n                <div class=\"btn-slider \">\n    <div class=\"prev\">\n        <svg width=\"22\" height=\"12\" viewBox=\"0 0 22 12\" fill=\"none\" xmlns=\"http:\/\/www.w3.org\/2000\/svg\">\n            <path d=\"M5.094 4.476L7.74 1.83L6.03 0.102L0.432 5.7L6.03 11.298L7.74 9.57L5.076 6.906H21.42V4.476H5.094Z\" fill=\"white\"\/>\n        <\/svg>\n    <\/div>\n    <div class=\"next\">\n        <svg width=\"22\" height=\"12\" viewBox=\"0 0 22 12\" fill=\"none\" xmlns=\"http:\/\/www.w3.org\/2000\/svg\">\n            <path d=\"M14.292 1.83L16.938 4.476H0.612V6.906H16.956L14.292 9.57L16.002 11.298L21.6 5.7L16.002 0.102L14.292 1.83Z\" fill=\"white\"\/>\n        <\/svg>\n    <\/div>\n<\/div>            <\/div>\n        <\/div>\n    <\/section>\n    ","protected":false},"excerpt":{"rendered":"<p>Ecco una breve panoramica del webinar Desidera vedere il webinar completo?\u00a0Compili il modulo sottostante e ricever\u00e0 il link del webinar completo direttamente nella Sua casella di posta. Scoprite come l&#8217;iniziativa di e-bike sharing di Lindt &amp; Spr\u00fcngli, parte della strategia HR dal 2020, promuova la salute, il benessere e il pendolarismo sostenibile dei dipendenti. Claudia [&hellip;]<\/p>\n","protected":false},"featured_media":6727,"parent":0,"template":"","news_category":[50],"class_list":["post-6730","news","type-news","status-publish","has-post-thumbnail","hentry","news_category-webinar"],"acf":[],"yoast_head":"<!-- This site is optimized with the Yoast SEO plugin v23.2 - https:\/\/yoast.com\/wordpress\/plugins\/seo\/ -->\n<title>Lunch&amp;Learn - La strategia HR di Lindt &amp; Spr\u00fcngli per le biciclette elettriche condivise - Urban Connect<\/title>\n<meta name=\"robots\" content=\"index, follow, max-snippet:-1, max-image-preview:large, max-video-preview:-1\" \/>\n<link rel=\"canonical\" href=\"https:\/\/urban-connect.com\/it\/news\/lunch-learn-la-strategia-hr-di-lindt-amp-sprungli-per-le-biciclette-elettriche-condivise\/\" \/>\n<meta property=\"og:locale\" content=\"it_IT\" \/>\n<meta property=\"og:type\" content=\"article\" \/>\n<meta property=\"og:title\" content=\"Lunch&amp;Learn - La strategia HR di Lindt &amp; Spr\u00fcngli per le biciclette elettriche condivise - Urban Connect\" \/>\n<meta property=\"og:description\" content=\"Ecco una breve panoramica del webinar Desidera vedere il webinar completo?\u00a0Compili il modulo sottostante e ricever\u00e0 il link del webinar completo direttamente nella Sua casella di posta. Scoprite come l&#8217;iniziativa di e-bike sharing di Lindt &amp; Spr\u00fcngli, parte della strategia HR dal 2020, promuova la salute, il benessere e il pendolarismo sostenibile dei dipendenti. Claudia [&hellip;]\" \/>\n<meta property=\"og:url\" content=\"https:\/\/urban-connect.com\/it\/news\/lunch-learn-la-strategia-hr-di-lindt-amp-sprungli-per-le-biciclette-elettriche-condivise\/\" \/>\n<meta property=\"og:site_name\" content=\"Urban Connect\" \/>\n<meta property=\"article:modified_time\" content=\"2024-11-26T15:53:39+00:00\" \/>\n<meta property=\"og:image\" content=\"https:\/\/urban-connect.com\/wp-content\/uploads\/2024\/10\/Webinar_Claudia-scaled.jpg\" \/>\n\t<meta property=\"og:image:width\" content=\"2560\" \/>\n\t<meta property=\"og:image:height\" content=\"1923\" \/>\n\t<meta property=\"og:image:type\" content=\"image\/jpeg\" \/>\n<meta name=\"twitter:card\" content=\"summary_large_image\" \/>\n<meta name=\"twitter:label1\" content=\"Tempo di lettura stimato\" \/>\n\t<meta name=\"twitter:data1\" content=\"2 minuti\" \/>\n<script type=\"application\/ld+json\" class=\"yoast-schema-graph\">{\"@context\":\"https:\/\/schema.org\",\"@graph\":[{\"@type\":\"WebPage\",\"@id\":\"https:\/\/urban-connect.com\/it\/news\/lunch-learn-la-strategia-hr-di-lindt-amp-sprungli-per-le-biciclette-elettriche-condivise\/\",\"url\":\"https:\/\/urban-connect.com\/it\/news\/lunch-learn-la-strategia-hr-di-lindt-amp-sprungli-per-le-biciclette-elettriche-condivise\/\",\"name\":\"Lunch&amp;Learn - La strategia HR di Lindt &amp; Spr\u00fcngli per le biciclette elettriche condivise - Urban Connect\",\"isPartOf\":{\"@id\":\"https:\/\/urban-connect.com\/it\/#website\"},\"primaryImageOfPage\":{\"@id\":\"https:\/\/urban-connect.com\/it\/news\/lunch-learn-la-strategia-hr-di-lindt-amp-sprungli-per-le-biciclette-elettriche-condivise\/#primaryimage\"},\"image\":{\"@id\":\"https:\/\/urban-connect.com\/it\/news\/lunch-learn-la-strategia-hr-di-lindt-amp-sprungli-per-le-biciclette-elettriche-condivise\/#primaryimage\"},\"thumbnailUrl\":\"https:\/\/urban-connect.com\/wp-content\/uploads\/2024\/10\/Webinar_Claudia-scaled.jpg\",\"datePublished\":\"2024-08-29T11:30:00+00:00\",\"dateModified\":\"2024-11-26T15:53:39+00:00\",\"breadcrumb\":{\"@id\":\"https:\/\/urban-connect.com\/it\/news\/lunch-learn-la-strategia-hr-di-lindt-amp-sprungli-per-le-biciclette-elettriche-condivise\/#breadcrumb\"},\"inLanguage\":\"it-IT\",\"potentialAction\":[{\"@type\":\"ReadAction\",\"target\":[\"https:\/\/urban-connect.com\/it\/news\/lunch-learn-la-strategia-hr-di-lindt-amp-sprungli-per-le-biciclette-elettriche-condivise\/\"]}]},{\"@type\":\"ImageObject\",\"inLanguage\":\"it-IT\",\"@id\":\"https:\/\/urban-connect.com\/it\/news\/lunch-learn-la-strategia-hr-di-lindt-amp-sprungli-per-le-biciclette-elettriche-condivise\/#primaryimage\",\"url\":\"https:\/\/urban-connect.com\/wp-content\/uploads\/2024\/10\/Webinar_Claudia-scaled.jpg\",\"contentUrl\":\"https:\/\/urban-connect.com\/wp-content\/uploads\/2024\/10\/Webinar_Claudia-scaled.jpg\",\"width\":2560,\"height\":1923,\"caption\":\"Claudia Di Giuseppe Webinar\"},{\"@type\":\"BreadcrumbList\",\"@id\":\"https:\/\/urban-connect.com\/it\/news\/lunch-learn-la-strategia-hr-di-lindt-amp-sprungli-per-le-biciclette-elettriche-condivise\/#breadcrumb\",\"itemListElement\":[{\"@type\":\"ListItem\",\"position\":1,\"name\":\"Home\",\"item\":\"https:\/\/urban-connect.com\/it\/\"},{\"@type\":\"ListItem\",\"position\":2,\"name\":\"Lunch&amp;Learn &#8211; La strategia HR di Lindt &amp; Spr\u00fcngli per le biciclette elettriche condivise\"}]},{\"@type\":\"WebSite\",\"@id\":\"https:\/\/urban-connect.com\/it\/#website\",\"url\":\"https:\/\/urban-connect.com\/it\/\",\"name\":\"Urban Connect\",\"description\":\"\",\"potentialAction\":[{\"@type\":\"SearchAction\",\"target\":{\"@type\":\"EntryPoint\",\"urlTemplate\":\"https:\/\/urban-connect.com\/it\/?s={search_term_string}\"},\"query-input\":\"required name=search_term_string\"}],\"inLanguage\":\"it-IT\"}]}<\/script>\n<!-- \/ Yoast SEO plugin. -->","yoast_head_json":{"title":"Lunch&amp;Learn - La strategia HR di Lindt &amp; Spr\u00fcngli per le biciclette elettriche condivise - Urban Connect","robots":{"index":"index","follow":"follow","max-snippet":"max-snippet:-1","max-image-preview":"max-image-preview:large","max-video-preview":"max-video-preview:-1"},"canonical":"https:\/\/urban-connect.com\/it\/news\/lunch-learn-la-strategia-hr-di-lindt-amp-sprungli-per-le-biciclette-elettriche-condivise\/","og_locale":"it_IT","og_type":"article","og_title":"Lunch&amp;Learn - La strategia HR di Lindt &amp; Spr\u00fcngli per le biciclette elettriche condivise - Urban Connect","og_description":"Ecco una breve panoramica del webinar Desidera vedere il webinar completo?\u00a0Compili il modulo sottostante e ricever\u00e0 il link del webinar completo direttamente nella Sua casella di posta. Scoprite come l&#8217;iniziativa di e-bike sharing di Lindt &amp; Spr\u00fcngli, parte della strategia HR dal 2020, promuova la salute, il benessere e il pendolarismo sostenibile dei dipendenti. Claudia [&hellip;]","og_url":"https:\/\/urban-connect.com\/it\/news\/lunch-learn-la-strategia-hr-di-lindt-amp-sprungli-per-le-biciclette-elettriche-condivise\/","og_site_name":"Urban Connect","article_modified_time":"2024-11-26T15:53:39+00:00","og_image":[{"width":2560,"height":1923,"url":"https:\/\/urban-connect.com\/wp-content\/uploads\/2024\/10\/Webinar_Claudia-scaled.jpg","type":"image\/jpeg"}],"twitter_card":"summary_large_image","twitter_misc":{"Tempo di lettura stimato":"2 minuti"},"schema":{"@context":"https:\/\/schema.org","@graph":[{"@type":"WebPage","@id":"https:\/\/urban-connect.com\/it\/news\/lunch-learn-la-strategia-hr-di-lindt-amp-sprungli-per-le-biciclette-elettriche-condivise\/","url":"https:\/\/urban-connect.com\/it\/news\/lunch-learn-la-strategia-hr-di-lindt-amp-sprungli-per-le-biciclette-elettriche-condivise\/","name":"Lunch&amp;Learn - La strategia HR di Lindt &amp; Spr\u00fcngli per le biciclette elettriche condivise - Urban Connect","isPartOf":{"@id":"https:\/\/urban-connect.com\/it\/#website"},"primaryImageOfPage":{"@id":"https:\/\/urban-connect.com\/it\/news\/lunch-learn-la-strategia-hr-di-lindt-amp-sprungli-per-le-biciclette-elettriche-condivise\/#primaryimage"},"image":{"@id":"https:\/\/urban-connect.com\/it\/news\/lunch-learn-la-strategia-hr-di-lindt-amp-sprungli-per-le-biciclette-elettriche-condivise\/#primaryimage"},"thumbnailUrl":"https:\/\/urban-connect.com\/wp-content\/uploads\/2024\/10\/Webinar_Claudia-scaled.jpg","datePublished":"2024-08-29T11:30:00+00:00","dateModified":"2024-11-26T15:53:39+00:00","breadcrumb":{"@id":"https:\/\/urban-connect.com\/it\/news\/lunch-learn-la-strategia-hr-di-lindt-amp-sprungli-per-le-biciclette-elettriche-condivise\/#breadcrumb"},"inLanguage":"it-IT","potentialAction":[{"@type":"ReadAction","target":["https:\/\/urban-connect.com\/it\/news\/lunch-learn-la-strategia-hr-di-lindt-amp-sprungli-per-le-biciclette-elettriche-condivise\/"]}]},{"@type":"ImageObject","inLanguage":"it-IT","@id":"https:\/\/urban-connect.com\/it\/news\/lunch-learn-la-strategia-hr-di-lindt-amp-sprungli-per-le-biciclette-elettriche-condivise\/#primaryimage","url":"https:\/\/urban-connect.com\/wp-content\/uploads\/2024\/10\/Webinar_Claudia-scaled.jpg","contentUrl":"https:\/\/urban-connect.com\/wp-content\/uploads\/2024\/10\/Webinar_Claudia-scaled.jpg","width":2560,"height":1923,"caption":"Claudia Di Giuseppe Webinar"},{"@type":"BreadcrumbList","@id":"https:\/\/urban-connect.com\/it\/news\/lunch-learn-la-strategia-hr-di-lindt-amp-sprungli-per-le-biciclette-elettriche-condivise\/#breadcrumb","itemListElement":[{"@type":"ListItem","position":1,"name":"Home","item":"https:\/\/urban-connect.com\/it\/"},{"@type":"ListItem","position":2,"name":"Lunch&amp;Learn &#8211; La strategia HR di Lindt &amp; Spr\u00fcngli per le biciclette elettriche condivise"}]},{"@type":"WebSite","@id":"https:\/\/urban-connect.com\/it\/#website","url":"https:\/\/urban-connect.com\/it\/","name":"Urban Connect","description":"","potentialAction":[{"@type":"SearchAction","target":{"@type":"EntryPoint","urlTemplate":"https:\/\/urban-connect.com\/it\/?s={search_term_string}"},"query-input":"required name=search_term_string"}],"inLanguage":"it-IT"}]}},"_links":{"self":[{"href":"https:\/\/urban-connect.com\/it\/wp-json\/wp\/v2\/news\/6730","targetHints":{"allow":["GET"]}}],"collection":[{"href":"https:\/\/urban-connect.com\/it\/wp-json\/wp\/v2\/news"}],"about":[{"href":"https:\/\/urban-connect.com\/it\/wp-json\/wp\/v2\/types\/news"}],"wp:featuredmedia":[{"embeddable":true,"href":"https:\/\/urban-connect.com\/it\/wp-json\/wp\/v2\/media\/6727"}],"wp:attachment":[{"href":"https:\/\/urban-connect.com\/it\/wp-json\/wp\/v2\/media?parent=6730"}],"wp:term":[{"taxonomy":"news_category","embeddable":true,"href":"https:\/\/urban-connect.com\/it\/wp-json\/wp\/v2\/news_category?post=6730"}],"curies":[{"name":"wp","href":"https:\/\/api.w.org\/{rel}","templated":true}]}}