{"id":6651,"date":"2024-07-26T08:46:27","date_gmt":"2024-07-26T08:46:27","guid":{"rendered":"https:\/\/urban-connect.com\/?post_type=news&#038;p=6651"},"modified":"2024-09-23T13:27:48","modified_gmt":"2024-09-23T13:27:48","slug":"caso-di-studio-in-evidenza-rivoluzione-del-pendolarismo-in-hilti","status":"publish","type":"news","link":"https:\/\/urban-connect.com\/it\/news\/caso-di-studio-in-evidenza-rivoluzione-del-pendolarismo-in-hilti\/","title":{"rendered":"Caso di studio in evidenza: Rivoluzione del pendolarismo in Hilti"},"content":{"rendered":"\n<figure class=\"wp-block-image size-large\"><img loading=\"lazy\" decoding=\"async\" width=\"1024\" height=\"323\" data-src=\"https:\/\/urban-connect.com\/wp-content\/uploads\/2024\/09\/CS_1_IT-1024x323.jpg\" alt=\"\" class=\"wp-image-6652 lazyload\" data-srcset=\"https:\/\/urban-connect.com\/wp-content\/uploads\/2024\/09\/CS_1_IT-1024x323.jpg 1024w, https:\/\/urban-connect.com\/wp-content\/uploads\/2024\/09\/CS_1_IT-300x95.jpg 300w, https:\/\/urban-connect.com\/wp-content\/uploads\/2024\/09\/CS_1_IT-768x242.jpg 768w, https:\/\/urban-connect.com\/wp-content\/uploads\/2024\/09\/CS_1_IT-1536x484.jpg 1536w, https:\/\/urban-connect.com\/wp-content\/uploads\/2024\/09\/CS_1_IT-2048x645.jpg 2048w, https:\/\/urban-connect.com\/wp-content\/uploads\/2024\/09\/CS_1_IT-1920x605.jpg 1920w\" data-sizes=\"auto, (max-width: 1024px) 100vw, 1024px\" src=\"data:image\/gif;base64,R0lGODlhAQABAAAAACH5BAEKAAEALAAAAAABAAEAAAICTAEAOw==\" style=\"--smush-placeholder-width: 1024px; --smush-placeholder-aspect-ratio: 1024\/323;\" \/><noscript><img loading=\"lazy\" decoding=\"async\" width=\"1024\" height=\"323\" src=\"https:\/\/urban-connect.com\/wp-content\/uploads\/2024\/09\/CS_1_IT-1024x323.jpg\" alt=\"\" class=\"wp-image-6652\" srcset=\"https:\/\/urban-connect.com\/wp-content\/uploads\/2024\/09\/CS_1_IT-1024x323.jpg 1024w, https:\/\/urban-connect.com\/wp-content\/uploads\/2024\/09\/CS_1_IT-300x95.jpg 300w, https:\/\/urban-connect.com\/wp-content\/uploads\/2024\/09\/CS_1_IT-768x242.jpg 768w, https:\/\/urban-connect.com\/wp-content\/uploads\/2024\/09\/CS_1_IT-1536x484.jpg 1536w, https:\/\/urban-connect.com\/wp-content\/uploads\/2024\/09\/CS_1_IT-2048x645.jpg 2048w, https:\/\/urban-connect.com\/wp-content\/uploads\/2024\/09\/CS_1_IT-1920x605.jpg 1920w\" sizes=\"auto, (max-width: 1024px) 100vw, 1024px\" \/><\/noscript><\/figure>\n\n\n\n<p><br>Hilti, fondata nel 1941 in Liechtenstein, \u00e8 un&#8217;azienda leader a livello mondiale nel settore delle tecnologie per l&#8217;edilizia. Sviluppa, produce e commercializza prodotti per i settori dell&#8217;edilizia, della manutenzione degli edifici, dell&#8217;energia e della produzione. Conosciuta per l&#8217;innovazione e il modello di vendita diretta, Hilti investe molto in ricerca e sviluppo e mantiene stretti rapporti con i clienti attraverso consulenze in loco. Con circa 34.000 dipendenti in oltre 120 paesi, Hilti \u00e8 un&#8217;azienda a conduzione familiare che si impegna a promuovere la produttivit\u00e0, la sicurezza e la sostenibilit\u00e0 nel settore delle costruzioni.<br><\/p>\n\n\n\n<figure class=\"wp-block-image size-large\"><img loading=\"lazy\" decoding=\"async\" width=\"1024\" height=\"817\" data-src=\"https:\/\/urban-connect.com\/wp-content\/uploads\/2024\/09\/CS_2_IT-1024x817.jpg\" alt=\"\" class=\"wp-image-6656 lazyload\" data-srcset=\"https:\/\/urban-connect.com\/wp-content\/uploads\/2024\/09\/CS_2_IT-1024x817.jpg 1024w, https:\/\/urban-connect.com\/wp-content\/uploads\/2024\/09\/CS_2_IT-300x239.jpg 300w, https:\/\/urban-connect.com\/wp-content\/uploads\/2024\/09\/CS_2_IT-768x613.jpg 768w, https:\/\/urban-connect.com\/wp-content\/uploads\/2024\/09\/CS_2_IT-1536x1226.jpg 1536w, https:\/\/urban-connect.com\/wp-content\/uploads\/2024\/09\/CS_2_IT-2048x1634.jpg 2048w, https:\/\/urban-connect.com\/wp-content\/uploads\/2024\/09\/CS_2_IT-1354x1080.jpg 1354w\" data-sizes=\"auto, (max-width: 1024px) 100vw, 1024px\" src=\"data:image\/gif;base64,R0lGODlhAQABAAAAACH5BAEKAAEALAAAAAABAAEAAAICTAEAOw==\" style=\"--smush-placeholder-width: 1024px; --smush-placeholder-aspect-ratio: 1024\/817;\" \/><noscript><img loading=\"lazy\" decoding=\"async\" width=\"1024\" height=\"817\" src=\"https:\/\/urban-connect.com\/wp-content\/uploads\/2024\/09\/CS_2_IT-1024x817.jpg\" alt=\"\" class=\"wp-image-6656\" srcset=\"https:\/\/urban-connect.com\/wp-content\/uploads\/2024\/09\/CS_2_IT-1024x817.jpg 1024w, https:\/\/urban-connect.com\/wp-content\/uploads\/2024\/09\/CS_2_IT-300x239.jpg 300w, https:\/\/urban-connect.com\/wp-content\/uploads\/2024\/09\/CS_2_IT-768x613.jpg 768w, https:\/\/urban-connect.com\/wp-content\/uploads\/2024\/09\/CS_2_IT-1536x1226.jpg 1536w, https:\/\/urban-connect.com\/wp-content\/uploads\/2024\/09\/CS_2_IT-2048x1634.jpg 2048w, https:\/\/urban-connect.com\/wp-content\/uploads\/2024\/09\/CS_2_IT-1354x1080.jpg 1354w\" sizes=\"auto, (max-width: 1024px) 100vw, 1024px\" \/><\/noscript><\/figure>\n\n\n\n<p><br>Hilti ha dovuto affrontare diverse sfide nelle sue attivit\u00e0. Il primo grande problema \u00e8 stato quello di attirare i migliori talenti in Hilti a causa degli ingombranti spostamenti. Per le aziende come Hilti in Liechtenstein, una forza lavoro internazionale \u00e8 essenziale. Tuttavia, a causa delle restrizioni sulla residenza, molti dipendenti internazionali non possono vivere nel paese e devono spostarsi dai paesi vicini. Le infrastrutture di trasporto limitate, unite al grande afflusso di pendolari, causano ingorghi e perdite di tempo sia per i pendolari in auto che in autobus. In secondo luogo, Hilti ha diversi edifici in tutto il Paese. Queste sedi sono situate a pochi chilometri di distanza l&#8217;una dall&#8217;altra, il che rende difficile spostarsi da una sede all&#8217;altra. In terzo luogo, Hilti aveva fissato l&#8217;ambizioso obiettivo di diventare neutrale dal punto di vista delle emissioni di CO2 entro il 2023, aggiungendo un ulteriore livello di complessit\u00e0 alle sue considerazioni logistiche e ambientali. Per affrontare queste sfide, nel 2019 Hilti ha avviato una collaborazione con una piattaforma di mobilit\u00e0 aziendale multimodale, Urban Connect.<br><\/p>\n\n\n\n<figure class=\"wp-block-image size-large\"><img loading=\"lazy\" decoding=\"async\" width=\"1024\" height=\"638\" data-src=\"https:\/\/urban-connect.com\/wp-content\/uploads\/2024\/09\/CS_3_IT-1024x638.jpg\" alt=\"\" class=\"wp-image-6660 lazyload\" data-srcset=\"https:\/\/urban-connect.com\/wp-content\/uploads\/2024\/09\/CS_3_IT-1024x638.jpg 1024w, https:\/\/urban-connect.com\/wp-content\/uploads\/2024\/09\/CS_3_IT-300x187.jpg 300w, https:\/\/urban-connect.com\/wp-content\/uploads\/2024\/09\/CS_3_IT-768x479.jpg 768w, https:\/\/urban-connect.com\/wp-content\/uploads\/2024\/09\/CS_3_IT-1536x958.jpg 1536w, https:\/\/urban-connect.com\/wp-content\/uploads\/2024\/09\/CS_3_IT-2048x1277.jpg 2048w, https:\/\/urban-connect.com\/wp-content\/uploads\/2024\/09\/CS_3_IT-1732x1080.jpg 1732w\" data-sizes=\"auto, (max-width: 1024px) 100vw, 1024px\" src=\"data:image\/gif;base64,R0lGODlhAQABAAAAACH5BAEKAAEALAAAAAABAAEAAAICTAEAOw==\" style=\"--smush-placeholder-width: 1024px; --smush-placeholder-aspect-ratio: 1024\/638;\" \/><noscript><img loading=\"lazy\" decoding=\"async\" width=\"1024\" height=\"638\" src=\"https:\/\/urban-connect.com\/wp-content\/uploads\/2024\/09\/CS_3_IT-1024x638.jpg\" alt=\"\" class=\"wp-image-6660\" srcset=\"https:\/\/urban-connect.com\/wp-content\/uploads\/2024\/09\/CS_3_IT-1024x638.jpg 1024w, https:\/\/urban-connect.com\/wp-content\/uploads\/2024\/09\/CS_3_IT-300x187.jpg 300w, https:\/\/urban-connect.com\/wp-content\/uploads\/2024\/09\/CS_3_IT-768x479.jpg 768w, https:\/\/urban-connect.com\/wp-content\/uploads\/2024\/09\/CS_3_IT-1536x958.jpg 1536w, https:\/\/urban-connect.com\/wp-content\/uploads\/2024\/09\/CS_3_IT-2048x1277.jpg 2048w, https:\/\/urban-connect.com\/wp-content\/uploads\/2024\/09\/CS_3_IT-1732x1080.jpg 1732w\" sizes=\"auto, (max-width: 1024px) 100vw, 1024px\" \/><\/noscript><\/figure>\n\n\n\n<p><br>Hilti ha implementato una soluzione di mobilit\u00e0 completa con Urban Connect per affrontare le sfide del pendolarismo e della sostenibilit\u00e0. Inizialmente sono state introdotte 20 biciclette elettriche condivise (ora sono diventate 40) con una soluzione di servizio completa, che include un software di prenotazione, servizi di manutenzione, assicurazione e una linea telefonica di assistenza clienti 24 ore su 24, 7 giorni su 7. Questa iniziativa non solo fornisce una modalit\u00e0 di trasporto conveniente, ma garantisce anche che le biciclette elettriche siano ben tenute e accessibili in ogni momento.<\/p>\n\n\n\n<p>Urban Connect ha creato una stazione di ricarica per ogni e-bike, distribuita in tre diverse sedi Hilti. Questo posizionamento strategico garantisce che i dipendenti possano trovare e ricaricare facilmente le biciclette elettriche, promuovendone l&#8217;uso e la comodit\u00e0.<\/p>\n\n\n\n<p>Per massimizzare i benefici di questa iniziativa, Urban Connect ha organizzato un evento di onboarding volto ad aumentare il coinvolgimento e la consapevolezza dei dipendenti Hilti. L&#8217;evento \u00e8 stato ideato per far conoscere ai dipendenti il nuovo sistema di biciclette elettriche, incoraggiandoli a integrare questa opzione di trasporto ecologico nella loro routine quotidiana.<br><\/p>\n\n\n\n<figure class=\"wp-block-image size-large\"><img loading=\"lazy\" decoding=\"async\" width=\"1024\" height=\"690\" data-src=\"https:\/\/urban-connect.com\/wp-content\/uploads\/2024\/09\/CS_4_IT-1024x690.jpg\" alt=\"\" class=\"wp-image-6664 lazyload\" data-srcset=\"https:\/\/urban-connect.com\/wp-content\/uploads\/2024\/09\/CS_4_IT-1024x690.jpg 1024w, https:\/\/urban-connect.com\/wp-content\/uploads\/2024\/09\/CS_4_IT-300x202.jpg 300w, https:\/\/urban-connect.com\/wp-content\/uploads\/2024\/09\/CS_4_IT-768x518.jpg 768w, https:\/\/urban-connect.com\/wp-content\/uploads\/2024\/09\/CS_4_IT-1536x1035.jpg 1536w, https:\/\/urban-connect.com\/wp-content\/uploads\/2024\/09\/CS_4_IT-2048x1380.jpg 2048w, https:\/\/urban-connect.com\/wp-content\/uploads\/2024\/09\/CS_4_IT-1602x1080.jpg 1602w\" data-sizes=\"auto, (max-width: 1024px) 100vw, 1024px\" src=\"data:image\/gif;base64,R0lGODlhAQABAAAAACH5BAEKAAEALAAAAAABAAEAAAICTAEAOw==\" style=\"--smush-placeholder-width: 1024px; --smush-placeholder-aspect-ratio: 1024\/690;\" \/><noscript><img loading=\"lazy\" decoding=\"async\" width=\"1024\" height=\"690\" src=\"https:\/\/urban-connect.com\/wp-content\/uploads\/2024\/09\/CS_4_IT-1024x690.jpg\" alt=\"\" class=\"wp-image-6664\" srcset=\"https:\/\/urban-connect.com\/wp-content\/uploads\/2024\/09\/CS_4_IT-1024x690.jpg 1024w, https:\/\/urban-connect.com\/wp-content\/uploads\/2024\/09\/CS_4_IT-300x202.jpg 300w, https:\/\/urban-connect.com\/wp-content\/uploads\/2024\/09\/CS_4_IT-768x518.jpg 768w, https:\/\/urban-connect.com\/wp-content\/uploads\/2024\/09\/CS_4_IT-1536x1035.jpg 1536w, https:\/\/urban-connect.com\/wp-content\/uploads\/2024\/09\/CS_4_IT-2048x1380.jpg 2048w, https:\/\/urban-connect.com\/wp-content\/uploads\/2024\/09\/CS_4_IT-1602x1080.jpg 1602w\" sizes=\"auto, (max-width: 1024px) 100vw, 1024px\" \/><\/noscript><\/figure>\n\n\n\n<p><br>Negli ultimi cinque anni sono state effettuate un totale di 18.000 prenotazioni, raggiungendo un impressionante tasso di utilizzo dell&#8217;83,4% per e-bike. Con un totale di 2.061 utenti registrati, il 94% dei dipendenti Hilti utilizza il servizio. Un recente sondaggio condotto in azienda ha rivelato diverse informazioni sulle abitudini di spostamento dei dipendenti e sui servizi Urban Connect: il 94% dei dipendenti ha dichiarato di apprezzare il servizio di condivisione di biciclette elettriche e l&#8217;82% lo consiglierebbe ai propri amici. In particolare, il 63% degli intervistati utilizza il servizio da pi\u00f9 volte al mese a pi\u00f9 volte alla settimana. Poich\u00e9 il costo \u00e8 inferiore a quello giornaliero, le biciclette elettriche possono essere condivise in modo efficiente e frequente tra i vari utenti. La met\u00e0 dei chilometri attualmente coperti dalla flotta di e-bike veniva percorsa in precedenza da automobili e autobus, evidenziando un significativo spostamento verso opzioni di pendolarismo pi\u00f9 efficienti in termini di tempo e di emissioni.<\/p>\n\n\n\n<p>Inizialmente, Hilti ha immagazzinato le biciclette elettriche durante l&#8217;inverno, presumendo che non sarebbero state utilizzate. Tuttavia, a partire dal 2022, le biciclette elettriche sono state rese disponibili tutto l&#8217;anno e sono passate da 20 a 30 E-bike, con un risultato di 156 prenotazioni nel febbraio 2023. In risposta all&#8217;elevata richiesta di e-bike, che ha portato a una consistente carenza in quanto molti dipendenti volevano adottarle, Hilti ha aumentato nuovamente la sua flotta da 30 a 40 e-bike nel gennaio 2024. Questo aggiornamento evidenzia la forte accoglienza positiva del servizio da parte dei dipendenti. Lo scorso inverno sono state prenotate fino a 225 biciclette nel febbraio 2024. Questo dimostra la forte volont\u00e0 dei dipendenti di utilizzare il servizio nonostante il clima pi\u00f9 freddo.<\/p>\n\n\n\n<p>Grazie a questi sforzi, Hilti non solo ha migliorato l&#8217;esperienza di spostamento dei dipendenti e ne ha aumentato la soddisfazione, ma ha anche raggiunto l&#8217;obiettivo di diventare neutrale dal punto di vista delle emissioni di CO2 entro il 2023.<br><\/p>\n\n\n\n<figure class=\"wp-block-image size-large\"><img loading=\"lazy\" decoding=\"async\" width=\"1024\" height=\"768\" data-src=\"https:\/\/urban-connect.com\/wp-content\/uploads\/2024\/07\/Hilti_Chargers-1024x768.jpeg\" alt=\"Hilti_Chargers\" class=\"wp-image-6234 lazyload\" data-srcset=\"https:\/\/urban-connect.com\/wp-content\/uploads\/2024\/07\/Hilti_Chargers-1024x768.jpeg 1024w, https:\/\/urban-connect.com\/wp-content\/uploads\/2024\/07\/Hilti_Chargers-300x225.jpeg 300w, https:\/\/urban-connect.com\/wp-content\/uploads\/2024\/07\/Hilti_Chargers-768x576.jpeg 768w, https:\/\/urban-connect.com\/wp-content\/uploads\/2024\/07\/Hilti_Chargers-1536x1152.jpeg 1536w, https:\/\/urban-connect.com\/wp-content\/uploads\/2024\/07\/Hilti_Chargers-1440x1080.jpeg 1440w, https:\/\/urban-connect.com\/wp-content\/uploads\/2024\/07\/Hilti_Chargers.jpeg 2048w\" data-sizes=\"auto, (max-width: 1024px) 100vw, 1024px\" src=\"data:image\/gif;base64,R0lGODlhAQABAAAAACH5BAEKAAEALAAAAAABAAEAAAICTAEAOw==\" style=\"--smush-placeholder-width: 1024px; --smush-placeholder-aspect-ratio: 1024\/768;\" \/><noscript><img loading=\"lazy\" decoding=\"async\" width=\"1024\" height=\"768\" src=\"https:\/\/urban-connect.com\/wp-content\/uploads\/2024\/07\/Hilti_Chargers-1024x768.jpeg\" alt=\"Hilti_Chargers\" class=\"wp-image-6234\" srcset=\"https:\/\/urban-connect.com\/wp-content\/uploads\/2024\/07\/Hilti_Chargers-1024x768.jpeg 1024w, https:\/\/urban-connect.com\/wp-content\/uploads\/2024\/07\/Hilti_Chargers-300x225.jpeg 300w, https:\/\/urban-connect.com\/wp-content\/uploads\/2024\/07\/Hilti_Chargers-768x576.jpeg 768w, https:\/\/urban-connect.com\/wp-content\/uploads\/2024\/07\/Hilti_Chargers-1536x1152.jpeg 1536w, https:\/\/urban-connect.com\/wp-content\/uploads\/2024\/07\/Hilti_Chargers-1440x1080.jpeg 1440w, https:\/\/urban-connect.com\/wp-content\/uploads\/2024\/07\/Hilti_Chargers.jpeg 2048w\" sizes=\"auto, (max-width: 1024px) 100vw, 1024px\" \/><\/noscript><\/figure>\n\n\n\n<p>\ud83d\udc49 Contatta il nostro team per discutere delle tue esigenze di mobilit\u00e0: <a href=\"mailto:sales@urban-connect.ch\"><strong>sales@urban-connect.ch<\/strong><\/a><\/p>\n\n\n\n<p>Change Mobility &#8211; Change the World<\/p>\n\n\n        <section class=\"author-block\">\n            <div class=\"container\">\n                <div class=\"left-side\">\n                    <h6 class=\"name\">Ana Gomez Ortiz<\/h6>\n                    <span class=\"position\">Marketing and Communications<\/span>\n                <\/div>\n                <div class=\"right-side\">\n                                            <img decoding=\"async\" \n                        class=\"image lazyload\" data-src=\"https:\/\/urban-connect.com\/wp-content\/uploads\/2024\/07\/1712246840024.jpeg\"\n                        data-srcset=\"https:\/\/urban-connect.com\/wp-content\/uploads\/2024\/07\/1712246840024.jpeg 800w, https:\/\/urban-connect.com\/wp-content\/uploads\/2024\/07\/1712246840024-300x300.jpeg 300w, https:\/\/urban-connect.com\/wp-content\/uploads\/2024\/07\/1712246840024-150x150.jpeg 150w, https:\/\/urban-connect.com\/wp-content\/uploads\/2024\/07\/1712246840024-768x768.jpeg 768w\"\n                        data-sizes=\"(max-width: 800px) 100vw, 800px\"\n                        alt=\"Chart Image\"\n                         src=\"data:image\/gif;base64,R0lGODlhAQABAAAAACH5BAEKAAEALAAAAAABAAEAAAICTAEAOw==\" style=\"--smush-placeholder-width: 800px; --smush-placeholder-aspect-ratio: 800\/800;\"><noscript><img decoding=\"async\" \n                        class=\"image\" src=\"https:\/\/urban-connect.com\/wp-content\/uploads\/2024\/07\/1712246840024.jpeg\"\n                        srcset=\"https:\/\/urban-connect.com\/wp-content\/uploads\/2024\/07\/1712246840024.jpeg 800w, https:\/\/urban-connect.com\/wp-content\/uploads\/2024\/07\/1712246840024-300x300.jpeg 300w, https:\/\/urban-connect.com\/wp-content\/uploads\/2024\/07\/1712246840024-150x150.jpeg 150w, https:\/\/urban-connect.com\/wp-content\/uploads\/2024\/07\/1712246840024-768x768.jpeg 768w\"\n                        sizes=\"(max-width: 800px) 100vw, 800px\"\n                        alt=\"Chart Image\"\n                        ><\/noscript>\n                                        <\/div>\n            <\/div>\n        <\/section>\n        \n\n    <section class=\"related-posts\">\n        <div class=\"container\">\n            <h4 class=\"block-title\"><\/h4>\n        <\/div>\n        <div class=\"container posts-wrap\">\n            <div class=\"swiper swiper-related-posts\">\n                <div class=\"swiper-wrapper\">\n                                            <div class=\"swiper-slide\">\n                            <div class=\"card-horizontal\">\n    <div class=\"left-side\">\n                    <a href=\"https:\/\/urban-connect.com\/it\/news\/wheels-wine-2026-unedizione-storica-che-definisce-il-futuro-della-mobilita-aziendale\/\">\n                <img decoding=\"async\" \n                    class=\"image lazyload\" data-src=\"https:\/\/urban-connect.com\/wp-content\/uploads\/2026\/03\/F06A4076-768x512.jpg\"\n                    data-srcset=\"https:\/\/urban-connect.com\/wp-content\/uploads\/2026\/03\/F06A4076-768x512.jpg 768w, https:\/\/urban-connect.com\/wp-content\/uploads\/2026\/03\/F06A4076-300x200.jpg 300w, https:\/\/urban-connect.com\/wp-content\/uploads\/2026\/03\/F06A4076-1024x683.jpg 1024w, https:\/\/urban-connect.com\/wp-content\/uploads\/2026\/03\/F06A4076-1536x1024.jpg 1536w, https:\/\/urban-connect.com\/wp-content\/uploads\/2026\/03\/F06A4076-2048x1365.jpg 2048w, https:\/\/urban-connect.com\/wp-content\/uploads\/2026\/03\/F06A4076-1620x1080.jpg 1620w\"\n                    data-sizes=\"(max-width: 768px) 100vw, 768px\"\n                    alt=\"Wheels &amp; Wine 2026 \u2013 Un\u2019edizione storica che definisce il futuro della mobilit\u00e0 aziendale\"\n                 src=\"data:image\/gif;base64,R0lGODlhAQABAAAAACH5BAEKAAEALAAAAAABAAEAAAICTAEAOw==\" style=\"--smush-placeholder-width: 768px; --smush-placeholder-aspect-ratio: 768\/512;\"><noscript><img decoding=\"async\" \n                    class=\"image\" src=\"https:\/\/urban-connect.com\/wp-content\/uploads\/2026\/03\/F06A4076-768x512.jpg\"\n                    srcset=\"https:\/\/urban-connect.com\/wp-content\/uploads\/2026\/03\/F06A4076-768x512.jpg 768w, https:\/\/urban-connect.com\/wp-content\/uploads\/2026\/03\/F06A4076-300x200.jpg 300w, https:\/\/urban-connect.com\/wp-content\/uploads\/2026\/03\/F06A4076-1024x683.jpg 1024w, https:\/\/urban-connect.com\/wp-content\/uploads\/2026\/03\/F06A4076-1536x1024.jpg 1536w, https:\/\/urban-connect.com\/wp-content\/uploads\/2026\/03\/F06A4076-2048x1365.jpg 2048w, https:\/\/urban-connect.com\/wp-content\/uploads\/2026\/03\/F06A4076-1620x1080.jpg 1620w\"\n                    sizes=\"(max-width: 768px) 100vw, 768px\"\n                    alt=\"Wheels &amp; Wine 2026 \u2013 Un\u2019edizione storica che definisce il futuro della mobilit\u00e0 aziendale\"\n                ><\/noscript>\n            <\/a>\n                <\/div>\n    <div class=\"right-side\">\n                    <a href=\"https:\/\/urban-connect.com\/it\/news\/wheels-wine-2026-unedizione-storica-che-definisce-il-futuro-della-mobilita-aziendale\/\">\n                <h6 class=\"title\">Wheels &amp; Wine 2026 \u2013 Un\u2019edizione storica che definisce il futuro della mobilit\u00e0 aziendale<\/h6>\n            <\/a>\n                        <span class=\"date\">Marzo 24, 2026 <\/span>\n            \n\t        <\/div>\n<\/div>                        <\/div>\n                                                <div class=\"swiper-slide\">\n                            <div class=\"card-horizontal\">\n    <div class=\"left-side\">\n                    <a href=\"https:\/\/urban-connect.com\/it\/news\/cosa-succedera-quando-la-ricarica-dei-veicoli-elettrici-funzionera-finalmente\/\">\n                <img decoding=\"async\" \n                    class=\"image lazyload\" data-src=\"https:\/\/urban-connect.com\/wp-content\/uploads\/2026\/03\/Zaptec-cover-3-1-768x453.png\"\n                    data-srcset=\"https:\/\/urban-connect.com\/wp-content\/uploads\/2026\/03\/Zaptec-cover-3-1-768x453.png 768w, https:\/\/urban-connect.com\/wp-content\/uploads\/2026\/03\/Zaptec-cover-3-1-300x177.png 300w, https:\/\/urban-connect.com\/wp-content\/uploads\/2026\/03\/Zaptec-cover-3-1-1024x604.png 1024w, https:\/\/urban-connect.com\/wp-content\/uploads\/2026\/03\/Zaptec-cover-3-1-1536x906.png 1536w, https:\/\/urban-connect.com\/wp-content\/uploads\/2026\/03\/Zaptec-cover-3-1-2048x1208.png 2048w, https:\/\/urban-connect.com\/wp-content\/uploads\/2026\/03\/Zaptec-cover-3-1-1831x1080.png 1831w\"\n                    data-sizes=\"(max-width: 768px) 100vw, 768px\"\n                    alt=\"Cosa succeder\u00e0 quando la ricarica dei veicoli elettrici funzioner\u00e0 finalmente?\"\n                 src=\"data:image\/gif;base64,R0lGODlhAQABAAAAACH5BAEKAAEALAAAAAABAAEAAAICTAEAOw==\" style=\"--smush-placeholder-width: 768px; --smush-placeholder-aspect-ratio: 768\/453;\"><noscript><img decoding=\"async\" \n                    class=\"image\" src=\"https:\/\/urban-connect.com\/wp-content\/uploads\/2026\/03\/Zaptec-cover-3-1-768x453.png\"\n                    srcset=\"https:\/\/urban-connect.com\/wp-content\/uploads\/2026\/03\/Zaptec-cover-3-1-768x453.png 768w, https:\/\/urban-connect.com\/wp-content\/uploads\/2026\/03\/Zaptec-cover-3-1-300x177.png 300w, https:\/\/urban-connect.com\/wp-content\/uploads\/2026\/03\/Zaptec-cover-3-1-1024x604.png 1024w, https:\/\/urban-connect.com\/wp-content\/uploads\/2026\/03\/Zaptec-cover-3-1-1536x906.png 1536w, https:\/\/urban-connect.com\/wp-content\/uploads\/2026\/03\/Zaptec-cover-3-1-2048x1208.png 2048w, https:\/\/urban-connect.com\/wp-content\/uploads\/2026\/03\/Zaptec-cover-3-1-1831x1080.png 1831w\"\n                    sizes=\"(max-width: 768px) 100vw, 768px\"\n                    alt=\"Cosa succeder\u00e0 quando la ricarica dei veicoli elettrici funzioner\u00e0 finalmente?\"\n                ><\/noscript>\n            <\/a>\n                <\/div>\n    <div class=\"right-side\">\n                    <a href=\"https:\/\/urban-connect.com\/it\/news\/cosa-succedera-quando-la-ricarica-dei-veicoli-elettrici-funzionera-finalmente\/\">\n                <h6 class=\"title\">Cosa succeder\u00e0 quando la ricarica dei veicoli elettrici funzioner\u00e0 finalmente?<\/h6>\n            <\/a>\n                        <span class=\"date\">Marzo 17, 2026 <\/span>\n            \n\t        <\/div>\n<\/div>                        <\/div>\n                                                <div class=\"swiper-slide\">\n                            <div class=\"card-horizontal\">\n    <div class=\"left-side\">\n                    <a href=\"https:\/\/urban-connect.com\/it\/news\/focus-sui-casi-di-studio-helsana-offre-a-oltre-3400-dipendenti-un-budget-di-mobilita-urban-connect-senza-alcun-problema-grazie-a-scim\/\">\n                <img decoding=\"async\" \n                    class=\"image lazyload\" data-src=\"https:\/\/urban-connect.com\/wp-content\/uploads\/2026\/02\/HELSANA-x-UC-banner-768x511.png\"\n                    data-srcset=\"https:\/\/urban-connect.com\/wp-content\/uploads\/2026\/02\/HELSANA-x-UC-banner-768x511.png 768w, https:\/\/urban-connect.com\/wp-content\/uploads\/2026\/02\/HELSANA-x-UC-banner-300x199.png 300w, https:\/\/urban-connect.com\/wp-content\/uploads\/2026\/02\/HELSANA-x-UC-banner-1024x681.png 1024w, https:\/\/urban-connect.com\/wp-content\/uploads\/2026\/02\/HELSANA-x-UC-banner-1536x1021.png 1536w, https:\/\/urban-connect.com\/wp-content\/uploads\/2026\/02\/HELSANA-x-UC-banner.png 1590w\"\n                    data-sizes=\"(max-width: 768px) 100vw, 768px\"\n                    alt=\"Focus sui casi di studio: Helsana offre a oltre 3'400 dipendenti un budget di mobilit\u00e0 Urban Connect, senza alcun problema grazie a SCIM.\"\n                 src=\"data:image\/gif;base64,R0lGODlhAQABAAAAACH5BAEKAAEALAAAAAABAAEAAAICTAEAOw==\" style=\"--smush-placeholder-width: 768px; --smush-placeholder-aspect-ratio: 768\/511;\"><noscript><img decoding=\"async\" \n                    class=\"image\" src=\"https:\/\/urban-connect.com\/wp-content\/uploads\/2026\/02\/HELSANA-x-UC-banner-768x511.png\"\n                    srcset=\"https:\/\/urban-connect.com\/wp-content\/uploads\/2026\/02\/HELSANA-x-UC-banner-768x511.png 768w, https:\/\/urban-connect.com\/wp-content\/uploads\/2026\/02\/HELSANA-x-UC-banner-300x199.png 300w, https:\/\/urban-connect.com\/wp-content\/uploads\/2026\/02\/HELSANA-x-UC-banner-1024x681.png 1024w, https:\/\/urban-connect.com\/wp-content\/uploads\/2026\/02\/HELSANA-x-UC-banner-1536x1021.png 1536w, https:\/\/urban-connect.com\/wp-content\/uploads\/2026\/02\/HELSANA-x-UC-banner.png 1590w\"\n                    sizes=\"(max-width: 768px) 100vw, 768px\"\n                    alt=\"Focus sui casi di studio: Helsana offre a oltre 3'400 dipendenti un budget di mobilit\u00e0 Urban Connect, senza alcun problema grazie a SCIM.\"\n                ><\/noscript>\n            <\/a>\n                <\/div>\n    <div class=\"right-side\">\n                    <a href=\"https:\/\/urban-connect.com\/it\/news\/focus-sui-casi-di-studio-helsana-offre-a-oltre-3400-dipendenti-un-budget-di-mobilita-urban-connect-senza-alcun-problema-grazie-a-scim\/\">\n                <h6 class=\"title\">Focus sui casi di studio: Helsana offre a oltre 3&#8217;400 dipendenti un budget di mobilit\u00e0 Urban Connect, senza alcun problema grazie a SCIM.<\/h6>\n            <\/a>\n                        <span class=\"date\">Febbraio 05, 2026 <\/span>\n            \n\t        <\/div>\n<\/div>                        <\/div>\n                                        <\/div>\n                <div class=\"btn-slider \">\n    <div class=\"prev\">\n        <svg width=\"22\" height=\"12\" viewBox=\"0 0 22 12\" fill=\"none\" xmlns=\"http:\/\/www.w3.org\/2000\/svg\">\n            <path d=\"M5.094 4.476L7.74 1.83L6.03 0.102L0.432 5.7L6.03 11.298L7.74 9.57L5.076 6.906H21.42V4.476H5.094Z\" fill=\"white\"\/>\n        <\/svg>\n    <\/div>\n    <div class=\"next\">\n        <svg width=\"22\" height=\"12\" viewBox=\"0 0 22 12\" fill=\"none\" xmlns=\"http:\/\/www.w3.org\/2000\/svg\">\n            <path d=\"M14.292 1.83L16.938 4.476H0.612V6.906H16.956L14.292 9.57L16.002 11.298L21.6 5.7L16.002 0.102L14.292 1.83Z\" fill=\"white\"\/>\n        <\/svg>\n    <\/div>\n<\/div>            <\/div>\n        <\/div>\n    <\/section>\n    ","protected":false},"excerpt":{"rendered":"<p>Hilti, fondata nel 1941 in Liechtenstein, \u00e8 un&#8217;azienda leader a livello mondiale nel settore delle tecnologie per l&#8217;edilizia. Sviluppa, produce e commercializza prodotti per i settori dell&#8217;edilizia, della manutenzione degli edifici, dell&#8217;energia e della produzione. Conosciuta per l&#8217;innovazione e il modello di vendita diretta, Hilti investe molto in ricerca e sviluppo e mantiene stretti rapporti [&hellip;]<\/p>\n","protected":false},"featured_media":6224,"parent":0,"template":"","news_category":[49],"class_list":["post-6651","news","type-news","status-publish","has-post-thumbnail","hentry","news_category-casi-di-studio"],"acf":[],"yoast_head":"<!-- This site is optimized with the Yoast SEO plugin v23.2 - https:\/\/yoast.com\/wordpress\/plugins\/seo\/ -->\n<title>Caso di studio in evidenza: Rivoluzione del pendolarismo in Hilti - Urban Connect<\/title>\n<meta name=\"robots\" content=\"index, follow, max-snippet:-1, max-image-preview:large, max-video-preview:-1\" \/>\n<link rel=\"canonical\" href=\"https:\/\/urban-connect.com\/it\/news\/caso-di-studio-in-evidenza-rivoluzione-del-pendolarismo-in-hilti\/\" \/>\n<meta property=\"og:locale\" content=\"it_IT\" \/>\n<meta property=\"og:type\" content=\"article\" \/>\n<meta property=\"og:title\" content=\"Caso di studio in evidenza: Rivoluzione del pendolarismo in Hilti - Urban Connect\" \/>\n<meta property=\"og:description\" content=\"Hilti, fondata nel 1941 in Liechtenstein, \u00e8 un&#8217;azienda leader a livello mondiale nel settore delle tecnologie per l&#8217;edilizia. Sviluppa, produce e commercializza prodotti per i settori dell&#8217;edilizia, della manutenzione degli edifici, dell&#8217;energia e della produzione. Conosciuta per l&#8217;innovazione e il modello di vendita diretta, Hilti investe molto in ricerca e sviluppo e mantiene stretti rapporti [&hellip;]\" \/>\n<meta property=\"og:url\" content=\"https:\/\/urban-connect.com\/it\/news\/caso-di-studio-in-evidenza-rivoluzione-del-pendolarismo-in-hilti\/\" \/>\n<meta property=\"og:site_name\" content=\"Urban Connect\" \/>\n<meta property=\"article:modified_time\" content=\"2024-09-23T13:27:48+00:00\" \/>\n<meta property=\"og:image\" content=\"https:\/\/urban-connect.com\/wp-content\/uploads\/2024\/07\/Hilti_LinkedIn-copy.jpeg\" \/>\n\t<meta property=\"og:image:width\" content=\"2048\" \/>\n\t<meta property=\"og:image:height\" content=\"1536\" \/>\n\t<meta property=\"og:image:type\" content=\"image\/jpeg\" \/>\n<meta name=\"twitter:card\" content=\"summary_large_image\" \/>\n<meta name=\"twitter:label1\" content=\"Tempo di lettura stimato\" \/>\n\t<meta name=\"twitter:data1\" content=\"5 minuti\" \/>\n<script type=\"application\/ld+json\" class=\"yoast-schema-graph\">{\"@context\":\"https:\/\/schema.org\",\"@graph\":[{\"@type\":\"WebPage\",\"@id\":\"https:\/\/urban-connect.com\/it\/news\/caso-di-studio-in-evidenza-rivoluzione-del-pendolarismo-in-hilti\/\",\"url\":\"https:\/\/urban-connect.com\/it\/news\/caso-di-studio-in-evidenza-rivoluzione-del-pendolarismo-in-hilti\/\",\"name\":\"Caso di studio in evidenza: Rivoluzione del pendolarismo in Hilti - Urban Connect\",\"isPartOf\":{\"@id\":\"https:\/\/urban-connect.com\/it\/#website\"},\"primaryImageOfPage\":{\"@id\":\"https:\/\/urban-connect.com\/it\/news\/caso-di-studio-in-evidenza-rivoluzione-del-pendolarismo-in-hilti\/#primaryimage\"},\"image\":{\"@id\":\"https:\/\/urban-connect.com\/it\/news\/caso-di-studio-in-evidenza-rivoluzione-del-pendolarismo-in-hilti\/#primaryimage\"},\"thumbnailUrl\":\"https:\/\/urban-connect.com\/wp-content\/uploads\/2024\/07\/Hilti_LinkedIn-copy.jpeg\",\"datePublished\":\"2024-07-26T08:46:27+00:00\",\"dateModified\":\"2024-09-23T13:27:48+00:00\",\"breadcrumb\":{\"@id\":\"https:\/\/urban-connect.com\/it\/news\/caso-di-studio-in-evidenza-rivoluzione-del-pendolarismo-in-hilti\/#breadcrumb\"},\"inLanguage\":\"it-IT\",\"potentialAction\":[{\"@type\":\"ReadAction\",\"target\":[\"https:\/\/urban-connect.com\/it\/news\/caso-di-studio-in-evidenza-rivoluzione-del-pendolarismo-in-hilti\/\"]}]},{\"@type\":\"ImageObject\",\"inLanguage\":\"it-IT\",\"@id\":\"https:\/\/urban-connect.com\/it\/news\/caso-di-studio-in-evidenza-rivoluzione-del-pendolarismo-in-hilti\/#primaryimage\",\"url\":\"https:\/\/urban-connect.com\/wp-content\/uploads\/2024\/07\/Hilti_LinkedIn-copy.jpeg\",\"contentUrl\":\"https:\/\/urban-connect.com\/wp-content\/uploads\/2024\/07\/Hilti_LinkedIn-copy.jpeg\",\"width\":2048,\"height\":1536,\"caption\":\"Hliti Image\"},{\"@type\":\"BreadcrumbList\",\"@id\":\"https:\/\/urban-connect.com\/it\/news\/caso-di-studio-in-evidenza-rivoluzione-del-pendolarismo-in-hilti\/#breadcrumb\",\"itemListElement\":[{\"@type\":\"ListItem\",\"position\":1,\"name\":\"Home\",\"item\":\"https:\/\/urban-connect.com\/it\/\"},{\"@type\":\"ListItem\",\"position\":2,\"name\":\"Caso di studio in evidenza: Rivoluzione del pendolarismo in Hilti\"}]},{\"@type\":\"WebSite\",\"@id\":\"https:\/\/urban-connect.com\/it\/#website\",\"url\":\"https:\/\/urban-connect.com\/it\/\",\"name\":\"Urban Connect\",\"description\":\"\",\"potentialAction\":[{\"@type\":\"SearchAction\",\"target\":{\"@type\":\"EntryPoint\",\"urlTemplate\":\"https:\/\/urban-connect.com\/it\/?s={search_term_string}\"},\"query-input\":\"required name=search_term_string\"}],\"inLanguage\":\"it-IT\"}]}<\/script>\n<!-- \/ Yoast SEO plugin. -->","yoast_head_json":{"title":"Caso di studio in evidenza: Rivoluzione del pendolarismo in Hilti - Urban Connect","robots":{"index":"index","follow":"follow","max-snippet":"max-snippet:-1","max-image-preview":"max-image-preview:large","max-video-preview":"max-video-preview:-1"},"canonical":"https:\/\/urban-connect.com\/it\/news\/caso-di-studio-in-evidenza-rivoluzione-del-pendolarismo-in-hilti\/","og_locale":"it_IT","og_type":"article","og_title":"Caso di studio in evidenza: Rivoluzione del pendolarismo in Hilti - Urban Connect","og_description":"Hilti, fondata nel 1941 in Liechtenstein, \u00e8 un&#8217;azienda leader a livello mondiale nel settore delle tecnologie per l&#8217;edilizia. Sviluppa, produce e commercializza prodotti per i settori dell&#8217;edilizia, della manutenzione degli edifici, dell&#8217;energia e della produzione. Conosciuta per l&#8217;innovazione e il modello di vendita diretta, Hilti investe molto in ricerca e sviluppo e mantiene stretti rapporti [&hellip;]","og_url":"https:\/\/urban-connect.com\/it\/news\/caso-di-studio-in-evidenza-rivoluzione-del-pendolarismo-in-hilti\/","og_site_name":"Urban Connect","article_modified_time":"2024-09-23T13:27:48+00:00","og_image":[{"width":2048,"height":1536,"url":"https:\/\/urban-connect.com\/wp-content\/uploads\/2024\/07\/Hilti_LinkedIn-copy.jpeg","type":"image\/jpeg"}],"twitter_card":"summary_large_image","twitter_misc":{"Tempo di lettura stimato":"5 minuti"},"schema":{"@context":"https:\/\/schema.org","@graph":[{"@type":"WebPage","@id":"https:\/\/urban-connect.com\/it\/news\/caso-di-studio-in-evidenza-rivoluzione-del-pendolarismo-in-hilti\/","url":"https:\/\/urban-connect.com\/it\/news\/caso-di-studio-in-evidenza-rivoluzione-del-pendolarismo-in-hilti\/","name":"Caso di studio in evidenza: Rivoluzione del pendolarismo in Hilti - Urban Connect","isPartOf":{"@id":"https:\/\/urban-connect.com\/it\/#website"},"primaryImageOfPage":{"@id":"https:\/\/urban-connect.com\/it\/news\/caso-di-studio-in-evidenza-rivoluzione-del-pendolarismo-in-hilti\/#primaryimage"},"image":{"@id":"https:\/\/urban-connect.com\/it\/news\/caso-di-studio-in-evidenza-rivoluzione-del-pendolarismo-in-hilti\/#primaryimage"},"thumbnailUrl":"https:\/\/urban-connect.com\/wp-content\/uploads\/2024\/07\/Hilti_LinkedIn-copy.jpeg","datePublished":"2024-07-26T08:46:27+00:00","dateModified":"2024-09-23T13:27:48+00:00","breadcrumb":{"@id":"https:\/\/urban-connect.com\/it\/news\/caso-di-studio-in-evidenza-rivoluzione-del-pendolarismo-in-hilti\/#breadcrumb"},"inLanguage":"it-IT","potentialAction":[{"@type":"ReadAction","target":["https:\/\/urban-connect.com\/it\/news\/caso-di-studio-in-evidenza-rivoluzione-del-pendolarismo-in-hilti\/"]}]},{"@type":"ImageObject","inLanguage":"it-IT","@id":"https:\/\/urban-connect.com\/it\/news\/caso-di-studio-in-evidenza-rivoluzione-del-pendolarismo-in-hilti\/#primaryimage","url":"https:\/\/urban-connect.com\/wp-content\/uploads\/2024\/07\/Hilti_LinkedIn-copy.jpeg","contentUrl":"https:\/\/urban-connect.com\/wp-content\/uploads\/2024\/07\/Hilti_LinkedIn-copy.jpeg","width":2048,"height":1536,"caption":"Hliti Image"},{"@type":"BreadcrumbList","@id":"https:\/\/urban-connect.com\/it\/news\/caso-di-studio-in-evidenza-rivoluzione-del-pendolarismo-in-hilti\/#breadcrumb","itemListElement":[{"@type":"ListItem","position":1,"name":"Home","item":"https:\/\/urban-connect.com\/it\/"},{"@type":"ListItem","position":2,"name":"Caso di studio in evidenza: Rivoluzione del pendolarismo in Hilti"}]},{"@type":"WebSite","@id":"https:\/\/urban-connect.com\/it\/#website","url":"https:\/\/urban-connect.com\/it\/","name":"Urban Connect","description":"","potentialAction":[{"@type":"SearchAction","target":{"@type":"EntryPoint","urlTemplate":"https:\/\/urban-connect.com\/it\/?s={search_term_string}"},"query-input":"required name=search_term_string"}],"inLanguage":"it-IT"}]}},"_links":{"self":[{"href":"https:\/\/urban-connect.com\/it\/wp-json\/wp\/v2\/news\/6651","targetHints":{"allow":["GET"]}}],"collection":[{"href":"https:\/\/urban-connect.com\/it\/wp-json\/wp\/v2\/news"}],"about":[{"href":"https:\/\/urban-connect.com\/it\/wp-json\/wp\/v2\/types\/news"}],"wp:featuredmedia":[{"embeddable":true,"href":"https:\/\/urban-connect.com\/it\/wp-json\/wp\/v2\/media\/6224"}],"wp:attachment":[{"href":"https:\/\/urban-connect.com\/it\/wp-json\/wp\/v2\/media?parent=6651"}],"wp:term":[{"taxonomy":"news_category","embeddable":true,"href":"https:\/\/urban-connect.com\/it\/wp-json\/wp\/v2\/news_category?post=6651"}],"curies":[{"name":"wp","href":"https:\/\/api.w.org\/{rel}","templated":true}]}}