{"id":6621,"date":"2024-08-29T08:59:12","date_gmt":"2024-08-29T08:59:12","guid":{"rendered":"https:\/\/urban-connect.com\/?post_type=news&#038;p=6621"},"modified":"2024-09-23T12:53:32","modified_gmt":"2024-09-23T12:53:32","slug":"caso-di-studio-in-evidenza-mobilita-sostenibile-nelle-alpi-svizzere","status":"publish","type":"news","link":"https:\/\/urban-connect.com\/it\/news\/caso-di-studio-in-evidenza-mobilita-sostenibile-nelle-alpi-svizzere\/","title":{"rendered":"Caso di studio in evidenza: Mobilit\u00e0 sostenibile nelle Alpi svizzere"},"content":{"rendered":"\n<figure class=\"wp-block-image size-large\"><img loading=\"lazy\" decoding=\"async\" width=\"1024\" height=\"323\" data-src=\"https:\/\/urban-connect.com\/wp-content\/uploads\/2024\/08\/CS_1_IT-1024x323.jpg\" alt=\"\" class=\"wp-image-6635 lazyload\" data-srcset=\"https:\/\/urban-connect.com\/wp-content\/uploads\/2024\/08\/CS_1_IT-1024x323.jpg 1024w, https:\/\/urban-connect.com\/wp-content\/uploads\/2024\/08\/CS_1_IT-300x95.jpg 300w, https:\/\/urban-connect.com\/wp-content\/uploads\/2024\/08\/CS_1_IT-768x242.jpg 768w, https:\/\/urban-connect.com\/wp-content\/uploads\/2024\/08\/CS_1_IT-1536x484.jpg 1536w, https:\/\/urban-connect.com\/wp-content\/uploads\/2024\/08\/CS_1_IT-2048x645.jpg 2048w, https:\/\/urban-connect.com\/wp-content\/uploads\/2024\/08\/CS_1_IT-1920x605.jpg 1920w\" data-sizes=\"auto, (max-width: 1024px) 100vw, 1024px\" src=\"data:image\/gif;base64,R0lGODlhAQABAAAAACH5BAEKAAEALAAAAAABAAEAAAICTAEAOw==\" style=\"--smush-placeholder-width: 1024px; --smush-placeholder-aspect-ratio: 1024\/323;\" \/><noscript><img loading=\"lazy\" decoding=\"async\" width=\"1024\" height=\"323\" src=\"https:\/\/urban-connect.com\/wp-content\/uploads\/2024\/08\/CS_1_IT-1024x323.jpg\" alt=\"\" class=\"wp-image-6635\" srcset=\"https:\/\/urban-connect.com\/wp-content\/uploads\/2024\/08\/CS_1_IT-1024x323.jpg 1024w, https:\/\/urban-connect.com\/wp-content\/uploads\/2024\/08\/CS_1_IT-300x95.jpg 300w, https:\/\/urban-connect.com\/wp-content\/uploads\/2024\/08\/CS_1_IT-768x242.jpg 768w, https:\/\/urban-connect.com\/wp-content\/uploads\/2024\/08\/CS_1_IT-1536x484.jpg 1536w, https:\/\/urban-connect.com\/wp-content\/uploads\/2024\/08\/CS_1_IT-2048x645.jpg 2048w, https:\/\/urban-connect.com\/wp-content\/uploads\/2024\/08\/CS_1_IT-1920x605.jpg 1920w\" sizes=\"auto, (max-width: 1024px) 100vw, 1024px\" \/><\/noscript><\/figure>\n\n\n\n<p>Il cliente \u00e8 una delle pi\u00f9 grandi organizzazioni di produzione sanitaria al mondo, con una presenza significativa in Svizzera. L&#8217;azienda opera in cinque continenti e impiega circa 18.000 persone in tutto il mondo. Urban Connect fornisce servizi di mobilit\u00e0 integrata\/multimodale in tre delle sue sedi: in una citt\u00e0 delle Alpi vallesane, in una grande citt\u00e0 svizzera e in una citt\u00e0 svizzera pi\u00f9 piccola vicino al confine con la Germania, ma questo caso di studio si concentrer\u00e0 sulla citt\u00e0 delle Alpi.<br><\/p>\n\n\n\n<figure class=\"wp-block-image size-large\"><img loading=\"lazy\" decoding=\"async\" width=\"1024\" height=\"817\" data-src=\"https:\/\/urban-connect.com\/wp-content\/uploads\/2024\/08\/CS_2_IT-1024x817.jpg\" alt=\"\" class=\"wp-image-6639 lazyload\" data-srcset=\"https:\/\/urban-connect.com\/wp-content\/uploads\/2024\/08\/CS_2_IT-1024x817.jpg 1024w, https:\/\/urban-connect.com\/wp-content\/uploads\/2024\/08\/CS_2_IT-300x239.jpg 300w, https:\/\/urban-connect.com\/wp-content\/uploads\/2024\/08\/CS_2_IT-768x613.jpg 768w, https:\/\/urban-connect.com\/wp-content\/uploads\/2024\/08\/CS_2_IT-1536x1226.jpg 1536w, https:\/\/urban-connect.com\/wp-content\/uploads\/2024\/08\/CS_2_IT-2048x1634.jpg 2048w, https:\/\/urban-connect.com\/wp-content\/uploads\/2024\/08\/CS_2_IT-1354x1080.jpg 1354w\" data-sizes=\"auto, (max-width: 1024px) 100vw, 1024px\" src=\"data:image\/gif;base64,R0lGODlhAQABAAAAACH5BAEKAAEALAAAAAABAAEAAAICTAEAOw==\" style=\"--smush-placeholder-width: 1024px; --smush-placeholder-aspect-ratio: 1024\/817;\" \/><noscript><img loading=\"lazy\" decoding=\"async\" width=\"1024\" height=\"817\" src=\"https:\/\/urban-connect.com\/wp-content\/uploads\/2024\/08\/CS_2_IT-1024x817.jpg\" alt=\"\" class=\"wp-image-6639\" srcset=\"https:\/\/urban-connect.com\/wp-content\/uploads\/2024\/08\/CS_2_IT-1024x817.jpg 1024w, https:\/\/urban-connect.com\/wp-content\/uploads\/2024\/08\/CS_2_IT-300x239.jpg 300w, https:\/\/urban-connect.com\/wp-content\/uploads\/2024\/08\/CS_2_IT-768x613.jpg 768w, https:\/\/urban-connect.com\/wp-content\/uploads\/2024\/08\/CS_2_IT-1536x1226.jpg 1536w, https:\/\/urban-connect.com\/wp-content\/uploads\/2024\/08\/CS_2_IT-2048x1634.jpg 2048w, https:\/\/urban-connect.com\/wp-content\/uploads\/2024\/08\/CS_2_IT-1354x1080.jpg 1354w\" sizes=\"auto, (max-width: 1024px) 100vw, 1024px\" \/><\/noscript><\/figure>\n\n\n\n<p><br>Il cliente si \u00e8 trovato ad affrontare diverse sfide significative che hanno interessato sia l&#8217;azienda che la comunit\u00e0 locale. In primo luogo, il grande afflusso di pendolari che si recano al campus industriale dell&#8217;azienda ha causato una forte congestione del traffico, mettendo a dura prova i rapporti con la piccola citt\u00e0 di montagna. In secondo luogo, il campus non dispone di un parcheggio sufficiente per i veicoli privati, il che induce i dipendenti a utilizzare i parcheggi pubblici e a peggiorare i problemi di parcheggio locali, il che ha messo ulteriormente a dura prova i rapporti con la comunit\u00e0. In terzo luogo, l&#8217;82% dei dipendenti vive in una zona abbastanza vicina da potersi recare al lavoro in bicicletta (da 0 a 15 km), ma la maggior parte ha comunque optato per l&#8217;auto privata. Alla luce di questi problemi, il cliente ha riconosciuto la necessit\u00e0 di una soluzione che migliorasse l&#8217;esperienza del pendolarismo.<br><\/p>\n\n\n\n<figure class=\"wp-block-image size-large\"><img loading=\"lazy\" decoding=\"async\" width=\"1024\" height=\"638\" data-src=\"https:\/\/urban-connect.com\/wp-content\/uploads\/2024\/08\/CS_3_IT-1024x638.jpg\" alt=\"\" class=\"wp-image-6643 lazyload\" data-srcset=\"https:\/\/urban-connect.com\/wp-content\/uploads\/2024\/08\/CS_3_IT-1024x638.jpg 1024w, https:\/\/urban-connect.com\/wp-content\/uploads\/2024\/08\/CS_3_IT-300x187.jpg 300w, https:\/\/urban-connect.com\/wp-content\/uploads\/2024\/08\/CS_3_IT-768x479.jpg 768w, https:\/\/urban-connect.com\/wp-content\/uploads\/2024\/08\/CS_3_IT-1536x958.jpg 1536w, https:\/\/urban-connect.com\/wp-content\/uploads\/2024\/08\/CS_3_IT-2048x1277.jpg 2048w, https:\/\/urban-connect.com\/wp-content\/uploads\/2024\/08\/CS_3_IT-1732x1080.jpg 1732w\" data-sizes=\"auto, (max-width: 1024px) 100vw, 1024px\" src=\"data:image\/gif;base64,R0lGODlhAQABAAAAACH5BAEKAAEALAAAAAABAAEAAAICTAEAOw==\" style=\"--smush-placeholder-width: 1024px; --smush-placeholder-aspect-ratio: 1024\/638;\" \/><noscript><img loading=\"lazy\" decoding=\"async\" width=\"1024\" height=\"638\" src=\"https:\/\/urban-connect.com\/wp-content\/uploads\/2024\/08\/CS_3_IT-1024x638.jpg\" alt=\"\" class=\"wp-image-6643\" srcset=\"https:\/\/urban-connect.com\/wp-content\/uploads\/2024\/08\/CS_3_IT-1024x638.jpg 1024w, https:\/\/urban-connect.com\/wp-content\/uploads\/2024\/08\/CS_3_IT-300x187.jpg 300w, https:\/\/urban-connect.com\/wp-content\/uploads\/2024\/08\/CS_3_IT-768x479.jpg 768w, https:\/\/urban-connect.com\/wp-content\/uploads\/2024\/08\/CS_3_IT-1536x958.jpg 1536w, https:\/\/urban-connect.com\/wp-content\/uploads\/2024\/08\/CS_3_IT-2048x1277.jpg 2048w, https:\/\/urban-connect.com\/wp-content\/uploads\/2024\/08\/CS_3_IT-1732x1080.jpg 1732w\" sizes=\"auto, (max-width: 1024px) 100vw, 1024px\" \/><\/noscript><\/figure>\n\n\n\n<p><br>Considerando che l&#8217;82% dei dipendenti vive a una distanza compresa tra 0 e 15 km dalla sede e le difficolt\u00e0 che il cliente stava incontrando, Urban Connect ha implementato un programma completo di biciclette elettriche condivise per l&#8217;azienda. L&#8217;iniziativa prevedeva 50 biciclette elettriche condivise (ora 160) e 4 biciclette da carico elettroniche condivise, completate da un software di prenotazione, servizi di manutenzione, assicurazione e una linea telefonica di assistenza clienti 24 ore su 24, 7 giorni su 7, per fornire assistenza agli utenti. Questo sistema di supporto assicura che le biciclette elettriche siano sempre accessibili, ben mantenute e pronte all&#8217;uso, fornendo un&#8217;opzione di trasporto affidabile ed ecologica per i dipendenti del cliente.<\/p>\n\n\n\n<p>Per sostenere questa iniziativa, Urban Connect ha creato 160 stazioni di ricarica per biciclette elettriche distribuite in 7 diverse localit\u00e0 della citt\u00e0. Questo posizionamento strategico garantisce che i dipendenti possano accedere e ricaricare facilmente le e-bike, promuovendo un uso diffuso e conveniente.<\/p>\n\n\n\n<p>Per massimizzare l&#8217;impatto dell&#8217;iniziativa, Urban Connect ha organizzato un evento di avvio finalizzato ad aumentare il coinvolgimento e la consapevolezza degli utenti. L&#8217;evento \u00e8 stato ideato per far conoscere ai dipendenti i nuovi sistemi di e-bike e e-cargo-bike, incoraggiandoli a integrare le biciclette elettriche nella loro routine quotidiana. Grazie a questi sforzi, il cliente non solo ha migliorato l&#8217;esperienza di spostamento dei suoi dipendenti, ma ha anche portato avanti il suo impegno per l&#8217;efficienza operativa.<br><\/p>\n\n\n\n<figure class=\"wp-block-image size-large\"><img loading=\"lazy\" decoding=\"async\" width=\"1024\" height=\"690\" data-src=\"https:\/\/urban-connect.com\/wp-content\/uploads\/2024\/08\/CS_4_IT-1024x690.jpg\" alt=\"\" class=\"wp-image-6647 lazyload\" data-srcset=\"https:\/\/urban-connect.com\/wp-content\/uploads\/2024\/08\/CS_4_IT-1024x690.jpg 1024w, https:\/\/urban-connect.com\/wp-content\/uploads\/2024\/08\/CS_4_IT-300x202.jpg 300w, https:\/\/urban-connect.com\/wp-content\/uploads\/2024\/08\/CS_4_IT-768x518.jpg 768w, https:\/\/urban-connect.com\/wp-content\/uploads\/2024\/08\/CS_4_IT-1536x1035.jpg 1536w, https:\/\/urban-connect.com\/wp-content\/uploads\/2024\/08\/CS_4_IT-2048x1380.jpg 2048w, https:\/\/urban-connect.com\/wp-content\/uploads\/2024\/08\/CS_4_IT-1602x1080.jpg 1602w\" data-sizes=\"auto, (max-width: 1024px) 100vw, 1024px\" src=\"data:image\/gif;base64,R0lGODlhAQABAAAAACH5BAEKAAEALAAAAAABAAEAAAICTAEAOw==\" style=\"--smush-placeholder-width: 1024px; --smush-placeholder-aspect-ratio: 1024\/690;\" \/><noscript><img loading=\"lazy\" decoding=\"async\" width=\"1024\" height=\"690\" src=\"https:\/\/urban-connect.com\/wp-content\/uploads\/2024\/08\/CS_4_IT-1024x690.jpg\" alt=\"\" class=\"wp-image-6647\" srcset=\"https:\/\/urban-connect.com\/wp-content\/uploads\/2024\/08\/CS_4_IT-1024x690.jpg 1024w, https:\/\/urban-connect.com\/wp-content\/uploads\/2024\/08\/CS_4_IT-300x202.jpg 300w, https:\/\/urban-connect.com\/wp-content\/uploads\/2024\/08\/CS_4_IT-768x518.jpg 768w, https:\/\/urban-connect.com\/wp-content\/uploads\/2024\/08\/CS_4_IT-1536x1035.jpg 1536w, https:\/\/urban-connect.com\/wp-content\/uploads\/2024\/08\/CS_4_IT-2048x1380.jpg 2048w, https:\/\/urban-connect.com\/wp-content\/uploads\/2024\/08\/CS_4_IT-1602x1080.jpg 1602w\" sizes=\"auto, (max-width: 1024px) 100vw, 1024px\" \/><\/noscript><\/figure>\n\n\n\n<p><br>Il cliente ha implementato una soluzione di mobilit\u00e0 completa con Urban Connect per risolvere i problemi di pendolarismo e di parcheggio. Il programma di biciclette elettriche condivise ha dato risultati impressionanti per il cliente. Un totale di 4.325 utenti si sono registrati sulla piattaforma, rappresentando l&#8217;86,5% dei dipendenti del cliente in quella sede. Nei primi tre anni, il programma ha registrato 101.506 prenotazioni, con una media di oltre 4.200 prenotazioni al mese. Ogni mese, in media, pi\u00f9 di 550 utenti utilizzano attivamente le 164 biciclette elettriche. Le biciclette elettriche pi\u00f9 popolari hanno un tasso di utilizzo superiore al 93%, con picchi di prenotazioni al mattino, a pranzo e durante le ore di lavoro.<br><br>Nel giugno del 2024 abbiamo condotto un&#8217;indagine tra gli utenti del cliente per valutare la loro soddisfazione nei confronti del nostro servizio, scoprendo alcuni aspetti straordinari.<br><br>In primo luogo, il cliente stava affrontando un enorme problema di traffico che influiva sul suo rapporto con la comunit\u00e0 locale. Il 58% degli intervistati ora si sposta con le biciclette elettriche UC almeno una volta alla settimana e il 20% le preferisce alle auto private. Questo spostamento ha portato a una riduzione di almeno il 10% della congestione del traffico.<br><br>In secondo luogo, per quanto riguarda il parcheggio, il 25% degli intervistati dichiara di utilizzare meno frequentemente i parcheggi. Due dipendenti hanno venduto l&#8217;auto e altri sette stanno pensando di farlo. Inoltre, la disponibilit\u00e0 di biciclette elettriche ha impedito a 14 dipendenti di acquistare un&#8217;auto. Pertanto, nel complesso, i parcheggi vengono utilizzati meno.<br><br>In terzo luogo, il cliente si \u00e8 trovato di fronte al fatto che l&#8217;82% dei dipendenti abita abbastanza vicino da poter andare al lavoro in bicicletta. Con il 58% dei dipendenti che si spostano almeno una volta alla settimana (20%) utilizzando le biciclette elettriche UC al posto dell&#8217;auto privata, i dipendenti raggiungono la sede aziendale in modo pi\u00f9 efficiente.<br><br>Visto il successo generale del servizio Urban Connect, il cliente ha esteso il programma alle altre due sedi svizzere.<\/p>\n\n\n\n<hr class=\"wp-block-separator has-alpha-channel-opacity\"\/>\n\n\n\n<p>\ud83d\udc49 Contatta il nostro team per discutere delle tue esigenze di mobilit\u00e0: <a href=\"mailto:sales@urban-connect.ch\"><strong>sales@urban-connect.ch<\/strong><\/a><\/p>\n\n\n\n<p>Change Mobility &#8211; Change the World<\/p>\n\n\n        <section class=\"author-block\">\n            <div class=\"container\">\n                <div class=\"left-side\">\n                    <h6 class=\"name\">Ana Gomez Ortiz<\/h6>\n                    <span class=\"position\">Marketing and Communications<\/span>\n                <\/div>\n                <div class=\"right-side\">\n                                            <img decoding=\"async\" \n                        class=\"image lazyload\" data-src=\"https:\/\/urban-connect.com\/wp-content\/uploads\/2024\/07\/1712246840024.jpeg\"\n                        data-srcset=\"https:\/\/urban-connect.com\/wp-content\/uploads\/2024\/07\/1712246840024.jpeg 800w, https:\/\/urban-connect.com\/wp-content\/uploads\/2024\/07\/1712246840024-300x300.jpeg 300w, https:\/\/urban-connect.com\/wp-content\/uploads\/2024\/07\/1712246840024-150x150.jpeg 150w, https:\/\/urban-connect.com\/wp-content\/uploads\/2024\/07\/1712246840024-768x768.jpeg 768w\"\n                        data-sizes=\"(max-width: 800px) 100vw, 800px\"\n                        alt=\"Chart Image\"\n                         src=\"data:image\/gif;base64,R0lGODlhAQABAAAAACH5BAEKAAEALAAAAAABAAEAAAICTAEAOw==\" style=\"--smush-placeholder-width: 800px; --smush-placeholder-aspect-ratio: 800\/800;\"><noscript><img decoding=\"async\" \n                        class=\"image\" src=\"https:\/\/urban-connect.com\/wp-content\/uploads\/2024\/07\/1712246840024.jpeg\"\n                        srcset=\"https:\/\/urban-connect.com\/wp-content\/uploads\/2024\/07\/1712246840024.jpeg 800w, https:\/\/urban-connect.com\/wp-content\/uploads\/2024\/07\/1712246840024-300x300.jpeg 300w, https:\/\/urban-connect.com\/wp-content\/uploads\/2024\/07\/1712246840024-150x150.jpeg 150w, https:\/\/urban-connect.com\/wp-content\/uploads\/2024\/07\/1712246840024-768x768.jpeg 768w\"\n                        sizes=\"(max-width: 800px) 100vw, 800px\"\n                        alt=\"Chart Image\"\n                        ><\/noscript>\n                                        <\/div>\n            <\/div>\n        <\/section>\n        \n\n    <section class=\"related-posts\">\n        <div class=\"container\">\n            <h4 class=\"block-title\"><\/h4>\n        <\/div>\n        <div class=\"container posts-wrap\">\n            <div class=\"swiper swiper-related-posts\">\n                <div class=\"swiper-wrapper\">\n                                            <div class=\"swiper-slide\">\n                            <div class=\"card-horizontal\">\n    <div class=\"left-side\">\n                    <a href=\"https:\/\/urban-connect.com\/it\/news\/wheels-wine-2026-unedizione-storica-che-definisce-il-futuro-della-mobilita-aziendale\/\">\n                <img decoding=\"async\" \n                    class=\"image lazyload\" data-src=\"https:\/\/urban-connect.com\/wp-content\/uploads\/2026\/03\/F06A4076-768x512.jpg\"\n                    data-srcset=\"https:\/\/urban-connect.com\/wp-content\/uploads\/2026\/03\/F06A4076-768x512.jpg 768w, https:\/\/urban-connect.com\/wp-content\/uploads\/2026\/03\/F06A4076-300x200.jpg 300w, https:\/\/urban-connect.com\/wp-content\/uploads\/2026\/03\/F06A4076-1024x683.jpg 1024w, https:\/\/urban-connect.com\/wp-content\/uploads\/2026\/03\/F06A4076-1536x1024.jpg 1536w, https:\/\/urban-connect.com\/wp-content\/uploads\/2026\/03\/F06A4076-2048x1365.jpg 2048w, https:\/\/urban-connect.com\/wp-content\/uploads\/2026\/03\/F06A4076-1620x1080.jpg 1620w\"\n                    data-sizes=\"(max-width: 768px) 100vw, 768px\"\n                    alt=\"Wheels &amp; Wine 2026 \u2013 Un\u2019edizione storica che definisce il futuro della mobilit\u00e0 aziendale\"\n                 src=\"data:image\/gif;base64,R0lGODlhAQABAAAAACH5BAEKAAEALAAAAAABAAEAAAICTAEAOw==\" style=\"--smush-placeholder-width: 768px; --smush-placeholder-aspect-ratio: 768\/512;\"><noscript><img decoding=\"async\" \n                    class=\"image\" src=\"https:\/\/urban-connect.com\/wp-content\/uploads\/2026\/03\/F06A4076-768x512.jpg\"\n                    srcset=\"https:\/\/urban-connect.com\/wp-content\/uploads\/2026\/03\/F06A4076-768x512.jpg 768w, https:\/\/urban-connect.com\/wp-content\/uploads\/2026\/03\/F06A4076-300x200.jpg 300w, https:\/\/urban-connect.com\/wp-content\/uploads\/2026\/03\/F06A4076-1024x683.jpg 1024w, https:\/\/urban-connect.com\/wp-content\/uploads\/2026\/03\/F06A4076-1536x1024.jpg 1536w, https:\/\/urban-connect.com\/wp-content\/uploads\/2026\/03\/F06A4076-2048x1365.jpg 2048w, https:\/\/urban-connect.com\/wp-content\/uploads\/2026\/03\/F06A4076-1620x1080.jpg 1620w\"\n                    sizes=\"(max-width: 768px) 100vw, 768px\"\n                    alt=\"Wheels &amp; Wine 2026 \u2013 Un\u2019edizione storica che definisce il futuro della mobilit\u00e0 aziendale\"\n                ><\/noscript>\n            <\/a>\n                <\/div>\n    <div class=\"right-side\">\n                    <a href=\"https:\/\/urban-connect.com\/it\/news\/wheels-wine-2026-unedizione-storica-che-definisce-il-futuro-della-mobilita-aziendale\/\">\n                <h6 class=\"title\">Wheels &amp; Wine 2026 \u2013 Un\u2019edizione storica che definisce il futuro della mobilit\u00e0 aziendale<\/h6>\n            <\/a>\n                        <span class=\"date\">Marzo 24, 2026 <\/span>\n            \n\t        <\/div>\n<\/div>                        <\/div>\n                                                <div class=\"swiper-slide\">\n                            <div class=\"card-horizontal\">\n    <div class=\"left-side\">\n                    <a href=\"https:\/\/urban-connect.com\/it\/news\/cosa-succedera-quando-la-ricarica-dei-veicoli-elettrici-funzionera-finalmente\/\">\n                <img decoding=\"async\" \n                    class=\"image lazyload\" data-src=\"https:\/\/urban-connect.com\/wp-content\/uploads\/2026\/03\/Zaptec-cover-3-1-768x453.png\"\n                    data-srcset=\"https:\/\/urban-connect.com\/wp-content\/uploads\/2026\/03\/Zaptec-cover-3-1-768x453.png 768w, https:\/\/urban-connect.com\/wp-content\/uploads\/2026\/03\/Zaptec-cover-3-1-300x177.png 300w, https:\/\/urban-connect.com\/wp-content\/uploads\/2026\/03\/Zaptec-cover-3-1-1024x604.png 1024w, https:\/\/urban-connect.com\/wp-content\/uploads\/2026\/03\/Zaptec-cover-3-1-1536x906.png 1536w, https:\/\/urban-connect.com\/wp-content\/uploads\/2026\/03\/Zaptec-cover-3-1-2048x1208.png 2048w, https:\/\/urban-connect.com\/wp-content\/uploads\/2026\/03\/Zaptec-cover-3-1-1831x1080.png 1831w\"\n                    data-sizes=\"(max-width: 768px) 100vw, 768px\"\n                    alt=\"Cosa succeder\u00e0 quando la ricarica dei veicoli elettrici funzioner\u00e0 finalmente?\"\n                 src=\"data:image\/gif;base64,R0lGODlhAQABAAAAACH5BAEKAAEALAAAAAABAAEAAAICTAEAOw==\" style=\"--smush-placeholder-width: 768px; --smush-placeholder-aspect-ratio: 768\/453;\"><noscript><img decoding=\"async\" \n                    class=\"image\" src=\"https:\/\/urban-connect.com\/wp-content\/uploads\/2026\/03\/Zaptec-cover-3-1-768x453.png\"\n                    srcset=\"https:\/\/urban-connect.com\/wp-content\/uploads\/2026\/03\/Zaptec-cover-3-1-768x453.png 768w, https:\/\/urban-connect.com\/wp-content\/uploads\/2026\/03\/Zaptec-cover-3-1-300x177.png 300w, https:\/\/urban-connect.com\/wp-content\/uploads\/2026\/03\/Zaptec-cover-3-1-1024x604.png 1024w, https:\/\/urban-connect.com\/wp-content\/uploads\/2026\/03\/Zaptec-cover-3-1-1536x906.png 1536w, https:\/\/urban-connect.com\/wp-content\/uploads\/2026\/03\/Zaptec-cover-3-1-2048x1208.png 2048w, https:\/\/urban-connect.com\/wp-content\/uploads\/2026\/03\/Zaptec-cover-3-1-1831x1080.png 1831w\"\n                    sizes=\"(max-width: 768px) 100vw, 768px\"\n                    alt=\"Cosa succeder\u00e0 quando la ricarica dei veicoli elettrici funzioner\u00e0 finalmente?\"\n                ><\/noscript>\n            <\/a>\n                <\/div>\n    <div class=\"right-side\">\n                    <a href=\"https:\/\/urban-connect.com\/it\/news\/cosa-succedera-quando-la-ricarica-dei-veicoli-elettrici-funzionera-finalmente\/\">\n                <h6 class=\"title\">Cosa succeder\u00e0 quando la ricarica dei veicoli elettrici funzioner\u00e0 finalmente?<\/h6>\n            <\/a>\n                        <span class=\"date\">Marzo 17, 2026 <\/span>\n            \n\t        <\/div>\n<\/div>                        <\/div>\n                                                <div class=\"swiper-slide\">\n                            <div class=\"card-horizontal\">\n    <div class=\"left-side\">\n                    <a href=\"https:\/\/urban-connect.com\/it\/news\/focus-sui-casi-di-studio-helsana-offre-a-oltre-3400-dipendenti-un-budget-di-mobilita-urban-connect-senza-alcun-problema-grazie-a-scim\/\">\n                <img decoding=\"async\" \n                    class=\"image lazyload\" data-src=\"https:\/\/urban-connect.com\/wp-content\/uploads\/2026\/02\/HELSANA-x-UC-banner-768x511.png\"\n                    data-srcset=\"https:\/\/urban-connect.com\/wp-content\/uploads\/2026\/02\/HELSANA-x-UC-banner-768x511.png 768w, https:\/\/urban-connect.com\/wp-content\/uploads\/2026\/02\/HELSANA-x-UC-banner-300x199.png 300w, https:\/\/urban-connect.com\/wp-content\/uploads\/2026\/02\/HELSANA-x-UC-banner-1024x681.png 1024w, https:\/\/urban-connect.com\/wp-content\/uploads\/2026\/02\/HELSANA-x-UC-banner-1536x1021.png 1536w, https:\/\/urban-connect.com\/wp-content\/uploads\/2026\/02\/HELSANA-x-UC-banner.png 1590w\"\n                    data-sizes=\"(max-width: 768px) 100vw, 768px\"\n                    alt=\"Focus sui casi di studio: Helsana offre a oltre 3'400 dipendenti un budget di mobilit\u00e0 Urban Connect, senza alcun problema grazie a SCIM.\"\n                 src=\"data:image\/gif;base64,R0lGODlhAQABAAAAACH5BAEKAAEALAAAAAABAAEAAAICTAEAOw==\" style=\"--smush-placeholder-width: 768px; --smush-placeholder-aspect-ratio: 768\/511;\"><noscript><img decoding=\"async\" \n                    class=\"image\" src=\"https:\/\/urban-connect.com\/wp-content\/uploads\/2026\/02\/HELSANA-x-UC-banner-768x511.png\"\n                    srcset=\"https:\/\/urban-connect.com\/wp-content\/uploads\/2026\/02\/HELSANA-x-UC-banner-768x511.png 768w, https:\/\/urban-connect.com\/wp-content\/uploads\/2026\/02\/HELSANA-x-UC-banner-300x199.png 300w, https:\/\/urban-connect.com\/wp-content\/uploads\/2026\/02\/HELSANA-x-UC-banner-1024x681.png 1024w, https:\/\/urban-connect.com\/wp-content\/uploads\/2026\/02\/HELSANA-x-UC-banner-1536x1021.png 1536w, https:\/\/urban-connect.com\/wp-content\/uploads\/2026\/02\/HELSANA-x-UC-banner.png 1590w\"\n                    sizes=\"(max-width: 768px) 100vw, 768px\"\n                    alt=\"Focus sui casi di studio: Helsana offre a oltre 3'400 dipendenti un budget di mobilit\u00e0 Urban Connect, senza alcun problema grazie a SCIM.\"\n                ><\/noscript>\n            <\/a>\n                <\/div>\n    <div class=\"right-side\">\n                    <a href=\"https:\/\/urban-connect.com\/it\/news\/focus-sui-casi-di-studio-helsana-offre-a-oltre-3400-dipendenti-un-budget-di-mobilita-urban-connect-senza-alcun-problema-grazie-a-scim\/\">\n                <h6 class=\"title\">Focus sui casi di studio: Helsana offre a oltre 3&#8217;400 dipendenti un budget di mobilit\u00e0 Urban Connect, senza alcun problema grazie a SCIM.<\/h6>\n            <\/a>\n                        <span class=\"date\">Febbraio 05, 2026 <\/span>\n            \n\t        <\/div>\n<\/div>                        <\/div>\n                                        <\/div>\n                <div class=\"btn-slider \">\n    <div class=\"prev\">\n        <svg width=\"22\" height=\"12\" viewBox=\"0 0 22 12\" fill=\"none\" xmlns=\"http:\/\/www.w3.org\/2000\/svg\">\n            <path d=\"M5.094 4.476L7.74 1.83L6.03 0.102L0.432 5.7L6.03 11.298L7.74 9.57L5.076 6.906H21.42V4.476H5.094Z\" fill=\"white\"\/>\n        <\/svg>\n    <\/div>\n    <div class=\"next\">\n        <svg width=\"22\" height=\"12\" viewBox=\"0 0 22 12\" fill=\"none\" xmlns=\"http:\/\/www.w3.org\/2000\/svg\">\n            <path d=\"M14.292 1.83L16.938 4.476H0.612V6.906H16.956L14.292 9.57L16.002 11.298L21.6 5.7L16.002 0.102L14.292 1.83Z\" fill=\"white\"\/>\n        <\/svg>\n    <\/div>\n<\/div>            <\/div>\n        <\/div>\n    <\/section>\n    ","protected":false},"excerpt":{"rendered":"<p>Il cliente \u00e8 una delle pi\u00f9 grandi organizzazioni di produzione sanitaria al mondo, con una presenza significativa in Svizzera. L&#8217;azienda opera in cinque continenti e impiega circa 18.000 persone in tutto il mondo. Urban Connect fornisce servizi di mobilit\u00e0 integrata\/multimodale in tre delle sue sedi: in una citt\u00e0 delle Alpi vallesane, in una grande citt\u00e0 [&hellip;]<\/p>\n","protected":false},"featured_media":6516,"parent":0,"template":"","news_category":[49],"class_list":["post-6621","news","type-news","status-publish","has-post-thumbnail","hentry","news_category-casi-di-studio"],"acf":[],"yoast_head":"<!-- This site is optimized with the Yoast SEO plugin v23.2 - https:\/\/yoast.com\/wordpress\/plugins\/seo\/ -->\n<title>Caso di studio in evidenza: Mobilit\u00e0 sostenibile nelle Alpi svizzere - Urban Connect<\/title>\n<meta name=\"robots\" content=\"index, follow, max-snippet:-1, max-image-preview:large, max-video-preview:-1\" \/>\n<link rel=\"canonical\" href=\"https:\/\/urban-connect.com\/it\/news\/caso-di-studio-in-evidenza-mobilita-sostenibile-nelle-alpi-svizzere\/\" \/>\n<meta property=\"og:locale\" content=\"it_IT\" \/>\n<meta property=\"og:type\" content=\"article\" \/>\n<meta property=\"og:title\" content=\"Caso di studio in evidenza: Mobilit\u00e0 sostenibile nelle Alpi svizzere - Urban Connect\" \/>\n<meta property=\"og:description\" content=\"Il cliente \u00e8 una delle pi\u00f9 grandi organizzazioni di produzione sanitaria al mondo, con una presenza significativa in Svizzera. L&#8217;azienda opera in cinque continenti e impiega circa 18.000 persone in tutto il mondo. Urban Connect fornisce servizi di mobilit\u00e0 integrata\/multimodale in tre delle sue sedi: in una citt\u00e0 delle Alpi vallesane, in una grande citt\u00e0 [&hellip;]\" \/>\n<meta property=\"og:url\" content=\"https:\/\/urban-connect.com\/it\/news\/caso-di-studio-in-evidenza-mobilita-sostenibile-nelle-alpi-svizzere\/\" \/>\n<meta property=\"og:site_name\" content=\"Urban Connect\" \/>\n<meta property=\"article:modified_time\" content=\"2024-09-23T12:53:32+00:00\" \/>\n<meta property=\"og:image\" content=\"https:\/\/urban-connect.com\/wp-content\/uploads\/2024\/09\/Lonza_news_new.jpg\" \/>\n\t<meta property=\"og:image:width\" content=\"1438\" \/>\n\t<meta property=\"og:image:height\" content=\"1248\" \/>\n\t<meta property=\"og:image:type\" content=\"image\/jpeg\" \/>\n<meta name=\"twitter:card\" content=\"summary_large_image\" \/>\n<meta name=\"twitter:label1\" content=\"Tempo di lettura stimato\" \/>\n\t<meta name=\"twitter:data1\" content=\"5 minuti\" \/>\n<script type=\"application\/ld+json\" class=\"yoast-schema-graph\">{\"@context\":\"https:\/\/schema.org\",\"@graph\":[{\"@type\":\"WebPage\",\"@id\":\"https:\/\/urban-connect.com\/it\/news\/caso-di-studio-in-evidenza-mobilita-sostenibile-nelle-alpi-svizzere\/\",\"url\":\"https:\/\/urban-connect.com\/it\/news\/caso-di-studio-in-evidenza-mobilita-sostenibile-nelle-alpi-svizzere\/\",\"name\":\"Caso di studio in evidenza: Mobilit\u00e0 sostenibile nelle Alpi svizzere - Urban Connect\",\"isPartOf\":{\"@id\":\"https:\/\/urban-connect.com\/it\/#website\"},\"primaryImageOfPage\":{\"@id\":\"https:\/\/urban-connect.com\/it\/news\/caso-di-studio-in-evidenza-mobilita-sostenibile-nelle-alpi-svizzere\/#primaryimage\"},\"image\":{\"@id\":\"https:\/\/urban-connect.com\/it\/news\/caso-di-studio-in-evidenza-mobilita-sostenibile-nelle-alpi-svizzere\/#primaryimage\"},\"thumbnailUrl\":\"https:\/\/urban-connect.com\/wp-content\/uploads\/2024\/09\/Lonza_news_new.jpg\",\"datePublished\":\"2024-08-29T08:59:12+00:00\",\"dateModified\":\"2024-09-23T12:53:32+00:00\",\"breadcrumb\":{\"@id\":\"https:\/\/urban-connect.com\/it\/news\/caso-di-studio-in-evidenza-mobilita-sostenibile-nelle-alpi-svizzere\/#breadcrumb\"},\"inLanguage\":\"it-IT\",\"potentialAction\":[{\"@type\":\"ReadAction\",\"target\":[\"https:\/\/urban-connect.com\/it\/news\/caso-di-studio-in-evidenza-mobilita-sostenibile-nelle-alpi-svizzere\/\"]}]},{\"@type\":\"ImageObject\",\"inLanguage\":\"it-IT\",\"@id\":\"https:\/\/urban-connect.com\/it\/news\/caso-di-studio-in-evidenza-mobilita-sostenibile-nelle-alpi-svizzere\/#primaryimage\",\"url\":\"https:\/\/urban-connect.com\/wp-content\/uploads\/2024\/09\/Lonza_news_new.jpg\",\"contentUrl\":\"https:\/\/urban-connect.com\/wp-content\/uploads\/2024\/09\/Lonza_news_new.jpg\",\"width\":1438,\"height\":1248,\"caption\":\"CS news\"},{\"@type\":\"BreadcrumbList\",\"@id\":\"https:\/\/urban-connect.com\/it\/news\/caso-di-studio-in-evidenza-mobilita-sostenibile-nelle-alpi-svizzere\/#breadcrumb\",\"itemListElement\":[{\"@type\":\"ListItem\",\"position\":1,\"name\":\"Home\",\"item\":\"https:\/\/urban-connect.com\/it\/\"},{\"@type\":\"ListItem\",\"position\":2,\"name\":\"Caso di studio in evidenza: Mobilit\u00e0 sostenibile nelle Alpi svizzere\"}]},{\"@type\":\"WebSite\",\"@id\":\"https:\/\/urban-connect.com\/it\/#website\",\"url\":\"https:\/\/urban-connect.com\/it\/\",\"name\":\"Urban Connect\",\"description\":\"\",\"potentialAction\":[{\"@type\":\"SearchAction\",\"target\":{\"@type\":\"EntryPoint\",\"urlTemplate\":\"https:\/\/urban-connect.com\/it\/?s={search_term_string}\"},\"query-input\":\"required name=search_term_string\"}],\"inLanguage\":\"it-IT\"}]}<\/script>\n<!-- \/ Yoast SEO plugin. -->","yoast_head_json":{"title":"Caso di studio in evidenza: Mobilit\u00e0 sostenibile nelle Alpi svizzere - Urban Connect","robots":{"index":"index","follow":"follow","max-snippet":"max-snippet:-1","max-image-preview":"max-image-preview:large","max-video-preview":"max-video-preview:-1"},"canonical":"https:\/\/urban-connect.com\/it\/news\/caso-di-studio-in-evidenza-mobilita-sostenibile-nelle-alpi-svizzere\/","og_locale":"it_IT","og_type":"article","og_title":"Caso di studio in evidenza: Mobilit\u00e0 sostenibile nelle Alpi svizzere - Urban Connect","og_description":"Il cliente \u00e8 una delle pi\u00f9 grandi organizzazioni di produzione sanitaria al mondo, con una presenza significativa in Svizzera. L&#8217;azienda opera in cinque continenti e impiega circa 18.000 persone in tutto il mondo. Urban Connect fornisce servizi di mobilit\u00e0 integrata\/multimodale in tre delle sue sedi: in una citt\u00e0 delle Alpi vallesane, in una grande citt\u00e0 [&hellip;]","og_url":"https:\/\/urban-connect.com\/it\/news\/caso-di-studio-in-evidenza-mobilita-sostenibile-nelle-alpi-svizzere\/","og_site_name":"Urban Connect","article_modified_time":"2024-09-23T12:53:32+00:00","og_image":[{"width":1438,"height":1248,"url":"https:\/\/urban-connect.com\/wp-content\/uploads\/2024\/09\/Lonza_news_new.jpg","type":"image\/jpeg"}],"twitter_card":"summary_large_image","twitter_misc":{"Tempo di lettura stimato":"5 minuti"},"schema":{"@context":"https:\/\/schema.org","@graph":[{"@type":"WebPage","@id":"https:\/\/urban-connect.com\/it\/news\/caso-di-studio-in-evidenza-mobilita-sostenibile-nelle-alpi-svizzere\/","url":"https:\/\/urban-connect.com\/it\/news\/caso-di-studio-in-evidenza-mobilita-sostenibile-nelle-alpi-svizzere\/","name":"Caso di studio in evidenza: Mobilit\u00e0 sostenibile nelle Alpi svizzere - Urban Connect","isPartOf":{"@id":"https:\/\/urban-connect.com\/it\/#website"},"primaryImageOfPage":{"@id":"https:\/\/urban-connect.com\/it\/news\/caso-di-studio-in-evidenza-mobilita-sostenibile-nelle-alpi-svizzere\/#primaryimage"},"image":{"@id":"https:\/\/urban-connect.com\/it\/news\/caso-di-studio-in-evidenza-mobilita-sostenibile-nelle-alpi-svizzere\/#primaryimage"},"thumbnailUrl":"https:\/\/urban-connect.com\/wp-content\/uploads\/2024\/09\/Lonza_news_new.jpg","datePublished":"2024-08-29T08:59:12+00:00","dateModified":"2024-09-23T12:53:32+00:00","breadcrumb":{"@id":"https:\/\/urban-connect.com\/it\/news\/caso-di-studio-in-evidenza-mobilita-sostenibile-nelle-alpi-svizzere\/#breadcrumb"},"inLanguage":"it-IT","potentialAction":[{"@type":"ReadAction","target":["https:\/\/urban-connect.com\/it\/news\/caso-di-studio-in-evidenza-mobilita-sostenibile-nelle-alpi-svizzere\/"]}]},{"@type":"ImageObject","inLanguage":"it-IT","@id":"https:\/\/urban-connect.com\/it\/news\/caso-di-studio-in-evidenza-mobilita-sostenibile-nelle-alpi-svizzere\/#primaryimage","url":"https:\/\/urban-connect.com\/wp-content\/uploads\/2024\/09\/Lonza_news_new.jpg","contentUrl":"https:\/\/urban-connect.com\/wp-content\/uploads\/2024\/09\/Lonza_news_new.jpg","width":1438,"height":1248,"caption":"CS news"},{"@type":"BreadcrumbList","@id":"https:\/\/urban-connect.com\/it\/news\/caso-di-studio-in-evidenza-mobilita-sostenibile-nelle-alpi-svizzere\/#breadcrumb","itemListElement":[{"@type":"ListItem","position":1,"name":"Home","item":"https:\/\/urban-connect.com\/it\/"},{"@type":"ListItem","position":2,"name":"Caso di studio in evidenza: Mobilit\u00e0 sostenibile nelle Alpi svizzere"}]},{"@type":"WebSite","@id":"https:\/\/urban-connect.com\/it\/#website","url":"https:\/\/urban-connect.com\/it\/","name":"Urban Connect","description":"","potentialAction":[{"@type":"SearchAction","target":{"@type":"EntryPoint","urlTemplate":"https:\/\/urban-connect.com\/it\/?s={search_term_string}"},"query-input":"required name=search_term_string"}],"inLanguage":"it-IT"}]}},"_links":{"self":[{"href":"https:\/\/urban-connect.com\/it\/wp-json\/wp\/v2\/news\/6621","targetHints":{"allow":["GET"]}}],"collection":[{"href":"https:\/\/urban-connect.com\/it\/wp-json\/wp\/v2\/news"}],"about":[{"href":"https:\/\/urban-connect.com\/it\/wp-json\/wp\/v2\/types\/news"}],"wp:featuredmedia":[{"embeddable":true,"href":"https:\/\/urban-connect.com\/it\/wp-json\/wp\/v2\/media\/6516"}],"wp:attachment":[{"href":"https:\/\/urban-connect.com\/it\/wp-json\/wp\/v2\/media?parent=6621"}],"wp:term":[{"taxonomy":"news_category","embeddable":true,"href":"https:\/\/urban-connect.com\/it\/wp-json\/wp\/v2\/news_category?post=6621"}],"curies":[{"name":"wp","href":"https:\/\/api.w.org\/{rel}","templated":true}]}}