{"id":6617,"date":"2024-09-19T06:05:04","date_gmt":"2024-09-19T06:05:04","guid":{"rendered":"https:\/\/urban-connect.com\/?post_type=news&#038;p=6617"},"modified":"2024-09-24T11:34:19","modified_gmt":"2024-09-24T11:34:19","slug":"urban-connect-elettrizza-e-digitalizza-la-flotta-wincasa","status":"publish","type":"news","link":"https:\/\/urban-connect.com\/it\/news\/urban-connect-elettrizza-e-digitalizza-la-flotta-wincasa\/","title":{"rendered":"Urban Connect elettrizza e digitalizza la flotta Wincasa"},"content":{"rendered":"\n<ul class=\"wp-block-list\">\n<li>Dopo il successo dei progetti pilota, Urban Connect assume la gestione del parco auto di Wincasa, elettrificando l&#8217;intera flotta di 46 auto e aggiungendo gradualmente 23 biciclette\/scooter elettrici fino al 2026.<br><\/li>\n\n\n\n<li>Grazie a questa collaborazione, Wincasa compie un ulteriore passo avanti nella sostenibilit\u00e0 e diffonde il concetto di mobilit\u00e0 aziendale sostenibile, condivisa, multimodale e digitalizzata in tutta la Svizzera.<br><\/li>\n\n\n\n<li>Philipp Schoch, responsabile della gestione immobiliare di Wincasa: <em>&#8220;Abbiamo avuto ottime esperienze con l&#8217;elettrificazione della nostra flotta aziendale durante la fase pilota.<\/em> <em>La soluzione digitale e completa di Urban Connect ci ha convinto.<\/em> <em>Ora stiamo introducendo questo nuovo concetto di mobilit\u00e0 in tutte le nostre sedi in Svizzera\u201d.<\/em><br><\/li>\n<\/ul>\n\n\n\n<p><strong>Zurigo, 19.09.2024:<\/strong> Urban Connect, il principale fornitore di soluzioni di mobilit\u00e0 aziendale in Svizzera, continua a crescere ed \u00e8 lieto di annunciare l&#8217;intensificazione della collaborazione con Wincasa. Dopo il successo dei progetti pilota dello scorso anno, Urban Connect assumer\u00e0 la gestione della flotta Wincasa a partire da agosto 2024, che crescer\u00e0 fino a 46 auto elettriche e 23 biciclette\/scooter elettrici entro il 2026.<br><br><strong>Informazioni su Urban Connect e Wincasa:<\/strong><br><br>Urban Connect sta rivoluzionando il modo in cui le aziende affrontano la mobilit\u00e0 dei dipendenti offrendo un ecosistema completamente integrato di opzioni di mobilit\u00e0 condivisa. Oltre 50 aziende come Roche Svizzera, Google e Swiss si affidano gi\u00e0 alle flotte di e-car, e-bike ed e-scooter condivise, che vengono integrate con l&#8217;accesso al trasporto pubblico, soluzioni di parcheggio digitali e un budget per la mobilit\u00e0. Ci\u00f2 consente alle aziende di risparmiare sui costi, sugli sforzi, sullo spazio e sulle emissioni, offrendo al contempo ai propri dipendenti un&#8217;esperienza di utilizzo senza soluzione di continuit\u00e0.<br><br>Wincasa \u00e8 il principale fornitore di servizi immobiliari integrati in Svizzera e offre ai suoi clienti un ampio portafoglio di servizi lungo l&#8217;intero ciclo di vita dell&#8217;immobile: dalla pianificazione, costruzione e gestione alla rivitalizzazione e al riposizionamento di una propriet\u00e0. Fondata nel 1999, la societ\u00e0 per azioni \u00e8 presente in tutto il paese e fa parte di Implenia dal maggio 2023.<br><br><strong>Commenti sulla partnership<\/strong><br><br><strong>Judith H\u00e4berli, co-fondatrice di Urban Connect:<\/strong> <em>&#8220;Siamo lieti di collaborare con Wincasa per elettrificare, digitalizzare e ottimizzare ulteriormente il panorama della mobilit\u00e0 in Svizzera.<\/em> <em>I nostri esperimenti con Wincasa hanno dimostrato che questo importante gestore immobiliare pu\u00f2 essere all&#8217;avanguardia anche per quanto riguarda la mobilit\u00e0: con auto elettriche condivise, biciclette elettriche condivise ed e-scooter che possono essere utilizzati per viaggi di lavoro e privati.<\/em> <em>Si tratta quindi di una situazione win-win-win:<\/em> <em>Win #1: Wincasa riduce i costi.<\/em> <em>Win #2: i dipendenti hanno anche accesso privato a un veicolo elettrico economico.<\/em> <em>Vittoria n. 3: con la flotta elettrica, Wincasa fa un grande passo avanti verso la sostenibilit\u00e0 e quindi anche l&#8217;ambiente ne trae beneficio\u201d.<\/em><br><br><strong>Philipp Schoch, responsabile della gestione di Wincasa:<\/strong> <em>&#8220;Abbiamo avuto ottime esperienze con l&#8217;elettrificazione della nostra flotta aziendale durante la fase pilota.<\/em> <em>La soluzione digitale e completa di Urban Connect ci ha conquistati.<\/em> <em>Ora stiamo introducendo questo nuovo concetto di mobilit\u00e0 in tutte le nostre sedi in Svizzera.<\/em> <em>Grazie alla collaborazione con Urban Connect, possiamo raggiungere i nostri obiettivi nell&#8217;ambito della mobilit\u00e0 dei dipendenti, ridurre le emissioni della flotta e avere sempre la massima trasparenza sulla nostra flotta elettrificata\u201d.<\/em><\/p>\n\n\n\n<p>Change Mobility &#8211; Change the World<\/p>\n\n\n\n<hr class=\"wp-block-separator has-alpha-channel-opacity\"\/>\n\n\n\n<p><br>Vuoi elettrificare la tua flotta come Wincasa? Noi di Urban Connect rendiamo possibile il passaggio alla mobilit\u00e0 sostenibile senza problemi, offrendo soluzioni su misura per soddisfare le esigenze della tua azienda. Inoltre, attualmente abbiamo un&#8217;<strong>offerta esclusiva BMW<\/strong> che \u00e8 difficile da battere! Che tu stia cercando auto, biciclette o scooter elettrici, il nostro team \u00e8 pronto ad aiutarti a fare il prossimo passo verso un futuro pi\u00f9 verde ed efficiente.<\/p>\n\n\n\n<p><strong>Contattaci oggi stesso<\/strong> per scoprire come possiamo aiutarti a elettrificare la tua flotta e ottimizzare la tua mobilit\u00e0 aziendale: <a href=\"mailto:sales@urban-connect.ch\">sales@urban-connect.ch<\/a><\/p>\n\n\n    <section class=\"related-posts\">\n        <div class=\"container\">\n            <h4 class=\"block-title\"><\/h4>\n        <\/div>\n        <div class=\"container posts-wrap\">\n            <div class=\"swiper swiper-related-posts\">\n                <div class=\"swiper-wrapper\">\n                                            <div class=\"swiper-slide\">\n                            <div class=\"card-horizontal\">\n    <div class=\"left-side\">\n                    <a href=\"https:\/\/urban-connect.com\/it\/news\/wheels-wine-2026-unedizione-storica-che-definisce-il-futuro-della-mobilita-aziendale\/\">\n                <img decoding=\"async\" \n                    class=\"image lazyload\" data-src=\"https:\/\/urban-connect.com\/wp-content\/uploads\/2026\/03\/F06A4076-768x512.jpg\"\n                    data-srcset=\"https:\/\/urban-connect.com\/wp-content\/uploads\/2026\/03\/F06A4076-768x512.jpg 768w, https:\/\/urban-connect.com\/wp-content\/uploads\/2026\/03\/F06A4076-300x200.jpg 300w, https:\/\/urban-connect.com\/wp-content\/uploads\/2026\/03\/F06A4076-1024x683.jpg 1024w, https:\/\/urban-connect.com\/wp-content\/uploads\/2026\/03\/F06A4076-1536x1024.jpg 1536w, https:\/\/urban-connect.com\/wp-content\/uploads\/2026\/03\/F06A4076-2048x1365.jpg 2048w, https:\/\/urban-connect.com\/wp-content\/uploads\/2026\/03\/F06A4076-1620x1080.jpg 1620w\"\n                    data-sizes=\"(max-width: 768px) 100vw, 768px\"\n                    alt=\"Wheels &amp; Wine 2026 \u2013 Un\u2019edizione storica che definisce il futuro della mobilit\u00e0 aziendale\"\n                 src=\"data:image\/gif;base64,R0lGODlhAQABAAAAACH5BAEKAAEALAAAAAABAAEAAAICTAEAOw==\" style=\"--smush-placeholder-width: 768px; --smush-placeholder-aspect-ratio: 768\/512;\"><noscript><img decoding=\"async\" \n                    class=\"image\" src=\"https:\/\/urban-connect.com\/wp-content\/uploads\/2026\/03\/F06A4076-768x512.jpg\"\n                    srcset=\"https:\/\/urban-connect.com\/wp-content\/uploads\/2026\/03\/F06A4076-768x512.jpg 768w, https:\/\/urban-connect.com\/wp-content\/uploads\/2026\/03\/F06A4076-300x200.jpg 300w, https:\/\/urban-connect.com\/wp-content\/uploads\/2026\/03\/F06A4076-1024x683.jpg 1024w, https:\/\/urban-connect.com\/wp-content\/uploads\/2026\/03\/F06A4076-1536x1024.jpg 1536w, https:\/\/urban-connect.com\/wp-content\/uploads\/2026\/03\/F06A4076-2048x1365.jpg 2048w, https:\/\/urban-connect.com\/wp-content\/uploads\/2026\/03\/F06A4076-1620x1080.jpg 1620w\"\n                    sizes=\"(max-width: 768px) 100vw, 768px\"\n                    alt=\"Wheels &amp; Wine 2026 \u2013 Un\u2019edizione storica che definisce il futuro della mobilit\u00e0 aziendale\"\n                ><\/noscript>\n            <\/a>\n                <\/div>\n    <div class=\"right-side\">\n                    <a href=\"https:\/\/urban-connect.com\/it\/news\/wheels-wine-2026-unedizione-storica-che-definisce-il-futuro-della-mobilita-aziendale\/\">\n                <h6 class=\"title\">Wheels &amp; Wine 2026 \u2013 Un\u2019edizione storica che definisce il futuro della mobilit\u00e0 aziendale<\/h6>\n            <\/a>\n                        <span class=\"date\">Marzo 24, 2026 <\/span>\n            \n\t        <\/div>\n<\/div>                        <\/div>\n                                                <div class=\"swiper-slide\">\n                            <div class=\"card-horizontal\">\n    <div class=\"left-side\">\n                    <a href=\"https:\/\/urban-connect.com\/it\/news\/cosa-succedera-quando-la-ricarica-dei-veicoli-elettrici-funzionera-finalmente\/\">\n                <img decoding=\"async\" \n                    class=\"image lazyload\" data-src=\"https:\/\/urban-connect.com\/wp-content\/uploads\/2026\/03\/Zaptec-cover-3-1-768x453.png\"\n                    data-srcset=\"https:\/\/urban-connect.com\/wp-content\/uploads\/2026\/03\/Zaptec-cover-3-1-768x453.png 768w, https:\/\/urban-connect.com\/wp-content\/uploads\/2026\/03\/Zaptec-cover-3-1-300x177.png 300w, https:\/\/urban-connect.com\/wp-content\/uploads\/2026\/03\/Zaptec-cover-3-1-1024x604.png 1024w, https:\/\/urban-connect.com\/wp-content\/uploads\/2026\/03\/Zaptec-cover-3-1-1536x906.png 1536w, https:\/\/urban-connect.com\/wp-content\/uploads\/2026\/03\/Zaptec-cover-3-1-2048x1208.png 2048w, https:\/\/urban-connect.com\/wp-content\/uploads\/2026\/03\/Zaptec-cover-3-1-1831x1080.png 1831w\"\n                    data-sizes=\"(max-width: 768px) 100vw, 768px\"\n                    alt=\"Cosa succeder\u00e0 quando la ricarica dei veicoli elettrici funzioner\u00e0 finalmente?\"\n                 src=\"data:image\/gif;base64,R0lGODlhAQABAAAAACH5BAEKAAEALAAAAAABAAEAAAICTAEAOw==\" style=\"--smush-placeholder-width: 768px; --smush-placeholder-aspect-ratio: 768\/453;\"><noscript><img decoding=\"async\" \n                    class=\"image\" src=\"https:\/\/urban-connect.com\/wp-content\/uploads\/2026\/03\/Zaptec-cover-3-1-768x453.png\"\n                    srcset=\"https:\/\/urban-connect.com\/wp-content\/uploads\/2026\/03\/Zaptec-cover-3-1-768x453.png 768w, https:\/\/urban-connect.com\/wp-content\/uploads\/2026\/03\/Zaptec-cover-3-1-300x177.png 300w, https:\/\/urban-connect.com\/wp-content\/uploads\/2026\/03\/Zaptec-cover-3-1-1024x604.png 1024w, https:\/\/urban-connect.com\/wp-content\/uploads\/2026\/03\/Zaptec-cover-3-1-1536x906.png 1536w, https:\/\/urban-connect.com\/wp-content\/uploads\/2026\/03\/Zaptec-cover-3-1-2048x1208.png 2048w, https:\/\/urban-connect.com\/wp-content\/uploads\/2026\/03\/Zaptec-cover-3-1-1831x1080.png 1831w\"\n                    sizes=\"(max-width: 768px) 100vw, 768px\"\n                    alt=\"Cosa succeder\u00e0 quando la ricarica dei veicoli elettrici funzioner\u00e0 finalmente?\"\n                ><\/noscript>\n            <\/a>\n                <\/div>\n    <div class=\"right-side\">\n                    <a href=\"https:\/\/urban-connect.com\/it\/news\/cosa-succedera-quando-la-ricarica-dei-veicoli-elettrici-funzionera-finalmente\/\">\n                <h6 class=\"title\">Cosa succeder\u00e0 quando la ricarica dei veicoli elettrici funzioner\u00e0 finalmente?<\/h6>\n            <\/a>\n                        <span class=\"date\">Marzo 17, 2026 <\/span>\n            \n\t        <\/div>\n<\/div>                        <\/div>\n                                                <div class=\"swiper-slide\">\n                            <div class=\"card-horizontal\">\n    <div class=\"left-side\">\n                    <a href=\"https:\/\/urban-connect.com\/it\/news\/focus-sui-casi-di-studio-helsana-offre-a-oltre-3400-dipendenti-un-budget-di-mobilita-urban-connect-senza-alcun-problema-grazie-a-scim\/\">\n                <img decoding=\"async\" \n                    class=\"image lazyload\" data-src=\"https:\/\/urban-connect.com\/wp-content\/uploads\/2026\/02\/HELSANA-x-UC-banner-768x511.png\"\n                    data-srcset=\"https:\/\/urban-connect.com\/wp-content\/uploads\/2026\/02\/HELSANA-x-UC-banner-768x511.png 768w, https:\/\/urban-connect.com\/wp-content\/uploads\/2026\/02\/HELSANA-x-UC-banner-300x199.png 300w, https:\/\/urban-connect.com\/wp-content\/uploads\/2026\/02\/HELSANA-x-UC-banner-1024x681.png 1024w, https:\/\/urban-connect.com\/wp-content\/uploads\/2026\/02\/HELSANA-x-UC-banner-1536x1021.png 1536w, https:\/\/urban-connect.com\/wp-content\/uploads\/2026\/02\/HELSANA-x-UC-banner.png 1590w\"\n                    data-sizes=\"(max-width: 768px) 100vw, 768px\"\n                    alt=\"Focus sui casi di studio: Helsana offre a oltre 3'400 dipendenti un budget di mobilit\u00e0 Urban Connect, senza alcun problema grazie a SCIM.\"\n                 src=\"data:image\/gif;base64,R0lGODlhAQABAAAAACH5BAEKAAEALAAAAAABAAEAAAICTAEAOw==\" style=\"--smush-placeholder-width: 768px; --smush-placeholder-aspect-ratio: 768\/511;\"><noscript><img decoding=\"async\" \n                    class=\"image\" src=\"https:\/\/urban-connect.com\/wp-content\/uploads\/2026\/02\/HELSANA-x-UC-banner-768x511.png\"\n                    srcset=\"https:\/\/urban-connect.com\/wp-content\/uploads\/2026\/02\/HELSANA-x-UC-banner-768x511.png 768w, https:\/\/urban-connect.com\/wp-content\/uploads\/2026\/02\/HELSANA-x-UC-banner-300x199.png 300w, https:\/\/urban-connect.com\/wp-content\/uploads\/2026\/02\/HELSANA-x-UC-banner-1024x681.png 1024w, https:\/\/urban-connect.com\/wp-content\/uploads\/2026\/02\/HELSANA-x-UC-banner-1536x1021.png 1536w, https:\/\/urban-connect.com\/wp-content\/uploads\/2026\/02\/HELSANA-x-UC-banner.png 1590w\"\n                    sizes=\"(max-width: 768px) 100vw, 768px\"\n                    alt=\"Focus sui casi di studio: Helsana offre a oltre 3'400 dipendenti un budget di mobilit\u00e0 Urban Connect, senza alcun problema grazie a SCIM.\"\n                ><\/noscript>\n            <\/a>\n                <\/div>\n    <div class=\"right-side\">\n                    <a href=\"https:\/\/urban-connect.com\/it\/news\/focus-sui-casi-di-studio-helsana-offre-a-oltre-3400-dipendenti-un-budget-di-mobilita-urban-connect-senza-alcun-problema-grazie-a-scim\/\">\n                <h6 class=\"title\">Focus sui casi di studio: Helsana offre a oltre 3&#8217;400 dipendenti un budget di mobilit\u00e0 Urban Connect, senza alcun problema grazie a SCIM.<\/h6>\n            <\/a>\n                        <span class=\"date\">Febbraio 05, 2026 <\/span>\n            \n\t        <\/div>\n<\/div>                        <\/div>\n                                        <\/div>\n                <div class=\"btn-slider \">\n    <div class=\"prev\">\n        <svg width=\"22\" height=\"12\" viewBox=\"0 0 22 12\" fill=\"none\" xmlns=\"http:\/\/www.w3.org\/2000\/svg\">\n            <path d=\"M5.094 4.476L7.74 1.83L6.03 0.102L0.432 5.7L6.03 11.298L7.74 9.57L5.076 6.906H21.42V4.476H5.094Z\" fill=\"white\"\/>\n        <\/svg>\n    <\/div>\n    <div class=\"next\">\n        <svg width=\"22\" height=\"12\" viewBox=\"0 0 22 12\" fill=\"none\" xmlns=\"http:\/\/www.w3.org\/2000\/svg\">\n            <path d=\"M14.292 1.83L16.938 4.476H0.612V6.906H16.956L14.292 9.57L16.002 11.298L21.6 5.7L16.002 0.102L14.292 1.83Z\" fill=\"white\"\/>\n        <\/svg>\n    <\/div>\n<\/div>            <\/div>\n        <\/div>\n    <\/section>\n    ","protected":false},"excerpt":{"rendered":"<p>Zurigo, 19.09.2024: Urban Connect, il principale fornitore di soluzioni di mobilit\u00e0 aziendale in Svizzera, continua a crescere ed \u00e8 lieto di annunciare l&#8217;intensificazione della collaborazione con Wincasa. Dopo il successo dei progetti pilota dello scorso anno, Urban Connect assumer\u00e0 la gestione della flotta Wincasa a partire da agosto 2024, che crescer\u00e0 fino a 46 auto [&hellip;]<\/p>\n","protected":false},"featured_media":6579,"parent":0,"template":"","news_category":[46],"class_list":["post-6617","news","type-news","status-publish","has-post-thumbnail","hentry","news_category-notizie"],"acf":[],"yoast_head":"<!-- This site is optimized with the Yoast SEO plugin v23.2 - https:\/\/yoast.com\/wordpress\/plugins\/seo\/ -->\n<title>Urban Connect elettrizza e digitalizza la flotta Wincasa - Urban Connect<\/title>\n<meta name=\"robots\" content=\"index, follow, max-snippet:-1, max-image-preview:large, max-video-preview:-1\" \/>\n<link rel=\"canonical\" href=\"https:\/\/urban-connect.com\/it\/news\/urban-connect-elettrizza-e-digitalizza-la-flotta-wincasa\/\" \/>\n<meta property=\"og:locale\" content=\"it_IT\" \/>\n<meta property=\"og:type\" content=\"article\" \/>\n<meta property=\"og:title\" content=\"Urban Connect elettrizza e digitalizza la flotta Wincasa - Urban Connect\" \/>\n<meta property=\"og:description\" content=\"Zurigo, 19.09.2024: Urban Connect, il principale fornitore di soluzioni di mobilit\u00e0 aziendale in Svizzera, continua a crescere ed \u00e8 lieto di annunciare l&#8217;intensificazione della collaborazione con Wincasa. Dopo il successo dei progetti pilota dello scorso anno, Urban Connect assumer\u00e0 la gestione della flotta Wincasa a partire da agosto 2024, che crescer\u00e0 fino a 46 auto [&hellip;]\" \/>\n<meta property=\"og:url\" content=\"https:\/\/urban-connect.com\/it\/news\/urban-connect-elettrizza-e-digitalizza-la-flotta-wincasa\/\" \/>\n<meta property=\"og:site_name\" content=\"Urban Connect\" \/>\n<meta property=\"article:modified_time\" content=\"2024-09-24T11:34:19+00:00\" \/>\n<meta property=\"og:image\" content=\"https:\/\/urban-connect.com\/wp-content\/uploads\/2024\/09\/Wincasa.jpg\" \/>\n\t<meta property=\"og:image:width\" content=\"1438\" \/>\n\t<meta property=\"og:image:height\" content=\"1248\" \/>\n\t<meta property=\"og:image:type\" content=\"image\/jpeg\" \/>\n<meta name=\"twitter:card\" content=\"summary_large_image\" \/>\n<meta name=\"twitter:label1\" content=\"Tempo di lettura stimato\" \/>\n\t<meta name=\"twitter:data1\" content=\"3 minuti\" \/>\n<script type=\"application\/ld+json\" class=\"yoast-schema-graph\">{\"@context\":\"https:\/\/schema.org\",\"@graph\":[{\"@type\":\"WebPage\",\"@id\":\"https:\/\/urban-connect.com\/it\/news\/urban-connect-elettrizza-e-digitalizza-la-flotta-wincasa\/\",\"url\":\"https:\/\/urban-connect.com\/it\/news\/urban-connect-elettrizza-e-digitalizza-la-flotta-wincasa\/\",\"name\":\"Urban Connect elettrizza e digitalizza la flotta Wincasa - Urban Connect\",\"isPartOf\":{\"@id\":\"https:\/\/urban-connect.com\/it\/#website\"},\"primaryImageOfPage\":{\"@id\":\"https:\/\/urban-connect.com\/it\/news\/urban-connect-elettrizza-e-digitalizza-la-flotta-wincasa\/#primaryimage\"},\"image\":{\"@id\":\"https:\/\/urban-connect.com\/it\/news\/urban-connect-elettrizza-e-digitalizza-la-flotta-wincasa\/#primaryimage\"},\"thumbnailUrl\":\"https:\/\/urban-connect.com\/wp-content\/uploads\/2024\/09\/Wincasa.jpg\",\"datePublished\":\"2024-09-19T06:05:04+00:00\",\"dateModified\":\"2024-09-24T11:34:19+00:00\",\"breadcrumb\":{\"@id\":\"https:\/\/urban-connect.com\/it\/news\/urban-connect-elettrizza-e-digitalizza-la-flotta-wincasa\/#breadcrumb\"},\"inLanguage\":\"it-IT\",\"potentialAction\":[{\"@type\":\"ReadAction\",\"target\":[\"https:\/\/urban-connect.com\/it\/news\/urban-connect-elettrizza-e-digitalizza-la-flotta-wincasa\/\"]}]},{\"@type\":\"ImageObject\",\"inLanguage\":\"it-IT\",\"@id\":\"https:\/\/urban-connect.com\/it\/news\/urban-connect-elettrizza-e-digitalizza-la-flotta-wincasa\/#primaryimage\",\"url\":\"https:\/\/urban-connect.com\/wp-content\/uploads\/2024\/09\/Wincasa.jpg\",\"contentUrl\":\"https:\/\/urban-connect.com\/wp-content\/uploads\/2024\/09\/Wincasa.jpg\",\"width\":1438,\"height\":1248,\"caption\":\"Wincasa\"},{\"@type\":\"BreadcrumbList\",\"@id\":\"https:\/\/urban-connect.com\/it\/news\/urban-connect-elettrizza-e-digitalizza-la-flotta-wincasa\/#breadcrumb\",\"itemListElement\":[{\"@type\":\"ListItem\",\"position\":1,\"name\":\"Home\",\"item\":\"https:\/\/urban-connect.com\/it\/\"},{\"@type\":\"ListItem\",\"position\":2,\"name\":\"Urban Connect elettrizza e digitalizza la flotta Wincasa\"}]},{\"@type\":\"WebSite\",\"@id\":\"https:\/\/urban-connect.com\/it\/#website\",\"url\":\"https:\/\/urban-connect.com\/it\/\",\"name\":\"Urban Connect\",\"description\":\"\",\"potentialAction\":[{\"@type\":\"SearchAction\",\"target\":{\"@type\":\"EntryPoint\",\"urlTemplate\":\"https:\/\/urban-connect.com\/it\/?s={search_term_string}\"},\"query-input\":\"required name=search_term_string\"}],\"inLanguage\":\"it-IT\"}]}<\/script>\n<!-- \/ Yoast SEO plugin. -->","yoast_head_json":{"title":"Urban Connect elettrizza e digitalizza la flotta Wincasa - Urban Connect","robots":{"index":"index","follow":"follow","max-snippet":"max-snippet:-1","max-image-preview":"max-image-preview:large","max-video-preview":"max-video-preview:-1"},"canonical":"https:\/\/urban-connect.com\/it\/news\/urban-connect-elettrizza-e-digitalizza-la-flotta-wincasa\/","og_locale":"it_IT","og_type":"article","og_title":"Urban Connect elettrizza e digitalizza la flotta Wincasa - Urban Connect","og_description":"Zurigo, 19.09.2024: Urban Connect, il principale fornitore di soluzioni di mobilit\u00e0 aziendale in Svizzera, continua a crescere ed \u00e8 lieto di annunciare l&#8217;intensificazione della collaborazione con Wincasa. Dopo il successo dei progetti pilota dello scorso anno, Urban Connect assumer\u00e0 la gestione della flotta Wincasa a partire da agosto 2024, che crescer\u00e0 fino a 46 auto [&hellip;]","og_url":"https:\/\/urban-connect.com\/it\/news\/urban-connect-elettrizza-e-digitalizza-la-flotta-wincasa\/","og_site_name":"Urban Connect","article_modified_time":"2024-09-24T11:34:19+00:00","og_image":[{"width":1438,"height":1248,"url":"https:\/\/urban-connect.com\/wp-content\/uploads\/2024\/09\/Wincasa.jpg","type":"image\/jpeg"}],"twitter_card":"summary_large_image","twitter_misc":{"Tempo di lettura stimato":"3 minuti"},"schema":{"@context":"https:\/\/schema.org","@graph":[{"@type":"WebPage","@id":"https:\/\/urban-connect.com\/it\/news\/urban-connect-elettrizza-e-digitalizza-la-flotta-wincasa\/","url":"https:\/\/urban-connect.com\/it\/news\/urban-connect-elettrizza-e-digitalizza-la-flotta-wincasa\/","name":"Urban Connect elettrizza e digitalizza la flotta Wincasa - Urban Connect","isPartOf":{"@id":"https:\/\/urban-connect.com\/it\/#website"},"primaryImageOfPage":{"@id":"https:\/\/urban-connect.com\/it\/news\/urban-connect-elettrizza-e-digitalizza-la-flotta-wincasa\/#primaryimage"},"image":{"@id":"https:\/\/urban-connect.com\/it\/news\/urban-connect-elettrizza-e-digitalizza-la-flotta-wincasa\/#primaryimage"},"thumbnailUrl":"https:\/\/urban-connect.com\/wp-content\/uploads\/2024\/09\/Wincasa.jpg","datePublished":"2024-09-19T06:05:04+00:00","dateModified":"2024-09-24T11:34:19+00:00","breadcrumb":{"@id":"https:\/\/urban-connect.com\/it\/news\/urban-connect-elettrizza-e-digitalizza-la-flotta-wincasa\/#breadcrumb"},"inLanguage":"it-IT","potentialAction":[{"@type":"ReadAction","target":["https:\/\/urban-connect.com\/it\/news\/urban-connect-elettrizza-e-digitalizza-la-flotta-wincasa\/"]}]},{"@type":"ImageObject","inLanguage":"it-IT","@id":"https:\/\/urban-connect.com\/it\/news\/urban-connect-elettrizza-e-digitalizza-la-flotta-wincasa\/#primaryimage","url":"https:\/\/urban-connect.com\/wp-content\/uploads\/2024\/09\/Wincasa.jpg","contentUrl":"https:\/\/urban-connect.com\/wp-content\/uploads\/2024\/09\/Wincasa.jpg","width":1438,"height":1248,"caption":"Wincasa"},{"@type":"BreadcrumbList","@id":"https:\/\/urban-connect.com\/it\/news\/urban-connect-elettrizza-e-digitalizza-la-flotta-wincasa\/#breadcrumb","itemListElement":[{"@type":"ListItem","position":1,"name":"Home","item":"https:\/\/urban-connect.com\/it\/"},{"@type":"ListItem","position":2,"name":"Urban Connect elettrizza e digitalizza la flotta Wincasa"}]},{"@type":"WebSite","@id":"https:\/\/urban-connect.com\/it\/#website","url":"https:\/\/urban-connect.com\/it\/","name":"Urban Connect","description":"","potentialAction":[{"@type":"SearchAction","target":{"@type":"EntryPoint","urlTemplate":"https:\/\/urban-connect.com\/it\/?s={search_term_string}"},"query-input":"required name=search_term_string"}],"inLanguage":"it-IT"}]}},"_links":{"self":[{"href":"https:\/\/urban-connect.com\/it\/wp-json\/wp\/v2\/news\/6617","targetHints":{"allow":["GET"]}}],"collection":[{"href":"https:\/\/urban-connect.com\/it\/wp-json\/wp\/v2\/news"}],"about":[{"href":"https:\/\/urban-connect.com\/it\/wp-json\/wp\/v2\/types\/news"}],"wp:featuredmedia":[{"embeddable":true,"href":"https:\/\/urban-connect.com\/it\/wp-json\/wp\/v2\/media\/6579"}],"wp:attachment":[{"href":"https:\/\/urban-connect.com\/it\/wp-json\/wp\/v2\/media?parent=6617"}],"wp:term":[{"taxonomy":"news_category","embeddable":true,"href":"https:\/\/urban-connect.com\/it\/wp-json\/wp\/v2\/news_category?post=6617"}],"curies":[{"name":"wp","href":"https:\/\/api.w.org\/{rel}","templated":true}]}}