{"id":5712,"date":"2022-12-08T11:03:00","date_gmt":"2022-12-08T11:03:00","guid":{"rendered":"https:\/\/urban-connect.com\/news\/urban-connect-enters-a-partnership-with-helvetia-and-swiss-prime-site\/"},"modified":"2024-09-20T11:59:24","modified_gmt":"2024-09-20T11:59:24","slug":"urban-connect-entra-in-partnership-con-helvetia-e-swiss-prime-site","status":"publish","type":"news","link":"https:\/\/urban-connect.com\/it\/news\/urban-connect-entra-in-partnership-con-helvetia-e-swiss-prime-site\/","title":{"rendered":"Urban Connect entra in partnership con Helvetia e Swiss Prime Site"},"content":{"rendered":"\n<p>Urban Connect \u00e8 entusiasta di annunciare la partnership con Helvetia Venture Fund e Swiss Prime Site Innovation Fund per accelerare il passaggio alla mobilit\u00e0 aziendale condivisa e sostenibile in Svizzera.<br><br><a href=\"https:\/\/www.helvetia.com\/global\/venture-fund\/en\/home.html\" target=\"_blank\" rel=\"noreferrer noopener\"><strong>Helvetia<\/strong><\/a> \u00e8 un gruppo assicurativo svizzero con una presenza globale. L&#8217;azienda \u00e8 quotata alla borsa valori SIX e ha sede a San Gallo. L&#8217;investimento in Urban Connect fa parte dell&#8217;attuazione della <strong>strategia Helvetia 20.25<\/strong>, che si concentra sullo sfruttamento di nuovi modelli di business. Stefan Saeger, Principal di Helvetia Venture Fund, spiega cos\u00ec la decisione strategica:<\/p>\n\n\n\n<blockquote class=\"wp-block-quote is-layout-flow wp-block-quote-is-layout-flow\">\n<p>\u201cIl modello di business di Urban Connect risponde a un&#8217;esigenza in continua evoluzione nel campo della mobilit\u00e0 aziendale, in un&#8217;intersezione molto interessante tra gestione della flotta e sostenibilit\u00e0, confermata da un elenco stellare di clienti aziendali.\u201d<\/p>\n<\/blockquote>\n\n\n\n<p><a href=\"https:\/\/sps.swiss\/de\/gruppe\/unternehmen\/innovation\"><strong>Swiss Prime Site AG<\/strong><\/a> (SPS) \u00e8 una delle principali societ\u00e0 immobiliari in Europa. Oltre al proprio portafoglio di immobili commerciali, SPS possiede il leader dei servizi immobiliari Wincasa (>70 miliardi di AUM), con il quale Urban Connect sta conducendo diversi progetti pilota di servitization per testare una piattaforma di mobilit\u00e0 connessa e a basse emissioni di carbonio nelle sue principali propriet\u00e0 commerciali. Bastian Zarske Bueno, Head Group Corporate Ventures &amp; Innovation, descrive cos\u00ec la decisione strategica di collaborare con Urban Connect: \u201cNel mercato della mobilit\u00e0 aziendale in rapida crescita, Urban Connect consente a Swiss Prime Site di offrire servizi di mobilit\u00e0 incentrati sugli inquilini nei suoi siti a uso misto e di aumentarne ulteriormente il valore di mercato. I nostri inquilini apprezzano l&#8217;offerta multimodale e sostenibile con i suoi interessanti effetti di rete e saranno in grado di raccogliere e compensare i dati sulle emissioni di sostenibilit\u00e0 della mobilit\u00e0 dei loro dipendenti attraverso la piattaforma Urban Connect\u201d.<br><br>I fondi saranno destinati al miglioramento della piattaforma digitale, in particolare per quanto riguarda la gestione di grandi flotte di veicoli, una soluzione di parcheggio intelligente e l&#8217;integrazione di un budget di mobilit\u00e0. Inoltre, i fondi saranno utilizzati per migliorare ulteriormente gli strumenti di analisi dei dati per aiutare le aziende a ridurre le emissioni, i costi totali della mobilit\u00e0 e a risparmiare spazio.<br><br>Judith H\u00e4berli, co-fondatrice di Urban Connect, ha dichiarato: \u201cLa nostra offerta di Mobility-as-a-Service aiuta le aziende a costruire luoghi di lavoro pi\u00f9 verdi, pi\u00f9 intelligenti e pi\u00f9 sani &#8211; e anche citt\u00e0 pi\u00f9 pulite e meno congestionate! Questo investimento contribuisce ad accelerare questi sforzi. E non potremmo essere pi\u00f9 felici della qualit\u00e0 di questi investitori\u201d.<\/p>\n\n\n\n<p>Change Mobility &#8211; Change the World<\/p>\n\n\n    <section class=\"related-posts\">\n        <div class=\"container\">\n            <h4 class=\"block-title\">Related Posts<\/h4>\n        <\/div>\n        <div class=\"container posts-wrap\">\n            <div class=\"swiper swiper-related-posts\">\n                <div class=\"swiper-wrapper\">\n                                            <div class=\"swiper-slide\">\n                            <div class=\"card-horizontal\">\n    <div class=\"left-side\">\n                    <a href=\"https:\/\/urban-connect.com\/it\/news\/wheels-wine-2026-unedizione-storica-che-definisce-il-futuro-della-mobilita-aziendale\/\">\n                <img decoding=\"async\" \n                    class=\"image lazyload\" data-src=\"https:\/\/urban-connect.com\/wp-content\/uploads\/2026\/03\/F06A4076-768x512.jpg\"\n                    data-srcset=\"https:\/\/urban-connect.com\/wp-content\/uploads\/2026\/03\/F06A4076-768x512.jpg 768w, https:\/\/urban-connect.com\/wp-content\/uploads\/2026\/03\/F06A4076-300x200.jpg 300w, https:\/\/urban-connect.com\/wp-content\/uploads\/2026\/03\/F06A4076-1024x683.jpg 1024w, https:\/\/urban-connect.com\/wp-content\/uploads\/2026\/03\/F06A4076-1536x1024.jpg 1536w, https:\/\/urban-connect.com\/wp-content\/uploads\/2026\/03\/F06A4076-2048x1365.jpg 2048w, https:\/\/urban-connect.com\/wp-content\/uploads\/2026\/03\/F06A4076-1620x1080.jpg 1620w\"\n                    data-sizes=\"(max-width: 768px) 100vw, 768px\"\n                    alt=\"Wheels &amp; Wine 2026 \u2013 Un\u2019edizione storica che definisce il futuro della mobilit\u00e0 aziendale\"\n                 src=\"data:image\/gif;base64,R0lGODlhAQABAAAAACH5BAEKAAEALAAAAAABAAEAAAICTAEAOw==\" style=\"--smush-placeholder-width: 768px; --smush-placeholder-aspect-ratio: 768\/512;\"><noscript><img decoding=\"async\" \n                    class=\"image\" src=\"https:\/\/urban-connect.com\/wp-content\/uploads\/2026\/03\/F06A4076-768x512.jpg\"\n                    srcset=\"https:\/\/urban-connect.com\/wp-content\/uploads\/2026\/03\/F06A4076-768x512.jpg 768w, https:\/\/urban-connect.com\/wp-content\/uploads\/2026\/03\/F06A4076-300x200.jpg 300w, https:\/\/urban-connect.com\/wp-content\/uploads\/2026\/03\/F06A4076-1024x683.jpg 1024w, https:\/\/urban-connect.com\/wp-content\/uploads\/2026\/03\/F06A4076-1536x1024.jpg 1536w, https:\/\/urban-connect.com\/wp-content\/uploads\/2026\/03\/F06A4076-2048x1365.jpg 2048w, https:\/\/urban-connect.com\/wp-content\/uploads\/2026\/03\/F06A4076-1620x1080.jpg 1620w\"\n                    sizes=\"(max-width: 768px) 100vw, 768px\"\n                    alt=\"Wheels &amp; Wine 2026 \u2013 Un\u2019edizione storica che definisce il futuro della mobilit\u00e0 aziendale\"\n                ><\/noscript>\n            <\/a>\n                <\/div>\n    <div class=\"right-side\">\n                    <a href=\"https:\/\/urban-connect.com\/it\/news\/wheels-wine-2026-unedizione-storica-che-definisce-il-futuro-della-mobilita-aziendale\/\">\n                <h6 class=\"title\">Wheels &amp; Wine 2026 \u2013 Un\u2019edizione storica che definisce il futuro della mobilit\u00e0 aziendale<\/h6>\n            <\/a>\n                        <span class=\"date\">Marzo 24, 2026 <\/span>\n            \n\t        <\/div>\n<\/div>                        <\/div>\n                                                <div class=\"swiper-slide\">\n                            <div class=\"card-horizontal\">\n    <div class=\"left-side\">\n                    <a href=\"https:\/\/urban-connect.com\/it\/news\/cosa-succedera-quando-la-ricarica-dei-veicoli-elettrici-funzionera-finalmente\/\">\n                <img decoding=\"async\" \n                    class=\"image lazyload\" data-src=\"https:\/\/urban-connect.com\/wp-content\/uploads\/2026\/03\/Zaptec-cover-3-1-768x453.png\"\n                    data-srcset=\"https:\/\/urban-connect.com\/wp-content\/uploads\/2026\/03\/Zaptec-cover-3-1-768x453.png 768w, https:\/\/urban-connect.com\/wp-content\/uploads\/2026\/03\/Zaptec-cover-3-1-300x177.png 300w, https:\/\/urban-connect.com\/wp-content\/uploads\/2026\/03\/Zaptec-cover-3-1-1024x604.png 1024w, https:\/\/urban-connect.com\/wp-content\/uploads\/2026\/03\/Zaptec-cover-3-1-1536x906.png 1536w, https:\/\/urban-connect.com\/wp-content\/uploads\/2026\/03\/Zaptec-cover-3-1-2048x1208.png 2048w, https:\/\/urban-connect.com\/wp-content\/uploads\/2026\/03\/Zaptec-cover-3-1-1831x1080.png 1831w\"\n                    data-sizes=\"(max-width: 768px) 100vw, 768px\"\n                    alt=\"Cosa succeder\u00e0 quando la ricarica dei veicoli elettrici funzioner\u00e0 finalmente?\"\n                 src=\"data:image\/gif;base64,R0lGODlhAQABAAAAACH5BAEKAAEALAAAAAABAAEAAAICTAEAOw==\" style=\"--smush-placeholder-width: 768px; --smush-placeholder-aspect-ratio: 768\/453;\"><noscript><img decoding=\"async\" \n                    class=\"image\" src=\"https:\/\/urban-connect.com\/wp-content\/uploads\/2026\/03\/Zaptec-cover-3-1-768x453.png\"\n                    srcset=\"https:\/\/urban-connect.com\/wp-content\/uploads\/2026\/03\/Zaptec-cover-3-1-768x453.png 768w, https:\/\/urban-connect.com\/wp-content\/uploads\/2026\/03\/Zaptec-cover-3-1-300x177.png 300w, https:\/\/urban-connect.com\/wp-content\/uploads\/2026\/03\/Zaptec-cover-3-1-1024x604.png 1024w, https:\/\/urban-connect.com\/wp-content\/uploads\/2026\/03\/Zaptec-cover-3-1-1536x906.png 1536w, https:\/\/urban-connect.com\/wp-content\/uploads\/2026\/03\/Zaptec-cover-3-1-2048x1208.png 2048w, https:\/\/urban-connect.com\/wp-content\/uploads\/2026\/03\/Zaptec-cover-3-1-1831x1080.png 1831w\"\n                    sizes=\"(max-width: 768px) 100vw, 768px\"\n                    alt=\"Cosa succeder\u00e0 quando la ricarica dei veicoli elettrici funzioner\u00e0 finalmente?\"\n                ><\/noscript>\n            <\/a>\n                <\/div>\n    <div class=\"right-side\">\n                    <a href=\"https:\/\/urban-connect.com\/it\/news\/cosa-succedera-quando-la-ricarica-dei-veicoli-elettrici-funzionera-finalmente\/\">\n                <h6 class=\"title\">Cosa succeder\u00e0 quando la ricarica dei veicoli elettrici funzioner\u00e0 finalmente?<\/h6>\n            <\/a>\n                        <span class=\"date\">Marzo 17, 2026 <\/span>\n            \n\t        <\/div>\n<\/div>                        <\/div>\n                                                <div class=\"swiper-slide\">\n                            <div class=\"card-horizontal\">\n    <div class=\"left-side\">\n                    <a href=\"https:\/\/urban-connect.com\/it\/news\/focus-sui-casi-di-studio-helsana-offre-a-oltre-3400-dipendenti-un-budget-di-mobilita-urban-connect-senza-alcun-problema-grazie-a-scim\/\">\n                <img decoding=\"async\" \n                    class=\"image lazyload\" data-src=\"https:\/\/urban-connect.com\/wp-content\/uploads\/2026\/02\/HELSANA-x-UC-banner-768x511.png\"\n                    data-srcset=\"https:\/\/urban-connect.com\/wp-content\/uploads\/2026\/02\/HELSANA-x-UC-banner-768x511.png 768w, https:\/\/urban-connect.com\/wp-content\/uploads\/2026\/02\/HELSANA-x-UC-banner-300x199.png 300w, https:\/\/urban-connect.com\/wp-content\/uploads\/2026\/02\/HELSANA-x-UC-banner-1024x681.png 1024w, https:\/\/urban-connect.com\/wp-content\/uploads\/2026\/02\/HELSANA-x-UC-banner-1536x1021.png 1536w, https:\/\/urban-connect.com\/wp-content\/uploads\/2026\/02\/HELSANA-x-UC-banner.png 1590w\"\n                    data-sizes=\"(max-width: 768px) 100vw, 768px\"\n                    alt=\"Focus sui casi di studio: Helsana offre a oltre 3'400 dipendenti un budget di mobilit\u00e0 Urban Connect, senza alcun problema grazie a SCIM.\"\n                 src=\"data:image\/gif;base64,R0lGODlhAQABAAAAACH5BAEKAAEALAAAAAABAAEAAAICTAEAOw==\" style=\"--smush-placeholder-width: 768px; --smush-placeholder-aspect-ratio: 768\/511;\"><noscript><img decoding=\"async\" \n                    class=\"image\" src=\"https:\/\/urban-connect.com\/wp-content\/uploads\/2026\/02\/HELSANA-x-UC-banner-768x511.png\"\n                    srcset=\"https:\/\/urban-connect.com\/wp-content\/uploads\/2026\/02\/HELSANA-x-UC-banner-768x511.png 768w, https:\/\/urban-connect.com\/wp-content\/uploads\/2026\/02\/HELSANA-x-UC-banner-300x199.png 300w, https:\/\/urban-connect.com\/wp-content\/uploads\/2026\/02\/HELSANA-x-UC-banner-1024x681.png 1024w, https:\/\/urban-connect.com\/wp-content\/uploads\/2026\/02\/HELSANA-x-UC-banner-1536x1021.png 1536w, https:\/\/urban-connect.com\/wp-content\/uploads\/2026\/02\/HELSANA-x-UC-banner.png 1590w\"\n                    sizes=\"(max-width: 768px) 100vw, 768px\"\n                    alt=\"Focus sui casi di studio: Helsana offre a oltre 3'400 dipendenti un budget di mobilit\u00e0 Urban Connect, senza alcun problema grazie a SCIM.\"\n                ><\/noscript>\n            <\/a>\n                <\/div>\n    <div class=\"right-side\">\n                    <a href=\"https:\/\/urban-connect.com\/it\/news\/focus-sui-casi-di-studio-helsana-offre-a-oltre-3400-dipendenti-un-budget-di-mobilita-urban-connect-senza-alcun-problema-grazie-a-scim\/\">\n                <h6 class=\"title\">Focus sui casi di studio: Helsana offre a oltre 3&#8217;400 dipendenti un budget di mobilit\u00e0 Urban Connect, senza alcun problema grazie a SCIM.<\/h6>\n            <\/a>\n                        <span class=\"date\">Febbraio 05, 2026 <\/span>\n            \n\t        <\/div>\n<\/div>                        <\/div>\n                                        <\/div>\n                <div class=\"btn-slider \">\n    <div class=\"prev\">\n        <svg width=\"22\" height=\"12\" viewBox=\"0 0 22 12\" fill=\"none\" xmlns=\"http:\/\/www.w3.org\/2000\/svg\">\n            <path d=\"M5.094 4.476L7.74 1.83L6.03 0.102L0.432 5.7L6.03 11.298L7.74 9.57L5.076 6.906H21.42V4.476H5.094Z\" fill=\"white\"\/>\n        <\/svg>\n    <\/div>\n    <div class=\"next\">\n        <svg width=\"22\" height=\"12\" viewBox=\"0 0 22 12\" fill=\"none\" xmlns=\"http:\/\/www.w3.org\/2000\/svg\">\n            <path d=\"M14.292 1.83L16.938 4.476H0.612V6.906H16.956L14.292 9.57L16.002 11.298L21.6 5.7L16.002 0.102L14.292 1.83Z\" fill=\"white\"\/>\n        <\/svg>\n    <\/div>\n<\/div>            <\/div>\n        <\/div>\n    <\/section>\n    ","protected":false},"excerpt":{"rendered":"<p>Urban Connect \u00e8 entusiasta di annunciare la partnership con Helvetia Venture Fund e Swiss Prime Site Innovation Fund per accelerare il passaggio alla mobilit\u00e0 aziendale condivisa e sostenibile in Svizzera. Helvetia \u00e8 un gruppo assicurativo svizzero con una presenza globale. L&#8217;azienda \u00e8 quotata alla borsa valori SIX e ha sede a San Gallo. L&#8217;investimento in [&hellip;]<\/p>\n","protected":false},"featured_media":5713,"parent":0,"template":"","news_category":[46],"class_list":["post-5712","news","type-news","status-publish","has-post-thumbnail","hentry","news_category-notizie"],"acf":[],"yoast_head":"<!-- This site is optimized with the Yoast SEO plugin v23.2 - https:\/\/yoast.com\/wordpress\/plugins\/seo\/ -->\n<title>Partnership with Helvetia and Swiss Prime Site - Urban Connect<\/title>\n<meta name=\"description\" content=\"Urban Connect is entering into a partnership with Helvetia and Swiss Prime Site. The aim is to jointly drive forward the mobility revolution.\" \/>\n<meta name=\"robots\" content=\"index, follow, max-snippet:-1, max-image-preview:large, max-video-preview:-1\" \/>\n<link rel=\"canonical\" href=\"https:\/\/urban-connect.com\/it\/news\/urban-connect-entra-in-partnership-con-helvetia-e-swiss-prime-site\/\" \/>\n<meta property=\"og:locale\" content=\"it_IT\" \/>\n<meta property=\"og:type\" content=\"article\" \/>\n<meta property=\"og:title\" content=\"Partnership with Helvetia and Swiss Prime Site - Urban Connect\" \/>\n<meta property=\"og:description\" content=\"Urban Connect is entering into a partnership with Helvetia and Swiss Prime Site. The aim is to jointly drive forward the mobility revolution.\" \/>\n<meta property=\"og:url\" content=\"https:\/\/urban-connect.com\/it\/news\/urban-connect-entra-in-partnership-con-helvetia-e-swiss-prime-site\/\" \/>\n<meta property=\"og:site_name\" content=\"Urban Connect\" \/>\n<meta property=\"article:modified_time\" content=\"2024-09-20T11:59:24+00:00\" \/>\n<meta property=\"og:image\" content=\"https:\/\/urban-connect.com\/wp-content\/uploads\/2023\/04\/UC-NEWS-08122022_v2.jpg\" \/>\n\t<meta property=\"og:image:width\" content=\"882\" \/>\n\t<meta property=\"og:image:height\" content=\"582\" \/>\n\t<meta property=\"og:image:type\" content=\"image\/jpeg\" \/>\n<meta name=\"twitter:card\" content=\"summary_large_image\" \/>\n<meta name=\"twitter:label1\" content=\"Tempo di lettura stimato\" \/>\n\t<meta name=\"twitter:data1\" content=\"2 minuti\" \/>\n<script type=\"application\/ld+json\" class=\"yoast-schema-graph\">{\"@context\":\"https:\/\/schema.org\",\"@graph\":[{\"@type\":\"WebPage\",\"@id\":\"https:\/\/urban-connect.com\/it\/news\/urban-connect-entra-in-partnership-con-helvetia-e-swiss-prime-site\/\",\"url\":\"https:\/\/urban-connect.com\/it\/news\/urban-connect-entra-in-partnership-con-helvetia-e-swiss-prime-site\/\",\"name\":\"Partnership with Helvetia and Swiss Prime Site - Urban Connect\",\"isPartOf\":{\"@id\":\"https:\/\/urban-connect.com\/it\/#website\"},\"primaryImageOfPage\":{\"@id\":\"https:\/\/urban-connect.com\/it\/news\/urban-connect-entra-in-partnership-con-helvetia-e-swiss-prime-site\/#primaryimage\"},\"image\":{\"@id\":\"https:\/\/urban-connect.com\/it\/news\/urban-connect-entra-in-partnership-con-helvetia-e-swiss-prime-site\/#primaryimage\"},\"thumbnailUrl\":\"https:\/\/urban-connect.com\/wp-content\/uploads\/2023\/04\/UC-NEWS-08122022_v2.jpg\",\"datePublished\":\"2022-12-08T11:03:00+00:00\",\"dateModified\":\"2024-09-20T11:59:24+00:00\",\"description\":\"Urban Connect is entering into a partnership with Helvetia and Swiss Prime Site. The aim is to jointly drive forward the mobility revolution.\",\"breadcrumb\":{\"@id\":\"https:\/\/urban-connect.com\/it\/news\/urban-connect-entra-in-partnership-con-helvetia-e-swiss-prime-site\/#breadcrumb\"},\"inLanguage\":\"it-IT\",\"potentialAction\":[{\"@type\":\"ReadAction\",\"target\":[\"https:\/\/urban-connect.com\/it\/news\/urban-connect-entra-in-partnership-con-helvetia-e-swiss-prime-site\/\"]}]},{\"@type\":\"ImageObject\",\"inLanguage\":\"it-IT\",\"@id\":\"https:\/\/urban-connect.com\/it\/news\/urban-connect-entra-in-partnership-con-helvetia-e-swiss-prime-site\/#primaryimage\",\"url\":\"https:\/\/urban-connect.com\/wp-content\/uploads\/2023\/04\/UC-NEWS-08122022_v2.jpg\",\"contentUrl\":\"https:\/\/urban-connect.com\/wp-content\/uploads\/2023\/04\/UC-NEWS-08122022_v2.jpg\",\"width\":882,\"height\":582,\"caption\":\"UC Cooperations\"},{\"@type\":\"BreadcrumbList\",\"@id\":\"https:\/\/urban-connect.com\/it\/news\/urban-connect-entra-in-partnership-con-helvetia-e-swiss-prime-site\/#breadcrumb\",\"itemListElement\":[{\"@type\":\"ListItem\",\"position\":1,\"name\":\"Home\",\"item\":\"https:\/\/urban-connect.com\/it\/\"},{\"@type\":\"ListItem\",\"position\":2,\"name\":\"Urban Connect entra in partnership con Helvetia e Swiss Prime Site\"}]},{\"@type\":\"WebSite\",\"@id\":\"https:\/\/urban-connect.com\/it\/#website\",\"url\":\"https:\/\/urban-connect.com\/it\/\",\"name\":\"Urban Connect\",\"description\":\"\",\"potentialAction\":[{\"@type\":\"SearchAction\",\"target\":{\"@type\":\"EntryPoint\",\"urlTemplate\":\"https:\/\/urban-connect.com\/it\/?s={search_term_string}\"},\"query-input\":\"required name=search_term_string\"}],\"inLanguage\":\"it-IT\"}]}<\/script>\n<!-- \/ Yoast SEO plugin. -->","yoast_head_json":{"title":"Partnership with Helvetia and Swiss Prime Site - Urban Connect","description":"Urban Connect is entering into a partnership with Helvetia and Swiss Prime Site. The aim is to jointly drive forward the mobility revolution.","robots":{"index":"index","follow":"follow","max-snippet":"max-snippet:-1","max-image-preview":"max-image-preview:large","max-video-preview":"max-video-preview:-1"},"canonical":"https:\/\/urban-connect.com\/it\/news\/urban-connect-entra-in-partnership-con-helvetia-e-swiss-prime-site\/","og_locale":"it_IT","og_type":"article","og_title":"Partnership with Helvetia and Swiss Prime Site - Urban Connect","og_description":"Urban Connect is entering into a partnership with Helvetia and Swiss Prime Site. The aim is to jointly drive forward the mobility revolution.","og_url":"https:\/\/urban-connect.com\/it\/news\/urban-connect-entra-in-partnership-con-helvetia-e-swiss-prime-site\/","og_site_name":"Urban Connect","article_modified_time":"2024-09-20T11:59:24+00:00","og_image":[{"width":882,"height":582,"url":"https:\/\/urban-connect.com\/wp-content\/uploads\/2023\/04\/UC-NEWS-08122022_v2.jpg","type":"image\/jpeg"}],"twitter_card":"summary_large_image","twitter_misc":{"Tempo di lettura stimato":"2 minuti"},"schema":{"@context":"https:\/\/schema.org","@graph":[{"@type":"WebPage","@id":"https:\/\/urban-connect.com\/it\/news\/urban-connect-entra-in-partnership-con-helvetia-e-swiss-prime-site\/","url":"https:\/\/urban-connect.com\/it\/news\/urban-connect-entra-in-partnership-con-helvetia-e-swiss-prime-site\/","name":"Partnership with Helvetia and Swiss Prime Site - Urban Connect","isPartOf":{"@id":"https:\/\/urban-connect.com\/it\/#website"},"primaryImageOfPage":{"@id":"https:\/\/urban-connect.com\/it\/news\/urban-connect-entra-in-partnership-con-helvetia-e-swiss-prime-site\/#primaryimage"},"image":{"@id":"https:\/\/urban-connect.com\/it\/news\/urban-connect-entra-in-partnership-con-helvetia-e-swiss-prime-site\/#primaryimage"},"thumbnailUrl":"https:\/\/urban-connect.com\/wp-content\/uploads\/2023\/04\/UC-NEWS-08122022_v2.jpg","datePublished":"2022-12-08T11:03:00+00:00","dateModified":"2024-09-20T11:59:24+00:00","description":"Urban Connect is entering into a partnership with Helvetia and Swiss Prime Site. The aim is to jointly drive forward the mobility revolution.","breadcrumb":{"@id":"https:\/\/urban-connect.com\/it\/news\/urban-connect-entra-in-partnership-con-helvetia-e-swiss-prime-site\/#breadcrumb"},"inLanguage":"it-IT","potentialAction":[{"@type":"ReadAction","target":["https:\/\/urban-connect.com\/it\/news\/urban-connect-entra-in-partnership-con-helvetia-e-swiss-prime-site\/"]}]},{"@type":"ImageObject","inLanguage":"it-IT","@id":"https:\/\/urban-connect.com\/it\/news\/urban-connect-entra-in-partnership-con-helvetia-e-swiss-prime-site\/#primaryimage","url":"https:\/\/urban-connect.com\/wp-content\/uploads\/2023\/04\/UC-NEWS-08122022_v2.jpg","contentUrl":"https:\/\/urban-connect.com\/wp-content\/uploads\/2023\/04\/UC-NEWS-08122022_v2.jpg","width":882,"height":582,"caption":"UC Cooperations"},{"@type":"BreadcrumbList","@id":"https:\/\/urban-connect.com\/it\/news\/urban-connect-entra-in-partnership-con-helvetia-e-swiss-prime-site\/#breadcrumb","itemListElement":[{"@type":"ListItem","position":1,"name":"Home","item":"https:\/\/urban-connect.com\/it\/"},{"@type":"ListItem","position":2,"name":"Urban Connect entra in partnership con Helvetia e Swiss Prime Site"}]},{"@type":"WebSite","@id":"https:\/\/urban-connect.com\/it\/#website","url":"https:\/\/urban-connect.com\/it\/","name":"Urban Connect","description":"","potentialAction":[{"@type":"SearchAction","target":{"@type":"EntryPoint","urlTemplate":"https:\/\/urban-connect.com\/it\/?s={search_term_string}"},"query-input":"required name=search_term_string"}],"inLanguage":"it-IT"}]}},"_links":{"self":[{"href":"https:\/\/urban-connect.com\/it\/wp-json\/wp\/v2\/news\/5712","targetHints":{"allow":["GET"]}}],"collection":[{"href":"https:\/\/urban-connect.com\/it\/wp-json\/wp\/v2\/news"}],"about":[{"href":"https:\/\/urban-connect.com\/it\/wp-json\/wp\/v2\/types\/news"}],"wp:featuredmedia":[{"embeddable":true,"href":"https:\/\/urban-connect.com\/it\/wp-json\/wp\/v2\/media\/5713"}],"wp:attachment":[{"href":"https:\/\/urban-connect.com\/it\/wp-json\/wp\/v2\/media?parent=5712"}],"wp:term":[{"taxonomy":"news_category","embeddable":true,"href":"https:\/\/urban-connect.com\/it\/wp-json\/wp\/v2\/news_category?post=5712"}],"curies":[{"name":"wp","href":"https:\/\/api.w.org\/{rel}","templated":true}]}}