{"id":5709,"date":"2021-05-15T11:45:00","date_gmt":"2021-05-15T11:45:00","guid":{"rendered":"https:\/\/urban-connect.com\/news\/why-a-corporate-e-bike-fleet-is-good-for-your-employee-health-and-well-being\/"},"modified":"2025-01-27T11:07:23","modified_gmt":"2025-01-27T11:07:23","slug":"perche-una-flotta-aziendale-di-biciclette-elettriche-fa-bene-alla-salute-e-al-benessere-dei-tuoi-dipendenti-2","status":"publish","type":"news","link":"https:\/\/urban-connect.com\/it\/news\/perche-una-flotta-aziendale-di-biciclette-elettriche-fa-bene-alla-salute-e-al-benessere-dei-tuoi-dipendenti-2\/","title":{"rendered":"Perch\u00e9 una flotta aziendale di biciclette elettriche fa bene alla salute e al benessere dei tuoi dipendenti"},"content":{"rendered":"\n<p>Andare in bicicletta pu\u00f2 avere un effetto positivo sulla salute e sul benessere dei dipendenti. Il motivo \u00e8 che costituisce movimento ed esercizio fisico per i dipendenti. E poich\u00e9 la bicicletta \u00e8 una forma di esercizio fisico, l&#8217;uso regolare della bicicletta e dell&#8217;e-bike pu\u00f2 avere i seguenti effetti positivi sulla salute dei dipendenti: 1) migliore salute fisica, 2) miglioramento delle funzioni cognitive e 3) aumento del benessere generale dei dipendenti.<\/p>\n\n\n\n<h2 class=\"wp-block-heading\">Il ciclismo migliora la salute fisica<\/h2>\n\n\n\n<p>\u00c8 stato dimostrato che l&#8217;esercizio fisico come il ciclismo fa davvero bene alla salute e al benessere <a href=\"https:\/\/bmcpublichealth.biomedcentral.com\/articles\/10.1186\/1471-2458-13-813\">[1<\/a><a href=\"https:\/\/pubmed.ncbi.nlm.nih.gov\/16534088\/\">,2<\/a><a href=\"https:\/\/www.ncbi.nlm.nih.gov\/pmc\/articles\/PMC3448908\/\">,3<\/a><a href=\"https:\/\/www.sciencedirect.com\/science\/article\/pii\/S2095254619300493\">,4]<\/a>. Infatti, uno studio ha dimostrato che l&#8217;esercizio fisico riduce il rischio di malattie gravi come quelle cardiache, il diabete, l&#8217;obesit\u00e0, ecc. &#8211; e limita anche la gravit\u00e0 di tali patologie <a href=\"https:\/\/pubmed.ncbi.nlm.nih.gov\/16534088\/\">[2]<\/a>.<\/p>\n\n\n\n<figure class=\"wp-block-image size-full\"><img loading=\"lazy\" decoding=\"async\" width=\"545\" height=\"420\" data-src=\"http:\/\/www.urban-connect.com\/wp-content\/uploads\/2023\/05\/15-3-21-2.png\" alt=\"\" class=\"wp-image-2296 lazyload\" data-srcset=\"https:\/\/urban-connect.com\/wp-content\/uploads\/2023\/05\/15-3-21-2.png 545w, https:\/\/urban-connect.com\/wp-content\/uploads\/2023\/05\/15-3-21-2-300x231.png 300w\" data-sizes=\"auto, (max-width: 545px) 100vw, 545px\" src=\"data:image\/gif;base64,R0lGODlhAQABAAAAACH5BAEKAAEALAAAAAABAAEAAAICTAEAOw==\" style=\"--smush-placeholder-width: 545px; --smush-placeholder-aspect-ratio: 545\/420;\" \/><noscript><img loading=\"lazy\" decoding=\"async\" width=\"545\" height=\"420\" src=\"http:\/\/www.urban-connect.com\/wp-content\/uploads\/2023\/05\/15-3-21-2.png\" alt=\"\" class=\"wp-image-2296\" srcset=\"https:\/\/urban-connect.com\/wp-content\/uploads\/2023\/05\/15-3-21-2.png 545w, https:\/\/urban-connect.com\/wp-content\/uploads\/2023\/05\/15-3-21-2-300x231.png 300w\" sizes=\"auto, (max-width: 545px) 100vw, 545px\" \/><\/noscript><\/figure>\n\n\n\n<p>Inoltre, cosa importante nel contesto dell&#8217;uso delle e-bike, la ricerca ha dimostrato che anche piccoli aumenti dei livelli di esercizio fisico di persone normalmente sedentarie &#8211; come la prova di una e-bike &#8211; sono associati a grandi miglioramenti dello stato di salute <a href=\"https:\/\/www.ncbi.nlm.nih.gov\/pmc\/articles\/PMC3448908\/\">[3]<\/a>. Si tratta di un&#8217;ottima notizia per le persone che attualmente non sono in forma e non fanno esercizio fisico regolare: possono facilmente trarre benefici per la salute da un piccolo aumento dell&#8217;attivit\u00e0 fisica. Quindi, in breve: l&#8217;e-bike offre un&#8217;ottima opzione per iniziare a fare attivit\u00e0 fisica.<\/p>\n\n\n\n<p>Vuoi saperne di pi\u00f9 sui vantaggi di una flotta aziendale di e-bike per i tuoi dipendenti? Compila semplicemente il modulo qui sotto e riceverai il whitepaper completo direttamente nella tua casella e-mail!<\/p>\n\n\n\n<script charset=\"utf-8\" type=\"text\/javascript\" src=\"\/\/js.hsforms.net\/forms\/embed\/v2.js\"><\/script>\n<script>\n  hbspt.forms.create({\n    portalId: \"4873065\",\n    formId: \"a654f1fc-95e5-4cbb-b7c1-b32555cfee31\"\n  });\n<\/script>\n\n\n        <section class=\"author-block\">\n            <div class=\"container\">\n                <div class=\"left-side\">\n                    <h6 class=\"name\">Judith H\u00e4berli<\/h6>\n                    <span class=\"position\">Chief Operations Officer &#038; Co-Founder<\/span>\n                <\/div>\n                <div class=\"right-side\">\n                                            <img decoding=\"async\" \n                        class=\"image lazyload\" data-src=\"https:\/\/urban-connect.com\/wp-content\/uploads\/2024\/01\/Judith-1024x1024.jpg\"\n                        data-srcset=\"https:\/\/urban-connect.com\/wp-content\/uploads\/2024\/01\/Judith-1024x1024.jpg 1024w, https:\/\/urban-connect.com\/wp-content\/uploads\/2024\/01\/Judith-300x300.jpg 300w, https:\/\/urban-connect.com\/wp-content\/uploads\/2024\/01\/Judith-150x150.jpg 150w, https:\/\/urban-connect.com\/wp-content\/uploads\/2024\/01\/Judith-768x768.jpg 768w, https:\/\/urban-connect.com\/wp-content\/uploads\/2024\/01\/Judith-1080x1080.jpg 1080w, https:\/\/urban-connect.com\/wp-content\/uploads\/2024\/01\/Judith.jpg 1250w\"\n                        data-sizes=\"(max-width: 1024px) 100vw, 1024px\"\n                        alt=\"Chart Image\"\n                         src=\"data:image\/gif;base64,R0lGODlhAQABAAAAACH5BAEKAAEALAAAAAABAAEAAAICTAEAOw==\" style=\"--smush-placeholder-width: 1024px; --smush-placeholder-aspect-ratio: 1024\/1024;\"><noscript><img decoding=\"async\" \n                        class=\"image\" src=\"https:\/\/urban-connect.com\/wp-content\/uploads\/2024\/01\/Judith-1024x1024.jpg\"\n                        srcset=\"https:\/\/urban-connect.com\/wp-content\/uploads\/2024\/01\/Judith-1024x1024.jpg 1024w, https:\/\/urban-connect.com\/wp-content\/uploads\/2024\/01\/Judith-300x300.jpg 300w, https:\/\/urban-connect.com\/wp-content\/uploads\/2024\/01\/Judith-150x150.jpg 150w, https:\/\/urban-connect.com\/wp-content\/uploads\/2024\/01\/Judith-768x768.jpg 768w, https:\/\/urban-connect.com\/wp-content\/uploads\/2024\/01\/Judith-1080x1080.jpg 1080w, https:\/\/urban-connect.com\/wp-content\/uploads\/2024\/01\/Judith.jpg 1250w\"\n                        sizes=\"(max-width: 1024px) 100vw, 1024px\"\n                        alt=\"Chart Image\"\n                        ><\/noscript>\n                                        <\/div>\n            <\/div>\n        <\/section>\n        \n\n    <section class=\"related-posts\">\n        <div class=\"container\">\n            <h4 class=\"block-title\"><\/h4>\n        <\/div>\n        <div class=\"container posts-wrap\">\n            <div class=\"swiper swiper-related-posts\">\n                <div class=\"swiper-wrapper\">\n                                            <div class=\"swiper-slide\">\n                            <div class=\"card-horizontal\">\n    <div class=\"left-side\">\n                    <a href=\"https:\/\/urban-connect.com\/it\/news\/wheels-wine-2026-unedizione-storica-che-definisce-il-futuro-della-mobilita-aziendale\/\">\n                <img decoding=\"async\" \n                    class=\"image lazyload\" data-src=\"https:\/\/urban-connect.com\/wp-content\/uploads\/2026\/03\/F06A4076-768x512.jpg\"\n                    data-srcset=\"https:\/\/urban-connect.com\/wp-content\/uploads\/2026\/03\/F06A4076-768x512.jpg 768w, https:\/\/urban-connect.com\/wp-content\/uploads\/2026\/03\/F06A4076-300x200.jpg 300w, https:\/\/urban-connect.com\/wp-content\/uploads\/2026\/03\/F06A4076-1024x683.jpg 1024w, https:\/\/urban-connect.com\/wp-content\/uploads\/2026\/03\/F06A4076-1536x1024.jpg 1536w, https:\/\/urban-connect.com\/wp-content\/uploads\/2026\/03\/F06A4076-2048x1365.jpg 2048w, https:\/\/urban-connect.com\/wp-content\/uploads\/2026\/03\/F06A4076-1620x1080.jpg 1620w\"\n                    data-sizes=\"(max-width: 768px) 100vw, 768px\"\n                    alt=\"Wheels &amp; Wine 2026 \u2013 Un\u2019edizione storica che definisce il futuro della mobilit\u00e0 aziendale\"\n                 src=\"data:image\/gif;base64,R0lGODlhAQABAAAAACH5BAEKAAEALAAAAAABAAEAAAICTAEAOw==\" style=\"--smush-placeholder-width: 768px; --smush-placeholder-aspect-ratio: 768\/512;\"><noscript><img decoding=\"async\" \n                    class=\"image\" src=\"https:\/\/urban-connect.com\/wp-content\/uploads\/2026\/03\/F06A4076-768x512.jpg\"\n                    srcset=\"https:\/\/urban-connect.com\/wp-content\/uploads\/2026\/03\/F06A4076-768x512.jpg 768w, https:\/\/urban-connect.com\/wp-content\/uploads\/2026\/03\/F06A4076-300x200.jpg 300w, https:\/\/urban-connect.com\/wp-content\/uploads\/2026\/03\/F06A4076-1024x683.jpg 1024w, https:\/\/urban-connect.com\/wp-content\/uploads\/2026\/03\/F06A4076-1536x1024.jpg 1536w, https:\/\/urban-connect.com\/wp-content\/uploads\/2026\/03\/F06A4076-2048x1365.jpg 2048w, https:\/\/urban-connect.com\/wp-content\/uploads\/2026\/03\/F06A4076-1620x1080.jpg 1620w\"\n                    sizes=\"(max-width: 768px) 100vw, 768px\"\n                    alt=\"Wheels &amp; Wine 2026 \u2013 Un\u2019edizione storica che definisce il futuro della mobilit\u00e0 aziendale\"\n                ><\/noscript>\n            <\/a>\n                <\/div>\n    <div class=\"right-side\">\n                    <a href=\"https:\/\/urban-connect.com\/it\/news\/wheels-wine-2026-unedizione-storica-che-definisce-il-futuro-della-mobilita-aziendale\/\">\n                <h6 class=\"title\">Wheels &amp; Wine 2026 \u2013 Un\u2019edizione storica che definisce il futuro della mobilit\u00e0 aziendale<\/h6>\n            <\/a>\n                        <span class=\"date\">Marzo 24, 2026 <\/span>\n            \n\t        <\/div>\n<\/div>                        <\/div>\n                                                <div class=\"swiper-slide\">\n                            <div class=\"card-horizontal\">\n    <div class=\"left-side\">\n                    <a href=\"https:\/\/urban-connect.com\/it\/news\/cosa-succedera-quando-la-ricarica-dei-veicoli-elettrici-funzionera-finalmente\/\">\n                <img decoding=\"async\" \n                    class=\"image lazyload\" data-src=\"https:\/\/urban-connect.com\/wp-content\/uploads\/2026\/03\/Zaptec-cover-3-1-768x453.png\"\n                    data-srcset=\"https:\/\/urban-connect.com\/wp-content\/uploads\/2026\/03\/Zaptec-cover-3-1-768x453.png 768w, https:\/\/urban-connect.com\/wp-content\/uploads\/2026\/03\/Zaptec-cover-3-1-300x177.png 300w, https:\/\/urban-connect.com\/wp-content\/uploads\/2026\/03\/Zaptec-cover-3-1-1024x604.png 1024w, https:\/\/urban-connect.com\/wp-content\/uploads\/2026\/03\/Zaptec-cover-3-1-1536x906.png 1536w, https:\/\/urban-connect.com\/wp-content\/uploads\/2026\/03\/Zaptec-cover-3-1-2048x1208.png 2048w, https:\/\/urban-connect.com\/wp-content\/uploads\/2026\/03\/Zaptec-cover-3-1-1831x1080.png 1831w\"\n                    data-sizes=\"(max-width: 768px) 100vw, 768px\"\n                    alt=\"Cosa succeder\u00e0 quando la ricarica dei veicoli elettrici funzioner\u00e0 finalmente?\"\n                 src=\"data:image\/gif;base64,R0lGODlhAQABAAAAACH5BAEKAAEALAAAAAABAAEAAAICTAEAOw==\" style=\"--smush-placeholder-width: 768px; --smush-placeholder-aspect-ratio: 768\/453;\"><noscript><img decoding=\"async\" \n                    class=\"image\" src=\"https:\/\/urban-connect.com\/wp-content\/uploads\/2026\/03\/Zaptec-cover-3-1-768x453.png\"\n                    srcset=\"https:\/\/urban-connect.com\/wp-content\/uploads\/2026\/03\/Zaptec-cover-3-1-768x453.png 768w, https:\/\/urban-connect.com\/wp-content\/uploads\/2026\/03\/Zaptec-cover-3-1-300x177.png 300w, https:\/\/urban-connect.com\/wp-content\/uploads\/2026\/03\/Zaptec-cover-3-1-1024x604.png 1024w, https:\/\/urban-connect.com\/wp-content\/uploads\/2026\/03\/Zaptec-cover-3-1-1536x906.png 1536w, https:\/\/urban-connect.com\/wp-content\/uploads\/2026\/03\/Zaptec-cover-3-1-2048x1208.png 2048w, https:\/\/urban-connect.com\/wp-content\/uploads\/2026\/03\/Zaptec-cover-3-1-1831x1080.png 1831w\"\n                    sizes=\"(max-width: 768px) 100vw, 768px\"\n                    alt=\"Cosa succeder\u00e0 quando la ricarica dei veicoli elettrici funzioner\u00e0 finalmente?\"\n                ><\/noscript>\n            <\/a>\n                <\/div>\n    <div class=\"right-side\">\n                    <a href=\"https:\/\/urban-connect.com\/it\/news\/cosa-succedera-quando-la-ricarica-dei-veicoli-elettrici-funzionera-finalmente\/\">\n                <h6 class=\"title\">Cosa succeder\u00e0 quando la ricarica dei veicoli elettrici funzioner\u00e0 finalmente?<\/h6>\n            <\/a>\n                        <span class=\"date\">Marzo 17, 2026 <\/span>\n            \n\t        <\/div>\n<\/div>                        <\/div>\n                                                <div class=\"swiper-slide\">\n                            <div class=\"card-horizontal\">\n    <div class=\"left-side\">\n                    <a href=\"https:\/\/urban-connect.com\/it\/news\/focus-sui-casi-di-studio-helsana-offre-a-oltre-3400-dipendenti-un-budget-di-mobilita-urban-connect-senza-alcun-problema-grazie-a-scim\/\">\n                <img decoding=\"async\" \n                    class=\"image lazyload\" data-src=\"https:\/\/urban-connect.com\/wp-content\/uploads\/2026\/02\/HELSANA-x-UC-banner-768x511.png\"\n                    data-srcset=\"https:\/\/urban-connect.com\/wp-content\/uploads\/2026\/02\/HELSANA-x-UC-banner-768x511.png 768w, https:\/\/urban-connect.com\/wp-content\/uploads\/2026\/02\/HELSANA-x-UC-banner-300x199.png 300w, https:\/\/urban-connect.com\/wp-content\/uploads\/2026\/02\/HELSANA-x-UC-banner-1024x681.png 1024w, https:\/\/urban-connect.com\/wp-content\/uploads\/2026\/02\/HELSANA-x-UC-banner-1536x1021.png 1536w, https:\/\/urban-connect.com\/wp-content\/uploads\/2026\/02\/HELSANA-x-UC-banner.png 1590w\"\n                    data-sizes=\"(max-width: 768px) 100vw, 768px\"\n                    alt=\"Focus sui casi di studio: Helsana offre a oltre 3'400 dipendenti un budget di mobilit\u00e0 Urban Connect, senza alcun problema grazie a SCIM.\"\n                 src=\"data:image\/gif;base64,R0lGODlhAQABAAAAACH5BAEKAAEALAAAAAABAAEAAAICTAEAOw==\" style=\"--smush-placeholder-width: 768px; --smush-placeholder-aspect-ratio: 768\/511;\"><noscript><img decoding=\"async\" \n                    class=\"image\" src=\"https:\/\/urban-connect.com\/wp-content\/uploads\/2026\/02\/HELSANA-x-UC-banner-768x511.png\"\n                    srcset=\"https:\/\/urban-connect.com\/wp-content\/uploads\/2026\/02\/HELSANA-x-UC-banner-768x511.png 768w, https:\/\/urban-connect.com\/wp-content\/uploads\/2026\/02\/HELSANA-x-UC-banner-300x199.png 300w, https:\/\/urban-connect.com\/wp-content\/uploads\/2026\/02\/HELSANA-x-UC-banner-1024x681.png 1024w, https:\/\/urban-connect.com\/wp-content\/uploads\/2026\/02\/HELSANA-x-UC-banner-1536x1021.png 1536w, https:\/\/urban-connect.com\/wp-content\/uploads\/2026\/02\/HELSANA-x-UC-banner.png 1590w\"\n                    sizes=\"(max-width: 768px) 100vw, 768px\"\n                    alt=\"Focus sui casi di studio: Helsana offre a oltre 3'400 dipendenti un budget di mobilit\u00e0 Urban Connect, senza alcun problema grazie a SCIM.\"\n                ><\/noscript>\n            <\/a>\n                <\/div>\n    <div class=\"right-side\">\n                    <a href=\"https:\/\/urban-connect.com\/it\/news\/focus-sui-casi-di-studio-helsana-offre-a-oltre-3400-dipendenti-un-budget-di-mobilita-urban-connect-senza-alcun-problema-grazie-a-scim\/\">\n                <h6 class=\"title\">Focus sui casi di studio: Helsana offre a oltre 3&#8217;400 dipendenti un budget di mobilit\u00e0 Urban Connect, senza alcun problema grazie a SCIM.<\/h6>\n            <\/a>\n                        <span class=\"date\">Febbraio 05, 2026 <\/span>\n            \n\t        <\/div>\n<\/div>                        <\/div>\n                                        <\/div>\n                <div class=\"btn-slider \">\n    <div class=\"prev\">\n        <svg width=\"22\" height=\"12\" viewBox=\"0 0 22 12\" fill=\"none\" xmlns=\"http:\/\/www.w3.org\/2000\/svg\">\n            <path d=\"M5.094 4.476L7.74 1.83L6.03 0.102L0.432 5.7L6.03 11.298L7.74 9.57L5.076 6.906H21.42V4.476H5.094Z\" fill=\"white\"\/>\n        <\/svg>\n    <\/div>\n    <div class=\"next\">\n        <svg width=\"22\" height=\"12\" viewBox=\"0 0 22 12\" fill=\"none\" xmlns=\"http:\/\/www.w3.org\/2000\/svg\">\n            <path d=\"M14.292 1.83L16.938 4.476H0.612V6.906H16.956L14.292 9.57L16.002 11.298L21.6 5.7L16.002 0.102L14.292 1.83Z\" fill=\"white\"\/>\n        <\/svg>\n    <\/div>\n<\/div>            <\/div>\n        <\/div>\n    <\/section>\n    ","protected":false},"excerpt":{"rendered":"<p>Andare in bicicletta pu\u00f2 avere un effetto positivo sulla salute e sul benessere dei dipendenti. Il motivo \u00e8 che costituisce movimento ed esercizio fisico per i dipendenti. E poich\u00e9 la bicicletta \u00e8 una forma di esercizio fisico, l&#8217;uso regolare della bicicletta e dell&#8217;e-bike pu\u00f2 avere i seguenti effetti positivi sulla salute dei dipendenti: 1) migliore [&hellip;]<\/p>\n","protected":false},"featured_media":5711,"parent":0,"template":"","news_category":[47],"class_list":["post-5709","news","type-news","status-publish","has-post-thumbnail","hentry","news_category-libri-bianchi"],"acf":[],"yoast_head":"<!-- This site is optimized with the Yoast SEO plugin v23.2 - https:\/\/yoast.com\/wordpress\/plugins\/seo\/ -->\n<title>The positive impacts of cycling on health and well-being<\/title>\n<meta name=\"description\" content=\"Learn about the numerous positive impacts of cycling on health and well-being. Also find out how Urban Connect can assist in this regard.\" \/>\n<meta name=\"robots\" content=\"index, follow, max-snippet:-1, max-image-preview:large, max-video-preview:-1\" \/>\n<link rel=\"canonical\" href=\"https:\/\/urban-connect.com\/it\/news\/perche-una-flotta-aziendale-di-biciclette-elettriche-fa-bene-alla-salute-e-al-benessere-dei-tuoi-dipendenti-2\/\" \/>\n<meta property=\"og:locale\" content=\"it_IT\" \/>\n<meta property=\"og:type\" content=\"article\" \/>\n<meta property=\"og:title\" content=\"The positive impacts of cycling on health and well-being\" \/>\n<meta property=\"og:description\" content=\"Learn about the numerous positive impacts of cycling on health and well-being. Also find out how Urban Connect can assist in this regard.\" \/>\n<meta property=\"og:url\" content=\"https:\/\/urban-connect.com\/it\/news\/perche-una-flotta-aziendale-di-biciclette-elettriche-fa-bene-alla-salute-e-al-benessere-dei-tuoi-dipendenti-2\/\" \/>\n<meta property=\"og:site_name\" content=\"Urban Connect\" \/>\n<meta property=\"article:modified_time\" content=\"2025-01-27T11:07:23+00:00\" \/>\n<meta property=\"og:image\" content=\"https:\/\/urban-connect.com\/wp-content\/uploads\/2021\/05\/UC-NEWS-03152021.jpeg\" \/>\n\t<meta property=\"og:image:width\" content=\"882\" \/>\n\t<meta property=\"og:image:height\" content=\"582\" \/>\n\t<meta property=\"og:image:type\" content=\"image\/jpeg\" \/>\n<meta name=\"twitter:card\" content=\"summary_large_image\" \/>\n<meta name=\"twitter:label1\" content=\"Tempo di lettura stimato\" \/>\n\t<meta name=\"twitter:data1\" content=\"2 minuti\" \/>\n<script type=\"application\/ld+json\" class=\"yoast-schema-graph\">{\"@context\":\"https:\/\/schema.org\",\"@graph\":[{\"@type\":\"WebPage\",\"@id\":\"https:\/\/urban-connect.com\/it\/news\/perche-una-flotta-aziendale-di-biciclette-elettriche-fa-bene-alla-salute-e-al-benessere-dei-tuoi-dipendenti-2\/\",\"url\":\"https:\/\/urban-connect.com\/it\/news\/perche-una-flotta-aziendale-di-biciclette-elettriche-fa-bene-alla-salute-e-al-benessere-dei-tuoi-dipendenti-2\/\",\"name\":\"The positive impacts of cycling on health and well-being\",\"isPartOf\":{\"@id\":\"https:\/\/urban-connect.com\/it\/#website\"},\"primaryImageOfPage\":{\"@id\":\"https:\/\/urban-connect.com\/it\/news\/perche-una-flotta-aziendale-di-biciclette-elettriche-fa-bene-alla-salute-e-al-benessere-dei-tuoi-dipendenti-2\/#primaryimage\"},\"image\":{\"@id\":\"https:\/\/urban-connect.com\/it\/news\/perche-una-flotta-aziendale-di-biciclette-elettriche-fa-bene-alla-salute-e-al-benessere-dei-tuoi-dipendenti-2\/#primaryimage\"},\"thumbnailUrl\":\"https:\/\/urban-connect.com\/wp-content\/uploads\/2021\/05\/UC-NEWS-03152021.jpeg\",\"datePublished\":\"2021-05-15T11:45:00+00:00\",\"dateModified\":\"2025-01-27T11:07:23+00:00\",\"description\":\"Learn about the numerous positive impacts of cycling on health and well-being. Also find out how Urban Connect can assist in this regard.\",\"breadcrumb\":{\"@id\":\"https:\/\/urban-connect.com\/it\/news\/perche-una-flotta-aziendale-di-biciclette-elettriche-fa-bene-alla-salute-e-al-benessere-dei-tuoi-dipendenti-2\/#breadcrumb\"},\"inLanguage\":\"it-IT\",\"potentialAction\":[{\"@type\":\"ReadAction\",\"target\":[\"https:\/\/urban-connect.com\/it\/news\/perche-una-flotta-aziendale-di-biciclette-elettriche-fa-bene-alla-salute-e-al-benessere-dei-tuoi-dipendenti-2\/\"]}]},{\"@type\":\"ImageObject\",\"inLanguage\":\"it-IT\",\"@id\":\"https:\/\/urban-connect.com\/it\/news\/perche-una-flotta-aziendale-di-biciclette-elettriche-fa-bene-alla-salute-e-al-benessere-dei-tuoi-dipendenti-2\/#primaryimage\",\"url\":\"https:\/\/urban-connect.com\/wp-content\/uploads\/2021\/05\/UC-NEWS-03152021.jpeg\",\"contentUrl\":\"https:\/\/urban-connect.com\/wp-content\/uploads\/2021\/05\/UC-NEWS-03152021.jpeg\",\"width\":882,\"height\":582,\"caption\":\"Sticker aim\"},{\"@type\":\"BreadcrumbList\",\"@id\":\"https:\/\/urban-connect.com\/it\/news\/perche-una-flotta-aziendale-di-biciclette-elettriche-fa-bene-alla-salute-e-al-benessere-dei-tuoi-dipendenti-2\/#breadcrumb\",\"itemListElement\":[{\"@type\":\"ListItem\",\"position\":1,\"name\":\"Home\",\"item\":\"https:\/\/urban-connect.com\/it\/\"},{\"@type\":\"ListItem\",\"position\":2,\"name\":\"Perch\u00e9 una flotta aziendale di biciclette elettriche fa bene alla salute e al benessere dei tuoi dipendenti\"}]},{\"@type\":\"WebSite\",\"@id\":\"https:\/\/urban-connect.com\/it\/#website\",\"url\":\"https:\/\/urban-connect.com\/it\/\",\"name\":\"Urban Connect\",\"description\":\"\",\"potentialAction\":[{\"@type\":\"SearchAction\",\"target\":{\"@type\":\"EntryPoint\",\"urlTemplate\":\"https:\/\/urban-connect.com\/it\/?s={search_term_string}\"},\"query-input\":\"required name=search_term_string\"}],\"inLanguage\":\"it-IT\"}]}<\/script>\n<!-- \/ Yoast SEO plugin. -->","yoast_head_json":{"title":"The positive impacts of cycling on health and well-being","description":"Learn about the numerous positive impacts of cycling on health and well-being. Also find out how Urban Connect can assist in this regard.","robots":{"index":"index","follow":"follow","max-snippet":"max-snippet:-1","max-image-preview":"max-image-preview:large","max-video-preview":"max-video-preview:-1"},"canonical":"https:\/\/urban-connect.com\/it\/news\/perche-una-flotta-aziendale-di-biciclette-elettriche-fa-bene-alla-salute-e-al-benessere-dei-tuoi-dipendenti-2\/","og_locale":"it_IT","og_type":"article","og_title":"The positive impacts of cycling on health and well-being","og_description":"Learn about the numerous positive impacts of cycling on health and well-being. Also find out how Urban Connect can assist in this regard.","og_url":"https:\/\/urban-connect.com\/it\/news\/perche-una-flotta-aziendale-di-biciclette-elettriche-fa-bene-alla-salute-e-al-benessere-dei-tuoi-dipendenti-2\/","og_site_name":"Urban Connect","article_modified_time":"2025-01-27T11:07:23+00:00","og_image":[{"width":882,"height":582,"url":"https:\/\/urban-connect.com\/wp-content\/uploads\/2021\/05\/UC-NEWS-03152021.jpeg","type":"image\/jpeg"}],"twitter_card":"summary_large_image","twitter_misc":{"Tempo di lettura stimato":"2 minuti"},"schema":{"@context":"https:\/\/schema.org","@graph":[{"@type":"WebPage","@id":"https:\/\/urban-connect.com\/it\/news\/perche-una-flotta-aziendale-di-biciclette-elettriche-fa-bene-alla-salute-e-al-benessere-dei-tuoi-dipendenti-2\/","url":"https:\/\/urban-connect.com\/it\/news\/perche-una-flotta-aziendale-di-biciclette-elettriche-fa-bene-alla-salute-e-al-benessere-dei-tuoi-dipendenti-2\/","name":"The positive impacts of cycling on health and well-being","isPartOf":{"@id":"https:\/\/urban-connect.com\/it\/#website"},"primaryImageOfPage":{"@id":"https:\/\/urban-connect.com\/it\/news\/perche-una-flotta-aziendale-di-biciclette-elettriche-fa-bene-alla-salute-e-al-benessere-dei-tuoi-dipendenti-2\/#primaryimage"},"image":{"@id":"https:\/\/urban-connect.com\/it\/news\/perche-una-flotta-aziendale-di-biciclette-elettriche-fa-bene-alla-salute-e-al-benessere-dei-tuoi-dipendenti-2\/#primaryimage"},"thumbnailUrl":"https:\/\/urban-connect.com\/wp-content\/uploads\/2021\/05\/UC-NEWS-03152021.jpeg","datePublished":"2021-05-15T11:45:00+00:00","dateModified":"2025-01-27T11:07:23+00:00","description":"Learn about the numerous positive impacts of cycling on health and well-being. Also find out how Urban Connect can assist in this regard.","breadcrumb":{"@id":"https:\/\/urban-connect.com\/it\/news\/perche-una-flotta-aziendale-di-biciclette-elettriche-fa-bene-alla-salute-e-al-benessere-dei-tuoi-dipendenti-2\/#breadcrumb"},"inLanguage":"it-IT","potentialAction":[{"@type":"ReadAction","target":["https:\/\/urban-connect.com\/it\/news\/perche-una-flotta-aziendale-di-biciclette-elettriche-fa-bene-alla-salute-e-al-benessere-dei-tuoi-dipendenti-2\/"]}]},{"@type":"ImageObject","inLanguage":"it-IT","@id":"https:\/\/urban-connect.com\/it\/news\/perche-una-flotta-aziendale-di-biciclette-elettriche-fa-bene-alla-salute-e-al-benessere-dei-tuoi-dipendenti-2\/#primaryimage","url":"https:\/\/urban-connect.com\/wp-content\/uploads\/2021\/05\/UC-NEWS-03152021.jpeg","contentUrl":"https:\/\/urban-connect.com\/wp-content\/uploads\/2021\/05\/UC-NEWS-03152021.jpeg","width":882,"height":582,"caption":"Sticker aim"},{"@type":"BreadcrumbList","@id":"https:\/\/urban-connect.com\/it\/news\/perche-una-flotta-aziendale-di-biciclette-elettriche-fa-bene-alla-salute-e-al-benessere-dei-tuoi-dipendenti-2\/#breadcrumb","itemListElement":[{"@type":"ListItem","position":1,"name":"Home","item":"https:\/\/urban-connect.com\/it\/"},{"@type":"ListItem","position":2,"name":"Perch\u00e9 una flotta aziendale di biciclette elettriche fa bene alla salute e al benessere dei tuoi dipendenti"}]},{"@type":"WebSite","@id":"https:\/\/urban-connect.com\/it\/#website","url":"https:\/\/urban-connect.com\/it\/","name":"Urban Connect","description":"","potentialAction":[{"@type":"SearchAction","target":{"@type":"EntryPoint","urlTemplate":"https:\/\/urban-connect.com\/it\/?s={search_term_string}"},"query-input":"required name=search_term_string"}],"inLanguage":"it-IT"}]}},"_links":{"self":[{"href":"https:\/\/urban-connect.com\/it\/wp-json\/wp\/v2\/news\/5709","targetHints":{"allow":["GET"]}}],"collection":[{"href":"https:\/\/urban-connect.com\/it\/wp-json\/wp\/v2\/news"}],"about":[{"href":"https:\/\/urban-connect.com\/it\/wp-json\/wp\/v2\/types\/news"}],"wp:featuredmedia":[{"embeddable":true,"href":"https:\/\/urban-connect.com\/it\/wp-json\/wp\/v2\/media\/5711"}],"wp:attachment":[{"href":"https:\/\/urban-connect.com\/it\/wp-json\/wp\/v2\/media?parent=5709"}],"wp:term":[{"taxonomy":"news_category","embeddable":true,"href":"https:\/\/urban-connect.com\/it\/wp-json\/wp\/v2\/news_category?post=5709"}],"curies":[{"name":"wp","href":"https:\/\/api.w.org\/{rel}","templated":true}]}}