{"id":5706,"date":"2023-06-01T07:25:04","date_gmt":"2023-06-01T07:25:04","guid":{"rendered":"https:\/\/urban-connect.com\/news\/urban-connect-partners-with-sbb-to-take-employee-mobility-to-a-new-level\/"},"modified":"2024-09-20T12:10:25","modified_gmt":"2024-09-20T12:10:25","slug":"urban-connect-collabora-con-sbb-per-portare-la-mobilita-dei-dipendenti-a-un-nuovo-livello","status":"publish","type":"news","link":"https:\/\/urban-connect.com\/it\/news\/urban-connect-collabora-con-sbb-per-portare-la-mobilita-dei-dipendenti-a-un-nuovo-livello\/","title":{"rendered":"Urban Connect collabora con SBB per portare la mobilit\u00e0 dei dipendenti a un nuovo livello"},"content":{"rendered":"\n<p>I dipendenti svizzeri possono ora accedere facilmente a una piattaforma di mobilit\u00e0 multimodale, che include servizi completi di trasporto pubblico forniti dalle FFS.<\/p>\n\n\n\n<p><strong>Zurigo, 1 giugno 2023<\/strong> &#8211; Urban Connect, fornitore di servizi di mobilit\u00e0 con sede a Zurigo, annuncia una partnership strategica con le Ferrovie Federali Svizzere (FFS), portando i servizi di mobilit\u00e0 per le aziende a un nuovo livello.<\/p>\n\n\n\n<p>Nell&#8217;ambito della loro partnership, Urban Connect e SBB lanciano una soluzione di mobilit\u00e0 per le aziende unica in Svizzera. Alla base c&#8217;\u00e8 una piattaforma online integrata che raggruppa diverse soluzioni di trasporto come un&#8217;offerta di mobilit\u00e0 come servizio. I dipendenti delle rispettive aziende possono utilizzare l&#8217;app per prenotare e-car, e-scooter e biciclette elettriche, prenotare un parcheggio aziendale e acquistare biglietti per treni, autobus e tram. Tutti i servizi possono essere utilizzati sia per scopi privati che aziendali.<\/p>\n\n\n    <section class=\"hero-image-text \">\n        <img decoding=\"async\" class=\"hero-image-text-background no-lazyload\" src=\"https:\/\/urban-connect.com\/wp-content\/uploads\/2023\/06\/SBB_UC_3200X1800_logos-1920x1080.jpg\" alt=\"\">\n\n        \n            <\/section>\n\n\n\n<p><strong>\u00c8 disponibile anche un&#8217;offerta estesa per i budget di mobilit\u00e0<\/strong><\/p>\n\n\n\n<p>I servizi FFS sono disponibili anche nell&#8217;ambito di un&#8217;altra offerta innovativa di Urban Connect: il budget di mobilit\u00e0. I clienti aziendali hanno la possibilit\u00e0 di fornire ai propri dipendenti un credito mensile che consente loro di scegliere l&#8217;opzione di mobilit\u00e0 che preferiscono. Il credito pu\u00f2 essere utilizzato per tutte le offerte Urban Connect e FFS.<\/p>\n\n\n\n<p>Il budget di mobilit\u00e0 \u00e8 la chiave per il controllo dei costi e la riduzione delle emissioni nella gestione della flotta. Il ridimensionamento della flotta riduce la spesa complessiva in conto capitale per le aziende e i costi di manutenzione e gestione di tali flotte. Inoltre, i budget per la mobilit\u00e0 promuovono l&#8217;uso di mezzi di trasporto rispettosi del clima e servono a posizionare l&#8217;azienda come datore di lavoro lungimirante.<\/p>\n\n\n\n<p>Judith H\u00e4berli, co-fondatrice di Urban Connect, ha sottolineato:<\/p>\n\n\n\n<p>\u201cPer noi la nuova partnership con le FFS \u00e8 una svolta. Offre alle aziende una soluzione di mobilit\u00e0 orientata al futuro che consente loro di allocare le risorse di mobilit\u00e0 in modo pi\u00f9 efficiente, di risparmiare sui costi, di ridurre le emissioni e di fornire agli utenti finali un&#8217;esperienza di utilizzo senza soluzione di continuit\u00e0.\u201d<\/p>\n\n\n\n<p>Change Mobility &#8211; Change the World<\/p>\n\n\n    <section class=\"related-posts\">\n        <div class=\"container\">\n            <h4 class=\"block-title\"><\/h4>\n        <\/div>\n        <div class=\"container posts-wrap\">\n            <div class=\"swiper swiper-related-posts\">\n                <div class=\"swiper-wrapper\">\n                                            <div class=\"swiper-slide\">\n                            <div class=\"card-horizontal\">\n    <div class=\"left-side\">\n                    <a href=\"https:\/\/urban-connect.com\/it\/news\/wheels-wine-2026-unedizione-storica-che-definisce-il-futuro-della-mobilita-aziendale\/\">\n                <img decoding=\"async\" \n                    class=\"image lazyload\" data-src=\"https:\/\/urban-connect.com\/wp-content\/uploads\/2026\/03\/F06A4076-768x512.jpg\"\n                    data-srcset=\"https:\/\/urban-connect.com\/wp-content\/uploads\/2026\/03\/F06A4076-768x512.jpg 768w, https:\/\/urban-connect.com\/wp-content\/uploads\/2026\/03\/F06A4076-300x200.jpg 300w, https:\/\/urban-connect.com\/wp-content\/uploads\/2026\/03\/F06A4076-1024x683.jpg 1024w, https:\/\/urban-connect.com\/wp-content\/uploads\/2026\/03\/F06A4076-1536x1024.jpg 1536w, https:\/\/urban-connect.com\/wp-content\/uploads\/2026\/03\/F06A4076-2048x1365.jpg 2048w, https:\/\/urban-connect.com\/wp-content\/uploads\/2026\/03\/F06A4076-1620x1080.jpg 1620w\"\n                    data-sizes=\"(max-width: 768px) 100vw, 768px\"\n                    alt=\"Wheels &amp; Wine 2026 \u2013 Un\u2019edizione storica che definisce il futuro della mobilit\u00e0 aziendale\"\n                 src=\"data:image\/gif;base64,R0lGODlhAQABAAAAACH5BAEKAAEALAAAAAABAAEAAAICTAEAOw==\" style=\"--smush-placeholder-width: 768px; --smush-placeholder-aspect-ratio: 768\/512;\"><noscript><img decoding=\"async\" \n                    class=\"image\" src=\"https:\/\/urban-connect.com\/wp-content\/uploads\/2026\/03\/F06A4076-768x512.jpg\"\n                    srcset=\"https:\/\/urban-connect.com\/wp-content\/uploads\/2026\/03\/F06A4076-768x512.jpg 768w, https:\/\/urban-connect.com\/wp-content\/uploads\/2026\/03\/F06A4076-300x200.jpg 300w, https:\/\/urban-connect.com\/wp-content\/uploads\/2026\/03\/F06A4076-1024x683.jpg 1024w, https:\/\/urban-connect.com\/wp-content\/uploads\/2026\/03\/F06A4076-1536x1024.jpg 1536w, https:\/\/urban-connect.com\/wp-content\/uploads\/2026\/03\/F06A4076-2048x1365.jpg 2048w, https:\/\/urban-connect.com\/wp-content\/uploads\/2026\/03\/F06A4076-1620x1080.jpg 1620w\"\n                    sizes=\"(max-width: 768px) 100vw, 768px\"\n                    alt=\"Wheels &amp; Wine 2026 \u2013 Un\u2019edizione storica che definisce il futuro della mobilit\u00e0 aziendale\"\n                ><\/noscript>\n            <\/a>\n                <\/div>\n    <div class=\"right-side\">\n                    <a href=\"https:\/\/urban-connect.com\/it\/news\/wheels-wine-2026-unedizione-storica-che-definisce-il-futuro-della-mobilita-aziendale\/\">\n                <h6 class=\"title\">Wheels &amp; Wine 2026 \u2013 Un\u2019edizione storica che definisce il futuro della mobilit\u00e0 aziendale<\/h6>\n            <\/a>\n                        <span class=\"date\">Marzo 24, 2026 <\/span>\n            \n\t        <\/div>\n<\/div>                        <\/div>\n                                                <div class=\"swiper-slide\">\n                            <div class=\"card-horizontal\">\n    <div class=\"left-side\">\n                    <a href=\"https:\/\/urban-connect.com\/it\/news\/cosa-succedera-quando-la-ricarica-dei-veicoli-elettrici-funzionera-finalmente\/\">\n                <img decoding=\"async\" \n                    class=\"image lazyload\" data-src=\"https:\/\/urban-connect.com\/wp-content\/uploads\/2026\/03\/Zaptec-cover-3-1-768x453.png\"\n                    data-srcset=\"https:\/\/urban-connect.com\/wp-content\/uploads\/2026\/03\/Zaptec-cover-3-1-768x453.png 768w, https:\/\/urban-connect.com\/wp-content\/uploads\/2026\/03\/Zaptec-cover-3-1-300x177.png 300w, https:\/\/urban-connect.com\/wp-content\/uploads\/2026\/03\/Zaptec-cover-3-1-1024x604.png 1024w, https:\/\/urban-connect.com\/wp-content\/uploads\/2026\/03\/Zaptec-cover-3-1-1536x906.png 1536w, https:\/\/urban-connect.com\/wp-content\/uploads\/2026\/03\/Zaptec-cover-3-1-2048x1208.png 2048w, https:\/\/urban-connect.com\/wp-content\/uploads\/2026\/03\/Zaptec-cover-3-1-1831x1080.png 1831w\"\n                    data-sizes=\"(max-width: 768px) 100vw, 768px\"\n                    alt=\"Cosa succeder\u00e0 quando la ricarica dei veicoli elettrici funzioner\u00e0 finalmente?\"\n                 src=\"data:image\/gif;base64,R0lGODlhAQABAAAAACH5BAEKAAEALAAAAAABAAEAAAICTAEAOw==\" style=\"--smush-placeholder-width: 768px; --smush-placeholder-aspect-ratio: 768\/453;\"><noscript><img decoding=\"async\" \n                    class=\"image\" src=\"https:\/\/urban-connect.com\/wp-content\/uploads\/2026\/03\/Zaptec-cover-3-1-768x453.png\"\n                    srcset=\"https:\/\/urban-connect.com\/wp-content\/uploads\/2026\/03\/Zaptec-cover-3-1-768x453.png 768w, https:\/\/urban-connect.com\/wp-content\/uploads\/2026\/03\/Zaptec-cover-3-1-300x177.png 300w, https:\/\/urban-connect.com\/wp-content\/uploads\/2026\/03\/Zaptec-cover-3-1-1024x604.png 1024w, https:\/\/urban-connect.com\/wp-content\/uploads\/2026\/03\/Zaptec-cover-3-1-1536x906.png 1536w, https:\/\/urban-connect.com\/wp-content\/uploads\/2026\/03\/Zaptec-cover-3-1-2048x1208.png 2048w, https:\/\/urban-connect.com\/wp-content\/uploads\/2026\/03\/Zaptec-cover-3-1-1831x1080.png 1831w\"\n                    sizes=\"(max-width: 768px) 100vw, 768px\"\n                    alt=\"Cosa succeder\u00e0 quando la ricarica dei veicoli elettrici funzioner\u00e0 finalmente?\"\n                ><\/noscript>\n            <\/a>\n                <\/div>\n    <div class=\"right-side\">\n                    <a href=\"https:\/\/urban-connect.com\/it\/news\/cosa-succedera-quando-la-ricarica-dei-veicoli-elettrici-funzionera-finalmente\/\">\n                <h6 class=\"title\">Cosa succeder\u00e0 quando la ricarica dei veicoli elettrici funzioner\u00e0 finalmente?<\/h6>\n            <\/a>\n                        <span class=\"date\">Marzo 17, 2026 <\/span>\n            \n\t        <\/div>\n<\/div>                        <\/div>\n                                                <div class=\"swiper-slide\">\n                            <div class=\"card-horizontal\">\n    <div class=\"left-side\">\n                    <a href=\"https:\/\/urban-connect.com\/it\/news\/focus-sui-casi-di-studio-helsana-offre-a-oltre-3400-dipendenti-un-budget-di-mobilita-urban-connect-senza-alcun-problema-grazie-a-scim\/\">\n                <img decoding=\"async\" \n                    class=\"image lazyload\" data-src=\"https:\/\/urban-connect.com\/wp-content\/uploads\/2026\/02\/HELSANA-x-UC-banner-768x511.png\"\n                    data-srcset=\"https:\/\/urban-connect.com\/wp-content\/uploads\/2026\/02\/HELSANA-x-UC-banner-768x511.png 768w, https:\/\/urban-connect.com\/wp-content\/uploads\/2026\/02\/HELSANA-x-UC-banner-300x199.png 300w, https:\/\/urban-connect.com\/wp-content\/uploads\/2026\/02\/HELSANA-x-UC-banner-1024x681.png 1024w, https:\/\/urban-connect.com\/wp-content\/uploads\/2026\/02\/HELSANA-x-UC-banner-1536x1021.png 1536w, https:\/\/urban-connect.com\/wp-content\/uploads\/2026\/02\/HELSANA-x-UC-banner.png 1590w\"\n                    data-sizes=\"(max-width: 768px) 100vw, 768px\"\n                    alt=\"Focus sui casi di studio: Helsana offre a oltre 3'400 dipendenti un budget di mobilit\u00e0 Urban Connect, senza alcun problema grazie a SCIM.\"\n                 src=\"data:image\/gif;base64,R0lGODlhAQABAAAAACH5BAEKAAEALAAAAAABAAEAAAICTAEAOw==\" style=\"--smush-placeholder-width: 768px; --smush-placeholder-aspect-ratio: 768\/511;\"><noscript><img decoding=\"async\" \n                    class=\"image\" src=\"https:\/\/urban-connect.com\/wp-content\/uploads\/2026\/02\/HELSANA-x-UC-banner-768x511.png\"\n                    srcset=\"https:\/\/urban-connect.com\/wp-content\/uploads\/2026\/02\/HELSANA-x-UC-banner-768x511.png 768w, https:\/\/urban-connect.com\/wp-content\/uploads\/2026\/02\/HELSANA-x-UC-banner-300x199.png 300w, https:\/\/urban-connect.com\/wp-content\/uploads\/2026\/02\/HELSANA-x-UC-banner-1024x681.png 1024w, https:\/\/urban-connect.com\/wp-content\/uploads\/2026\/02\/HELSANA-x-UC-banner-1536x1021.png 1536w, https:\/\/urban-connect.com\/wp-content\/uploads\/2026\/02\/HELSANA-x-UC-banner.png 1590w\"\n                    sizes=\"(max-width: 768px) 100vw, 768px\"\n                    alt=\"Focus sui casi di studio: Helsana offre a oltre 3'400 dipendenti un budget di mobilit\u00e0 Urban Connect, senza alcun problema grazie a SCIM.\"\n                ><\/noscript>\n            <\/a>\n                <\/div>\n    <div class=\"right-side\">\n                    <a href=\"https:\/\/urban-connect.com\/it\/news\/focus-sui-casi-di-studio-helsana-offre-a-oltre-3400-dipendenti-un-budget-di-mobilita-urban-connect-senza-alcun-problema-grazie-a-scim\/\">\n                <h6 class=\"title\">Focus sui casi di studio: Helsana offre a oltre 3&#8217;400 dipendenti un budget di mobilit\u00e0 Urban Connect, senza alcun problema grazie a SCIM.<\/h6>\n            <\/a>\n                        <span class=\"date\">Febbraio 05, 2026 <\/span>\n            \n\t        <\/div>\n<\/div>                        <\/div>\n                                        <\/div>\n                <div class=\"btn-slider \">\n    <div class=\"prev\">\n        <svg width=\"22\" height=\"12\" viewBox=\"0 0 22 12\" fill=\"none\" xmlns=\"http:\/\/www.w3.org\/2000\/svg\">\n            <path d=\"M5.094 4.476L7.74 1.83L6.03 0.102L0.432 5.7L6.03 11.298L7.74 9.57L5.076 6.906H21.42V4.476H5.094Z\" fill=\"white\"\/>\n        <\/svg>\n    <\/div>\n    <div class=\"next\">\n        <svg width=\"22\" height=\"12\" viewBox=\"0 0 22 12\" fill=\"none\" xmlns=\"http:\/\/www.w3.org\/2000\/svg\">\n            <path d=\"M14.292 1.83L16.938 4.476H0.612V6.906H16.956L14.292 9.57L16.002 11.298L21.6 5.7L16.002 0.102L14.292 1.83Z\" fill=\"white\"\/>\n        <\/svg>\n    <\/div>\n<\/div>            <\/div>\n        <\/div>\n    <\/section>\n    ","protected":false},"excerpt":{"rendered":"<p>I dipendenti svizzeri possono ora accedere facilmente a una piattaforma di mobilit\u00e0 multimodale, che include servizi completi di trasporto pubblico forniti dalle FFS. Zurigo, 1 giugno 2023 &#8211; Urban Connect, fornitore di servizi di mobilit\u00e0 con sede a Zurigo, annuncia una partnership strategica con le Ferrovie Federali Svizzere (FFS), portando i servizi di mobilit\u00e0 per [&hellip;]<\/p>\n","protected":false},"featured_media":5708,"parent":0,"template":"","news_category":[46],"class_list":["post-5706","news","type-news","status-publish","has-post-thumbnail","hentry","news_category-notizie"],"acf":[],"yoast_head":"<!-- This site is optimized with the Yoast SEO plugin v23.2 - https:\/\/yoast.com\/wordpress\/plugins\/seo\/ -->\n<title>Urban Connect partners with SBB - Urban Connect<\/title>\n<meta name=\"description\" content=\"Employees can now conveniently purchase public transport tickets via the Urban Connect app. Billing takes place via the mobility budget.\" \/>\n<meta name=\"robots\" content=\"index, follow, max-snippet:-1, max-image-preview:large, max-video-preview:-1\" \/>\n<link rel=\"canonical\" href=\"https:\/\/urban-connect.com\/it\/news\/urban-connect-collabora-con-sbb-per-portare-la-mobilita-dei-dipendenti-a-un-nuovo-livello\/\" \/>\n<meta property=\"og:locale\" content=\"it_IT\" \/>\n<meta property=\"og:type\" content=\"article\" \/>\n<meta property=\"og:title\" content=\"Urban Connect partners with SBB - Urban Connect\" \/>\n<meta property=\"og:description\" content=\"Employees can now conveniently purchase public transport tickets via the Urban Connect app. Billing takes place via the mobility budget.\" \/>\n<meta property=\"og:url\" content=\"https:\/\/urban-connect.com\/it\/news\/urban-connect-collabora-con-sbb-per-portare-la-mobilita-dei-dipendenti-a-un-nuovo-livello\/\" \/>\n<meta property=\"og:site_name\" content=\"Urban Connect\" \/>\n<meta property=\"article:modified_time\" content=\"2024-09-20T12:10:25+00:00\" \/>\n<meta property=\"og:image\" content=\"https:\/\/urban-connect.com\/wp-content\/uploads\/2023\/06\/UC_SBB_Image-scaled.jpg\" \/>\n\t<meta property=\"og:image:width\" content=\"2560\" \/>\n\t<meta property=\"og:image:height\" content=\"2208\" \/>\n\t<meta property=\"og:image:type\" content=\"image\/jpeg\" \/>\n<meta name=\"twitter:card\" content=\"summary_large_image\" \/>\n<meta name=\"twitter:label1\" content=\"Tempo di lettura stimato\" \/>\n\t<meta name=\"twitter:data1\" content=\"2 minuti\" \/>\n<script type=\"application\/ld+json\" class=\"yoast-schema-graph\">{\"@context\":\"https:\/\/schema.org\",\"@graph\":[{\"@type\":\"WebPage\",\"@id\":\"https:\/\/urban-connect.com\/it\/news\/urban-connect-collabora-con-sbb-per-portare-la-mobilita-dei-dipendenti-a-un-nuovo-livello\/\",\"url\":\"https:\/\/urban-connect.com\/it\/news\/urban-connect-collabora-con-sbb-per-portare-la-mobilita-dei-dipendenti-a-un-nuovo-livello\/\",\"name\":\"Urban Connect partners with SBB - Urban Connect\",\"isPartOf\":{\"@id\":\"https:\/\/urban-connect.com\/it\/#website\"},\"primaryImageOfPage\":{\"@id\":\"https:\/\/urban-connect.com\/it\/news\/urban-connect-collabora-con-sbb-per-portare-la-mobilita-dei-dipendenti-a-un-nuovo-livello\/#primaryimage\"},\"image\":{\"@id\":\"https:\/\/urban-connect.com\/it\/news\/urban-connect-collabora-con-sbb-per-portare-la-mobilita-dei-dipendenti-a-un-nuovo-livello\/#primaryimage\"},\"thumbnailUrl\":\"https:\/\/urban-connect.com\/wp-content\/uploads\/2023\/06\/UC_SBB_Image-scaled.jpg\",\"datePublished\":\"2023-06-01T07:25:04+00:00\",\"dateModified\":\"2024-09-20T12:10:25+00:00\",\"description\":\"Employees can now conveniently purchase public transport tickets via the Urban Connect app. Billing takes place via the mobility budget.\",\"breadcrumb\":{\"@id\":\"https:\/\/urban-connect.com\/it\/news\/urban-connect-collabora-con-sbb-per-portare-la-mobilita-dei-dipendenti-a-un-nuovo-livello\/#breadcrumb\"},\"inLanguage\":\"it-IT\",\"potentialAction\":[{\"@type\":\"ReadAction\",\"target\":[\"https:\/\/urban-connect.com\/it\/news\/urban-connect-collabora-con-sbb-per-portare-la-mobilita-dei-dipendenti-a-un-nuovo-livello\/\"]}]},{\"@type\":\"ImageObject\",\"inLanguage\":\"it-IT\",\"@id\":\"https:\/\/urban-connect.com\/it\/news\/urban-connect-collabora-con-sbb-per-portare-la-mobilita-dei-dipendenti-a-un-nuovo-livello\/#primaryimage\",\"url\":\"https:\/\/urban-connect.com\/wp-content\/uploads\/2023\/06\/UC_SBB_Image-scaled.jpg\",\"contentUrl\":\"https:\/\/urban-connect.com\/wp-content\/uploads\/2023\/06\/UC_SBB_Image-scaled.jpg\",\"width\":2560,\"height\":2208,\"caption\":\"UC-SBB-Cooperation\"},{\"@type\":\"BreadcrumbList\",\"@id\":\"https:\/\/urban-connect.com\/it\/news\/urban-connect-collabora-con-sbb-per-portare-la-mobilita-dei-dipendenti-a-un-nuovo-livello\/#breadcrumb\",\"itemListElement\":[{\"@type\":\"ListItem\",\"position\":1,\"name\":\"Home\",\"item\":\"https:\/\/urban-connect.com\/it\/\"},{\"@type\":\"ListItem\",\"position\":2,\"name\":\"Urban Connect collabora con SBB per portare la mobilit\u00e0 dei dipendenti a un nuovo livello\"}]},{\"@type\":\"WebSite\",\"@id\":\"https:\/\/urban-connect.com\/it\/#website\",\"url\":\"https:\/\/urban-connect.com\/it\/\",\"name\":\"Urban Connect\",\"description\":\"\",\"potentialAction\":[{\"@type\":\"SearchAction\",\"target\":{\"@type\":\"EntryPoint\",\"urlTemplate\":\"https:\/\/urban-connect.com\/it\/?s={search_term_string}\"},\"query-input\":\"required name=search_term_string\"}],\"inLanguage\":\"it-IT\"}]}<\/script>\n<!-- \/ Yoast SEO plugin. -->","yoast_head_json":{"title":"Urban Connect partners with SBB - Urban Connect","description":"Employees can now conveniently purchase public transport tickets via the Urban Connect app. Billing takes place via the mobility budget.","robots":{"index":"index","follow":"follow","max-snippet":"max-snippet:-1","max-image-preview":"max-image-preview:large","max-video-preview":"max-video-preview:-1"},"canonical":"https:\/\/urban-connect.com\/it\/news\/urban-connect-collabora-con-sbb-per-portare-la-mobilita-dei-dipendenti-a-un-nuovo-livello\/","og_locale":"it_IT","og_type":"article","og_title":"Urban Connect partners with SBB - Urban Connect","og_description":"Employees can now conveniently purchase public transport tickets via the Urban Connect app. Billing takes place via the mobility budget.","og_url":"https:\/\/urban-connect.com\/it\/news\/urban-connect-collabora-con-sbb-per-portare-la-mobilita-dei-dipendenti-a-un-nuovo-livello\/","og_site_name":"Urban Connect","article_modified_time":"2024-09-20T12:10:25+00:00","og_image":[{"width":2560,"height":2208,"url":"https:\/\/urban-connect.com\/wp-content\/uploads\/2023\/06\/UC_SBB_Image-scaled.jpg","type":"image\/jpeg"}],"twitter_card":"summary_large_image","twitter_misc":{"Tempo di lettura stimato":"2 minuti"},"schema":{"@context":"https:\/\/schema.org","@graph":[{"@type":"WebPage","@id":"https:\/\/urban-connect.com\/it\/news\/urban-connect-collabora-con-sbb-per-portare-la-mobilita-dei-dipendenti-a-un-nuovo-livello\/","url":"https:\/\/urban-connect.com\/it\/news\/urban-connect-collabora-con-sbb-per-portare-la-mobilita-dei-dipendenti-a-un-nuovo-livello\/","name":"Urban Connect partners with SBB - Urban Connect","isPartOf":{"@id":"https:\/\/urban-connect.com\/it\/#website"},"primaryImageOfPage":{"@id":"https:\/\/urban-connect.com\/it\/news\/urban-connect-collabora-con-sbb-per-portare-la-mobilita-dei-dipendenti-a-un-nuovo-livello\/#primaryimage"},"image":{"@id":"https:\/\/urban-connect.com\/it\/news\/urban-connect-collabora-con-sbb-per-portare-la-mobilita-dei-dipendenti-a-un-nuovo-livello\/#primaryimage"},"thumbnailUrl":"https:\/\/urban-connect.com\/wp-content\/uploads\/2023\/06\/UC_SBB_Image-scaled.jpg","datePublished":"2023-06-01T07:25:04+00:00","dateModified":"2024-09-20T12:10:25+00:00","description":"Employees can now conveniently purchase public transport tickets via the Urban Connect app. Billing takes place via the mobility budget.","breadcrumb":{"@id":"https:\/\/urban-connect.com\/it\/news\/urban-connect-collabora-con-sbb-per-portare-la-mobilita-dei-dipendenti-a-un-nuovo-livello\/#breadcrumb"},"inLanguage":"it-IT","potentialAction":[{"@type":"ReadAction","target":["https:\/\/urban-connect.com\/it\/news\/urban-connect-collabora-con-sbb-per-portare-la-mobilita-dei-dipendenti-a-un-nuovo-livello\/"]}]},{"@type":"ImageObject","inLanguage":"it-IT","@id":"https:\/\/urban-connect.com\/it\/news\/urban-connect-collabora-con-sbb-per-portare-la-mobilita-dei-dipendenti-a-un-nuovo-livello\/#primaryimage","url":"https:\/\/urban-connect.com\/wp-content\/uploads\/2023\/06\/UC_SBB_Image-scaled.jpg","contentUrl":"https:\/\/urban-connect.com\/wp-content\/uploads\/2023\/06\/UC_SBB_Image-scaled.jpg","width":2560,"height":2208,"caption":"UC-SBB-Cooperation"},{"@type":"BreadcrumbList","@id":"https:\/\/urban-connect.com\/it\/news\/urban-connect-collabora-con-sbb-per-portare-la-mobilita-dei-dipendenti-a-un-nuovo-livello\/#breadcrumb","itemListElement":[{"@type":"ListItem","position":1,"name":"Home","item":"https:\/\/urban-connect.com\/it\/"},{"@type":"ListItem","position":2,"name":"Urban Connect collabora con SBB per portare la mobilit\u00e0 dei dipendenti a un nuovo livello"}]},{"@type":"WebSite","@id":"https:\/\/urban-connect.com\/it\/#website","url":"https:\/\/urban-connect.com\/it\/","name":"Urban Connect","description":"","potentialAction":[{"@type":"SearchAction","target":{"@type":"EntryPoint","urlTemplate":"https:\/\/urban-connect.com\/it\/?s={search_term_string}"},"query-input":"required name=search_term_string"}],"inLanguage":"it-IT"}]}},"_links":{"self":[{"href":"https:\/\/urban-connect.com\/it\/wp-json\/wp\/v2\/news\/5706","targetHints":{"allow":["GET"]}}],"collection":[{"href":"https:\/\/urban-connect.com\/it\/wp-json\/wp\/v2\/news"}],"about":[{"href":"https:\/\/urban-connect.com\/it\/wp-json\/wp\/v2\/types\/news"}],"wp:featuredmedia":[{"embeddable":true,"href":"https:\/\/urban-connect.com\/it\/wp-json\/wp\/v2\/media\/5708"}],"wp:attachment":[{"href":"https:\/\/urban-connect.com\/it\/wp-json\/wp\/v2\/media?parent=5706"}],"wp:term":[{"taxonomy":"news_category","embeddable":true,"href":"https:\/\/urban-connect.com\/it\/wp-json\/wp\/v2\/news_category?post=5706"}],"curies":[{"name":"wp","href":"https:\/\/api.w.org\/{rel}","templated":true}]}}