{"id":5704,"date":"2023-06-09T16:15:43","date_gmt":"2023-06-09T16:15:43","guid":{"rendered":"https:\/\/urban-connect.com\/news\/switzerlands-1-mobility-event-coming-up-soon\/"},"modified":"2024-09-19T15:03:58","modified_gmt":"2024-09-19T15:03:58","slug":"levento-sulla-mobilita-numero-1-in-svizzera-e-in-arrivo","status":"publish","type":"news","link":"https:\/\/urban-connect.com\/it\/news\/levento-sulla-mobilita-numero-1-in-svizzera-e-in-arrivo\/","title":{"rendered":"L&#8217;evento sulla mobilit\u00e0 numero 1 in Svizzera \u00e8 in arrivo!"},"content":{"rendered":"\n<p>Siamo lieti di annunciare il nostro prossimo evento del 15 giugno! Unisciti a noi e scoprirai che esperti rinomati offrono spunti affascinanti sul futuro della mobilit\u00e0.<br><br><strong>I punti salienti dell&#8217;evento includono:<\/strong><br>Conversazione con Alberto Bottini, Responsabile Vendite, Servizi e Marketing, Membro del Consiglio di Amministrazione del Traffico Passeggeri di SBB CFF FFS. Parleremo dell&#8217;importanza della mobilit\u00e0 aziendale alle FFS e della visione della partnership con Urban Connect.<br><br><strong>Approfondimenti&#8230;<\/strong><br>&#8230;sulla mobilit\u00e0 nel 2030 di Thomas Sauter-Servaes, Universit\u00e0 di Scienze Applicate di Zurigo ZHAW<br>&#8230;sulla mobilit\u00e0 come servizio di Andreas Herrmann, Universit\u00e0 di San Gallo (HSG)<br>&#8230;sul futuro della mobilit\u00e0 in Svizzera di Marco Ziegler, McKinsey &amp; Company<br>&#8230;sul ruolo della mobilit\u00e0 nella decarbonizzazione di Carmen M. Sprus, EY<br><br><strong>Esempi pratici e insegnamenti da parte di innovatori e primi utilizzatori nel campo della mobilit\u00e0 aziendale:<\/strong><br>&#8211; Simon Weiher, Senior Strategy Manager di Axpo Group, ha lanciato quest&#8217;anno il budget per la mobilit\u00e0 dei dipendenti.<br>&#8211; Julian Hennig, Circle Lead Mobility di Roche, dal 2018 sta trasformando la mobilit\u00e0 dei dipendenti in \u201cshared, electric &amp; connected\u201d a Basilea.<br>&#8211; David Nasseri, Head of Real Estate and Mobility di Google, \u00e8 un pioniere della mobilit\u00e0 e da quasi 10 anni offre mobilit\u00e0 condivisa ai \u201cGoogler\u201d di Zurigo.<br><br>Non perdere questa opportunit\u00e0 unica di acquisire conoscenze e conoscenze preziose. Registrati <a href=\"https:\/\/www.tickettailor.com\/events\/rfs\/913306\">qui<\/a> e assicurati il tuo posto!<\/p>\n\n\n\n<p>Change Mobility &#8211; Change the World<\/p>\n\n\n    <section class=\"related-posts\">\n        <div class=\"container\">\n            <h4 class=\"block-title\"><\/h4>\n        <\/div>\n        <div class=\"container posts-wrap\">\n            <div class=\"swiper swiper-related-posts\">\n                <div class=\"swiper-wrapper\">\n                                            <div class=\"swiper-slide\">\n                            <div class=\"card-horizontal\">\n    <div class=\"left-side\">\n                    <a href=\"https:\/\/urban-connect.com\/it\/news\/wheels-wine-2026-unedizione-storica-che-definisce-il-futuro-della-mobilita-aziendale\/\">\n                <img decoding=\"async\" \n                    class=\"image lazyload\" data-src=\"https:\/\/urban-connect.com\/wp-content\/uploads\/2026\/03\/F06A4076-768x512.jpg\"\n                    data-srcset=\"https:\/\/urban-connect.com\/wp-content\/uploads\/2026\/03\/F06A4076-768x512.jpg 768w, https:\/\/urban-connect.com\/wp-content\/uploads\/2026\/03\/F06A4076-300x200.jpg 300w, https:\/\/urban-connect.com\/wp-content\/uploads\/2026\/03\/F06A4076-1024x683.jpg 1024w, https:\/\/urban-connect.com\/wp-content\/uploads\/2026\/03\/F06A4076-1536x1024.jpg 1536w, https:\/\/urban-connect.com\/wp-content\/uploads\/2026\/03\/F06A4076-2048x1365.jpg 2048w, https:\/\/urban-connect.com\/wp-content\/uploads\/2026\/03\/F06A4076-1620x1080.jpg 1620w\"\n                    data-sizes=\"(max-width: 768px) 100vw, 768px\"\n                    alt=\"Wheels &amp; Wine 2026 \u2013 Un\u2019edizione storica che definisce il futuro della mobilit\u00e0 aziendale\"\n                 src=\"data:image\/gif;base64,R0lGODlhAQABAAAAACH5BAEKAAEALAAAAAABAAEAAAICTAEAOw==\" style=\"--smush-placeholder-width: 768px; --smush-placeholder-aspect-ratio: 768\/512;\"><noscript><img decoding=\"async\" \n                    class=\"image\" src=\"https:\/\/urban-connect.com\/wp-content\/uploads\/2026\/03\/F06A4076-768x512.jpg\"\n                    srcset=\"https:\/\/urban-connect.com\/wp-content\/uploads\/2026\/03\/F06A4076-768x512.jpg 768w, https:\/\/urban-connect.com\/wp-content\/uploads\/2026\/03\/F06A4076-300x200.jpg 300w, https:\/\/urban-connect.com\/wp-content\/uploads\/2026\/03\/F06A4076-1024x683.jpg 1024w, https:\/\/urban-connect.com\/wp-content\/uploads\/2026\/03\/F06A4076-1536x1024.jpg 1536w, https:\/\/urban-connect.com\/wp-content\/uploads\/2026\/03\/F06A4076-2048x1365.jpg 2048w, https:\/\/urban-connect.com\/wp-content\/uploads\/2026\/03\/F06A4076-1620x1080.jpg 1620w\"\n                    sizes=\"(max-width: 768px) 100vw, 768px\"\n                    alt=\"Wheels &amp; Wine 2026 \u2013 Un\u2019edizione storica che definisce il futuro della mobilit\u00e0 aziendale\"\n                ><\/noscript>\n            <\/a>\n                <\/div>\n    <div class=\"right-side\">\n                    <a href=\"https:\/\/urban-connect.com\/it\/news\/wheels-wine-2026-unedizione-storica-che-definisce-il-futuro-della-mobilita-aziendale\/\">\n                <h6 class=\"title\">Wheels &amp; Wine 2026 \u2013 Un\u2019edizione storica che definisce il futuro della mobilit\u00e0 aziendale<\/h6>\n            <\/a>\n                        <span class=\"date\">Marzo 24, 2026 <\/span>\n            \n\t        <\/div>\n<\/div>                        <\/div>\n                                                <div class=\"swiper-slide\">\n                            <div class=\"card-horizontal\">\n    <div class=\"left-side\">\n                    <a href=\"https:\/\/urban-connect.com\/it\/news\/cosa-succedera-quando-la-ricarica-dei-veicoli-elettrici-funzionera-finalmente\/\">\n                <img decoding=\"async\" \n                    class=\"image lazyload\" data-src=\"https:\/\/urban-connect.com\/wp-content\/uploads\/2026\/03\/Zaptec-cover-3-1-768x453.png\"\n                    data-srcset=\"https:\/\/urban-connect.com\/wp-content\/uploads\/2026\/03\/Zaptec-cover-3-1-768x453.png 768w, https:\/\/urban-connect.com\/wp-content\/uploads\/2026\/03\/Zaptec-cover-3-1-300x177.png 300w, https:\/\/urban-connect.com\/wp-content\/uploads\/2026\/03\/Zaptec-cover-3-1-1024x604.png 1024w, https:\/\/urban-connect.com\/wp-content\/uploads\/2026\/03\/Zaptec-cover-3-1-1536x906.png 1536w, https:\/\/urban-connect.com\/wp-content\/uploads\/2026\/03\/Zaptec-cover-3-1-2048x1208.png 2048w, https:\/\/urban-connect.com\/wp-content\/uploads\/2026\/03\/Zaptec-cover-3-1-1831x1080.png 1831w\"\n                    data-sizes=\"(max-width: 768px) 100vw, 768px\"\n                    alt=\"Cosa succeder\u00e0 quando la ricarica dei veicoli elettrici funzioner\u00e0 finalmente?\"\n                 src=\"data:image\/gif;base64,R0lGODlhAQABAAAAACH5BAEKAAEALAAAAAABAAEAAAICTAEAOw==\" style=\"--smush-placeholder-width: 768px; --smush-placeholder-aspect-ratio: 768\/453;\"><noscript><img decoding=\"async\" \n                    class=\"image\" src=\"https:\/\/urban-connect.com\/wp-content\/uploads\/2026\/03\/Zaptec-cover-3-1-768x453.png\"\n                    srcset=\"https:\/\/urban-connect.com\/wp-content\/uploads\/2026\/03\/Zaptec-cover-3-1-768x453.png 768w, https:\/\/urban-connect.com\/wp-content\/uploads\/2026\/03\/Zaptec-cover-3-1-300x177.png 300w, https:\/\/urban-connect.com\/wp-content\/uploads\/2026\/03\/Zaptec-cover-3-1-1024x604.png 1024w, https:\/\/urban-connect.com\/wp-content\/uploads\/2026\/03\/Zaptec-cover-3-1-1536x906.png 1536w, https:\/\/urban-connect.com\/wp-content\/uploads\/2026\/03\/Zaptec-cover-3-1-2048x1208.png 2048w, https:\/\/urban-connect.com\/wp-content\/uploads\/2026\/03\/Zaptec-cover-3-1-1831x1080.png 1831w\"\n                    sizes=\"(max-width: 768px) 100vw, 768px\"\n                    alt=\"Cosa succeder\u00e0 quando la ricarica dei veicoli elettrici funzioner\u00e0 finalmente?\"\n                ><\/noscript>\n            <\/a>\n                <\/div>\n    <div class=\"right-side\">\n                    <a href=\"https:\/\/urban-connect.com\/it\/news\/cosa-succedera-quando-la-ricarica-dei-veicoli-elettrici-funzionera-finalmente\/\">\n                <h6 class=\"title\">Cosa succeder\u00e0 quando la ricarica dei veicoli elettrici funzioner\u00e0 finalmente?<\/h6>\n            <\/a>\n                        <span class=\"date\">Marzo 17, 2026 <\/span>\n            \n\t        <\/div>\n<\/div>                        <\/div>\n                                                <div class=\"swiper-slide\">\n                            <div class=\"card-horizontal\">\n    <div class=\"left-side\">\n                    <a href=\"https:\/\/urban-connect.com\/it\/news\/focus-sui-casi-di-studio-helsana-offre-a-oltre-3400-dipendenti-un-budget-di-mobilita-urban-connect-senza-alcun-problema-grazie-a-scim\/\">\n                <img decoding=\"async\" \n                    class=\"image lazyload\" data-src=\"https:\/\/urban-connect.com\/wp-content\/uploads\/2026\/02\/HELSANA-x-UC-banner-768x511.png\"\n                    data-srcset=\"https:\/\/urban-connect.com\/wp-content\/uploads\/2026\/02\/HELSANA-x-UC-banner-768x511.png 768w, https:\/\/urban-connect.com\/wp-content\/uploads\/2026\/02\/HELSANA-x-UC-banner-300x199.png 300w, https:\/\/urban-connect.com\/wp-content\/uploads\/2026\/02\/HELSANA-x-UC-banner-1024x681.png 1024w, https:\/\/urban-connect.com\/wp-content\/uploads\/2026\/02\/HELSANA-x-UC-banner-1536x1021.png 1536w, https:\/\/urban-connect.com\/wp-content\/uploads\/2026\/02\/HELSANA-x-UC-banner.png 1590w\"\n                    data-sizes=\"(max-width: 768px) 100vw, 768px\"\n                    alt=\"Focus sui casi di studio: Helsana offre a oltre 3'400 dipendenti un budget di mobilit\u00e0 Urban Connect, senza alcun problema grazie a SCIM.\"\n                 src=\"data:image\/gif;base64,R0lGODlhAQABAAAAACH5BAEKAAEALAAAAAABAAEAAAICTAEAOw==\" style=\"--smush-placeholder-width: 768px; --smush-placeholder-aspect-ratio: 768\/511;\"><noscript><img decoding=\"async\" \n                    class=\"image\" src=\"https:\/\/urban-connect.com\/wp-content\/uploads\/2026\/02\/HELSANA-x-UC-banner-768x511.png\"\n                    srcset=\"https:\/\/urban-connect.com\/wp-content\/uploads\/2026\/02\/HELSANA-x-UC-banner-768x511.png 768w, https:\/\/urban-connect.com\/wp-content\/uploads\/2026\/02\/HELSANA-x-UC-banner-300x199.png 300w, https:\/\/urban-connect.com\/wp-content\/uploads\/2026\/02\/HELSANA-x-UC-banner-1024x681.png 1024w, https:\/\/urban-connect.com\/wp-content\/uploads\/2026\/02\/HELSANA-x-UC-banner-1536x1021.png 1536w, https:\/\/urban-connect.com\/wp-content\/uploads\/2026\/02\/HELSANA-x-UC-banner.png 1590w\"\n                    sizes=\"(max-width: 768px) 100vw, 768px\"\n                    alt=\"Focus sui casi di studio: Helsana offre a oltre 3'400 dipendenti un budget di mobilit\u00e0 Urban Connect, senza alcun problema grazie a SCIM.\"\n                ><\/noscript>\n            <\/a>\n                <\/div>\n    <div class=\"right-side\">\n                    <a href=\"https:\/\/urban-connect.com\/it\/news\/focus-sui-casi-di-studio-helsana-offre-a-oltre-3400-dipendenti-un-budget-di-mobilita-urban-connect-senza-alcun-problema-grazie-a-scim\/\">\n                <h6 class=\"title\">Focus sui casi di studio: Helsana offre a oltre 3&#8217;400 dipendenti un budget di mobilit\u00e0 Urban Connect, senza alcun problema grazie a SCIM.<\/h6>\n            <\/a>\n                        <span class=\"date\">Febbraio 05, 2026 <\/span>\n            \n\t        <\/div>\n<\/div>                        <\/div>\n                                        <\/div>\n                <div class=\"btn-slider \">\n    <div class=\"prev\">\n        <svg width=\"22\" height=\"12\" viewBox=\"0 0 22 12\" fill=\"none\" xmlns=\"http:\/\/www.w3.org\/2000\/svg\">\n            <path d=\"M5.094 4.476L7.74 1.83L6.03 0.102L0.432 5.7L6.03 11.298L7.74 9.57L5.076 6.906H21.42V4.476H5.094Z\" fill=\"white\"\/>\n        <\/svg>\n    <\/div>\n    <div class=\"next\">\n        <svg width=\"22\" height=\"12\" viewBox=\"0 0 22 12\" fill=\"none\" xmlns=\"http:\/\/www.w3.org\/2000\/svg\">\n            <path d=\"M14.292 1.83L16.938 4.476H0.612V6.906H16.956L14.292 9.57L16.002 11.298L21.6 5.7L16.002 0.102L14.292 1.83Z\" fill=\"white\"\/>\n        <\/svg>\n    <\/div>\n<\/div>            <\/div>\n        <\/div>\n    <\/section>\n    \n\n\n<p><\/p>\n","protected":false},"excerpt":{"rendered":"<p>Siamo lieti di annunciare il nostro prossimo evento del 15 giugno! Unisciti a noi e scoprirai che esperti rinomati offrono spunti affascinanti sul futuro della mobilit\u00e0. I punti salienti dell&#8217;evento includono:Conversazione con Alberto Bottini, Responsabile Vendite, Servizi e Marketing, Membro del Consiglio di Amministrazione del Traffico Passeggeri di SBB CFF FFS. Parleremo dell&#8217;importanza della mobilit\u00e0 [&hellip;]<\/p>\n","protected":false},"featured_media":5705,"parent":0,"template":"","news_category":[48],"class_list":["post-5704","news","type-news","status-publish","has-post-thumbnail","hentry","news_category-eventi"],"acf":[],"yoast_head":"<!-- This site is optimized with the Yoast SEO plugin v23.2 - https:\/\/yoast.com\/wordpress\/plugins\/seo\/ -->\n<title>L&#039;evento sulla mobilit\u00e0 numero 1 in Svizzera \u00e8 in arrivo! - Urban Connect<\/title>\n<meta name=\"description\" content=\"The mobility event of the year is taking place at Aura in Zurich. The event is centred around the topic of mobility budgets.\" \/>\n<meta name=\"robots\" content=\"index, follow, max-snippet:-1, max-image-preview:large, max-video-preview:-1\" \/>\n<link rel=\"canonical\" href=\"https:\/\/urban-connect.com\/it\/news\/levento-sulla-mobilita-numero-1-in-svizzera-e-in-arrivo\/\" \/>\n<meta property=\"og:locale\" content=\"it_IT\" \/>\n<meta property=\"og:type\" content=\"article\" \/>\n<meta property=\"og:title\" content=\"L&#039;evento sulla mobilit\u00e0 numero 1 in Svizzera \u00e8 in arrivo! - Urban Connect\" \/>\n<meta property=\"og:description\" content=\"The mobility event of the year is taking place at Aura in Zurich. The event is centred around the topic of mobility budgets.\" \/>\n<meta property=\"og:url\" content=\"https:\/\/urban-connect.com\/it\/news\/levento-sulla-mobilita-numero-1-in-svizzera-e-in-arrivo\/\" \/>\n<meta property=\"og:site_name\" content=\"Urban Connect\" \/>\n<meta property=\"article:modified_time\" content=\"2024-09-19T15:03:58+00:00\" \/>\n<meta property=\"og:image\" content=\"https:\/\/urban-connect.com\/wp-content\/uploads\/2023\/06\/News_Event-1536x1236-1.jpg\" \/>\n\t<meta property=\"og:image:width\" content=\"1536\" \/>\n\t<meta property=\"og:image:height\" content=\"1236\" \/>\n\t<meta property=\"og:image:type\" content=\"image\/jpeg\" \/>\n<meta name=\"twitter:card\" content=\"summary_large_image\" \/>\n<meta name=\"twitter:label1\" content=\"Tempo di lettura stimato\" \/>\n\t<meta name=\"twitter:data1\" content=\"2 minuti\" \/>\n<script type=\"application\/ld+json\" class=\"yoast-schema-graph\">{\"@context\":\"https:\/\/schema.org\",\"@graph\":[{\"@type\":\"WebPage\",\"@id\":\"https:\/\/urban-connect.com\/it\/news\/levento-sulla-mobilita-numero-1-in-svizzera-e-in-arrivo\/\",\"url\":\"https:\/\/urban-connect.com\/it\/news\/levento-sulla-mobilita-numero-1-in-svizzera-e-in-arrivo\/\",\"name\":\"L'evento sulla mobilit\u00e0 numero 1 in Svizzera \u00e8 in arrivo! - Urban Connect\",\"isPartOf\":{\"@id\":\"https:\/\/urban-connect.com\/it\/#website\"},\"primaryImageOfPage\":{\"@id\":\"https:\/\/urban-connect.com\/it\/news\/levento-sulla-mobilita-numero-1-in-svizzera-e-in-arrivo\/#primaryimage\"},\"image\":{\"@id\":\"https:\/\/urban-connect.com\/it\/news\/levento-sulla-mobilita-numero-1-in-svizzera-e-in-arrivo\/#primaryimage\"},\"thumbnailUrl\":\"https:\/\/urban-connect.com\/wp-content\/uploads\/2023\/06\/News_Event-1536x1236-1.jpg\",\"datePublished\":\"2023-06-09T16:15:43+00:00\",\"dateModified\":\"2024-09-19T15:03:58+00:00\",\"description\":\"The mobility event of the year is taking place at Aura in Zurich. The event is centred around the topic of mobility budgets.\",\"breadcrumb\":{\"@id\":\"https:\/\/urban-connect.com\/it\/news\/levento-sulla-mobilita-numero-1-in-svizzera-e-in-arrivo\/#breadcrumb\"},\"inLanguage\":\"it-IT\",\"potentialAction\":[{\"@type\":\"ReadAction\",\"target\":[\"https:\/\/urban-connect.com\/it\/news\/levento-sulla-mobilita-numero-1-in-svizzera-e-in-arrivo\/\"]}]},{\"@type\":\"ImageObject\",\"inLanguage\":\"it-IT\",\"@id\":\"https:\/\/urban-connect.com\/it\/news\/levento-sulla-mobilita-numero-1-in-svizzera-e-in-arrivo\/#primaryimage\",\"url\":\"https:\/\/urban-connect.com\/wp-content\/uploads\/2023\/06\/News_Event-1536x1236-1.jpg\",\"contentUrl\":\"https:\/\/urban-connect.com\/wp-content\/uploads\/2023\/06\/News_Event-1536x1236-1.jpg\",\"width\":1536,\"height\":1236,\"caption\":\"Mobility Event 2023\"},{\"@type\":\"BreadcrumbList\",\"@id\":\"https:\/\/urban-connect.com\/it\/news\/levento-sulla-mobilita-numero-1-in-svizzera-e-in-arrivo\/#breadcrumb\",\"itemListElement\":[{\"@type\":\"ListItem\",\"position\":1,\"name\":\"Home\",\"item\":\"https:\/\/urban-connect.com\/it\/\"},{\"@type\":\"ListItem\",\"position\":2,\"name\":\"L&#8217;evento sulla mobilit\u00e0 numero 1 in Svizzera \u00e8 in arrivo!\"}]},{\"@type\":\"WebSite\",\"@id\":\"https:\/\/urban-connect.com\/it\/#website\",\"url\":\"https:\/\/urban-connect.com\/it\/\",\"name\":\"Urban Connect\",\"description\":\"\",\"potentialAction\":[{\"@type\":\"SearchAction\",\"target\":{\"@type\":\"EntryPoint\",\"urlTemplate\":\"https:\/\/urban-connect.com\/it\/?s={search_term_string}\"},\"query-input\":\"required name=search_term_string\"}],\"inLanguage\":\"it-IT\"}]}<\/script>\n<!-- \/ Yoast SEO plugin. -->","yoast_head_json":{"title":"L'evento sulla mobilit\u00e0 numero 1 in Svizzera \u00e8 in arrivo! - Urban Connect","description":"The mobility event of the year is taking place at Aura in Zurich. The event is centred around the topic of mobility budgets.","robots":{"index":"index","follow":"follow","max-snippet":"max-snippet:-1","max-image-preview":"max-image-preview:large","max-video-preview":"max-video-preview:-1"},"canonical":"https:\/\/urban-connect.com\/it\/news\/levento-sulla-mobilita-numero-1-in-svizzera-e-in-arrivo\/","og_locale":"it_IT","og_type":"article","og_title":"L'evento sulla mobilit\u00e0 numero 1 in Svizzera \u00e8 in arrivo! - Urban Connect","og_description":"The mobility event of the year is taking place at Aura in Zurich. The event is centred around the topic of mobility budgets.","og_url":"https:\/\/urban-connect.com\/it\/news\/levento-sulla-mobilita-numero-1-in-svizzera-e-in-arrivo\/","og_site_name":"Urban Connect","article_modified_time":"2024-09-19T15:03:58+00:00","og_image":[{"width":1536,"height":1236,"url":"https:\/\/urban-connect.com\/wp-content\/uploads\/2023\/06\/News_Event-1536x1236-1.jpg","type":"image\/jpeg"}],"twitter_card":"summary_large_image","twitter_misc":{"Tempo di lettura stimato":"2 minuti"},"schema":{"@context":"https:\/\/schema.org","@graph":[{"@type":"WebPage","@id":"https:\/\/urban-connect.com\/it\/news\/levento-sulla-mobilita-numero-1-in-svizzera-e-in-arrivo\/","url":"https:\/\/urban-connect.com\/it\/news\/levento-sulla-mobilita-numero-1-in-svizzera-e-in-arrivo\/","name":"L'evento sulla mobilit\u00e0 numero 1 in Svizzera \u00e8 in arrivo! - Urban Connect","isPartOf":{"@id":"https:\/\/urban-connect.com\/it\/#website"},"primaryImageOfPage":{"@id":"https:\/\/urban-connect.com\/it\/news\/levento-sulla-mobilita-numero-1-in-svizzera-e-in-arrivo\/#primaryimage"},"image":{"@id":"https:\/\/urban-connect.com\/it\/news\/levento-sulla-mobilita-numero-1-in-svizzera-e-in-arrivo\/#primaryimage"},"thumbnailUrl":"https:\/\/urban-connect.com\/wp-content\/uploads\/2023\/06\/News_Event-1536x1236-1.jpg","datePublished":"2023-06-09T16:15:43+00:00","dateModified":"2024-09-19T15:03:58+00:00","description":"The mobility event of the year is taking place at Aura in Zurich. The event is centred around the topic of mobility budgets.","breadcrumb":{"@id":"https:\/\/urban-connect.com\/it\/news\/levento-sulla-mobilita-numero-1-in-svizzera-e-in-arrivo\/#breadcrumb"},"inLanguage":"it-IT","potentialAction":[{"@type":"ReadAction","target":["https:\/\/urban-connect.com\/it\/news\/levento-sulla-mobilita-numero-1-in-svizzera-e-in-arrivo\/"]}]},{"@type":"ImageObject","inLanguage":"it-IT","@id":"https:\/\/urban-connect.com\/it\/news\/levento-sulla-mobilita-numero-1-in-svizzera-e-in-arrivo\/#primaryimage","url":"https:\/\/urban-connect.com\/wp-content\/uploads\/2023\/06\/News_Event-1536x1236-1.jpg","contentUrl":"https:\/\/urban-connect.com\/wp-content\/uploads\/2023\/06\/News_Event-1536x1236-1.jpg","width":1536,"height":1236,"caption":"Mobility Event 2023"},{"@type":"BreadcrumbList","@id":"https:\/\/urban-connect.com\/it\/news\/levento-sulla-mobilita-numero-1-in-svizzera-e-in-arrivo\/#breadcrumb","itemListElement":[{"@type":"ListItem","position":1,"name":"Home","item":"https:\/\/urban-connect.com\/it\/"},{"@type":"ListItem","position":2,"name":"L&#8217;evento sulla mobilit\u00e0 numero 1 in Svizzera \u00e8 in arrivo!"}]},{"@type":"WebSite","@id":"https:\/\/urban-connect.com\/it\/#website","url":"https:\/\/urban-connect.com\/it\/","name":"Urban Connect","description":"","potentialAction":[{"@type":"SearchAction","target":{"@type":"EntryPoint","urlTemplate":"https:\/\/urban-connect.com\/it\/?s={search_term_string}"},"query-input":"required name=search_term_string"}],"inLanguage":"it-IT"}]}},"_links":{"self":[{"href":"https:\/\/urban-connect.com\/it\/wp-json\/wp\/v2\/news\/5704","targetHints":{"allow":["GET"]}}],"collection":[{"href":"https:\/\/urban-connect.com\/it\/wp-json\/wp\/v2\/news"}],"about":[{"href":"https:\/\/urban-connect.com\/it\/wp-json\/wp\/v2\/types\/news"}],"wp:featuredmedia":[{"embeddable":true,"href":"https:\/\/urban-connect.com\/it\/wp-json\/wp\/v2\/media\/5705"}],"wp:attachment":[{"href":"https:\/\/urban-connect.com\/it\/wp-json\/wp\/v2\/media?parent=5704"}],"wp:term":[{"taxonomy":"news_category","embeddable":true,"href":"https:\/\/urban-connect.com\/it\/wp-json\/wp\/v2\/news_category?post=5704"}],"curies":[{"name":"wp","href":"https:\/\/api.w.org\/{rel}","templated":true}]}}