{"id":5701,"date":"2023-08-18T14:55:30","date_gmt":"2023-08-18T14:55:30","guid":{"rendered":"https:\/\/urban-connect.com\/news\/standing-still-in-traffic-jams-how-companies-can-lead-a-mobility-turnaround\/"},"modified":"2025-01-27T11:37:09","modified_gmt":"2025-01-27T11:37:09","slug":"come-le-aziende-possono-dare-una-svolta-alla-mobilita","status":"publish","type":"news","link":"https:\/\/urban-connect.com\/it\/news\/come-le-aziende-possono-dare-una-svolta-alla-mobilita\/","title":{"rendered":"Come le aziende possono dare una svolta alla mobilit\u00e0"},"content":{"rendered":"\n<p>In Svizzera, il tema della mobilit\u00e0 \u00e8 diventato da tempo una questione di rilevanza sociale. Le citt\u00e0 che lottano contro gli ingorghi del traffico sono sempre pi\u00f9 spesso invitate ad avviare una politica di trasporto \u201cnet zero\u201d. Queste iniziative sono effettivamente giustificate. In un confronto internazionale, la Svizzera ha uno dei tassi di utilizzo dei veicoli pi\u00f9 inefficienti in assoluto. Un&#8217;analisi dell&#8217;Ufficio Federale di Statistica ha dimostrato che i veicoli rimangono fermi per una media di 23 ore al giorno e che, quando sono in funzione, sono occupati solo circa 1,6 posti. Ci\u00f2 corrisponde a un fattore di carico combinato di appena l&#8217;1,6%. I crescenti ingorghi sulle nostre strade, soprattutto nelle ore di punta, sono il risultato di questo scarso utilizzo.<br><br>La Svizzera \u00e8 infatti un paese di pendolari in auto. Pi\u00f9 della met\u00e0 dei pendolari svizzeri usa l&#8217;auto ogni giorno. Questo dato \u00e8 importante perch\u00e9 poco meno di un terzo delle emissioni di gas serra in Svizzera \u00e8 attribuibile al traffico automobilistico. Ci\u00f2 significa che sia la decarbonizzazione che l&#8217;aumento della capacit\u00e0 di utilizzo della mobilit\u00e0 in Svizzera diventeranno probabilmente componenti importanti di una strategia economica sostenibile. In sostanza, l&#8217;agenda per una svolta nei trasporti in Svizzera \u00e8 ovvia.<br>L&#8217;intera flotta svizzera di 4,7 milioni di autovetture dovrebbe essere ridotta. Ma il cambiamento raramente \u00e8 facile. L&#8217;automobile \u00e8 diventata da tempo un simbolo potente della nostra individualit\u00e0, della nostra autodeterminazione e anche della nostra cultura industriale. Da questa constatazione nasce una domanda cruciale: Cosa spingerebbe le persone a rinunciare volontariamente alla propria auto?<\/p>\n\n\n\n<h2 class=\"wp-block-heading\"><strong>Chi farebbe a meno della propria auto?<\/strong><\/h2>\n\n\n\n<p>La risposta dovrebbe essere ovvia: per invitare le persone a rinunciare alla propria auto, le alternative al possesso di un&#8217;auto devono essere ampliate, migliorate e interconnesse in modo semplice. Il motto \u00e8 \u201cUsare invece di possedere\u201d. La mobilit\u00e0 come servizio \u00e8 il termine del momento. Non si tratta di stabilire se il trasporto pubblico, le biciclette e gli scooter elettrici condivisi o il car sharing rappresentino un&#8217;unica alternativa. Si tratta piuttosto di mettere in rete, con il supporto digitale, una catena di mobilit\u00e0 multimodale di facile accesso. Un interessante studio dell&#8217;agenzia di consulenza McKinsey conferma questo potenziale: mostra che la disponibilit\u00e0 delle persone all&#8217;uso condiviso dei veicoli \u00e8 aumentata. Lo studio dimostra anche che non \u00e8 importante solo il possesso di un veicolo, ma anche l&#8217;accesso ai veicoli. Ma chi offre questo accesso alle soluzioni di Mobility-as-a-Service?<\/p>\n\n\n\n<h2 class=\"wp-block-heading\"><strong>Le aziende come motori dell&#8217;innovazione<\/strong><\/h2>\n\n\n\n<p>Aziende innovative come Lonza e Roche stanno gi\u00e0 lavorando sodo su nuovi modelli di mobilit\u00e0. Per ridurre il trasporto privato motorizzato, si affidano a flotte di veicoli multimodali e condivisi &#8211; dalle e-bike alle e-car, fino agli e-scooter &#8211; che vengono poi condivisi tra i dipendenti in base alle esigenze degli utenti. In questo modo, sempre meno dipendenti si recano al lavoro con la propria auto e condividono invece una serie di opzioni di mobilit\u00e0 diverse. I veicoli condivisi dispongono di un parcheggio centrale, di un servizio di manutenzione e pulizia e di un&#8217;app di facile utilizzo con cui \u00e8 possibile prenotare il veicolo desiderato in qualsiasi momento, sbloccarlo e fatturarlo senza problemi dopo il viaggio. I vantaggi per le aziende sono evidenti: i costi si riducono perch\u00e9 non ci sono tante auto da acquistare, la domanda di parcheggio diminuisce drasticamente perch\u00e9 un maggior numero di persone utilizza meno auto e le emissioni complessive di gas serra dovute alla mobilit\u00e0 si riducono, soprattutto se i veicoli condivisi sono e-car o e-bike.<\/p>\n\n\n\n<h2 class=\"wp-block-heading\"><strong>Come si risparmiano costi, spazio ed emissioni<\/strong><\/h2>\n\n\n\n<p>Per determinare i benefici della piattaforma di mobilit\u00e0 Urban Connect, abbiamo condotto un&#8217;indagine tra i dipendenti presso la sede di un cliente per registrare i percorsi di pendolarismo e i rispettivi comportamenti di trasporto utilizzati prima e dopo l&#8217;introduzione della piattaforma Urban Connect. <\/p>\n\n\n\n<p>Vuoi saperne di pi\u00f9 sui vantaggi di una flotta aziendale di e-bike per i tuoi dipendenti? Compila semplicemente il modulo qui sotto e riceverai il whitepaper completo direttamente nella tua casella e-mail!<\/p>\n\n\n\n<script charset=\"utf-8\" type=\"text\/javascript\" src=\"\/\/js.hsforms.net\/forms\/embed\/v2.js\"><\/script>\n<script>\n  hbspt.forms.create({\n    portalId: \"4873065\",\n    formId: \"a654f1fc-95e5-4cbb-b7c1-b32555cfee31\"\n  });\n<\/script>\n\n\n        <section class=\"author-block\">\n            <div class=\"container\">\n                <div class=\"left-side\">\n                    <h6 class=\"name\">Robert Ruttmann<\/h6>\n                    <span class=\"position\">Co-Founder and Chief Executive Officer, Urban Connect<\/span>\n                <\/div>\n                <div class=\"right-side\">\n                                            <img decoding=\"async\" \n                        class=\"image lazyload\" data-src=\"https:\/\/urban-connect.com\/wp-content\/uploads\/2023\/03\/15-3-21-53.jpg\"\n                        data-srcset=\"https:\/\/urban-connect.com\/wp-content\/uploads\/2023\/03\/15-3-21-53.jpg 762w, https:\/\/urban-connect.com\/wp-content\/uploads\/2023\/03\/15-3-21-53-300x300.jpg 300w, https:\/\/urban-connect.com\/wp-content\/uploads\/2023\/03\/15-3-21-53-150x150.jpg 150w\"\n                        data-sizes=\"(max-width: 762px) 100vw, 762px\"\n                        alt=\"Chart Image\"\n                         src=\"data:image\/gif;base64,R0lGODlhAQABAAAAACH5BAEKAAEALAAAAAABAAEAAAICTAEAOw==\" style=\"--smush-placeholder-width: 762px; --smush-placeholder-aspect-ratio: 762\/762;\"><noscript><img decoding=\"async\" \n                        class=\"image\" src=\"https:\/\/urban-connect.com\/wp-content\/uploads\/2023\/03\/15-3-21-53.jpg\"\n                        srcset=\"https:\/\/urban-connect.com\/wp-content\/uploads\/2023\/03\/15-3-21-53.jpg 762w, https:\/\/urban-connect.com\/wp-content\/uploads\/2023\/03\/15-3-21-53-300x300.jpg 300w, https:\/\/urban-connect.com\/wp-content\/uploads\/2023\/03\/15-3-21-53-150x150.jpg 150w\"\n                        sizes=\"(max-width: 762px) 100vw, 762px\"\n                        alt=\"Chart Image\"\n                        ><\/noscript>\n                                        <\/div>\n            <\/div>\n        <\/section>\n        \n\n    <section class=\"related-posts\">\n        <div class=\"container\">\n            <h4 class=\"block-title\"><\/h4>\n        <\/div>\n        <div class=\"container posts-wrap\">\n            <div class=\"swiper swiper-related-posts\">\n                <div class=\"swiper-wrapper\">\n                                            <div class=\"swiper-slide\">\n                            <div class=\"card-horizontal\">\n    <div class=\"left-side\">\n                    <a href=\"https:\/\/urban-connect.com\/it\/news\/wheels-wine-2026-unedizione-storica-che-definisce-il-futuro-della-mobilita-aziendale\/\">\n                <img decoding=\"async\" \n                    class=\"image lazyload\" data-src=\"https:\/\/urban-connect.com\/wp-content\/uploads\/2026\/03\/F06A4076-768x512.jpg\"\n                    data-srcset=\"https:\/\/urban-connect.com\/wp-content\/uploads\/2026\/03\/F06A4076-768x512.jpg 768w, https:\/\/urban-connect.com\/wp-content\/uploads\/2026\/03\/F06A4076-300x200.jpg 300w, https:\/\/urban-connect.com\/wp-content\/uploads\/2026\/03\/F06A4076-1024x683.jpg 1024w, https:\/\/urban-connect.com\/wp-content\/uploads\/2026\/03\/F06A4076-1536x1024.jpg 1536w, https:\/\/urban-connect.com\/wp-content\/uploads\/2026\/03\/F06A4076-2048x1365.jpg 2048w, https:\/\/urban-connect.com\/wp-content\/uploads\/2026\/03\/F06A4076-1620x1080.jpg 1620w\"\n                    data-sizes=\"(max-width: 768px) 100vw, 768px\"\n                    alt=\"Wheels &amp; Wine 2026 \u2013 Un\u2019edizione storica che definisce il futuro della mobilit\u00e0 aziendale\"\n                 src=\"data:image\/gif;base64,R0lGODlhAQABAAAAACH5BAEKAAEALAAAAAABAAEAAAICTAEAOw==\" style=\"--smush-placeholder-width: 768px; --smush-placeholder-aspect-ratio: 768\/512;\"><noscript><img decoding=\"async\" \n                    class=\"image\" src=\"https:\/\/urban-connect.com\/wp-content\/uploads\/2026\/03\/F06A4076-768x512.jpg\"\n                    srcset=\"https:\/\/urban-connect.com\/wp-content\/uploads\/2026\/03\/F06A4076-768x512.jpg 768w, https:\/\/urban-connect.com\/wp-content\/uploads\/2026\/03\/F06A4076-300x200.jpg 300w, https:\/\/urban-connect.com\/wp-content\/uploads\/2026\/03\/F06A4076-1024x683.jpg 1024w, https:\/\/urban-connect.com\/wp-content\/uploads\/2026\/03\/F06A4076-1536x1024.jpg 1536w, https:\/\/urban-connect.com\/wp-content\/uploads\/2026\/03\/F06A4076-2048x1365.jpg 2048w, https:\/\/urban-connect.com\/wp-content\/uploads\/2026\/03\/F06A4076-1620x1080.jpg 1620w\"\n                    sizes=\"(max-width: 768px) 100vw, 768px\"\n                    alt=\"Wheels &amp; Wine 2026 \u2013 Un\u2019edizione storica che definisce il futuro della mobilit\u00e0 aziendale\"\n                ><\/noscript>\n            <\/a>\n                <\/div>\n    <div class=\"right-side\">\n                    <a href=\"https:\/\/urban-connect.com\/it\/news\/wheels-wine-2026-unedizione-storica-che-definisce-il-futuro-della-mobilita-aziendale\/\">\n                <h6 class=\"title\">Wheels &amp; Wine 2026 \u2013 Un\u2019edizione storica che definisce il futuro della mobilit\u00e0 aziendale<\/h6>\n            <\/a>\n                        <span class=\"date\">Marzo 24, 2026 <\/span>\n            \n\t        <\/div>\n<\/div>                        <\/div>\n                                                <div class=\"swiper-slide\">\n                            <div class=\"card-horizontal\">\n    <div class=\"left-side\">\n                    <a href=\"https:\/\/urban-connect.com\/it\/news\/cosa-succedera-quando-la-ricarica-dei-veicoli-elettrici-funzionera-finalmente\/\">\n                <img decoding=\"async\" \n                    class=\"image lazyload\" data-src=\"https:\/\/urban-connect.com\/wp-content\/uploads\/2026\/03\/Zaptec-cover-3-1-768x453.png\"\n                    data-srcset=\"https:\/\/urban-connect.com\/wp-content\/uploads\/2026\/03\/Zaptec-cover-3-1-768x453.png 768w, https:\/\/urban-connect.com\/wp-content\/uploads\/2026\/03\/Zaptec-cover-3-1-300x177.png 300w, https:\/\/urban-connect.com\/wp-content\/uploads\/2026\/03\/Zaptec-cover-3-1-1024x604.png 1024w, https:\/\/urban-connect.com\/wp-content\/uploads\/2026\/03\/Zaptec-cover-3-1-1536x906.png 1536w, https:\/\/urban-connect.com\/wp-content\/uploads\/2026\/03\/Zaptec-cover-3-1-2048x1208.png 2048w, https:\/\/urban-connect.com\/wp-content\/uploads\/2026\/03\/Zaptec-cover-3-1-1831x1080.png 1831w\"\n                    data-sizes=\"(max-width: 768px) 100vw, 768px\"\n                    alt=\"Cosa succeder\u00e0 quando la ricarica dei veicoli elettrici funzioner\u00e0 finalmente?\"\n                 src=\"data:image\/gif;base64,R0lGODlhAQABAAAAACH5BAEKAAEALAAAAAABAAEAAAICTAEAOw==\" style=\"--smush-placeholder-width: 768px; --smush-placeholder-aspect-ratio: 768\/453;\"><noscript><img decoding=\"async\" \n                    class=\"image\" src=\"https:\/\/urban-connect.com\/wp-content\/uploads\/2026\/03\/Zaptec-cover-3-1-768x453.png\"\n                    srcset=\"https:\/\/urban-connect.com\/wp-content\/uploads\/2026\/03\/Zaptec-cover-3-1-768x453.png 768w, https:\/\/urban-connect.com\/wp-content\/uploads\/2026\/03\/Zaptec-cover-3-1-300x177.png 300w, https:\/\/urban-connect.com\/wp-content\/uploads\/2026\/03\/Zaptec-cover-3-1-1024x604.png 1024w, https:\/\/urban-connect.com\/wp-content\/uploads\/2026\/03\/Zaptec-cover-3-1-1536x906.png 1536w, https:\/\/urban-connect.com\/wp-content\/uploads\/2026\/03\/Zaptec-cover-3-1-2048x1208.png 2048w, https:\/\/urban-connect.com\/wp-content\/uploads\/2026\/03\/Zaptec-cover-3-1-1831x1080.png 1831w\"\n                    sizes=\"(max-width: 768px) 100vw, 768px\"\n                    alt=\"Cosa succeder\u00e0 quando la ricarica dei veicoli elettrici funzioner\u00e0 finalmente?\"\n                ><\/noscript>\n            <\/a>\n                <\/div>\n    <div class=\"right-side\">\n                    <a href=\"https:\/\/urban-connect.com\/it\/news\/cosa-succedera-quando-la-ricarica-dei-veicoli-elettrici-funzionera-finalmente\/\">\n                <h6 class=\"title\">Cosa succeder\u00e0 quando la ricarica dei veicoli elettrici funzioner\u00e0 finalmente?<\/h6>\n            <\/a>\n                        <span class=\"date\">Marzo 17, 2026 <\/span>\n            \n\t        <\/div>\n<\/div>                        <\/div>\n                                                <div class=\"swiper-slide\">\n                            <div class=\"card-horizontal\">\n    <div class=\"left-side\">\n                    <a href=\"https:\/\/urban-connect.com\/it\/news\/focus-sui-casi-di-studio-helsana-offre-a-oltre-3400-dipendenti-un-budget-di-mobilita-urban-connect-senza-alcun-problema-grazie-a-scim\/\">\n                <img decoding=\"async\" \n                    class=\"image lazyload\" data-src=\"https:\/\/urban-connect.com\/wp-content\/uploads\/2026\/02\/HELSANA-x-UC-banner-768x511.png\"\n                    data-srcset=\"https:\/\/urban-connect.com\/wp-content\/uploads\/2026\/02\/HELSANA-x-UC-banner-768x511.png 768w, https:\/\/urban-connect.com\/wp-content\/uploads\/2026\/02\/HELSANA-x-UC-banner-300x199.png 300w, https:\/\/urban-connect.com\/wp-content\/uploads\/2026\/02\/HELSANA-x-UC-banner-1024x681.png 1024w, https:\/\/urban-connect.com\/wp-content\/uploads\/2026\/02\/HELSANA-x-UC-banner-1536x1021.png 1536w, https:\/\/urban-connect.com\/wp-content\/uploads\/2026\/02\/HELSANA-x-UC-banner.png 1590w\"\n                    data-sizes=\"(max-width: 768px) 100vw, 768px\"\n                    alt=\"Focus sui casi di studio: Helsana offre a oltre 3'400 dipendenti un budget di mobilit\u00e0 Urban Connect, senza alcun problema grazie a SCIM.\"\n                 src=\"data:image\/gif;base64,R0lGODlhAQABAAAAACH5BAEKAAEALAAAAAABAAEAAAICTAEAOw==\" style=\"--smush-placeholder-width: 768px; --smush-placeholder-aspect-ratio: 768\/511;\"><noscript><img decoding=\"async\" \n                    class=\"image\" src=\"https:\/\/urban-connect.com\/wp-content\/uploads\/2026\/02\/HELSANA-x-UC-banner-768x511.png\"\n                    srcset=\"https:\/\/urban-connect.com\/wp-content\/uploads\/2026\/02\/HELSANA-x-UC-banner-768x511.png 768w, https:\/\/urban-connect.com\/wp-content\/uploads\/2026\/02\/HELSANA-x-UC-banner-300x199.png 300w, https:\/\/urban-connect.com\/wp-content\/uploads\/2026\/02\/HELSANA-x-UC-banner-1024x681.png 1024w, https:\/\/urban-connect.com\/wp-content\/uploads\/2026\/02\/HELSANA-x-UC-banner-1536x1021.png 1536w, https:\/\/urban-connect.com\/wp-content\/uploads\/2026\/02\/HELSANA-x-UC-banner.png 1590w\"\n                    sizes=\"(max-width: 768px) 100vw, 768px\"\n                    alt=\"Focus sui casi di studio: Helsana offre a oltre 3'400 dipendenti un budget di mobilit\u00e0 Urban Connect, senza alcun problema grazie a SCIM.\"\n                ><\/noscript>\n            <\/a>\n                <\/div>\n    <div class=\"right-side\">\n                    <a href=\"https:\/\/urban-connect.com\/it\/news\/focus-sui-casi-di-studio-helsana-offre-a-oltre-3400-dipendenti-un-budget-di-mobilita-urban-connect-senza-alcun-problema-grazie-a-scim\/\">\n                <h6 class=\"title\">Focus sui casi di studio: Helsana offre a oltre 3&#8217;400 dipendenti un budget di mobilit\u00e0 Urban Connect, senza alcun problema grazie a SCIM.<\/h6>\n            <\/a>\n                        <span class=\"date\">Febbraio 05, 2026 <\/span>\n            \n\t        <\/div>\n<\/div>                        <\/div>\n                                        <\/div>\n                <div class=\"btn-slider \">\n    <div class=\"prev\">\n        <svg width=\"22\" height=\"12\" viewBox=\"0 0 22 12\" fill=\"none\" xmlns=\"http:\/\/www.w3.org\/2000\/svg\">\n            <path d=\"M5.094 4.476L7.74 1.83L6.03 0.102L0.432 5.7L6.03 11.298L7.74 9.57L5.076 6.906H21.42V4.476H5.094Z\" fill=\"white\"\/>\n        <\/svg>\n    <\/div>\n    <div class=\"next\">\n        <svg width=\"22\" height=\"12\" viewBox=\"0 0 22 12\" fill=\"none\" xmlns=\"http:\/\/www.w3.org\/2000\/svg\">\n            <path d=\"M14.292 1.83L16.938 4.476H0.612V6.906H16.956L14.292 9.57L16.002 11.298L21.6 5.7L16.002 0.102L14.292 1.83Z\" fill=\"white\"\/>\n        <\/svg>\n    <\/div>\n<\/div>            <\/div>\n        <\/div>\n    <\/section>\n    \n\n\n<p><\/p>\n","protected":false},"excerpt":{"rendered":"<p>In Svizzera, il tema della mobilit\u00e0 \u00e8 diventato da tempo una questione di rilevanza sociale. Le citt\u00e0 che lottano contro gli ingorghi del traffico sono sempre pi\u00f9 spesso invitate ad avviare una politica di trasporto \u201cnet zero\u201d. Queste iniziative sono effettivamente giustificate. In un confronto internazionale, la Svizzera ha uno dei tassi di utilizzo dei [&hellip;]<\/p>\n","protected":false},"featured_media":5446,"parent":0,"template":"","news_category":[47],"class_list":["post-5701","news","type-news","status-publish","has-post-thumbnail","hentry","news_category-libri-bianchi"],"acf":[],"yoast_head":"<!-- This site is optimized with the Yoast SEO plugin v23.2 - https:\/\/yoast.com\/wordpress\/plugins\/seo\/ -->\n<title>How companies can lead the mobility revolution<\/title>\n<meta name=\"description\" content=\"In this blog article, you will learn about the central role that corporate mobility plays in the transport revolution.\" \/>\n<meta name=\"robots\" content=\"index, follow, max-snippet:-1, max-image-preview:large, max-video-preview:-1\" \/>\n<link rel=\"canonical\" href=\"https:\/\/urban-connect.com\/it\/news\/come-le-aziende-possono-dare-una-svolta-alla-mobilita\/\" \/>\n<meta property=\"og:locale\" content=\"it_IT\" \/>\n<meta property=\"og:type\" content=\"article\" \/>\n<meta property=\"og:title\" content=\"How companies can lead the mobility revolution\" \/>\n<meta property=\"og:description\" content=\"In this blog article, you will learn about the central role that corporate mobility plays in the transport revolution.\" \/>\n<meta property=\"og:url\" content=\"https:\/\/urban-connect.com\/it\/news\/come-le-aziende-possono-dare-una-svolta-alla-mobilita\/\" \/>\n<meta property=\"og:site_name\" content=\"Urban Connect\" \/>\n<meta property=\"article:modified_time\" content=\"2025-01-27T11:37:09+00:00\" \/>\n<meta property=\"og:image\" content=\"https:\/\/urban-connect.com\/wp-content\/uploads\/2023\/04\/Bildschirmfoto-2022-07-18-um-10.36-2.png\" \/>\n\t<meta property=\"og:image:width\" content=\"719\" \/>\n\t<meta property=\"og:image:height\" content=\"540\" \/>\n\t<meta property=\"og:image:type\" content=\"image\/png\" \/>\n<meta name=\"twitter:card\" content=\"summary_large_image\" \/>\n<meta name=\"twitter:label1\" content=\"Tempo di lettura stimato\" \/>\n\t<meta name=\"twitter:data1\" content=\"4 minuti\" \/>\n<script type=\"application\/ld+json\" class=\"yoast-schema-graph\">{\"@context\":\"https:\/\/schema.org\",\"@graph\":[{\"@type\":\"WebPage\",\"@id\":\"https:\/\/urban-connect.com\/it\/news\/come-le-aziende-possono-dare-una-svolta-alla-mobilita\/\",\"url\":\"https:\/\/urban-connect.com\/it\/news\/come-le-aziende-possono-dare-una-svolta-alla-mobilita\/\",\"name\":\"How companies can lead the mobility revolution\",\"isPartOf\":{\"@id\":\"https:\/\/urban-connect.com\/it\/#website\"},\"primaryImageOfPage\":{\"@id\":\"https:\/\/urban-connect.com\/it\/news\/come-le-aziende-possono-dare-una-svolta-alla-mobilita\/#primaryimage\"},\"image\":{\"@id\":\"https:\/\/urban-connect.com\/it\/news\/come-le-aziende-possono-dare-una-svolta-alla-mobilita\/#primaryimage\"},\"thumbnailUrl\":\"https:\/\/urban-connect.com\/wp-content\/uploads\/2023\/04\/Bildschirmfoto-2022-07-18-um-10.36-2.png\",\"datePublished\":\"2023-08-18T14:55:30+00:00\",\"dateModified\":\"2025-01-27T11:37:09+00:00\",\"description\":\"In this blog article, you will learn about the central role that corporate mobility plays in the transport revolution.\",\"breadcrumb\":{\"@id\":\"https:\/\/urban-connect.com\/it\/news\/come-le-aziende-possono-dare-una-svolta-alla-mobilita\/#breadcrumb\"},\"inLanguage\":\"it-IT\",\"potentialAction\":[{\"@type\":\"ReadAction\",\"target\":[\"https:\/\/urban-connect.com\/it\/news\/come-le-aziende-possono-dare-una-svolta-alla-mobilita\/\"]}]},{\"@type\":\"ImageObject\",\"inLanguage\":\"it-IT\",\"@id\":\"https:\/\/urban-connect.com\/it\/news\/come-le-aziende-possono-dare-una-svolta-alla-mobilita\/#primaryimage\",\"url\":\"https:\/\/urban-connect.com\/wp-content\/uploads\/2023\/04\/Bildschirmfoto-2022-07-18-um-10.36-2.png\",\"contentUrl\":\"https:\/\/urban-connect.com\/wp-content\/uploads\/2023\/04\/Bildschirmfoto-2022-07-18-um-10.36-2.png\",\"width\":719,\"height\":540,\"caption\":\"Woman cycling\"},{\"@type\":\"BreadcrumbList\",\"@id\":\"https:\/\/urban-connect.com\/it\/news\/come-le-aziende-possono-dare-una-svolta-alla-mobilita\/#breadcrumb\",\"itemListElement\":[{\"@type\":\"ListItem\",\"position\":1,\"name\":\"Home\",\"item\":\"https:\/\/urban-connect.com\/it\/\"},{\"@type\":\"ListItem\",\"position\":2,\"name\":\"Come le aziende possono dare una svolta alla mobilit\u00e0\"}]},{\"@type\":\"WebSite\",\"@id\":\"https:\/\/urban-connect.com\/it\/#website\",\"url\":\"https:\/\/urban-connect.com\/it\/\",\"name\":\"Urban Connect\",\"description\":\"\",\"potentialAction\":[{\"@type\":\"SearchAction\",\"target\":{\"@type\":\"EntryPoint\",\"urlTemplate\":\"https:\/\/urban-connect.com\/it\/?s={search_term_string}\"},\"query-input\":\"required name=search_term_string\"}],\"inLanguage\":\"it-IT\"}]}<\/script>\n<!-- \/ Yoast SEO plugin. -->","yoast_head_json":{"title":"How companies can lead the mobility revolution","description":"In this blog article, you will learn about the central role that corporate mobility plays in the transport revolution.","robots":{"index":"index","follow":"follow","max-snippet":"max-snippet:-1","max-image-preview":"max-image-preview:large","max-video-preview":"max-video-preview:-1"},"canonical":"https:\/\/urban-connect.com\/it\/news\/come-le-aziende-possono-dare-una-svolta-alla-mobilita\/","og_locale":"it_IT","og_type":"article","og_title":"How companies can lead the mobility revolution","og_description":"In this blog article, you will learn about the central role that corporate mobility plays in the transport revolution.","og_url":"https:\/\/urban-connect.com\/it\/news\/come-le-aziende-possono-dare-una-svolta-alla-mobilita\/","og_site_name":"Urban Connect","article_modified_time":"2025-01-27T11:37:09+00:00","og_image":[{"width":719,"height":540,"url":"https:\/\/urban-connect.com\/wp-content\/uploads\/2023\/04\/Bildschirmfoto-2022-07-18-um-10.36-2.png","type":"image\/png"}],"twitter_card":"summary_large_image","twitter_misc":{"Tempo di lettura stimato":"4 minuti"},"schema":{"@context":"https:\/\/schema.org","@graph":[{"@type":"WebPage","@id":"https:\/\/urban-connect.com\/it\/news\/come-le-aziende-possono-dare-una-svolta-alla-mobilita\/","url":"https:\/\/urban-connect.com\/it\/news\/come-le-aziende-possono-dare-una-svolta-alla-mobilita\/","name":"How companies can lead the mobility revolution","isPartOf":{"@id":"https:\/\/urban-connect.com\/it\/#website"},"primaryImageOfPage":{"@id":"https:\/\/urban-connect.com\/it\/news\/come-le-aziende-possono-dare-una-svolta-alla-mobilita\/#primaryimage"},"image":{"@id":"https:\/\/urban-connect.com\/it\/news\/come-le-aziende-possono-dare-una-svolta-alla-mobilita\/#primaryimage"},"thumbnailUrl":"https:\/\/urban-connect.com\/wp-content\/uploads\/2023\/04\/Bildschirmfoto-2022-07-18-um-10.36-2.png","datePublished":"2023-08-18T14:55:30+00:00","dateModified":"2025-01-27T11:37:09+00:00","description":"In this blog article, you will learn about the central role that corporate mobility plays in the transport revolution.","breadcrumb":{"@id":"https:\/\/urban-connect.com\/it\/news\/come-le-aziende-possono-dare-una-svolta-alla-mobilita\/#breadcrumb"},"inLanguage":"it-IT","potentialAction":[{"@type":"ReadAction","target":["https:\/\/urban-connect.com\/it\/news\/come-le-aziende-possono-dare-una-svolta-alla-mobilita\/"]}]},{"@type":"ImageObject","inLanguage":"it-IT","@id":"https:\/\/urban-connect.com\/it\/news\/come-le-aziende-possono-dare-una-svolta-alla-mobilita\/#primaryimage","url":"https:\/\/urban-connect.com\/wp-content\/uploads\/2023\/04\/Bildschirmfoto-2022-07-18-um-10.36-2.png","contentUrl":"https:\/\/urban-connect.com\/wp-content\/uploads\/2023\/04\/Bildschirmfoto-2022-07-18-um-10.36-2.png","width":719,"height":540,"caption":"Woman cycling"},{"@type":"BreadcrumbList","@id":"https:\/\/urban-connect.com\/it\/news\/come-le-aziende-possono-dare-una-svolta-alla-mobilita\/#breadcrumb","itemListElement":[{"@type":"ListItem","position":1,"name":"Home","item":"https:\/\/urban-connect.com\/it\/"},{"@type":"ListItem","position":2,"name":"Come le aziende possono dare una svolta alla mobilit\u00e0"}]},{"@type":"WebSite","@id":"https:\/\/urban-connect.com\/it\/#website","url":"https:\/\/urban-connect.com\/it\/","name":"Urban Connect","description":"","potentialAction":[{"@type":"SearchAction","target":{"@type":"EntryPoint","urlTemplate":"https:\/\/urban-connect.com\/it\/?s={search_term_string}"},"query-input":"required name=search_term_string"}],"inLanguage":"it-IT"}]}},"_links":{"self":[{"href":"https:\/\/urban-connect.com\/it\/wp-json\/wp\/v2\/news\/5701","targetHints":{"allow":["GET"]}}],"collection":[{"href":"https:\/\/urban-connect.com\/it\/wp-json\/wp\/v2\/news"}],"about":[{"href":"https:\/\/urban-connect.com\/it\/wp-json\/wp\/v2\/types\/news"}],"wp:featuredmedia":[{"embeddable":true,"href":"https:\/\/urban-connect.com\/it\/wp-json\/wp\/v2\/media\/5446"}],"wp:attachment":[{"href":"https:\/\/urban-connect.com\/it\/wp-json\/wp\/v2\/media?parent=5701"}],"wp:term":[{"taxonomy":"news_category","embeddable":true,"href":"https:\/\/urban-connect.com\/it\/wp-json\/wp\/v2\/news_category?post=5701"}],"curies":[{"name":"wp","href":"https:\/\/api.w.org\/{rel}","templated":true}]}}