{"id":5697,"date":"2023-10-30T15:20:42","date_gmt":"2023-10-30T15:20:42","guid":{"rendered":"https:\/\/urban-connect.com\/news\/urban-connect-founders-judith-haberli-robert-ruttmann-win-ey-entrepreneur-of-the-year-award\/"},"modified":"2024-09-20T12:05:47","modified_gmt":"2024-09-20T12:05:47","slug":"i-fondatori-di-urban-connect-judith-haberli-e-robert-ruttmann-vincono-il-premio-ey-entrepreneur-of-the-year","status":"publish","type":"news","link":"https:\/\/urban-connect.com\/it\/news\/i-fondatori-di-urban-connect-judith-haberli-e-robert-ruttmann-vincono-il-premio-ey-entrepreneur-of-the-year\/","title":{"rendered":"I fondatori di Urban Connect Judith H\u00e4berli e Robert Ruttmann vincono il premio EY Entrepreneur of the Year!\u00a0"},"content":{"rendered":"\n<p>Siamo entusiasti di annunciare che i fondatori di Urban Connect &#8211; Judith H\u00e4berli e Robert Ruttmann &#8211; sono stati premiati con il prestigioso EY Entrepreneur of the Year Award nella categoria Emerging Entrepreneur.<br><\/p>\n\n\n\n<p><strong>Cos&#8217;\u00e8 l&#8217;EY Entrepreneur of the Year?<\/strong><br><\/p>\n\n\n\n<p>L&#8217;EY Entrepreneur of the Year \u00e8 uno dei pi\u00f9 grandi e rispettati Business Awards, che si svolge per la<sup>26esima<\/sup> volta in Svizzera. Istituito dalla societ\u00e0 di consulenza EY, il premio celebra i fondatori, gli amministratori delegati e i leader che dimostrano una leadership eccezionale nel guidare l&#8217;innovazione, la crescita e il cambiamento positivo nelle aziende e nelle comunit\u00e0.<br><br>Scelti tra circa 50 candidati annuali, i finalisti delle quattro categorie del premio &#8211; Emerging Entrepreneur, Service &amp; Retail, Family Business e Industry, High-Tech &amp; Life Sciences &#8211; sono selezionati da una giuria dedicata e indipendente di 11 membri che investono mesi nell&#8217;attento processo di selezione.<br><\/p>\n\n\n\n<p><strong>Campioni della categoria Imprenditori Emergenti<\/strong><br><\/p>\n\n\n\n<p>La sera di venerd\u00ec<sup>27<\/sup> ottobre, Judith H\u00e4berli e Robert Ruttmann hanno partecipato alla prestigiosa cerimonia di premiazione e alla cena di gala di EoY 2023 a Losanna. \u00c8 stato qui che Tom Hanan, CEO di Web Republic e membro indipendente della giuria per la categoria Imprenditori Emergenti, ha annunciato che Judith e Robert avevano vinto il premio.<br><br>Tom Hanan ha riconosciuto Judith e Robert per l&#8217;assunzione di rischi, l&#8217;ambizione e l&#8217;innovazione nel settore della mobilit\u00e0. Hanno fondato Urban Connect quasi per caso, dopo aver avuto l&#8217;intenzione di avviare una caffetteria. Lo spazio che avevano scelto era un vecchio negozio di biciclette e il proprietario originale annunci\u00f2 che avrebbe venduto il locale solo se il suo apprendista avesse avuto un lavoro. Judith e Robert accettarono di buon grado la condizione e questa inaspettata svolta degli eventi spost\u00f2 l&#8217;attenzione dal caff\u00e8 alla mobilit\u00e0.<\/p>\n\n\n\n<figure class=\"wp-block-image size-large\"><img loading=\"lazy\" decoding=\"async\" width=\"1024\" height=\"683\" data-src=\"https:\/\/urban-connect.com\/wp-content\/uploads\/2023\/10\/MicrosoftTeams-image-97-1024x683.jpg\" alt=\"Judith and Robert EY 2\" class=\"wp-image-3367 lazyload\" data-srcset=\"https:\/\/urban-connect.com\/wp-content\/uploads\/2023\/10\/MicrosoftTeams-image-97-1024x683.jpg 1024w, https:\/\/urban-connect.com\/wp-content\/uploads\/2023\/10\/MicrosoftTeams-image-97-300x200.jpg 300w, https:\/\/urban-connect.com\/wp-content\/uploads\/2023\/10\/MicrosoftTeams-image-97-768x512.jpg 768w, https:\/\/urban-connect.com\/wp-content\/uploads\/2023\/10\/MicrosoftTeams-image-97-1536x1024.jpg 1536w, https:\/\/urban-connect.com\/wp-content\/uploads\/2023\/10\/MicrosoftTeams-image-97-1620x1080.jpg 1620w, https:\/\/urban-connect.com\/wp-content\/uploads\/2023\/10\/MicrosoftTeams-image-97.jpg 2048w\" data-sizes=\"auto, (max-width: 1024px) 100vw, 1024px\" src=\"data:image\/gif;base64,R0lGODlhAQABAAAAACH5BAEKAAEALAAAAAABAAEAAAICTAEAOw==\" style=\"--smush-placeholder-width: 1024px; --smush-placeholder-aspect-ratio: 1024\/683;\" \/><noscript><img loading=\"lazy\" decoding=\"async\" width=\"1024\" height=\"683\" src=\"https:\/\/urban-connect.com\/wp-content\/uploads\/2023\/10\/MicrosoftTeams-image-97-1024x683.jpg\" alt=\"Judith and Robert EY 2\" class=\"wp-image-3367\" srcset=\"https:\/\/urban-connect.com\/wp-content\/uploads\/2023\/10\/MicrosoftTeams-image-97-1024x683.jpg 1024w, https:\/\/urban-connect.com\/wp-content\/uploads\/2023\/10\/MicrosoftTeams-image-97-300x200.jpg 300w, https:\/\/urban-connect.com\/wp-content\/uploads\/2023\/10\/MicrosoftTeams-image-97-768x512.jpg 768w, https:\/\/urban-connect.com\/wp-content\/uploads\/2023\/10\/MicrosoftTeams-image-97-1536x1024.jpg 1536w, https:\/\/urban-connect.com\/wp-content\/uploads\/2023\/10\/MicrosoftTeams-image-97-1620x1080.jpg 1620w, https:\/\/urban-connect.com\/wp-content\/uploads\/2023\/10\/MicrosoftTeams-image-97.jpg 2048w\" sizes=\"auto, (max-width: 1024px) 100vw, 1024px\" \/><\/noscript><\/figure>\n\n\n\n<p><strong>Rivoluzionare la mobilit\u00e0 aziendale<\/strong><br><\/p>\n\n\n\n<p>Oggi Urban Connect \u00e8 la principale piattaforma di mobilit\u00e0 aziendale in Svizzera per le soluzioni multimodali. L&#8217;offerta di servizi comprende tre pilastri principali: 1) servizi di flotta, che consente ai dipendenti di accedere facilmente a biciclette, scooter e auto elettriche di alta qualit\u00e0 condivise in un ecosistema chiuso; 2) budget di mobilit\u00e0, che raggruppa tutti i servizi di mobilit\u00e0 &#8211; compresi i servizi di terze parti &#8211; per offrire ai dipendenti un modo equo e flessibile di allocare le risorse di mobilit\u00e0; 3) gestione digitale dei parcheggi, che aiuta le aziende a guidare sistematicamente l&#8217;accesso ai loro parcheggi. Tutti questi servizi di mobilit\u00e0 sono accessibili tramite un&#8217;unica app, progettata per aiutare le aziende a risparmiare sui costi, ridurre le emissioni e fornire agli utenti finali un&#8217;esperienza d&#8217;uso senza soluzione di continuit\u00e0.<\/p>\n\n\n\n<p>Negli ultimi due anni, Urban Connect \u00e8 cresciuta fino a diventare una piattaforma di mobilit\u00e0 aziendale multimodale leader nel settore, al servizio di oltre 50 grandi aziende svizzere che si impegnano a ridurre le emissioni di carbonio dovute al traffico automobilistico. Judith H\u00e4berli, co-fondatrice di Urban Connect, ha dichiarato,<\/p>\n\n\n\n<p><strong>&#8220;Siamo profondamente onorati di ricevere questo prestigioso premio.<\/strong> <strong>\u00c8 una testimonianza del duro lavoro e della dedizione di tutto il team di Urban Connect.<\/strong> <strong>Questo riconoscimento motiva tutti noi a continuare la nostra missione di aiutare le aziende a decarbonizzare e a gestire in modo pi\u00f9 efficiente i loro sistemi di mobilit\u00e0 dei dipendenti\u201d.<\/strong><\/p>\n\n\n\n<figure class=\"wp-block-image size-large\"><img loading=\"lazy\" decoding=\"async\" width=\"1024\" height=\"683\" data-src=\"https:\/\/urban-connect.com\/wp-content\/uploads\/2023\/10\/EOY_2023_074-1-1024x683.jpg\" alt=\"\" class=\"wp-image-3369 lazyload\" data-srcset=\"https:\/\/urban-connect.com\/wp-content\/uploads\/2023\/10\/EOY_2023_074-1-1024x683.jpg 1024w, https:\/\/urban-connect.com\/wp-content\/uploads\/2023\/10\/EOY_2023_074-1-300x200.jpg 300w, https:\/\/urban-connect.com\/wp-content\/uploads\/2023\/10\/EOY_2023_074-1-768x512.jpg 768w, https:\/\/urban-connect.com\/wp-content\/uploads\/2023\/10\/EOY_2023_074-1-1536x1024.jpg 1536w\" data-sizes=\"auto, (max-width: 1024px) 100vw, 1024px\" src=\"data:image\/gif;base64,R0lGODlhAQABAAAAACH5BAEKAAEALAAAAAABAAEAAAICTAEAOw==\" style=\"--smush-placeholder-width: 1024px; --smush-placeholder-aspect-ratio: 1024\/683;\" \/><noscript><img loading=\"lazy\" decoding=\"async\" width=\"1024\" height=\"683\" src=\"https:\/\/urban-connect.com\/wp-content\/uploads\/2023\/10\/EOY_2023_074-1-1024x683.jpg\" alt=\"\" class=\"wp-image-3369\" srcset=\"https:\/\/urban-connect.com\/wp-content\/uploads\/2023\/10\/EOY_2023_074-1-1024x683.jpg 1024w, https:\/\/urban-connect.com\/wp-content\/uploads\/2023\/10\/EOY_2023_074-1-300x200.jpg 300w, https:\/\/urban-connect.com\/wp-content\/uploads\/2023\/10\/EOY_2023_074-1-768x512.jpg 768w, https:\/\/urban-connect.com\/wp-content\/uploads\/2023\/10\/EOY_2023_074-1-1536x1024.jpg 1536w\" sizes=\"auto, (max-width: 1024px) 100vw, 1024px\" \/><\/noscript><\/figure>\n\n\n\n<p><strong>Festeggiamo insieme!<\/strong><br><\/p>\n\n\n\n<p>A nome del team di Urban Connect, porgiamo le nostre pi\u00f9 sentite congratulazioni anche ai fenomenali co-finalisti: <a href=\"https:\/\/www.linkedin.com\/in\/ACoAABx_n4oBS26JpJIpWYwR2AP5fCeGW5f4iIw\">David Gugelmann<\/a>, <a href=\"https:\/\/www.linkedin.com\/in\/ACoAAAASfZwBvzkJj6HJd93uOYtGCTXv2gm5sBQ\">Majbritt Byskov-Bridges<\/a> e <a href=\"https:\/\/www.linkedin.com\/in\/ACoAAACHztoBbU_CkcVGJateXYoYCK4VWJrU9_8\">Mine Uran<\/a>. Siete tutti fantastici! \ud83c\udf97\ufe0f\ud83c\udf97\ufe0f<\/p>\n\n\n\n<p>Congratulazioni anche agli eccezionali vincitori delle rispettive categorie:<br><br>\ud83c\udfc6 Industria, High-Tech e Scienze della Vita: <a href=\"https:\/\/www.linkedin.com\/in\/ACoAAAGNE_wBbSGQ7JWDMyeUPUqxeo6ZS8PnAQQ\">Luca Santarelli<\/a> di <a href=\"https:\/\/www.linkedin.com\/company\/vectivbio\/\">VectivBio<\/a><br>\ud83c\udfc6 Servizi e commercio:\u202f<a href=\"https:\/\/www.linkedin.com\/in\/ACoAABP-RNkBSrSu5TYnJ4tfjpvbbXKVe6bjazI\">Paul Fritz<\/a> di <a href=\"https:\/\/www.linkedin.com\/company\/homeinsteadinc\/\">Home Instead<\/a><br>\ud83c\udfc6 Aziende familiari: <a href=\"https:\/\/www.linkedin.com\/in\/ACoAAAKDzFoBdtek9Ga8TvDsK36cHK9Dc5v1D14\">Daniel Bossard<\/a> di <a href=\"https:\/\/www.linkedin.com\/company\/bossard-schweiz\/%22%20\/o%20%22https:\/\/www.linkedin.com\/company\/bossard-schweiz\/%22%20\/t%20%22_blank\">Bossard Schweiz<\/a><\/p>\n\n\n\n<p>Per festeggiare insieme il premio, Urban Connect invita le aziende a una dimostrazione personale dei nostri servizi. Prenota il tuo tempo con noi e scopri come possiamo aiutarti a rivoluzionare il modo in cui i tuoi dipendenti viaggiano!<\/p>\n\n\n\n<p>Change Mobility &#8211; Change the World<\/p>\n\n\n\n<div class=\"wp-block-buttons is-layout-flex wp-block-buttons-is-layout-flex\">\n<div class=\"wp-block-button has-custom-font-size\" style=\"font-size:20px\"><a class=\"wp-block-button__link wp-element-button\" href=\"https:\/\/meetings.hubspot.com\/felix-kruse\/meet-uc\" target=\"_blank\" rel=\"noreferrer noopener\">Book a demo<\/a><\/div>\n<\/div>\n\n\n\n<div style=\"height:100px\" aria-hidden=\"true\" class=\"wp-block-spacer\"><\/div>\n\n\n    <section class=\"related-posts\">\n        <div class=\"container\">\n            <h4 class=\"block-title\"><\/h4>\n        <\/div>\n        <div class=\"container posts-wrap\">\n            <div class=\"swiper swiper-related-posts\">\n                <div class=\"swiper-wrapper\">\n                                            <div class=\"swiper-slide\">\n                            <div class=\"card-horizontal\">\n    <div class=\"left-side\">\n                    <a href=\"https:\/\/urban-connect.com\/it\/news\/wheels-wine-2026-unedizione-storica-che-definisce-il-futuro-della-mobilita-aziendale\/\">\n                <img decoding=\"async\" \n                    class=\"image lazyload\" data-src=\"https:\/\/urban-connect.com\/wp-content\/uploads\/2026\/03\/F06A4076-768x512.jpg\"\n                    data-srcset=\"https:\/\/urban-connect.com\/wp-content\/uploads\/2026\/03\/F06A4076-768x512.jpg 768w, https:\/\/urban-connect.com\/wp-content\/uploads\/2026\/03\/F06A4076-300x200.jpg 300w, https:\/\/urban-connect.com\/wp-content\/uploads\/2026\/03\/F06A4076-1024x683.jpg 1024w, https:\/\/urban-connect.com\/wp-content\/uploads\/2026\/03\/F06A4076-1536x1024.jpg 1536w, https:\/\/urban-connect.com\/wp-content\/uploads\/2026\/03\/F06A4076-2048x1365.jpg 2048w, https:\/\/urban-connect.com\/wp-content\/uploads\/2026\/03\/F06A4076-1620x1080.jpg 1620w\"\n                    data-sizes=\"(max-width: 768px) 100vw, 768px\"\n                    alt=\"Wheels &amp; Wine 2026 \u2013 Un\u2019edizione storica che definisce il futuro della mobilit\u00e0 aziendale\"\n                 src=\"data:image\/gif;base64,R0lGODlhAQABAAAAACH5BAEKAAEALAAAAAABAAEAAAICTAEAOw==\" style=\"--smush-placeholder-width: 768px; --smush-placeholder-aspect-ratio: 768\/512;\"><noscript><img decoding=\"async\" \n                    class=\"image\" src=\"https:\/\/urban-connect.com\/wp-content\/uploads\/2026\/03\/F06A4076-768x512.jpg\"\n                    srcset=\"https:\/\/urban-connect.com\/wp-content\/uploads\/2026\/03\/F06A4076-768x512.jpg 768w, https:\/\/urban-connect.com\/wp-content\/uploads\/2026\/03\/F06A4076-300x200.jpg 300w, https:\/\/urban-connect.com\/wp-content\/uploads\/2026\/03\/F06A4076-1024x683.jpg 1024w, https:\/\/urban-connect.com\/wp-content\/uploads\/2026\/03\/F06A4076-1536x1024.jpg 1536w, https:\/\/urban-connect.com\/wp-content\/uploads\/2026\/03\/F06A4076-2048x1365.jpg 2048w, https:\/\/urban-connect.com\/wp-content\/uploads\/2026\/03\/F06A4076-1620x1080.jpg 1620w\"\n                    sizes=\"(max-width: 768px) 100vw, 768px\"\n                    alt=\"Wheels &amp; Wine 2026 \u2013 Un\u2019edizione storica che definisce il futuro della mobilit\u00e0 aziendale\"\n                ><\/noscript>\n            <\/a>\n                <\/div>\n    <div class=\"right-side\">\n                    <a href=\"https:\/\/urban-connect.com\/it\/news\/wheels-wine-2026-unedizione-storica-che-definisce-il-futuro-della-mobilita-aziendale\/\">\n                <h6 class=\"title\">Wheels &amp; Wine 2026 \u2013 Un\u2019edizione storica che definisce il futuro della mobilit\u00e0 aziendale<\/h6>\n            <\/a>\n                        <span class=\"date\">Marzo 24, 2026 <\/span>\n            \n\t        <\/div>\n<\/div>                        <\/div>\n                                                <div class=\"swiper-slide\">\n                            <div class=\"card-horizontal\">\n    <div class=\"left-side\">\n                    <a href=\"https:\/\/urban-connect.com\/it\/news\/cosa-succedera-quando-la-ricarica-dei-veicoli-elettrici-funzionera-finalmente\/\">\n                <img decoding=\"async\" \n                    class=\"image lazyload\" data-src=\"https:\/\/urban-connect.com\/wp-content\/uploads\/2026\/03\/Zaptec-cover-3-1-768x453.png\"\n                    data-srcset=\"https:\/\/urban-connect.com\/wp-content\/uploads\/2026\/03\/Zaptec-cover-3-1-768x453.png 768w, https:\/\/urban-connect.com\/wp-content\/uploads\/2026\/03\/Zaptec-cover-3-1-300x177.png 300w, https:\/\/urban-connect.com\/wp-content\/uploads\/2026\/03\/Zaptec-cover-3-1-1024x604.png 1024w, https:\/\/urban-connect.com\/wp-content\/uploads\/2026\/03\/Zaptec-cover-3-1-1536x906.png 1536w, https:\/\/urban-connect.com\/wp-content\/uploads\/2026\/03\/Zaptec-cover-3-1-2048x1208.png 2048w, https:\/\/urban-connect.com\/wp-content\/uploads\/2026\/03\/Zaptec-cover-3-1-1831x1080.png 1831w\"\n                    data-sizes=\"(max-width: 768px) 100vw, 768px\"\n                    alt=\"Cosa succeder\u00e0 quando la ricarica dei veicoli elettrici funzioner\u00e0 finalmente?\"\n                 src=\"data:image\/gif;base64,R0lGODlhAQABAAAAACH5BAEKAAEALAAAAAABAAEAAAICTAEAOw==\" style=\"--smush-placeholder-width: 768px; --smush-placeholder-aspect-ratio: 768\/453;\"><noscript><img decoding=\"async\" \n                    class=\"image\" src=\"https:\/\/urban-connect.com\/wp-content\/uploads\/2026\/03\/Zaptec-cover-3-1-768x453.png\"\n                    srcset=\"https:\/\/urban-connect.com\/wp-content\/uploads\/2026\/03\/Zaptec-cover-3-1-768x453.png 768w, https:\/\/urban-connect.com\/wp-content\/uploads\/2026\/03\/Zaptec-cover-3-1-300x177.png 300w, https:\/\/urban-connect.com\/wp-content\/uploads\/2026\/03\/Zaptec-cover-3-1-1024x604.png 1024w, https:\/\/urban-connect.com\/wp-content\/uploads\/2026\/03\/Zaptec-cover-3-1-1536x906.png 1536w, https:\/\/urban-connect.com\/wp-content\/uploads\/2026\/03\/Zaptec-cover-3-1-2048x1208.png 2048w, https:\/\/urban-connect.com\/wp-content\/uploads\/2026\/03\/Zaptec-cover-3-1-1831x1080.png 1831w\"\n                    sizes=\"(max-width: 768px) 100vw, 768px\"\n                    alt=\"Cosa succeder\u00e0 quando la ricarica dei veicoli elettrici funzioner\u00e0 finalmente?\"\n                ><\/noscript>\n            <\/a>\n                <\/div>\n    <div class=\"right-side\">\n                    <a href=\"https:\/\/urban-connect.com\/it\/news\/cosa-succedera-quando-la-ricarica-dei-veicoli-elettrici-funzionera-finalmente\/\">\n                <h6 class=\"title\">Cosa succeder\u00e0 quando la ricarica dei veicoli elettrici funzioner\u00e0 finalmente?<\/h6>\n            <\/a>\n                        <span class=\"date\">Marzo 17, 2026 <\/span>\n            \n\t        <\/div>\n<\/div>                        <\/div>\n                                                <div class=\"swiper-slide\">\n                            <div class=\"card-horizontal\">\n    <div class=\"left-side\">\n                    <a href=\"https:\/\/urban-connect.com\/it\/news\/focus-sui-casi-di-studio-helsana-offre-a-oltre-3400-dipendenti-un-budget-di-mobilita-urban-connect-senza-alcun-problema-grazie-a-scim\/\">\n                <img decoding=\"async\" \n                    class=\"image lazyload\" data-src=\"https:\/\/urban-connect.com\/wp-content\/uploads\/2026\/02\/HELSANA-x-UC-banner-768x511.png\"\n                    data-srcset=\"https:\/\/urban-connect.com\/wp-content\/uploads\/2026\/02\/HELSANA-x-UC-banner-768x511.png 768w, https:\/\/urban-connect.com\/wp-content\/uploads\/2026\/02\/HELSANA-x-UC-banner-300x199.png 300w, https:\/\/urban-connect.com\/wp-content\/uploads\/2026\/02\/HELSANA-x-UC-banner-1024x681.png 1024w, https:\/\/urban-connect.com\/wp-content\/uploads\/2026\/02\/HELSANA-x-UC-banner-1536x1021.png 1536w, https:\/\/urban-connect.com\/wp-content\/uploads\/2026\/02\/HELSANA-x-UC-banner.png 1590w\"\n                    data-sizes=\"(max-width: 768px) 100vw, 768px\"\n                    alt=\"Focus sui casi di studio: Helsana offre a oltre 3'400 dipendenti un budget di mobilit\u00e0 Urban Connect, senza alcun problema grazie a SCIM.\"\n                 src=\"data:image\/gif;base64,R0lGODlhAQABAAAAACH5BAEKAAEALAAAAAABAAEAAAICTAEAOw==\" style=\"--smush-placeholder-width: 768px; --smush-placeholder-aspect-ratio: 768\/511;\"><noscript><img decoding=\"async\" \n                    class=\"image\" src=\"https:\/\/urban-connect.com\/wp-content\/uploads\/2026\/02\/HELSANA-x-UC-banner-768x511.png\"\n                    srcset=\"https:\/\/urban-connect.com\/wp-content\/uploads\/2026\/02\/HELSANA-x-UC-banner-768x511.png 768w, https:\/\/urban-connect.com\/wp-content\/uploads\/2026\/02\/HELSANA-x-UC-banner-300x199.png 300w, https:\/\/urban-connect.com\/wp-content\/uploads\/2026\/02\/HELSANA-x-UC-banner-1024x681.png 1024w, https:\/\/urban-connect.com\/wp-content\/uploads\/2026\/02\/HELSANA-x-UC-banner-1536x1021.png 1536w, https:\/\/urban-connect.com\/wp-content\/uploads\/2026\/02\/HELSANA-x-UC-banner.png 1590w\"\n                    sizes=\"(max-width: 768px) 100vw, 768px\"\n                    alt=\"Focus sui casi di studio: Helsana offre a oltre 3'400 dipendenti un budget di mobilit\u00e0 Urban Connect, senza alcun problema grazie a SCIM.\"\n                ><\/noscript>\n            <\/a>\n                <\/div>\n    <div class=\"right-side\">\n                    <a href=\"https:\/\/urban-connect.com\/it\/news\/focus-sui-casi-di-studio-helsana-offre-a-oltre-3400-dipendenti-un-budget-di-mobilita-urban-connect-senza-alcun-problema-grazie-a-scim\/\">\n                <h6 class=\"title\">Focus sui casi di studio: Helsana offre a oltre 3&#8217;400 dipendenti un budget di mobilit\u00e0 Urban Connect, senza alcun problema grazie a SCIM.<\/h6>\n            <\/a>\n                        <span class=\"date\">Febbraio 05, 2026 <\/span>\n            \n\t        <\/div>\n<\/div>                        <\/div>\n                                        <\/div>\n                <div class=\"btn-slider \">\n    <div class=\"prev\">\n        <svg width=\"22\" height=\"12\" viewBox=\"0 0 22 12\" fill=\"none\" xmlns=\"http:\/\/www.w3.org\/2000\/svg\">\n            <path d=\"M5.094 4.476L7.74 1.83L6.03 0.102L0.432 5.7L6.03 11.298L7.74 9.57L5.076 6.906H21.42V4.476H5.094Z\" fill=\"white\"\/>\n        <\/svg>\n    <\/div>\n    <div class=\"next\">\n        <svg width=\"22\" height=\"12\" viewBox=\"0 0 22 12\" fill=\"none\" xmlns=\"http:\/\/www.w3.org\/2000\/svg\">\n            <path d=\"M14.292 1.83L16.938 4.476H0.612V6.906H16.956L14.292 9.57L16.002 11.298L21.6 5.7L16.002 0.102L14.292 1.83Z\" fill=\"white\"\/>\n        <\/svg>\n    <\/div>\n<\/div>            <\/div>\n        <\/div>\n    <\/section>\n    ","protected":false},"excerpt":{"rendered":"<p>Siamo entusiasti di annunciare che i fondatori di Urban Connect &#8211; Judith H\u00e4berli e Robert Ruttmann &#8211; sono stati premiati con il prestigioso EY Entrepreneur of the Year Award nella categoria Emerging Entrepreneur. Cos&#8217;\u00e8 l&#8217;EY Entrepreneur of the Year? L&#8217;EY Entrepreneur of the Year \u00e8 uno dei pi\u00f9 grandi e rispettati Business Awards, che si [&hellip;]<\/p>\n","protected":false},"featured_media":5698,"parent":0,"template":"","news_category":[46],"class_list":["post-5697","news","type-news","status-publish","has-post-thumbnail","hentry","news_category-notizie"],"acf":[],"yoast_head":"<!-- This site is optimized with the Yoast SEO plugin v23.2 - https:\/\/yoast.com\/wordpress\/plugins\/seo\/ -->\n<title>I fondatori di Urban Connect Judith H\u00e4berli e Robert Ruttmann vincono il premio EY Entrepreneur of the Year!\u00a0 - Urban Connect<\/title>\n<meta name=\"robots\" content=\"index, follow, max-snippet:-1, max-image-preview:large, max-video-preview:-1\" \/>\n<link rel=\"canonical\" href=\"https:\/\/urban-connect.com\/it\/news\/i-fondatori-di-urban-connect-judith-haberli-e-robert-ruttmann-vincono-il-premio-ey-entrepreneur-of-the-year\/\" \/>\n<meta property=\"og:locale\" content=\"it_IT\" \/>\n<meta property=\"og:type\" content=\"article\" \/>\n<meta property=\"og:title\" content=\"I fondatori di Urban Connect Judith H\u00e4berli e Robert Ruttmann vincono il premio EY Entrepreneur of the Year!\u00a0 - Urban Connect\" \/>\n<meta property=\"og:description\" content=\"Siamo entusiasti di annunciare che i fondatori di Urban Connect &#8211; Judith H\u00e4berli e Robert Ruttmann &#8211; sono stati premiati con il prestigioso EY Entrepreneur of the Year Award nella categoria Emerging Entrepreneur. Cos&#8217;\u00e8 l&#8217;EY Entrepreneur of the Year? L&#8217;EY Entrepreneur of the Year \u00e8 uno dei pi\u00f9 grandi e rispettati Business Awards, che si [&hellip;]\" \/>\n<meta property=\"og:url\" content=\"https:\/\/urban-connect.com\/it\/news\/i-fondatori-di-urban-connect-judith-haberli-e-robert-ruttmann-vincono-il-premio-ey-entrepreneur-of-the-year\/\" \/>\n<meta property=\"og:site_name\" content=\"Urban Connect\" \/>\n<meta property=\"article:modified_time\" content=\"2024-09-20T12:05:47+00:00\" \/>\n<meta property=\"og:image\" content=\"https:\/\/urban-connect.com\/wp-content\/uploads\/2023\/10\/MicrosoftTeams-image-98.jpg\" \/>\n\t<meta property=\"og:image:width\" content=\"2047\" \/>\n\t<meta property=\"og:image:height\" content=\"1365\" \/>\n\t<meta property=\"og:image:type\" content=\"image\/jpeg\" \/>\n<meta name=\"twitter:card\" content=\"summary_large_image\" \/>\n<meta name=\"twitter:label1\" content=\"Tempo di lettura stimato\" \/>\n\t<meta name=\"twitter:data1\" content=\"4 minuti\" \/>\n<script type=\"application\/ld+json\" class=\"yoast-schema-graph\">{\"@context\":\"https:\/\/schema.org\",\"@graph\":[{\"@type\":\"WebPage\",\"@id\":\"https:\/\/urban-connect.com\/it\/news\/i-fondatori-di-urban-connect-judith-haberli-e-robert-ruttmann-vincono-il-premio-ey-entrepreneur-of-the-year\/\",\"url\":\"https:\/\/urban-connect.com\/it\/news\/i-fondatori-di-urban-connect-judith-haberli-e-robert-ruttmann-vincono-il-premio-ey-entrepreneur-of-the-year\/\",\"name\":\"I fondatori di Urban Connect Judith H\u00e4berli e Robert Ruttmann vincono il premio EY Entrepreneur of the Year!\u00a0 - Urban Connect\",\"isPartOf\":{\"@id\":\"https:\/\/urban-connect.com\/it\/#website\"},\"primaryImageOfPage\":{\"@id\":\"https:\/\/urban-connect.com\/it\/news\/i-fondatori-di-urban-connect-judith-haberli-e-robert-ruttmann-vincono-il-premio-ey-entrepreneur-of-the-year\/#primaryimage\"},\"image\":{\"@id\":\"https:\/\/urban-connect.com\/it\/news\/i-fondatori-di-urban-connect-judith-haberli-e-robert-ruttmann-vincono-il-premio-ey-entrepreneur-of-the-year\/#primaryimage\"},\"thumbnailUrl\":\"https:\/\/urban-connect.com\/wp-content\/uploads\/2023\/10\/MicrosoftTeams-image-98.jpg\",\"datePublished\":\"2023-10-30T15:20:42+00:00\",\"dateModified\":\"2024-09-20T12:05:47+00:00\",\"breadcrumb\":{\"@id\":\"https:\/\/urban-connect.com\/it\/news\/i-fondatori-di-urban-connect-judith-haberli-e-robert-ruttmann-vincono-il-premio-ey-entrepreneur-of-the-year\/#breadcrumb\"},\"inLanguage\":\"it-IT\",\"potentialAction\":[{\"@type\":\"ReadAction\",\"target\":[\"https:\/\/urban-connect.com\/it\/news\/i-fondatori-di-urban-connect-judith-haberli-e-robert-ruttmann-vincono-il-premio-ey-entrepreneur-of-the-year\/\"]}]},{\"@type\":\"ImageObject\",\"inLanguage\":\"it-IT\",\"@id\":\"https:\/\/urban-connect.com\/it\/news\/i-fondatori-di-urban-connect-judith-haberli-e-robert-ruttmann-vincono-il-premio-ey-entrepreneur-of-the-year\/#primaryimage\",\"url\":\"https:\/\/urban-connect.com\/wp-content\/uploads\/2023\/10\/MicrosoftTeams-image-98.jpg\",\"contentUrl\":\"https:\/\/urban-connect.com\/wp-content\/uploads\/2023\/10\/MicrosoftTeams-image-98.jpg\",\"width\":2047,\"height\":1365,\"caption\":\"Judith and Robert winning EY award\"},{\"@type\":\"BreadcrumbList\",\"@id\":\"https:\/\/urban-connect.com\/it\/news\/i-fondatori-di-urban-connect-judith-haberli-e-robert-ruttmann-vincono-il-premio-ey-entrepreneur-of-the-year\/#breadcrumb\",\"itemListElement\":[{\"@type\":\"ListItem\",\"position\":1,\"name\":\"Home\",\"item\":\"https:\/\/urban-connect.com\/it\/\"},{\"@type\":\"ListItem\",\"position\":2,\"name\":\"I fondatori di Urban Connect Judith H\u00e4berli e Robert Ruttmann vincono il premio EY Entrepreneur of the Year!\u00a0\"}]},{\"@type\":\"WebSite\",\"@id\":\"https:\/\/urban-connect.com\/it\/#website\",\"url\":\"https:\/\/urban-connect.com\/it\/\",\"name\":\"Urban Connect\",\"description\":\"\",\"potentialAction\":[{\"@type\":\"SearchAction\",\"target\":{\"@type\":\"EntryPoint\",\"urlTemplate\":\"https:\/\/urban-connect.com\/it\/?s={search_term_string}\"},\"query-input\":\"required name=search_term_string\"}],\"inLanguage\":\"it-IT\"}]}<\/script>\n<!-- \/ Yoast SEO plugin. -->","yoast_head_json":{"title":"I fondatori di Urban Connect Judith H\u00e4berli e Robert Ruttmann vincono il premio EY Entrepreneur of the Year!\u00a0 - Urban Connect","robots":{"index":"index","follow":"follow","max-snippet":"max-snippet:-1","max-image-preview":"max-image-preview:large","max-video-preview":"max-video-preview:-1"},"canonical":"https:\/\/urban-connect.com\/it\/news\/i-fondatori-di-urban-connect-judith-haberli-e-robert-ruttmann-vincono-il-premio-ey-entrepreneur-of-the-year\/","og_locale":"it_IT","og_type":"article","og_title":"I fondatori di Urban Connect Judith H\u00e4berli e Robert Ruttmann vincono il premio EY Entrepreneur of the Year!\u00a0 - Urban Connect","og_description":"Siamo entusiasti di annunciare che i fondatori di Urban Connect &#8211; Judith H\u00e4berli e Robert Ruttmann &#8211; sono stati premiati con il prestigioso EY Entrepreneur of the Year Award nella categoria Emerging Entrepreneur. Cos&#8217;\u00e8 l&#8217;EY Entrepreneur of the Year? L&#8217;EY Entrepreneur of the Year \u00e8 uno dei pi\u00f9 grandi e rispettati Business Awards, che si [&hellip;]","og_url":"https:\/\/urban-connect.com\/it\/news\/i-fondatori-di-urban-connect-judith-haberli-e-robert-ruttmann-vincono-il-premio-ey-entrepreneur-of-the-year\/","og_site_name":"Urban Connect","article_modified_time":"2024-09-20T12:05:47+00:00","og_image":[{"width":2047,"height":1365,"url":"https:\/\/urban-connect.com\/wp-content\/uploads\/2023\/10\/MicrosoftTeams-image-98.jpg","type":"image\/jpeg"}],"twitter_card":"summary_large_image","twitter_misc":{"Tempo di lettura stimato":"4 minuti"},"schema":{"@context":"https:\/\/schema.org","@graph":[{"@type":"WebPage","@id":"https:\/\/urban-connect.com\/it\/news\/i-fondatori-di-urban-connect-judith-haberli-e-robert-ruttmann-vincono-il-premio-ey-entrepreneur-of-the-year\/","url":"https:\/\/urban-connect.com\/it\/news\/i-fondatori-di-urban-connect-judith-haberli-e-robert-ruttmann-vincono-il-premio-ey-entrepreneur-of-the-year\/","name":"I fondatori di Urban Connect Judith H\u00e4berli e Robert Ruttmann vincono il premio EY Entrepreneur of the Year!\u00a0 - Urban Connect","isPartOf":{"@id":"https:\/\/urban-connect.com\/it\/#website"},"primaryImageOfPage":{"@id":"https:\/\/urban-connect.com\/it\/news\/i-fondatori-di-urban-connect-judith-haberli-e-robert-ruttmann-vincono-il-premio-ey-entrepreneur-of-the-year\/#primaryimage"},"image":{"@id":"https:\/\/urban-connect.com\/it\/news\/i-fondatori-di-urban-connect-judith-haberli-e-robert-ruttmann-vincono-il-premio-ey-entrepreneur-of-the-year\/#primaryimage"},"thumbnailUrl":"https:\/\/urban-connect.com\/wp-content\/uploads\/2023\/10\/MicrosoftTeams-image-98.jpg","datePublished":"2023-10-30T15:20:42+00:00","dateModified":"2024-09-20T12:05:47+00:00","breadcrumb":{"@id":"https:\/\/urban-connect.com\/it\/news\/i-fondatori-di-urban-connect-judith-haberli-e-robert-ruttmann-vincono-il-premio-ey-entrepreneur-of-the-year\/#breadcrumb"},"inLanguage":"it-IT","potentialAction":[{"@type":"ReadAction","target":["https:\/\/urban-connect.com\/it\/news\/i-fondatori-di-urban-connect-judith-haberli-e-robert-ruttmann-vincono-il-premio-ey-entrepreneur-of-the-year\/"]}]},{"@type":"ImageObject","inLanguage":"it-IT","@id":"https:\/\/urban-connect.com\/it\/news\/i-fondatori-di-urban-connect-judith-haberli-e-robert-ruttmann-vincono-il-premio-ey-entrepreneur-of-the-year\/#primaryimage","url":"https:\/\/urban-connect.com\/wp-content\/uploads\/2023\/10\/MicrosoftTeams-image-98.jpg","contentUrl":"https:\/\/urban-connect.com\/wp-content\/uploads\/2023\/10\/MicrosoftTeams-image-98.jpg","width":2047,"height":1365,"caption":"Judith and Robert winning EY award"},{"@type":"BreadcrumbList","@id":"https:\/\/urban-connect.com\/it\/news\/i-fondatori-di-urban-connect-judith-haberli-e-robert-ruttmann-vincono-il-premio-ey-entrepreneur-of-the-year\/#breadcrumb","itemListElement":[{"@type":"ListItem","position":1,"name":"Home","item":"https:\/\/urban-connect.com\/it\/"},{"@type":"ListItem","position":2,"name":"I fondatori di Urban Connect Judith H\u00e4berli e Robert Ruttmann vincono il premio EY Entrepreneur of the Year!\u00a0"}]},{"@type":"WebSite","@id":"https:\/\/urban-connect.com\/it\/#website","url":"https:\/\/urban-connect.com\/it\/","name":"Urban Connect","description":"","potentialAction":[{"@type":"SearchAction","target":{"@type":"EntryPoint","urlTemplate":"https:\/\/urban-connect.com\/it\/?s={search_term_string}"},"query-input":"required name=search_term_string"}],"inLanguage":"it-IT"}]}},"_links":{"self":[{"href":"https:\/\/urban-connect.com\/it\/wp-json\/wp\/v2\/news\/5697","targetHints":{"allow":["GET"]}}],"collection":[{"href":"https:\/\/urban-connect.com\/it\/wp-json\/wp\/v2\/news"}],"about":[{"href":"https:\/\/urban-connect.com\/it\/wp-json\/wp\/v2\/types\/news"}],"wp:featuredmedia":[{"embeddable":true,"href":"https:\/\/urban-connect.com\/it\/wp-json\/wp\/v2\/media\/5698"}],"wp:attachment":[{"href":"https:\/\/urban-connect.com\/it\/wp-json\/wp\/v2\/media?parent=5697"}],"wp:term":[{"taxonomy":"news_category","embeddable":true,"href":"https:\/\/urban-connect.com\/it\/wp-json\/wp\/v2\/news_category?post=5697"}],"curies":[{"name":"wp","href":"https:\/\/api.w.org\/{rel}","templated":true}]}}