{"id":5692,"date":"2025-01-16T11:59:09","date_gmt":"2025-01-16T11:59:09","guid":{"rendered":"https:\/\/urban-connect.com\/news\/the-mobility-budget-drive-talent-retention-with-smarter-corporate-transportation\/"},"modified":"2025-01-16T08:24:21","modified_gmt":"2025-01-16T08:24:21","slug":"il-budget-per-la-mobilita-incentivare-la-fidelizzazione-dei-talenti-con-un-trasporto-aziendale-piu-intelligente","status":"publish","type":"news","link":"https:\/\/urban-connect.com\/it\/news\/il-budget-per-la-mobilita-incentivare-la-fidelizzazione-dei-talenti-con-un-trasporto-aziendale-piu-intelligente\/","title":{"rendered":"Il budget per la mobilit\u00e0: Incentivare la fidelizzazione dei talenti con un trasporto aziendale pi\u00f9 intelligente"},"content":{"rendered":"\n<p>Le aziende stanno ripensando gli approcci tradizionali ai viaggi aziendali e al pendolarismo. Molte hanno riconosciuto il potenziale di offrire ai propri dipendenti l&#8217;accesso a un ecosistema di mobilit\u00e0 olistico che aiuti a indirizzare le abitudini di mobilit\u00e0 dei dipendenti e quindi a ridurre le emissioni e a risparmiare sui costi. Il <strong>budget per la mobilit\u00e0<\/strong> \u00e8 una pietra miliare di questo approccio moderno. Si tratta di una soluzione flessibile ed equa che d\u00e0 potere ai dipendenti offrendo loro un facile accesso a una miriade di opzioni di mobilit\u00e0 a basse emissioni di carbonio.<br><br><strong>Un benefit per i dipendenti lungimirante<\/strong> <\/p>\n\n\n\n<p>Il budget per la mobilit\u00e0 spesso sostituisce un programma di auto aziendali o un abbonamento ai trasporti pubblici con un&#8217;indennit\u00e0 personalizzata che i dipendenti possono utilizzare in base alle loro esigenze individuali di trasporto. Allo stesso tempo, promuove modalit\u00e0 di trasporto a basse emissioni attraverso incentivi tariffari. Pertanto, \u00e8 pi\u00f9 di un semplice vantaggio per ispirare una forza lavoro pi\u00f9 felice e motivata. \u00c8 un&#8217;iniziativa strategica per accelerare il percorso dell&#8217;azienda verso le emissioni zero. Questo perch\u00e9 la mobilit\u00e0 dei dipendenti rappresenta spesso una parte importante dell&#8217;impronta di carbonio di un&#8217;azienda.<\/p>\n\n\n\n<p>Vuoi scoprire di pi\u00f9 sui vantaggi di un budget per la mobilit\u00e0 per le aziende? Compila il modulo qui sotto e ricevi il libri bianco completo nella tua casella di posta!<\/p>\n\n\n\n<script charset=\"utf-8\" type=\"text\/javascript\" src=\"\/\/js.hsforms.net\/forms\/embed\/v2.js\"><\/script>\n<script>\n  hbspt.forms.create({\n    portalId: \"4873065\",\n    formId: \"25651eab-7608-4f17-8f27-a3e9d5c0bd44\"\n  });\n<\/script>\n\n\n        <section class=\"author-block\">\n            <div class=\"container\">\n                <div class=\"left-side\">\n                    <h6 class=\"name\">Nina Schamber<\/h6>\n                    <span class=\"position\">Strategic Product Manager<\/span>\n                <\/div>\n                <div class=\"right-side\">\n                                            <img decoding=\"async\" \n                        class=\"image lazyload\" data-src=\"https:\/\/urban-connect.com\/wp-content\/uploads\/2024\/01\/Nina-1024x1024.jpg\"\n                        data-srcset=\"https:\/\/urban-connect.com\/wp-content\/uploads\/2024\/01\/Nina-1024x1024.jpg 1024w, https:\/\/urban-connect.com\/wp-content\/uploads\/2024\/01\/Nina-300x300.jpg 300w, https:\/\/urban-connect.com\/wp-content\/uploads\/2024\/01\/Nina-150x150.jpg 150w, https:\/\/urban-connect.com\/wp-content\/uploads\/2024\/01\/Nina-768x768.jpg 768w, https:\/\/urban-connect.com\/wp-content\/uploads\/2024\/01\/Nina-1080x1080.jpg 1080w, https:\/\/urban-connect.com\/wp-content\/uploads\/2024\/01\/Nina.jpg 1250w\"\n                        data-sizes=\"(max-width: 1024px) 100vw, 1024px\"\n                        alt=\"Chart Image\"\n                         src=\"data:image\/gif;base64,R0lGODlhAQABAAAAACH5BAEKAAEALAAAAAABAAEAAAICTAEAOw==\" style=\"--smush-placeholder-width: 1024px; --smush-placeholder-aspect-ratio: 1024\/1024;\"><noscript><img decoding=\"async\" \n                        class=\"image\" src=\"https:\/\/urban-connect.com\/wp-content\/uploads\/2024\/01\/Nina-1024x1024.jpg\"\n                        srcset=\"https:\/\/urban-connect.com\/wp-content\/uploads\/2024\/01\/Nina-1024x1024.jpg 1024w, https:\/\/urban-connect.com\/wp-content\/uploads\/2024\/01\/Nina-300x300.jpg 300w, https:\/\/urban-connect.com\/wp-content\/uploads\/2024\/01\/Nina-150x150.jpg 150w, https:\/\/urban-connect.com\/wp-content\/uploads\/2024\/01\/Nina-768x768.jpg 768w, https:\/\/urban-connect.com\/wp-content\/uploads\/2024\/01\/Nina-1080x1080.jpg 1080w, https:\/\/urban-connect.com\/wp-content\/uploads\/2024\/01\/Nina.jpg 1250w\"\n                        sizes=\"(max-width: 1024px) 100vw, 1024px\"\n                        alt=\"Chart Image\"\n                        ><\/noscript>\n                                        <\/div>\n            <\/div>\n        <\/section>\n        \n\n    <section class=\"related-posts\">\n        <div class=\"container\">\n            <h4 class=\"block-title\"><\/h4>\n        <\/div>\n        <div class=\"container posts-wrap\">\n            <div class=\"swiper swiper-related-posts\">\n                <div class=\"swiper-wrapper\">\n                                            <div class=\"swiper-slide\">\n                            <div class=\"card-horizontal\">\n    <div class=\"left-side\">\n                    <a href=\"https:\/\/urban-connect.com\/it\/news\/wheels-wine-2026-unedizione-storica-che-definisce-il-futuro-della-mobilita-aziendale\/\">\n                <img decoding=\"async\" \n                    class=\"image lazyload\" data-src=\"https:\/\/urban-connect.com\/wp-content\/uploads\/2026\/03\/F06A4076-768x512.jpg\"\n                    data-srcset=\"https:\/\/urban-connect.com\/wp-content\/uploads\/2026\/03\/F06A4076-768x512.jpg 768w, https:\/\/urban-connect.com\/wp-content\/uploads\/2026\/03\/F06A4076-300x200.jpg 300w, https:\/\/urban-connect.com\/wp-content\/uploads\/2026\/03\/F06A4076-1024x683.jpg 1024w, https:\/\/urban-connect.com\/wp-content\/uploads\/2026\/03\/F06A4076-1536x1024.jpg 1536w, https:\/\/urban-connect.com\/wp-content\/uploads\/2026\/03\/F06A4076-2048x1365.jpg 2048w, https:\/\/urban-connect.com\/wp-content\/uploads\/2026\/03\/F06A4076-1620x1080.jpg 1620w\"\n                    data-sizes=\"(max-width: 768px) 100vw, 768px\"\n                    alt=\"Wheels &amp; Wine 2026 \u2013 Un\u2019edizione storica che definisce il futuro della mobilit\u00e0 aziendale\"\n                 src=\"data:image\/gif;base64,R0lGODlhAQABAAAAACH5BAEKAAEALAAAAAABAAEAAAICTAEAOw==\" style=\"--smush-placeholder-width: 768px; --smush-placeholder-aspect-ratio: 768\/512;\"><noscript><img decoding=\"async\" \n                    class=\"image\" src=\"https:\/\/urban-connect.com\/wp-content\/uploads\/2026\/03\/F06A4076-768x512.jpg\"\n                    srcset=\"https:\/\/urban-connect.com\/wp-content\/uploads\/2026\/03\/F06A4076-768x512.jpg 768w, https:\/\/urban-connect.com\/wp-content\/uploads\/2026\/03\/F06A4076-300x200.jpg 300w, https:\/\/urban-connect.com\/wp-content\/uploads\/2026\/03\/F06A4076-1024x683.jpg 1024w, https:\/\/urban-connect.com\/wp-content\/uploads\/2026\/03\/F06A4076-1536x1024.jpg 1536w, https:\/\/urban-connect.com\/wp-content\/uploads\/2026\/03\/F06A4076-2048x1365.jpg 2048w, https:\/\/urban-connect.com\/wp-content\/uploads\/2026\/03\/F06A4076-1620x1080.jpg 1620w\"\n                    sizes=\"(max-width: 768px) 100vw, 768px\"\n                    alt=\"Wheels &amp; Wine 2026 \u2013 Un\u2019edizione storica che definisce il futuro della mobilit\u00e0 aziendale\"\n                ><\/noscript>\n            <\/a>\n                <\/div>\n    <div class=\"right-side\">\n                    <a href=\"https:\/\/urban-connect.com\/it\/news\/wheels-wine-2026-unedizione-storica-che-definisce-il-futuro-della-mobilita-aziendale\/\">\n                <h6 class=\"title\">Wheels &amp; Wine 2026 \u2013 Un\u2019edizione storica che definisce il futuro della mobilit\u00e0 aziendale<\/h6>\n            <\/a>\n                        <span class=\"date\">Marzo 24, 2026 <\/span>\n            \n\t        <\/div>\n<\/div>                        <\/div>\n                                                <div class=\"swiper-slide\">\n                            <div class=\"card-horizontal\">\n    <div class=\"left-side\">\n                    <a href=\"https:\/\/urban-connect.com\/it\/news\/cosa-succedera-quando-la-ricarica-dei-veicoli-elettrici-funzionera-finalmente\/\">\n                <img decoding=\"async\" \n                    class=\"image lazyload\" data-src=\"https:\/\/urban-connect.com\/wp-content\/uploads\/2026\/03\/Zaptec-cover-3-1-768x453.png\"\n                    data-srcset=\"https:\/\/urban-connect.com\/wp-content\/uploads\/2026\/03\/Zaptec-cover-3-1-768x453.png 768w, https:\/\/urban-connect.com\/wp-content\/uploads\/2026\/03\/Zaptec-cover-3-1-300x177.png 300w, https:\/\/urban-connect.com\/wp-content\/uploads\/2026\/03\/Zaptec-cover-3-1-1024x604.png 1024w, https:\/\/urban-connect.com\/wp-content\/uploads\/2026\/03\/Zaptec-cover-3-1-1536x906.png 1536w, https:\/\/urban-connect.com\/wp-content\/uploads\/2026\/03\/Zaptec-cover-3-1-2048x1208.png 2048w, https:\/\/urban-connect.com\/wp-content\/uploads\/2026\/03\/Zaptec-cover-3-1-1831x1080.png 1831w\"\n                    data-sizes=\"(max-width: 768px) 100vw, 768px\"\n                    alt=\"Cosa succeder\u00e0 quando la ricarica dei veicoli elettrici funzioner\u00e0 finalmente?\"\n                 src=\"data:image\/gif;base64,R0lGODlhAQABAAAAACH5BAEKAAEALAAAAAABAAEAAAICTAEAOw==\" style=\"--smush-placeholder-width: 768px; --smush-placeholder-aspect-ratio: 768\/453;\"><noscript><img decoding=\"async\" \n                    class=\"image\" src=\"https:\/\/urban-connect.com\/wp-content\/uploads\/2026\/03\/Zaptec-cover-3-1-768x453.png\"\n                    srcset=\"https:\/\/urban-connect.com\/wp-content\/uploads\/2026\/03\/Zaptec-cover-3-1-768x453.png 768w, https:\/\/urban-connect.com\/wp-content\/uploads\/2026\/03\/Zaptec-cover-3-1-300x177.png 300w, https:\/\/urban-connect.com\/wp-content\/uploads\/2026\/03\/Zaptec-cover-3-1-1024x604.png 1024w, https:\/\/urban-connect.com\/wp-content\/uploads\/2026\/03\/Zaptec-cover-3-1-1536x906.png 1536w, https:\/\/urban-connect.com\/wp-content\/uploads\/2026\/03\/Zaptec-cover-3-1-2048x1208.png 2048w, https:\/\/urban-connect.com\/wp-content\/uploads\/2026\/03\/Zaptec-cover-3-1-1831x1080.png 1831w\"\n                    sizes=\"(max-width: 768px) 100vw, 768px\"\n                    alt=\"Cosa succeder\u00e0 quando la ricarica dei veicoli elettrici funzioner\u00e0 finalmente?\"\n                ><\/noscript>\n            <\/a>\n                <\/div>\n    <div class=\"right-side\">\n                    <a href=\"https:\/\/urban-connect.com\/it\/news\/cosa-succedera-quando-la-ricarica-dei-veicoli-elettrici-funzionera-finalmente\/\">\n                <h6 class=\"title\">Cosa succeder\u00e0 quando la ricarica dei veicoli elettrici funzioner\u00e0 finalmente?<\/h6>\n            <\/a>\n                        <span class=\"date\">Marzo 17, 2026 <\/span>\n            \n\t        <\/div>\n<\/div>                        <\/div>\n                                                <div class=\"swiper-slide\">\n                            <div class=\"card-horizontal\">\n    <div class=\"left-side\">\n                    <a href=\"https:\/\/urban-connect.com\/it\/news\/focus-sui-casi-di-studio-helsana-offre-a-oltre-3400-dipendenti-un-budget-di-mobilita-urban-connect-senza-alcun-problema-grazie-a-scim\/\">\n                <img decoding=\"async\" \n                    class=\"image lazyload\" data-src=\"https:\/\/urban-connect.com\/wp-content\/uploads\/2026\/02\/HELSANA-x-UC-banner-768x511.png\"\n                    data-srcset=\"https:\/\/urban-connect.com\/wp-content\/uploads\/2026\/02\/HELSANA-x-UC-banner-768x511.png 768w, https:\/\/urban-connect.com\/wp-content\/uploads\/2026\/02\/HELSANA-x-UC-banner-300x199.png 300w, https:\/\/urban-connect.com\/wp-content\/uploads\/2026\/02\/HELSANA-x-UC-banner-1024x681.png 1024w, https:\/\/urban-connect.com\/wp-content\/uploads\/2026\/02\/HELSANA-x-UC-banner-1536x1021.png 1536w, https:\/\/urban-connect.com\/wp-content\/uploads\/2026\/02\/HELSANA-x-UC-banner.png 1590w\"\n                    data-sizes=\"(max-width: 768px) 100vw, 768px\"\n                    alt=\"Focus sui casi di studio: Helsana offre a oltre 3'400 dipendenti un budget di mobilit\u00e0 Urban Connect, senza alcun problema grazie a SCIM.\"\n                 src=\"data:image\/gif;base64,R0lGODlhAQABAAAAACH5BAEKAAEALAAAAAABAAEAAAICTAEAOw==\" style=\"--smush-placeholder-width: 768px; --smush-placeholder-aspect-ratio: 768\/511;\"><noscript><img decoding=\"async\" \n                    class=\"image\" src=\"https:\/\/urban-connect.com\/wp-content\/uploads\/2026\/02\/HELSANA-x-UC-banner-768x511.png\"\n                    srcset=\"https:\/\/urban-connect.com\/wp-content\/uploads\/2026\/02\/HELSANA-x-UC-banner-768x511.png 768w, https:\/\/urban-connect.com\/wp-content\/uploads\/2026\/02\/HELSANA-x-UC-banner-300x199.png 300w, https:\/\/urban-connect.com\/wp-content\/uploads\/2026\/02\/HELSANA-x-UC-banner-1024x681.png 1024w, https:\/\/urban-connect.com\/wp-content\/uploads\/2026\/02\/HELSANA-x-UC-banner-1536x1021.png 1536w, https:\/\/urban-connect.com\/wp-content\/uploads\/2026\/02\/HELSANA-x-UC-banner.png 1590w\"\n                    sizes=\"(max-width: 768px) 100vw, 768px\"\n                    alt=\"Focus sui casi di studio: Helsana offre a oltre 3'400 dipendenti un budget di mobilit\u00e0 Urban Connect, senza alcun problema grazie a SCIM.\"\n                ><\/noscript>\n            <\/a>\n                <\/div>\n    <div class=\"right-side\">\n                    <a href=\"https:\/\/urban-connect.com\/it\/news\/focus-sui-casi-di-studio-helsana-offre-a-oltre-3400-dipendenti-un-budget-di-mobilita-urban-connect-senza-alcun-problema-grazie-a-scim\/\">\n                <h6 class=\"title\">Focus sui casi di studio: Helsana offre a oltre 3&#8217;400 dipendenti un budget di mobilit\u00e0 Urban Connect, senza alcun problema grazie a SCIM.<\/h6>\n            <\/a>\n                        <span class=\"date\">Febbraio 05, 2026 <\/span>\n            \n\t        <\/div>\n<\/div>                        <\/div>\n                                        <\/div>\n                <div class=\"btn-slider \">\n    <div class=\"prev\">\n        <svg width=\"22\" height=\"12\" viewBox=\"0 0 22 12\" fill=\"none\" xmlns=\"http:\/\/www.w3.org\/2000\/svg\">\n            <path d=\"M5.094 4.476L7.74 1.83L6.03 0.102L0.432 5.7L6.03 11.298L7.74 9.57L5.076 6.906H21.42V4.476H5.094Z\" fill=\"white\"\/>\n        <\/svg>\n    <\/div>\n    <div class=\"next\">\n        <svg width=\"22\" height=\"12\" viewBox=\"0 0 22 12\" fill=\"none\" xmlns=\"http:\/\/www.w3.org\/2000\/svg\">\n            <path d=\"M14.292 1.83L16.938 4.476H0.612V6.906H16.956L14.292 9.57L16.002 11.298L21.6 5.7L16.002 0.102L14.292 1.83Z\" fill=\"white\"\/>\n        <\/svg>\n    <\/div>\n<\/div>            <\/div>\n        <\/div>\n    <\/section>\n    ","protected":false},"excerpt":{"rendered":"<p>Le aziende stanno ripensando gli approcci tradizionali ai viaggi aziendali e al pendolarismo. Molte hanno riconosciuto il potenziale di offrire ai propri dipendenti l&#8217;accesso a un ecosistema di mobilit\u00e0 olistico che aiuti a indirizzare le abitudini di mobilit\u00e0 dei dipendenti e quindi a ridurre le emissioni e a risparmiare sui costi. Il budget per la [&hellip;]<\/p>\n","protected":false},"featured_media":5695,"parent":0,"template":"","news_category":[47],"class_list":["post-5692","news","type-news","status-publish","has-post-thumbnail","hentry","news_category-libri-bianchi"],"acf":[],"yoast_head":"<!-- This site is optimized with the Yoast SEO plugin v23.2 - https:\/\/yoast.com\/wordpress\/plugins\/seo\/ -->\n<title>Il budget per la mobilit\u00e0: Incentivare la fidelizzazione dei talenti con un trasporto aziendale pi\u00f9 intelligente - Urban Connect<\/title>\n<meta name=\"robots\" content=\"index, follow, max-snippet:-1, max-image-preview:large, max-video-preview:-1\" \/>\n<link rel=\"canonical\" href=\"https:\/\/urban-connect.com\/it\/news\/il-budget-per-la-mobilita-incentivare-la-fidelizzazione-dei-talenti-con-un-trasporto-aziendale-piu-intelligente\/\" \/>\n<meta property=\"og:locale\" content=\"it_IT\" \/>\n<meta property=\"og:type\" content=\"article\" \/>\n<meta property=\"og:title\" content=\"Il budget per la mobilit\u00e0: Incentivare la fidelizzazione dei talenti con un trasporto aziendale pi\u00f9 intelligente - Urban Connect\" \/>\n<meta property=\"og:description\" content=\"Le aziende stanno ripensando gli approcci tradizionali ai viaggi aziendali e al pendolarismo. Molte hanno riconosciuto il potenziale di offrire ai propri dipendenti l&#8217;accesso a un ecosistema di mobilit\u00e0 olistico che aiuti a indirizzare le abitudini di mobilit\u00e0 dei dipendenti e quindi a ridurre le emissioni e a risparmiare sui costi. Il budget per la [&hellip;]\" \/>\n<meta property=\"og:url\" content=\"https:\/\/urban-connect.com\/it\/news\/il-budget-per-la-mobilita-incentivare-la-fidelizzazione-dei-talenti-con-un-trasporto-aziendale-piu-intelligente\/\" \/>\n<meta property=\"og:site_name\" content=\"Urban Connect\" \/>\n<meta property=\"article:modified_time\" content=\"2025-01-16T08:24:21+00:00\" \/>\n<meta property=\"og:image\" content=\"https:\/\/urban-connect.com\/wp-content\/uploads\/2024\/03\/MobilityBudget-3.jpg\" \/>\n\t<meta property=\"og:image:width\" content=\"1270\" \/>\n\t<meta property=\"og:image:height\" content=\"844\" \/>\n\t<meta property=\"og:image:type\" content=\"image\/jpeg\" \/>\n<meta name=\"twitter:card\" content=\"summary_large_image\" \/>\n<meta name=\"twitter:label1\" content=\"Tempo di lettura stimato\" \/>\n\t<meta name=\"twitter:data1\" content=\"2 minuti\" \/>\n<script type=\"application\/ld+json\" class=\"yoast-schema-graph\">{\"@context\":\"https:\/\/schema.org\",\"@graph\":[{\"@type\":\"WebPage\",\"@id\":\"https:\/\/urban-connect.com\/it\/news\/il-budget-per-la-mobilita-incentivare-la-fidelizzazione-dei-talenti-con-un-trasporto-aziendale-piu-intelligente\/\",\"url\":\"https:\/\/urban-connect.com\/it\/news\/il-budget-per-la-mobilita-incentivare-la-fidelizzazione-dei-talenti-con-un-trasporto-aziendale-piu-intelligente\/\",\"name\":\"Il budget per la mobilit\u00e0: Incentivare la fidelizzazione dei talenti con un trasporto aziendale pi\u00f9 intelligente - Urban Connect\",\"isPartOf\":{\"@id\":\"https:\/\/urban-connect.com\/it\/#website\"},\"primaryImageOfPage\":{\"@id\":\"https:\/\/urban-connect.com\/it\/news\/il-budget-per-la-mobilita-incentivare-la-fidelizzazione-dei-talenti-con-un-trasporto-aziendale-piu-intelligente\/#primaryimage\"},\"image\":{\"@id\":\"https:\/\/urban-connect.com\/it\/news\/il-budget-per-la-mobilita-incentivare-la-fidelizzazione-dei-talenti-con-un-trasporto-aziendale-piu-intelligente\/#primaryimage\"},\"thumbnailUrl\":\"https:\/\/urban-connect.com\/wp-content\/uploads\/2024\/03\/MobilityBudget-3.jpg\",\"datePublished\":\"2025-01-16T11:59:09+00:00\",\"dateModified\":\"2025-01-16T08:24:21+00:00\",\"breadcrumb\":{\"@id\":\"https:\/\/urban-connect.com\/it\/news\/il-budget-per-la-mobilita-incentivare-la-fidelizzazione-dei-talenti-con-un-trasporto-aziendale-piu-intelligente\/#breadcrumb\"},\"inLanguage\":\"it-IT\",\"potentialAction\":[{\"@type\":\"ReadAction\",\"target\":[\"https:\/\/urban-connect.com\/it\/news\/il-budget-per-la-mobilita-incentivare-la-fidelizzazione-dei-talenti-con-un-trasporto-aziendale-piu-intelligente\/\"]}]},{\"@type\":\"ImageObject\",\"inLanguage\":\"it-IT\",\"@id\":\"https:\/\/urban-connect.com\/it\/news\/il-budget-per-la-mobilita-incentivare-la-fidelizzazione-dei-talenti-con-un-trasporto-aziendale-piu-intelligente\/#primaryimage\",\"url\":\"https:\/\/urban-connect.com\/wp-content\/uploads\/2024\/03\/MobilityBudget-3.jpg\",\"contentUrl\":\"https:\/\/urban-connect.com\/wp-content\/uploads\/2024\/03\/MobilityBudget-3.jpg\",\"width\":1270,\"height\":844,\"caption\":\"Mobility Budget News Graphic\"},{\"@type\":\"BreadcrumbList\",\"@id\":\"https:\/\/urban-connect.com\/it\/news\/il-budget-per-la-mobilita-incentivare-la-fidelizzazione-dei-talenti-con-un-trasporto-aziendale-piu-intelligente\/#breadcrumb\",\"itemListElement\":[{\"@type\":\"ListItem\",\"position\":1,\"name\":\"Home\",\"item\":\"https:\/\/urban-connect.com\/it\/\"},{\"@type\":\"ListItem\",\"position\":2,\"name\":\"Il budget per la mobilit\u00e0: Incentivare la fidelizzazione dei talenti con un trasporto aziendale pi\u00f9 intelligente\"}]},{\"@type\":\"WebSite\",\"@id\":\"https:\/\/urban-connect.com\/it\/#website\",\"url\":\"https:\/\/urban-connect.com\/it\/\",\"name\":\"Urban Connect\",\"description\":\"\",\"potentialAction\":[{\"@type\":\"SearchAction\",\"target\":{\"@type\":\"EntryPoint\",\"urlTemplate\":\"https:\/\/urban-connect.com\/it\/?s={search_term_string}\"},\"query-input\":\"required name=search_term_string\"}],\"inLanguage\":\"it-IT\"}]}<\/script>\n<!-- \/ Yoast SEO plugin. -->","yoast_head_json":{"title":"Il budget per la mobilit\u00e0: Incentivare la fidelizzazione dei talenti con un trasporto aziendale pi\u00f9 intelligente - Urban Connect","robots":{"index":"index","follow":"follow","max-snippet":"max-snippet:-1","max-image-preview":"max-image-preview:large","max-video-preview":"max-video-preview:-1"},"canonical":"https:\/\/urban-connect.com\/it\/news\/il-budget-per-la-mobilita-incentivare-la-fidelizzazione-dei-talenti-con-un-trasporto-aziendale-piu-intelligente\/","og_locale":"it_IT","og_type":"article","og_title":"Il budget per la mobilit\u00e0: Incentivare la fidelizzazione dei talenti con un trasporto aziendale pi\u00f9 intelligente - Urban Connect","og_description":"Le aziende stanno ripensando gli approcci tradizionali ai viaggi aziendali e al pendolarismo. Molte hanno riconosciuto il potenziale di offrire ai propri dipendenti l&#8217;accesso a un ecosistema di mobilit\u00e0 olistico che aiuti a indirizzare le abitudini di mobilit\u00e0 dei dipendenti e quindi a ridurre le emissioni e a risparmiare sui costi. Il budget per la [&hellip;]","og_url":"https:\/\/urban-connect.com\/it\/news\/il-budget-per-la-mobilita-incentivare-la-fidelizzazione-dei-talenti-con-un-trasporto-aziendale-piu-intelligente\/","og_site_name":"Urban Connect","article_modified_time":"2025-01-16T08:24:21+00:00","og_image":[{"width":1270,"height":844,"url":"https:\/\/urban-connect.com\/wp-content\/uploads\/2024\/03\/MobilityBudget-3.jpg","type":"image\/jpeg"}],"twitter_card":"summary_large_image","twitter_misc":{"Tempo di lettura stimato":"2 minuti"},"schema":{"@context":"https:\/\/schema.org","@graph":[{"@type":"WebPage","@id":"https:\/\/urban-connect.com\/it\/news\/il-budget-per-la-mobilita-incentivare-la-fidelizzazione-dei-talenti-con-un-trasporto-aziendale-piu-intelligente\/","url":"https:\/\/urban-connect.com\/it\/news\/il-budget-per-la-mobilita-incentivare-la-fidelizzazione-dei-talenti-con-un-trasporto-aziendale-piu-intelligente\/","name":"Il budget per la mobilit\u00e0: Incentivare la fidelizzazione dei talenti con un trasporto aziendale pi\u00f9 intelligente - Urban Connect","isPartOf":{"@id":"https:\/\/urban-connect.com\/it\/#website"},"primaryImageOfPage":{"@id":"https:\/\/urban-connect.com\/it\/news\/il-budget-per-la-mobilita-incentivare-la-fidelizzazione-dei-talenti-con-un-trasporto-aziendale-piu-intelligente\/#primaryimage"},"image":{"@id":"https:\/\/urban-connect.com\/it\/news\/il-budget-per-la-mobilita-incentivare-la-fidelizzazione-dei-talenti-con-un-trasporto-aziendale-piu-intelligente\/#primaryimage"},"thumbnailUrl":"https:\/\/urban-connect.com\/wp-content\/uploads\/2024\/03\/MobilityBudget-3.jpg","datePublished":"2025-01-16T11:59:09+00:00","dateModified":"2025-01-16T08:24:21+00:00","breadcrumb":{"@id":"https:\/\/urban-connect.com\/it\/news\/il-budget-per-la-mobilita-incentivare-la-fidelizzazione-dei-talenti-con-un-trasporto-aziendale-piu-intelligente\/#breadcrumb"},"inLanguage":"it-IT","potentialAction":[{"@type":"ReadAction","target":["https:\/\/urban-connect.com\/it\/news\/il-budget-per-la-mobilita-incentivare-la-fidelizzazione-dei-talenti-con-un-trasporto-aziendale-piu-intelligente\/"]}]},{"@type":"ImageObject","inLanguage":"it-IT","@id":"https:\/\/urban-connect.com\/it\/news\/il-budget-per-la-mobilita-incentivare-la-fidelizzazione-dei-talenti-con-un-trasporto-aziendale-piu-intelligente\/#primaryimage","url":"https:\/\/urban-connect.com\/wp-content\/uploads\/2024\/03\/MobilityBudget-3.jpg","contentUrl":"https:\/\/urban-connect.com\/wp-content\/uploads\/2024\/03\/MobilityBudget-3.jpg","width":1270,"height":844,"caption":"Mobility Budget News Graphic"},{"@type":"BreadcrumbList","@id":"https:\/\/urban-connect.com\/it\/news\/il-budget-per-la-mobilita-incentivare-la-fidelizzazione-dei-talenti-con-un-trasporto-aziendale-piu-intelligente\/#breadcrumb","itemListElement":[{"@type":"ListItem","position":1,"name":"Home","item":"https:\/\/urban-connect.com\/it\/"},{"@type":"ListItem","position":2,"name":"Il budget per la mobilit\u00e0: Incentivare la fidelizzazione dei talenti con un trasporto aziendale pi\u00f9 intelligente"}]},{"@type":"WebSite","@id":"https:\/\/urban-connect.com\/it\/#website","url":"https:\/\/urban-connect.com\/it\/","name":"Urban Connect","description":"","potentialAction":[{"@type":"SearchAction","target":{"@type":"EntryPoint","urlTemplate":"https:\/\/urban-connect.com\/it\/?s={search_term_string}"},"query-input":"required name=search_term_string"}],"inLanguage":"it-IT"}]}},"_links":{"self":[{"href":"https:\/\/urban-connect.com\/it\/wp-json\/wp\/v2\/news\/5692","targetHints":{"allow":["GET"]}}],"collection":[{"href":"https:\/\/urban-connect.com\/it\/wp-json\/wp\/v2\/news"}],"about":[{"href":"https:\/\/urban-connect.com\/it\/wp-json\/wp\/v2\/types\/news"}],"wp:featuredmedia":[{"embeddable":true,"href":"https:\/\/urban-connect.com\/it\/wp-json\/wp\/v2\/media\/5695"}],"wp:attachment":[{"href":"https:\/\/urban-connect.com\/it\/wp-json\/wp\/v2\/media?parent=5692"}],"wp:term":[{"taxonomy":"news_category","embeddable":true,"href":"https:\/\/urban-connect.com\/it\/wp-json\/wp\/v2\/news_category?post=5692"}],"curies":[{"name":"wp","href":"https:\/\/api.w.org\/{rel}","templated":true}]}}