{"id":5690,"date":"2021-09-02T11:48:00","date_gmt":"2021-09-02T11:48:00","guid":{"rendered":"https:\/\/urban-connect.com\/news\/the-green-fleet-urban-connect-provides-climate-neutral-sharing-vehicles\/"},"modified":"2024-09-20T11:38:10","modified_gmt":"2024-09-20T11:38:10","slug":"la-flotta-verde-urban-connect-mette-a-disposizione-veicoli-di-condivisione-neutrali-dal-punto-di-vista-climatico","status":"publish","type":"news","link":"https:\/\/urban-connect.com\/it\/news\/la-flotta-verde-urban-connect-mette-a-disposizione-veicoli-di-condivisione-neutrali-dal-punto-di-vista-climatico\/","title":{"rendered":"La flotta verde: Urban Connect mette a disposizione veicoli di condivisione neutrali dal punto di vista climatico"},"content":{"rendered":"\n<p>Urban Connect offre la mobilit\u00e0 come servizio. Grazie alla piattaforma, le aziende possono consentire ai propri dipendenti di accedere a veicoli ecologici in un concetto di condivisione.<\/p>\n\n\n\n<h2 class=\"wp-block-heading\"><strong>L&#8217;idea di business?<\/strong><\/h2>\n\n\n\n<p>Una piattaforma di mobilit\u00e0 multimodale per le aziende. I clienti hanno accesso a un ecosistema di veicoli condivisi a basse emissioni che vanno dalle biciclette elettriche agli scooter elettronici alle auto elettriche, il tutto prenotabile tramite un&#8217;app.<\/p>\n\n\n\n<h2 class=\"wp-block-heading\"><strong>Come \u00e8 nata l&#8217;idea?<\/strong><\/h2>\n\n\n\n<p>L&#8217;idea \u00e8 nata per affrontare la crescente congestione del traffico nelle nostre citt\u00e0 e l&#8217;inquinamento atmosferico che ne deriva. Abbiamo quindi pensato che la mobilit\u00e0 come servizio, con le aziende come fulcro, fosse la chiave per un panorama di mobilit\u00e0 pi\u00f9 sostenibile.<\/p>\n\n\n\n<h2 class=\"wp-block-heading\"><strong>Perch\u00e9 questo nome?<\/strong><\/h2>\n\n\n\n<p>La mobilit\u00e0 connette. La mobilit\u00e0 condivisa ancora di pi\u00f9. Vediamo un mondo in cui le aziende e altre comunit\u00e0 (ad esempio, le sovrastrutture) diventano centri di gravit\u00e0 per la mobilit\u00e0 condivisa dei dipendenti.<\/p>\n\n\n\n<h2 class=\"wp-block-heading\"><strong>Da dove arriva il denaro di partenza?<\/strong><\/h2>\n\n\n\n<p>Dai fondatori. L&#8217;anno scorso, inoltre, l&#8217;azienda ha chiuso un seed round da 2,5 milioni di franchi svizzeri grazie allo Swiss Technology Fund.<\/p>\n\n\n\n<h2 class=\"wp-block-heading\"><strong>La visione?<\/strong><\/h2>\n\n\n\n<p>Ogni grande azienda dovrebbe offrire ai propri dipendenti l&#8217;app Urban Connect come piattaforma di mobilit\u00e0 a impatto zero. In questo modo, possiamo accompagnare i nostri clienti nel percorso verso il \u201cNet Zero\u201d, soprattutto considerando che oltre un terzo delle emissioni svizzere deriva dalla mobilit\u00e0.<\/p>\n\n\n\n<h2 class=\"wp-block-heading\"><strong>Cosa utilizzate per generare entrate?<\/strong><\/h2>\n\n\n\n<p>Mobility-as-a-Service e Software-as-a-Service, commissioni da parte di clienti aziendali, comuni e sovrastrutture.<\/p>\n\n\n\n<h2 class=\"wp-block-heading\"><strong>Il grande punto di forza?<\/strong><\/h2>\n\n\n\n<p>La capacit\u00e0 di aiutare le aziende a ridurre a zero le emissioni dovute alla mobilit\u00e0, risparmiando denaro, emissioni e spazio.<\/p>\n\n\n\n<h2 class=\"wp-block-heading\"><strong>La cosa pi\u00f9 sorprendente finora?<\/strong><\/h2>\n\n\n\n<p>Le grandi aziende oggi sono \u201ccostrette\u201d dagli investitori a tracciare un percorso verso le emissioni nette a zero. Tuttavia, pochissime si rivolgono alla mobilit\u00e0 dei dipendenti per raggiungere questo obiettivo. Questo \u00e8 sorprendente, dato che la mobilit\u00e0 sarebbe un frutto a portata di mano per le aziende che vogliono ridurre le emissioni.<\/p>\n\n\n\n<h2 class=\"wp-block-heading\"><strong>La sfida pi\u00f9 grande?<\/strong><\/h2>\n\n\n\n<p>Trovare dipendenti di alto livello che condividano la visione e abbiano gli strumenti necessari, compresa l&#8217;attitudine, per guidare l&#8217;innovazione e scalare il modello di business.<\/p>\n\n\n\n<h2 class=\"wp-block-heading\"><strong>Il pi\u00f9 grande successo finora?<\/strong><\/h2>\n\n\n\n<p>Aver superato l&#8217;anno di Corona. Abbiamo acquisito 20 nuovi clienti e abbiamo sfruttato l&#8217;anno di innovazione per integrare nella piattaforma sia le auto che gli e-scooter.<\/p>\n\n\n\n<h2 class=\"wp-block-heading\"><strong>Il prossimo passo?<\/strong><\/h2>\n\n\n\n<p>Un finanziamento di serie A nel secondo trimestre del 2022 e l&#8217;espansione all&#8217;estero.<\/p>\n\n\n\n<p>Fonte: BILLANZ. <a href=\"BILLANZ. Leggi l'articolo originale completo qui.\" target=\"_blank\" rel=\"noreferrer noopener\">Leggi l&#8217;articolo originale completo qui.<\/a><\/p>\n\n\n\n<p>Change Mobility &#8211; Change the World<\/p>\n\n\n        <section class=\"author-block\">\n            <div class=\"container\">\n                <div class=\"left-side\">\n                    <h6 class=\"name\">Marc Kowalsky<\/h6>\n                    <span class=\"position\">Deputy Editor-in-Chief, BILANZ<\/span>\n                <\/div>\n                <div class=\"right-side\">\n                                            <img decoding=\"async\" \n                        class=\"image\" src=\"\"\n                        srcset=\"\"\n                        sizes=\"\"\n                        alt=\"Chart Image\"\n                        >\n                                        <\/div>\n            <\/div>\n        <\/section>\n        \n\n    <section class=\"related-posts\">\n        <div class=\"container\">\n            <h4 class=\"block-title\"><\/h4>\n        <\/div>\n        <div class=\"container posts-wrap\">\n            <div class=\"swiper swiper-related-posts\">\n                <div class=\"swiper-wrapper\">\n                                            <div class=\"swiper-slide\">\n                            <div class=\"card-horizontal\">\n    <div class=\"left-side\">\n                    <a href=\"https:\/\/urban-connect.com\/it\/news\/wheels-wine-2026-unedizione-storica-che-definisce-il-futuro-della-mobilita-aziendale\/\">\n                <img decoding=\"async\" \n                    class=\"image lazyload\" data-src=\"https:\/\/urban-connect.com\/wp-content\/uploads\/2026\/03\/F06A4076-768x512.jpg\"\n                    data-srcset=\"https:\/\/urban-connect.com\/wp-content\/uploads\/2026\/03\/F06A4076-768x512.jpg 768w, https:\/\/urban-connect.com\/wp-content\/uploads\/2026\/03\/F06A4076-300x200.jpg 300w, https:\/\/urban-connect.com\/wp-content\/uploads\/2026\/03\/F06A4076-1024x683.jpg 1024w, https:\/\/urban-connect.com\/wp-content\/uploads\/2026\/03\/F06A4076-1536x1024.jpg 1536w, https:\/\/urban-connect.com\/wp-content\/uploads\/2026\/03\/F06A4076-2048x1365.jpg 2048w, https:\/\/urban-connect.com\/wp-content\/uploads\/2026\/03\/F06A4076-1620x1080.jpg 1620w\"\n                    data-sizes=\"(max-width: 768px) 100vw, 768px\"\n                    alt=\"Wheels &amp; Wine 2026 \u2013 Un\u2019edizione storica che definisce il futuro della mobilit\u00e0 aziendale\"\n                 src=\"data:image\/gif;base64,R0lGODlhAQABAAAAACH5BAEKAAEALAAAAAABAAEAAAICTAEAOw==\" style=\"--smush-placeholder-width: 768px; --smush-placeholder-aspect-ratio: 768\/512;\"><noscript><img decoding=\"async\" \n                    class=\"image\" src=\"https:\/\/urban-connect.com\/wp-content\/uploads\/2026\/03\/F06A4076-768x512.jpg\"\n                    srcset=\"https:\/\/urban-connect.com\/wp-content\/uploads\/2026\/03\/F06A4076-768x512.jpg 768w, https:\/\/urban-connect.com\/wp-content\/uploads\/2026\/03\/F06A4076-300x200.jpg 300w, https:\/\/urban-connect.com\/wp-content\/uploads\/2026\/03\/F06A4076-1024x683.jpg 1024w, https:\/\/urban-connect.com\/wp-content\/uploads\/2026\/03\/F06A4076-1536x1024.jpg 1536w, https:\/\/urban-connect.com\/wp-content\/uploads\/2026\/03\/F06A4076-2048x1365.jpg 2048w, https:\/\/urban-connect.com\/wp-content\/uploads\/2026\/03\/F06A4076-1620x1080.jpg 1620w\"\n                    sizes=\"(max-width: 768px) 100vw, 768px\"\n                    alt=\"Wheels &amp; Wine 2026 \u2013 Un\u2019edizione storica che definisce il futuro della mobilit\u00e0 aziendale\"\n                ><\/noscript>\n            <\/a>\n                <\/div>\n    <div class=\"right-side\">\n                    <a href=\"https:\/\/urban-connect.com\/it\/news\/wheels-wine-2026-unedizione-storica-che-definisce-il-futuro-della-mobilita-aziendale\/\">\n                <h6 class=\"title\">Wheels &amp; Wine 2026 \u2013 Un\u2019edizione storica che definisce il futuro della mobilit\u00e0 aziendale<\/h6>\n            <\/a>\n                        <span class=\"date\">Marzo 24, 2026 <\/span>\n            \n\t        <\/div>\n<\/div>                        <\/div>\n                                                <div class=\"swiper-slide\">\n                            <div class=\"card-horizontal\">\n    <div class=\"left-side\">\n                    <a href=\"https:\/\/urban-connect.com\/it\/news\/cosa-succedera-quando-la-ricarica-dei-veicoli-elettrici-funzionera-finalmente\/\">\n                <img decoding=\"async\" \n                    class=\"image lazyload\" data-src=\"https:\/\/urban-connect.com\/wp-content\/uploads\/2026\/03\/Zaptec-cover-3-1-768x453.png\"\n                    data-srcset=\"https:\/\/urban-connect.com\/wp-content\/uploads\/2026\/03\/Zaptec-cover-3-1-768x453.png 768w, https:\/\/urban-connect.com\/wp-content\/uploads\/2026\/03\/Zaptec-cover-3-1-300x177.png 300w, https:\/\/urban-connect.com\/wp-content\/uploads\/2026\/03\/Zaptec-cover-3-1-1024x604.png 1024w, https:\/\/urban-connect.com\/wp-content\/uploads\/2026\/03\/Zaptec-cover-3-1-1536x906.png 1536w, https:\/\/urban-connect.com\/wp-content\/uploads\/2026\/03\/Zaptec-cover-3-1-2048x1208.png 2048w, https:\/\/urban-connect.com\/wp-content\/uploads\/2026\/03\/Zaptec-cover-3-1-1831x1080.png 1831w\"\n                    data-sizes=\"(max-width: 768px) 100vw, 768px\"\n                    alt=\"Cosa succeder\u00e0 quando la ricarica dei veicoli elettrici funzioner\u00e0 finalmente?\"\n                 src=\"data:image\/gif;base64,R0lGODlhAQABAAAAACH5BAEKAAEALAAAAAABAAEAAAICTAEAOw==\" style=\"--smush-placeholder-width: 768px; --smush-placeholder-aspect-ratio: 768\/453;\"><noscript><img decoding=\"async\" \n                    class=\"image\" src=\"https:\/\/urban-connect.com\/wp-content\/uploads\/2026\/03\/Zaptec-cover-3-1-768x453.png\"\n                    srcset=\"https:\/\/urban-connect.com\/wp-content\/uploads\/2026\/03\/Zaptec-cover-3-1-768x453.png 768w, https:\/\/urban-connect.com\/wp-content\/uploads\/2026\/03\/Zaptec-cover-3-1-300x177.png 300w, https:\/\/urban-connect.com\/wp-content\/uploads\/2026\/03\/Zaptec-cover-3-1-1024x604.png 1024w, https:\/\/urban-connect.com\/wp-content\/uploads\/2026\/03\/Zaptec-cover-3-1-1536x906.png 1536w, https:\/\/urban-connect.com\/wp-content\/uploads\/2026\/03\/Zaptec-cover-3-1-2048x1208.png 2048w, https:\/\/urban-connect.com\/wp-content\/uploads\/2026\/03\/Zaptec-cover-3-1-1831x1080.png 1831w\"\n                    sizes=\"(max-width: 768px) 100vw, 768px\"\n                    alt=\"Cosa succeder\u00e0 quando la ricarica dei veicoli elettrici funzioner\u00e0 finalmente?\"\n                ><\/noscript>\n            <\/a>\n                <\/div>\n    <div class=\"right-side\">\n                    <a href=\"https:\/\/urban-connect.com\/it\/news\/cosa-succedera-quando-la-ricarica-dei-veicoli-elettrici-funzionera-finalmente\/\">\n                <h6 class=\"title\">Cosa succeder\u00e0 quando la ricarica dei veicoli elettrici funzioner\u00e0 finalmente?<\/h6>\n            <\/a>\n                        <span class=\"date\">Marzo 17, 2026 <\/span>\n            \n\t        <\/div>\n<\/div>                        <\/div>\n                                                <div class=\"swiper-slide\">\n                            <div class=\"card-horizontal\">\n    <div class=\"left-side\">\n                    <a href=\"https:\/\/urban-connect.com\/it\/news\/focus-sui-casi-di-studio-helsana-offre-a-oltre-3400-dipendenti-un-budget-di-mobilita-urban-connect-senza-alcun-problema-grazie-a-scim\/\">\n                <img decoding=\"async\" \n                    class=\"image lazyload\" data-src=\"https:\/\/urban-connect.com\/wp-content\/uploads\/2026\/02\/HELSANA-x-UC-banner-768x511.png\"\n                    data-srcset=\"https:\/\/urban-connect.com\/wp-content\/uploads\/2026\/02\/HELSANA-x-UC-banner-768x511.png 768w, https:\/\/urban-connect.com\/wp-content\/uploads\/2026\/02\/HELSANA-x-UC-banner-300x199.png 300w, https:\/\/urban-connect.com\/wp-content\/uploads\/2026\/02\/HELSANA-x-UC-banner-1024x681.png 1024w, https:\/\/urban-connect.com\/wp-content\/uploads\/2026\/02\/HELSANA-x-UC-banner-1536x1021.png 1536w, https:\/\/urban-connect.com\/wp-content\/uploads\/2026\/02\/HELSANA-x-UC-banner.png 1590w\"\n                    data-sizes=\"(max-width: 768px) 100vw, 768px\"\n                    alt=\"Focus sui casi di studio: Helsana offre a oltre 3'400 dipendenti un budget di mobilit\u00e0 Urban Connect, senza alcun problema grazie a SCIM.\"\n                 src=\"data:image\/gif;base64,R0lGODlhAQABAAAAACH5BAEKAAEALAAAAAABAAEAAAICTAEAOw==\" style=\"--smush-placeholder-width: 768px; --smush-placeholder-aspect-ratio: 768\/511;\"><noscript><img decoding=\"async\" \n                    class=\"image\" src=\"https:\/\/urban-connect.com\/wp-content\/uploads\/2026\/02\/HELSANA-x-UC-banner-768x511.png\"\n                    srcset=\"https:\/\/urban-connect.com\/wp-content\/uploads\/2026\/02\/HELSANA-x-UC-banner-768x511.png 768w, https:\/\/urban-connect.com\/wp-content\/uploads\/2026\/02\/HELSANA-x-UC-banner-300x199.png 300w, https:\/\/urban-connect.com\/wp-content\/uploads\/2026\/02\/HELSANA-x-UC-banner-1024x681.png 1024w, https:\/\/urban-connect.com\/wp-content\/uploads\/2026\/02\/HELSANA-x-UC-banner-1536x1021.png 1536w, https:\/\/urban-connect.com\/wp-content\/uploads\/2026\/02\/HELSANA-x-UC-banner.png 1590w\"\n                    sizes=\"(max-width: 768px) 100vw, 768px\"\n                    alt=\"Focus sui casi di studio: Helsana offre a oltre 3'400 dipendenti un budget di mobilit\u00e0 Urban Connect, senza alcun problema grazie a SCIM.\"\n                ><\/noscript>\n            <\/a>\n                <\/div>\n    <div class=\"right-side\">\n                    <a href=\"https:\/\/urban-connect.com\/it\/news\/focus-sui-casi-di-studio-helsana-offre-a-oltre-3400-dipendenti-un-budget-di-mobilita-urban-connect-senza-alcun-problema-grazie-a-scim\/\">\n                <h6 class=\"title\">Focus sui casi di studio: Helsana offre a oltre 3&#8217;400 dipendenti un budget di mobilit\u00e0 Urban Connect, senza alcun problema grazie a SCIM.<\/h6>\n            <\/a>\n                        <span class=\"date\">Febbraio 05, 2026 <\/span>\n            \n\t        <\/div>\n<\/div>                        <\/div>\n                                        <\/div>\n                <div class=\"btn-slider \">\n    <div class=\"prev\">\n        <svg width=\"22\" height=\"12\" viewBox=\"0 0 22 12\" fill=\"none\" xmlns=\"http:\/\/www.w3.org\/2000\/svg\">\n            <path d=\"M5.094 4.476L7.74 1.83L6.03 0.102L0.432 5.7L6.03 11.298L7.74 9.57L5.076 6.906H21.42V4.476H5.094Z\" fill=\"white\"\/>\n        <\/svg>\n    <\/div>\n    <div class=\"next\">\n        <svg width=\"22\" height=\"12\" viewBox=\"0 0 22 12\" fill=\"none\" xmlns=\"http:\/\/www.w3.org\/2000\/svg\">\n            <path d=\"M14.292 1.83L16.938 4.476H0.612V6.906H16.956L14.292 9.57L16.002 11.298L21.6 5.7L16.002 0.102L14.292 1.83Z\" fill=\"white\"\/>\n        <\/svg>\n    <\/div>\n<\/div>            <\/div>\n        <\/div>\n    <\/section>\n    ","protected":false},"excerpt":{"rendered":"<p>Urban Connect offre la mobilit\u00e0 come servizio. Grazie alla piattaforma, le aziende possono consentire ai propri dipendenti di accedere a veicoli ecologici in un concetto di condivisione. L&#8217;idea di business? Una piattaforma di mobilit\u00e0 multimodale per le aziende. I clienti hanno accesso a un ecosistema di veicoli condivisi a basse emissioni che vanno dalle biciclette [&hellip;]<\/p>\n","protected":false},"featured_media":5691,"parent":0,"template":"","news_category":[46],"class_list":["post-5690","news","type-news","status-publish","has-post-thumbnail","hentry","news_category-notizie"],"acf":[],"yoast_head":"<!-- This site is optimized with the Yoast SEO plugin v23.2 - https:\/\/yoast.com\/wordpress\/plugins\/seo\/ -->\n<title>Urban Connect`s climate neutral sharing vehicles<\/title>\n<meta name=\"description\" content=\"With the Urban Connect mobility platform, companies can give their employees access to climate-friendly mobility options.\" \/>\n<meta name=\"robots\" content=\"index, follow, max-snippet:-1, max-image-preview:large, max-video-preview:-1\" \/>\n<link rel=\"canonical\" href=\"https:\/\/urban-connect.com\/it\/news\/la-flotta-verde-urban-connect-mette-a-disposizione-veicoli-di-condivisione-neutrali-dal-punto-di-vista-climatico\/\" \/>\n<meta property=\"og:locale\" content=\"it_IT\" \/>\n<meta property=\"og:type\" content=\"article\" \/>\n<meta property=\"og:title\" content=\"Urban Connect`s climate neutral sharing vehicles\" \/>\n<meta property=\"og:description\" content=\"With the Urban Connect mobility platform, companies can give their employees access to climate-friendly mobility options.\" \/>\n<meta property=\"og:url\" content=\"https:\/\/urban-connect.com\/it\/news\/la-flotta-verde-urban-connect-mette-a-disposizione-veicoli-di-condivisione-neutrali-dal-punto-di-vista-climatico\/\" \/>\n<meta property=\"og:site_name\" content=\"Urban Connect\" \/>\n<meta property=\"article:modified_time\" content=\"2024-09-20T11:38:10+00:00\" \/>\n<meta property=\"og:image\" content=\"https:\/\/urban-connect.com\/wp-content\/uploads\/2021\/09\/UC-NEWS-09022021.jpeg\" \/>\n\t<meta property=\"og:image:width\" content=\"882\" \/>\n\t<meta property=\"og:image:height\" content=\"582\" \/>\n\t<meta property=\"og:image:type\" content=\"image\/jpeg\" \/>\n<meta name=\"twitter:card\" content=\"summary_large_image\" \/>\n<meta name=\"twitter:label1\" content=\"Tempo di lettura stimato\" \/>\n\t<meta name=\"twitter:data1\" content=\"3 minuti\" \/>\n<script type=\"application\/ld+json\" class=\"yoast-schema-graph\">{\"@context\":\"https:\/\/schema.org\",\"@graph\":[{\"@type\":\"WebPage\",\"@id\":\"https:\/\/urban-connect.com\/it\/news\/la-flotta-verde-urban-connect-mette-a-disposizione-veicoli-di-condivisione-neutrali-dal-punto-di-vista-climatico\/\",\"url\":\"https:\/\/urban-connect.com\/it\/news\/la-flotta-verde-urban-connect-mette-a-disposizione-veicoli-di-condivisione-neutrali-dal-punto-di-vista-climatico\/\",\"name\":\"Urban Connect`s climate neutral sharing vehicles\",\"isPartOf\":{\"@id\":\"https:\/\/urban-connect.com\/it\/#website\"},\"primaryImageOfPage\":{\"@id\":\"https:\/\/urban-connect.com\/it\/news\/la-flotta-verde-urban-connect-mette-a-disposizione-veicoli-di-condivisione-neutrali-dal-punto-di-vista-climatico\/#primaryimage\"},\"image\":{\"@id\":\"https:\/\/urban-connect.com\/it\/news\/la-flotta-verde-urban-connect-mette-a-disposizione-veicoli-di-condivisione-neutrali-dal-punto-di-vista-climatico\/#primaryimage\"},\"thumbnailUrl\":\"https:\/\/urban-connect.com\/wp-content\/uploads\/2021\/09\/UC-NEWS-09022021.jpeg\",\"datePublished\":\"2021-09-02T11:48:00+00:00\",\"dateModified\":\"2024-09-20T11:38:10+00:00\",\"description\":\"With the Urban Connect mobility platform, companies can give their employees access to climate-friendly mobility options.\",\"breadcrumb\":{\"@id\":\"https:\/\/urban-connect.com\/it\/news\/la-flotta-verde-urban-connect-mette-a-disposizione-veicoli-di-condivisione-neutrali-dal-punto-di-vista-climatico\/#breadcrumb\"},\"inLanguage\":\"it-IT\",\"potentialAction\":[{\"@type\":\"ReadAction\",\"target\":[\"https:\/\/urban-connect.com\/it\/news\/la-flotta-verde-urban-connect-mette-a-disposizione-veicoli-di-condivisione-neutrali-dal-punto-di-vista-climatico\/\"]}]},{\"@type\":\"ImageObject\",\"inLanguage\":\"it-IT\",\"@id\":\"https:\/\/urban-connect.com\/it\/news\/la-flotta-verde-urban-connect-mette-a-disposizione-veicoli-di-condivisione-neutrali-dal-punto-di-vista-climatico\/#primaryimage\",\"url\":\"https:\/\/urban-connect.com\/wp-content\/uploads\/2021\/09\/UC-NEWS-09022021.jpeg\",\"contentUrl\":\"https:\/\/urban-connect.com\/wp-content\/uploads\/2021\/09\/UC-NEWS-09022021.jpeg\",\"width\":882,\"height\":582,\"caption\":\"Judith and Robert\"},{\"@type\":\"BreadcrumbList\",\"@id\":\"https:\/\/urban-connect.com\/it\/news\/la-flotta-verde-urban-connect-mette-a-disposizione-veicoli-di-condivisione-neutrali-dal-punto-di-vista-climatico\/#breadcrumb\",\"itemListElement\":[{\"@type\":\"ListItem\",\"position\":1,\"name\":\"Home\",\"item\":\"https:\/\/urban-connect.com\/it\/\"},{\"@type\":\"ListItem\",\"position\":2,\"name\":\"La flotta verde: Urban Connect mette a disposizione veicoli di condivisione neutrali dal punto di vista climatico\"}]},{\"@type\":\"WebSite\",\"@id\":\"https:\/\/urban-connect.com\/it\/#website\",\"url\":\"https:\/\/urban-connect.com\/it\/\",\"name\":\"Urban Connect\",\"description\":\"\",\"potentialAction\":[{\"@type\":\"SearchAction\",\"target\":{\"@type\":\"EntryPoint\",\"urlTemplate\":\"https:\/\/urban-connect.com\/it\/?s={search_term_string}\"},\"query-input\":\"required name=search_term_string\"}],\"inLanguage\":\"it-IT\"}]}<\/script>\n<!-- \/ Yoast SEO plugin. -->","yoast_head_json":{"title":"Urban Connect`s climate neutral sharing vehicles","description":"With the Urban Connect mobility platform, companies can give their employees access to climate-friendly mobility options.","robots":{"index":"index","follow":"follow","max-snippet":"max-snippet:-1","max-image-preview":"max-image-preview:large","max-video-preview":"max-video-preview:-1"},"canonical":"https:\/\/urban-connect.com\/it\/news\/la-flotta-verde-urban-connect-mette-a-disposizione-veicoli-di-condivisione-neutrali-dal-punto-di-vista-climatico\/","og_locale":"it_IT","og_type":"article","og_title":"Urban Connect`s climate neutral sharing vehicles","og_description":"With the Urban Connect mobility platform, companies can give their employees access to climate-friendly mobility options.","og_url":"https:\/\/urban-connect.com\/it\/news\/la-flotta-verde-urban-connect-mette-a-disposizione-veicoli-di-condivisione-neutrali-dal-punto-di-vista-climatico\/","og_site_name":"Urban Connect","article_modified_time":"2024-09-20T11:38:10+00:00","og_image":[{"width":882,"height":582,"url":"https:\/\/urban-connect.com\/wp-content\/uploads\/2021\/09\/UC-NEWS-09022021.jpeg","type":"image\/jpeg"}],"twitter_card":"summary_large_image","twitter_misc":{"Tempo di lettura stimato":"3 minuti"},"schema":{"@context":"https:\/\/schema.org","@graph":[{"@type":"WebPage","@id":"https:\/\/urban-connect.com\/it\/news\/la-flotta-verde-urban-connect-mette-a-disposizione-veicoli-di-condivisione-neutrali-dal-punto-di-vista-climatico\/","url":"https:\/\/urban-connect.com\/it\/news\/la-flotta-verde-urban-connect-mette-a-disposizione-veicoli-di-condivisione-neutrali-dal-punto-di-vista-climatico\/","name":"Urban Connect`s climate neutral sharing vehicles","isPartOf":{"@id":"https:\/\/urban-connect.com\/it\/#website"},"primaryImageOfPage":{"@id":"https:\/\/urban-connect.com\/it\/news\/la-flotta-verde-urban-connect-mette-a-disposizione-veicoli-di-condivisione-neutrali-dal-punto-di-vista-climatico\/#primaryimage"},"image":{"@id":"https:\/\/urban-connect.com\/it\/news\/la-flotta-verde-urban-connect-mette-a-disposizione-veicoli-di-condivisione-neutrali-dal-punto-di-vista-climatico\/#primaryimage"},"thumbnailUrl":"https:\/\/urban-connect.com\/wp-content\/uploads\/2021\/09\/UC-NEWS-09022021.jpeg","datePublished":"2021-09-02T11:48:00+00:00","dateModified":"2024-09-20T11:38:10+00:00","description":"With the Urban Connect mobility platform, companies can give their employees access to climate-friendly mobility options.","breadcrumb":{"@id":"https:\/\/urban-connect.com\/it\/news\/la-flotta-verde-urban-connect-mette-a-disposizione-veicoli-di-condivisione-neutrali-dal-punto-di-vista-climatico\/#breadcrumb"},"inLanguage":"it-IT","potentialAction":[{"@type":"ReadAction","target":["https:\/\/urban-connect.com\/it\/news\/la-flotta-verde-urban-connect-mette-a-disposizione-veicoli-di-condivisione-neutrali-dal-punto-di-vista-climatico\/"]}]},{"@type":"ImageObject","inLanguage":"it-IT","@id":"https:\/\/urban-connect.com\/it\/news\/la-flotta-verde-urban-connect-mette-a-disposizione-veicoli-di-condivisione-neutrali-dal-punto-di-vista-climatico\/#primaryimage","url":"https:\/\/urban-connect.com\/wp-content\/uploads\/2021\/09\/UC-NEWS-09022021.jpeg","contentUrl":"https:\/\/urban-connect.com\/wp-content\/uploads\/2021\/09\/UC-NEWS-09022021.jpeg","width":882,"height":582,"caption":"Judith and Robert"},{"@type":"BreadcrumbList","@id":"https:\/\/urban-connect.com\/it\/news\/la-flotta-verde-urban-connect-mette-a-disposizione-veicoli-di-condivisione-neutrali-dal-punto-di-vista-climatico\/#breadcrumb","itemListElement":[{"@type":"ListItem","position":1,"name":"Home","item":"https:\/\/urban-connect.com\/it\/"},{"@type":"ListItem","position":2,"name":"La flotta verde: Urban Connect mette a disposizione veicoli di condivisione neutrali dal punto di vista climatico"}]},{"@type":"WebSite","@id":"https:\/\/urban-connect.com\/it\/#website","url":"https:\/\/urban-connect.com\/it\/","name":"Urban Connect","description":"","potentialAction":[{"@type":"SearchAction","target":{"@type":"EntryPoint","urlTemplate":"https:\/\/urban-connect.com\/it\/?s={search_term_string}"},"query-input":"required name=search_term_string"}],"inLanguage":"it-IT"}]}},"_links":{"self":[{"href":"https:\/\/urban-connect.com\/it\/wp-json\/wp\/v2\/news\/5690","targetHints":{"allow":["GET"]}}],"collection":[{"href":"https:\/\/urban-connect.com\/it\/wp-json\/wp\/v2\/news"}],"about":[{"href":"https:\/\/urban-connect.com\/it\/wp-json\/wp\/v2\/types\/news"}],"wp:featuredmedia":[{"embeddable":true,"href":"https:\/\/urban-connect.com\/it\/wp-json\/wp\/v2\/media\/5691"}],"wp:attachment":[{"href":"https:\/\/urban-connect.com\/it\/wp-json\/wp\/v2\/media?parent=5690"}],"wp:term":[{"taxonomy":"news_category","embeddable":true,"href":"https:\/\/urban-connect.com\/it\/wp-json\/wp\/v2\/news_category?post=5690"}],"curies":[{"name":"wp","href":"https:\/\/api.w.org\/{rel}","templated":true}]}}