{"id":5685,"date":"2023-06-20T15:41:29","date_gmt":"2023-06-20T15:41:29","guid":{"rendered":"https:\/\/urban-connect.com\/news\/firmenmobilitat-als-treiber-fur-die-verkehrswende\/"},"modified":"2024-09-19T15:12:38","modified_gmt":"2024-09-19T15:12:38","slug":"la-forza-trainante-della-mobilita-aziendale-nella-rivoluzione-dei-trasporti","status":"publish","type":"news","link":"https:\/\/urban-connect.com\/it\/news\/la-forza-trainante-della-mobilita-aziendale-nella-rivoluzione-dei-trasporti\/","title":{"rendered":"La forza trainante della mobilit\u00e0 aziendale nella rivoluzione dei trasporti"},"content":{"rendered":"\n<p>Il 15 giugno 2023, Urban Connect ha ospitato l&#8217;evento sulla mobilit\u00e0 dell&#8217;anno presso l&#8217;AURA di Zurigo. L&#8217;evento ha riunito i principali esperti del settore della mobilit\u00e0 per presentare le loro conoscenze, ricerche e sviluppi sul budget di mobilit\u00e0. Il budget per la mobilit\u00e0 \u00e8 un concetto innovativo che permette alle aziende di fornire ai propri dipendenti un credito mensile che consente loro di scegliere l&#8217;opzione di mobilit\u00e0 che preferiscono. Questo permette alle aziende non solo di risparmiare sui costi, ma anche di proteggere l&#8217;ambiente e di aumentare la soddisfazione dei dipendenti.<br><br>L&#8217;evento ha offerto l&#8217;opportunit\u00e0 di ascoltare relatori rinomati del settore, tra cui rappresentanti di SBB, Post Company Cars, EY, McKinsey &amp; Company e altri ancora. Hanno discusso di come hanno implementato il mobility budgeting nelle loro aziende e dei vantaggi e delle opportunit\u00e0 che ne sono derivate. Il seminario ha mostrato come il mobility budgeting possa contribuire a una cultura moderna e sostenibile. Dopo la conclusione di ogni argomento, il pubblico \u00e8 stato invitato a porre domande ai relatori, favorendo una discussione aperta.<br><br><strong>Dall&#8217;evento si possono trarre i seguenti punti chiave.<\/strong><br><br>L&#8217;implementazione del budget per la mobilit\u00e0 aiuta le aziende a ridurre drasticamente le emissioni di CO2, a risparmiare sui costi e a incentivare i dipendenti a viaggiare in modo sostenibile.<br><br>Il futuro \u00e8 la \u201cmobilit\u00e0 come servizio\u201d, ossia la condivisione della mobilit\u00e0 attraverso flotte condivise, micromobilit\u00e0 e trasporto pubblico. Le aziende farebbero bene ad allinearsi a questo sistema il prima possibile per raggiungere gli obiettivi climatici previsti dalla legge.<br><br>Molte aziende vogliono implementare questo sistema, ma \u00e8 troppo complesso. Per questo, Urban Connect offre la soluzione perfetta: una piattaforma di mobilit\u00e0 in cui il budget per la mobilit\u00e0, compreso il trasporto pubblico, \u00e8 integrato e pu\u00f2 essere utilizzato direttamente tramite l&#8217;app.<br>Markus Almer, Chief Commercial Officer di Urban Connect, ha dichiarato quanto segue:<\/p>\n\n\n\n<blockquote class=\"wp-block-quote is-layout-flow wp-block-quote-is-layout-flow\">\n<p>&#8220;Siamo stati molto contenti della partecipazione di cos\u00ec tante personalit\u00e0 del settore della mobilit\u00e0. Ringraziamo i relatori per il vivace scambio e i preziosi impulsi. Il futuro della mobilit\u00e0 aziendale \u00e8 multimodale!\u201d.<\/p>\n<\/blockquote>\n\n\n\n<p>\u00c8 stata una grande opportunit\u00e0 per imparare dagli esperti e riunire personalit\u00e0 ispirate e lungimiranti. Grazie a tutti i partecipanti!<\/p>\n\n\n\n<p>Change Mobility &#8211; Change the World<br><\/p>\n\n\n    <section class=\"related-posts\">\n        <div class=\"container\">\n            <h4 class=\"block-title\"><\/h4>\n        <\/div>\n        <div class=\"container posts-wrap\">\n            <div class=\"swiper swiper-related-posts\">\n                <div class=\"swiper-wrapper\">\n                                            <div class=\"swiper-slide\">\n                            <div class=\"card-horizontal\">\n    <div class=\"left-side\">\n                    <a href=\"https:\/\/urban-connect.com\/it\/news\/wheels-wine-2026-unedizione-storica-che-definisce-il-futuro-della-mobilita-aziendale\/\">\n                <img decoding=\"async\" \n                    class=\"image lazyload\" data-src=\"https:\/\/urban-connect.com\/wp-content\/uploads\/2026\/03\/F06A4076-768x512.jpg\"\n                    data-srcset=\"https:\/\/urban-connect.com\/wp-content\/uploads\/2026\/03\/F06A4076-768x512.jpg 768w, https:\/\/urban-connect.com\/wp-content\/uploads\/2026\/03\/F06A4076-300x200.jpg 300w, https:\/\/urban-connect.com\/wp-content\/uploads\/2026\/03\/F06A4076-1024x683.jpg 1024w, https:\/\/urban-connect.com\/wp-content\/uploads\/2026\/03\/F06A4076-1536x1024.jpg 1536w, https:\/\/urban-connect.com\/wp-content\/uploads\/2026\/03\/F06A4076-2048x1365.jpg 2048w, https:\/\/urban-connect.com\/wp-content\/uploads\/2026\/03\/F06A4076-1620x1080.jpg 1620w\"\n                    data-sizes=\"(max-width: 768px) 100vw, 768px\"\n                    alt=\"Wheels &amp; Wine 2026 \u2013 Un\u2019edizione storica che definisce il futuro della mobilit\u00e0 aziendale\"\n                 src=\"data:image\/gif;base64,R0lGODlhAQABAAAAACH5BAEKAAEALAAAAAABAAEAAAICTAEAOw==\" style=\"--smush-placeholder-width: 768px; --smush-placeholder-aspect-ratio: 768\/512;\"><noscript><img decoding=\"async\" \n                    class=\"image\" src=\"https:\/\/urban-connect.com\/wp-content\/uploads\/2026\/03\/F06A4076-768x512.jpg\"\n                    srcset=\"https:\/\/urban-connect.com\/wp-content\/uploads\/2026\/03\/F06A4076-768x512.jpg 768w, https:\/\/urban-connect.com\/wp-content\/uploads\/2026\/03\/F06A4076-300x200.jpg 300w, https:\/\/urban-connect.com\/wp-content\/uploads\/2026\/03\/F06A4076-1024x683.jpg 1024w, https:\/\/urban-connect.com\/wp-content\/uploads\/2026\/03\/F06A4076-1536x1024.jpg 1536w, https:\/\/urban-connect.com\/wp-content\/uploads\/2026\/03\/F06A4076-2048x1365.jpg 2048w, https:\/\/urban-connect.com\/wp-content\/uploads\/2026\/03\/F06A4076-1620x1080.jpg 1620w\"\n                    sizes=\"(max-width: 768px) 100vw, 768px\"\n                    alt=\"Wheels &amp; Wine 2026 \u2013 Un\u2019edizione storica che definisce il futuro della mobilit\u00e0 aziendale\"\n                ><\/noscript>\n            <\/a>\n                <\/div>\n    <div class=\"right-side\">\n                    <a href=\"https:\/\/urban-connect.com\/it\/news\/wheels-wine-2026-unedizione-storica-che-definisce-il-futuro-della-mobilita-aziendale\/\">\n                <h6 class=\"title\">Wheels &amp; Wine 2026 \u2013 Un\u2019edizione storica che definisce il futuro della mobilit\u00e0 aziendale<\/h6>\n            <\/a>\n                        <span class=\"date\">Marzo 24, 2026 <\/span>\n            \n\t        <\/div>\n<\/div>                        <\/div>\n                                                <div class=\"swiper-slide\">\n                            <div class=\"card-horizontal\">\n    <div class=\"left-side\">\n                    <a href=\"https:\/\/urban-connect.com\/it\/news\/cosa-succedera-quando-la-ricarica-dei-veicoli-elettrici-funzionera-finalmente\/\">\n                <img decoding=\"async\" \n                    class=\"image lazyload\" data-src=\"https:\/\/urban-connect.com\/wp-content\/uploads\/2026\/03\/Zaptec-cover-3-1-768x453.png\"\n                    data-srcset=\"https:\/\/urban-connect.com\/wp-content\/uploads\/2026\/03\/Zaptec-cover-3-1-768x453.png 768w, https:\/\/urban-connect.com\/wp-content\/uploads\/2026\/03\/Zaptec-cover-3-1-300x177.png 300w, https:\/\/urban-connect.com\/wp-content\/uploads\/2026\/03\/Zaptec-cover-3-1-1024x604.png 1024w, https:\/\/urban-connect.com\/wp-content\/uploads\/2026\/03\/Zaptec-cover-3-1-1536x906.png 1536w, https:\/\/urban-connect.com\/wp-content\/uploads\/2026\/03\/Zaptec-cover-3-1-2048x1208.png 2048w, https:\/\/urban-connect.com\/wp-content\/uploads\/2026\/03\/Zaptec-cover-3-1-1831x1080.png 1831w\"\n                    data-sizes=\"(max-width: 768px) 100vw, 768px\"\n                    alt=\"Cosa succeder\u00e0 quando la ricarica dei veicoli elettrici funzioner\u00e0 finalmente?\"\n                 src=\"data:image\/gif;base64,R0lGODlhAQABAAAAACH5BAEKAAEALAAAAAABAAEAAAICTAEAOw==\" style=\"--smush-placeholder-width: 768px; --smush-placeholder-aspect-ratio: 768\/453;\"><noscript><img decoding=\"async\" \n                    class=\"image\" src=\"https:\/\/urban-connect.com\/wp-content\/uploads\/2026\/03\/Zaptec-cover-3-1-768x453.png\"\n                    srcset=\"https:\/\/urban-connect.com\/wp-content\/uploads\/2026\/03\/Zaptec-cover-3-1-768x453.png 768w, https:\/\/urban-connect.com\/wp-content\/uploads\/2026\/03\/Zaptec-cover-3-1-300x177.png 300w, https:\/\/urban-connect.com\/wp-content\/uploads\/2026\/03\/Zaptec-cover-3-1-1024x604.png 1024w, https:\/\/urban-connect.com\/wp-content\/uploads\/2026\/03\/Zaptec-cover-3-1-1536x906.png 1536w, https:\/\/urban-connect.com\/wp-content\/uploads\/2026\/03\/Zaptec-cover-3-1-2048x1208.png 2048w, https:\/\/urban-connect.com\/wp-content\/uploads\/2026\/03\/Zaptec-cover-3-1-1831x1080.png 1831w\"\n                    sizes=\"(max-width: 768px) 100vw, 768px\"\n                    alt=\"Cosa succeder\u00e0 quando la ricarica dei veicoli elettrici funzioner\u00e0 finalmente?\"\n                ><\/noscript>\n            <\/a>\n                <\/div>\n    <div class=\"right-side\">\n                    <a href=\"https:\/\/urban-connect.com\/it\/news\/cosa-succedera-quando-la-ricarica-dei-veicoli-elettrici-funzionera-finalmente\/\">\n                <h6 class=\"title\">Cosa succeder\u00e0 quando la ricarica dei veicoli elettrici funzioner\u00e0 finalmente?<\/h6>\n            <\/a>\n                        <span class=\"date\">Marzo 17, 2026 <\/span>\n            \n\t        <\/div>\n<\/div>                        <\/div>\n                                                <div class=\"swiper-slide\">\n                            <div class=\"card-horizontal\">\n    <div class=\"left-side\">\n                    <a href=\"https:\/\/urban-connect.com\/it\/news\/focus-sui-casi-di-studio-helsana-offre-a-oltre-3400-dipendenti-un-budget-di-mobilita-urban-connect-senza-alcun-problema-grazie-a-scim\/\">\n                <img decoding=\"async\" \n                    class=\"image lazyload\" data-src=\"https:\/\/urban-connect.com\/wp-content\/uploads\/2026\/02\/HELSANA-x-UC-banner-768x511.png\"\n                    data-srcset=\"https:\/\/urban-connect.com\/wp-content\/uploads\/2026\/02\/HELSANA-x-UC-banner-768x511.png 768w, https:\/\/urban-connect.com\/wp-content\/uploads\/2026\/02\/HELSANA-x-UC-banner-300x199.png 300w, https:\/\/urban-connect.com\/wp-content\/uploads\/2026\/02\/HELSANA-x-UC-banner-1024x681.png 1024w, https:\/\/urban-connect.com\/wp-content\/uploads\/2026\/02\/HELSANA-x-UC-banner-1536x1021.png 1536w, https:\/\/urban-connect.com\/wp-content\/uploads\/2026\/02\/HELSANA-x-UC-banner.png 1590w\"\n                    data-sizes=\"(max-width: 768px) 100vw, 768px\"\n                    alt=\"Focus sui casi di studio: Helsana offre a oltre 3'400 dipendenti un budget di mobilit\u00e0 Urban Connect, senza alcun problema grazie a SCIM.\"\n                 src=\"data:image\/gif;base64,R0lGODlhAQABAAAAACH5BAEKAAEALAAAAAABAAEAAAICTAEAOw==\" style=\"--smush-placeholder-width: 768px; --smush-placeholder-aspect-ratio: 768\/511;\"><noscript><img decoding=\"async\" \n                    class=\"image\" src=\"https:\/\/urban-connect.com\/wp-content\/uploads\/2026\/02\/HELSANA-x-UC-banner-768x511.png\"\n                    srcset=\"https:\/\/urban-connect.com\/wp-content\/uploads\/2026\/02\/HELSANA-x-UC-banner-768x511.png 768w, https:\/\/urban-connect.com\/wp-content\/uploads\/2026\/02\/HELSANA-x-UC-banner-300x199.png 300w, https:\/\/urban-connect.com\/wp-content\/uploads\/2026\/02\/HELSANA-x-UC-banner-1024x681.png 1024w, https:\/\/urban-connect.com\/wp-content\/uploads\/2026\/02\/HELSANA-x-UC-banner-1536x1021.png 1536w, https:\/\/urban-connect.com\/wp-content\/uploads\/2026\/02\/HELSANA-x-UC-banner.png 1590w\"\n                    sizes=\"(max-width: 768px) 100vw, 768px\"\n                    alt=\"Focus sui casi di studio: Helsana offre a oltre 3'400 dipendenti un budget di mobilit\u00e0 Urban Connect, senza alcun problema grazie a SCIM.\"\n                ><\/noscript>\n            <\/a>\n                <\/div>\n    <div class=\"right-side\">\n                    <a href=\"https:\/\/urban-connect.com\/it\/news\/focus-sui-casi-di-studio-helsana-offre-a-oltre-3400-dipendenti-un-budget-di-mobilita-urban-connect-senza-alcun-problema-grazie-a-scim\/\">\n                <h6 class=\"title\">Focus sui casi di studio: Helsana offre a oltre 3&#8217;400 dipendenti un budget di mobilit\u00e0 Urban Connect, senza alcun problema grazie a SCIM.<\/h6>\n            <\/a>\n                        <span class=\"date\">Febbraio 05, 2026 <\/span>\n            \n\t        <\/div>\n<\/div>                        <\/div>\n                                        <\/div>\n                <div class=\"btn-slider \">\n    <div class=\"prev\">\n        <svg width=\"22\" height=\"12\" viewBox=\"0 0 22 12\" fill=\"none\" xmlns=\"http:\/\/www.w3.org\/2000\/svg\">\n            <path d=\"M5.094 4.476L7.74 1.83L6.03 0.102L0.432 5.7L6.03 11.298L7.74 9.57L5.076 6.906H21.42V4.476H5.094Z\" fill=\"white\"\/>\n        <\/svg>\n    <\/div>\n    <div class=\"next\">\n        <svg width=\"22\" height=\"12\" viewBox=\"0 0 22 12\" fill=\"none\" xmlns=\"http:\/\/www.w3.org\/2000\/svg\">\n            <path d=\"M14.292 1.83L16.938 4.476H0.612V6.906H16.956L14.292 9.57L16.002 11.298L21.6 5.7L16.002 0.102L14.292 1.83Z\" fill=\"white\"\/>\n        <\/svg>\n    <\/div>\n<\/div>            <\/div>\n        <\/div>\n    <\/section>\n    ","protected":false},"excerpt":{"rendered":"<p>Il 15 giugno 2023, Urban Connect ha ospitato l&#8217;evento sulla mobilit\u00e0 dell&#8217;anno presso l&#8217;AURA di Zurigo. L&#8217;evento ha riunito i principali esperti del settore della mobilit\u00e0 per presentare le loro conoscenze, ricerche e sviluppi sul budget di mobilit\u00e0. Il budget per la mobilit\u00e0 \u00e8 un concetto innovativo che permette alle aziende di fornire ai propri [&hellip;]<\/p>\n","protected":false},"featured_media":5686,"parent":0,"template":"","news_category":[48],"class_list":["post-5685","news","type-news","status-publish","has-post-thumbnail","hentry","news_category-eventi"],"acf":[],"yoast_head":"<!-- This site is optimized with the Yoast SEO plugin v23.2 - https:\/\/yoast.com\/wordpress\/plugins\/seo\/ -->\n<title>Corporate Mobility and the transportation revolution - Urban Connect<\/title>\n<meta name=\"description\" content=\"Urban Connect organised the mobility event of the year. Leading experts from the industry enriched the event and provided great inspiration.\" \/>\n<meta name=\"robots\" content=\"index, follow, max-snippet:-1, max-image-preview:large, max-video-preview:-1\" \/>\n<link rel=\"canonical\" href=\"https:\/\/urban-connect.com\/it\/news\/la-forza-trainante-della-mobilita-aziendale-nella-rivoluzione-dei-trasporti\/\" \/>\n<meta property=\"og:locale\" content=\"it_IT\" \/>\n<meta property=\"og:type\" content=\"article\" \/>\n<meta property=\"og:title\" content=\"Corporate Mobility and the transportation revolution - Urban Connect\" \/>\n<meta property=\"og:description\" content=\"Urban Connect organised the mobility event of the year. Leading experts from the industry enriched the event and provided great inspiration.\" \/>\n<meta property=\"og:url\" content=\"https:\/\/urban-connect.com\/it\/news\/la-forza-trainante-della-mobilita-aziendale-nella-rivoluzione-dei-trasporti\/\" \/>\n<meta property=\"og:site_name\" content=\"Urban Connect\" \/>\n<meta property=\"article:modified_time\" content=\"2024-09-19T15:12:38+00:00\" \/>\n<meta property=\"og:image\" content=\"https:\/\/urban-connect.com\/wp-content\/uploads\/2023\/06\/Event_News-scaled.jpg\" \/>\n\t<meta property=\"og:image:width\" content=\"2560\" \/>\n\t<meta property=\"og:image:height\" content=\"2208\" \/>\n\t<meta property=\"og:image:type\" content=\"image\/jpeg\" \/>\n<meta name=\"twitter:card\" content=\"summary_large_image\" \/>\n<meta name=\"twitter:label1\" content=\"Tempo di lettura stimato\" \/>\n\t<meta name=\"twitter:data1\" content=\"2 minuti\" \/>\n<script type=\"application\/ld+json\" class=\"yoast-schema-graph\">{\"@context\":\"https:\/\/schema.org\",\"@graph\":[{\"@type\":\"WebPage\",\"@id\":\"https:\/\/urban-connect.com\/it\/news\/la-forza-trainante-della-mobilita-aziendale-nella-rivoluzione-dei-trasporti\/\",\"url\":\"https:\/\/urban-connect.com\/it\/news\/la-forza-trainante-della-mobilita-aziendale-nella-rivoluzione-dei-trasporti\/\",\"name\":\"Corporate Mobility and the transportation revolution - Urban Connect\",\"isPartOf\":{\"@id\":\"https:\/\/urban-connect.com\/it\/#website\"},\"primaryImageOfPage\":{\"@id\":\"https:\/\/urban-connect.com\/it\/news\/la-forza-trainante-della-mobilita-aziendale-nella-rivoluzione-dei-trasporti\/#primaryimage\"},\"image\":{\"@id\":\"https:\/\/urban-connect.com\/it\/news\/la-forza-trainante-della-mobilita-aziendale-nella-rivoluzione-dei-trasporti\/#primaryimage\"},\"thumbnailUrl\":\"https:\/\/urban-connect.com\/wp-content\/uploads\/2023\/06\/Event_News-scaled.jpg\",\"datePublished\":\"2023-06-20T15:41:29+00:00\",\"dateModified\":\"2024-09-19T15:12:38+00:00\",\"description\":\"Urban Connect organised the mobility event of the year. Leading experts from the industry enriched the event and provided great inspiration.\",\"breadcrumb\":{\"@id\":\"https:\/\/urban-connect.com\/it\/news\/la-forza-trainante-della-mobilita-aziendale-nella-rivoluzione-dei-trasporti\/#breadcrumb\"},\"inLanguage\":\"it-IT\",\"potentialAction\":[{\"@type\":\"ReadAction\",\"target\":[\"https:\/\/urban-connect.com\/it\/news\/la-forza-trainante-della-mobilita-aziendale-nella-rivoluzione-dei-trasporti\/\"]}]},{\"@type\":\"ImageObject\",\"inLanguage\":\"it-IT\",\"@id\":\"https:\/\/urban-connect.com\/it\/news\/la-forza-trainante-della-mobilita-aziendale-nella-rivoluzione-dei-trasporti\/#primaryimage\",\"url\":\"https:\/\/urban-connect.com\/wp-content\/uploads\/2023\/06\/Event_News-scaled.jpg\",\"contentUrl\":\"https:\/\/urban-connect.com\/wp-content\/uploads\/2023\/06\/Event_News-scaled.jpg\",\"width\":2560,\"height\":2208,\"caption\":\"Mobility Event 2023 Judith and Robert\"},{\"@type\":\"BreadcrumbList\",\"@id\":\"https:\/\/urban-connect.com\/it\/news\/la-forza-trainante-della-mobilita-aziendale-nella-rivoluzione-dei-trasporti\/#breadcrumb\",\"itemListElement\":[{\"@type\":\"ListItem\",\"position\":1,\"name\":\"Home\",\"item\":\"https:\/\/urban-connect.com\/it\/\"},{\"@type\":\"ListItem\",\"position\":2,\"name\":\"La forza trainante della mobilit\u00e0 aziendale nella rivoluzione dei trasporti\"}]},{\"@type\":\"WebSite\",\"@id\":\"https:\/\/urban-connect.com\/it\/#website\",\"url\":\"https:\/\/urban-connect.com\/it\/\",\"name\":\"Urban Connect\",\"description\":\"\",\"potentialAction\":[{\"@type\":\"SearchAction\",\"target\":{\"@type\":\"EntryPoint\",\"urlTemplate\":\"https:\/\/urban-connect.com\/it\/?s={search_term_string}\"},\"query-input\":\"required name=search_term_string\"}],\"inLanguage\":\"it-IT\"}]}<\/script>\n<!-- \/ Yoast SEO plugin. -->","yoast_head_json":{"title":"Corporate Mobility and the transportation revolution - Urban Connect","description":"Urban Connect organised the mobility event of the year. Leading experts from the industry enriched the event and provided great inspiration.","robots":{"index":"index","follow":"follow","max-snippet":"max-snippet:-1","max-image-preview":"max-image-preview:large","max-video-preview":"max-video-preview:-1"},"canonical":"https:\/\/urban-connect.com\/it\/news\/la-forza-trainante-della-mobilita-aziendale-nella-rivoluzione-dei-trasporti\/","og_locale":"it_IT","og_type":"article","og_title":"Corporate Mobility and the transportation revolution - Urban Connect","og_description":"Urban Connect organised the mobility event of the year. Leading experts from the industry enriched the event and provided great inspiration.","og_url":"https:\/\/urban-connect.com\/it\/news\/la-forza-trainante-della-mobilita-aziendale-nella-rivoluzione-dei-trasporti\/","og_site_name":"Urban Connect","article_modified_time":"2024-09-19T15:12:38+00:00","og_image":[{"width":2560,"height":2208,"url":"https:\/\/urban-connect.com\/wp-content\/uploads\/2023\/06\/Event_News-scaled.jpg","type":"image\/jpeg"}],"twitter_card":"summary_large_image","twitter_misc":{"Tempo di lettura stimato":"2 minuti"},"schema":{"@context":"https:\/\/schema.org","@graph":[{"@type":"WebPage","@id":"https:\/\/urban-connect.com\/it\/news\/la-forza-trainante-della-mobilita-aziendale-nella-rivoluzione-dei-trasporti\/","url":"https:\/\/urban-connect.com\/it\/news\/la-forza-trainante-della-mobilita-aziendale-nella-rivoluzione-dei-trasporti\/","name":"Corporate Mobility and the transportation revolution - Urban Connect","isPartOf":{"@id":"https:\/\/urban-connect.com\/it\/#website"},"primaryImageOfPage":{"@id":"https:\/\/urban-connect.com\/it\/news\/la-forza-trainante-della-mobilita-aziendale-nella-rivoluzione-dei-trasporti\/#primaryimage"},"image":{"@id":"https:\/\/urban-connect.com\/it\/news\/la-forza-trainante-della-mobilita-aziendale-nella-rivoluzione-dei-trasporti\/#primaryimage"},"thumbnailUrl":"https:\/\/urban-connect.com\/wp-content\/uploads\/2023\/06\/Event_News-scaled.jpg","datePublished":"2023-06-20T15:41:29+00:00","dateModified":"2024-09-19T15:12:38+00:00","description":"Urban Connect organised the mobility event of the year. Leading experts from the industry enriched the event and provided great inspiration.","breadcrumb":{"@id":"https:\/\/urban-connect.com\/it\/news\/la-forza-trainante-della-mobilita-aziendale-nella-rivoluzione-dei-trasporti\/#breadcrumb"},"inLanguage":"it-IT","potentialAction":[{"@type":"ReadAction","target":["https:\/\/urban-connect.com\/it\/news\/la-forza-trainante-della-mobilita-aziendale-nella-rivoluzione-dei-trasporti\/"]}]},{"@type":"ImageObject","inLanguage":"it-IT","@id":"https:\/\/urban-connect.com\/it\/news\/la-forza-trainante-della-mobilita-aziendale-nella-rivoluzione-dei-trasporti\/#primaryimage","url":"https:\/\/urban-connect.com\/wp-content\/uploads\/2023\/06\/Event_News-scaled.jpg","contentUrl":"https:\/\/urban-connect.com\/wp-content\/uploads\/2023\/06\/Event_News-scaled.jpg","width":2560,"height":2208,"caption":"Mobility Event 2023 Judith and Robert"},{"@type":"BreadcrumbList","@id":"https:\/\/urban-connect.com\/it\/news\/la-forza-trainante-della-mobilita-aziendale-nella-rivoluzione-dei-trasporti\/#breadcrumb","itemListElement":[{"@type":"ListItem","position":1,"name":"Home","item":"https:\/\/urban-connect.com\/it\/"},{"@type":"ListItem","position":2,"name":"La forza trainante della mobilit\u00e0 aziendale nella rivoluzione dei trasporti"}]},{"@type":"WebSite","@id":"https:\/\/urban-connect.com\/it\/#website","url":"https:\/\/urban-connect.com\/it\/","name":"Urban Connect","description":"","potentialAction":[{"@type":"SearchAction","target":{"@type":"EntryPoint","urlTemplate":"https:\/\/urban-connect.com\/it\/?s={search_term_string}"},"query-input":"required name=search_term_string"}],"inLanguage":"it-IT"}]}},"_links":{"self":[{"href":"https:\/\/urban-connect.com\/it\/wp-json\/wp\/v2\/news\/5685","targetHints":{"allow":["GET"]}}],"collection":[{"href":"https:\/\/urban-connect.com\/it\/wp-json\/wp\/v2\/news"}],"about":[{"href":"https:\/\/urban-connect.com\/it\/wp-json\/wp\/v2\/types\/news"}],"wp:featuredmedia":[{"embeddable":true,"href":"https:\/\/urban-connect.com\/it\/wp-json\/wp\/v2\/media\/5686"}],"wp:attachment":[{"href":"https:\/\/urban-connect.com\/it\/wp-json\/wp\/v2\/media?parent=5685"}],"wp:term":[{"taxonomy":"news_category","embeddable":true,"href":"https:\/\/urban-connect.com\/it\/wp-json\/wp\/v2\/news_category?post=5685"}],"curies":[{"name":"wp","href":"https:\/\/api.w.org\/{rel}","templated":true}]}}