{"id":5681,"date":"2024-06-05T08:15:36","date_gmt":"2024-06-05T08:15:36","guid":{"rendered":"https:\/\/urban-connect.com\/news\/strategic-partnership-between-urban-connect-and-post-company-cars\/"},"modified":"2024-09-19T14:58:40","modified_gmt":"2024-09-19T14:58:40","slug":"strategic-partnership-between-urban-connect-and-post-company-cars","status":"publish","type":"news","link":"https:\/\/urban-connect.com\/it\/news\/strategic-partnership-between-urban-connect-and-post-company-cars\/","title":{"rendered":"Partnership strategica tra Urban Connect e Post Company Cars"},"content":{"rendered":"\n<p><strong>Il fornitore di piattaforme di mobilit\u00e0 Urban Connect e il gestore di flotte Post Company Cars hanno stretto un accordo di cooperazione per rendere pi\u00f9 sostenibile il futuro della mobilit\u00e0 aziendale.<\/strong> La collaborazione sottolinea l&#8217;enorme impegno di entrambi i partner nei confronti della mobilit\u00e0 sostenibile e dell&#8217;integrazione di soluzioni multimodali nelle aziende.<br><br>Urban Connect, la principale piattaforma di mobilit\u00e0 multimodale per le aziende in Svizzera, e Post Company Cars, il pi\u00f9 grande gestore di flotte aziendali indipendente dal marchio in Svizzera, stanno unendo le forze. La partnership strategica mira a plasmare in modo olistico la mobilit\u00e0 delle aziende clienti nell&#8217;ambito della digitalizzazione e dell&#8217;integrazione di servizi multimodali e sostenibili e a promuovere queste soluzioni di mobilit\u00e0 nelle aziende. Nell&#8217;ambito della collaborazione, Urban Connect offrir\u00e0 la piattaforma di mobilit\u00e0 multimodale e garantir\u00e0 la fornitura dei servizi associati insieme a Post Company Cars.<br><br>La cooperazione si basa sulla rete di partner gi\u00e0 esistente che Urban Connect ha creato sul mercato svizzero lo scorso anno insieme alle FFS e sottolinea la crescente importanza degli ecosistemi di mobilit\u00e0 per i clienti aziendali in Svizzera. In qualit\u00e0 di partner strategico, Urban Connect collaborer\u00e0 con SBB e Post Company Cars per promuovere un panorama di mobilit\u00e0 sostenibile in Svizzera.<br><br><strong>Cosa hanno da dire sulla partnership<\/strong><\/p>\n\n\n\n<ul class=\"wp-block-list\">\n<li>Robert Ruttmann, CEO di Urban Connect: &#8220;La nostra collaborazione con Post Company Cars evidenzia il nostro impegno comune per un panorama di mobilit\u00e0 sostenibile in Svizzera. Concentrandoci sull&#8217;integrazione di soluzioni di mobilit\u00e0 condivisa e multimodale nelle aziende, non solo vogliamo ridurre le emissioni, ma anche rendere pi\u00f9 trasparente la mobilit\u00e0 dei nostri clienti. Il nostro obiettivo \u00e8 offrire al personale una gamma diversificata di opzioni di mobilit\u00e0 in un&#8217;unica app\u201d.<\/li>\n\n\n\n<li>Nigel Storny, CEO di Post Company Cars: &#8220;Il settore della mobilit\u00e0 e le flotte aziendali stanno affrontando grandi cambiamenti: crediamo che, grazie alla partnership con Urban Connect, possiamo lavorare insieme per sviluppare soluzioni di mobilit\u00e0 sostenibile per superare con successo le sfide. Sosteniamo costantemente i nostri clienti nello sviluppo della loro strategia net zero\u201d.<br><\/li>\n<\/ul>\n\n\n\n<p><strong>Informazioni su Urban Connect<\/strong><br>Urban Connect sta rivoluzionando il modo in cui le aziende affrontano la mobilit\u00e0 del personale offrendo un ecosistema completamente integrato di opzioni di mobilit\u00e0 condivisa. Oltre 50 aziende, tra cui Roche, Google e Swiss, utilizzano flotte di e-car, e-bike ed e-scooter condivise, integrate dall&#8217;accesso al trasporto pubblico, da soluzioni di parcheggio digitali, da informazioni sulla flotta e da un budget di mobilit\u00e0 globale. In questo modo le aziende risparmiano sui costi, sullo spazio e sulle emissioni, ampliando al contempo le opzioni di mobilit\u00e0 del personale.<br><br><strong>Informazioni su Post Company Cars<\/strong><br>Un servizio completo da un&#8217;unica fonte: Post Company Cars Ltd \u00e8 il pi\u00f9 grande gestore di flotte indipendenti da marchi e produttori in Svizzera. \u00c8 anche leader nelle soluzioni di mobilit\u00e0 sostenibile e gestisce la pi\u00f9 grande flotta elettronica della Svizzera, con oltre 7.000 veicoli. La PMI svizzera impiega 80 specialisti che dedicano la loro esperienza alla gestione delle flotte per la Posta Svizzera e per numerosi clienti commerciali in Svizzera e nel Liechtenstein. Dall&#8217;analisi e la pianificazione all&#8217;acquisto, il finanziamento, l&#8217;assicurazione, la manutenzione, la riparazione e le soluzioni di ricarica fino alla rivendita &#8211; per flotte piccole e grandi: le aziende clienti beneficiano di servizi innovativi e digitali<a href=\"http:\/\/www.postcompanycars.ch\/\">. www.postcompanycars.ch<\/a><\/p>\n\n\n\n<p>Change Mobility &#8211; Change the World<\/p>\n\n\n    <section class=\"related-posts\">\n        <div class=\"container\">\n            <h4 class=\"block-title\"><\/h4>\n        <\/div>\n        <div class=\"container posts-wrap\">\n            <div class=\"swiper swiper-related-posts\">\n                <div class=\"swiper-wrapper\">\n                                            <div class=\"swiper-slide\">\n                            <div class=\"card-horizontal\">\n    <div class=\"left-side\">\n                    <a href=\"https:\/\/urban-connect.com\/it\/news\/wheels-wine-2026-unedizione-storica-che-definisce-il-futuro-della-mobilita-aziendale\/\">\n                <img decoding=\"async\" \n                    class=\"image lazyload\" data-src=\"https:\/\/urban-connect.com\/wp-content\/uploads\/2026\/03\/F06A4076-768x512.jpg\"\n                    data-srcset=\"https:\/\/urban-connect.com\/wp-content\/uploads\/2026\/03\/F06A4076-768x512.jpg 768w, https:\/\/urban-connect.com\/wp-content\/uploads\/2026\/03\/F06A4076-300x200.jpg 300w, https:\/\/urban-connect.com\/wp-content\/uploads\/2026\/03\/F06A4076-1024x683.jpg 1024w, https:\/\/urban-connect.com\/wp-content\/uploads\/2026\/03\/F06A4076-1536x1024.jpg 1536w, https:\/\/urban-connect.com\/wp-content\/uploads\/2026\/03\/F06A4076-2048x1365.jpg 2048w, https:\/\/urban-connect.com\/wp-content\/uploads\/2026\/03\/F06A4076-1620x1080.jpg 1620w\"\n                    data-sizes=\"(max-width: 768px) 100vw, 768px\"\n                    alt=\"Wheels &amp; Wine 2026 \u2013 Un\u2019edizione storica che definisce il futuro della mobilit\u00e0 aziendale\"\n                 src=\"data:image\/gif;base64,R0lGODlhAQABAAAAACH5BAEKAAEALAAAAAABAAEAAAICTAEAOw==\" style=\"--smush-placeholder-width: 768px; --smush-placeholder-aspect-ratio: 768\/512;\"><noscript><img decoding=\"async\" \n                    class=\"image\" src=\"https:\/\/urban-connect.com\/wp-content\/uploads\/2026\/03\/F06A4076-768x512.jpg\"\n                    srcset=\"https:\/\/urban-connect.com\/wp-content\/uploads\/2026\/03\/F06A4076-768x512.jpg 768w, https:\/\/urban-connect.com\/wp-content\/uploads\/2026\/03\/F06A4076-300x200.jpg 300w, https:\/\/urban-connect.com\/wp-content\/uploads\/2026\/03\/F06A4076-1024x683.jpg 1024w, https:\/\/urban-connect.com\/wp-content\/uploads\/2026\/03\/F06A4076-1536x1024.jpg 1536w, https:\/\/urban-connect.com\/wp-content\/uploads\/2026\/03\/F06A4076-2048x1365.jpg 2048w, https:\/\/urban-connect.com\/wp-content\/uploads\/2026\/03\/F06A4076-1620x1080.jpg 1620w\"\n                    sizes=\"(max-width: 768px) 100vw, 768px\"\n                    alt=\"Wheels &amp; Wine 2026 \u2013 Un\u2019edizione storica che definisce il futuro della mobilit\u00e0 aziendale\"\n                ><\/noscript>\n            <\/a>\n                <\/div>\n    <div class=\"right-side\">\n                    <a href=\"https:\/\/urban-connect.com\/it\/news\/wheels-wine-2026-unedizione-storica-che-definisce-il-futuro-della-mobilita-aziendale\/\">\n                <h6 class=\"title\">Wheels &amp; Wine 2026 \u2013 Un\u2019edizione storica che definisce il futuro della mobilit\u00e0 aziendale<\/h6>\n            <\/a>\n                        <span class=\"date\">Marzo 24, 2026 <\/span>\n            \n\t        <\/div>\n<\/div>                        <\/div>\n                                                <div class=\"swiper-slide\">\n                            <div class=\"card-horizontal\">\n    <div class=\"left-side\">\n                    <a href=\"https:\/\/urban-connect.com\/it\/news\/cosa-succedera-quando-la-ricarica-dei-veicoli-elettrici-funzionera-finalmente\/\">\n                <img decoding=\"async\" \n                    class=\"image lazyload\" data-src=\"https:\/\/urban-connect.com\/wp-content\/uploads\/2026\/03\/Zaptec-cover-3-1-768x453.png\"\n                    data-srcset=\"https:\/\/urban-connect.com\/wp-content\/uploads\/2026\/03\/Zaptec-cover-3-1-768x453.png 768w, https:\/\/urban-connect.com\/wp-content\/uploads\/2026\/03\/Zaptec-cover-3-1-300x177.png 300w, https:\/\/urban-connect.com\/wp-content\/uploads\/2026\/03\/Zaptec-cover-3-1-1024x604.png 1024w, https:\/\/urban-connect.com\/wp-content\/uploads\/2026\/03\/Zaptec-cover-3-1-1536x906.png 1536w, https:\/\/urban-connect.com\/wp-content\/uploads\/2026\/03\/Zaptec-cover-3-1-2048x1208.png 2048w, https:\/\/urban-connect.com\/wp-content\/uploads\/2026\/03\/Zaptec-cover-3-1-1831x1080.png 1831w\"\n                    data-sizes=\"(max-width: 768px) 100vw, 768px\"\n                    alt=\"Cosa succeder\u00e0 quando la ricarica dei veicoli elettrici funzioner\u00e0 finalmente?\"\n                 src=\"data:image\/gif;base64,R0lGODlhAQABAAAAACH5BAEKAAEALAAAAAABAAEAAAICTAEAOw==\" style=\"--smush-placeholder-width: 768px; --smush-placeholder-aspect-ratio: 768\/453;\"><noscript><img decoding=\"async\" \n                    class=\"image\" src=\"https:\/\/urban-connect.com\/wp-content\/uploads\/2026\/03\/Zaptec-cover-3-1-768x453.png\"\n                    srcset=\"https:\/\/urban-connect.com\/wp-content\/uploads\/2026\/03\/Zaptec-cover-3-1-768x453.png 768w, https:\/\/urban-connect.com\/wp-content\/uploads\/2026\/03\/Zaptec-cover-3-1-300x177.png 300w, https:\/\/urban-connect.com\/wp-content\/uploads\/2026\/03\/Zaptec-cover-3-1-1024x604.png 1024w, https:\/\/urban-connect.com\/wp-content\/uploads\/2026\/03\/Zaptec-cover-3-1-1536x906.png 1536w, https:\/\/urban-connect.com\/wp-content\/uploads\/2026\/03\/Zaptec-cover-3-1-2048x1208.png 2048w, https:\/\/urban-connect.com\/wp-content\/uploads\/2026\/03\/Zaptec-cover-3-1-1831x1080.png 1831w\"\n                    sizes=\"(max-width: 768px) 100vw, 768px\"\n                    alt=\"Cosa succeder\u00e0 quando la ricarica dei veicoli elettrici funzioner\u00e0 finalmente?\"\n                ><\/noscript>\n            <\/a>\n                <\/div>\n    <div class=\"right-side\">\n                    <a href=\"https:\/\/urban-connect.com\/it\/news\/cosa-succedera-quando-la-ricarica-dei-veicoli-elettrici-funzionera-finalmente\/\">\n                <h6 class=\"title\">Cosa succeder\u00e0 quando la ricarica dei veicoli elettrici funzioner\u00e0 finalmente?<\/h6>\n            <\/a>\n                        <span class=\"date\">Marzo 17, 2026 <\/span>\n            \n\t        <\/div>\n<\/div>                        <\/div>\n                                                <div class=\"swiper-slide\">\n                            <div class=\"card-horizontal\">\n    <div class=\"left-side\">\n                    <a href=\"https:\/\/urban-connect.com\/it\/news\/focus-sui-casi-di-studio-helsana-offre-a-oltre-3400-dipendenti-un-budget-di-mobilita-urban-connect-senza-alcun-problema-grazie-a-scim\/\">\n                <img decoding=\"async\" \n                    class=\"image lazyload\" data-src=\"https:\/\/urban-connect.com\/wp-content\/uploads\/2026\/02\/HELSANA-x-UC-banner-768x511.png\"\n                    data-srcset=\"https:\/\/urban-connect.com\/wp-content\/uploads\/2026\/02\/HELSANA-x-UC-banner-768x511.png 768w, https:\/\/urban-connect.com\/wp-content\/uploads\/2026\/02\/HELSANA-x-UC-banner-300x199.png 300w, https:\/\/urban-connect.com\/wp-content\/uploads\/2026\/02\/HELSANA-x-UC-banner-1024x681.png 1024w, https:\/\/urban-connect.com\/wp-content\/uploads\/2026\/02\/HELSANA-x-UC-banner-1536x1021.png 1536w, https:\/\/urban-connect.com\/wp-content\/uploads\/2026\/02\/HELSANA-x-UC-banner.png 1590w\"\n                    data-sizes=\"(max-width: 768px) 100vw, 768px\"\n                    alt=\"Focus sui casi di studio: Helsana offre a oltre 3'400 dipendenti un budget di mobilit\u00e0 Urban Connect, senza alcun problema grazie a SCIM.\"\n                 src=\"data:image\/gif;base64,R0lGODlhAQABAAAAACH5BAEKAAEALAAAAAABAAEAAAICTAEAOw==\" style=\"--smush-placeholder-width: 768px; --smush-placeholder-aspect-ratio: 768\/511;\"><noscript><img decoding=\"async\" \n                    class=\"image\" src=\"https:\/\/urban-connect.com\/wp-content\/uploads\/2026\/02\/HELSANA-x-UC-banner-768x511.png\"\n                    srcset=\"https:\/\/urban-connect.com\/wp-content\/uploads\/2026\/02\/HELSANA-x-UC-banner-768x511.png 768w, https:\/\/urban-connect.com\/wp-content\/uploads\/2026\/02\/HELSANA-x-UC-banner-300x199.png 300w, https:\/\/urban-connect.com\/wp-content\/uploads\/2026\/02\/HELSANA-x-UC-banner-1024x681.png 1024w, https:\/\/urban-connect.com\/wp-content\/uploads\/2026\/02\/HELSANA-x-UC-banner-1536x1021.png 1536w, https:\/\/urban-connect.com\/wp-content\/uploads\/2026\/02\/HELSANA-x-UC-banner.png 1590w\"\n                    sizes=\"(max-width: 768px) 100vw, 768px\"\n                    alt=\"Focus sui casi di studio: Helsana offre a oltre 3'400 dipendenti un budget di mobilit\u00e0 Urban Connect, senza alcun problema grazie a SCIM.\"\n                ><\/noscript>\n            <\/a>\n                <\/div>\n    <div class=\"right-side\">\n                    <a href=\"https:\/\/urban-connect.com\/it\/news\/focus-sui-casi-di-studio-helsana-offre-a-oltre-3400-dipendenti-un-budget-di-mobilita-urban-connect-senza-alcun-problema-grazie-a-scim\/\">\n                <h6 class=\"title\">Focus sui casi di studio: Helsana offre a oltre 3&#8217;400 dipendenti un budget di mobilit\u00e0 Urban Connect, senza alcun problema grazie a SCIM.<\/h6>\n            <\/a>\n                        <span class=\"date\">Febbraio 05, 2026 <\/span>\n            \n\t        <\/div>\n<\/div>                        <\/div>\n                                        <\/div>\n                <div class=\"btn-slider \">\n    <div class=\"prev\">\n        <svg width=\"22\" height=\"12\" viewBox=\"0 0 22 12\" fill=\"none\" xmlns=\"http:\/\/www.w3.org\/2000\/svg\">\n            <path d=\"M5.094 4.476L7.74 1.83L6.03 0.102L0.432 5.7L6.03 11.298L7.74 9.57L5.076 6.906H21.42V4.476H5.094Z\" fill=\"white\"\/>\n        <\/svg>\n    <\/div>\n    <div class=\"next\">\n        <svg width=\"22\" height=\"12\" viewBox=\"0 0 22 12\" fill=\"none\" xmlns=\"http:\/\/www.w3.org\/2000\/svg\">\n            <path d=\"M14.292 1.83L16.938 4.476H0.612V6.906H16.956L14.292 9.57L16.002 11.298L21.6 5.7L16.002 0.102L14.292 1.83Z\" fill=\"white\"\/>\n        <\/svg>\n    <\/div>\n<\/div>            <\/div>\n        <\/div>\n    <\/section>\n    ","protected":false},"excerpt":{"rendered":"<p>Il fornitore di piattaforme di mobilit\u00e0 Urban Connect e il gestore di flotte Post Company Cars hanno stretto un accordo di cooperazione per rendere pi\u00f9 sostenibile il futuro della mobilit\u00e0 aziendale. La collaborazione sottolinea l&#8217;enorme impegno di entrambi i partner nei confronti della mobilit\u00e0 sostenibile e dell&#8217;integrazione di soluzioni multimodali nelle aziende. Urban Connect, la [&hellip;]<\/p>\n","protected":false},"featured_media":5683,"parent":0,"template":"","news_category":[46],"class_list":["post-5681","news","type-news","status-publish","has-post-thumbnail","hentry","news_category-notizie"],"acf":[],"yoast_head":"<!-- This site is optimized with the Yoast SEO plugin v23.2 - https:\/\/yoast.com\/wordpress\/plugins\/seo\/ -->\n<title>Partnership strategica tra Urban Connect e Post Company Cars - Urban Connect<\/title>\n<meta name=\"robots\" content=\"index, follow, max-snippet:-1, max-image-preview:large, max-video-preview:-1\" \/>\n<link rel=\"canonical\" href=\"https:\/\/urban-connect.com\/it\/news\/strategic-partnership-between-urban-connect-and-post-company-cars\/\" \/>\n<meta property=\"og:locale\" content=\"it_IT\" \/>\n<meta property=\"og:type\" content=\"article\" \/>\n<meta property=\"og:title\" content=\"Partnership strategica tra Urban Connect e Post Company Cars - Urban Connect\" \/>\n<meta property=\"og:description\" content=\"Il fornitore di piattaforme di mobilit\u00e0 Urban Connect e il gestore di flotte Post Company Cars hanno stretto un accordo di cooperazione per rendere pi\u00f9 sostenibile il futuro della mobilit\u00e0 aziendale. La collaborazione sottolinea l&#8217;enorme impegno di entrambi i partner nei confronti della mobilit\u00e0 sostenibile e dell&#8217;integrazione di soluzioni multimodali nelle aziende. Urban Connect, la [&hellip;]\" \/>\n<meta property=\"og:url\" content=\"https:\/\/urban-connect.com\/it\/news\/strategic-partnership-between-urban-connect-and-post-company-cars\/\" \/>\n<meta property=\"og:site_name\" content=\"Urban Connect\" \/>\n<meta property=\"article:modified_time\" content=\"2024-09-19T14:58:40+00:00\" \/>\n<meta property=\"og:image\" content=\"https:\/\/urban-connect.com\/wp-content\/uploads\/2024\/06\/News-Feature-Image_post.jpg\" \/>\n\t<meta property=\"og:image:width\" content=\"1438\" \/>\n\t<meta property=\"og:image:height\" content=\"1080\" \/>\n\t<meta property=\"og:image:type\" content=\"image\/jpeg\" \/>\n<meta name=\"twitter:card\" content=\"summary_large_image\" \/>\n<meta name=\"twitter:label1\" content=\"Tempo di lettura stimato\" \/>\n\t<meta name=\"twitter:data1\" content=\"3 minuti\" \/>\n<script type=\"application\/ld+json\" class=\"yoast-schema-graph\">{\"@context\":\"https:\/\/schema.org\",\"@graph\":[{\"@type\":\"WebPage\",\"@id\":\"https:\/\/urban-connect.com\/it\/news\/strategic-partnership-between-urban-connect-and-post-company-cars\/\",\"url\":\"https:\/\/urban-connect.com\/it\/news\/strategic-partnership-between-urban-connect-and-post-company-cars\/\",\"name\":\"Partnership strategica tra Urban Connect e Post Company Cars - Urban Connect\",\"isPartOf\":{\"@id\":\"https:\/\/urban-connect.com\/it\/#website\"},\"primaryImageOfPage\":{\"@id\":\"https:\/\/urban-connect.com\/it\/news\/strategic-partnership-between-urban-connect-and-post-company-cars\/#primaryimage\"},\"image\":{\"@id\":\"https:\/\/urban-connect.com\/it\/news\/strategic-partnership-between-urban-connect-and-post-company-cars\/#primaryimage\"},\"thumbnailUrl\":\"https:\/\/urban-connect.com\/wp-content\/uploads\/2024\/06\/News-Feature-Image_post.jpg\",\"datePublished\":\"2024-06-05T08:15:36+00:00\",\"dateModified\":\"2024-09-19T14:58:40+00:00\",\"breadcrumb\":{\"@id\":\"https:\/\/urban-connect.com\/it\/news\/strategic-partnership-between-urban-connect-and-post-company-cars\/#breadcrumb\"},\"inLanguage\":\"it-IT\",\"potentialAction\":[{\"@type\":\"ReadAction\",\"target\":[\"https:\/\/urban-connect.com\/it\/news\/strategic-partnership-between-urban-connect-and-post-company-cars\/\"]}]},{\"@type\":\"ImageObject\",\"inLanguage\":\"it-IT\",\"@id\":\"https:\/\/urban-connect.com\/it\/news\/strategic-partnership-between-urban-connect-and-post-company-cars\/#primaryimage\",\"url\":\"https:\/\/urban-connect.com\/wp-content\/uploads\/2024\/06\/News-Feature-Image_post.jpg\",\"contentUrl\":\"https:\/\/urban-connect.com\/wp-content\/uploads\/2024\/06\/News-Feature-Image_post.jpg\",\"width\":1438,\"height\":1080,\"caption\":\"News Feature Image_post\"},{\"@type\":\"BreadcrumbList\",\"@id\":\"https:\/\/urban-connect.com\/it\/news\/strategic-partnership-between-urban-connect-and-post-company-cars\/#breadcrumb\",\"itemListElement\":[{\"@type\":\"ListItem\",\"position\":1,\"name\":\"Home\",\"item\":\"https:\/\/urban-connect.com\/it\/\"},{\"@type\":\"ListItem\",\"position\":2,\"name\":\"Partnership strategica tra Urban Connect e Post Company Cars\"}]},{\"@type\":\"WebSite\",\"@id\":\"https:\/\/urban-connect.com\/it\/#website\",\"url\":\"https:\/\/urban-connect.com\/it\/\",\"name\":\"Urban Connect\",\"description\":\"\",\"potentialAction\":[{\"@type\":\"SearchAction\",\"target\":{\"@type\":\"EntryPoint\",\"urlTemplate\":\"https:\/\/urban-connect.com\/it\/?s={search_term_string}\"},\"query-input\":\"required name=search_term_string\"}],\"inLanguage\":\"it-IT\"}]}<\/script>\n<!-- \/ Yoast SEO plugin. -->","yoast_head_json":{"title":"Partnership strategica tra Urban Connect e Post Company Cars - Urban Connect","robots":{"index":"index","follow":"follow","max-snippet":"max-snippet:-1","max-image-preview":"max-image-preview:large","max-video-preview":"max-video-preview:-1"},"canonical":"https:\/\/urban-connect.com\/it\/news\/strategic-partnership-between-urban-connect-and-post-company-cars\/","og_locale":"it_IT","og_type":"article","og_title":"Partnership strategica tra Urban Connect e Post Company Cars - Urban Connect","og_description":"Il fornitore di piattaforme di mobilit\u00e0 Urban Connect e il gestore di flotte Post Company Cars hanno stretto un accordo di cooperazione per rendere pi\u00f9 sostenibile il futuro della mobilit\u00e0 aziendale. La collaborazione sottolinea l&#8217;enorme impegno di entrambi i partner nei confronti della mobilit\u00e0 sostenibile e dell&#8217;integrazione di soluzioni multimodali nelle aziende. Urban Connect, la [&hellip;]","og_url":"https:\/\/urban-connect.com\/it\/news\/strategic-partnership-between-urban-connect-and-post-company-cars\/","og_site_name":"Urban Connect","article_modified_time":"2024-09-19T14:58:40+00:00","og_image":[{"width":1438,"height":1080,"url":"https:\/\/urban-connect.com\/wp-content\/uploads\/2024\/06\/News-Feature-Image_post.jpg","type":"image\/jpeg"}],"twitter_card":"summary_large_image","twitter_misc":{"Tempo di lettura stimato":"3 minuti"},"schema":{"@context":"https:\/\/schema.org","@graph":[{"@type":"WebPage","@id":"https:\/\/urban-connect.com\/it\/news\/strategic-partnership-between-urban-connect-and-post-company-cars\/","url":"https:\/\/urban-connect.com\/it\/news\/strategic-partnership-between-urban-connect-and-post-company-cars\/","name":"Partnership strategica tra Urban Connect e Post Company Cars - Urban Connect","isPartOf":{"@id":"https:\/\/urban-connect.com\/it\/#website"},"primaryImageOfPage":{"@id":"https:\/\/urban-connect.com\/it\/news\/strategic-partnership-between-urban-connect-and-post-company-cars\/#primaryimage"},"image":{"@id":"https:\/\/urban-connect.com\/it\/news\/strategic-partnership-between-urban-connect-and-post-company-cars\/#primaryimage"},"thumbnailUrl":"https:\/\/urban-connect.com\/wp-content\/uploads\/2024\/06\/News-Feature-Image_post.jpg","datePublished":"2024-06-05T08:15:36+00:00","dateModified":"2024-09-19T14:58:40+00:00","breadcrumb":{"@id":"https:\/\/urban-connect.com\/it\/news\/strategic-partnership-between-urban-connect-and-post-company-cars\/#breadcrumb"},"inLanguage":"it-IT","potentialAction":[{"@type":"ReadAction","target":["https:\/\/urban-connect.com\/it\/news\/strategic-partnership-between-urban-connect-and-post-company-cars\/"]}]},{"@type":"ImageObject","inLanguage":"it-IT","@id":"https:\/\/urban-connect.com\/it\/news\/strategic-partnership-between-urban-connect-and-post-company-cars\/#primaryimage","url":"https:\/\/urban-connect.com\/wp-content\/uploads\/2024\/06\/News-Feature-Image_post.jpg","contentUrl":"https:\/\/urban-connect.com\/wp-content\/uploads\/2024\/06\/News-Feature-Image_post.jpg","width":1438,"height":1080,"caption":"News Feature Image_post"},{"@type":"BreadcrumbList","@id":"https:\/\/urban-connect.com\/it\/news\/strategic-partnership-between-urban-connect-and-post-company-cars\/#breadcrumb","itemListElement":[{"@type":"ListItem","position":1,"name":"Home","item":"https:\/\/urban-connect.com\/it\/"},{"@type":"ListItem","position":2,"name":"Partnership strategica tra Urban Connect e Post Company Cars"}]},{"@type":"WebSite","@id":"https:\/\/urban-connect.com\/it\/#website","url":"https:\/\/urban-connect.com\/it\/","name":"Urban Connect","description":"","potentialAction":[{"@type":"SearchAction","target":{"@type":"EntryPoint","urlTemplate":"https:\/\/urban-connect.com\/it\/?s={search_term_string}"},"query-input":"required name=search_term_string"}],"inLanguage":"it-IT"}]}},"_links":{"self":[{"href":"https:\/\/urban-connect.com\/it\/wp-json\/wp\/v2\/news\/5681","targetHints":{"allow":["GET"]}}],"collection":[{"href":"https:\/\/urban-connect.com\/it\/wp-json\/wp\/v2\/news"}],"about":[{"href":"https:\/\/urban-connect.com\/it\/wp-json\/wp\/v2\/types\/news"}],"wp:featuredmedia":[{"embeddable":true,"href":"https:\/\/urban-connect.com\/it\/wp-json\/wp\/v2\/media\/5683"}],"wp:attachment":[{"href":"https:\/\/urban-connect.com\/it\/wp-json\/wp\/v2\/media?parent=5681"}],"wp:term":[{"taxonomy":"news_category","embeddable":true,"href":"https:\/\/urban-connect.com\/it\/wp-json\/wp\/v2\/news_category?post=5681"}],"curies":[{"name":"wp","href":"https:\/\/api.w.org\/{rel}","templated":true}]}}