{"id":5678,"date":"2022-05-17T11:41:00","date_gmt":"2022-05-17T11:41:00","guid":{"rendered":"https:\/\/urban-connect.com\/news\/special-e-bike-rates-for-members-of-the-eth-community\/"},"modified":"2024-09-19T14:43:05","modified_gmt":"2024-09-19T14:43:05","slug":"tariffe-speciali-per-e-bike-per-i-membri-della-comunita-eth","status":"publish","type":"news","link":"https:\/\/urban-connect.com\/it\/news\/tariffe-speciali-per-e-bike-per-i-membri-della-comunita-eth\/","title":{"rendered":"Tariffe speciali per e-bike per i membri della comunit\u00e0 ETH"},"content":{"rendered":"\n<p>Chiunque all&#8217;ETH voglia spostarsi rapidamente da un luogo all&#8217;altro pu\u00f2 noleggiare una e-bike in una delle quattro comode sedi dell&#8217;ETH di Zurigo.<\/p>\n\n\n\n<p>Il fornitore Urban Connect ha installato una flotta di 25 biciclette elettriche di alta qualit\u00e0 e una e-cargo bike nelle stazioni di quattro edifici del Politecnico di Zurigo. Le biciclette elettriche e le relative stazioni di ricarica si trovano nel campus H\u00f6nggerberg, vicino all&#8217;edificio degli uffici e dei laboratori HCI (\u201cF\u00fcnffinger dock\u201d), nel campus Zentrum, vicino all&#8217;edificio CHN (Universit\u00e4tstrasse 8-22, facilmente raggiungibile dalle fermate del tram ETH\/Universit\u00e4tsspital e Haldenbach), e vicino agli edifici ONA e Octavo dell&#8217;ETH a Zurigo-Oerlikon.<\/p>\n\n\n\n<h2 class=\"wp-block-heading\">Prenota tramite l&#8217;app<\/h2>\n\n\n\n<p>I membri della comunit\u00e0 dell&#8217;ETH che scelgono di noleggiare una di queste biciclette elettriche beneficiano di tariffe vantaggiose: pagano molto meno rispetto ai prezzi standard del mercato. Le biciclette costano 50 centesimi svizzeri all&#8217;ora e un massimo di 3 franchi svizzeri al giorno (24 ore). Le unit\u00e0 elettriche consentono di raggiungere una velocit\u00e0 media di circa 25 km\/h. A differenza dei modelli offerti da Bond, il precedente fornitore, queste biciclette non richiedono la patente per i ciclomotori.<\/p>\n\n\n\n<p>Le biciclette possono essere noleggiate tramite l&#8217;app Urban Connect completando una registrazione unica con un indirizzo e-mail ETH (nome utente ETH seguito da @ethz.ch) e un numero di carta di credito per consentire la fatturazione diretta. Poi basta selezionare una bici e partire! L&#8217;uso delle e-bike non \u00e8 limitato al campus dell&#8217;ETH: gli utenti possono anche tornare a casa. Ogni prenotazione deve iniziare e terminare presso una stazione di ricarica UrbanConnect e alcune biciclette devono essere restituite alla stessa stazione di ricarica da cui sono state prelevate (questo vale in particolare per la stazione di H\u00f6nggerberg ed \u00e8 spiegato in dettaglio nell&#8217;app).<\/p>\n\n\n\n<figure class=\"wp-block-image size-full\"><img decoding=\"async\" data-src=\"http:\/\/www.urban-connect.com\/wp-content\/uploads\/2023\/05\/17-5-22-1-980x490-1.png\" alt=\"\" class=\"wp-image-2265 lazyload\" src=\"data:image\/gif;base64,R0lGODlhAQABAAAAACH5BAEKAAEALAAAAAABAAEAAAICTAEAOw==\" \/><noscript><img decoding=\"async\" src=\"http:\/\/www.urban-connect.com\/wp-content\/uploads\/2023\/05\/17-5-22-1-980x490-1.png\" alt=\"\" class=\"wp-image-2265\"\/><\/noscript><\/figure>\n\n\n\n<h2 class=\"wp-block-heading\">Mille nuovi e-bikers entro luglio<\/h2>\n\n\n\n<p>L&#8217;obiettivo \u00e8 quello di raggiungere 1.000 utenti entro la fine di luglio, prima che le biciclette elettriche entrino idealmente a far parte delle operazioni quotidiane (ma prima dovr\u00e0 essere valutato il progetto pilota). Lo sviluppo del numero di utenti \u00e8 promettente: mentre a gennaio pi\u00f9 di 250 membri della comunit\u00e0 ETH hanno utilizzato le biciclette elettriche Urban Connect, questa cifra \u00e8 aumentata a dismisura nei mesi di marzo e aprile fino a superare i 450 utenti. A maggio, a partire da questa settimana, il numero totale di utenti \u00e8 pari a 630. Il caldo clima primaverile ha indubbiamente contribuito a questo risultato: l&#8217;utilizzo nelle giornate di sole \u00e8 superiore di circa il 25% rispetto alle giornate di vento, pioggia o neve. La domanda di e-bike \u00e8 maggiore nel campus di H\u00f6nggerberg, quindi il numero di e-bike disponibili presso l&#8217;HCI \u00e8 gi\u00e0 stato aumentato.<\/p>\n\n\n\n<h2 class=\"wp-block-heading\">Programma pilota per la mobilit\u00e0 sostenibile nel campus<\/h2>\n\n\n\n<p>L&#8217;attuale offerta di biciclette elettriche dell&#8217;ETH \u00e8 ancora in fase pilota. Il Politecnico di Zurigo ha lanciato il programma in collaborazione con il fornitore di biciclette elettriche Urban Connect dopo che Bond, il precedente fornitore, si \u00e8 ritirato dal mercato. I risultati della valutazione determineranno se l&#8217;offerta entrer\u00e0 a far parte delle attivit\u00e0 quotidiane. Da un punto di vista puramente tecnologico, l&#8217;applicazione potrebbe essere ampliata per includere altri veicoli (e-scooter, e-car, biciclette) e il trasporto pubblico e diventare un&#8217;applicazione di mobilit\u00e0 completa. L&#8217;offerta di e-bike fa parte della strategia di mobilit\u00e0 del Politecnico di Zurigo, attualmente in fase di sviluppo. Oltre alle e-bike, i membri della comunit\u00e0 dell&#8217;ETH possono anche utilizzare le biciclette \u201cPubliBike\u201d della citt\u00e0 di Zurigo.<\/p>\n\n\n\n<p>Change Mobility &#8211; Change the World<\/p>\n\n\n        <section class=\"author-block\">\n            <div class=\"container\">\n                <div class=\"left-side\">\n                    <h6 class=\"name\">Source: Eidgen\u00f6ssische Technische Hochschule Z\u00fcrich.<\/h6>\n                    <span class=\"position\"><\/span>\n                <\/div>\n                <div class=\"right-side\">\n                                            <img decoding=\"async\" \n                        class=\"image lazyload\" data-src=\"https:\/\/urban-connect.com\/wp-content\/uploads\/2023\/05\/15-3-21-5.jpeg\"\n                        data-srcset=\"https:\/\/urban-connect.com\/wp-content\/uploads\/2023\/05\/15-3-21-5.jpeg 762w, https:\/\/urban-connect.com\/wp-content\/uploads\/2023\/05\/15-3-21-5-300x300.jpeg 300w, https:\/\/urban-connect.com\/wp-content\/uploads\/2023\/05\/15-3-21-5-150x150.jpeg 150w\"\n                        data-sizes=\"(max-width: 762px) 100vw, 762px\"\n                        alt=\"Chart Image\"\n                         src=\"data:image\/gif;base64,R0lGODlhAQABAAAAACH5BAEKAAEALAAAAAABAAEAAAICTAEAOw==\" style=\"--smush-placeholder-width: 762px; --smush-placeholder-aspect-ratio: 762\/762;\"><noscript><img decoding=\"async\" \n                        class=\"image\" src=\"https:\/\/urban-connect.com\/wp-content\/uploads\/2023\/05\/15-3-21-5.jpeg\"\n                        srcset=\"https:\/\/urban-connect.com\/wp-content\/uploads\/2023\/05\/15-3-21-5.jpeg 762w, https:\/\/urban-connect.com\/wp-content\/uploads\/2023\/05\/15-3-21-5-300x300.jpeg 300w, https:\/\/urban-connect.com\/wp-content\/uploads\/2023\/05\/15-3-21-5-150x150.jpeg 150w\"\n                        sizes=\"(max-width: 762px) 100vw, 762px\"\n                        alt=\"Chart Image\"\n                        ><\/noscript>\n                                        <\/div>\n            <\/div>\n        <\/section>\n        \n\n    <section class=\"related-posts\">\n        <div class=\"container\">\n            <h4 class=\"block-title\"><\/h4>\n        <\/div>\n        <div class=\"container posts-wrap\">\n            <div class=\"swiper swiper-related-posts\">\n                <div class=\"swiper-wrapper\">\n                                            <div class=\"swiper-slide\">\n                            <div class=\"card-horizontal\">\n    <div class=\"left-side\">\n                    <a href=\"https:\/\/urban-connect.com\/it\/news\/wheels-wine-2026-unedizione-storica-che-definisce-il-futuro-della-mobilita-aziendale\/\">\n                <img decoding=\"async\" \n                    class=\"image lazyload\" data-src=\"https:\/\/urban-connect.com\/wp-content\/uploads\/2026\/03\/F06A4076-768x512.jpg\"\n                    data-srcset=\"https:\/\/urban-connect.com\/wp-content\/uploads\/2026\/03\/F06A4076-768x512.jpg 768w, https:\/\/urban-connect.com\/wp-content\/uploads\/2026\/03\/F06A4076-300x200.jpg 300w, https:\/\/urban-connect.com\/wp-content\/uploads\/2026\/03\/F06A4076-1024x683.jpg 1024w, https:\/\/urban-connect.com\/wp-content\/uploads\/2026\/03\/F06A4076-1536x1024.jpg 1536w, https:\/\/urban-connect.com\/wp-content\/uploads\/2026\/03\/F06A4076-2048x1365.jpg 2048w, https:\/\/urban-connect.com\/wp-content\/uploads\/2026\/03\/F06A4076-1620x1080.jpg 1620w\"\n                    data-sizes=\"(max-width: 768px) 100vw, 768px\"\n                    alt=\"Wheels &amp; Wine 2026 \u2013 Un\u2019edizione storica che definisce il futuro della mobilit\u00e0 aziendale\"\n                 src=\"data:image\/gif;base64,R0lGODlhAQABAAAAACH5BAEKAAEALAAAAAABAAEAAAICTAEAOw==\" style=\"--smush-placeholder-width: 768px; --smush-placeholder-aspect-ratio: 768\/512;\"><noscript><img decoding=\"async\" \n                    class=\"image\" src=\"https:\/\/urban-connect.com\/wp-content\/uploads\/2026\/03\/F06A4076-768x512.jpg\"\n                    srcset=\"https:\/\/urban-connect.com\/wp-content\/uploads\/2026\/03\/F06A4076-768x512.jpg 768w, https:\/\/urban-connect.com\/wp-content\/uploads\/2026\/03\/F06A4076-300x200.jpg 300w, https:\/\/urban-connect.com\/wp-content\/uploads\/2026\/03\/F06A4076-1024x683.jpg 1024w, https:\/\/urban-connect.com\/wp-content\/uploads\/2026\/03\/F06A4076-1536x1024.jpg 1536w, https:\/\/urban-connect.com\/wp-content\/uploads\/2026\/03\/F06A4076-2048x1365.jpg 2048w, https:\/\/urban-connect.com\/wp-content\/uploads\/2026\/03\/F06A4076-1620x1080.jpg 1620w\"\n                    sizes=\"(max-width: 768px) 100vw, 768px\"\n                    alt=\"Wheels &amp; Wine 2026 \u2013 Un\u2019edizione storica che definisce il futuro della mobilit\u00e0 aziendale\"\n                ><\/noscript>\n            <\/a>\n                <\/div>\n    <div class=\"right-side\">\n                    <a href=\"https:\/\/urban-connect.com\/it\/news\/wheels-wine-2026-unedizione-storica-che-definisce-il-futuro-della-mobilita-aziendale\/\">\n                <h6 class=\"title\">Wheels &amp; Wine 2026 \u2013 Un\u2019edizione storica che definisce il futuro della mobilit\u00e0 aziendale<\/h6>\n            <\/a>\n                        <span class=\"date\">Marzo 24, 2026 <\/span>\n            \n\t        <\/div>\n<\/div>                        <\/div>\n                                                <div class=\"swiper-slide\">\n                            <div class=\"card-horizontal\">\n    <div class=\"left-side\">\n                    <a href=\"https:\/\/urban-connect.com\/it\/news\/cosa-succedera-quando-la-ricarica-dei-veicoli-elettrici-funzionera-finalmente\/\">\n                <img decoding=\"async\" \n                    class=\"image lazyload\" data-src=\"https:\/\/urban-connect.com\/wp-content\/uploads\/2026\/03\/Zaptec-cover-3-1-768x453.png\"\n                    data-srcset=\"https:\/\/urban-connect.com\/wp-content\/uploads\/2026\/03\/Zaptec-cover-3-1-768x453.png 768w, https:\/\/urban-connect.com\/wp-content\/uploads\/2026\/03\/Zaptec-cover-3-1-300x177.png 300w, https:\/\/urban-connect.com\/wp-content\/uploads\/2026\/03\/Zaptec-cover-3-1-1024x604.png 1024w, https:\/\/urban-connect.com\/wp-content\/uploads\/2026\/03\/Zaptec-cover-3-1-1536x906.png 1536w, https:\/\/urban-connect.com\/wp-content\/uploads\/2026\/03\/Zaptec-cover-3-1-2048x1208.png 2048w, https:\/\/urban-connect.com\/wp-content\/uploads\/2026\/03\/Zaptec-cover-3-1-1831x1080.png 1831w\"\n                    data-sizes=\"(max-width: 768px) 100vw, 768px\"\n                    alt=\"Cosa succeder\u00e0 quando la ricarica dei veicoli elettrici funzioner\u00e0 finalmente?\"\n                 src=\"data:image\/gif;base64,R0lGODlhAQABAAAAACH5BAEKAAEALAAAAAABAAEAAAICTAEAOw==\" style=\"--smush-placeholder-width: 768px; --smush-placeholder-aspect-ratio: 768\/453;\"><noscript><img decoding=\"async\" \n                    class=\"image\" src=\"https:\/\/urban-connect.com\/wp-content\/uploads\/2026\/03\/Zaptec-cover-3-1-768x453.png\"\n                    srcset=\"https:\/\/urban-connect.com\/wp-content\/uploads\/2026\/03\/Zaptec-cover-3-1-768x453.png 768w, https:\/\/urban-connect.com\/wp-content\/uploads\/2026\/03\/Zaptec-cover-3-1-300x177.png 300w, https:\/\/urban-connect.com\/wp-content\/uploads\/2026\/03\/Zaptec-cover-3-1-1024x604.png 1024w, https:\/\/urban-connect.com\/wp-content\/uploads\/2026\/03\/Zaptec-cover-3-1-1536x906.png 1536w, https:\/\/urban-connect.com\/wp-content\/uploads\/2026\/03\/Zaptec-cover-3-1-2048x1208.png 2048w, https:\/\/urban-connect.com\/wp-content\/uploads\/2026\/03\/Zaptec-cover-3-1-1831x1080.png 1831w\"\n                    sizes=\"(max-width: 768px) 100vw, 768px\"\n                    alt=\"Cosa succeder\u00e0 quando la ricarica dei veicoli elettrici funzioner\u00e0 finalmente?\"\n                ><\/noscript>\n            <\/a>\n                <\/div>\n    <div class=\"right-side\">\n                    <a href=\"https:\/\/urban-connect.com\/it\/news\/cosa-succedera-quando-la-ricarica-dei-veicoli-elettrici-funzionera-finalmente\/\">\n                <h6 class=\"title\">Cosa succeder\u00e0 quando la ricarica dei veicoli elettrici funzioner\u00e0 finalmente?<\/h6>\n            <\/a>\n                        <span class=\"date\">Marzo 17, 2026 <\/span>\n            \n\t        <\/div>\n<\/div>                        <\/div>\n                                                <div class=\"swiper-slide\">\n                            <div class=\"card-horizontal\">\n    <div class=\"left-side\">\n                    <a href=\"https:\/\/urban-connect.com\/it\/news\/focus-sui-casi-di-studio-helsana-offre-a-oltre-3400-dipendenti-un-budget-di-mobilita-urban-connect-senza-alcun-problema-grazie-a-scim\/\">\n                <img decoding=\"async\" \n                    class=\"image lazyload\" data-src=\"https:\/\/urban-connect.com\/wp-content\/uploads\/2026\/02\/HELSANA-x-UC-banner-768x511.png\"\n                    data-srcset=\"https:\/\/urban-connect.com\/wp-content\/uploads\/2026\/02\/HELSANA-x-UC-banner-768x511.png 768w, https:\/\/urban-connect.com\/wp-content\/uploads\/2026\/02\/HELSANA-x-UC-banner-300x199.png 300w, https:\/\/urban-connect.com\/wp-content\/uploads\/2026\/02\/HELSANA-x-UC-banner-1024x681.png 1024w, https:\/\/urban-connect.com\/wp-content\/uploads\/2026\/02\/HELSANA-x-UC-banner-1536x1021.png 1536w, https:\/\/urban-connect.com\/wp-content\/uploads\/2026\/02\/HELSANA-x-UC-banner.png 1590w\"\n                    data-sizes=\"(max-width: 768px) 100vw, 768px\"\n                    alt=\"Focus sui casi di studio: Helsana offre a oltre 3'400 dipendenti un budget di mobilit\u00e0 Urban Connect, senza alcun problema grazie a SCIM.\"\n                 src=\"data:image\/gif;base64,R0lGODlhAQABAAAAACH5BAEKAAEALAAAAAABAAEAAAICTAEAOw==\" style=\"--smush-placeholder-width: 768px; --smush-placeholder-aspect-ratio: 768\/511;\"><noscript><img decoding=\"async\" \n                    class=\"image\" src=\"https:\/\/urban-connect.com\/wp-content\/uploads\/2026\/02\/HELSANA-x-UC-banner-768x511.png\"\n                    srcset=\"https:\/\/urban-connect.com\/wp-content\/uploads\/2026\/02\/HELSANA-x-UC-banner-768x511.png 768w, https:\/\/urban-connect.com\/wp-content\/uploads\/2026\/02\/HELSANA-x-UC-banner-300x199.png 300w, https:\/\/urban-connect.com\/wp-content\/uploads\/2026\/02\/HELSANA-x-UC-banner-1024x681.png 1024w, https:\/\/urban-connect.com\/wp-content\/uploads\/2026\/02\/HELSANA-x-UC-banner-1536x1021.png 1536w, https:\/\/urban-connect.com\/wp-content\/uploads\/2026\/02\/HELSANA-x-UC-banner.png 1590w\"\n                    sizes=\"(max-width: 768px) 100vw, 768px\"\n                    alt=\"Focus sui casi di studio: Helsana offre a oltre 3'400 dipendenti un budget di mobilit\u00e0 Urban Connect, senza alcun problema grazie a SCIM.\"\n                ><\/noscript>\n            <\/a>\n                <\/div>\n    <div class=\"right-side\">\n                    <a href=\"https:\/\/urban-connect.com\/it\/news\/focus-sui-casi-di-studio-helsana-offre-a-oltre-3400-dipendenti-un-budget-di-mobilita-urban-connect-senza-alcun-problema-grazie-a-scim\/\">\n                <h6 class=\"title\">Focus sui casi di studio: Helsana offre a oltre 3&#8217;400 dipendenti un budget di mobilit\u00e0 Urban Connect, senza alcun problema grazie a SCIM.<\/h6>\n            <\/a>\n                        <span class=\"date\">Febbraio 05, 2026 <\/span>\n            \n\t        <\/div>\n<\/div>                        <\/div>\n                                        <\/div>\n                <div class=\"btn-slider \">\n    <div class=\"prev\">\n        <svg width=\"22\" height=\"12\" viewBox=\"0 0 22 12\" fill=\"none\" xmlns=\"http:\/\/www.w3.org\/2000\/svg\">\n            <path d=\"M5.094 4.476L7.74 1.83L6.03 0.102L0.432 5.7L6.03 11.298L7.74 9.57L5.076 6.906H21.42V4.476H5.094Z\" fill=\"white\"\/>\n        <\/svg>\n    <\/div>\n    <div class=\"next\">\n        <svg width=\"22\" height=\"12\" viewBox=\"0 0 22 12\" fill=\"none\" xmlns=\"http:\/\/www.w3.org\/2000\/svg\">\n            <path d=\"M14.292 1.83L16.938 4.476H0.612V6.906H16.956L14.292 9.57L16.002 11.298L21.6 5.7L16.002 0.102L14.292 1.83Z\" fill=\"white\"\/>\n        <\/svg>\n    <\/div>\n<\/div>            <\/div>\n        <\/div>\n    <\/section>\n    ","protected":false},"excerpt":{"rendered":"<p>Chiunque all&#8217;ETH voglia spostarsi rapidamente da un luogo all&#8217;altro pu\u00f2 noleggiare una e-bike in una delle quattro comode sedi dell&#8217;ETH di Zurigo. Il fornitore Urban Connect ha installato una flotta di 25 biciclette elettriche di alta qualit\u00e0 e una e-cargo bike nelle stazioni di quattro edifici del Politecnico di Zurigo. Le biciclette elettriche e le [&hellip;]<\/p>\n","protected":false},"featured_media":5680,"parent":0,"template":"","news_category":[46],"class_list":["post-5678","news","type-news","status-publish","has-post-thumbnail","hentry","news_category-notizie"],"acf":[],"yoast_head":"<!-- This site is optimized with the Yoast SEO plugin v23.2 - https:\/\/yoast.com\/wordpress\/plugins\/seo\/ -->\n<title>Tariffe speciali per e-bike per i membri della comunit\u00e0 ETH - Urban Connect<\/title>\n<meta name=\"description\" content=\"Special rates and great offers are now available for all ETH members! Read the article for all the important information.\" \/>\n<meta name=\"robots\" content=\"index, follow, max-snippet:-1, max-image-preview:large, max-video-preview:-1\" \/>\n<link rel=\"canonical\" href=\"https:\/\/urban-connect.com\/it\/news\/tariffe-speciali-per-e-bike-per-i-membri-della-comunita-eth\/\" \/>\n<meta property=\"og:locale\" content=\"it_IT\" \/>\n<meta property=\"og:type\" content=\"article\" \/>\n<meta property=\"og:title\" content=\"Tariffe speciali per e-bike per i membri della comunit\u00e0 ETH - Urban Connect\" \/>\n<meta property=\"og:description\" content=\"Special rates and great offers are now available for all ETH members! Read the article for all the important information.\" \/>\n<meta property=\"og:url\" content=\"https:\/\/urban-connect.com\/it\/news\/tariffe-speciali-per-e-bike-per-i-membri-della-comunita-eth\/\" \/>\n<meta property=\"og:site_name\" content=\"Urban Connect\" \/>\n<meta property=\"article:modified_time\" content=\"2024-09-19T14:43:05+00:00\" \/>\n<meta property=\"og:image\" content=\"https:\/\/urban-connect.com\/wp-content\/uploads\/2022\/05\/UC-NEWS-05172022-1.jpeg\" \/>\n\t<meta property=\"og:image:width\" content=\"882\" \/>\n\t<meta property=\"og:image:height\" content=\"582\" \/>\n\t<meta property=\"og:image:type\" content=\"image\/jpeg\" \/>\n<meta name=\"twitter:card\" content=\"summary_large_image\" \/>\n<meta name=\"twitter:label1\" content=\"Tempo di lettura stimato\" \/>\n\t<meta name=\"twitter:data1\" content=\"3 minuti\" \/>\n<script type=\"application\/ld+json\" class=\"yoast-schema-graph\">{\"@context\":\"https:\/\/schema.org\",\"@graph\":[{\"@type\":\"WebPage\",\"@id\":\"https:\/\/urban-connect.com\/it\/news\/tariffe-speciali-per-e-bike-per-i-membri-della-comunita-eth\/\",\"url\":\"https:\/\/urban-connect.com\/it\/news\/tariffe-speciali-per-e-bike-per-i-membri-della-comunita-eth\/\",\"name\":\"Tariffe speciali per e-bike per i membri della comunit\u00e0 ETH - Urban Connect\",\"isPartOf\":{\"@id\":\"https:\/\/urban-connect.com\/it\/#website\"},\"primaryImageOfPage\":{\"@id\":\"https:\/\/urban-connect.com\/it\/news\/tariffe-speciali-per-e-bike-per-i-membri-della-comunita-eth\/#primaryimage\"},\"image\":{\"@id\":\"https:\/\/urban-connect.com\/it\/news\/tariffe-speciali-per-e-bike-per-i-membri-della-comunita-eth\/#primaryimage\"},\"thumbnailUrl\":\"https:\/\/urban-connect.com\/wp-content\/uploads\/2022\/05\/UC-NEWS-05172022-1.jpeg\",\"datePublished\":\"2022-05-17T11:41:00+00:00\",\"dateModified\":\"2024-09-19T14:43:05+00:00\",\"description\":\"Special rates and great offers are now available for all ETH members! Read the article for all the important information.\",\"breadcrumb\":{\"@id\":\"https:\/\/urban-connect.com\/it\/news\/tariffe-speciali-per-e-bike-per-i-membri-della-comunita-eth\/#breadcrumb\"},\"inLanguage\":\"it-IT\",\"potentialAction\":[{\"@type\":\"ReadAction\",\"target\":[\"https:\/\/urban-connect.com\/it\/news\/tariffe-speciali-per-e-bike-per-i-membri-della-comunita-eth\/\"]}]},{\"@type\":\"ImageObject\",\"inLanguage\":\"it-IT\",\"@id\":\"https:\/\/urban-connect.com\/it\/news\/tariffe-speciali-per-e-bike-per-i-membri-della-comunita-eth\/#primaryimage\",\"url\":\"https:\/\/urban-connect.com\/wp-content\/uploads\/2022\/05\/UC-NEWS-05172022-1.jpeg\",\"contentUrl\":\"https:\/\/urban-connect.com\/wp-content\/uploads\/2022\/05\/UC-NEWS-05172022-1.jpeg\",\"width\":882,\"height\":582,\"caption\":\"Urban Connect ETH Bike\"},{\"@type\":\"BreadcrumbList\",\"@id\":\"https:\/\/urban-connect.com\/it\/news\/tariffe-speciali-per-e-bike-per-i-membri-della-comunita-eth\/#breadcrumb\",\"itemListElement\":[{\"@type\":\"ListItem\",\"position\":1,\"name\":\"Home\",\"item\":\"https:\/\/urban-connect.com\/it\/\"},{\"@type\":\"ListItem\",\"position\":2,\"name\":\"Tariffe speciali per e-bike per i membri della comunit\u00e0 ETH\"}]},{\"@type\":\"WebSite\",\"@id\":\"https:\/\/urban-connect.com\/it\/#website\",\"url\":\"https:\/\/urban-connect.com\/it\/\",\"name\":\"Urban Connect\",\"description\":\"\",\"potentialAction\":[{\"@type\":\"SearchAction\",\"target\":{\"@type\":\"EntryPoint\",\"urlTemplate\":\"https:\/\/urban-connect.com\/it\/?s={search_term_string}\"},\"query-input\":\"required name=search_term_string\"}],\"inLanguage\":\"it-IT\"}]}<\/script>\n<!-- \/ Yoast SEO plugin. -->","yoast_head_json":{"title":"Tariffe speciali per e-bike per i membri della comunit\u00e0 ETH - Urban Connect","description":"Special rates and great offers are now available for all ETH members! Read the article for all the important information.","robots":{"index":"index","follow":"follow","max-snippet":"max-snippet:-1","max-image-preview":"max-image-preview:large","max-video-preview":"max-video-preview:-1"},"canonical":"https:\/\/urban-connect.com\/it\/news\/tariffe-speciali-per-e-bike-per-i-membri-della-comunita-eth\/","og_locale":"it_IT","og_type":"article","og_title":"Tariffe speciali per e-bike per i membri della comunit\u00e0 ETH - Urban Connect","og_description":"Special rates and great offers are now available for all ETH members! Read the article for all the important information.","og_url":"https:\/\/urban-connect.com\/it\/news\/tariffe-speciali-per-e-bike-per-i-membri-della-comunita-eth\/","og_site_name":"Urban Connect","article_modified_time":"2024-09-19T14:43:05+00:00","og_image":[{"width":882,"height":582,"url":"https:\/\/urban-connect.com\/wp-content\/uploads\/2022\/05\/UC-NEWS-05172022-1.jpeg","type":"image\/jpeg"}],"twitter_card":"summary_large_image","twitter_misc":{"Tempo di lettura stimato":"3 minuti"},"schema":{"@context":"https:\/\/schema.org","@graph":[{"@type":"WebPage","@id":"https:\/\/urban-connect.com\/it\/news\/tariffe-speciali-per-e-bike-per-i-membri-della-comunita-eth\/","url":"https:\/\/urban-connect.com\/it\/news\/tariffe-speciali-per-e-bike-per-i-membri-della-comunita-eth\/","name":"Tariffe speciali per e-bike per i membri della comunit\u00e0 ETH - Urban Connect","isPartOf":{"@id":"https:\/\/urban-connect.com\/it\/#website"},"primaryImageOfPage":{"@id":"https:\/\/urban-connect.com\/it\/news\/tariffe-speciali-per-e-bike-per-i-membri-della-comunita-eth\/#primaryimage"},"image":{"@id":"https:\/\/urban-connect.com\/it\/news\/tariffe-speciali-per-e-bike-per-i-membri-della-comunita-eth\/#primaryimage"},"thumbnailUrl":"https:\/\/urban-connect.com\/wp-content\/uploads\/2022\/05\/UC-NEWS-05172022-1.jpeg","datePublished":"2022-05-17T11:41:00+00:00","dateModified":"2024-09-19T14:43:05+00:00","description":"Special rates and great offers are now available for all ETH members! Read the article for all the important information.","breadcrumb":{"@id":"https:\/\/urban-connect.com\/it\/news\/tariffe-speciali-per-e-bike-per-i-membri-della-comunita-eth\/#breadcrumb"},"inLanguage":"it-IT","potentialAction":[{"@type":"ReadAction","target":["https:\/\/urban-connect.com\/it\/news\/tariffe-speciali-per-e-bike-per-i-membri-della-comunita-eth\/"]}]},{"@type":"ImageObject","inLanguage":"it-IT","@id":"https:\/\/urban-connect.com\/it\/news\/tariffe-speciali-per-e-bike-per-i-membri-della-comunita-eth\/#primaryimage","url":"https:\/\/urban-connect.com\/wp-content\/uploads\/2022\/05\/UC-NEWS-05172022-1.jpeg","contentUrl":"https:\/\/urban-connect.com\/wp-content\/uploads\/2022\/05\/UC-NEWS-05172022-1.jpeg","width":882,"height":582,"caption":"Urban Connect ETH Bike"},{"@type":"BreadcrumbList","@id":"https:\/\/urban-connect.com\/it\/news\/tariffe-speciali-per-e-bike-per-i-membri-della-comunita-eth\/#breadcrumb","itemListElement":[{"@type":"ListItem","position":1,"name":"Home","item":"https:\/\/urban-connect.com\/it\/"},{"@type":"ListItem","position":2,"name":"Tariffe speciali per e-bike per i membri della comunit\u00e0 ETH"}]},{"@type":"WebSite","@id":"https:\/\/urban-connect.com\/it\/#website","url":"https:\/\/urban-connect.com\/it\/","name":"Urban Connect","description":"","potentialAction":[{"@type":"SearchAction","target":{"@type":"EntryPoint","urlTemplate":"https:\/\/urban-connect.com\/it\/?s={search_term_string}"},"query-input":"required name=search_term_string"}],"inLanguage":"it-IT"}]}},"_links":{"self":[{"href":"https:\/\/urban-connect.com\/it\/wp-json\/wp\/v2\/news\/5678","targetHints":{"allow":["GET"]}}],"collection":[{"href":"https:\/\/urban-connect.com\/it\/wp-json\/wp\/v2\/news"}],"about":[{"href":"https:\/\/urban-connect.com\/it\/wp-json\/wp\/v2\/types\/news"}],"wp:featuredmedia":[{"embeddable":true,"href":"https:\/\/urban-connect.com\/it\/wp-json\/wp\/v2\/media\/5680"}],"wp:attachment":[{"href":"https:\/\/urban-connect.com\/it\/wp-json\/wp\/v2\/media?parent=5678"}],"wp:term":[{"taxonomy":"news_category","embeddable":true,"href":"https:\/\/urban-connect.com\/it\/wp-json\/wp\/v2\/news_category?post=5678"}],"curies":[{"name":"wp","href":"https:\/\/api.w.org\/{rel}","templated":true}]}}