{"id":5673,"date":"2024-03-27T18:43:02","date_gmt":"2024-03-27T18:43:02","guid":{"rendered":"https:\/\/urban-connect.com\/news\/save-your-ticket-for-switzerlands-largest-corporate-mobility-event-on-4th-of-april\/"},"modified":"2024-09-19T14:38:25","modified_gmt":"2024-09-19T14:38:25","slug":"risparmia-il-tuo-biglietto-per-il-piu-grande-evento-di-mobilita-aziendale-della-svizzera-il-4-aprile","status":"publish","type":"news","link":"https:\/\/urban-connect.com\/it\/news\/risparmia-il-tuo-biglietto-per-il-piu-grande-evento-di-mobilita-aziendale-della-svizzera-il-4-aprile\/","title":{"rendered":"Risparmia il tuo biglietto per il pi\u00f9 grande evento di mobilit\u00e0 aziendale della Svizzera, il 4 aprile"},"content":{"rendered":"\n<p>Siamo sulla soglia di una rivoluzione della mobilit\u00e0 aziendale. E navigare nel contesto del cambiamento pu\u00f2 essere molto impegnativo.<\/p>\n\n\n\n<p>Per questo motivo, il 4 aprile riuniremo i maggiori operatori della mobilit\u00e0 e i migliori esperti del settore per condividere i loro insegnamenti, le migliori pratiche e le scommesse future.<\/p>\n\n\n\n<p><strong>La conferenza sulla mobilit\u00e0 aziendale numero uno in Svizzera<\/strong><\/p>\n\n\n\n<p>All&#8217;evento \u201cUC Wheels &amp; Wine: The Future of Corporate Mobility\u201d esploreremo le moderne soluzioni di mobilit\u00e0 aziendale, <strong>imparando direttamente da alcuni dei pi\u00f9 grandi datori di lavoro svizzeri di successo<\/strong> come SBB, Die Post, Roche, Airpot Z\u00fcrich e Swisscom.<\/p>\n\n\n\n<p>Gli esempi pratici saranno completati dagli approfondimenti dei fornitori di mobilit\u00e0 pi\u00f9 innovativi come il produttore di EV Polestar, i fornitori di ricarica Swischarge e Zaptec, i produttori di biciclette elettriche Riese &amp; M\u00fcller e Stromer, il primo fornitore di Mobility-as-a-Service al mondo MaaS Global, il fornitore di car sharing Mobility e la piattaforma multimodale aziendale Urban Connect.<\/p>\n\n\n\n<p>Infine, gli esperti di mobilit\u00e0 di ZHAW e McKinsey &amp; Company condivideranno le loro ultime scoperte sul settore e le tendenze future da osservare.<\/p>\n\n\n\n<p>L&#8217;evento \u00e8 dedicato ai dirigenti di grandi aziende, ai responsabili delle risorse umane e ai gestori di flotte, che potranno confrontarsi con le menti che daranno forma ai viaggi aziendali di domani, dal car sharing alle moderne analisi delle flotte e oltre.<\/p>\n\n\n\n<p><strong>Connettiamoci e abbracciamo insieme l&#8217;innovazione nella mobilit\u00e0<\/strong><\/p>\n\n\n\n<p>L&#8217;evento non solo fornir\u00e0 approfondimenti sull&#8217;evoluzione del panorama della mobilit\u00e0 aziendale, ma aiuter\u00e0 anche a entrare in contatto con professionisti che la pensano allo stesso modo.<\/p>\n\n\n\n<p>Che tu sia un decisore nella tua azienda, un innovatore nel settore della mobilit\u00e0 o semplicemente curioso del futuro dei viaggi, unisciti a noi a Zurigo per un pomeriggio ricco di ispirazione il 4 aprile all&#8217;<a href=\"https:\/\/g.co\/kgs\/jPCJBYH\">Aura<\/a> di Zurigo.<\/p>\n\n\n\n<p><a href=\"https:\/\/www.tickettailor.com\/events\/urbanconnect\/1145522\"><strong>Accedi al programma completo e prenota il tuo biglietto qui!<\/strong><\/a><\/p>\n\n\n\n<p>Change Mobility &#8211; Change the World<\/p>\n\n\n        <section class=\"author-block\">\n            <div class=\"container\">\n                <div class=\"left-side\">\n                    <h6 class=\"name\">Domas Bartu\u0161evi\u010dius<\/h6>\n                    <span class=\"position\">Chief of Staff<\/span>\n                <\/div>\n                <div class=\"right-side\">\n                                            <img decoding=\"async\" \n                        class=\"image lazyload\" data-src=\"https:\/\/urban-connect.com\/wp-content\/uploads\/2024\/01\/Domas-1024x1024.jpg\"\n                        data-srcset=\"https:\/\/urban-connect.com\/wp-content\/uploads\/2024\/01\/Domas-1024x1024.jpg 1024w, https:\/\/urban-connect.com\/wp-content\/uploads\/2024\/01\/Domas-300x300.jpg 300w, https:\/\/urban-connect.com\/wp-content\/uploads\/2024\/01\/Domas-150x150.jpg 150w, https:\/\/urban-connect.com\/wp-content\/uploads\/2024\/01\/Domas-768x768.jpg 768w, https:\/\/urban-connect.com\/wp-content\/uploads\/2024\/01\/Domas-1080x1080.jpg 1080w, https:\/\/urban-connect.com\/wp-content\/uploads\/2024\/01\/Domas.jpg 1250w\"\n                        data-sizes=\"(max-width: 1024px) 100vw, 1024px\"\n                        alt=\"Chart Image\"\n                         src=\"data:image\/gif;base64,R0lGODlhAQABAAAAACH5BAEKAAEALAAAAAABAAEAAAICTAEAOw==\" style=\"--smush-placeholder-width: 1024px; --smush-placeholder-aspect-ratio: 1024\/1024;\"><noscript><img decoding=\"async\" \n                        class=\"image\" src=\"https:\/\/urban-connect.com\/wp-content\/uploads\/2024\/01\/Domas-1024x1024.jpg\"\n                        srcset=\"https:\/\/urban-connect.com\/wp-content\/uploads\/2024\/01\/Domas-1024x1024.jpg 1024w, https:\/\/urban-connect.com\/wp-content\/uploads\/2024\/01\/Domas-300x300.jpg 300w, https:\/\/urban-connect.com\/wp-content\/uploads\/2024\/01\/Domas-150x150.jpg 150w, https:\/\/urban-connect.com\/wp-content\/uploads\/2024\/01\/Domas-768x768.jpg 768w, https:\/\/urban-connect.com\/wp-content\/uploads\/2024\/01\/Domas-1080x1080.jpg 1080w, https:\/\/urban-connect.com\/wp-content\/uploads\/2024\/01\/Domas.jpg 1250w\"\n                        sizes=\"(max-width: 1024px) 100vw, 1024px\"\n                        alt=\"Chart Image\"\n                        ><\/noscript>\n                                        <\/div>\n            <\/div>\n        <\/section>\n        \n\n    <section class=\"related-posts\">\n        <div class=\"container\">\n            <h4 class=\"block-title\"><\/h4>\n        <\/div>\n        <div class=\"container posts-wrap\">\n            <div class=\"swiper swiper-related-posts\">\n                <div class=\"swiper-wrapper\">\n                                            <div class=\"swiper-slide\">\n                            <div class=\"card-horizontal\">\n    <div class=\"left-side\">\n                    <a href=\"https:\/\/urban-connect.com\/it\/news\/wheels-wine-2026-unedizione-storica-che-definisce-il-futuro-della-mobilita-aziendale\/\">\n                <img decoding=\"async\" \n                    class=\"image lazyload\" data-src=\"https:\/\/urban-connect.com\/wp-content\/uploads\/2026\/03\/F06A4076-768x512.jpg\"\n                    data-srcset=\"https:\/\/urban-connect.com\/wp-content\/uploads\/2026\/03\/F06A4076-768x512.jpg 768w, https:\/\/urban-connect.com\/wp-content\/uploads\/2026\/03\/F06A4076-300x200.jpg 300w, https:\/\/urban-connect.com\/wp-content\/uploads\/2026\/03\/F06A4076-1024x683.jpg 1024w, https:\/\/urban-connect.com\/wp-content\/uploads\/2026\/03\/F06A4076-1536x1024.jpg 1536w, https:\/\/urban-connect.com\/wp-content\/uploads\/2026\/03\/F06A4076-2048x1365.jpg 2048w, https:\/\/urban-connect.com\/wp-content\/uploads\/2026\/03\/F06A4076-1620x1080.jpg 1620w\"\n                    data-sizes=\"(max-width: 768px) 100vw, 768px\"\n                    alt=\"Wheels &amp; Wine 2026 \u2013 Un\u2019edizione storica che definisce il futuro della mobilit\u00e0 aziendale\"\n                 src=\"data:image\/gif;base64,R0lGODlhAQABAAAAACH5BAEKAAEALAAAAAABAAEAAAICTAEAOw==\" style=\"--smush-placeholder-width: 768px; --smush-placeholder-aspect-ratio: 768\/512;\"><noscript><img decoding=\"async\" \n                    class=\"image\" src=\"https:\/\/urban-connect.com\/wp-content\/uploads\/2026\/03\/F06A4076-768x512.jpg\"\n                    srcset=\"https:\/\/urban-connect.com\/wp-content\/uploads\/2026\/03\/F06A4076-768x512.jpg 768w, https:\/\/urban-connect.com\/wp-content\/uploads\/2026\/03\/F06A4076-300x200.jpg 300w, https:\/\/urban-connect.com\/wp-content\/uploads\/2026\/03\/F06A4076-1024x683.jpg 1024w, https:\/\/urban-connect.com\/wp-content\/uploads\/2026\/03\/F06A4076-1536x1024.jpg 1536w, https:\/\/urban-connect.com\/wp-content\/uploads\/2026\/03\/F06A4076-2048x1365.jpg 2048w, https:\/\/urban-connect.com\/wp-content\/uploads\/2026\/03\/F06A4076-1620x1080.jpg 1620w\"\n                    sizes=\"(max-width: 768px) 100vw, 768px\"\n                    alt=\"Wheels &amp; Wine 2026 \u2013 Un\u2019edizione storica che definisce il futuro della mobilit\u00e0 aziendale\"\n                ><\/noscript>\n            <\/a>\n                <\/div>\n    <div class=\"right-side\">\n                    <a href=\"https:\/\/urban-connect.com\/it\/news\/wheels-wine-2026-unedizione-storica-che-definisce-il-futuro-della-mobilita-aziendale\/\">\n                <h6 class=\"title\">Wheels &amp; Wine 2026 \u2013 Un\u2019edizione storica che definisce il futuro della mobilit\u00e0 aziendale<\/h6>\n            <\/a>\n                        <span class=\"date\">Marzo 24, 2026 <\/span>\n            \n\t        <\/div>\n<\/div>                        <\/div>\n                                                <div class=\"swiper-slide\">\n                            <div class=\"card-horizontal\">\n    <div class=\"left-side\">\n                    <a href=\"https:\/\/urban-connect.com\/it\/news\/cosa-succedera-quando-la-ricarica-dei-veicoli-elettrici-funzionera-finalmente\/\">\n                <img decoding=\"async\" \n                    class=\"image lazyload\" data-src=\"https:\/\/urban-connect.com\/wp-content\/uploads\/2026\/03\/Zaptec-cover-3-1-768x453.png\"\n                    data-srcset=\"https:\/\/urban-connect.com\/wp-content\/uploads\/2026\/03\/Zaptec-cover-3-1-768x453.png 768w, https:\/\/urban-connect.com\/wp-content\/uploads\/2026\/03\/Zaptec-cover-3-1-300x177.png 300w, https:\/\/urban-connect.com\/wp-content\/uploads\/2026\/03\/Zaptec-cover-3-1-1024x604.png 1024w, https:\/\/urban-connect.com\/wp-content\/uploads\/2026\/03\/Zaptec-cover-3-1-1536x906.png 1536w, https:\/\/urban-connect.com\/wp-content\/uploads\/2026\/03\/Zaptec-cover-3-1-2048x1208.png 2048w, https:\/\/urban-connect.com\/wp-content\/uploads\/2026\/03\/Zaptec-cover-3-1-1831x1080.png 1831w\"\n                    data-sizes=\"(max-width: 768px) 100vw, 768px\"\n                    alt=\"Cosa succeder\u00e0 quando la ricarica dei veicoli elettrici funzioner\u00e0 finalmente?\"\n                 src=\"data:image\/gif;base64,R0lGODlhAQABAAAAACH5BAEKAAEALAAAAAABAAEAAAICTAEAOw==\" style=\"--smush-placeholder-width: 768px; --smush-placeholder-aspect-ratio: 768\/453;\"><noscript><img decoding=\"async\" \n                    class=\"image\" src=\"https:\/\/urban-connect.com\/wp-content\/uploads\/2026\/03\/Zaptec-cover-3-1-768x453.png\"\n                    srcset=\"https:\/\/urban-connect.com\/wp-content\/uploads\/2026\/03\/Zaptec-cover-3-1-768x453.png 768w, https:\/\/urban-connect.com\/wp-content\/uploads\/2026\/03\/Zaptec-cover-3-1-300x177.png 300w, https:\/\/urban-connect.com\/wp-content\/uploads\/2026\/03\/Zaptec-cover-3-1-1024x604.png 1024w, https:\/\/urban-connect.com\/wp-content\/uploads\/2026\/03\/Zaptec-cover-3-1-1536x906.png 1536w, https:\/\/urban-connect.com\/wp-content\/uploads\/2026\/03\/Zaptec-cover-3-1-2048x1208.png 2048w, https:\/\/urban-connect.com\/wp-content\/uploads\/2026\/03\/Zaptec-cover-3-1-1831x1080.png 1831w\"\n                    sizes=\"(max-width: 768px) 100vw, 768px\"\n                    alt=\"Cosa succeder\u00e0 quando la ricarica dei veicoli elettrici funzioner\u00e0 finalmente?\"\n                ><\/noscript>\n            <\/a>\n                <\/div>\n    <div class=\"right-side\">\n                    <a href=\"https:\/\/urban-connect.com\/it\/news\/cosa-succedera-quando-la-ricarica-dei-veicoli-elettrici-funzionera-finalmente\/\">\n                <h6 class=\"title\">Cosa succeder\u00e0 quando la ricarica dei veicoli elettrici funzioner\u00e0 finalmente?<\/h6>\n            <\/a>\n                        <span class=\"date\">Marzo 17, 2026 <\/span>\n            \n\t        <\/div>\n<\/div>                        <\/div>\n                                                <div class=\"swiper-slide\">\n                            <div class=\"card-horizontal\">\n    <div class=\"left-side\">\n                    <a href=\"https:\/\/urban-connect.com\/it\/news\/focus-sui-casi-di-studio-helsana-offre-a-oltre-3400-dipendenti-un-budget-di-mobilita-urban-connect-senza-alcun-problema-grazie-a-scim\/\">\n                <img decoding=\"async\" \n                    class=\"image lazyload\" data-src=\"https:\/\/urban-connect.com\/wp-content\/uploads\/2026\/02\/HELSANA-x-UC-banner-768x511.png\"\n                    data-srcset=\"https:\/\/urban-connect.com\/wp-content\/uploads\/2026\/02\/HELSANA-x-UC-banner-768x511.png 768w, https:\/\/urban-connect.com\/wp-content\/uploads\/2026\/02\/HELSANA-x-UC-banner-300x199.png 300w, https:\/\/urban-connect.com\/wp-content\/uploads\/2026\/02\/HELSANA-x-UC-banner-1024x681.png 1024w, https:\/\/urban-connect.com\/wp-content\/uploads\/2026\/02\/HELSANA-x-UC-banner-1536x1021.png 1536w, https:\/\/urban-connect.com\/wp-content\/uploads\/2026\/02\/HELSANA-x-UC-banner.png 1590w\"\n                    data-sizes=\"(max-width: 768px) 100vw, 768px\"\n                    alt=\"Focus sui casi di studio: Helsana offre a oltre 3'400 dipendenti un budget di mobilit\u00e0 Urban Connect, senza alcun problema grazie a SCIM.\"\n                 src=\"data:image\/gif;base64,R0lGODlhAQABAAAAACH5BAEKAAEALAAAAAABAAEAAAICTAEAOw==\" style=\"--smush-placeholder-width: 768px; --smush-placeholder-aspect-ratio: 768\/511;\"><noscript><img decoding=\"async\" \n                    class=\"image\" src=\"https:\/\/urban-connect.com\/wp-content\/uploads\/2026\/02\/HELSANA-x-UC-banner-768x511.png\"\n                    srcset=\"https:\/\/urban-connect.com\/wp-content\/uploads\/2026\/02\/HELSANA-x-UC-banner-768x511.png 768w, https:\/\/urban-connect.com\/wp-content\/uploads\/2026\/02\/HELSANA-x-UC-banner-300x199.png 300w, https:\/\/urban-connect.com\/wp-content\/uploads\/2026\/02\/HELSANA-x-UC-banner-1024x681.png 1024w, https:\/\/urban-connect.com\/wp-content\/uploads\/2026\/02\/HELSANA-x-UC-banner-1536x1021.png 1536w, https:\/\/urban-connect.com\/wp-content\/uploads\/2026\/02\/HELSANA-x-UC-banner.png 1590w\"\n                    sizes=\"(max-width: 768px) 100vw, 768px\"\n                    alt=\"Focus sui casi di studio: Helsana offre a oltre 3'400 dipendenti un budget di mobilit\u00e0 Urban Connect, senza alcun problema grazie a SCIM.\"\n                ><\/noscript>\n            <\/a>\n                <\/div>\n    <div class=\"right-side\">\n                    <a href=\"https:\/\/urban-connect.com\/it\/news\/focus-sui-casi-di-studio-helsana-offre-a-oltre-3400-dipendenti-un-budget-di-mobilita-urban-connect-senza-alcun-problema-grazie-a-scim\/\">\n                <h6 class=\"title\">Focus sui casi di studio: Helsana offre a oltre 3&#8217;400 dipendenti un budget di mobilit\u00e0 Urban Connect, senza alcun problema grazie a SCIM.<\/h6>\n            <\/a>\n                        <span class=\"date\">Febbraio 05, 2026 <\/span>\n            \n\t        <\/div>\n<\/div>                        <\/div>\n                                        <\/div>\n                <div class=\"btn-slider \">\n    <div class=\"prev\">\n        <svg width=\"22\" height=\"12\" viewBox=\"0 0 22 12\" fill=\"none\" xmlns=\"http:\/\/www.w3.org\/2000\/svg\">\n            <path d=\"M5.094 4.476L7.74 1.83L6.03 0.102L0.432 5.7L6.03 11.298L7.74 9.57L5.076 6.906H21.42V4.476H5.094Z\" fill=\"white\"\/>\n        <\/svg>\n    <\/div>\n    <div class=\"next\">\n        <svg width=\"22\" height=\"12\" viewBox=\"0 0 22 12\" fill=\"none\" xmlns=\"http:\/\/www.w3.org\/2000\/svg\">\n            <path d=\"M14.292 1.83L16.938 4.476H0.612V6.906H16.956L14.292 9.57L16.002 11.298L21.6 5.7L16.002 0.102L14.292 1.83Z\" fill=\"white\"\/>\n        <\/svg>\n    <\/div>\n<\/div>            <\/div>\n        <\/div>\n    <\/section>\n    ","protected":false},"excerpt":{"rendered":"<p>Siamo sulla soglia di una rivoluzione della mobilit\u00e0 aziendale. E navigare nel contesto del cambiamento pu\u00f2 essere molto impegnativo. Per questo motivo, il 4 aprile riuniremo i maggiori operatori della mobilit\u00e0 e i migliori esperti del settore per condividere i loro insegnamenti, le migliori pratiche e le scommesse future. La conferenza sulla mobilit\u00e0 aziendale numero [&hellip;]<\/p>\n","protected":false},"featured_media":5674,"parent":0,"template":"","news_category":[48],"class_list":["post-5673","news","type-news","status-publish","has-post-thumbnail","hentry","news_category-eventi"],"acf":[],"yoast_head":"<!-- This site is optimized with the Yoast SEO plugin v23.2 - https:\/\/yoast.com\/wordpress\/plugins\/seo\/ -->\n<title>Risparmia il tuo biglietto per il pi\u00f9 grande evento di mobilit\u00e0 aziendale della Svizzera, il 4 aprile - Urban Connect<\/title>\n<meta name=\"robots\" content=\"index, follow, max-snippet:-1, max-image-preview:large, max-video-preview:-1\" \/>\n<link rel=\"canonical\" href=\"https:\/\/urban-connect.com\/it\/news\/risparmia-il-tuo-biglietto-per-il-piu-grande-evento-di-mobilita-aziendale-della-svizzera-il-4-aprile\/\" \/>\n<meta property=\"og:locale\" content=\"it_IT\" \/>\n<meta property=\"og:type\" content=\"article\" \/>\n<meta property=\"og:title\" content=\"Risparmia il tuo biglietto per il pi\u00f9 grande evento di mobilit\u00e0 aziendale della Svizzera, il 4 aprile - Urban Connect\" \/>\n<meta property=\"og:description\" content=\"Siamo sulla soglia di una rivoluzione della mobilit\u00e0 aziendale. E navigare nel contesto del cambiamento pu\u00f2 essere molto impegnativo. Per questo motivo, il 4 aprile riuniremo i maggiori operatori della mobilit\u00e0 e i migliori esperti del settore per condividere i loro insegnamenti, le migliori pratiche e le scommesse future. La conferenza sulla mobilit\u00e0 aziendale numero [&hellip;]\" \/>\n<meta property=\"og:url\" content=\"https:\/\/urban-connect.com\/it\/news\/risparmia-il-tuo-biglietto-per-il-piu-grande-evento-di-mobilita-aziendale-della-svizzera-il-4-aprile\/\" \/>\n<meta property=\"og:site_name\" content=\"Urban Connect\" \/>\n<meta property=\"article:modified_time\" content=\"2024-09-19T14:38:25+00:00\" \/>\n<meta property=\"og:image\" content=\"https:\/\/urban-connect.com\/wp-content\/uploads\/2024\/03\/Event_FeatureImage.jpg\" \/>\n\t<meta property=\"og:image:width\" content=\"1270\" \/>\n\t<meta property=\"og:image:height\" content=\"844\" \/>\n\t<meta property=\"og:image:type\" content=\"image\/jpeg\" \/>\n<meta name=\"twitter:card\" content=\"summary_large_image\" \/>\n<meta name=\"twitter:label1\" content=\"Tempo di lettura stimato\" \/>\n\t<meta name=\"twitter:data1\" content=\"2 minuti\" \/>\n<script type=\"application\/ld+json\" class=\"yoast-schema-graph\">{\"@context\":\"https:\/\/schema.org\",\"@graph\":[{\"@type\":\"WebPage\",\"@id\":\"https:\/\/urban-connect.com\/it\/news\/risparmia-il-tuo-biglietto-per-il-piu-grande-evento-di-mobilita-aziendale-della-svizzera-il-4-aprile\/\",\"url\":\"https:\/\/urban-connect.com\/it\/news\/risparmia-il-tuo-biglietto-per-il-piu-grande-evento-di-mobilita-aziendale-della-svizzera-il-4-aprile\/\",\"name\":\"Risparmia il tuo biglietto per il pi\u00f9 grande evento di mobilit\u00e0 aziendale della Svizzera, il 4 aprile - Urban Connect\",\"isPartOf\":{\"@id\":\"https:\/\/urban-connect.com\/it\/#website\"},\"primaryImageOfPage\":{\"@id\":\"https:\/\/urban-connect.com\/it\/news\/risparmia-il-tuo-biglietto-per-il-piu-grande-evento-di-mobilita-aziendale-della-svizzera-il-4-aprile\/#primaryimage\"},\"image\":{\"@id\":\"https:\/\/urban-connect.com\/it\/news\/risparmia-il-tuo-biglietto-per-il-piu-grande-evento-di-mobilita-aziendale-della-svizzera-il-4-aprile\/#primaryimage\"},\"thumbnailUrl\":\"https:\/\/urban-connect.com\/wp-content\/uploads\/2024\/03\/Event_FeatureImage.jpg\",\"datePublished\":\"2024-03-27T18:43:02+00:00\",\"dateModified\":\"2024-09-19T14:38:25+00:00\",\"breadcrumb\":{\"@id\":\"https:\/\/urban-connect.com\/it\/news\/risparmia-il-tuo-biglietto-per-il-piu-grande-evento-di-mobilita-aziendale-della-svizzera-il-4-aprile\/#breadcrumb\"},\"inLanguage\":\"it-IT\",\"potentialAction\":[{\"@type\":\"ReadAction\",\"target\":[\"https:\/\/urban-connect.com\/it\/news\/risparmia-il-tuo-biglietto-per-il-piu-grande-evento-di-mobilita-aziendale-della-svizzera-il-4-aprile\/\"]}]},{\"@type\":\"ImageObject\",\"inLanguage\":\"it-IT\",\"@id\":\"https:\/\/urban-connect.com\/it\/news\/risparmia-il-tuo-biglietto-per-il-piu-grande-evento-di-mobilita-aziendale-della-svizzera-il-4-aprile\/#primaryimage\",\"url\":\"https:\/\/urban-connect.com\/wp-content\/uploads\/2024\/03\/Event_FeatureImage.jpg\",\"contentUrl\":\"https:\/\/urban-connect.com\/wp-content\/uploads\/2024\/03\/Event_FeatureImage.jpg\",\"width\":1270,\"height\":844},{\"@type\":\"BreadcrumbList\",\"@id\":\"https:\/\/urban-connect.com\/it\/news\/risparmia-il-tuo-biglietto-per-il-piu-grande-evento-di-mobilita-aziendale-della-svizzera-il-4-aprile\/#breadcrumb\",\"itemListElement\":[{\"@type\":\"ListItem\",\"position\":1,\"name\":\"Home\",\"item\":\"https:\/\/urban-connect.com\/it\/\"},{\"@type\":\"ListItem\",\"position\":2,\"name\":\"Risparmia il tuo biglietto per il pi\u00f9 grande evento di mobilit\u00e0 aziendale della Svizzera, il 4 aprile\"}]},{\"@type\":\"WebSite\",\"@id\":\"https:\/\/urban-connect.com\/it\/#website\",\"url\":\"https:\/\/urban-connect.com\/it\/\",\"name\":\"Urban Connect\",\"description\":\"\",\"potentialAction\":[{\"@type\":\"SearchAction\",\"target\":{\"@type\":\"EntryPoint\",\"urlTemplate\":\"https:\/\/urban-connect.com\/it\/?s={search_term_string}\"},\"query-input\":\"required name=search_term_string\"}],\"inLanguage\":\"it-IT\"}]}<\/script>\n<!-- \/ Yoast SEO plugin. -->","yoast_head_json":{"title":"Risparmia il tuo biglietto per il pi\u00f9 grande evento di mobilit\u00e0 aziendale della Svizzera, il 4 aprile - Urban Connect","robots":{"index":"index","follow":"follow","max-snippet":"max-snippet:-1","max-image-preview":"max-image-preview:large","max-video-preview":"max-video-preview:-1"},"canonical":"https:\/\/urban-connect.com\/it\/news\/risparmia-il-tuo-biglietto-per-il-piu-grande-evento-di-mobilita-aziendale-della-svizzera-il-4-aprile\/","og_locale":"it_IT","og_type":"article","og_title":"Risparmia il tuo biglietto per il pi\u00f9 grande evento di mobilit\u00e0 aziendale della Svizzera, il 4 aprile - Urban Connect","og_description":"Siamo sulla soglia di una rivoluzione della mobilit\u00e0 aziendale. E navigare nel contesto del cambiamento pu\u00f2 essere molto impegnativo. Per questo motivo, il 4 aprile riuniremo i maggiori operatori della mobilit\u00e0 e i migliori esperti del settore per condividere i loro insegnamenti, le migliori pratiche e le scommesse future. La conferenza sulla mobilit\u00e0 aziendale numero [&hellip;]","og_url":"https:\/\/urban-connect.com\/it\/news\/risparmia-il-tuo-biglietto-per-il-piu-grande-evento-di-mobilita-aziendale-della-svizzera-il-4-aprile\/","og_site_name":"Urban Connect","article_modified_time":"2024-09-19T14:38:25+00:00","og_image":[{"width":1270,"height":844,"url":"https:\/\/urban-connect.com\/wp-content\/uploads\/2024\/03\/Event_FeatureImage.jpg","type":"image\/jpeg"}],"twitter_card":"summary_large_image","twitter_misc":{"Tempo di lettura stimato":"2 minuti"},"schema":{"@context":"https:\/\/schema.org","@graph":[{"@type":"WebPage","@id":"https:\/\/urban-connect.com\/it\/news\/risparmia-il-tuo-biglietto-per-il-piu-grande-evento-di-mobilita-aziendale-della-svizzera-il-4-aprile\/","url":"https:\/\/urban-connect.com\/it\/news\/risparmia-il-tuo-biglietto-per-il-piu-grande-evento-di-mobilita-aziendale-della-svizzera-il-4-aprile\/","name":"Risparmia il tuo biglietto per il pi\u00f9 grande evento di mobilit\u00e0 aziendale della Svizzera, il 4 aprile - Urban Connect","isPartOf":{"@id":"https:\/\/urban-connect.com\/it\/#website"},"primaryImageOfPage":{"@id":"https:\/\/urban-connect.com\/it\/news\/risparmia-il-tuo-biglietto-per-il-piu-grande-evento-di-mobilita-aziendale-della-svizzera-il-4-aprile\/#primaryimage"},"image":{"@id":"https:\/\/urban-connect.com\/it\/news\/risparmia-il-tuo-biglietto-per-il-piu-grande-evento-di-mobilita-aziendale-della-svizzera-il-4-aprile\/#primaryimage"},"thumbnailUrl":"https:\/\/urban-connect.com\/wp-content\/uploads\/2024\/03\/Event_FeatureImage.jpg","datePublished":"2024-03-27T18:43:02+00:00","dateModified":"2024-09-19T14:38:25+00:00","breadcrumb":{"@id":"https:\/\/urban-connect.com\/it\/news\/risparmia-il-tuo-biglietto-per-il-piu-grande-evento-di-mobilita-aziendale-della-svizzera-il-4-aprile\/#breadcrumb"},"inLanguage":"it-IT","potentialAction":[{"@type":"ReadAction","target":["https:\/\/urban-connect.com\/it\/news\/risparmia-il-tuo-biglietto-per-il-piu-grande-evento-di-mobilita-aziendale-della-svizzera-il-4-aprile\/"]}]},{"@type":"ImageObject","inLanguage":"it-IT","@id":"https:\/\/urban-connect.com\/it\/news\/risparmia-il-tuo-biglietto-per-il-piu-grande-evento-di-mobilita-aziendale-della-svizzera-il-4-aprile\/#primaryimage","url":"https:\/\/urban-connect.com\/wp-content\/uploads\/2024\/03\/Event_FeatureImage.jpg","contentUrl":"https:\/\/urban-connect.com\/wp-content\/uploads\/2024\/03\/Event_FeatureImage.jpg","width":1270,"height":844},{"@type":"BreadcrumbList","@id":"https:\/\/urban-connect.com\/it\/news\/risparmia-il-tuo-biglietto-per-il-piu-grande-evento-di-mobilita-aziendale-della-svizzera-il-4-aprile\/#breadcrumb","itemListElement":[{"@type":"ListItem","position":1,"name":"Home","item":"https:\/\/urban-connect.com\/it\/"},{"@type":"ListItem","position":2,"name":"Risparmia il tuo biglietto per il pi\u00f9 grande evento di mobilit\u00e0 aziendale della Svizzera, il 4 aprile"}]},{"@type":"WebSite","@id":"https:\/\/urban-connect.com\/it\/#website","url":"https:\/\/urban-connect.com\/it\/","name":"Urban Connect","description":"","potentialAction":[{"@type":"SearchAction","target":{"@type":"EntryPoint","urlTemplate":"https:\/\/urban-connect.com\/it\/?s={search_term_string}"},"query-input":"required name=search_term_string"}],"inLanguage":"it-IT"}]}},"_links":{"self":[{"href":"https:\/\/urban-connect.com\/it\/wp-json\/wp\/v2\/news\/5673","targetHints":{"allow":["GET"]}}],"collection":[{"href":"https:\/\/urban-connect.com\/it\/wp-json\/wp\/v2\/news"}],"about":[{"href":"https:\/\/urban-connect.com\/it\/wp-json\/wp\/v2\/types\/news"}],"wp:featuredmedia":[{"embeddable":true,"href":"https:\/\/urban-connect.com\/it\/wp-json\/wp\/v2\/media\/5674"}],"wp:attachment":[{"href":"https:\/\/urban-connect.com\/it\/wp-json\/wp\/v2\/media?parent=5673"}],"wp:term":[{"taxonomy":"news_category","embeddable":true,"href":"https:\/\/urban-connect.com\/it\/wp-json\/wp\/v2\/news_category?post=5673"}],"curies":[{"name":"wp","href":"https:\/\/api.w.org\/{rel}","templated":true}]}}