{"id":5671,"date":"2021-08-18T09:01:00","date_gmt":"2021-08-18T09:01:00","guid":{"rendered":"https:\/\/urban-connect.com\/news\/implenia-employees-share-about-their-experience-with-urban-connect\/"},"modified":"2024-09-19T14:27:30","modified_gmt":"2024-09-19T14:27:30","slug":"i-dipendenti-di-implenia-raccontano-la-loro-esperienza-con-urban-connect","status":"publish","type":"news","link":"https:\/\/urban-connect.com\/it\/news\/i-dipendenti-di-implenia-raccontano-la-loro-esperienza-con-urban-connect\/","title":{"rendered":"I dipendenti di Implenia raccontano la loro esperienza con Urban Connect"},"content":{"rendered":"\n<p>Bernadette Arbogast (consulente per la sostenibilit\u00e0 di Implenia) e Rolf Wagenbach (responsabile globale della sostenibilit\u00e0 di Implenia) raccontano in un&#8217;intervista la loro esperienza con il servizio Urban Connect.<\/p>\n\n\n\n<p><strong>Signora Arbogast, signor Wagenbach, siete entrambi responsabili della sostenibilit\u00e0 in Implenia. Quanto \u00e8 importante la sostenibilit\u00e0 nell&#8217;orientamento strategico di Implenia?<\/strong><br><br>La sostenibilit\u00e0 \u00e8 parte integrante di tutto ci\u00f2 che Implenia fa. Perch\u00e9 solo come azienda sostenibile &#8211; nei confronti dell&#8217;ambiente, della societ\u00e0 e dell&#8217;economia &#8211; siamo in grado di affrontare il futuro e quindi di avere successo a lungo termine.<\/p>\n\n\n\n<p>Abbiamo intrapreso questo percorso dal 2009, concentrando il nostro impegno su cinque aree tematiche: Prodotti e servizi sostenibili, Ambiente di lavoro attraente, Cura dell&#8217;ambiente, Cittadinanza aziendale e conformit\u00e0, Eccellenza finanziaria e operativa.<\/p>\n\n\n\n<p><strong>Perch\u00e9 sempre pi\u00f9 aziende si preoccupano della mobilit\u00e0 dei propri dipendenti?<\/strong><br><strong><br><\/strong>I trasporti sono responsabili di circa un terzo delle emissioni di CO2 in Svizzera. In quanto azienda che vuole contribuire alla riduzione dei gas serra, le questioni relative alla mobilit\u00e0 dovrebbero essere incluse di conseguenza. Inoltre, la soddisfazione dei dipendenti dipende dalle offerte di mobilit\u00e0 esistenti e, naturalmente, queste sono anche un fattore di costo.<\/p>\n\n\n\n<p><strong>Perch\u00e9 avete scelto la soluzione per biciclette ed e-bike di Urban Connect?<\/strong><br><strong><br><\/strong>Volevamo consentire ai nostri dipendenti di spostarsi tra le nostre sedi, i cantieri e gli uffici dei clienti in modo sostenibile, anche se i collegamenti con i mezzi pubblici non sono ottimali. A tal fine, volevamo una soluzione che fosse il pi\u00f9 semplice possibile da usare e che non ci creasse molto lavoro durante il funzionamento.<\/p>\n\n\n\n<p><strong>Queste aspettative sono state soddisfatte finora? In che modo Implenia ha tratto vantaggio da questa soluzione di mobilit\u00e0?<\/strong><br><br>Grazie a COVID-19, le biciclette e le e-bike non vengono utilizzate solo per le riunioni, ma talvolta anche per la pausa pranzo o per andare al lavoro. Per noi \u00e8 un effetto collaterale positivo poter fornire ai nostri dipendenti un mezzo di trasporto sicuro e confortevole anche in questo periodo.<\/p>\n\n\n\n<p><strong>Come viene accolto il servizio dai dipendenti?<\/strong><br><strong><br><\/strong>Molto bene, abbiamo ricevuto molti feedback positivi e il numero di utenti e prenotazioni \u00e8 in costante aumento. Pensiamo anche di aver reso il tema della sostenibilit\u00e0 pi\u00f9 visibile per i dipendenti nel loro lavoro quotidiano.<\/p>\n\n\n\n<p><strong>Cosa vi ha convinto di pi\u00f9 dell&#8217;offerta di Urban Connect? Perch\u00e9?<\/strong><br><strong><br><\/strong>Da un lato, la possibilit\u00e0 di \u201cprovare\u201d il servizio in un progetto pilota. Inoltre, non dobbiamo preoccuparci della gestione. Prenotazione, assistenza e manutenzione sono completamente a carico di Urban Connect. E naturalmente anche le statistiche mensili sugli utenti sono molto utili per noi.<\/p>\n\n\n\n<p><strong>La soluzione delle biciclette \u00e8 un vantaggio per la vostra azienda o \u00e8 un fattore di costo?<\/strong><br><strong><br><\/strong>Se il numero di utenti continua a crescere, vediamo la soluzione come un profitto. Promuoviamo la salute dei nostri dipendenti e, se le e-bike\/bici vengono utilizzate per i viaggi di lavoro, risparmiamo anche i costi della benzina o dei biglietti dei trasporti pubblici.<\/p>\n\n\n\n<p><strong>Quanto impegno avete profuso da quando la flotta \u00e8 in funzione?<\/strong><br><br>Pochissimo, a parte le misure di comunicazione interna per far conoscere il servizio ai nostri dipendenti, non abbiamo fatto alcuno sforzo.<\/p>\n\n\n\n<p><strong>Cosa dovete fare se una bicicletta \u00e8 difettosa?<\/strong><br><strong><br><\/strong>I dipendenti stessi possono segnalare un difetto tramite l&#8217;app o la linea diretta del servizio Urban Connect. Loro si occupano di tutto il resto.<\/p>\n\n\n\n<p><strong>I dipendenti stessi possono segnalare un difetto tramite l&#8217;app o la linea diretta del servizio Urban Connect. Poi si occuperanno di tutto il resto.<\/strong><br><br>Le biciclette elettriche vengono ricollegate alla rete elettrica dai dipendenti stessi dopo la corsa. Abbiamo affisso dei piccoli poster presso la stazione di ricarica per ricordarlo ai dipendenti. Finora tutto funziona senza problemi.<\/p>\n\n\n\n<p><strong>A quali aziende consiglierebbe il servizio di mobilit\u00e0 Urban Connect?<\/strong><br><strong><br><\/strong>Alle aziende che vogliono promuovere la mobilit\u00e0 sostenibile tra i propri dipendenti senza grandi sforzi amministrativi.<\/p>\n\n\n\n<p>Fonte: Citt\u00e0 di Zurigo. Dipartimento Tiefbau- und Entsorgungs.<\/p>\n\n\n\n<p>Change Mobility &#8211; Change the World<\/p>\n\n\n    <section class=\"related-posts\">\n        <div class=\"container\">\n            <h4 class=\"block-title\"><\/h4>\n        <\/div>\n        <div class=\"container posts-wrap\">\n            <div class=\"swiper swiper-related-posts\">\n                <div class=\"swiper-wrapper\">\n                                            <div class=\"swiper-slide\">\n                            <div class=\"card-horizontal\">\n    <div class=\"left-side\">\n                    <a href=\"https:\/\/urban-connect.com\/it\/news\/wheels-wine-2026-unedizione-storica-che-definisce-il-futuro-della-mobilita-aziendale\/\">\n                <img decoding=\"async\" \n                    class=\"image lazyload\" data-src=\"https:\/\/urban-connect.com\/wp-content\/uploads\/2026\/03\/F06A4076-768x512.jpg\"\n                    data-srcset=\"https:\/\/urban-connect.com\/wp-content\/uploads\/2026\/03\/F06A4076-768x512.jpg 768w, https:\/\/urban-connect.com\/wp-content\/uploads\/2026\/03\/F06A4076-300x200.jpg 300w, https:\/\/urban-connect.com\/wp-content\/uploads\/2026\/03\/F06A4076-1024x683.jpg 1024w, https:\/\/urban-connect.com\/wp-content\/uploads\/2026\/03\/F06A4076-1536x1024.jpg 1536w, https:\/\/urban-connect.com\/wp-content\/uploads\/2026\/03\/F06A4076-2048x1365.jpg 2048w, https:\/\/urban-connect.com\/wp-content\/uploads\/2026\/03\/F06A4076-1620x1080.jpg 1620w\"\n                    data-sizes=\"(max-width: 768px) 100vw, 768px\"\n                    alt=\"Wheels &amp; Wine 2026 \u2013 Un\u2019edizione storica che definisce il futuro della mobilit\u00e0 aziendale\"\n                 src=\"data:image\/gif;base64,R0lGODlhAQABAAAAACH5BAEKAAEALAAAAAABAAEAAAICTAEAOw==\" style=\"--smush-placeholder-width: 768px; --smush-placeholder-aspect-ratio: 768\/512;\"><noscript><img decoding=\"async\" \n                    class=\"image\" src=\"https:\/\/urban-connect.com\/wp-content\/uploads\/2026\/03\/F06A4076-768x512.jpg\"\n                    srcset=\"https:\/\/urban-connect.com\/wp-content\/uploads\/2026\/03\/F06A4076-768x512.jpg 768w, https:\/\/urban-connect.com\/wp-content\/uploads\/2026\/03\/F06A4076-300x200.jpg 300w, https:\/\/urban-connect.com\/wp-content\/uploads\/2026\/03\/F06A4076-1024x683.jpg 1024w, https:\/\/urban-connect.com\/wp-content\/uploads\/2026\/03\/F06A4076-1536x1024.jpg 1536w, https:\/\/urban-connect.com\/wp-content\/uploads\/2026\/03\/F06A4076-2048x1365.jpg 2048w, https:\/\/urban-connect.com\/wp-content\/uploads\/2026\/03\/F06A4076-1620x1080.jpg 1620w\"\n                    sizes=\"(max-width: 768px) 100vw, 768px\"\n                    alt=\"Wheels &amp; Wine 2026 \u2013 Un\u2019edizione storica che definisce il futuro della mobilit\u00e0 aziendale\"\n                ><\/noscript>\n            <\/a>\n                <\/div>\n    <div class=\"right-side\">\n                    <a href=\"https:\/\/urban-connect.com\/it\/news\/wheels-wine-2026-unedizione-storica-che-definisce-il-futuro-della-mobilita-aziendale\/\">\n                <h6 class=\"title\">Wheels &amp; Wine 2026 \u2013 Un\u2019edizione storica che definisce il futuro della mobilit\u00e0 aziendale<\/h6>\n            <\/a>\n                        <span class=\"date\">Marzo 24, 2026 <\/span>\n            \n\t        <\/div>\n<\/div>                        <\/div>\n                                                <div class=\"swiper-slide\">\n                            <div class=\"card-horizontal\">\n    <div class=\"left-side\">\n                    <a href=\"https:\/\/urban-connect.com\/it\/news\/cosa-succedera-quando-la-ricarica-dei-veicoli-elettrici-funzionera-finalmente\/\">\n                <img decoding=\"async\" \n                    class=\"image lazyload\" data-src=\"https:\/\/urban-connect.com\/wp-content\/uploads\/2026\/03\/Zaptec-cover-3-1-768x453.png\"\n                    data-srcset=\"https:\/\/urban-connect.com\/wp-content\/uploads\/2026\/03\/Zaptec-cover-3-1-768x453.png 768w, https:\/\/urban-connect.com\/wp-content\/uploads\/2026\/03\/Zaptec-cover-3-1-300x177.png 300w, https:\/\/urban-connect.com\/wp-content\/uploads\/2026\/03\/Zaptec-cover-3-1-1024x604.png 1024w, https:\/\/urban-connect.com\/wp-content\/uploads\/2026\/03\/Zaptec-cover-3-1-1536x906.png 1536w, https:\/\/urban-connect.com\/wp-content\/uploads\/2026\/03\/Zaptec-cover-3-1-2048x1208.png 2048w, https:\/\/urban-connect.com\/wp-content\/uploads\/2026\/03\/Zaptec-cover-3-1-1831x1080.png 1831w\"\n                    data-sizes=\"(max-width: 768px) 100vw, 768px\"\n                    alt=\"Cosa succeder\u00e0 quando la ricarica dei veicoli elettrici funzioner\u00e0 finalmente?\"\n                 src=\"data:image\/gif;base64,R0lGODlhAQABAAAAACH5BAEKAAEALAAAAAABAAEAAAICTAEAOw==\" style=\"--smush-placeholder-width: 768px; --smush-placeholder-aspect-ratio: 768\/453;\"><noscript><img decoding=\"async\" \n                    class=\"image\" src=\"https:\/\/urban-connect.com\/wp-content\/uploads\/2026\/03\/Zaptec-cover-3-1-768x453.png\"\n                    srcset=\"https:\/\/urban-connect.com\/wp-content\/uploads\/2026\/03\/Zaptec-cover-3-1-768x453.png 768w, https:\/\/urban-connect.com\/wp-content\/uploads\/2026\/03\/Zaptec-cover-3-1-300x177.png 300w, https:\/\/urban-connect.com\/wp-content\/uploads\/2026\/03\/Zaptec-cover-3-1-1024x604.png 1024w, https:\/\/urban-connect.com\/wp-content\/uploads\/2026\/03\/Zaptec-cover-3-1-1536x906.png 1536w, https:\/\/urban-connect.com\/wp-content\/uploads\/2026\/03\/Zaptec-cover-3-1-2048x1208.png 2048w, https:\/\/urban-connect.com\/wp-content\/uploads\/2026\/03\/Zaptec-cover-3-1-1831x1080.png 1831w\"\n                    sizes=\"(max-width: 768px) 100vw, 768px\"\n                    alt=\"Cosa succeder\u00e0 quando la ricarica dei veicoli elettrici funzioner\u00e0 finalmente?\"\n                ><\/noscript>\n            <\/a>\n                <\/div>\n    <div class=\"right-side\">\n                    <a href=\"https:\/\/urban-connect.com\/it\/news\/cosa-succedera-quando-la-ricarica-dei-veicoli-elettrici-funzionera-finalmente\/\">\n                <h6 class=\"title\">Cosa succeder\u00e0 quando la ricarica dei veicoli elettrici funzioner\u00e0 finalmente?<\/h6>\n            <\/a>\n                        <span class=\"date\">Marzo 17, 2026 <\/span>\n            \n\t        <\/div>\n<\/div>                        <\/div>\n                                                <div class=\"swiper-slide\">\n                            <div class=\"card-horizontal\">\n    <div class=\"left-side\">\n                    <a href=\"https:\/\/urban-connect.com\/it\/news\/focus-sui-casi-di-studio-helsana-offre-a-oltre-3400-dipendenti-un-budget-di-mobilita-urban-connect-senza-alcun-problema-grazie-a-scim\/\">\n                <img decoding=\"async\" \n                    class=\"image lazyload\" data-src=\"https:\/\/urban-connect.com\/wp-content\/uploads\/2026\/02\/HELSANA-x-UC-banner-768x511.png\"\n                    data-srcset=\"https:\/\/urban-connect.com\/wp-content\/uploads\/2026\/02\/HELSANA-x-UC-banner-768x511.png 768w, https:\/\/urban-connect.com\/wp-content\/uploads\/2026\/02\/HELSANA-x-UC-banner-300x199.png 300w, https:\/\/urban-connect.com\/wp-content\/uploads\/2026\/02\/HELSANA-x-UC-banner-1024x681.png 1024w, https:\/\/urban-connect.com\/wp-content\/uploads\/2026\/02\/HELSANA-x-UC-banner-1536x1021.png 1536w, https:\/\/urban-connect.com\/wp-content\/uploads\/2026\/02\/HELSANA-x-UC-banner.png 1590w\"\n                    data-sizes=\"(max-width: 768px) 100vw, 768px\"\n                    alt=\"Focus sui casi di studio: Helsana offre a oltre 3'400 dipendenti un budget di mobilit\u00e0 Urban Connect, senza alcun problema grazie a SCIM.\"\n                 src=\"data:image\/gif;base64,R0lGODlhAQABAAAAACH5BAEKAAEALAAAAAABAAEAAAICTAEAOw==\" style=\"--smush-placeholder-width: 768px; --smush-placeholder-aspect-ratio: 768\/511;\"><noscript><img decoding=\"async\" \n                    class=\"image\" src=\"https:\/\/urban-connect.com\/wp-content\/uploads\/2026\/02\/HELSANA-x-UC-banner-768x511.png\"\n                    srcset=\"https:\/\/urban-connect.com\/wp-content\/uploads\/2026\/02\/HELSANA-x-UC-banner-768x511.png 768w, https:\/\/urban-connect.com\/wp-content\/uploads\/2026\/02\/HELSANA-x-UC-banner-300x199.png 300w, https:\/\/urban-connect.com\/wp-content\/uploads\/2026\/02\/HELSANA-x-UC-banner-1024x681.png 1024w, https:\/\/urban-connect.com\/wp-content\/uploads\/2026\/02\/HELSANA-x-UC-banner-1536x1021.png 1536w, https:\/\/urban-connect.com\/wp-content\/uploads\/2026\/02\/HELSANA-x-UC-banner.png 1590w\"\n                    sizes=\"(max-width: 768px) 100vw, 768px\"\n                    alt=\"Focus sui casi di studio: Helsana offre a oltre 3'400 dipendenti un budget di mobilit\u00e0 Urban Connect, senza alcun problema grazie a SCIM.\"\n                ><\/noscript>\n            <\/a>\n                <\/div>\n    <div class=\"right-side\">\n                    <a href=\"https:\/\/urban-connect.com\/it\/news\/focus-sui-casi-di-studio-helsana-offre-a-oltre-3400-dipendenti-un-budget-di-mobilita-urban-connect-senza-alcun-problema-grazie-a-scim\/\">\n                <h6 class=\"title\">Focus sui casi di studio: Helsana offre a oltre 3&#8217;400 dipendenti un budget di mobilit\u00e0 Urban Connect, senza alcun problema grazie a SCIM.<\/h6>\n            <\/a>\n                        <span class=\"date\">Febbraio 05, 2026 <\/span>\n            \n\t        <\/div>\n<\/div>                        <\/div>\n                                        <\/div>\n                <div class=\"btn-slider \">\n    <div class=\"prev\">\n        <svg width=\"22\" height=\"12\" viewBox=\"0 0 22 12\" fill=\"none\" xmlns=\"http:\/\/www.w3.org\/2000\/svg\">\n            <path d=\"M5.094 4.476L7.74 1.83L6.03 0.102L0.432 5.7L6.03 11.298L7.74 9.57L5.076 6.906H21.42V4.476H5.094Z\" fill=\"white\"\/>\n        <\/svg>\n    <\/div>\n    <div class=\"next\">\n        <svg width=\"22\" height=\"12\" viewBox=\"0 0 22 12\" fill=\"none\" xmlns=\"http:\/\/www.w3.org\/2000\/svg\">\n            <path d=\"M14.292 1.83L16.938 4.476H0.612V6.906H16.956L14.292 9.57L16.002 11.298L21.6 5.7L16.002 0.102L14.292 1.83Z\" fill=\"white\"\/>\n        <\/svg>\n    <\/div>\n<\/div>            <\/div>\n        <\/div>\n    <\/section>\n    ","protected":false},"excerpt":{"rendered":"<p>Bernadette Arbogast (consulente per la sostenibilit\u00e0 di Implenia) e Rolf Wagenbach (responsabile globale della sostenibilit\u00e0 di Implenia) raccontano in un&#8217;intervista la loro esperienza con il servizio Urban Connect. Signora Arbogast, signor Wagenbach, siete entrambi responsabili della sostenibilit\u00e0 in Implenia. Quanto \u00e8 importante la sostenibilit\u00e0 nell&#8217;orientamento strategico di Implenia? La sostenibilit\u00e0 \u00e8 parte integrante di tutto [&hellip;]<\/p>\n","protected":false},"featured_media":6155,"parent":0,"template":"","news_category":[47],"class_list":["post-5671","news","type-news","status-publish","has-post-thumbnail","hentry","news_category-libri-bianchi"],"acf":[],"yoast_head":"<!-- This site is optimized with the Yoast SEO plugin v23.2 - https:\/\/yoast.com\/wordpress\/plugins\/seo\/ -->\n<title>Implenia Employees share their experiences with Urban Connect<\/title>\n<meta name=\"description\" content=\"employees share how they and the company benefit from the offerings of Urban Connect. Read this article to get fascinating insights.\" \/>\n<meta name=\"robots\" content=\"index, follow, max-snippet:-1, max-image-preview:large, max-video-preview:-1\" \/>\n<link rel=\"canonical\" href=\"https:\/\/urban-connect.com\/it\/news\/i-dipendenti-di-implenia-raccontano-la-loro-esperienza-con-urban-connect\/\" \/>\n<meta property=\"og:locale\" content=\"it_IT\" \/>\n<meta property=\"og:type\" content=\"article\" \/>\n<meta property=\"og:title\" content=\"Implenia Employees share their experiences with Urban Connect\" \/>\n<meta property=\"og:description\" content=\"employees share how they and the company benefit from the offerings of Urban Connect. Read this article to get fascinating insights.\" \/>\n<meta property=\"og:url\" content=\"https:\/\/urban-connect.com\/it\/news\/i-dipendenti-di-implenia-raccontano-la-loro-esperienza-con-urban-connect\/\" \/>\n<meta property=\"og:site_name\" content=\"Urban Connect\" \/>\n<meta property=\"article:modified_time\" content=\"2024-09-19T14:27:30+00:00\" \/>\n<meta property=\"og:image\" content=\"https:\/\/urban-connect.com\/wp-content\/uploads\/2024\/07\/UC-Implenia-article.jpg\" \/>\n\t<meta property=\"og:image:width\" content=\"800\" \/>\n\t<meta property=\"og:image:height\" content=\"541\" \/>\n\t<meta property=\"og:image:type\" content=\"image\/jpeg\" \/>\n<meta name=\"twitter:card\" content=\"summary_large_image\" \/>\n<meta name=\"twitter:label1\" content=\"Tempo di lettura stimato\" \/>\n\t<meta name=\"twitter:data1\" content=\"3 minuti\" \/>\n<script type=\"application\/ld+json\" class=\"yoast-schema-graph\">{\"@context\":\"https:\/\/schema.org\",\"@graph\":[{\"@type\":\"WebPage\",\"@id\":\"https:\/\/urban-connect.com\/it\/news\/i-dipendenti-di-implenia-raccontano-la-loro-esperienza-con-urban-connect\/\",\"url\":\"https:\/\/urban-connect.com\/it\/news\/i-dipendenti-di-implenia-raccontano-la-loro-esperienza-con-urban-connect\/\",\"name\":\"Implenia Employees share their experiences with Urban Connect\",\"isPartOf\":{\"@id\":\"https:\/\/urban-connect.com\/it\/#website\"},\"primaryImageOfPage\":{\"@id\":\"https:\/\/urban-connect.com\/it\/news\/i-dipendenti-di-implenia-raccontano-la-loro-esperienza-con-urban-connect\/#primaryimage\"},\"image\":{\"@id\":\"https:\/\/urban-connect.com\/it\/news\/i-dipendenti-di-implenia-raccontano-la-loro-esperienza-con-urban-connect\/#primaryimage\"},\"thumbnailUrl\":\"https:\/\/urban-connect.com\/wp-content\/uploads\/2024\/07\/UC-Implenia-article.jpg\",\"datePublished\":\"2021-08-18T09:01:00+00:00\",\"dateModified\":\"2024-09-19T14:27:30+00:00\",\"description\":\"employees share how they and the company benefit from the offerings of Urban Connect. Read this article to get fascinating insights.\",\"breadcrumb\":{\"@id\":\"https:\/\/urban-connect.com\/it\/news\/i-dipendenti-di-implenia-raccontano-la-loro-esperienza-con-urban-connect\/#breadcrumb\"},\"inLanguage\":\"it-IT\",\"potentialAction\":[{\"@type\":\"ReadAction\",\"target\":[\"https:\/\/urban-connect.com\/it\/news\/i-dipendenti-di-implenia-raccontano-la-loro-esperienza-con-urban-connect\/\"]}]},{\"@type\":\"ImageObject\",\"inLanguage\":\"it-IT\",\"@id\":\"https:\/\/urban-connect.com\/it\/news\/i-dipendenti-di-implenia-raccontano-la-loro-esperienza-con-urban-connect\/#primaryimage\",\"url\":\"https:\/\/urban-connect.com\/wp-content\/uploads\/2024\/07\/UC-Implenia-article.jpg\",\"contentUrl\":\"https:\/\/urban-connect.com\/wp-content\/uploads\/2024\/07\/UC-Implenia-article.jpg\",\"width\":800,\"height\":541,\"caption\":\"Implenia employee\"},{\"@type\":\"BreadcrumbList\",\"@id\":\"https:\/\/urban-connect.com\/it\/news\/i-dipendenti-di-implenia-raccontano-la-loro-esperienza-con-urban-connect\/#breadcrumb\",\"itemListElement\":[{\"@type\":\"ListItem\",\"position\":1,\"name\":\"Home\",\"item\":\"https:\/\/urban-connect.com\/it\/\"},{\"@type\":\"ListItem\",\"position\":2,\"name\":\"I dipendenti di Implenia raccontano la loro esperienza con Urban Connect\"}]},{\"@type\":\"WebSite\",\"@id\":\"https:\/\/urban-connect.com\/it\/#website\",\"url\":\"https:\/\/urban-connect.com\/it\/\",\"name\":\"Urban Connect\",\"description\":\"\",\"potentialAction\":[{\"@type\":\"SearchAction\",\"target\":{\"@type\":\"EntryPoint\",\"urlTemplate\":\"https:\/\/urban-connect.com\/it\/?s={search_term_string}\"},\"query-input\":\"required name=search_term_string\"}],\"inLanguage\":\"it-IT\"}]}<\/script>\n<!-- \/ Yoast SEO plugin. -->","yoast_head_json":{"title":"Implenia Employees share their experiences with Urban Connect","description":"employees share how they and the company benefit from the offerings of Urban Connect. Read this article to get fascinating insights.","robots":{"index":"index","follow":"follow","max-snippet":"max-snippet:-1","max-image-preview":"max-image-preview:large","max-video-preview":"max-video-preview:-1"},"canonical":"https:\/\/urban-connect.com\/it\/news\/i-dipendenti-di-implenia-raccontano-la-loro-esperienza-con-urban-connect\/","og_locale":"it_IT","og_type":"article","og_title":"Implenia Employees share their experiences with Urban Connect","og_description":"employees share how they and the company benefit from the offerings of Urban Connect. Read this article to get fascinating insights.","og_url":"https:\/\/urban-connect.com\/it\/news\/i-dipendenti-di-implenia-raccontano-la-loro-esperienza-con-urban-connect\/","og_site_name":"Urban Connect","article_modified_time":"2024-09-19T14:27:30+00:00","og_image":[{"width":800,"height":541,"url":"https:\/\/urban-connect.com\/wp-content\/uploads\/2024\/07\/UC-Implenia-article.jpg","type":"image\/jpeg"}],"twitter_card":"summary_large_image","twitter_misc":{"Tempo di lettura stimato":"3 minuti"},"schema":{"@context":"https:\/\/schema.org","@graph":[{"@type":"WebPage","@id":"https:\/\/urban-connect.com\/it\/news\/i-dipendenti-di-implenia-raccontano-la-loro-esperienza-con-urban-connect\/","url":"https:\/\/urban-connect.com\/it\/news\/i-dipendenti-di-implenia-raccontano-la-loro-esperienza-con-urban-connect\/","name":"Implenia Employees share their experiences with Urban Connect","isPartOf":{"@id":"https:\/\/urban-connect.com\/it\/#website"},"primaryImageOfPage":{"@id":"https:\/\/urban-connect.com\/it\/news\/i-dipendenti-di-implenia-raccontano-la-loro-esperienza-con-urban-connect\/#primaryimage"},"image":{"@id":"https:\/\/urban-connect.com\/it\/news\/i-dipendenti-di-implenia-raccontano-la-loro-esperienza-con-urban-connect\/#primaryimage"},"thumbnailUrl":"https:\/\/urban-connect.com\/wp-content\/uploads\/2024\/07\/UC-Implenia-article.jpg","datePublished":"2021-08-18T09:01:00+00:00","dateModified":"2024-09-19T14:27:30+00:00","description":"employees share how they and the company benefit from the offerings of Urban Connect. Read this article to get fascinating insights.","breadcrumb":{"@id":"https:\/\/urban-connect.com\/it\/news\/i-dipendenti-di-implenia-raccontano-la-loro-esperienza-con-urban-connect\/#breadcrumb"},"inLanguage":"it-IT","potentialAction":[{"@type":"ReadAction","target":["https:\/\/urban-connect.com\/it\/news\/i-dipendenti-di-implenia-raccontano-la-loro-esperienza-con-urban-connect\/"]}]},{"@type":"ImageObject","inLanguage":"it-IT","@id":"https:\/\/urban-connect.com\/it\/news\/i-dipendenti-di-implenia-raccontano-la-loro-esperienza-con-urban-connect\/#primaryimage","url":"https:\/\/urban-connect.com\/wp-content\/uploads\/2024\/07\/UC-Implenia-article.jpg","contentUrl":"https:\/\/urban-connect.com\/wp-content\/uploads\/2024\/07\/UC-Implenia-article.jpg","width":800,"height":541,"caption":"Implenia employee"},{"@type":"BreadcrumbList","@id":"https:\/\/urban-connect.com\/it\/news\/i-dipendenti-di-implenia-raccontano-la-loro-esperienza-con-urban-connect\/#breadcrumb","itemListElement":[{"@type":"ListItem","position":1,"name":"Home","item":"https:\/\/urban-connect.com\/it\/"},{"@type":"ListItem","position":2,"name":"I dipendenti di Implenia raccontano la loro esperienza con Urban Connect"}]},{"@type":"WebSite","@id":"https:\/\/urban-connect.com\/it\/#website","url":"https:\/\/urban-connect.com\/it\/","name":"Urban Connect","description":"","potentialAction":[{"@type":"SearchAction","target":{"@type":"EntryPoint","urlTemplate":"https:\/\/urban-connect.com\/it\/?s={search_term_string}"},"query-input":"required name=search_term_string"}],"inLanguage":"it-IT"}]}},"_links":{"self":[{"href":"https:\/\/urban-connect.com\/it\/wp-json\/wp\/v2\/news\/5671","targetHints":{"allow":["GET"]}}],"collection":[{"href":"https:\/\/urban-connect.com\/it\/wp-json\/wp\/v2\/news"}],"about":[{"href":"https:\/\/urban-connect.com\/it\/wp-json\/wp\/v2\/types\/news"}],"wp:featuredmedia":[{"embeddable":true,"href":"https:\/\/urban-connect.com\/it\/wp-json\/wp\/v2\/media\/6155"}],"wp:attachment":[{"href":"https:\/\/urban-connect.com\/it\/wp-json\/wp\/v2\/media?parent=5671"}],"wp:term":[{"taxonomy":"news_category","embeddable":true,"href":"https:\/\/urban-connect.com\/it\/wp-json\/wp\/v2\/news_category?post=5671"}],"curies":[{"name":"wp","href":"https:\/\/api.w.org\/{rel}","templated":true}]}}