{"id":5665,"date":"2022-09-19T11:47:00","date_gmt":"2022-09-19T11:47:00","guid":{"rendered":"https:\/\/urban-connect.com\/news\/corporate-mobility-as-the-key-to-a-traffic-turnaround\/"},"modified":"2025-01-29T10:32:54","modified_gmt":"2025-01-29T10:32:54","slug":"la-mobilita-aziendale-come-chiave-di-svolta-per-il-traffico","status":"publish","type":"news","link":"https:\/\/urban-connect.com\/it\/news\/la-mobilita-aziendale-come-chiave-di-svolta-per-il-traffico\/","title":{"rendered":"La mobilit\u00e0 aziendale come chiave di svolta per il traffico"},"content":{"rendered":"\n<p>Il termine \u201csvolta della mobilit\u00e0\u201d \u00e8 sulla bocca di tutti. Le citt\u00e0 lottano contro la congestione del traffico e sempre pi\u00f9 spesso si chiede loro di avviare una politica di trasporto \u201cnet zero\u201d. Ma queste iniziative sono giustificate. Il 39% delle emissioni totali di gas a effetto serra in Svizzera deriva dai trasporti e il 69% \u00e8 attribuito ai veicoli passeggeri <a href=\"https:\/\/www.bfs.admin.ch\/bfs\/de\/home\/statistiken\/mobilitaet-verkehr\/unfaelle-umweltauswirkungen\/umweltauswirkungen.html\" target=\"_blank\" rel=\"noreferrer noopener\">[1]<\/a>. I trasporti sono il principale responsabile delle emissioni di CO2 nella maggior parte dei Paesi sviluppati <a href=\"https:\/\/www.weforum.org\/agenda\/2021\/11\/global-transport-carbon-emissions-decarbonise\/\" target=\"_blank\" rel=\"noreferrer noopener\">[2]<\/a>. Inoltre, dal 1990 le emissioni del settore dei trasporti sono aumentate di oltre il 33% nell&#8217;UE <a href=\"https:\/\/www.eea.europa.eu\/\/publications\/transport-and-environment-report-2021\">[3]<\/a> e del 79% a livello globale <a href=\"https:\/\/ourworldindata.org\/emissions-by-sector\">[4]<\/a>. Pertanto, la decarbonizzazione dei trasporti diventer\u00e0 probabilmente il principio economico fondamentale del futuro.<\/p>\n\n\n\n<h2 class=\"wp-block-heading\"><strong>La stagnazione degli ingorghi<\/strong><\/h2>\n\n\n\n<p>Ma il cambiamento raramente \u00e8 facile. L&#8217;automobile \u00e8 diventata da tempo un simbolo potente della nostra individualit\u00e0, della nostra autodeterminazione e persino della nostra cultura industriale. Per questo motivo, le discussioni su un&#8217;inversione di tendenza del traffico sono di solito dibattute in modo particolarmente emotivo. Proprio per questo motivo, vale la pena di dare un&#8217;occhiata ai fatti: In media, in Svizzera un&#8217;auto rimane inattiva per 23 ore al giorno <a href=\"https:\/\/www.nzz.ch\/mobilitaet\/hsg-experten-herrmann-und-stackmann-zur-mobilitaet-der-zukunft-ld.1703651\">[5]<\/a>. Ci\u00f2 corrisponde a un tasso di utilizzo di appena il 4%. Inoltre, anche quando si guida, di solito sono occupati solo 1,6 posti a sedere <a href=\"https:\/\/www.bfs.admin.ch\/bfs\/de\/home\/statistiken\/mobilitaet-verkehr\/personenverkehr\/verkehrsverhalten.html\">[6]<\/a>, il che si traduce in un tasso di utilizzo della guida pari solo al 32%. Combinando questi due dati, si ottiene un tasso di utilizzo dei sedili di appena l&#8217;1,3%. Si tratta di un tasso di utilizzo catastrofico che dimostra una grande inefficienza e quindi una grande opportunit\u00e0.<\/p>\n\n\n\n<p>Per questo motivo, molte citt\u00e0 hanno dichiarato guerra alla congestione e soprattutto al trasporto privato motorizzato. Alcune citt\u00e0 come Oslo, Parigi e Madrid hanno costretto l&#8217;auto privata a uscire dai loro centri, almeno in parte. Alcuni comuni stanno addirittura accarezzando l&#8217;idea di abbandonare la propriet\u00e0 dei veicoli privati e di affidarsi invece a flotte di veicoli. Il motto \u00e8 \u201cusare invece di possedere\u201d. I residenti non possiedono pi\u00f9 le auto, ma condividono l&#8217;uso di auto a noleggio prontamente disponibili. I vantaggi per le citt\u00e0 sono evidenti: le auto a noleggio riducono la necessit\u00e0 di parcheggi, diminuiscono il numero di auto nei centri urbani e, come le auto elettriche, riducono anche le emissioni.<\/p>\n\n\n\n<h2 class=\"wp-block-heading\">Mobilit\u00e0 come servizio<\/h2>\n\n\n\n<p>Fondamentalmente, l&#8217;agenda per una svolta nel traffico \u00e8 ovvia. Il parco macchine svizzero, che conta 4,7 milioni <a href=\"https:\/\/www.bfs.admin.ch\/bfs\/en\/home\/statistics\/mobility-transport.html\" target=\"_blank\" rel=\"noreferrer noopener\">[7]<\/a> di autovetture, pu\u00f2 essere ridotto in modo significativo. Ma cosa spingerebbe le persone a rinunciare alla propria auto? La risposta \u00e8 ovvia. Le alternative all&#8217;auto devono essere ampliate, migliorate e interconnesse in modo semplice. Non si tratta di stabilire se il trasporto pubblico, le (e-)biciclette, gli (e-)scooter o il car sharing rappresentino un&#8217;unica alternativa. Si tratta di collegare in rete, con supporto digitale, questa catena di mobilit\u00e0 multimodale con un facile accesso per tutti i cittadini.<br><br>Vuoi saperne di pi\u00f9 su come l&#8217;offerta Mobility-as-a-Service di Urban Connect pu\u00f2 rivoluzionare la tua azienda? Compila semplicemente il modulo qui sotto e riceverai il whitepaper completo direttamente nella tua casella e-mail!<\/p>\n\n\n\n<script charset=\"utf-8\" type=\"text\/javascript\" src=\"\/\/js.hsforms.net\/forms\/embed\/v2.js\"><\/script>\n<script>\n  hbspt.forms.create({\n    portalId: \"4873065\",\n    formId: \"a021ada9-18f6-4a65-8287-68732b24c7e8\"\n  });\n<\/script>\n\n\n        <section class=\"author-block\">\n            <div class=\"container\">\n                <div class=\"left-side\">\n                    <h6 class=\"name\">Robert Ruttmann<\/h6>\n                    <span class=\"position\">Co-Founder and Chief Commercial Officer, Urban Connect<\/span>\n                <\/div>\n                <div class=\"right-side\">\n                                            <img decoding=\"async\" \n                        class=\"image lazyload\" data-src=\"https:\/\/urban-connect.com\/wp-content\/uploads\/2023\/03\/15-3-21-53.jpg\"\n                        data-srcset=\"https:\/\/urban-connect.com\/wp-content\/uploads\/2023\/03\/15-3-21-53.jpg 762w, https:\/\/urban-connect.com\/wp-content\/uploads\/2023\/03\/15-3-21-53-300x300.jpg 300w, https:\/\/urban-connect.com\/wp-content\/uploads\/2023\/03\/15-3-21-53-150x150.jpg 150w\"\n                        data-sizes=\"(max-width: 762px) 100vw, 762px\"\n                        alt=\"Chart Image\"\n                         src=\"data:image\/gif;base64,R0lGODlhAQABAAAAACH5BAEKAAEALAAAAAABAAEAAAICTAEAOw==\" style=\"--smush-placeholder-width: 762px; --smush-placeholder-aspect-ratio: 762\/762;\"><noscript><img decoding=\"async\" \n                        class=\"image\" src=\"https:\/\/urban-connect.com\/wp-content\/uploads\/2023\/03\/15-3-21-53.jpg\"\n                        srcset=\"https:\/\/urban-connect.com\/wp-content\/uploads\/2023\/03\/15-3-21-53.jpg 762w, https:\/\/urban-connect.com\/wp-content\/uploads\/2023\/03\/15-3-21-53-300x300.jpg 300w, https:\/\/urban-connect.com\/wp-content\/uploads\/2023\/03\/15-3-21-53-150x150.jpg 150w\"\n                        sizes=\"(max-width: 762px) 100vw, 762px\"\n                        alt=\"Chart Image\"\n                        ><\/noscript>\n                                        <\/div>\n            <\/div>\n        <\/section>\n        \n\n    <section class=\"related-posts\">\n        <div class=\"container\">\n            <h4 class=\"block-title\"><\/h4>\n        <\/div>\n        <div class=\"container posts-wrap\">\n            <div class=\"swiper swiper-related-posts\">\n                <div class=\"swiper-wrapper\">\n                                            <div class=\"swiper-slide\">\n                            <div class=\"card-horizontal\">\n    <div class=\"left-side\">\n                    <a href=\"https:\/\/urban-connect.com\/it\/news\/wheels-wine-2026-unedizione-storica-che-definisce-il-futuro-della-mobilita-aziendale\/\">\n                <img decoding=\"async\" \n                    class=\"image lazyload\" data-src=\"https:\/\/urban-connect.com\/wp-content\/uploads\/2026\/03\/F06A4076-768x512.jpg\"\n                    data-srcset=\"https:\/\/urban-connect.com\/wp-content\/uploads\/2026\/03\/F06A4076-768x512.jpg 768w, https:\/\/urban-connect.com\/wp-content\/uploads\/2026\/03\/F06A4076-300x200.jpg 300w, https:\/\/urban-connect.com\/wp-content\/uploads\/2026\/03\/F06A4076-1024x683.jpg 1024w, https:\/\/urban-connect.com\/wp-content\/uploads\/2026\/03\/F06A4076-1536x1024.jpg 1536w, https:\/\/urban-connect.com\/wp-content\/uploads\/2026\/03\/F06A4076-2048x1365.jpg 2048w, https:\/\/urban-connect.com\/wp-content\/uploads\/2026\/03\/F06A4076-1620x1080.jpg 1620w\"\n                    data-sizes=\"(max-width: 768px) 100vw, 768px\"\n                    alt=\"Wheels &amp; Wine 2026 \u2013 Un\u2019edizione storica che definisce il futuro della mobilit\u00e0 aziendale\"\n                 src=\"data:image\/gif;base64,R0lGODlhAQABAAAAACH5BAEKAAEALAAAAAABAAEAAAICTAEAOw==\" style=\"--smush-placeholder-width: 768px; --smush-placeholder-aspect-ratio: 768\/512;\"><noscript><img decoding=\"async\" \n                    class=\"image\" src=\"https:\/\/urban-connect.com\/wp-content\/uploads\/2026\/03\/F06A4076-768x512.jpg\"\n                    srcset=\"https:\/\/urban-connect.com\/wp-content\/uploads\/2026\/03\/F06A4076-768x512.jpg 768w, https:\/\/urban-connect.com\/wp-content\/uploads\/2026\/03\/F06A4076-300x200.jpg 300w, https:\/\/urban-connect.com\/wp-content\/uploads\/2026\/03\/F06A4076-1024x683.jpg 1024w, https:\/\/urban-connect.com\/wp-content\/uploads\/2026\/03\/F06A4076-1536x1024.jpg 1536w, https:\/\/urban-connect.com\/wp-content\/uploads\/2026\/03\/F06A4076-2048x1365.jpg 2048w, https:\/\/urban-connect.com\/wp-content\/uploads\/2026\/03\/F06A4076-1620x1080.jpg 1620w\"\n                    sizes=\"(max-width: 768px) 100vw, 768px\"\n                    alt=\"Wheels &amp; Wine 2026 \u2013 Un\u2019edizione storica che definisce il futuro della mobilit\u00e0 aziendale\"\n                ><\/noscript>\n            <\/a>\n                <\/div>\n    <div class=\"right-side\">\n                    <a href=\"https:\/\/urban-connect.com\/it\/news\/wheels-wine-2026-unedizione-storica-che-definisce-il-futuro-della-mobilita-aziendale\/\">\n                <h6 class=\"title\">Wheels &amp; Wine 2026 \u2013 Un\u2019edizione storica che definisce il futuro della mobilit\u00e0 aziendale<\/h6>\n            <\/a>\n                        <span class=\"date\">Marzo 24, 2026 <\/span>\n            \n\t        <\/div>\n<\/div>                        <\/div>\n                                                <div class=\"swiper-slide\">\n                            <div class=\"card-horizontal\">\n    <div class=\"left-side\">\n                    <a href=\"https:\/\/urban-connect.com\/it\/news\/cosa-succedera-quando-la-ricarica-dei-veicoli-elettrici-funzionera-finalmente\/\">\n                <img decoding=\"async\" \n                    class=\"image lazyload\" data-src=\"https:\/\/urban-connect.com\/wp-content\/uploads\/2026\/03\/Zaptec-cover-3-1-768x453.png\"\n                    data-srcset=\"https:\/\/urban-connect.com\/wp-content\/uploads\/2026\/03\/Zaptec-cover-3-1-768x453.png 768w, https:\/\/urban-connect.com\/wp-content\/uploads\/2026\/03\/Zaptec-cover-3-1-300x177.png 300w, https:\/\/urban-connect.com\/wp-content\/uploads\/2026\/03\/Zaptec-cover-3-1-1024x604.png 1024w, https:\/\/urban-connect.com\/wp-content\/uploads\/2026\/03\/Zaptec-cover-3-1-1536x906.png 1536w, https:\/\/urban-connect.com\/wp-content\/uploads\/2026\/03\/Zaptec-cover-3-1-2048x1208.png 2048w, https:\/\/urban-connect.com\/wp-content\/uploads\/2026\/03\/Zaptec-cover-3-1-1831x1080.png 1831w\"\n                    data-sizes=\"(max-width: 768px) 100vw, 768px\"\n                    alt=\"Cosa succeder\u00e0 quando la ricarica dei veicoli elettrici funzioner\u00e0 finalmente?\"\n                 src=\"data:image\/gif;base64,R0lGODlhAQABAAAAACH5BAEKAAEALAAAAAABAAEAAAICTAEAOw==\" style=\"--smush-placeholder-width: 768px; --smush-placeholder-aspect-ratio: 768\/453;\"><noscript><img decoding=\"async\" \n                    class=\"image\" src=\"https:\/\/urban-connect.com\/wp-content\/uploads\/2026\/03\/Zaptec-cover-3-1-768x453.png\"\n                    srcset=\"https:\/\/urban-connect.com\/wp-content\/uploads\/2026\/03\/Zaptec-cover-3-1-768x453.png 768w, https:\/\/urban-connect.com\/wp-content\/uploads\/2026\/03\/Zaptec-cover-3-1-300x177.png 300w, https:\/\/urban-connect.com\/wp-content\/uploads\/2026\/03\/Zaptec-cover-3-1-1024x604.png 1024w, https:\/\/urban-connect.com\/wp-content\/uploads\/2026\/03\/Zaptec-cover-3-1-1536x906.png 1536w, https:\/\/urban-connect.com\/wp-content\/uploads\/2026\/03\/Zaptec-cover-3-1-2048x1208.png 2048w, https:\/\/urban-connect.com\/wp-content\/uploads\/2026\/03\/Zaptec-cover-3-1-1831x1080.png 1831w\"\n                    sizes=\"(max-width: 768px) 100vw, 768px\"\n                    alt=\"Cosa succeder\u00e0 quando la ricarica dei veicoli elettrici funzioner\u00e0 finalmente?\"\n                ><\/noscript>\n            <\/a>\n                <\/div>\n    <div class=\"right-side\">\n                    <a href=\"https:\/\/urban-connect.com\/it\/news\/cosa-succedera-quando-la-ricarica-dei-veicoli-elettrici-funzionera-finalmente\/\">\n                <h6 class=\"title\">Cosa succeder\u00e0 quando la ricarica dei veicoli elettrici funzioner\u00e0 finalmente?<\/h6>\n            <\/a>\n                        <span class=\"date\">Marzo 17, 2026 <\/span>\n            \n\t        <\/div>\n<\/div>                        <\/div>\n                                                <div class=\"swiper-slide\">\n                            <div class=\"card-horizontal\">\n    <div class=\"left-side\">\n                    <a href=\"https:\/\/urban-connect.com\/it\/news\/focus-sui-casi-di-studio-helsana-offre-a-oltre-3400-dipendenti-un-budget-di-mobilita-urban-connect-senza-alcun-problema-grazie-a-scim\/\">\n                <img decoding=\"async\" \n                    class=\"image lazyload\" data-src=\"https:\/\/urban-connect.com\/wp-content\/uploads\/2026\/02\/HELSANA-x-UC-banner-768x511.png\"\n                    data-srcset=\"https:\/\/urban-connect.com\/wp-content\/uploads\/2026\/02\/HELSANA-x-UC-banner-768x511.png 768w, https:\/\/urban-connect.com\/wp-content\/uploads\/2026\/02\/HELSANA-x-UC-banner-300x199.png 300w, https:\/\/urban-connect.com\/wp-content\/uploads\/2026\/02\/HELSANA-x-UC-banner-1024x681.png 1024w, https:\/\/urban-connect.com\/wp-content\/uploads\/2026\/02\/HELSANA-x-UC-banner-1536x1021.png 1536w, https:\/\/urban-connect.com\/wp-content\/uploads\/2026\/02\/HELSANA-x-UC-banner.png 1590w\"\n                    data-sizes=\"(max-width: 768px) 100vw, 768px\"\n                    alt=\"Focus sui casi di studio: Helsana offre a oltre 3'400 dipendenti un budget di mobilit\u00e0 Urban Connect, senza alcun problema grazie a SCIM.\"\n                 src=\"data:image\/gif;base64,R0lGODlhAQABAAAAACH5BAEKAAEALAAAAAABAAEAAAICTAEAOw==\" style=\"--smush-placeholder-width: 768px; --smush-placeholder-aspect-ratio: 768\/511;\"><noscript><img decoding=\"async\" \n                    class=\"image\" src=\"https:\/\/urban-connect.com\/wp-content\/uploads\/2026\/02\/HELSANA-x-UC-banner-768x511.png\"\n                    srcset=\"https:\/\/urban-connect.com\/wp-content\/uploads\/2026\/02\/HELSANA-x-UC-banner-768x511.png 768w, https:\/\/urban-connect.com\/wp-content\/uploads\/2026\/02\/HELSANA-x-UC-banner-300x199.png 300w, https:\/\/urban-connect.com\/wp-content\/uploads\/2026\/02\/HELSANA-x-UC-banner-1024x681.png 1024w, https:\/\/urban-connect.com\/wp-content\/uploads\/2026\/02\/HELSANA-x-UC-banner-1536x1021.png 1536w, https:\/\/urban-connect.com\/wp-content\/uploads\/2026\/02\/HELSANA-x-UC-banner.png 1590w\"\n                    sizes=\"(max-width: 768px) 100vw, 768px\"\n                    alt=\"Focus sui casi di studio: Helsana offre a oltre 3'400 dipendenti un budget di mobilit\u00e0 Urban Connect, senza alcun problema grazie a SCIM.\"\n                ><\/noscript>\n            <\/a>\n                <\/div>\n    <div class=\"right-side\">\n                    <a href=\"https:\/\/urban-connect.com\/it\/news\/focus-sui-casi-di-studio-helsana-offre-a-oltre-3400-dipendenti-un-budget-di-mobilita-urban-connect-senza-alcun-problema-grazie-a-scim\/\">\n                <h6 class=\"title\">Focus sui casi di studio: Helsana offre a oltre 3&#8217;400 dipendenti un budget di mobilit\u00e0 Urban Connect, senza alcun problema grazie a SCIM.<\/h6>\n            <\/a>\n                        <span class=\"date\">Febbraio 05, 2026 <\/span>\n            \n\t        <\/div>\n<\/div>                        <\/div>\n                                        <\/div>\n                <div class=\"btn-slider \">\n    <div class=\"prev\">\n        <svg width=\"22\" height=\"12\" viewBox=\"0 0 22 12\" fill=\"none\" xmlns=\"http:\/\/www.w3.org\/2000\/svg\">\n            <path d=\"M5.094 4.476L7.74 1.83L6.03 0.102L0.432 5.7L6.03 11.298L7.74 9.57L5.076 6.906H21.42V4.476H5.094Z\" fill=\"white\"\/>\n        <\/svg>\n    <\/div>\n    <div class=\"next\">\n        <svg width=\"22\" height=\"12\" viewBox=\"0 0 22 12\" fill=\"none\" xmlns=\"http:\/\/www.w3.org\/2000\/svg\">\n            <path d=\"M14.292 1.83L16.938 4.476H0.612V6.906H16.956L14.292 9.57L16.002 11.298L21.6 5.7L16.002 0.102L14.292 1.83Z\" fill=\"white\"\/>\n        <\/svg>\n    <\/div>\n<\/div>            <\/div>\n        <\/div>\n    <\/section>\n    ","protected":false},"excerpt":{"rendered":"<p>Il termine \u201csvolta della mobilit\u00e0\u201d \u00e8 sulla bocca di tutti. Le citt\u00e0 lottano contro la congestione del traffico e sempre pi\u00f9 spesso si chiede loro di avviare una politica di trasporto \u201cnet zero\u201d. Ma queste iniziative sono giustificate. Il 39% delle emissioni totali di gas a effetto serra in Svizzera deriva dai trasporti e il [&hellip;]<\/p>\n","protected":false},"featured_media":5666,"parent":0,"template":"","news_category":[47],"class_list":["post-5665","news","type-news","status-publish","has-post-thumbnail","hentry","news_category-libri-bianchi"],"acf":[],"yoast_head":"<!-- This site is optimized with the Yoast SEO plugin v23.2 - https:\/\/yoast.com\/wordpress\/plugins\/seo\/ -->\n<title>La mobilit\u00e0 aziendale come chiave di svolta per il traffico - Urban Connect<\/title>\n<meta name=\"description\" content=\"Corporate mobility is the key to the transport revolution. The aim is mobility-as-a-service and the creation of incentives for employees.\" \/>\n<meta name=\"robots\" content=\"index, follow, max-snippet:-1, max-image-preview:large, max-video-preview:-1\" \/>\n<link rel=\"canonical\" href=\"https:\/\/urban-connect.com\/it\/news\/la-mobilita-aziendale-come-chiave-di-svolta-per-il-traffico\/\" \/>\n<meta property=\"og:locale\" content=\"it_IT\" \/>\n<meta property=\"og:type\" content=\"article\" \/>\n<meta property=\"og:title\" content=\"La mobilit\u00e0 aziendale come chiave di svolta per il traffico - Urban Connect\" \/>\n<meta property=\"og:description\" content=\"Corporate mobility is the key to the transport revolution. The aim is mobility-as-a-service and the creation of incentives for employees.\" \/>\n<meta property=\"og:url\" content=\"https:\/\/urban-connect.com\/it\/news\/la-mobilita-aziendale-come-chiave-di-svolta-per-il-traffico\/\" \/>\n<meta property=\"og:site_name\" content=\"Urban Connect\" \/>\n<meta property=\"article:modified_time\" content=\"2025-01-29T10:32:54+00:00\" \/>\n<meta property=\"og:image\" content=\"https:\/\/urban-connect.com\/wp-content\/uploads\/2023\/03\/Corporate-mobility.jpg\" \/>\n\t<meta property=\"og:image:width\" content=\"882\" \/>\n\t<meta property=\"og:image:height\" content=\"582\" \/>\n\t<meta property=\"og:image:type\" content=\"image\/jpeg\" \/>\n<meta name=\"twitter:card\" content=\"summary_large_image\" \/>\n<meta name=\"twitter:label1\" content=\"Tempo di lettura stimato\" \/>\n\t<meta name=\"twitter:data1\" content=\"3 minuti\" \/>\n<script type=\"application\/ld+json\" class=\"yoast-schema-graph\">{\"@context\":\"https:\/\/schema.org\",\"@graph\":[{\"@type\":\"WebPage\",\"@id\":\"https:\/\/urban-connect.com\/it\/news\/la-mobilita-aziendale-come-chiave-di-svolta-per-il-traffico\/\",\"url\":\"https:\/\/urban-connect.com\/it\/news\/la-mobilita-aziendale-come-chiave-di-svolta-per-il-traffico\/\",\"name\":\"La mobilit\u00e0 aziendale come chiave di svolta per il traffico - Urban Connect\",\"isPartOf\":{\"@id\":\"https:\/\/urban-connect.com\/it\/#website\"},\"primaryImageOfPage\":{\"@id\":\"https:\/\/urban-connect.com\/it\/news\/la-mobilita-aziendale-come-chiave-di-svolta-per-il-traffico\/#primaryimage\"},\"image\":{\"@id\":\"https:\/\/urban-connect.com\/it\/news\/la-mobilita-aziendale-come-chiave-di-svolta-per-il-traffico\/#primaryimage\"},\"thumbnailUrl\":\"https:\/\/urban-connect.com\/wp-content\/uploads\/2023\/03\/Corporate-mobility.jpg\",\"datePublished\":\"2022-09-19T11:47:00+00:00\",\"dateModified\":\"2025-01-29T10:32:54+00:00\",\"description\":\"Corporate mobility is the key to the transport revolution. The aim is mobility-as-a-service and the creation of incentives for employees.\",\"breadcrumb\":{\"@id\":\"https:\/\/urban-connect.com\/it\/news\/la-mobilita-aziendale-come-chiave-di-svolta-per-il-traffico\/#breadcrumb\"},\"inLanguage\":\"it-IT\",\"potentialAction\":[{\"@type\":\"ReadAction\",\"target\":[\"https:\/\/urban-connect.com\/it\/news\/la-mobilita-aziendale-come-chiave-di-svolta-per-il-traffico\/\"]}]},{\"@type\":\"ImageObject\",\"inLanguage\":\"it-IT\",\"@id\":\"https:\/\/urban-connect.com\/it\/news\/la-mobilita-aziendale-come-chiave-di-svolta-per-il-traffico\/#primaryimage\",\"url\":\"https:\/\/urban-connect.com\/wp-content\/uploads\/2023\/03\/Corporate-mobility.jpg\",\"contentUrl\":\"https:\/\/urban-connect.com\/wp-content\/uploads\/2023\/03\/Corporate-mobility.jpg\",\"width\":882,\"height\":582,\"caption\":\"Tesla stearing wheel\"},{\"@type\":\"BreadcrumbList\",\"@id\":\"https:\/\/urban-connect.com\/it\/news\/la-mobilita-aziendale-come-chiave-di-svolta-per-il-traffico\/#breadcrumb\",\"itemListElement\":[{\"@type\":\"ListItem\",\"position\":1,\"name\":\"Home\",\"item\":\"https:\/\/urban-connect.com\/it\/\"},{\"@type\":\"ListItem\",\"position\":2,\"name\":\"La mobilit\u00e0 aziendale come chiave di svolta per il traffico\"}]},{\"@type\":\"WebSite\",\"@id\":\"https:\/\/urban-connect.com\/it\/#website\",\"url\":\"https:\/\/urban-connect.com\/it\/\",\"name\":\"Urban Connect\",\"description\":\"\",\"potentialAction\":[{\"@type\":\"SearchAction\",\"target\":{\"@type\":\"EntryPoint\",\"urlTemplate\":\"https:\/\/urban-connect.com\/it\/?s={search_term_string}\"},\"query-input\":\"required name=search_term_string\"}],\"inLanguage\":\"it-IT\"}]}<\/script>\n<!-- \/ Yoast SEO plugin. -->","yoast_head_json":{"title":"La mobilit\u00e0 aziendale come chiave di svolta per il traffico - Urban Connect","description":"Corporate mobility is the key to the transport revolution. The aim is mobility-as-a-service and the creation of incentives for employees.","robots":{"index":"index","follow":"follow","max-snippet":"max-snippet:-1","max-image-preview":"max-image-preview:large","max-video-preview":"max-video-preview:-1"},"canonical":"https:\/\/urban-connect.com\/it\/news\/la-mobilita-aziendale-come-chiave-di-svolta-per-il-traffico\/","og_locale":"it_IT","og_type":"article","og_title":"La mobilit\u00e0 aziendale come chiave di svolta per il traffico - Urban Connect","og_description":"Corporate mobility is the key to the transport revolution. The aim is mobility-as-a-service and the creation of incentives for employees.","og_url":"https:\/\/urban-connect.com\/it\/news\/la-mobilita-aziendale-come-chiave-di-svolta-per-il-traffico\/","og_site_name":"Urban Connect","article_modified_time":"2025-01-29T10:32:54+00:00","og_image":[{"width":882,"height":582,"url":"https:\/\/urban-connect.com\/wp-content\/uploads\/2023\/03\/Corporate-mobility.jpg","type":"image\/jpeg"}],"twitter_card":"summary_large_image","twitter_misc":{"Tempo di lettura stimato":"3 minuti"},"schema":{"@context":"https:\/\/schema.org","@graph":[{"@type":"WebPage","@id":"https:\/\/urban-connect.com\/it\/news\/la-mobilita-aziendale-come-chiave-di-svolta-per-il-traffico\/","url":"https:\/\/urban-connect.com\/it\/news\/la-mobilita-aziendale-come-chiave-di-svolta-per-il-traffico\/","name":"La mobilit\u00e0 aziendale come chiave di svolta per il traffico - Urban Connect","isPartOf":{"@id":"https:\/\/urban-connect.com\/it\/#website"},"primaryImageOfPage":{"@id":"https:\/\/urban-connect.com\/it\/news\/la-mobilita-aziendale-come-chiave-di-svolta-per-il-traffico\/#primaryimage"},"image":{"@id":"https:\/\/urban-connect.com\/it\/news\/la-mobilita-aziendale-come-chiave-di-svolta-per-il-traffico\/#primaryimage"},"thumbnailUrl":"https:\/\/urban-connect.com\/wp-content\/uploads\/2023\/03\/Corporate-mobility.jpg","datePublished":"2022-09-19T11:47:00+00:00","dateModified":"2025-01-29T10:32:54+00:00","description":"Corporate mobility is the key to the transport revolution. The aim is mobility-as-a-service and the creation of incentives for employees.","breadcrumb":{"@id":"https:\/\/urban-connect.com\/it\/news\/la-mobilita-aziendale-come-chiave-di-svolta-per-il-traffico\/#breadcrumb"},"inLanguage":"it-IT","potentialAction":[{"@type":"ReadAction","target":["https:\/\/urban-connect.com\/it\/news\/la-mobilita-aziendale-come-chiave-di-svolta-per-il-traffico\/"]}]},{"@type":"ImageObject","inLanguage":"it-IT","@id":"https:\/\/urban-connect.com\/it\/news\/la-mobilita-aziendale-come-chiave-di-svolta-per-il-traffico\/#primaryimage","url":"https:\/\/urban-connect.com\/wp-content\/uploads\/2023\/03\/Corporate-mobility.jpg","contentUrl":"https:\/\/urban-connect.com\/wp-content\/uploads\/2023\/03\/Corporate-mobility.jpg","width":882,"height":582,"caption":"Tesla stearing wheel"},{"@type":"BreadcrumbList","@id":"https:\/\/urban-connect.com\/it\/news\/la-mobilita-aziendale-come-chiave-di-svolta-per-il-traffico\/#breadcrumb","itemListElement":[{"@type":"ListItem","position":1,"name":"Home","item":"https:\/\/urban-connect.com\/it\/"},{"@type":"ListItem","position":2,"name":"La mobilit\u00e0 aziendale come chiave di svolta per il traffico"}]},{"@type":"WebSite","@id":"https:\/\/urban-connect.com\/it\/#website","url":"https:\/\/urban-connect.com\/it\/","name":"Urban Connect","description":"","potentialAction":[{"@type":"SearchAction","target":{"@type":"EntryPoint","urlTemplate":"https:\/\/urban-connect.com\/it\/?s={search_term_string}"},"query-input":"required name=search_term_string"}],"inLanguage":"it-IT"}]}},"_links":{"self":[{"href":"https:\/\/urban-connect.com\/it\/wp-json\/wp\/v2\/news\/5665","targetHints":{"allow":["GET"]}}],"collection":[{"href":"https:\/\/urban-connect.com\/it\/wp-json\/wp\/v2\/news"}],"about":[{"href":"https:\/\/urban-connect.com\/it\/wp-json\/wp\/v2\/types\/news"}],"wp:featuredmedia":[{"embeddable":true,"href":"https:\/\/urban-connect.com\/it\/wp-json\/wp\/v2\/media\/5666"}],"wp:attachment":[{"href":"https:\/\/urban-connect.com\/it\/wp-json\/wp\/v2\/media?parent=5665"}],"wp:term":[{"taxonomy":"news_category","embeddable":true,"href":"https:\/\/urban-connect.com\/it\/wp-json\/wp\/v2\/news_category?post=5665"}],"curies":[{"name":"wp","href":"https:\/\/api.w.org\/{rel}","templated":true}]}}