{"id":5664,"date":"2023-08-28T16:53:00","date_gmt":"2023-08-28T16:53:00","guid":{"rendered":"https:\/\/urban-connect.com\/news\/digital-switzerland-bilanz-judith-haberli-nominated-among-the-top-100-digital-shapers-2023\/"},"modified":"2024-09-19T13:25:09","modified_gmt":"2024-09-19T13:25:09","slug":"svizzera-digitale-bilanz-judith-haberli-nominata-tra-i-100-top-digital-shapers-2023","status":"publish","type":"news","link":"https:\/\/urban-connect.com\/it\/news\/svizzera-digitale-bilanz-judith-haberli-nominata-tra-i-100-top-digital-shapers-2023\/","title":{"rendered":"Svizzera Digitale &amp; BILANZ: Judith H\u00e4berli nominata tra i 100 Top Digital Shapers 2023"},"content":{"rendered":"\n<p>Per l&#8217;ottavo anno consecutivo, BILANZ ha annunciato la selezione delle 100 persone pi\u00f9 influenti nella promozione della digitalizzazione in Svizzera. La cofondatrice e COO di Urban Connect, Judith H\u00e4berli, \u00e8 stata inserita nell&#8217;elenco come uno dei 10 \u201cMobilizzatori\u201d chiave, che hanno portato la mobilit\u00e0 nell&#8217;era digitale.<\/p>\n\n\n\n<p><strong>Che cos&#8217;\u00e8 un Digital Shaper?<\/strong><\/p>\n\n\n\n<p>Digital Shaper \u00e8 una nomina di persone che hanno dato un contributo significativo alla digitalizzazione della Svizzera in vari settori. Digital Switzerland descrive i Digital Shapers come \u201cinnovatori impegnati a plasmare un futuro digitale che dia potere a tutti noi\u201d.<\/p>\n\n\n\n<p>Digital Shapers \u00e8 stato organizzato da BILANZ per l&#8217;8\u00b0 anno consecutivo in collaborazione con Digital Switzerland, Handelszeitung, PME e Innosuisse. In primo luogo, centinaia di leader di tutta la Svizzera sono stati nominati dal pubblico sui social media. Poi, una giuria di undici persone ha selezionato i 10 migliori pionieri digitali in ciascuno dei 10 settori, come \u201cMobilizzatori\u201d o \u201ceMedici\u201d. La giuria di quest&#8217;anno comprendeva Mike Baur, cofondatore e CEO di Serpentine Ventures Group e Swiss Startup Factory, Gabrielle Dobenecker, responsabile della raccolta fondi, dell&#8217;imprenditorialit\u00e0 e delle relazioni con l&#8217;industria dell&#8217;EMPA, e Karin Taheny, Chief Digital and Technology Officer di Switzerland Global Enterprise (S-GE).<\/p>\n\n\n\n<p><strong>Intervista a Judith<\/strong><\/p>\n\n\n\n<p>Judith H\u00e4berli \u00e8 stata inserita nell&#8217;elenco dei Digital Shapers selezionati nella categoria \u201cMobilizers\u201d. \u00c8 stata riconosciuta come pioniera nel portare un approccio innovativo e tecnologico alla mobilit\u00e0 aziendale in Svizzera. In un&#8217;intervista a Digital Switzerland, Judith ha sottolineato la sua prospettiva unica sul potenziale impatto della Svizzera sull&#8217;innovazione digitale:<\/p>\n\n\n\n<p>\u201cPenso che la Svizzera abbia le carte in regola per fungere da laboratorio per testare sistematicamente nuovi concetti di mobilit\u00e0, grazie alle sue dimensioni ridotte, alla variet\u00e0 del paesaggio, all&#8217;efficienza del sistema di trasporto pubblico, alla fitta rete di strade e ferrovie, al livello avanzato di digitalizzazione e all&#8217;approccio normativo progressivo e pragmatico\u201d.<\/p>\n\n\n\n<p>Urban Connect, con sede in Svizzera, sta sfruttando al meglio la sua posizione di mercato ideale. Nata dall&#8217;innovazione, la missione dell&#8217;azienda \u00e8 quella di cambiare il modo in cui la mobilit\u00e0 \u00e8 organizzata nel mondo aziendale. Urban Connect guida questo cambiamento principalmente orchestrando il passaggio dalla propriet\u00e0 alla condivisione, concentrandosi sulla flessibilit\u00e0 e sulla convenienza per i suoi utenti. Il tutto con l&#8217;aiuto della tecnologia. Finora la Svizzera \u00e8 stata dalla parte di Urban Connect: l&#8217;azienda ha raddoppiato il numero di dipendenti e ha aumentato il numero di utenti di oltre il 100% nell&#8217;ultimo anno. Senza il coraggio di Judith di coniugare tecnologia e mobilit\u00e0, tutto questo non sarebbe stato possibile.<\/p>\n\n\n\n<p><strong>L&#8217;importanza dei pionieri del digitale<\/strong><\/p>\n\n\n\n<p>La pubblicazione BILANZ Digital Shapers di quest&#8217;anno rivela un panorama digitale in costante evoluzione, dove l&#8217;innovazione \u00e8 sinonimo di successo. Mentre celebriamo questi pionieri del digitale e i loro risultati, \u00e8 sempre pi\u00f9 chiaro che il mondo sta correndo verso un futuro pi\u00f9 avanzato e digitale. Mentre il viaggio continua, i Digital Shapers di oggi illuminano la strada da percorrere.<\/p>\n\n\n\n<p>Leggi la pubblicazione originale di BILANZ <a href=\"https:\/\/www.handelszeitung.ch\/bilanz\/digital-shapers-2023-diese-schweizer-treiben-die-digitalisierung-voran-630425\">qui<\/a><\/p>\n\n\n\n<p>Leggi l&#8217;intervista a Judith di Digital Switzerland <a href=\"https:\/\/digitalswitzerland.com\/digital-shapers-2023-meet-the-winners\/\">qui<\/a><\/p>\n\n\n\n<p>Change Mobility &#8211; Change the World<\/p>\n\n\n    <section class=\"related-posts\">\n        <div class=\"container\">\n            <h4 class=\"block-title\"><\/h4>\n        <\/div>\n        <div class=\"container posts-wrap\">\n            <div class=\"swiper swiper-related-posts\">\n                <div class=\"swiper-wrapper\">\n                                            <div class=\"swiper-slide\">\n                            <div class=\"card-horizontal\">\n    <div class=\"left-side\">\n                    <a href=\"https:\/\/urban-connect.com\/it\/news\/wheels-wine-2026-unedizione-storica-che-definisce-il-futuro-della-mobilita-aziendale\/\">\n                <img decoding=\"async\" \n                    class=\"image lazyload\" data-src=\"https:\/\/urban-connect.com\/wp-content\/uploads\/2026\/03\/F06A4076-768x512.jpg\"\n                    data-srcset=\"https:\/\/urban-connect.com\/wp-content\/uploads\/2026\/03\/F06A4076-768x512.jpg 768w, https:\/\/urban-connect.com\/wp-content\/uploads\/2026\/03\/F06A4076-300x200.jpg 300w, https:\/\/urban-connect.com\/wp-content\/uploads\/2026\/03\/F06A4076-1024x683.jpg 1024w, https:\/\/urban-connect.com\/wp-content\/uploads\/2026\/03\/F06A4076-1536x1024.jpg 1536w, https:\/\/urban-connect.com\/wp-content\/uploads\/2026\/03\/F06A4076-2048x1365.jpg 2048w, https:\/\/urban-connect.com\/wp-content\/uploads\/2026\/03\/F06A4076-1620x1080.jpg 1620w\"\n                    data-sizes=\"(max-width: 768px) 100vw, 768px\"\n                    alt=\"Wheels &amp; Wine 2026 \u2013 Un\u2019edizione storica che definisce il futuro della mobilit\u00e0 aziendale\"\n                 src=\"data:image\/gif;base64,R0lGODlhAQABAAAAACH5BAEKAAEALAAAAAABAAEAAAICTAEAOw==\" style=\"--smush-placeholder-width: 768px; --smush-placeholder-aspect-ratio: 768\/512;\"><noscript><img decoding=\"async\" \n                    class=\"image\" src=\"https:\/\/urban-connect.com\/wp-content\/uploads\/2026\/03\/F06A4076-768x512.jpg\"\n                    srcset=\"https:\/\/urban-connect.com\/wp-content\/uploads\/2026\/03\/F06A4076-768x512.jpg 768w, https:\/\/urban-connect.com\/wp-content\/uploads\/2026\/03\/F06A4076-300x200.jpg 300w, https:\/\/urban-connect.com\/wp-content\/uploads\/2026\/03\/F06A4076-1024x683.jpg 1024w, https:\/\/urban-connect.com\/wp-content\/uploads\/2026\/03\/F06A4076-1536x1024.jpg 1536w, https:\/\/urban-connect.com\/wp-content\/uploads\/2026\/03\/F06A4076-2048x1365.jpg 2048w, https:\/\/urban-connect.com\/wp-content\/uploads\/2026\/03\/F06A4076-1620x1080.jpg 1620w\"\n                    sizes=\"(max-width: 768px) 100vw, 768px\"\n                    alt=\"Wheels &amp; Wine 2026 \u2013 Un\u2019edizione storica che definisce il futuro della mobilit\u00e0 aziendale\"\n                ><\/noscript>\n            <\/a>\n                <\/div>\n    <div class=\"right-side\">\n                    <a href=\"https:\/\/urban-connect.com\/it\/news\/wheels-wine-2026-unedizione-storica-che-definisce-il-futuro-della-mobilita-aziendale\/\">\n                <h6 class=\"title\">Wheels &amp; Wine 2026 \u2013 Un\u2019edizione storica che definisce il futuro della mobilit\u00e0 aziendale<\/h6>\n            <\/a>\n                        <span class=\"date\">Marzo 24, 2026 <\/span>\n            \n\t        <\/div>\n<\/div>                        <\/div>\n                                                <div class=\"swiper-slide\">\n                            <div class=\"card-horizontal\">\n    <div class=\"left-side\">\n                    <a href=\"https:\/\/urban-connect.com\/it\/news\/cosa-succedera-quando-la-ricarica-dei-veicoli-elettrici-funzionera-finalmente\/\">\n                <img decoding=\"async\" \n                    class=\"image lazyload\" data-src=\"https:\/\/urban-connect.com\/wp-content\/uploads\/2026\/03\/Zaptec-cover-3-1-768x453.png\"\n                    data-srcset=\"https:\/\/urban-connect.com\/wp-content\/uploads\/2026\/03\/Zaptec-cover-3-1-768x453.png 768w, https:\/\/urban-connect.com\/wp-content\/uploads\/2026\/03\/Zaptec-cover-3-1-300x177.png 300w, https:\/\/urban-connect.com\/wp-content\/uploads\/2026\/03\/Zaptec-cover-3-1-1024x604.png 1024w, https:\/\/urban-connect.com\/wp-content\/uploads\/2026\/03\/Zaptec-cover-3-1-1536x906.png 1536w, https:\/\/urban-connect.com\/wp-content\/uploads\/2026\/03\/Zaptec-cover-3-1-2048x1208.png 2048w, https:\/\/urban-connect.com\/wp-content\/uploads\/2026\/03\/Zaptec-cover-3-1-1831x1080.png 1831w\"\n                    data-sizes=\"(max-width: 768px) 100vw, 768px\"\n                    alt=\"Cosa succeder\u00e0 quando la ricarica dei veicoli elettrici funzioner\u00e0 finalmente?\"\n                 src=\"data:image\/gif;base64,R0lGODlhAQABAAAAACH5BAEKAAEALAAAAAABAAEAAAICTAEAOw==\" style=\"--smush-placeholder-width: 768px; --smush-placeholder-aspect-ratio: 768\/453;\"><noscript><img decoding=\"async\" \n                    class=\"image\" src=\"https:\/\/urban-connect.com\/wp-content\/uploads\/2026\/03\/Zaptec-cover-3-1-768x453.png\"\n                    srcset=\"https:\/\/urban-connect.com\/wp-content\/uploads\/2026\/03\/Zaptec-cover-3-1-768x453.png 768w, https:\/\/urban-connect.com\/wp-content\/uploads\/2026\/03\/Zaptec-cover-3-1-300x177.png 300w, https:\/\/urban-connect.com\/wp-content\/uploads\/2026\/03\/Zaptec-cover-3-1-1024x604.png 1024w, https:\/\/urban-connect.com\/wp-content\/uploads\/2026\/03\/Zaptec-cover-3-1-1536x906.png 1536w, https:\/\/urban-connect.com\/wp-content\/uploads\/2026\/03\/Zaptec-cover-3-1-2048x1208.png 2048w, https:\/\/urban-connect.com\/wp-content\/uploads\/2026\/03\/Zaptec-cover-3-1-1831x1080.png 1831w\"\n                    sizes=\"(max-width: 768px) 100vw, 768px\"\n                    alt=\"Cosa succeder\u00e0 quando la ricarica dei veicoli elettrici funzioner\u00e0 finalmente?\"\n                ><\/noscript>\n            <\/a>\n                <\/div>\n    <div class=\"right-side\">\n                    <a href=\"https:\/\/urban-connect.com\/it\/news\/cosa-succedera-quando-la-ricarica-dei-veicoli-elettrici-funzionera-finalmente\/\">\n                <h6 class=\"title\">Cosa succeder\u00e0 quando la ricarica dei veicoli elettrici funzioner\u00e0 finalmente?<\/h6>\n            <\/a>\n                        <span class=\"date\">Marzo 17, 2026 <\/span>\n            \n\t        <\/div>\n<\/div>                        <\/div>\n                                                <div class=\"swiper-slide\">\n                            <div class=\"card-horizontal\">\n    <div class=\"left-side\">\n                    <a href=\"https:\/\/urban-connect.com\/it\/news\/focus-sui-casi-di-studio-helsana-offre-a-oltre-3400-dipendenti-un-budget-di-mobilita-urban-connect-senza-alcun-problema-grazie-a-scim\/\">\n                <img decoding=\"async\" \n                    class=\"image lazyload\" data-src=\"https:\/\/urban-connect.com\/wp-content\/uploads\/2026\/02\/HELSANA-x-UC-banner-768x511.png\"\n                    data-srcset=\"https:\/\/urban-connect.com\/wp-content\/uploads\/2026\/02\/HELSANA-x-UC-banner-768x511.png 768w, https:\/\/urban-connect.com\/wp-content\/uploads\/2026\/02\/HELSANA-x-UC-banner-300x199.png 300w, https:\/\/urban-connect.com\/wp-content\/uploads\/2026\/02\/HELSANA-x-UC-banner-1024x681.png 1024w, https:\/\/urban-connect.com\/wp-content\/uploads\/2026\/02\/HELSANA-x-UC-banner-1536x1021.png 1536w, https:\/\/urban-connect.com\/wp-content\/uploads\/2026\/02\/HELSANA-x-UC-banner.png 1590w\"\n                    data-sizes=\"(max-width: 768px) 100vw, 768px\"\n                    alt=\"Focus sui casi di studio: Helsana offre a oltre 3'400 dipendenti un budget di mobilit\u00e0 Urban Connect, senza alcun problema grazie a SCIM.\"\n                 src=\"data:image\/gif;base64,R0lGODlhAQABAAAAACH5BAEKAAEALAAAAAABAAEAAAICTAEAOw==\" style=\"--smush-placeholder-width: 768px; --smush-placeholder-aspect-ratio: 768\/511;\"><noscript><img decoding=\"async\" \n                    class=\"image\" src=\"https:\/\/urban-connect.com\/wp-content\/uploads\/2026\/02\/HELSANA-x-UC-banner-768x511.png\"\n                    srcset=\"https:\/\/urban-connect.com\/wp-content\/uploads\/2026\/02\/HELSANA-x-UC-banner-768x511.png 768w, https:\/\/urban-connect.com\/wp-content\/uploads\/2026\/02\/HELSANA-x-UC-banner-300x199.png 300w, https:\/\/urban-connect.com\/wp-content\/uploads\/2026\/02\/HELSANA-x-UC-banner-1024x681.png 1024w, https:\/\/urban-connect.com\/wp-content\/uploads\/2026\/02\/HELSANA-x-UC-banner-1536x1021.png 1536w, https:\/\/urban-connect.com\/wp-content\/uploads\/2026\/02\/HELSANA-x-UC-banner.png 1590w\"\n                    sizes=\"(max-width: 768px) 100vw, 768px\"\n                    alt=\"Focus sui casi di studio: Helsana offre a oltre 3'400 dipendenti un budget di mobilit\u00e0 Urban Connect, senza alcun problema grazie a SCIM.\"\n                ><\/noscript>\n            <\/a>\n                <\/div>\n    <div class=\"right-side\">\n                    <a href=\"https:\/\/urban-connect.com\/it\/news\/focus-sui-casi-di-studio-helsana-offre-a-oltre-3400-dipendenti-un-budget-di-mobilita-urban-connect-senza-alcun-problema-grazie-a-scim\/\">\n                <h6 class=\"title\">Focus sui casi di studio: Helsana offre a oltre 3&#8217;400 dipendenti un budget di mobilit\u00e0 Urban Connect, senza alcun problema grazie a SCIM.<\/h6>\n            <\/a>\n                        <span class=\"date\">Febbraio 05, 2026 <\/span>\n            \n\t        <\/div>\n<\/div>                        <\/div>\n                                        <\/div>\n                <div class=\"btn-slider \">\n    <div class=\"prev\">\n        <svg width=\"22\" height=\"12\" viewBox=\"0 0 22 12\" fill=\"none\" xmlns=\"http:\/\/www.w3.org\/2000\/svg\">\n            <path d=\"M5.094 4.476L7.74 1.83L6.03 0.102L0.432 5.7L6.03 11.298L7.74 9.57L5.076 6.906H21.42V4.476H5.094Z\" fill=\"white\"\/>\n        <\/svg>\n    <\/div>\n    <div class=\"next\">\n        <svg width=\"22\" height=\"12\" viewBox=\"0 0 22 12\" fill=\"none\" xmlns=\"http:\/\/www.w3.org\/2000\/svg\">\n            <path d=\"M14.292 1.83L16.938 4.476H0.612V6.906H16.956L14.292 9.57L16.002 11.298L21.6 5.7L16.002 0.102L14.292 1.83Z\" fill=\"white\"\/>\n        <\/svg>\n    <\/div>\n<\/div>            <\/div>\n        <\/div>\n    <\/section>\n    ","protected":false},"excerpt":{"rendered":"<p>Per l&#8217;ottavo anno consecutivo, BILANZ ha annunciato la selezione delle 100 persone pi\u00f9 influenti nella promozione della digitalizzazione in Svizzera. La cofondatrice e COO di Urban Connect, Judith H\u00e4berli, \u00e8 stata inserita nell&#8217;elenco come uno dei 10 \u201cMobilizzatori\u201d chiave, che hanno portato la mobilit\u00e0 nell&#8217;era digitale.<\/p>\n","protected":false},"featured_media":5453,"parent":0,"template":"","news_category":[46],"class_list":["post-5664","news","type-news","status-publish","has-post-thumbnail","hentry","news_category-notizie"],"acf":[],"yoast_head":"<!-- This site is optimized with the Yoast SEO plugin v23.2 - https:\/\/yoast.com\/wordpress\/plugins\/seo\/ -->\n<title>Svizzera Digitale &amp; BILANZ: Judith H\u00e4berli nominata tra i 100 Top Digital Shapers 2023 - Urban Connect<\/title>\n<meta name=\"robots\" content=\"index, follow, max-snippet:-1, max-image-preview:large, max-video-preview:-1\" \/>\n<link rel=\"canonical\" href=\"https:\/\/urban-connect.com\/it\/news\/svizzera-digitale-bilanz-judith-haberli-nominata-tra-i-100-top-digital-shapers-2023\/\" \/>\n<meta property=\"og:locale\" content=\"it_IT\" \/>\n<meta property=\"og:type\" content=\"article\" \/>\n<meta property=\"og:title\" content=\"Svizzera Digitale &amp; BILANZ: Judith H\u00e4berli nominata tra i 100 Top Digital Shapers 2023 - Urban Connect\" \/>\n<meta property=\"og:description\" content=\"Per l&#039;ottavo anno consecutivo, BILANZ ha annunciato la selezione delle 100 persone pi\u00f9 influenti nella promozione della digitalizzazione in Svizzera. La cofondatrice e COO di Urban Connect, Judith H\u00e4berli, \u00e8 stata inserita nell&#039;elenco come uno dei 10 \u201cMobilizzatori\u201d chiave, che hanno portato la mobilit\u00e0 nell&#039;era digitale.\" \/>\n<meta property=\"og:url\" content=\"https:\/\/urban-connect.com\/it\/news\/svizzera-digitale-bilanz-judith-haberli-nominata-tra-i-100-top-digital-shapers-2023\/\" \/>\n<meta property=\"og:site_name\" content=\"Urban Connect\" \/>\n<meta property=\"article:modified_time\" content=\"2024-09-19T13:25:09+00:00\" \/>\n<meta property=\"og:image\" content=\"https:\/\/urban-connect.com\/wp-content\/uploads\/2024\/01\/Wordpress-Thumbnailpng.png\" \/>\n\t<meta property=\"og:image:width\" content=\"900\" \/>\n\t<meta property=\"og:image:height\" content=\"600\" \/>\n\t<meta property=\"og:image:type\" content=\"image\/png\" \/>\n<meta name=\"twitter:card\" content=\"summary_large_image\" \/>\n<meta name=\"twitter:label1\" content=\"Tempo di lettura stimato\" \/>\n\t<meta name=\"twitter:data1\" content=\"3 minuti\" \/>\n<script type=\"application\/ld+json\" class=\"yoast-schema-graph\">{\"@context\":\"https:\/\/schema.org\",\"@graph\":[{\"@type\":\"WebPage\",\"@id\":\"https:\/\/urban-connect.com\/it\/news\/svizzera-digitale-bilanz-judith-haberli-nominata-tra-i-100-top-digital-shapers-2023\/\",\"url\":\"https:\/\/urban-connect.com\/it\/news\/svizzera-digitale-bilanz-judith-haberli-nominata-tra-i-100-top-digital-shapers-2023\/\",\"name\":\"Svizzera Digitale &amp; BILANZ: Judith H\u00e4berli nominata tra i 100 Top Digital Shapers 2023 - Urban Connect\",\"isPartOf\":{\"@id\":\"https:\/\/urban-connect.com\/it\/#website\"},\"primaryImageOfPage\":{\"@id\":\"https:\/\/urban-connect.com\/it\/news\/svizzera-digitale-bilanz-judith-haberli-nominata-tra-i-100-top-digital-shapers-2023\/#primaryimage\"},\"image\":{\"@id\":\"https:\/\/urban-connect.com\/it\/news\/svizzera-digitale-bilanz-judith-haberli-nominata-tra-i-100-top-digital-shapers-2023\/#primaryimage\"},\"thumbnailUrl\":\"https:\/\/urban-connect.com\/wp-content\/uploads\/2024\/01\/Wordpress-Thumbnailpng.png\",\"datePublished\":\"2023-08-28T16:53:00+00:00\",\"dateModified\":\"2024-09-19T13:25:09+00:00\",\"breadcrumb\":{\"@id\":\"https:\/\/urban-connect.com\/it\/news\/svizzera-digitale-bilanz-judith-haberli-nominata-tra-i-100-top-digital-shapers-2023\/#breadcrumb\"},\"inLanguage\":\"it-IT\",\"potentialAction\":[{\"@type\":\"ReadAction\",\"target\":[\"https:\/\/urban-connect.com\/it\/news\/svizzera-digitale-bilanz-judith-haberli-nominata-tra-i-100-top-digital-shapers-2023\/\"]}]},{\"@type\":\"ImageObject\",\"inLanguage\":\"it-IT\",\"@id\":\"https:\/\/urban-connect.com\/it\/news\/svizzera-digitale-bilanz-judith-haberli-nominata-tra-i-100-top-digital-shapers-2023\/#primaryimage\",\"url\":\"https:\/\/urban-connect.com\/wp-content\/uploads\/2024\/01\/Wordpress-Thumbnailpng.png\",\"contentUrl\":\"https:\/\/urban-connect.com\/wp-content\/uploads\/2024\/01\/Wordpress-Thumbnailpng.png\",\"width\":900,\"height\":600,\"caption\":\"Digital Shapers 2023\"},{\"@type\":\"BreadcrumbList\",\"@id\":\"https:\/\/urban-connect.com\/it\/news\/svizzera-digitale-bilanz-judith-haberli-nominata-tra-i-100-top-digital-shapers-2023\/#breadcrumb\",\"itemListElement\":[{\"@type\":\"ListItem\",\"position\":1,\"name\":\"Home\",\"item\":\"https:\/\/urban-connect.com\/it\/\"},{\"@type\":\"ListItem\",\"position\":2,\"name\":\"Svizzera Digitale &amp; BILANZ: Judith H\u00e4berli nominata tra i 100 Top Digital Shapers 2023\"}]},{\"@type\":\"WebSite\",\"@id\":\"https:\/\/urban-connect.com\/it\/#website\",\"url\":\"https:\/\/urban-connect.com\/it\/\",\"name\":\"Urban Connect\",\"description\":\"\",\"potentialAction\":[{\"@type\":\"SearchAction\",\"target\":{\"@type\":\"EntryPoint\",\"urlTemplate\":\"https:\/\/urban-connect.com\/it\/?s={search_term_string}\"},\"query-input\":\"required name=search_term_string\"}],\"inLanguage\":\"it-IT\"}]}<\/script>\n<!-- \/ Yoast SEO plugin. -->","yoast_head_json":{"title":"Svizzera Digitale &amp; BILANZ: Judith H\u00e4berli nominata tra i 100 Top Digital Shapers 2023 - Urban Connect","robots":{"index":"index","follow":"follow","max-snippet":"max-snippet:-1","max-image-preview":"max-image-preview:large","max-video-preview":"max-video-preview:-1"},"canonical":"https:\/\/urban-connect.com\/it\/news\/svizzera-digitale-bilanz-judith-haberli-nominata-tra-i-100-top-digital-shapers-2023\/","og_locale":"it_IT","og_type":"article","og_title":"Svizzera Digitale &amp; BILANZ: Judith H\u00e4berli nominata tra i 100 Top Digital Shapers 2023 - Urban Connect","og_description":"Per l'ottavo anno consecutivo, BILANZ ha annunciato la selezione delle 100 persone pi\u00f9 influenti nella promozione della digitalizzazione in Svizzera. La cofondatrice e COO di Urban Connect, Judith H\u00e4berli, \u00e8 stata inserita nell'elenco come uno dei 10 \u201cMobilizzatori\u201d chiave, che hanno portato la mobilit\u00e0 nell'era digitale.","og_url":"https:\/\/urban-connect.com\/it\/news\/svizzera-digitale-bilanz-judith-haberli-nominata-tra-i-100-top-digital-shapers-2023\/","og_site_name":"Urban Connect","article_modified_time":"2024-09-19T13:25:09+00:00","og_image":[{"width":900,"height":600,"url":"https:\/\/urban-connect.com\/wp-content\/uploads\/2024\/01\/Wordpress-Thumbnailpng.png","type":"image\/png"}],"twitter_card":"summary_large_image","twitter_misc":{"Tempo di lettura stimato":"3 minuti"},"schema":{"@context":"https:\/\/schema.org","@graph":[{"@type":"WebPage","@id":"https:\/\/urban-connect.com\/it\/news\/svizzera-digitale-bilanz-judith-haberli-nominata-tra-i-100-top-digital-shapers-2023\/","url":"https:\/\/urban-connect.com\/it\/news\/svizzera-digitale-bilanz-judith-haberli-nominata-tra-i-100-top-digital-shapers-2023\/","name":"Svizzera Digitale &amp; BILANZ: Judith H\u00e4berli nominata tra i 100 Top Digital Shapers 2023 - Urban Connect","isPartOf":{"@id":"https:\/\/urban-connect.com\/it\/#website"},"primaryImageOfPage":{"@id":"https:\/\/urban-connect.com\/it\/news\/svizzera-digitale-bilanz-judith-haberli-nominata-tra-i-100-top-digital-shapers-2023\/#primaryimage"},"image":{"@id":"https:\/\/urban-connect.com\/it\/news\/svizzera-digitale-bilanz-judith-haberli-nominata-tra-i-100-top-digital-shapers-2023\/#primaryimage"},"thumbnailUrl":"https:\/\/urban-connect.com\/wp-content\/uploads\/2024\/01\/Wordpress-Thumbnailpng.png","datePublished":"2023-08-28T16:53:00+00:00","dateModified":"2024-09-19T13:25:09+00:00","breadcrumb":{"@id":"https:\/\/urban-connect.com\/it\/news\/svizzera-digitale-bilanz-judith-haberli-nominata-tra-i-100-top-digital-shapers-2023\/#breadcrumb"},"inLanguage":"it-IT","potentialAction":[{"@type":"ReadAction","target":["https:\/\/urban-connect.com\/it\/news\/svizzera-digitale-bilanz-judith-haberli-nominata-tra-i-100-top-digital-shapers-2023\/"]}]},{"@type":"ImageObject","inLanguage":"it-IT","@id":"https:\/\/urban-connect.com\/it\/news\/svizzera-digitale-bilanz-judith-haberli-nominata-tra-i-100-top-digital-shapers-2023\/#primaryimage","url":"https:\/\/urban-connect.com\/wp-content\/uploads\/2024\/01\/Wordpress-Thumbnailpng.png","contentUrl":"https:\/\/urban-connect.com\/wp-content\/uploads\/2024\/01\/Wordpress-Thumbnailpng.png","width":900,"height":600,"caption":"Digital Shapers 2023"},{"@type":"BreadcrumbList","@id":"https:\/\/urban-connect.com\/it\/news\/svizzera-digitale-bilanz-judith-haberli-nominata-tra-i-100-top-digital-shapers-2023\/#breadcrumb","itemListElement":[{"@type":"ListItem","position":1,"name":"Home","item":"https:\/\/urban-connect.com\/it\/"},{"@type":"ListItem","position":2,"name":"Svizzera Digitale &amp; BILANZ: Judith H\u00e4berli nominata tra i 100 Top Digital Shapers 2023"}]},{"@type":"WebSite","@id":"https:\/\/urban-connect.com\/it\/#website","url":"https:\/\/urban-connect.com\/it\/","name":"Urban Connect","description":"","potentialAction":[{"@type":"SearchAction","target":{"@type":"EntryPoint","urlTemplate":"https:\/\/urban-connect.com\/it\/?s={search_term_string}"},"query-input":"required name=search_term_string"}],"inLanguage":"it-IT"}]}},"_links":{"self":[{"href":"https:\/\/urban-connect.com\/it\/wp-json\/wp\/v2\/news\/5664","targetHints":{"allow":["GET"]}}],"collection":[{"href":"https:\/\/urban-connect.com\/it\/wp-json\/wp\/v2\/news"}],"about":[{"href":"https:\/\/urban-connect.com\/it\/wp-json\/wp\/v2\/types\/news"}],"wp:featuredmedia":[{"embeddable":true,"href":"https:\/\/urban-connect.com\/it\/wp-json\/wp\/v2\/media\/5453"}],"wp:attachment":[{"href":"https:\/\/urban-connect.com\/it\/wp-json\/wp\/v2\/media?parent=5664"}],"wp:term":[{"taxonomy":"news_category","embeddable":true,"href":"https:\/\/urban-connect.com\/it\/wp-json\/wp\/v2\/news_category?post=5664"}],"curies":[{"name":"wp","href":"https:\/\/api.w.org\/{rel}","templated":true}]}}