{"id":7243,"date":"2025-02-14T13:11:13","date_gmt":"2025-02-14T13:11:13","guid":{"rendered":"https:\/\/urban-connect.com\/?post_type=news&#038;p=7243"},"modified":"2025-02-14T12:42:42","modified_gmt":"2025-02-14T12:42:42","slug":"lunchlearn-la-mobilite-dentreprise-repensee-transformer-les-flottes-dentreprise-de-centres-de-couts-en-centres-de-profits-ecologiques","status":"publish","type":"news","link":"https:\/\/urban-connect.com\/fr\/news\/lunchlearn-la-mobilite-dentreprise-repensee-transformer-les-flottes-dentreprise-de-centres-de-couts-en-centres-de-profits-ecologiques\/","title":{"rendered":"Lunch&amp;Learn &#8211; La mobilit\u00e9 d&rsquo;entreprise repens\u00e9e: Transformer les flottes d&rsquo;entreprise de centres de co\u00fbts en centres de profits \u00e9cologiques"},"content":{"rendered":"\n<p><br><strong>Voici un bref aper\u00e7u du webinaire<\/strong><\/p>\n\n\n\n<figure class=\"wp-block-embed aligncenter is-type-video is-provider-youtube wp-block-embed-youtube wp-embed-aspect-16-9 wp-has-aspect-ratio\"><div class=\"wp-block-embed__wrapper\">\n<iframe loading=\"lazy\" title=\"Lunch&amp;Learn - Corporate Mobility Redesigned: turning fleets from cost centers into profit centers\" width=\"500\" height=\"281\" data-src=\"https:\/\/www.youtube.com\/embed\/V-SllAq-a8I?feature=oembed\" frameborder=\"0\" allow=\"accelerometer; autoplay; clipboard-write; encrypted-media; gyroscope; picture-in-picture; web-share\" referrerpolicy=\"strict-origin-when-cross-origin\" allowfullscreen src=\"data:image\/gif;base64,R0lGODlhAQABAAAAACH5BAEKAAEALAAAAAABAAEAAAICTAEAOw==\" class=\"lazyload\" data-load-mode=\"1\"><\/iframe>\n<\/div><\/figure>\n\n\n\n<div class=\"wp-block-columns is-layout-flex wp-container-core-columns-is-layout-9d6595d7 wp-block-columns-is-layout-flex\">\n<div class=\"wp-block-column is-layout-flow wp-block-column-is-layout-flow\" style=\"flex-basis:100%\">\n<p><\/p>\n\n\n\n<p><strong>Vous souhaitez d\u00e9bloquer l&rsquo;acc\u00e8s \u00e0 l&rsquo;int\u00e9gralit\u00e9 du webinaire? <\/strong>Remplissez le formulaire ci-dessous et nous vous enverrons le lien vers le webinaire complet directement dans votre bo\u00eete de r\u00e9ception.<\/p>\n\n\n\n<script charset=\"utf-8\" type=\"text\/javascript\" src=\"\/\/js.hsforms.net\/forms\/embed\/v2.js\"><\/script>\n<script>\n  hbspt.forms.create({\n    portalId: \"4873065\",\n    formId: \"13e05b98-fc7e-4bd0-a845-a129cbca2ce6\",\n    region: \"na1\"\n  });\n<\/script>\n<\/div>\n<\/div>\n\n\n\n<p><\/p>\n\n\n\n<p>Lors de ce webinaire Lunch&amp;Learn, Giles Keating (membre du conseil d&rsquo;Urban Connect), Robert Ruttmann (cofondateur et CEO d&rsquo;Urban Connect) et Nina Schamber (chef de produit chez Urban Connect) ont men\u00e9 une conversation interactive sur la mani\u00e8re dont les entreprises peuvent transformer leurs flottes de v\u00e9hicules en actifs \u00e9cologiques g\u00e9n\u00e9rateurs de revenus, au b\u00e9n\u00e9fice de l&rsquo;entreprise et de ses employ\u00e9s.<\/p>\n\n\n\n<p>Les \u00e9l\u00e9ments cl\u00e9s du webinaire incluent:<\/p>\n\n\n\n<ul class=\"wp-block-list\">\n<li><strong>De nouvelles sources de revenus<\/strong>: Les entreprises peuvent compenser les co\u00fbts de leur flotte en permettant \u00e0 leurs employ\u00e9s d&rsquo;utiliser les v\u00e9hicules de l&rsquo;entreprise pour leurs d\u00e9placements personnels gr\u00e2ce \u00e0 un mod\u00e8le structur\u00e9 de frais d&rsquo;utilisation.<\/li>\n\n\n\n<li><strong>Maximiser l&rsquo;utilisation de la flotte<\/strong>: La solution de partage Urban Connect optimise l&rsquo;utilisation des v\u00e9hicules, garantissant ainsi une efficacit\u00e9 et une durabilit\u00e9 accrues.<\/li>\n\n\n\n<li><strong>R\u00e9duire la d\u00e9pendance \u00e0 l&rsquo;\u00e9gard des v\u00e9hicules personnels<\/strong>: En offrant des options de mobilit\u00e9 partag\u00e9e, les entreprises peuvent contribuer \u00e0 la r\u00e9duction des \u00e9missions et \u00e0 un transport urbain plus durable.<\/li>\n\n\n\n<li><strong>Des exemples de r\u00e9ussite dans le monde r\u00e9el<\/strong>: Discussion autour de notre \u00e9tude de cas, soulignant comment les entreprises ont mis en \u0153uvre ces strat\u00e9gies avec succ\u00e8s.<\/li>\n<\/ul>\n\n\n\n<p>Change Mobility &#8211; Change the World<\/p>\n\n\n    <section class=\"related-posts\">\n        <div class=\"container\">\n            <h4 class=\"block-title\"><\/h4>\n        <\/div>\n        <div class=\"container posts-wrap\">\n            <div class=\"swiper swiper-related-posts\">\n                <div class=\"swiper-wrapper\">\n                                            <div class=\"swiper-slide\">\n                            <div class=\"card-horizontal\">\n    <div class=\"left-side\">\n                    <a href=\"https:\/\/urban-connect.com\/fr\/news\/wheels-wine-2026-une-edition-marquante-qui-faconne-lavenir-de-la-mobilite-dentreprise\/\">\n                <img decoding=\"async\" \n                    class=\"image lazyload\" data-src=\"https:\/\/urban-connect.com\/wp-content\/uploads\/2026\/03\/F06A4076-768x512.jpg\"\n                    data-srcset=\"https:\/\/urban-connect.com\/wp-content\/uploads\/2026\/03\/F06A4076-768x512.jpg 768w, https:\/\/urban-connect.com\/wp-content\/uploads\/2026\/03\/F06A4076-300x200.jpg 300w, https:\/\/urban-connect.com\/wp-content\/uploads\/2026\/03\/F06A4076-1024x683.jpg 1024w, https:\/\/urban-connect.com\/wp-content\/uploads\/2026\/03\/F06A4076-1536x1024.jpg 1536w, https:\/\/urban-connect.com\/wp-content\/uploads\/2026\/03\/F06A4076-2048x1365.jpg 2048w, https:\/\/urban-connect.com\/wp-content\/uploads\/2026\/03\/F06A4076-1620x1080.jpg 1620w\"\n                    data-sizes=\"(max-width: 768px) 100vw, 768px\"\n                    alt=\"Wheels &amp; Wine 2026 \u2013 Une \u00e9dition marquante qui fa\u00e7onne l'avenir de la mobilit\u00e9 d'entreprise\"\n                 src=\"data:image\/gif;base64,R0lGODlhAQABAAAAACH5BAEKAAEALAAAAAABAAEAAAICTAEAOw==\" style=\"--smush-placeholder-width: 768px; --smush-placeholder-aspect-ratio: 768\/512;\"><noscript><img decoding=\"async\" \n                    class=\"image\" src=\"https:\/\/urban-connect.com\/wp-content\/uploads\/2026\/03\/F06A4076-768x512.jpg\"\n                    srcset=\"https:\/\/urban-connect.com\/wp-content\/uploads\/2026\/03\/F06A4076-768x512.jpg 768w, https:\/\/urban-connect.com\/wp-content\/uploads\/2026\/03\/F06A4076-300x200.jpg 300w, https:\/\/urban-connect.com\/wp-content\/uploads\/2026\/03\/F06A4076-1024x683.jpg 1024w, https:\/\/urban-connect.com\/wp-content\/uploads\/2026\/03\/F06A4076-1536x1024.jpg 1536w, https:\/\/urban-connect.com\/wp-content\/uploads\/2026\/03\/F06A4076-2048x1365.jpg 2048w, https:\/\/urban-connect.com\/wp-content\/uploads\/2026\/03\/F06A4076-1620x1080.jpg 1620w\"\n                    sizes=\"(max-width: 768px) 100vw, 768px\"\n                    alt=\"Wheels &amp; Wine 2026 \u2013 Une \u00e9dition marquante qui fa\u00e7onne l'avenir de la mobilit\u00e9 d'entreprise\"\n                ><\/noscript>\n            <\/a>\n                <\/div>\n    <div class=\"right-side\">\n                    <a href=\"https:\/\/urban-connect.com\/fr\/news\/wheels-wine-2026-une-edition-marquante-qui-faconne-lavenir-de-la-mobilite-dentreprise\/\">\n                <h6 class=\"title\">Wheels &amp; Wine 2026 \u2013 Une \u00e9dition marquante qui fa\u00e7onne l&rsquo;avenir de la mobilit\u00e9 d&rsquo;entreprise<\/h6>\n            <\/a>\n                        <span class=\"date\">mars 24, 2026 <\/span>\n            \n\t        <\/div>\n<\/div>                        <\/div>\n                                                <div class=\"swiper-slide\">\n                            <div class=\"card-horizontal\">\n    <div class=\"left-side\">\n                    <a href=\"https:\/\/urban-connect.com\/fr\/news\/que-se-passera-t-il-lorsque-la-recharge-des-vehicules-electriques-fonctionnera-enfin\/\">\n                <img decoding=\"async\" \n                    class=\"image lazyload\" data-src=\"https:\/\/urban-connect.com\/wp-content\/uploads\/2026\/03\/Zaptec-cover-3-1-768x453.png\"\n                    data-srcset=\"https:\/\/urban-connect.com\/wp-content\/uploads\/2026\/03\/Zaptec-cover-3-1-768x453.png 768w, https:\/\/urban-connect.com\/wp-content\/uploads\/2026\/03\/Zaptec-cover-3-1-300x177.png 300w, https:\/\/urban-connect.com\/wp-content\/uploads\/2026\/03\/Zaptec-cover-3-1-1024x604.png 1024w, https:\/\/urban-connect.com\/wp-content\/uploads\/2026\/03\/Zaptec-cover-3-1-1536x906.png 1536w, https:\/\/urban-connect.com\/wp-content\/uploads\/2026\/03\/Zaptec-cover-3-1-2048x1208.png 2048w, https:\/\/urban-connect.com\/wp-content\/uploads\/2026\/03\/Zaptec-cover-3-1-1831x1080.png 1831w\"\n                    data-sizes=\"(max-width: 768px) 100vw, 768px\"\n                    alt=\"Que se passera-t-il lorsque la recharge des v\u00e9hicules \u00e9lectriques fonctionnera enfin?\"\n                 src=\"data:image\/gif;base64,R0lGODlhAQABAAAAACH5BAEKAAEALAAAAAABAAEAAAICTAEAOw==\" style=\"--smush-placeholder-width: 768px; --smush-placeholder-aspect-ratio: 768\/453;\"><noscript><img decoding=\"async\" \n                    class=\"image\" src=\"https:\/\/urban-connect.com\/wp-content\/uploads\/2026\/03\/Zaptec-cover-3-1-768x453.png\"\n                    srcset=\"https:\/\/urban-connect.com\/wp-content\/uploads\/2026\/03\/Zaptec-cover-3-1-768x453.png 768w, https:\/\/urban-connect.com\/wp-content\/uploads\/2026\/03\/Zaptec-cover-3-1-300x177.png 300w, https:\/\/urban-connect.com\/wp-content\/uploads\/2026\/03\/Zaptec-cover-3-1-1024x604.png 1024w, https:\/\/urban-connect.com\/wp-content\/uploads\/2026\/03\/Zaptec-cover-3-1-1536x906.png 1536w, https:\/\/urban-connect.com\/wp-content\/uploads\/2026\/03\/Zaptec-cover-3-1-2048x1208.png 2048w, https:\/\/urban-connect.com\/wp-content\/uploads\/2026\/03\/Zaptec-cover-3-1-1831x1080.png 1831w\"\n                    sizes=\"(max-width: 768px) 100vw, 768px\"\n                    alt=\"Que se passera-t-il lorsque la recharge des v\u00e9hicules \u00e9lectriques fonctionnera enfin?\"\n                ><\/noscript>\n            <\/a>\n                <\/div>\n    <div class=\"right-side\">\n                    <a href=\"https:\/\/urban-connect.com\/fr\/news\/que-se-passera-t-il-lorsque-la-recharge-des-vehicules-electriques-fonctionnera-enfin\/\">\n                <h6 class=\"title\">Que se passera-t-il lorsque la recharge des v\u00e9hicules \u00e9lectriques fonctionnera enfin?<\/h6>\n            <\/a>\n                        <span class=\"date\">mars 17, 2026 <\/span>\n            \n\t        <\/div>\n<\/div>                        <\/div>\n                                                <div class=\"swiper-slide\">\n                            <div class=\"card-horizontal\">\n    <div class=\"left-side\">\n                    <a href=\"https:\/\/urban-connect.com\/fr\/news\/spotlight-sur-les-etudes-de-cas-partenariat-entre-lonza-visp-et-urban-connect-pour-la-mobilite-durable\/\">\n                <img decoding=\"async\" \n                    class=\"image lazyload\" data-src=\"https:\/\/urban-connect.com\/wp-content\/uploads\/2026\/02\/HELSANA-x-UC-banner-768x511.png\"\n                    data-srcset=\"https:\/\/urban-connect.com\/wp-content\/uploads\/2026\/02\/HELSANA-x-UC-banner-768x511.png 768w, https:\/\/urban-connect.com\/wp-content\/uploads\/2026\/02\/HELSANA-x-UC-banner-300x199.png 300w, https:\/\/urban-connect.com\/wp-content\/uploads\/2026\/02\/HELSANA-x-UC-banner-1024x681.png 1024w, https:\/\/urban-connect.com\/wp-content\/uploads\/2026\/02\/HELSANA-x-UC-banner-1536x1021.png 1536w, https:\/\/urban-connect.com\/wp-content\/uploads\/2026\/02\/HELSANA-x-UC-banner.png 1590w\"\n                    data-sizes=\"(max-width: 768px) 100vw, 768px\"\n                    alt=\"Spotlight sur les \u00e9tudes de cas: Helsana offre \u00e0 3'400+ employ\u00e9s un budget de mobilit\u00e9 Urban Connect, et ce sans aucun probl\u00e8me gr\u00e2ce \u00e0 SCIM.\"\n                 src=\"data:image\/gif;base64,R0lGODlhAQABAAAAACH5BAEKAAEALAAAAAABAAEAAAICTAEAOw==\" style=\"--smush-placeholder-width: 768px; --smush-placeholder-aspect-ratio: 768\/511;\"><noscript><img decoding=\"async\" \n                    class=\"image\" src=\"https:\/\/urban-connect.com\/wp-content\/uploads\/2026\/02\/HELSANA-x-UC-banner-768x511.png\"\n                    srcset=\"https:\/\/urban-connect.com\/wp-content\/uploads\/2026\/02\/HELSANA-x-UC-banner-768x511.png 768w, https:\/\/urban-connect.com\/wp-content\/uploads\/2026\/02\/HELSANA-x-UC-banner-300x199.png 300w, https:\/\/urban-connect.com\/wp-content\/uploads\/2026\/02\/HELSANA-x-UC-banner-1024x681.png 1024w, https:\/\/urban-connect.com\/wp-content\/uploads\/2026\/02\/HELSANA-x-UC-banner-1536x1021.png 1536w, https:\/\/urban-connect.com\/wp-content\/uploads\/2026\/02\/HELSANA-x-UC-banner.png 1590w\"\n                    sizes=\"(max-width: 768px) 100vw, 768px\"\n                    alt=\"Spotlight sur les \u00e9tudes de cas: Helsana offre \u00e0 3'400+ employ\u00e9s un budget de mobilit\u00e9 Urban Connect, et ce sans aucun probl\u00e8me gr\u00e2ce \u00e0 SCIM.\"\n                ><\/noscript>\n            <\/a>\n                <\/div>\n    <div class=\"right-side\">\n                    <a href=\"https:\/\/urban-connect.com\/fr\/news\/spotlight-sur-les-etudes-de-cas-partenariat-entre-lonza-visp-et-urban-connect-pour-la-mobilite-durable\/\">\n                <h6 class=\"title\">Spotlight sur les \u00e9tudes de cas: Helsana offre \u00e0 3&rsquo;400+ employ\u00e9s un budget de mobilit\u00e9 Urban Connect, et ce sans aucun probl\u00e8me gr\u00e2ce \u00e0 SCIM.<\/h6>\n            <\/a>\n                        <span class=\"date\">f\u00e9vrier 05, 2026 <\/span>\n            \n\t        <\/div>\n<\/div>                        <\/div>\n                                        <\/div>\n                <div class=\"btn-slider \">\n    <div class=\"prev\">\n        <svg width=\"22\" height=\"12\" viewBox=\"0 0 22 12\" fill=\"none\" xmlns=\"http:\/\/www.w3.org\/2000\/svg\">\n            <path d=\"M5.094 4.476L7.74 1.83L6.03 0.102L0.432 5.7L6.03 11.298L7.74 9.57L5.076 6.906H21.42V4.476H5.094Z\" fill=\"white\"\/>\n        <\/svg>\n    <\/div>\n    <div class=\"next\">\n        <svg width=\"22\" height=\"12\" viewBox=\"0 0 22 12\" fill=\"none\" xmlns=\"http:\/\/www.w3.org\/2000\/svg\">\n            <path d=\"M14.292 1.83L16.938 4.476H0.612V6.906H16.956L14.292 9.57L16.002 11.298L21.6 5.7L16.002 0.102L14.292 1.83Z\" fill=\"white\"\/>\n        <\/svg>\n    <\/div>\n<\/div>            <\/div>\n        <\/div>\n    <\/section>\n    ","protected":false},"excerpt":{"rendered":"<p>Voici un bref aper\u00e7u du webinaire Vous souhaitez d\u00e9bloquer l&rsquo;acc\u00e8s \u00e0 l&rsquo;int\u00e9gralit\u00e9 du webinaire? Remplissez le formulaire ci-dessous et nous vous enverrons le lien vers le webinaire complet directement dans votre bo\u00eete de r\u00e9ception. Lors de ce webinaire Lunch&amp;Learn, Giles Keating (membre du conseil d&rsquo;Urban Connect), Robert Ruttmann (cofondateur et CEO d&rsquo;Urban Connect) et Nina [&hellip;]<\/p>\n","protected":false},"featured_media":7247,"parent":0,"template":"","news_category":[42],"class_list":["post-7243","news","type-news","status-publish","has-post-thumbnail","hentry","news_category-webinars-fr"],"acf":[],"yoast_head":"<!-- This site is optimized with the Yoast SEO plugin v23.2 - https:\/\/yoast.com\/wordpress\/plugins\/seo\/ -->\n<title>Lunch&amp;Learn - La mobilit\u00e9 d&#039;entreprise repens\u00e9e: Transformer les flottes d&#039;entreprise de centres de co\u00fbts en centres de profits \u00e9cologiques - Urban Connect<\/title>\n<meta name=\"robots\" content=\"index, follow, max-snippet:-1, max-image-preview:large, max-video-preview:-1\" \/>\n<link rel=\"canonical\" href=\"https:\/\/urban-connect.com\/fr\/news\/lunchlearn-la-mobilite-dentreprise-repensee-transformer-les-flottes-dentreprise-de-centres-de-couts-en-centres-de-profits-ecologiques\/\" \/>\n<meta property=\"og:locale\" content=\"fr_FR\" \/>\n<meta property=\"og:type\" content=\"article\" \/>\n<meta property=\"og:title\" content=\"Lunch&amp;Learn - La mobilit\u00e9 d&#039;entreprise repens\u00e9e: Transformer les flottes d&#039;entreprise de centres de co\u00fbts en centres de profits \u00e9cologiques - Urban Connect\" \/>\n<meta property=\"og:description\" content=\"Voici un bref aper\u00e7u du webinaire Vous souhaitez d\u00e9bloquer l&rsquo;acc\u00e8s \u00e0 l&rsquo;int\u00e9gralit\u00e9 du webinaire? Remplissez le formulaire ci-dessous et nous vous enverrons le lien vers le webinaire complet directement dans votre bo\u00eete de r\u00e9ception. Lors de ce webinaire Lunch&amp;Learn, Giles Keating (membre du conseil d&rsquo;Urban Connect), Robert Ruttmann (cofondateur et CEO d&rsquo;Urban Connect) et Nina [&hellip;]\" \/>\n<meta property=\"og:url\" content=\"https:\/\/urban-connect.com\/fr\/news\/lunchlearn-la-mobilite-dentreprise-repensee-transformer-les-flottes-dentreprise-de-centres-de-couts-en-centres-de-profits-ecologiques\/\" \/>\n<meta property=\"og:site_name\" content=\"Urban Connect\" \/>\n<meta property=\"article:modified_time\" content=\"2025-02-14T12:42:42+00:00\" \/>\n<meta property=\"og:image\" content=\"https:\/\/urban-connect.com\/wp-content\/uploads\/2025\/02\/WordpressRobertWebinar-scaled.jpg\" \/>\n\t<meta property=\"og:image:width\" content=\"2560\" \/>\n\t<meta property=\"og:image:height\" content=\"1405\" \/>\n\t<meta property=\"og:image:type\" content=\"image\/jpeg\" \/>\n<meta name=\"twitter:card\" content=\"summary_large_image\" \/>\n<meta name=\"twitter:label1\" content=\"Dur\u00e9e de lecture estim\u00e9e\" \/>\n\t<meta name=\"twitter:data1\" content=\"2 minutes\" \/>\n<script type=\"application\/ld+json\" class=\"yoast-schema-graph\">{\"@context\":\"https:\/\/schema.org\",\"@graph\":[{\"@type\":\"WebPage\",\"@id\":\"https:\/\/urban-connect.com\/fr\/news\/lunchlearn-la-mobilite-dentreprise-repensee-transformer-les-flottes-dentreprise-de-centres-de-couts-en-centres-de-profits-ecologiques\/\",\"url\":\"https:\/\/urban-connect.com\/fr\/news\/lunchlearn-la-mobilite-dentreprise-repensee-transformer-les-flottes-dentreprise-de-centres-de-couts-en-centres-de-profits-ecologiques\/\",\"name\":\"Lunch&amp;Learn - La mobilit\u00e9 d'entreprise repens\u00e9e: Transformer les flottes d'entreprise de centres de co\u00fbts en centres de profits \u00e9cologiques - Urban Connect\",\"isPartOf\":{\"@id\":\"https:\/\/urban-connect.com\/fr\/#website\"},\"primaryImageOfPage\":{\"@id\":\"https:\/\/urban-connect.com\/fr\/news\/lunchlearn-la-mobilite-dentreprise-repensee-transformer-les-flottes-dentreprise-de-centres-de-couts-en-centres-de-profits-ecologiques\/#primaryimage\"},\"image\":{\"@id\":\"https:\/\/urban-connect.com\/fr\/news\/lunchlearn-la-mobilite-dentreprise-repensee-transformer-les-flottes-dentreprise-de-centres-de-couts-en-centres-de-profits-ecologiques\/#primaryimage\"},\"thumbnailUrl\":\"https:\/\/urban-connect.com\/wp-content\/uploads\/2025\/02\/RobertandGiles-scaled.jpg\",\"datePublished\":\"2025-02-14T13:11:13+00:00\",\"dateModified\":\"2025-02-14T12:42:42+00:00\",\"breadcrumb\":{\"@id\":\"https:\/\/urban-connect.com\/fr\/news\/lunchlearn-la-mobilite-dentreprise-repensee-transformer-les-flottes-dentreprise-de-centres-de-couts-en-centres-de-profits-ecologiques\/#breadcrumb\"},\"inLanguage\":\"fr-FR\",\"potentialAction\":[{\"@type\":\"ReadAction\",\"target\":[\"https:\/\/urban-connect.com\/fr\/news\/lunchlearn-la-mobilite-dentreprise-repensee-transformer-les-flottes-dentreprise-de-centres-de-couts-en-centres-de-profits-ecologiques\/\"]}]},{\"@type\":\"ImageObject\",\"inLanguage\":\"fr-FR\",\"@id\":\"https:\/\/urban-connect.com\/fr\/news\/lunchlearn-la-mobilite-dentreprise-repensee-transformer-les-flottes-dentreprise-de-centres-de-couts-en-centres-de-profits-ecologiques\/#primaryimage\",\"url\":\"https:\/\/urban-connect.com\/wp-content\/uploads\/2025\/02\/RobertandGiles-scaled.jpg\",\"contentUrl\":\"https:\/\/urban-connect.com\/wp-content\/uploads\/2025\/02\/RobertandGiles-scaled.jpg\",\"width\":2560,\"height\":1923},{\"@type\":\"BreadcrumbList\",\"@id\":\"https:\/\/urban-connect.com\/fr\/news\/lunchlearn-la-mobilite-dentreprise-repensee-transformer-les-flottes-dentreprise-de-centres-de-couts-en-centres-de-profits-ecologiques\/#breadcrumb\",\"itemListElement\":[{\"@type\":\"ListItem\",\"position\":1,\"name\":\"Home\",\"item\":\"https:\/\/urban-connect.com\/fr\/\"},{\"@type\":\"ListItem\",\"position\":2,\"name\":\"Lunch&amp;Learn &#8211; La mobilit\u00e9 d&#8217;entreprise repens\u00e9e: Transformer les flottes d&#8217;entreprise de centres de co\u00fbts en centres de profits \u00e9cologiques\"}]},{\"@type\":\"WebSite\",\"@id\":\"https:\/\/urban-connect.com\/fr\/#website\",\"url\":\"https:\/\/urban-connect.com\/fr\/\",\"name\":\"Urban Connect\",\"description\":\"\",\"potentialAction\":[{\"@type\":\"SearchAction\",\"target\":{\"@type\":\"EntryPoint\",\"urlTemplate\":\"https:\/\/urban-connect.com\/fr\/?s={search_term_string}\"},\"query-input\":\"required name=search_term_string\"}],\"inLanguage\":\"fr-FR\"}]}<\/script>\n<!-- \/ Yoast SEO plugin. -->","yoast_head_json":{"title":"Lunch&amp;Learn - La mobilit\u00e9 d'entreprise repens\u00e9e: Transformer les flottes d'entreprise de centres de co\u00fbts en centres de profits \u00e9cologiques - Urban Connect","robots":{"index":"index","follow":"follow","max-snippet":"max-snippet:-1","max-image-preview":"max-image-preview:large","max-video-preview":"max-video-preview:-1"},"canonical":"https:\/\/urban-connect.com\/fr\/news\/lunchlearn-la-mobilite-dentreprise-repensee-transformer-les-flottes-dentreprise-de-centres-de-couts-en-centres-de-profits-ecologiques\/","og_locale":"fr_FR","og_type":"article","og_title":"Lunch&amp;Learn - La mobilit\u00e9 d'entreprise repens\u00e9e: Transformer les flottes d'entreprise de centres de co\u00fbts en centres de profits \u00e9cologiques - Urban Connect","og_description":"Voici un bref aper\u00e7u du webinaire Vous souhaitez d\u00e9bloquer l&rsquo;acc\u00e8s \u00e0 l&rsquo;int\u00e9gralit\u00e9 du webinaire? Remplissez le formulaire ci-dessous et nous vous enverrons le lien vers le webinaire complet directement dans votre bo\u00eete de r\u00e9ception. Lors de ce webinaire Lunch&amp;Learn, Giles Keating (membre du conseil d&rsquo;Urban Connect), Robert Ruttmann (cofondateur et CEO d&rsquo;Urban Connect) et Nina [&hellip;]","og_url":"https:\/\/urban-connect.com\/fr\/news\/lunchlearn-la-mobilite-dentreprise-repensee-transformer-les-flottes-dentreprise-de-centres-de-couts-en-centres-de-profits-ecologiques\/","og_site_name":"Urban Connect","article_modified_time":"2025-02-14T12:42:42+00:00","og_image":[{"width":2560,"height":1405,"url":"https:\/\/urban-connect.com\/wp-content\/uploads\/2025\/02\/WordpressRobertWebinar-scaled.jpg","type":"image\/jpeg"}],"twitter_card":"summary_large_image","twitter_misc":{"Dur\u00e9e de lecture estim\u00e9e":"2 minutes"},"schema":{"@context":"https:\/\/schema.org","@graph":[{"@type":"WebPage","@id":"https:\/\/urban-connect.com\/fr\/news\/lunchlearn-la-mobilite-dentreprise-repensee-transformer-les-flottes-dentreprise-de-centres-de-couts-en-centres-de-profits-ecologiques\/","url":"https:\/\/urban-connect.com\/fr\/news\/lunchlearn-la-mobilite-dentreprise-repensee-transformer-les-flottes-dentreprise-de-centres-de-couts-en-centres-de-profits-ecologiques\/","name":"Lunch&amp;Learn - La mobilit\u00e9 d'entreprise repens\u00e9e: Transformer les flottes d'entreprise de centres de co\u00fbts en centres de profits \u00e9cologiques - Urban Connect","isPartOf":{"@id":"https:\/\/urban-connect.com\/fr\/#website"},"primaryImageOfPage":{"@id":"https:\/\/urban-connect.com\/fr\/news\/lunchlearn-la-mobilite-dentreprise-repensee-transformer-les-flottes-dentreprise-de-centres-de-couts-en-centres-de-profits-ecologiques\/#primaryimage"},"image":{"@id":"https:\/\/urban-connect.com\/fr\/news\/lunchlearn-la-mobilite-dentreprise-repensee-transformer-les-flottes-dentreprise-de-centres-de-couts-en-centres-de-profits-ecologiques\/#primaryimage"},"thumbnailUrl":"https:\/\/urban-connect.com\/wp-content\/uploads\/2025\/02\/RobertandGiles-scaled.jpg","datePublished":"2025-02-14T13:11:13+00:00","dateModified":"2025-02-14T12:42:42+00:00","breadcrumb":{"@id":"https:\/\/urban-connect.com\/fr\/news\/lunchlearn-la-mobilite-dentreprise-repensee-transformer-les-flottes-dentreprise-de-centres-de-couts-en-centres-de-profits-ecologiques\/#breadcrumb"},"inLanguage":"fr-FR","potentialAction":[{"@type":"ReadAction","target":["https:\/\/urban-connect.com\/fr\/news\/lunchlearn-la-mobilite-dentreprise-repensee-transformer-les-flottes-dentreprise-de-centres-de-couts-en-centres-de-profits-ecologiques\/"]}]},{"@type":"ImageObject","inLanguage":"fr-FR","@id":"https:\/\/urban-connect.com\/fr\/news\/lunchlearn-la-mobilite-dentreprise-repensee-transformer-les-flottes-dentreprise-de-centres-de-couts-en-centres-de-profits-ecologiques\/#primaryimage","url":"https:\/\/urban-connect.com\/wp-content\/uploads\/2025\/02\/RobertandGiles-scaled.jpg","contentUrl":"https:\/\/urban-connect.com\/wp-content\/uploads\/2025\/02\/RobertandGiles-scaled.jpg","width":2560,"height":1923},{"@type":"BreadcrumbList","@id":"https:\/\/urban-connect.com\/fr\/news\/lunchlearn-la-mobilite-dentreprise-repensee-transformer-les-flottes-dentreprise-de-centres-de-couts-en-centres-de-profits-ecologiques\/#breadcrumb","itemListElement":[{"@type":"ListItem","position":1,"name":"Home","item":"https:\/\/urban-connect.com\/fr\/"},{"@type":"ListItem","position":2,"name":"Lunch&amp;Learn &#8211; La mobilit\u00e9 d&#8217;entreprise repens\u00e9e: Transformer les flottes d&#8217;entreprise de centres de co\u00fbts en centres de profits \u00e9cologiques"}]},{"@type":"WebSite","@id":"https:\/\/urban-connect.com\/fr\/#website","url":"https:\/\/urban-connect.com\/fr\/","name":"Urban Connect","description":"","potentialAction":[{"@type":"SearchAction","target":{"@type":"EntryPoint","urlTemplate":"https:\/\/urban-connect.com\/fr\/?s={search_term_string}"},"query-input":"required name=search_term_string"}],"inLanguage":"fr-FR"}]}},"_links":{"self":[{"href":"https:\/\/urban-connect.com\/fr\/wp-json\/wp\/v2\/news\/7243","targetHints":{"allow":["GET"]}}],"collection":[{"href":"https:\/\/urban-connect.com\/fr\/wp-json\/wp\/v2\/news"}],"about":[{"href":"https:\/\/urban-connect.com\/fr\/wp-json\/wp\/v2\/types\/news"}],"wp:featuredmedia":[{"embeddable":true,"href":"https:\/\/urban-connect.com\/fr\/wp-json\/wp\/v2\/media\/7247"}],"wp:attachment":[{"href":"https:\/\/urban-connect.com\/fr\/wp-json\/wp\/v2\/media?parent=7243"}],"wp:term":[{"taxonomy":"news_category","embeddable":true,"href":"https:\/\/urban-connect.com\/fr\/wp-json\/wp\/v2\/news_category?post=7243"}],"curies":[{"name":"wp","href":"https:\/\/api.w.org\/{rel}","templated":true}]}}