{"id":7203,"date":"2025-01-30T16:46:09","date_gmt":"2025-01-30T16:46:09","guid":{"rendered":"https:\/\/urban-connect.com\/?post_type=news&#038;p=7203"},"modified":"2025-02-14T09:03:10","modified_gmt":"2025-02-14T09:03:10","slug":"spotlight-sur-les-etudes-de-cas-transformer-les-flottes-de-centres-de-couts-en-centres-de-profits","status":"publish","type":"news","link":"https:\/\/urban-connect.com\/fr\/news\/spotlight-sur-les-etudes-de-cas-transformer-les-flottes-de-centres-de-couts-en-centres-de-profits\/","title":{"rendered":"Spotlight sur les \u00e9tudes de cas: Transformer les flottes de centres de co\u00fbts en centres de profits"},"content":{"rendered":"\n<p>La gestion des parking automobiles d&rsquo;entreprise est depuis longtemps confront\u00e9e \u00e0 deux d\u00e9fis majeurs : des co\u00fbts totaux de possession \u00e9lev\u00e9s et des taux d&rsquo;utilisation du parc automobile toujours faibles. Ces probl\u00e8mes ne font pas que gonfler les d\u00e9penses, ils nuisent \u00e9galement \u00e0 la rentabilit\u00e9 globale. Pour rem\u00e9dier \u00e0 ces probl\u00e8mes, Urban Connect a d\u00e9velopp\u00e9 une plateforme de pointe con\u00e7ue pour relever ces d\u00e9fis de front, offrant aux entreprises les avantages suivants :<\/p>\n\n\n\n<ul class=\"wp-block-list\">\n<li>Possibilit\u00e9 de <strong>mon\u00e9tiser les flottes<\/strong> en les rendant num\u00e9riquement partageables et en ouvrant l&rsquo;utilisation \u00e0 des fins priv\u00e9es.<\/li>\n<\/ul>\n\n\n\n<ul class=\"wp-block-list\">\n<li>Possibilit\u00e9 <strong>d&rsquo;augmenter l&rsquo;utilisation<\/strong> en rendant les v\u00e9hicules num\u00e9riquement partageables entre les groupes d&rsquo;utilisateurs et les employ\u00e9s.<\/li>\n<\/ul>\n\n\n\n<ul class=\"wp-block-list\">\n<li><strong>Moins d&rsquo;efforts administratifs<\/strong> gr\u00e2ce \u00e0 une utilisation facile bas\u00e9e sur une application et des rapports de d\u00e9penses automatiques.<\/li>\n<\/ul>\n\n\n\n<ul class=\"wp-block-list\">\n<li><strong>Contr\u00f4le total de la plateforme<\/strong> avec la possibilit\u00e9 de la personnaliser (par exemple, cr\u00e9er des groupes d&rsquo;utilisateurs) afin d&rsquo;optimiser les \u00e9missions, les co\u00fbts et les efforts administratifs.<\/li>\n<\/ul>\n\n\n\n<p><strong>Permettre l&rsquo;utilisation de v\u00e9hicules d&rsquo;entreprise \u00e0 des fins priv\u00e9es.<\/strong><\/p>\n\n\n\n<p>La plateforme permet aux entreprises de d\u00e9ployer intelligemment une flotte de v\u00e9hicules \u00e0 la fois pour un usage professionnel et priv\u00e9, au b\u00e9n\u00e9fice des entreprises et de leurs employ\u00e9s. Permettre aux employ\u00e9s d&rsquo;utiliser les v\u00e9hicules de l&rsquo;entreprise pour leurs d\u00e9placements personnels cr\u00e9e une nouvelle source de revenus gr\u00e2ce aux frais d&rsquo;utilisation. Cela permet non seulement de compenser les co\u00fbts op\u00e9rationnels, mais aussi d&rsquo;aider les gestionnaires de flottes \u00e0 transformer les flottes d&rsquo;entreprise en centres de profit potentiels. En g\u00e9n\u00e9ral, les entreprises facturent l&rsquo;utilisation des voitures de fonction \u00e0 des fins priv\u00e9es entre CHF 4 et 10 par heure, y compris tous les frais suppl\u00e9mentaires (recharge et kilom\u00e9trage exc\u00e9dentaire jusqu&rsquo;\u00e0 200 km par jour). Ainsi, les employ\u00e9s b\u00e9n\u00e9ficient d&rsquo;un acc\u00e8s pratique et convivial \u00e0 une flotte de voitures \u00e0 des prix tr\u00e8s attractifs.<\/p>\n\n\n\n<p>Au-del\u00e0 de cet avantage imm\u00e9diat en termes de co\u00fbts, la solution g\u00e9n\u00e8re des avantages secondaires de grande port\u00e9e, notamment:<\/p>\n\n\n\n<ul class=\"wp-block-list\">\n<li><strong>Maximisation de l&rsquo;utilisation des v\u00e9hicules :<\/strong> dans les flottes traditionnelles, les v\u00e9hicules restent souvent inutilis\u00e9s pendant de longues p\u00e9riodes. La solution de partage Urban Connect garantit des taux d&rsquo;utilisation plus \u00e9lev\u00e9s en mettant les v\u00e9hicules \u00e0 la disposition des particuliers pendant les heures creuses. Cette utilisation accrue maximise consid\u00e9rablement le retour sur investissement des actifs de la flotte.<\/li>\n<\/ul>\n\n\n\n<ul class=\"wp-block-list\">\n<li><strong>R\u00e9duction du besoin de v\u00e9hicules personnels : <\/strong>la solution de partage Urban Connect r\u00e9duit la n\u00e9cessit\u00e9 pour les employ\u00e9s de poss\u00e9der des v\u00e9hicules personnels, en particulier dans les zones urbaines o\u00f9 le stationnement et la congestion sont des probl\u00e8mes majeurs. Cela favorise une culture de la mobilit\u00e9 partag\u00e9e qui, \u00e0 son tour, r\u00e9duit le nombre total de v\u00e9hicules sur la route, contribuant ainsi \u00e0 la r\u00e9duction des \u00e9missions et des embouteillages.<\/li>\n<\/ul>\n\n\n\n<ul class=\"wp-block-list\">\n<li><strong>Suivi et analyse des donn\u00e9es:<\/strong> les rapports en temps r\u00e9el de la plateforme UC permettent de s&rsquo;assurer que les v\u00e9hicules sont utilis\u00e9s de mani\u00e8re efficace et responsable. En tant que telles, les donn\u00e9es t\u00e9l\u00e9matiques peuvent surveiller les sch\u00e9mas d&rsquo;utilisation, ce qui permet une meilleure planification et une meilleure r\u00e9partition des v\u00e9hicules dans une flotte. Les donn\u00e9es peuvent \u00e9galement aider \u00e0 g\u00e9rer la transition vers les v\u00e9hicules \u00e9lectriques (VE) en fournissant des informations sur les performances et l&rsquo;efficacit\u00e9 des VE par rapport aux v\u00e9hicules traditionnels \u00e0 moteur \u00e0 combustion interne. Cela permet de prendre des d\u00e9cisions \u00e9clair\u00e9es sur la composition de la flotte et d&rsquo;autres d\u00e9cisions strat\u00e9giques concernant la gestion des \u00e9missions.<\/li>\n<\/ul>\n\n\n\n<ul class=\"wp-block-list\">\n<li><strong>Moins de bureaucratie gr\u00e2ce \u00e0 la facturation automatis\u00e9e :<\/strong> le syst\u00e8me UC peut automatiser la s\u00e9paration de la facturation entre les usages professionnels et priv\u00e9s, garantissant ainsi une comptabilit\u00e9 pr\u00e9cise et transparente. Cela permet de r\u00e9duire les frais administratifs, de fournir des relev\u00e9s clairs de l&rsquo;utilisation et de l&rsquo;affectation des frais, et d&rsquo;am\u00e9liorer la satisfaction des utilisateurs.<\/li>\n<\/ul>\n\n\n\n<p>De nombreux exemples montrent comment les entreprises am\u00e9liorent leur rentabilit\u00e9 et renforcent l&rsquo;engagement g\u00e9n\u00e9ral des employ\u00e9s gr\u00e2ce \u00e0 un tel syst\u00e8me.<\/p>\n\n\n\n<figure class=\"wp-block-image size-large is-resized\"><img loading=\"lazy\" decoding=\"async\" width=\"1024\" height=\"932\" data-src=\"https:\/\/urban-connect.com\/wp-content\/uploads\/2025\/02\/Exemple1FR-1024x932.png\" alt=\"\" class=\"wp-image-7204 lazyload\" style=\"--smush-placeholder-width: 1024px; --smush-placeholder-aspect-ratio: 1024\/932;width:677px;height:auto\" data-srcset=\"https:\/\/urban-connect.com\/wp-content\/uploads\/2025\/02\/Exemple1FR-1024x932.png 1024w, https:\/\/urban-connect.com\/wp-content\/uploads\/2025\/02\/Exemple1FR-300x273.png 300w, https:\/\/urban-connect.com\/wp-content\/uploads\/2025\/02\/Exemple1FR-768x699.png 768w, https:\/\/urban-connect.com\/wp-content\/uploads\/2025\/02\/Exemple1FR-1187x1080.png 1187w, https:\/\/urban-connect.com\/wp-content\/uploads\/2025\/02\/Exemple1FR.png 1500w\" data-sizes=\"auto, (max-width: 1024px) 100vw, 1024px\" src=\"data:image\/gif;base64,R0lGODlhAQABAAAAACH5BAEKAAEALAAAAAABAAEAAAICTAEAOw==\" \/><noscript><img loading=\"lazy\" decoding=\"async\" width=\"1024\" height=\"932\" src=\"https:\/\/urban-connect.com\/wp-content\/uploads\/2025\/02\/Exemple1FR-1024x932.png\" alt=\"\" class=\"wp-image-7204\" style=\"width:677px;height:auto\" srcset=\"https:\/\/urban-connect.com\/wp-content\/uploads\/2025\/02\/Exemple1FR-1024x932.png 1024w, https:\/\/urban-connect.com\/wp-content\/uploads\/2025\/02\/Exemple1FR-300x273.png 300w, https:\/\/urban-connect.com\/wp-content\/uploads\/2025\/02\/Exemple1FR-768x699.png 768w, https:\/\/urban-connect.com\/wp-content\/uploads\/2025\/02\/Exemple1FR-1187x1080.png 1187w, https:\/\/urban-connect.com\/wp-content\/uploads\/2025\/02\/Exemple1FR.png 1500w\" sizes=\"auto, (max-width: 1024px) 100vw, 1024px\" \/><\/noscript><\/figure>\n\n\n\n<p><strong>L&rsquo;entreprise A<\/strong>, une grande soci\u00e9t\u00e9 pharmaceutique, accro\u00eet la satisfaction de ses employ\u00e9s \u00e0 un co\u00fbt quasi nul.<\/p>\n\n\n\n<p>L&rsquo;entreprise A d\u00e9ploie 30 voitures \u00e9lectriques partag\u00e9es \u00e0 des fins professionnelles et priv\u00e9es. La structure tarifaire est con\u00e7ue pour \u00eatre tr\u00e8s attractive pour les employ\u00e9s, offrant des tarifs de 6 CHF par heure de jour et de 2 CHF par heure de nuit. Ce prix abordable encourage les employ\u00e9s \u00e0 prendre leur voiture pour se rendre \u00e0 leur domicile lorsqu&rsquo;ils travaillent tard ou qu&rsquo;ils n&rsquo;ont pas de correspondance avec les transports publics.<\/p>\n\n\n\n<p>Gr\u00e2ce \u00e0 cette structure d&rsquo;offre attrayante, l&rsquo;entreprise A permet d\u00e9sormais plus de 1 500 trajets priv\u00e9s mensuels par le biais de la flotte partag\u00e9e de l&rsquo;entreprise, g\u00e9n\u00e9rant pr\u00e8s de 30 000 francs suisses de revenus priv\u00e9s. Parall\u00e8lement, la solution centralis\u00e9e et compl\u00e8te r\u00e9duit les frais g\u00e9n\u00e9raux de l&rsquo;\u00e9quipe de mobilit\u00e9 d&rsquo;environ 10 %. En cons\u00e9quence, 76% de plus de 40 000 francs suisses de co\u00fbts mensuels de flotte sont effectivement r\u00e9duits pour l&rsquo;entreprise.<\/p>\n\n\n\n<figure class=\"wp-block-image size-large is-resized\"><img loading=\"lazy\" decoding=\"async\" width=\"697\" height=\"1024\" data-src=\"https:\/\/urban-connect.com\/wp-content\/uploads\/2025\/02\/Frame-5-697x1024.png\" alt=\"\" class=\"wp-image-7208 lazyload\" style=\"--smush-placeholder-width: 697px; --smush-placeholder-aspect-ratio: 697\/1024;width:542px;height:auto\" data-srcset=\"https:\/\/urban-connect.com\/wp-content\/uploads\/2025\/02\/Frame-5-697x1024.png 697w, https:\/\/urban-connect.com\/wp-content\/uploads\/2025\/02\/Frame-5-204x300.png 204w, https:\/\/urban-connect.com\/wp-content\/uploads\/2025\/02\/Frame-5-768x1129.png 768w, https:\/\/urban-connect.com\/wp-content\/uploads\/2025\/02\/Frame-5-1045x1536.png 1045w, https:\/\/urban-connect.com\/wp-content\/uploads\/2025\/02\/Frame-5-735x1080.png 735w, https:\/\/urban-connect.com\/wp-content\/uploads\/2025\/02\/Frame-5.png 1200w\" data-sizes=\"auto, (max-width: 697px) 100vw, 697px\" src=\"data:image\/gif;base64,R0lGODlhAQABAAAAACH5BAEKAAEALAAAAAABAAEAAAICTAEAOw==\" \/><noscript><img loading=\"lazy\" decoding=\"async\" width=\"697\" height=\"1024\" src=\"https:\/\/urban-connect.com\/wp-content\/uploads\/2025\/02\/Frame-5-697x1024.png\" alt=\"\" class=\"wp-image-7208\" style=\"width:542px;height:auto\" srcset=\"https:\/\/urban-connect.com\/wp-content\/uploads\/2025\/02\/Frame-5-697x1024.png 697w, https:\/\/urban-connect.com\/wp-content\/uploads\/2025\/02\/Frame-5-204x300.png 204w, https:\/\/urban-connect.com\/wp-content\/uploads\/2025\/02\/Frame-5-768x1129.png 768w, https:\/\/urban-connect.com\/wp-content\/uploads\/2025\/02\/Frame-5-1045x1536.png 1045w, https:\/\/urban-connect.com\/wp-content\/uploads\/2025\/02\/Frame-5-735x1080.png 735w, https:\/\/urban-connect.com\/wp-content\/uploads\/2025\/02\/Frame-5.png 1200w\" sizes=\"auto, (max-width: 697px) 100vw, 697px\" \/><\/noscript><\/figure>\n\n\n\n<p>En plus d&rsquo;une forte contribution financi\u00e8re, les avantages et l&rsquo;engagement des employ\u00e9s se sont consid\u00e9rablement am\u00e9lior\u00e9s. Plus de 7 000 employ\u00e9s se sont inscrits et plus de 550 employ\u00e9s partagent les 30 voitures au moins une fois par mois, ce qui se traduit par une moyenne de plus de 18 utilisateurs uniques par v\u00e9hicule chaque mois. Une enqu\u00eate men\u00e9e l&rsquo;ann\u00e9e derni\u00e8re aupr\u00e8s de 407 employ\u00e9s a r\u00e9v\u00e9l\u00e9 que l&rsquo;offre Urban Connect avait incit\u00e9 21 % des personnes interrog\u00e9es \u00e0 renoncer \u00e0 la possession d&rsquo;une voiture particuli\u00e8re, soit en vendant leur v\u00e9hicule existant, soit en reportant leur projet d&rsquo;achat. En outre, les co\u00fbts d&rsquo;exploitation de la flotte partag\u00e9e de voitures \u00e9lectriques sont essentiellement compens\u00e9s par les revenus g\u00e9n\u00e9r\u00e9s par l&rsquo;utilisation priv\u00e9e des v\u00e9hicules par les employ\u00e9s. Cela permet \u00e0 l&rsquo;entreprise cliente d&rsquo;offrir \u00e0 ses employ\u00e9s un service de grande valeur \u00e0 un co\u00fbt pratiquement \u00e9gal au seuil de rentabilit\u00e9.<\/p>\n\n\n\n<figure class=\"wp-block-image size-large is-resized\"><img loading=\"lazy\" decoding=\"async\" width=\"1024\" height=\"932\" data-src=\"https:\/\/urban-connect.com\/wp-content\/uploads\/2025\/02\/Slide-16_9-78-1024x932.png\" alt=\"\" class=\"wp-image-7212 lazyload\" style=\"--smush-placeholder-width: 1024px; --smush-placeholder-aspect-ratio: 1024\/932;width:633px;height:auto\" data-srcset=\"https:\/\/urban-connect.com\/wp-content\/uploads\/2025\/02\/Slide-16_9-78-1024x932.png 1024w, https:\/\/urban-connect.com\/wp-content\/uploads\/2025\/02\/Slide-16_9-78-300x273.png 300w, https:\/\/urban-connect.com\/wp-content\/uploads\/2025\/02\/Slide-16_9-78-768x699.png 768w, https:\/\/urban-connect.com\/wp-content\/uploads\/2025\/02\/Slide-16_9-78-1187x1080.png 1187w, https:\/\/urban-connect.com\/wp-content\/uploads\/2025\/02\/Slide-16_9-78.png 1500w\" data-sizes=\"auto, (max-width: 1024px) 100vw, 1024px\" src=\"data:image\/gif;base64,R0lGODlhAQABAAAAACH5BAEKAAEALAAAAAABAAEAAAICTAEAOw==\" \/><noscript><img loading=\"lazy\" decoding=\"async\" width=\"1024\" height=\"932\" src=\"https:\/\/urban-connect.com\/wp-content\/uploads\/2025\/02\/Slide-16_9-78-1024x932.png\" alt=\"\" class=\"wp-image-7212\" style=\"width:633px;height:auto\" srcset=\"https:\/\/urban-connect.com\/wp-content\/uploads\/2025\/02\/Slide-16_9-78-1024x932.png 1024w, https:\/\/urban-connect.com\/wp-content\/uploads\/2025\/02\/Slide-16_9-78-300x273.png 300w, https:\/\/urban-connect.com\/wp-content\/uploads\/2025\/02\/Slide-16_9-78-768x699.png 768w, https:\/\/urban-connect.com\/wp-content\/uploads\/2025\/02\/Slide-16_9-78-1187x1080.png 1187w, https:\/\/urban-connect.com\/wp-content\/uploads\/2025\/02\/Slide-16_9-78.png 1500w\" sizes=\"auto, (max-width: 1024px) 100vw, 1024px\" \/><\/noscript><\/figure>\n\n\n\n<p><strong>L&rsquo;entreprise B<\/strong>, un centre de recherche, \u00e9conomise des co\u00fbts et des efforts op\u00e9rationnels en int\u00e9grant sa flotte existante au syst\u00e8me Urban Connect.<\/p>\n\n\n\n<p>L&rsquo;entreprise B disposait d\u00e9j\u00e0 d&rsquo;un parc de 22 voitures de fonction qu&rsquo;elle a d\u00e9cid\u00e9 d&rsquo;int\u00e9grer \u00e0 la plateforme Urban Connect.<\/p>\n\n\n\n<p>En int\u00e9grant 22 v\u00e9hicules sur la plateforme Urban Connect, l&rsquo;entreprise 2 a pu les utiliser de mani\u00e8re transparente \u00e0 des fins priv\u00e9es et professionnelles avec un minimum d&rsquo;efforts administratifs. Cette int\u00e9gration a permis aux employ\u00e9s de b\u00e9n\u00e9ficier d&rsquo;un large \u00e9ventail de fonctionnalit\u00e9s avanc\u00e9es, notamment un acc\u00e8s sans cl\u00e9, une application de r\u00e9servation conviviale, une plateforme administrative, des groupes d&rsquo;utilisateurs pour la gestion de la tarification et des r\u00e8gles d&rsquo;acc\u00e8s, des rapports d\u00e9taill\u00e9s sur la flotte et les \u00e9missions, un service client\u00e8le 24\/7, et bien plus encore. Avec une \u00e9valuation positive de 96 % et une moyenne de 150 trajets par semaine, l&rsquo;int\u00e9gration s&rsquo;est av\u00e9r\u00e9e tr\u00e8s fructueuse.<\/p>\n\n\n\n<p>La fonctionnalit\u00e9 de transport priv\u00e9 g\u00e9n\u00e8re \u00e0 elle seule pr\u00e8s de 2 500 francs suisses de recettes mensuelles, tandis que les fonctions avanc\u00e9es de gestion de la flotte permettent de r\u00e9duire les frais g\u00e9n\u00e9raux jusqu&rsquo;\u00e0 20 %. Si l&rsquo;on ajoute \u00e0 cela les \u00e9conomies r\u00e9alis\u00e9es gr\u00e2ce \u00e0 la maintenance pr\u00e9ventive et \u00e0 la surveillance num\u00e9rique de la flotte, environ 37 % des 15 000 francs suisses de co\u00fbts mensuels de la flotte sont d\u00e9sormais compens\u00e9s de mani\u00e8re efficace. Cette remarquable optimisation des co\u00fbts montre comment l&rsquo;int\u00e9gration num\u00e9rique peut transformer une flotte d&rsquo;entreprise traditionnelle en une solution de mobilit\u00e9 rentable et centr\u00e9e sur l&rsquo;utilisateur.<\/p>\n\n\n\n<figure class=\"wp-block-image size-large is-resized\"><img loading=\"lazy\" decoding=\"async\" width=\"697\" height=\"1024\" data-src=\"https:\/\/urban-connect.com\/wp-content\/uploads\/2025\/02\/Frame-6-697x1024.png\" alt=\"\" class=\"wp-image-7216 lazyload\" style=\"--smush-placeholder-width: 697px; --smush-placeholder-aspect-ratio: 697\/1024;width:529px;height:auto\" data-srcset=\"https:\/\/urban-connect.com\/wp-content\/uploads\/2025\/02\/Frame-6-697x1024.png 697w, https:\/\/urban-connect.com\/wp-content\/uploads\/2025\/02\/Frame-6-204x300.png 204w, https:\/\/urban-connect.com\/wp-content\/uploads\/2025\/02\/Frame-6-768x1129.png 768w, https:\/\/urban-connect.com\/wp-content\/uploads\/2025\/02\/Frame-6-1045x1536.png 1045w, https:\/\/urban-connect.com\/wp-content\/uploads\/2025\/02\/Frame-6-735x1080.png 735w, https:\/\/urban-connect.com\/wp-content\/uploads\/2025\/02\/Frame-6.png 1200w\" data-sizes=\"auto, (max-width: 697px) 100vw, 697px\" src=\"data:image\/gif;base64,R0lGODlhAQABAAAAACH5BAEKAAEALAAAAAABAAEAAAICTAEAOw==\" \/><noscript><img loading=\"lazy\" decoding=\"async\" width=\"697\" height=\"1024\" src=\"https:\/\/urban-connect.com\/wp-content\/uploads\/2025\/02\/Frame-6-697x1024.png\" alt=\"\" class=\"wp-image-7216\" style=\"width:529px;height:auto\" srcset=\"https:\/\/urban-connect.com\/wp-content\/uploads\/2025\/02\/Frame-6-697x1024.png 697w, https:\/\/urban-connect.com\/wp-content\/uploads\/2025\/02\/Frame-6-204x300.png 204w, https:\/\/urban-connect.com\/wp-content\/uploads\/2025\/02\/Frame-6-768x1129.png 768w, https:\/\/urban-connect.com\/wp-content\/uploads\/2025\/02\/Frame-6-1045x1536.png 1045w, https:\/\/urban-connect.com\/wp-content\/uploads\/2025\/02\/Frame-6-735x1080.png 735w, https:\/\/urban-connect.com\/wp-content\/uploads\/2025\/02\/Frame-6.png 1200w\" sizes=\"auto, (max-width: 697px) 100vw, 697px\" \/><\/noscript><\/figure>\n\n\n\n<p><strong>Une nouvelle voie pour la gestion des flottes<\/strong><\/p>\n\n\n\n<p>La plateforme de partage t\u00e9l\u00e9matique avanc\u00e9e d&rsquo;Urban Connect r\u00e9volutionne la gestion des flottes, les transformant d&rsquo;une obligation co\u00fbteuse en un actif strat\u00e9gique qui g\u00e9n\u00e8re une valeur significative. En adoptant ces solutions modernes, les entreprises peuvent lib\u00e9rer tout le potentiel de leurs flottes, en r\u00e9duisant les co\u00fbts, en am\u00e9liorant l&rsquo;efficacit\u00e9 op\u00e9rationnelle et en r\u00e9duisant de mani\u00e8re mesurable les \u00e9missions de l&rsquo;entreprise, contribuant ainsi \u00e0 la r\u00e9ussite de l&rsquo;entreprise et aux objectifs de d\u00e9veloppement durable.<\/p>\n\n\n\n<p>Change Mobility &#8211; Change the World<\/p>\n\n\n        <section class=\"author-block\">\n            <div class=\"container\">\n                <div class=\"left-side\">\n                    <h6 class=\"name\">Giles Keating<\/h6>\n                    <span class=\"position\">Membre du Conseil<\/span>\n                <\/div>\n                <div class=\"right-side\">\n                                            <img decoding=\"async\" \n                        class=\"image lazyload\" data-src=\"https:\/\/urban-connect.com\/wp-content\/uploads\/2025\/01\/Giles-3-1024x1024.jpg\"\n                        data-srcset=\"https:\/\/urban-connect.com\/wp-content\/uploads\/2025\/01\/Giles-3-1024x1024.jpg 1024w, https:\/\/urban-connect.com\/wp-content\/uploads\/2025\/01\/Giles-3-300x300.jpg 300w, https:\/\/urban-connect.com\/wp-content\/uploads\/2025\/01\/Giles-3-150x150.jpg 150w, https:\/\/urban-connect.com\/wp-content\/uploads\/2025\/01\/Giles-3-768x768.jpg 768w, https:\/\/urban-connect.com\/wp-content\/uploads\/2025\/01\/Giles-3-1536x1536.jpg 1536w, https:\/\/urban-connect.com\/wp-content\/uploads\/2025\/01\/Giles-3-2048x2048.jpg 2048w, https:\/\/urban-connect.com\/wp-content\/uploads\/2025\/01\/Giles-3-1080x1080.jpg 1080w\"\n                        data-sizes=\"(max-width: 1024px) 100vw, 1024px\"\n                        alt=\"Chart Image\"\n                         src=\"data:image\/gif;base64,R0lGODlhAQABAAAAACH5BAEKAAEALAAAAAABAAEAAAICTAEAOw==\" style=\"--smush-placeholder-width: 1024px; --smush-placeholder-aspect-ratio: 1024\/1024;\"><noscript><img decoding=\"async\" \n                        class=\"image\" src=\"https:\/\/urban-connect.com\/wp-content\/uploads\/2025\/01\/Giles-3-1024x1024.jpg\"\n                        srcset=\"https:\/\/urban-connect.com\/wp-content\/uploads\/2025\/01\/Giles-3-1024x1024.jpg 1024w, https:\/\/urban-connect.com\/wp-content\/uploads\/2025\/01\/Giles-3-300x300.jpg 300w, https:\/\/urban-connect.com\/wp-content\/uploads\/2025\/01\/Giles-3-150x150.jpg 150w, https:\/\/urban-connect.com\/wp-content\/uploads\/2025\/01\/Giles-3-768x768.jpg 768w, https:\/\/urban-connect.com\/wp-content\/uploads\/2025\/01\/Giles-3-1536x1536.jpg 1536w, https:\/\/urban-connect.com\/wp-content\/uploads\/2025\/01\/Giles-3-2048x2048.jpg 2048w, https:\/\/urban-connect.com\/wp-content\/uploads\/2025\/01\/Giles-3-1080x1080.jpg 1080w\"\n                        sizes=\"(max-width: 1024px) 100vw, 1024px\"\n                        alt=\"Chart Image\"\n                        ><\/noscript>\n                                        <\/div>\n            <\/div>\n        <\/section>\n        \n\n        <section class=\"author-block\">\n            <div class=\"container\">\n                <div class=\"left-side\">\n                    <h6 class=\"name\">Dr. Robert Ruttmann<\/h6>\n                    <span class=\"position\">CEO et Co-foundateur<\/span>\n                <\/div>\n                <div class=\"right-side\">\n                                            <img decoding=\"async\" \n                        class=\"image lazyload\" data-src=\"https:\/\/urban-connect.com\/wp-content\/uploads\/2024\/01\/Robert-1024x1024.jpg\"\n                        data-srcset=\"https:\/\/urban-connect.com\/wp-content\/uploads\/2024\/01\/Robert-1024x1024.jpg 1024w, https:\/\/urban-connect.com\/wp-content\/uploads\/2024\/01\/Robert-300x300.jpg 300w, https:\/\/urban-connect.com\/wp-content\/uploads\/2024\/01\/Robert-150x150.jpg 150w, https:\/\/urban-connect.com\/wp-content\/uploads\/2024\/01\/Robert-768x768.jpg 768w, https:\/\/urban-connect.com\/wp-content\/uploads\/2024\/01\/Robert-1080x1080.jpg 1080w, https:\/\/urban-connect.com\/wp-content\/uploads\/2024\/01\/Robert.jpg 1250w\"\n                        data-sizes=\"(max-width: 1024px) 100vw, 1024px\"\n                        alt=\"Chart Image\"\n                         src=\"data:image\/gif;base64,R0lGODlhAQABAAAAACH5BAEKAAEALAAAAAABAAEAAAICTAEAOw==\" style=\"--smush-placeholder-width: 1024px; --smush-placeholder-aspect-ratio: 1024\/1024;\"><noscript><img decoding=\"async\" \n                        class=\"image\" src=\"https:\/\/urban-connect.com\/wp-content\/uploads\/2024\/01\/Robert-1024x1024.jpg\"\n                        srcset=\"https:\/\/urban-connect.com\/wp-content\/uploads\/2024\/01\/Robert-1024x1024.jpg 1024w, https:\/\/urban-connect.com\/wp-content\/uploads\/2024\/01\/Robert-300x300.jpg 300w, https:\/\/urban-connect.com\/wp-content\/uploads\/2024\/01\/Robert-150x150.jpg 150w, https:\/\/urban-connect.com\/wp-content\/uploads\/2024\/01\/Robert-768x768.jpg 768w, https:\/\/urban-connect.com\/wp-content\/uploads\/2024\/01\/Robert-1080x1080.jpg 1080w, https:\/\/urban-connect.com\/wp-content\/uploads\/2024\/01\/Robert.jpg 1250w\"\n                        sizes=\"(max-width: 1024px) 100vw, 1024px\"\n                        alt=\"Chart Image\"\n                        ><\/noscript>\n                                        <\/div>\n            <\/div>\n        <\/section>\n        \n\n        <section class=\"author-block\">\n            <div class=\"container\">\n                <div class=\"left-side\">\n                    <h6 class=\"name\">Domas Bartu\u0161evi\u010dius<\/h6>\n                    <span class=\"position\">Chef du personnel<\/span>\n                <\/div>\n                <div class=\"right-side\">\n                                            <img decoding=\"async\" \n                        class=\"image lazyload\" data-src=\"https:\/\/urban-connect.com\/wp-content\/uploads\/2024\/01\/Domas-1024x1024.jpg\"\n                        data-srcset=\"https:\/\/urban-connect.com\/wp-content\/uploads\/2024\/01\/Domas-1024x1024.jpg 1024w, https:\/\/urban-connect.com\/wp-content\/uploads\/2024\/01\/Domas-300x300.jpg 300w, https:\/\/urban-connect.com\/wp-content\/uploads\/2024\/01\/Domas-150x150.jpg 150w, https:\/\/urban-connect.com\/wp-content\/uploads\/2024\/01\/Domas-768x768.jpg 768w, https:\/\/urban-connect.com\/wp-content\/uploads\/2024\/01\/Domas-1080x1080.jpg 1080w, https:\/\/urban-connect.com\/wp-content\/uploads\/2024\/01\/Domas.jpg 1250w\"\n                        data-sizes=\"(max-width: 1024px) 100vw, 1024px\"\n                        alt=\"Chart Image\"\n                         src=\"data:image\/gif;base64,R0lGODlhAQABAAAAACH5BAEKAAEALAAAAAABAAEAAAICTAEAOw==\" style=\"--smush-placeholder-width: 1024px; --smush-placeholder-aspect-ratio: 1024\/1024;\"><noscript><img decoding=\"async\" \n                        class=\"image\" src=\"https:\/\/urban-connect.com\/wp-content\/uploads\/2024\/01\/Domas-1024x1024.jpg\"\n                        srcset=\"https:\/\/urban-connect.com\/wp-content\/uploads\/2024\/01\/Domas-1024x1024.jpg 1024w, https:\/\/urban-connect.com\/wp-content\/uploads\/2024\/01\/Domas-300x300.jpg 300w, https:\/\/urban-connect.com\/wp-content\/uploads\/2024\/01\/Domas-150x150.jpg 150w, https:\/\/urban-connect.com\/wp-content\/uploads\/2024\/01\/Domas-768x768.jpg 768w, https:\/\/urban-connect.com\/wp-content\/uploads\/2024\/01\/Domas-1080x1080.jpg 1080w, https:\/\/urban-connect.com\/wp-content\/uploads\/2024\/01\/Domas.jpg 1250w\"\n                        sizes=\"(max-width: 1024px) 100vw, 1024px\"\n                        alt=\"Chart Image\"\n                        ><\/noscript>\n                                        <\/div>\n            <\/div>\n        <\/section>\n        ","protected":false},"excerpt":{"rendered":"<p>La gestion des parking automobiles d&rsquo;entreprise est depuis longtemps confront\u00e9e \u00e0 deux d\u00e9fis majeurs : des co\u00fbts totaux de possession \u00e9lev\u00e9s et des taux d&rsquo;utilisation du parc automobile toujours faibles. Ces probl\u00e8mes ne font pas que gonfler les d\u00e9penses, ils nuisent \u00e9galement \u00e0 la rentabilit\u00e9 globale. Pour rem\u00e9dier \u00e0 ces probl\u00e8mes, Urban Connect a d\u00e9velopp\u00e9 [&hellip;]<\/p>\n","protected":false},"featured_media":7157,"parent":0,"template":"","news_category":[],"class_list":["post-7203","news","type-news","status-publish","has-post-thumbnail","hentry"],"acf":[],"yoast_head":"<!-- This site is optimized with the Yoast SEO plugin v23.2 - https:\/\/yoast.com\/wordpress\/plugins\/seo\/ -->\n<title>Spotlight sur les \u00e9tudes de cas: Transformer les flottes de centres de co\u00fbts en centres de profits - Urban Connect<\/title>\n<meta name=\"robots\" content=\"index, follow, max-snippet:-1, max-image-preview:large, max-video-preview:-1\" \/>\n<link rel=\"canonical\" href=\"https:\/\/urban-connect.com\/fr\/news\/spotlight-sur-les-etudes-de-cas-transformer-les-flottes-de-centres-de-couts-en-centres-de-profits\/\" \/>\n<meta property=\"og:locale\" content=\"fr_FR\" \/>\n<meta property=\"og:type\" content=\"article\" \/>\n<meta property=\"og:title\" content=\"Spotlight sur les \u00e9tudes de cas: Transformer les flottes de centres de co\u00fbts en centres de profits - Urban Connect\" \/>\n<meta property=\"og:description\" content=\"La gestion des parking automobiles d&rsquo;entreprise est depuis longtemps confront\u00e9e \u00e0 deux d\u00e9fis majeurs : des co\u00fbts totaux de possession \u00e9lev\u00e9s et des taux d&rsquo;utilisation du parc automobile toujours faibles. Ces probl\u00e8mes ne font pas que gonfler les d\u00e9penses, ils nuisent \u00e9galement \u00e0 la rentabilit\u00e9 globale. Pour rem\u00e9dier \u00e0 ces probl\u00e8mes, Urban Connect a d\u00e9velopp\u00e9 [&hellip;]\" \/>\n<meta property=\"og:url\" content=\"https:\/\/urban-connect.com\/fr\/news\/spotlight-sur-les-etudes-de-cas-transformer-les-flottes-de-centres-de-couts-en-centres-de-profits\/\" \/>\n<meta property=\"og:site_name\" content=\"Urban Connect\" \/>\n<meta property=\"article:modified_time\" content=\"2025-02-14T09:03:10+00:00\" \/>\n<meta property=\"og:image\" content=\"https:\/\/urban-connect.com\/wp-content\/uploads\/2025\/01\/image-51.png\" \/>\n\t<meta property=\"og:image:width\" content=\"1190\" \/>\n\t<meta property=\"og:image:height\" content=\"793\" \/>\n\t<meta property=\"og:image:type\" content=\"image\/png\" \/>\n<meta name=\"twitter:card\" content=\"summary_large_image\" \/>\n<meta name=\"twitter:label1\" content=\"Dur\u00e9e de lecture estim\u00e9e\" \/>\n\t<meta name=\"twitter:data1\" content=\"7 minutes\" \/>\n<script type=\"application\/ld+json\" class=\"yoast-schema-graph\">{\"@context\":\"https:\/\/schema.org\",\"@graph\":[{\"@type\":\"WebPage\",\"@id\":\"https:\/\/urban-connect.com\/fr\/news\/spotlight-sur-les-etudes-de-cas-transformer-les-flottes-de-centres-de-couts-en-centres-de-profits\/\",\"url\":\"https:\/\/urban-connect.com\/fr\/news\/spotlight-sur-les-etudes-de-cas-transformer-les-flottes-de-centres-de-couts-en-centres-de-profits\/\",\"name\":\"Spotlight sur les \u00e9tudes de cas: Transformer les flottes de centres de co\u00fbts en centres de profits - Urban Connect\",\"isPartOf\":{\"@id\":\"https:\/\/urban-connect.com\/fr\/#website\"},\"primaryImageOfPage\":{\"@id\":\"https:\/\/urban-connect.com\/fr\/news\/spotlight-sur-les-etudes-de-cas-transformer-les-flottes-de-centres-de-couts-en-centres-de-profits\/#primaryimage\"},\"image\":{\"@id\":\"https:\/\/urban-connect.com\/fr\/news\/spotlight-sur-les-etudes-de-cas-transformer-les-flottes-de-centres-de-couts-en-centres-de-profits\/#primaryimage\"},\"thumbnailUrl\":\"https:\/\/urban-connect.com\/wp-content\/uploads\/2025\/01\/image-51.png\",\"datePublished\":\"2025-01-30T16:46:09+00:00\",\"dateModified\":\"2025-02-14T09:03:10+00:00\",\"breadcrumb\":{\"@id\":\"https:\/\/urban-connect.com\/fr\/news\/spotlight-sur-les-etudes-de-cas-transformer-les-flottes-de-centres-de-couts-en-centres-de-profits\/#breadcrumb\"},\"inLanguage\":\"fr-FR\",\"potentialAction\":[{\"@type\":\"ReadAction\",\"target\":[\"https:\/\/urban-connect.com\/fr\/news\/spotlight-sur-les-etudes-de-cas-transformer-les-flottes-de-centres-de-couts-en-centres-de-profits\/\"]}]},{\"@type\":\"ImageObject\",\"inLanguage\":\"fr-FR\",\"@id\":\"https:\/\/urban-connect.com\/fr\/news\/spotlight-sur-les-etudes-de-cas-transformer-les-flottes-de-centres-de-couts-en-centres-de-profits\/#primaryimage\",\"url\":\"https:\/\/urban-connect.com\/wp-content\/uploads\/2025\/01\/image-51.png\",\"contentUrl\":\"https:\/\/urban-connect.com\/wp-content\/uploads\/2025\/01\/image-51.png\",\"width\":1190,\"height\":793},{\"@type\":\"BreadcrumbList\",\"@id\":\"https:\/\/urban-connect.com\/fr\/news\/spotlight-sur-les-etudes-de-cas-transformer-les-flottes-de-centres-de-couts-en-centres-de-profits\/#breadcrumb\",\"itemListElement\":[{\"@type\":\"ListItem\",\"position\":1,\"name\":\"Home\",\"item\":\"https:\/\/urban-connect.com\/fr\/\"},{\"@type\":\"ListItem\",\"position\":2,\"name\":\"Spotlight sur les \u00e9tudes de cas: Transformer les flottes de centres de co\u00fbts en centres de profits\"}]},{\"@type\":\"WebSite\",\"@id\":\"https:\/\/urban-connect.com\/fr\/#website\",\"url\":\"https:\/\/urban-connect.com\/fr\/\",\"name\":\"Urban Connect\",\"description\":\"\",\"potentialAction\":[{\"@type\":\"SearchAction\",\"target\":{\"@type\":\"EntryPoint\",\"urlTemplate\":\"https:\/\/urban-connect.com\/fr\/?s={search_term_string}\"},\"query-input\":\"required name=search_term_string\"}],\"inLanguage\":\"fr-FR\"}]}<\/script>\n<!-- \/ Yoast SEO plugin. -->","yoast_head_json":{"title":"Spotlight sur les \u00e9tudes de cas: Transformer les flottes de centres de co\u00fbts en centres de profits - Urban Connect","robots":{"index":"index","follow":"follow","max-snippet":"max-snippet:-1","max-image-preview":"max-image-preview:large","max-video-preview":"max-video-preview:-1"},"canonical":"https:\/\/urban-connect.com\/fr\/news\/spotlight-sur-les-etudes-de-cas-transformer-les-flottes-de-centres-de-couts-en-centres-de-profits\/","og_locale":"fr_FR","og_type":"article","og_title":"Spotlight sur les \u00e9tudes de cas: Transformer les flottes de centres de co\u00fbts en centres de profits - Urban Connect","og_description":"La gestion des parking automobiles d&rsquo;entreprise est depuis longtemps confront\u00e9e \u00e0 deux d\u00e9fis majeurs : des co\u00fbts totaux de possession \u00e9lev\u00e9s et des taux d&rsquo;utilisation du parc automobile toujours faibles. Ces probl\u00e8mes ne font pas que gonfler les d\u00e9penses, ils nuisent \u00e9galement \u00e0 la rentabilit\u00e9 globale. Pour rem\u00e9dier \u00e0 ces probl\u00e8mes, Urban Connect a d\u00e9velopp\u00e9 [&hellip;]","og_url":"https:\/\/urban-connect.com\/fr\/news\/spotlight-sur-les-etudes-de-cas-transformer-les-flottes-de-centres-de-couts-en-centres-de-profits\/","og_site_name":"Urban Connect","article_modified_time":"2025-02-14T09:03:10+00:00","og_image":[{"width":1190,"height":793,"url":"https:\/\/urban-connect.com\/wp-content\/uploads\/2025\/01\/image-51.png","type":"image\/png"}],"twitter_card":"summary_large_image","twitter_misc":{"Dur\u00e9e de lecture estim\u00e9e":"7 minutes"},"schema":{"@context":"https:\/\/schema.org","@graph":[{"@type":"WebPage","@id":"https:\/\/urban-connect.com\/fr\/news\/spotlight-sur-les-etudes-de-cas-transformer-les-flottes-de-centres-de-couts-en-centres-de-profits\/","url":"https:\/\/urban-connect.com\/fr\/news\/spotlight-sur-les-etudes-de-cas-transformer-les-flottes-de-centres-de-couts-en-centres-de-profits\/","name":"Spotlight sur les \u00e9tudes de cas: Transformer les flottes de centres de co\u00fbts en centres de profits - Urban Connect","isPartOf":{"@id":"https:\/\/urban-connect.com\/fr\/#website"},"primaryImageOfPage":{"@id":"https:\/\/urban-connect.com\/fr\/news\/spotlight-sur-les-etudes-de-cas-transformer-les-flottes-de-centres-de-couts-en-centres-de-profits\/#primaryimage"},"image":{"@id":"https:\/\/urban-connect.com\/fr\/news\/spotlight-sur-les-etudes-de-cas-transformer-les-flottes-de-centres-de-couts-en-centres-de-profits\/#primaryimage"},"thumbnailUrl":"https:\/\/urban-connect.com\/wp-content\/uploads\/2025\/01\/image-51.png","datePublished":"2025-01-30T16:46:09+00:00","dateModified":"2025-02-14T09:03:10+00:00","breadcrumb":{"@id":"https:\/\/urban-connect.com\/fr\/news\/spotlight-sur-les-etudes-de-cas-transformer-les-flottes-de-centres-de-couts-en-centres-de-profits\/#breadcrumb"},"inLanguage":"fr-FR","potentialAction":[{"@type":"ReadAction","target":["https:\/\/urban-connect.com\/fr\/news\/spotlight-sur-les-etudes-de-cas-transformer-les-flottes-de-centres-de-couts-en-centres-de-profits\/"]}]},{"@type":"ImageObject","inLanguage":"fr-FR","@id":"https:\/\/urban-connect.com\/fr\/news\/spotlight-sur-les-etudes-de-cas-transformer-les-flottes-de-centres-de-couts-en-centres-de-profits\/#primaryimage","url":"https:\/\/urban-connect.com\/wp-content\/uploads\/2025\/01\/image-51.png","contentUrl":"https:\/\/urban-connect.com\/wp-content\/uploads\/2025\/01\/image-51.png","width":1190,"height":793},{"@type":"BreadcrumbList","@id":"https:\/\/urban-connect.com\/fr\/news\/spotlight-sur-les-etudes-de-cas-transformer-les-flottes-de-centres-de-couts-en-centres-de-profits\/#breadcrumb","itemListElement":[{"@type":"ListItem","position":1,"name":"Home","item":"https:\/\/urban-connect.com\/fr\/"},{"@type":"ListItem","position":2,"name":"Spotlight sur les \u00e9tudes de cas: Transformer les flottes de centres de co\u00fbts en centres de profits"}]},{"@type":"WebSite","@id":"https:\/\/urban-connect.com\/fr\/#website","url":"https:\/\/urban-connect.com\/fr\/","name":"Urban Connect","description":"","potentialAction":[{"@type":"SearchAction","target":{"@type":"EntryPoint","urlTemplate":"https:\/\/urban-connect.com\/fr\/?s={search_term_string}"},"query-input":"required name=search_term_string"}],"inLanguage":"fr-FR"}]}},"_links":{"self":[{"href":"https:\/\/urban-connect.com\/fr\/wp-json\/wp\/v2\/news\/7203","targetHints":{"allow":["GET"]}}],"collection":[{"href":"https:\/\/urban-connect.com\/fr\/wp-json\/wp\/v2\/news"}],"about":[{"href":"https:\/\/urban-connect.com\/fr\/wp-json\/wp\/v2\/types\/news"}],"wp:featuredmedia":[{"embeddable":true,"href":"https:\/\/urban-connect.com\/fr\/wp-json\/wp\/v2\/media\/7157"}],"wp:attachment":[{"href":"https:\/\/urban-connect.com\/fr\/wp-json\/wp\/v2\/media?parent=7203"}],"wp:term":[{"taxonomy":"news_category","embeddable":true,"href":"https:\/\/urban-connect.com\/fr\/wp-json\/wp\/v2\/news_category?post=7203"}],"curies":[{"name":"wp","href":"https:\/\/api.w.org\/{rel}","templated":true}]}}