{"id":6935,"date":"2024-11-22T13:09:01","date_gmt":"2024-11-22T13:09:01","guid":{"rendered":"https:\/\/urban-connect.com\/?post_type=news&#038;p=6935"},"modified":"2024-11-22T14:25:37","modified_gmt":"2024-11-22T14:25:37","slug":"lunchlearn-gestion-de-la-flexibilite-des-solutions-de-parking-intelligentes-pour-un-environnement-de-travail-dynamique","status":"publish","type":"news","link":"https:\/\/urban-connect.com\/fr\/news\/lunchlearn-gestion-de-la-flexibilite-des-solutions-de-parking-intelligentes-pour-un-environnement-de-travail-dynamique\/","title":{"rendered":"Lunch&amp;Learn &#8211; Gestion de la flexibilit\u00e9 : des solutions de parking intelligentes pour un environnement de travail dynamique"},"content":{"rendered":"\n<p><strong>Voici un bref aper\u00e7u du webinaire<\/strong><\/p>\n\n\n\n<figure class=\"wp-block-embed is-type-video is-provider-youtube wp-block-embed-youtube wp-embed-aspect-16-9 wp-has-aspect-ratio\"><div class=\"wp-block-embed__wrapper\">\n<iframe loading=\"lazy\" title=\"Lunch&amp;Learn - Flexibilit\u00e4t steuern Intelligente Parkl\u00f6sungen f\u00fcr eine dynamische Arbeitswelt Teaser\" width=\"500\" height=\"281\" data-src=\"https:\/\/www.youtube.com\/embed\/2WlPoUyCgv4?start=1&#038;feature=oembed\" frameborder=\"0\" allow=\"accelerometer; autoplay; clipboard-write; encrypted-media; gyroscope; picture-in-picture; web-share\" referrerpolicy=\"strict-origin-when-cross-origin\" allowfullscreen src=\"data:image\/gif;base64,R0lGODlhAQABAAAAACH5BAEKAAEALAAAAAABAAEAAAICTAEAOw==\" class=\"lazyload\" data-load-mode=\"1\"><\/iframe>\n<\/div><\/figure>\n\n\n\n<p><\/p>\n\n\n\n<p><strong>Vous souhaitez d\u00e9bloquer l&rsquo;acc\u00e8s au webinaire complet ?<\/strong> Remplissez le formulaire ci-dessous et nous vous enverrons le lien vers le webinaire complet directement dans votre bo\u00eete de r\u00e9ception.<\/p>\n\n\n\n<script charset=\"utf-8\" type=\"text\/javascript\" src=\"\/\/js.hsforms.net\/forms\/embed\/v2.js\"><\/script>\n<script>\n  hbspt.forms.create({\n    portalId: \"4873065\",\n    formId: \"79f857e9-46aa-4936-9df9-20500a1c9cbc\"\n  });\n<\/script>\n\n\n\n<p><\/p>\n\n\n\n<p>Notre webinaire met en sc\u00e8ne notre chef de produit Max M\u00fcller, qui pr\u00e9sente la nouvelle solution de stationnement d&rsquo;Urban Connect. Cette session se penche sur les d\u00e9fis pos\u00e9s par les parkings traditionnels et d\u00e9voile comment les syst\u00e8mes dynamiques et flexibles peuvent r\u00e9volutionner la gestion des parkings dans les environnements de travail hybrides.<\/p>\n\n\n\n<p>Les principaux sujets abord\u00e9s lors du webinaire sont les suivants<\/p>\n\n\n\n<ul class=\"wp-block-list\">\n<li>L&rsquo;inefficacit\u00e9 des syst\u00e8mes de stationnement traditionnels : Alors que les lieux de travail adoptent de plus en plus des mod\u00e8les hybrides, les places de stationnement fixes restent souvent inoccup\u00e9es, ce qui entra\u00eene un manque d&rsquo;efficacit\u00e9 et une sous-utilisation.<\/li>\n\n\n\n<li>Optimisation de l&rsquo;infrastructure de stationnement : Gr\u00e2ce aux syst\u00e8mes de stationnement dynamiques, les organisations peuvent maximiser l&rsquo;utilisation de l&rsquo;espace, augmenter les revenus et s&rsquo;adapter aux besoins changeants d&rsquo;une main-d&rsquo;\u0153uvre hybride.<\/li>\n\n\n\n<li>Strat\u00e9gie de mobilit\u00e9 : Pourquoi une solution de stationnement dynamique doit-elle \u00eatre envisag\u00e9e dans le cadre de la strat\u00e9gie globale de mobilit\u00e9 d&rsquo;une entreprise.<\/li>\n<\/ul>\n\n\n\n<blockquote class=\"wp-block-quote is-layout-flow wp-block-quote-is-layout-flow\">\n<p>\u00ab\u00a0La solution de parking num\u00e9rique refl\u00e8te les besoins de flexibilit\u00e9 du monde du travail actuel et permet de g\u00e9rer de mani\u00e8re cibl\u00e9e la mobilit\u00e9 des employ\u00e9s pour les entreprises modernes.\u00a0\u00bb<\/p>\n<\/blockquote>\n\n\n\n<p>Max montre comment notre plateforme num\u00e9rique  red\u00e9finit la gestion du stationnement. Qu&rsquo;il s&rsquo;agisse de permettre des r\u00e9servations num\u00e9riques transparentes ou de cr\u00e9er des groupes d&rsquo;utilisateurs et des r\u00e8gles d&rsquo;acc\u00e8s personnalisables, la plateforme offre une mani\u00e8re plus intelligente et plus intuitive de g\u00e9rer les parkings. Avec un contr\u00f4le d&rsquo;acc\u00e8s intelligent et des tableaux de bord en temps r\u00e9el, elle fournit les outils dont vous avez besoin pour optimiser et simplifier l&rsquo;infrastructure de stationnement sans effort.<\/p>\n\n\n\n<p>Change Mobility &#8211; Change the World<\/p>\n\n\n    <section class=\"related-posts\">\n        <div class=\"container\">\n            <h4 class=\"block-title\"><\/h4>\n        <\/div>\n        <div class=\"container posts-wrap\">\n            <div class=\"swiper swiper-related-posts\">\n                <div class=\"swiper-wrapper\">\n                                            <div class=\"swiper-slide\">\n                            <div class=\"card-horizontal\">\n    <div class=\"left-side\">\n                    <a href=\"https:\/\/urban-connect.com\/fr\/news\/wheels-wine-2026-une-edition-marquante-qui-faconne-lavenir-de-la-mobilite-dentreprise\/\">\n                <img decoding=\"async\" \n                    class=\"image lazyload\" data-src=\"https:\/\/urban-connect.com\/wp-content\/uploads\/2026\/03\/F06A4076-768x512.jpg\"\n                    data-srcset=\"https:\/\/urban-connect.com\/wp-content\/uploads\/2026\/03\/F06A4076-768x512.jpg 768w, https:\/\/urban-connect.com\/wp-content\/uploads\/2026\/03\/F06A4076-300x200.jpg 300w, https:\/\/urban-connect.com\/wp-content\/uploads\/2026\/03\/F06A4076-1024x683.jpg 1024w, https:\/\/urban-connect.com\/wp-content\/uploads\/2026\/03\/F06A4076-1536x1024.jpg 1536w, https:\/\/urban-connect.com\/wp-content\/uploads\/2026\/03\/F06A4076-2048x1365.jpg 2048w, https:\/\/urban-connect.com\/wp-content\/uploads\/2026\/03\/F06A4076-1620x1080.jpg 1620w\"\n                    data-sizes=\"(max-width: 768px) 100vw, 768px\"\n                    alt=\"Wheels &amp; Wine 2026 \u2013 Une \u00e9dition marquante qui fa\u00e7onne l'avenir de la mobilit\u00e9 d'entreprise\"\n                 src=\"data:image\/gif;base64,R0lGODlhAQABAAAAACH5BAEKAAEALAAAAAABAAEAAAICTAEAOw==\" style=\"--smush-placeholder-width: 768px; --smush-placeholder-aspect-ratio: 768\/512;\"><noscript><img decoding=\"async\" \n                    class=\"image\" src=\"https:\/\/urban-connect.com\/wp-content\/uploads\/2026\/03\/F06A4076-768x512.jpg\"\n                    srcset=\"https:\/\/urban-connect.com\/wp-content\/uploads\/2026\/03\/F06A4076-768x512.jpg 768w, https:\/\/urban-connect.com\/wp-content\/uploads\/2026\/03\/F06A4076-300x200.jpg 300w, https:\/\/urban-connect.com\/wp-content\/uploads\/2026\/03\/F06A4076-1024x683.jpg 1024w, https:\/\/urban-connect.com\/wp-content\/uploads\/2026\/03\/F06A4076-1536x1024.jpg 1536w, https:\/\/urban-connect.com\/wp-content\/uploads\/2026\/03\/F06A4076-2048x1365.jpg 2048w, https:\/\/urban-connect.com\/wp-content\/uploads\/2026\/03\/F06A4076-1620x1080.jpg 1620w\"\n                    sizes=\"(max-width: 768px) 100vw, 768px\"\n                    alt=\"Wheels &amp; Wine 2026 \u2013 Une \u00e9dition marquante qui fa\u00e7onne l'avenir de la mobilit\u00e9 d'entreprise\"\n                ><\/noscript>\n            <\/a>\n                <\/div>\n    <div class=\"right-side\">\n                    <a href=\"https:\/\/urban-connect.com\/fr\/news\/wheels-wine-2026-une-edition-marquante-qui-faconne-lavenir-de-la-mobilite-dentreprise\/\">\n                <h6 class=\"title\">Wheels &amp; Wine 2026 \u2013 Une \u00e9dition marquante qui fa\u00e7onne l&rsquo;avenir de la mobilit\u00e9 d&rsquo;entreprise<\/h6>\n            <\/a>\n                        <span class=\"date\">mars 24, 2026 <\/span>\n            \n\t        <\/div>\n<\/div>                        <\/div>\n                                                <div class=\"swiper-slide\">\n                            <div class=\"card-horizontal\">\n    <div class=\"left-side\">\n                    <a href=\"https:\/\/urban-connect.com\/fr\/news\/que-se-passera-t-il-lorsque-la-recharge-des-vehicules-electriques-fonctionnera-enfin\/\">\n                <img decoding=\"async\" \n                    class=\"image lazyload\" data-src=\"https:\/\/urban-connect.com\/wp-content\/uploads\/2026\/03\/Zaptec-cover-3-1-768x453.png\"\n                    data-srcset=\"https:\/\/urban-connect.com\/wp-content\/uploads\/2026\/03\/Zaptec-cover-3-1-768x453.png 768w, https:\/\/urban-connect.com\/wp-content\/uploads\/2026\/03\/Zaptec-cover-3-1-300x177.png 300w, https:\/\/urban-connect.com\/wp-content\/uploads\/2026\/03\/Zaptec-cover-3-1-1024x604.png 1024w, https:\/\/urban-connect.com\/wp-content\/uploads\/2026\/03\/Zaptec-cover-3-1-1536x906.png 1536w, https:\/\/urban-connect.com\/wp-content\/uploads\/2026\/03\/Zaptec-cover-3-1-2048x1208.png 2048w, https:\/\/urban-connect.com\/wp-content\/uploads\/2026\/03\/Zaptec-cover-3-1-1831x1080.png 1831w\"\n                    data-sizes=\"(max-width: 768px) 100vw, 768px\"\n                    alt=\"Que se passera-t-il lorsque la recharge des v\u00e9hicules \u00e9lectriques fonctionnera enfin?\"\n                 src=\"data:image\/gif;base64,R0lGODlhAQABAAAAACH5BAEKAAEALAAAAAABAAEAAAICTAEAOw==\" style=\"--smush-placeholder-width: 768px; --smush-placeholder-aspect-ratio: 768\/453;\"><noscript><img decoding=\"async\" \n                    class=\"image\" src=\"https:\/\/urban-connect.com\/wp-content\/uploads\/2026\/03\/Zaptec-cover-3-1-768x453.png\"\n                    srcset=\"https:\/\/urban-connect.com\/wp-content\/uploads\/2026\/03\/Zaptec-cover-3-1-768x453.png 768w, https:\/\/urban-connect.com\/wp-content\/uploads\/2026\/03\/Zaptec-cover-3-1-300x177.png 300w, https:\/\/urban-connect.com\/wp-content\/uploads\/2026\/03\/Zaptec-cover-3-1-1024x604.png 1024w, https:\/\/urban-connect.com\/wp-content\/uploads\/2026\/03\/Zaptec-cover-3-1-1536x906.png 1536w, https:\/\/urban-connect.com\/wp-content\/uploads\/2026\/03\/Zaptec-cover-3-1-2048x1208.png 2048w, https:\/\/urban-connect.com\/wp-content\/uploads\/2026\/03\/Zaptec-cover-3-1-1831x1080.png 1831w\"\n                    sizes=\"(max-width: 768px) 100vw, 768px\"\n                    alt=\"Que se passera-t-il lorsque la recharge des v\u00e9hicules \u00e9lectriques fonctionnera enfin?\"\n                ><\/noscript>\n            <\/a>\n                <\/div>\n    <div class=\"right-side\">\n                    <a href=\"https:\/\/urban-connect.com\/fr\/news\/que-se-passera-t-il-lorsque-la-recharge-des-vehicules-electriques-fonctionnera-enfin\/\">\n                <h6 class=\"title\">Que se passera-t-il lorsque la recharge des v\u00e9hicules \u00e9lectriques fonctionnera enfin?<\/h6>\n            <\/a>\n                        <span class=\"date\">mars 17, 2026 <\/span>\n            \n\t        <\/div>\n<\/div>                        <\/div>\n                                                <div class=\"swiper-slide\">\n                            <div class=\"card-horizontal\">\n    <div class=\"left-side\">\n                    <a href=\"https:\/\/urban-connect.com\/fr\/news\/spotlight-sur-les-etudes-de-cas-partenariat-entre-lonza-visp-et-urban-connect-pour-la-mobilite-durable\/\">\n                <img decoding=\"async\" \n                    class=\"image lazyload\" data-src=\"https:\/\/urban-connect.com\/wp-content\/uploads\/2026\/02\/HELSANA-x-UC-banner-768x511.png\"\n                    data-srcset=\"https:\/\/urban-connect.com\/wp-content\/uploads\/2026\/02\/HELSANA-x-UC-banner-768x511.png 768w, https:\/\/urban-connect.com\/wp-content\/uploads\/2026\/02\/HELSANA-x-UC-banner-300x199.png 300w, https:\/\/urban-connect.com\/wp-content\/uploads\/2026\/02\/HELSANA-x-UC-banner-1024x681.png 1024w, https:\/\/urban-connect.com\/wp-content\/uploads\/2026\/02\/HELSANA-x-UC-banner-1536x1021.png 1536w, https:\/\/urban-connect.com\/wp-content\/uploads\/2026\/02\/HELSANA-x-UC-banner.png 1590w\"\n                    data-sizes=\"(max-width: 768px) 100vw, 768px\"\n                    alt=\"Spotlight sur les \u00e9tudes de cas: Helsana offre \u00e0 3'400+ employ\u00e9s un budget de mobilit\u00e9 Urban Connect, et ce sans aucun probl\u00e8me gr\u00e2ce \u00e0 SCIM.\"\n                 src=\"data:image\/gif;base64,R0lGODlhAQABAAAAACH5BAEKAAEALAAAAAABAAEAAAICTAEAOw==\" style=\"--smush-placeholder-width: 768px; --smush-placeholder-aspect-ratio: 768\/511;\"><noscript><img decoding=\"async\" \n                    class=\"image\" src=\"https:\/\/urban-connect.com\/wp-content\/uploads\/2026\/02\/HELSANA-x-UC-banner-768x511.png\"\n                    srcset=\"https:\/\/urban-connect.com\/wp-content\/uploads\/2026\/02\/HELSANA-x-UC-banner-768x511.png 768w, https:\/\/urban-connect.com\/wp-content\/uploads\/2026\/02\/HELSANA-x-UC-banner-300x199.png 300w, https:\/\/urban-connect.com\/wp-content\/uploads\/2026\/02\/HELSANA-x-UC-banner-1024x681.png 1024w, https:\/\/urban-connect.com\/wp-content\/uploads\/2026\/02\/HELSANA-x-UC-banner-1536x1021.png 1536w, https:\/\/urban-connect.com\/wp-content\/uploads\/2026\/02\/HELSANA-x-UC-banner.png 1590w\"\n                    sizes=\"(max-width: 768px) 100vw, 768px\"\n                    alt=\"Spotlight sur les \u00e9tudes de cas: Helsana offre \u00e0 3'400+ employ\u00e9s un budget de mobilit\u00e9 Urban Connect, et ce sans aucun probl\u00e8me gr\u00e2ce \u00e0 SCIM.\"\n                ><\/noscript>\n            <\/a>\n                <\/div>\n    <div class=\"right-side\">\n                    <a href=\"https:\/\/urban-connect.com\/fr\/news\/spotlight-sur-les-etudes-de-cas-partenariat-entre-lonza-visp-et-urban-connect-pour-la-mobilite-durable\/\">\n                <h6 class=\"title\">Spotlight sur les \u00e9tudes de cas: Helsana offre \u00e0 3&rsquo;400+ employ\u00e9s un budget de mobilit\u00e9 Urban Connect, et ce sans aucun probl\u00e8me gr\u00e2ce \u00e0 SCIM.<\/h6>\n            <\/a>\n                        <span class=\"date\">f\u00e9vrier 05, 2026 <\/span>\n            \n\t        <\/div>\n<\/div>                        <\/div>\n                                        <\/div>\n                <div class=\"btn-slider \">\n    <div class=\"prev\">\n        <svg width=\"22\" height=\"12\" viewBox=\"0 0 22 12\" fill=\"none\" xmlns=\"http:\/\/www.w3.org\/2000\/svg\">\n            <path d=\"M5.094 4.476L7.74 1.83L6.03 0.102L0.432 5.7L6.03 11.298L7.74 9.57L5.076 6.906H21.42V4.476H5.094Z\" fill=\"white\"\/>\n        <\/svg>\n    <\/div>\n    <div class=\"next\">\n        <svg width=\"22\" height=\"12\" viewBox=\"0 0 22 12\" fill=\"none\" xmlns=\"http:\/\/www.w3.org\/2000\/svg\">\n            <path d=\"M14.292 1.83L16.938 4.476H0.612V6.906H16.956L14.292 9.57L16.002 11.298L21.6 5.7L16.002 0.102L14.292 1.83Z\" fill=\"white\"\/>\n        <\/svg>\n    <\/div>\n<\/div>            <\/div>\n        <\/div>\n    <\/section>\n    ","protected":false},"excerpt":{"rendered":"<p>Voici un bref aper\u00e7u du webinaire Vous souhaitez d\u00e9bloquer l&rsquo;acc\u00e8s au webinaire complet ? Remplissez le formulaire ci-dessous et nous vous enverrons le lien vers le webinaire complet directement dans votre bo\u00eete de r\u00e9ception. Notre webinaire met en sc\u00e8ne notre chef de produit Max M\u00fcller, qui pr\u00e9sente la nouvelle solution de stationnement d&rsquo;Urban Connect. Cette [&hellip;]<\/p>\n","protected":false},"featured_media":6936,"parent":0,"template":"","news_category":[42],"class_list":["post-6935","news","type-news","status-publish","has-post-thumbnail","hentry","news_category-webinars-fr"],"acf":[],"yoast_head":"<!-- This site is optimized with the Yoast SEO plugin v23.2 - https:\/\/yoast.com\/wordpress\/plugins\/seo\/ -->\n<title>Lunch&amp;Learn - Gestion de la flexibilit\u00e9 : des solutions de parking intelligentes pour un environnement de travail dynamique - Urban Connect<\/title>\n<meta name=\"robots\" content=\"index, follow, max-snippet:-1, max-image-preview:large, max-video-preview:-1\" \/>\n<link rel=\"canonical\" href=\"https:\/\/urban-connect.com\/fr\/news\/lunchlearn-gestion-de-la-flexibilite-des-solutions-de-parking-intelligentes-pour-un-environnement-de-travail-dynamique\/\" \/>\n<meta property=\"og:locale\" content=\"fr_FR\" \/>\n<meta property=\"og:type\" content=\"article\" \/>\n<meta property=\"og:title\" content=\"Lunch&amp;Learn - Gestion de la flexibilit\u00e9 : des solutions de parking intelligentes pour un environnement de travail dynamique - Urban Connect\" \/>\n<meta property=\"og:description\" content=\"Voici un bref aper\u00e7u du webinaire Vous souhaitez d\u00e9bloquer l&rsquo;acc\u00e8s au webinaire complet ? Remplissez le formulaire ci-dessous et nous vous enverrons le lien vers le webinaire complet directement dans votre bo\u00eete de r\u00e9ception. Notre webinaire met en sc\u00e8ne notre chef de produit Max M\u00fcller, qui pr\u00e9sente la nouvelle solution de stationnement d&rsquo;Urban Connect. Cette [&hellip;]\" \/>\n<meta property=\"og:url\" content=\"https:\/\/urban-connect.com\/fr\/news\/lunchlearn-gestion-de-la-flexibilite-des-solutions-de-parking-intelligentes-pour-un-environnement-de-travail-dynamique\/\" \/>\n<meta property=\"og:site_name\" content=\"Urban Connect\" \/>\n<meta property=\"article:modified_time\" content=\"2024-11-22T14:25:37+00:00\" \/>\n<meta property=\"og:image\" content=\"https:\/\/urban-connect.com\/wp-content\/uploads\/2024\/11\/News_Article-1.jpg\" \/>\n\t<meta property=\"og:image:width\" content=\"800\" \/>\n\t<meta property=\"og:image:height\" content=\"601\" \/>\n\t<meta property=\"og:image:type\" content=\"image\/jpeg\" \/>\n<meta name=\"twitter:card\" content=\"summary_large_image\" \/>\n<meta name=\"twitter:label1\" content=\"Dur\u00e9e de lecture estim\u00e9e\" \/>\n\t<meta name=\"twitter:data1\" content=\"2 minutes\" \/>\n<script type=\"application\/ld+json\" class=\"yoast-schema-graph\">{\"@context\":\"https:\/\/schema.org\",\"@graph\":[{\"@type\":\"WebPage\",\"@id\":\"https:\/\/urban-connect.com\/fr\/news\/lunchlearn-gestion-de-la-flexibilite-des-solutions-de-parking-intelligentes-pour-un-environnement-de-travail-dynamique\/\",\"url\":\"https:\/\/urban-connect.com\/fr\/news\/lunchlearn-gestion-de-la-flexibilite-des-solutions-de-parking-intelligentes-pour-un-environnement-de-travail-dynamique\/\",\"name\":\"Lunch&amp;Learn - Gestion de la flexibilit\u00e9 : des solutions de parking intelligentes pour un environnement de travail dynamique - Urban Connect\",\"isPartOf\":{\"@id\":\"https:\/\/urban-connect.com\/fr\/#website\"},\"primaryImageOfPage\":{\"@id\":\"https:\/\/urban-connect.com\/fr\/news\/lunchlearn-gestion-de-la-flexibilite-des-solutions-de-parking-intelligentes-pour-un-environnement-de-travail-dynamique\/#primaryimage\"},\"image\":{\"@id\":\"https:\/\/urban-connect.com\/fr\/news\/lunchlearn-gestion-de-la-flexibilite-des-solutions-de-parking-intelligentes-pour-un-environnement-de-travail-dynamique\/#primaryimage\"},\"thumbnailUrl\":\"https:\/\/urban-connect.com\/wp-content\/uploads\/2024\/11\/News_Article-1.jpg\",\"datePublished\":\"2024-11-22T13:09:01+00:00\",\"dateModified\":\"2024-11-22T14:25:37+00:00\",\"breadcrumb\":{\"@id\":\"https:\/\/urban-connect.com\/fr\/news\/lunchlearn-gestion-de-la-flexibilite-des-solutions-de-parking-intelligentes-pour-un-environnement-de-travail-dynamique\/#breadcrumb\"},\"inLanguage\":\"fr-FR\",\"potentialAction\":[{\"@type\":\"ReadAction\",\"target\":[\"https:\/\/urban-connect.com\/fr\/news\/lunchlearn-gestion-de-la-flexibilite-des-solutions-de-parking-intelligentes-pour-un-environnement-de-travail-dynamique\/\"]}]},{\"@type\":\"ImageObject\",\"inLanguage\":\"fr-FR\",\"@id\":\"https:\/\/urban-connect.com\/fr\/news\/lunchlearn-gestion-de-la-flexibilite-des-solutions-de-parking-intelligentes-pour-un-environnement-de-travail-dynamique\/#primaryimage\",\"url\":\"https:\/\/urban-connect.com\/wp-content\/uploads\/2024\/11\/News_Article-1.jpg\",\"contentUrl\":\"https:\/\/urban-connect.com\/wp-content\/uploads\/2024\/11\/News_Article-1.jpg\",\"width\":800,\"height\":601},{\"@type\":\"BreadcrumbList\",\"@id\":\"https:\/\/urban-connect.com\/fr\/news\/lunchlearn-gestion-de-la-flexibilite-des-solutions-de-parking-intelligentes-pour-un-environnement-de-travail-dynamique\/#breadcrumb\",\"itemListElement\":[{\"@type\":\"ListItem\",\"position\":1,\"name\":\"Home\",\"item\":\"https:\/\/urban-connect.com\/fr\/\"},{\"@type\":\"ListItem\",\"position\":2,\"name\":\"Lunch&amp;Learn &#8211; Gestion de la flexibilit\u00e9 : des solutions de parking intelligentes pour un environnement de travail dynamique\"}]},{\"@type\":\"WebSite\",\"@id\":\"https:\/\/urban-connect.com\/fr\/#website\",\"url\":\"https:\/\/urban-connect.com\/fr\/\",\"name\":\"Urban Connect\",\"description\":\"\",\"potentialAction\":[{\"@type\":\"SearchAction\",\"target\":{\"@type\":\"EntryPoint\",\"urlTemplate\":\"https:\/\/urban-connect.com\/fr\/?s={search_term_string}\"},\"query-input\":\"required name=search_term_string\"}],\"inLanguage\":\"fr-FR\"}]}<\/script>\n<!-- \/ Yoast SEO plugin. -->","yoast_head_json":{"title":"Lunch&amp;Learn - Gestion de la flexibilit\u00e9 : des solutions de parking intelligentes pour un environnement de travail dynamique - Urban Connect","robots":{"index":"index","follow":"follow","max-snippet":"max-snippet:-1","max-image-preview":"max-image-preview:large","max-video-preview":"max-video-preview:-1"},"canonical":"https:\/\/urban-connect.com\/fr\/news\/lunchlearn-gestion-de-la-flexibilite-des-solutions-de-parking-intelligentes-pour-un-environnement-de-travail-dynamique\/","og_locale":"fr_FR","og_type":"article","og_title":"Lunch&amp;Learn - Gestion de la flexibilit\u00e9 : des solutions de parking intelligentes pour un environnement de travail dynamique - Urban Connect","og_description":"Voici un bref aper\u00e7u du webinaire Vous souhaitez d\u00e9bloquer l&rsquo;acc\u00e8s au webinaire complet ? Remplissez le formulaire ci-dessous et nous vous enverrons le lien vers le webinaire complet directement dans votre bo\u00eete de r\u00e9ception. Notre webinaire met en sc\u00e8ne notre chef de produit Max M\u00fcller, qui pr\u00e9sente la nouvelle solution de stationnement d&rsquo;Urban Connect. Cette [&hellip;]","og_url":"https:\/\/urban-connect.com\/fr\/news\/lunchlearn-gestion-de-la-flexibilite-des-solutions-de-parking-intelligentes-pour-un-environnement-de-travail-dynamique\/","og_site_name":"Urban Connect","article_modified_time":"2024-11-22T14:25:37+00:00","og_image":[{"width":800,"height":601,"url":"https:\/\/urban-connect.com\/wp-content\/uploads\/2024\/11\/News_Article-1.jpg","type":"image\/jpeg"}],"twitter_card":"summary_large_image","twitter_misc":{"Dur\u00e9e de lecture estim\u00e9e":"2 minutes"},"schema":{"@context":"https:\/\/schema.org","@graph":[{"@type":"WebPage","@id":"https:\/\/urban-connect.com\/fr\/news\/lunchlearn-gestion-de-la-flexibilite-des-solutions-de-parking-intelligentes-pour-un-environnement-de-travail-dynamique\/","url":"https:\/\/urban-connect.com\/fr\/news\/lunchlearn-gestion-de-la-flexibilite-des-solutions-de-parking-intelligentes-pour-un-environnement-de-travail-dynamique\/","name":"Lunch&amp;Learn - Gestion de la flexibilit\u00e9 : des solutions de parking intelligentes pour un environnement de travail dynamique - Urban Connect","isPartOf":{"@id":"https:\/\/urban-connect.com\/fr\/#website"},"primaryImageOfPage":{"@id":"https:\/\/urban-connect.com\/fr\/news\/lunchlearn-gestion-de-la-flexibilite-des-solutions-de-parking-intelligentes-pour-un-environnement-de-travail-dynamique\/#primaryimage"},"image":{"@id":"https:\/\/urban-connect.com\/fr\/news\/lunchlearn-gestion-de-la-flexibilite-des-solutions-de-parking-intelligentes-pour-un-environnement-de-travail-dynamique\/#primaryimage"},"thumbnailUrl":"https:\/\/urban-connect.com\/wp-content\/uploads\/2024\/11\/News_Article-1.jpg","datePublished":"2024-11-22T13:09:01+00:00","dateModified":"2024-11-22T14:25:37+00:00","breadcrumb":{"@id":"https:\/\/urban-connect.com\/fr\/news\/lunchlearn-gestion-de-la-flexibilite-des-solutions-de-parking-intelligentes-pour-un-environnement-de-travail-dynamique\/#breadcrumb"},"inLanguage":"fr-FR","potentialAction":[{"@type":"ReadAction","target":["https:\/\/urban-connect.com\/fr\/news\/lunchlearn-gestion-de-la-flexibilite-des-solutions-de-parking-intelligentes-pour-un-environnement-de-travail-dynamique\/"]}]},{"@type":"ImageObject","inLanguage":"fr-FR","@id":"https:\/\/urban-connect.com\/fr\/news\/lunchlearn-gestion-de-la-flexibilite-des-solutions-de-parking-intelligentes-pour-un-environnement-de-travail-dynamique\/#primaryimage","url":"https:\/\/urban-connect.com\/wp-content\/uploads\/2024\/11\/News_Article-1.jpg","contentUrl":"https:\/\/urban-connect.com\/wp-content\/uploads\/2024\/11\/News_Article-1.jpg","width":800,"height":601},{"@type":"BreadcrumbList","@id":"https:\/\/urban-connect.com\/fr\/news\/lunchlearn-gestion-de-la-flexibilite-des-solutions-de-parking-intelligentes-pour-un-environnement-de-travail-dynamique\/#breadcrumb","itemListElement":[{"@type":"ListItem","position":1,"name":"Home","item":"https:\/\/urban-connect.com\/fr\/"},{"@type":"ListItem","position":2,"name":"Lunch&amp;Learn &#8211; Gestion de la flexibilit\u00e9 : des solutions de parking intelligentes pour un environnement de travail dynamique"}]},{"@type":"WebSite","@id":"https:\/\/urban-connect.com\/fr\/#website","url":"https:\/\/urban-connect.com\/fr\/","name":"Urban Connect","description":"","potentialAction":[{"@type":"SearchAction","target":{"@type":"EntryPoint","urlTemplate":"https:\/\/urban-connect.com\/fr\/?s={search_term_string}"},"query-input":"required name=search_term_string"}],"inLanguage":"fr-FR"}]}},"_links":{"self":[{"href":"https:\/\/urban-connect.com\/fr\/wp-json\/wp\/v2\/news\/6935","targetHints":{"allow":["GET"]}}],"collection":[{"href":"https:\/\/urban-connect.com\/fr\/wp-json\/wp\/v2\/news"}],"about":[{"href":"https:\/\/urban-connect.com\/fr\/wp-json\/wp\/v2\/types\/news"}],"wp:featuredmedia":[{"embeddable":true,"href":"https:\/\/urban-connect.com\/fr\/wp-json\/wp\/v2\/media\/6936"}],"wp:attachment":[{"href":"https:\/\/urban-connect.com\/fr\/wp-json\/wp\/v2\/media?parent=6935"}],"wp:term":[{"taxonomy":"news_category","embeddable":true,"href":"https:\/\/urban-connect.com\/fr\/wp-json\/wp\/v2\/news_category?post=6935"}],"curies":[{"name":"wp","href":"https:\/\/api.w.org\/{rel}","templated":true}]}}