{"id":6729,"date":"2024-08-29T11:30:00","date_gmt":"2024-08-29T11:30:00","guid":{"rendered":"https:\/\/urban-connect.com\/?post_type=news&#038;p=6729"},"modified":"2024-11-26T14:09:49","modified_gmt":"2024-11-26T14:09:49","slug":"lunch-learn-strategie-rh-de-lindt-amp-sprungli-pour-les-velos-electriques-partages","status":"publish","type":"news","link":"https:\/\/urban-connect.com\/fr\/news\/lunch-learn-strategie-rh-de-lindt-amp-sprungli-pour-les-velos-electriques-partages\/","title":{"rendered":"Lunch&amp;Learn &#8211; Strat\u00e9gie RH de Lindt &amp; Spr\u00fcngli pour les v\u00e9los \u00e9lectriques partag\u00e9s"},"content":{"rendered":"\n<p><strong><strong>Voici un bref aper\u00e7u du webinaire<\/strong><\/strong><\/p>\n\n\n\n<p><\/p>\n\n\n\n<figure class=\"wp-block-embed is-type-video is-provider-youtube wp-block-embed-youtube wp-embed-aspect-16-9 wp-has-aspect-ratio\"><div class=\"wp-block-embed__wrapper\">\n<iframe loading=\"lazy\" title=\"Lunch&amp;Learn - Lindt &amp; Spr\u00fcngli f\u00f6rdert mit E-Bike-Sharing ihre HR-Strategie f\u00fcr Bewegung\" width=\"500\" height=\"281\" data-src=\"https:\/\/www.youtube.com\/embed\/eqU5R6Xe_qM?feature=oembed\" frameborder=\"0\" allow=\"accelerometer; autoplay; clipboard-write; encrypted-media; gyroscope; picture-in-picture; web-share\" referrerpolicy=\"strict-origin-when-cross-origin\" allowfullscreen src=\"data:image\/gif;base64,R0lGODlhAQABAAAAACH5BAEKAAEALAAAAAABAAEAAAICTAEAOw==\" class=\"lazyload\" data-load-mode=\"1\"><\/iframe>\n<\/div><\/figure>\n\n\n\n<p><\/p>\n\n\n\n<p><strong>Vous souhaitez d\u00e9bloquer l&rsquo;acc\u00e8s \u00e0 l&rsquo;int\u00e9gralit\u00e9 du webinaire ?<\/strong> Remplissez le formulaire ci-dessous et nous vous enverrons le lien vers le webinaire complet directement dans votre bo\u00eete de r\u00e9ception.<\/p>\n\n\n\n<script charset=\"utf-8\" type=\"text\/javascript\" src=\"\/\/js.hsforms.net\/forms\/embed\/v2.js\"><\/script>\n<script>\n  hbspt.forms.create({\n    portalId: \"4873065\",\n    formId: \"edc66db2-28fa-490a-88a2-8ab39f2455ac\"\n  });\n<\/script>\n\n\n\n<p>D\u00e9couvrez comment l&rsquo;initiative de partage de v\u00e9los \u00e9lectriques de Lindt &amp; Spr\u00fcngli, qui fait partie de leur strat\u00e9gie RH depuis 2020, promeut la sant\u00e9 et le bien-\u00eatre des employ\u00e9s, ainsi que les d\u00e9placements durables. Claudia Di Giuseppe, directrice des ressources humaines de Lindt, explique comment plus de 400 employ\u00e9s b\u00e9n\u00e9ficient du programme, profitant \u00e0 la fois des trajets domicile-travail et de l&rsquo;utilisation priv\u00e9e des v\u00e9los \u00e9lectriques, ce qui a conduit \u00e0 l&rsquo;am\u00e9lioration du bien-\u00eatre physique et mental, \u00e0 la r\u00e9duction des cong\u00e9s de maladie et au renforcement de la culture d&rsquo;entreprise<br><\/p>\n\n\n\n<p><strong>Principales conclusions du webinaire<\/strong>:<\/p>\n\n\n\n<ul class=\"wp-block-list\">\n<li><strong>Focus sant\u00e9 et d\u00e9veloppement durable <\/strong>: Urban Connect vise \u00e0 promouvoir la sant\u00e9 et le bien-\u00eatre des employ\u00e9s par le biais d&rsquo;initiatives de partage de v\u00e9los \u00e9lectriques, favorisant ainsi les d\u00e9placements actifs et les options de transport durable.<\/li>\n\n\n\n<li><strong>Mise en \u0153uvre du programme de v\u00e9los \u00e9lectriques<\/strong> chez Lindt : L&rsquo;introduction r\u00e9ussie du programme de v\u00e9los \u00e9lectriques chez Lindt est expliqu\u00e9e et montre comment l&rsquo;initiative a \u00e9t\u00e9 mise en \u0153uvre de mani\u00e8re efficace pour les employ\u00e9s.<\/li>\n\n\n\n<li><strong>Retour d&rsquo;information et utilisation par les employ\u00e9s<\/strong> Les r\u00e9sultats et les donn\u00e9es sur la participation des employ\u00e9s au programme de v\u00e9los \u00e9lectriques montrent un retour d&rsquo;information positif et des taux d&rsquo;utilisation \u00e9lev\u00e9s, ce qui indique une forte acceptation de la part du personnel.<\/li>\n<\/ul>\n\n\n\n<p><\/p>\n\n\n\n<p>Change Mobility &#8211; Change the World<\/p>\n\n\n    <section class=\"related-posts\">\n        <div class=\"container\">\n            <h4 class=\"block-title\"><\/h4>\n        <\/div>\n        <div class=\"container posts-wrap\">\n            <div class=\"swiper swiper-related-posts\">\n                <div class=\"swiper-wrapper\">\n                                            <div class=\"swiper-slide\">\n                            <div class=\"card-horizontal\">\n    <div class=\"left-side\">\n                    <a href=\"https:\/\/urban-connect.com\/fr\/news\/wheels-wine-2026-une-edition-marquante-qui-faconne-lavenir-de-la-mobilite-dentreprise\/\">\n                <img decoding=\"async\" \n                    class=\"image lazyload\" data-src=\"https:\/\/urban-connect.com\/wp-content\/uploads\/2026\/03\/F06A4076-768x512.jpg\"\n                    data-srcset=\"https:\/\/urban-connect.com\/wp-content\/uploads\/2026\/03\/F06A4076-768x512.jpg 768w, https:\/\/urban-connect.com\/wp-content\/uploads\/2026\/03\/F06A4076-300x200.jpg 300w, https:\/\/urban-connect.com\/wp-content\/uploads\/2026\/03\/F06A4076-1024x683.jpg 1024w, https:\/\/urban-connect.com\/wp-content\/uploads\/2026\/03\/F06A4076-1536x1024.jpg 1536w, https:\/\/urban-connect.com\/wp-content\/uploads\/2026\/03\/F06A4076-2048x1365.jpg 2048w, https:\/\/urban-connect.com\/wp-content\/uploads\/2026\/03\/F06A4076-1620x1080.jpg 1620w\"\n                    data-sizes=\"(max-width: 768px) 100vw, 768px\"\n                    alt=\"Wheels &amp; Wine 2026 \u2013 Une \u00e9dition marquante qui fa\u00e7onne l'avenir de la mobilit\u00e9 d'entreprise\"\n                 src=\"data:image\/gif;base64,R0lGODlhAQABAAAAACH5BAEKAAEALAAAAAABAAEAAAICTAEAOw==\" style=\"--smush-placeholder-width: 768px; --smush-placeholder-aspect-ratio: 768\/512;\"><noscript><img decoding=\"async\" \n                    class=\"image\" src=\"https:\/\/urban-connect.com\/wp-content\/uploads\/2026\/03\/F06A4076-768x512.jpg\"\n                    srcset=\"https:\/\/urban-connect.com\/wp-content\/uploads\/2026\/03\/F06A4076-768x512.jpg 768w, https:\/\/urban-connect.com\/wp-content\/uploads\/2026\/03\/F06A4076-300x200.jpg 300w, https:\/\/urban-connect.com\/wp-content\/uploads\/2026\/03\/F06A4076-1024x683.jpg 1024w, https:\/\/urban-connect.com\/wp-content\/uploads\/2026\/03\/F06A4076-1536x1024.jpg 1536w, https:\/\/urban-connect.com\/wp-content\/uploads\/2026\/03\/F06A4076-2048x1365.jpg 2048w, https:\/\/urban-connect.com\/wp-content\/uploads\/2026\/03\/F06A4076-1620x1080.jpg 1620w\"\n                    sizes=\"(max-width: 768px) 100vw, 768px\"\n                    alt=\"Wheels &amp; Wine 2026 \u2013 Une \u00e9dition marquante qui fa\u00e7onne l'avenir de la mobilit\u00e9 d'entreprise\"\n                ><\/noscript>\n            <\/a>\n                <\/div>\n    <div class=\"right-side\">\n                    <a href=\"https:\/\/urban-connect.com\/fr\/news\/wheels-wine-2026-une-edition-marquante-qui-faconne-lavenir-de-la-mobilite-dentreprise\/\">\n                <h6 class=\"title\">Wheels &amp; Wine 2026 \u2013 Une \u00e9dition marquante qui fa\u00e7onne l&rsquo;avenir de la mobilit\u00e9 d&rsquo;entreprise<\/h6>\n            <\/a>\n                        <span class=\"date\">mars 24, 2026 <\/span>\n            \n\t        <\/div>\n<\/div>                        <\/div>\n                                                <div class=\"swiper-slide\">\n                            <div class=\"card-horizontal\">\n    <div class=\"left-side\">\n                    <a href=\"https:\/\/urban-connect.com\/fr\/news\/que-se-passera-t-il-lorsque-la-recharge-des-vehicules-electriques-fonctionnera-enfin\/\">\n                <img decoding=\"async\" \n                    class=\"image lazyload\" data-src=\"https:\/\/urban-connect.com\/wp-content\/uploads\/2026\/03\/Zaptec-cover-3-1-768x453.png\"\n                    data-srcset=\"https:\/\/urban-connect.com\/wp-content\/uploads\/2026\/03\/Zaptec-cover-3-1-768x453.png 768w, https:\/\/urban-connect.com\/wp-content\/uploads\/2026\/03\/Zaptec-cover-3-1-300x177.png 300w, https:\/\/urban-connect.com\/wp-content\/uploads\/2026\/03\/Zaptec-cover-3-1-1024x604.png 1024w, https:\/\/urban-connect.com\/wp-content\/uploads\/2026\/03\/Zaptec-cover-3-1-1536x906.png 1536w, https:\/\/urban-connect.com\/wp-content\/uploads\/2026\/03\/Zaptec-cover-3-1-2048x1208.png 2048w, https:\/\/urban-connect.com\/wp-content\/uploads\/2026\/03\/Zaptec-cover-3-1-1831x1080.png 1831w\"\n                    data-sizes=\"(max-width: 768px) 100vw, 768px\"\n                    alt=\"Que se passera-t-il lorsque la recharge des v\u00e9hicules \u00e9lectriques fonctionnera enfin?\"\n                 src=\"data:image\/gif;base64,R0lGODlhAQABAAAAACH5BAEKAAEALAAAAAABAAEAAAICTAEAOw==\" style=\"--smush-placeholder-width: 768px; --smush-placeholder-aspect-ratio: 768\/453;\"><noscript><img decoding=\"async\" \n                    class=\"image\" src=\"https:\/\/urban-connect.com\/wp-content\/uploads\/2026\/03\/Zaptec-cover-3-1-768x453.png\"\n                    srcset=\"https:\/\/urban-connect.com\/wp-content\/uploads\/2026\/03\/Zaptec-cover-3-1-768x453.png 768w, https:\/\/urban-connect.com\/wp-content\/uploads\/2026\/03\/Zaptec-cover-3-1-300x177.png 300w, https:\/\/urban-connect.com\/wp-content\/uploads\/2026\/03\/Zaptec-cover-3-1-1024x604.png 1024w, https:\/\/urban-connect.com\/wp-content\/uploads\/2026\/03\/Zaptec-cover-3-1-1536x906.png 1536w, https:\/\/urban-connect.com\/wp-content\/uploads\/2026\/03\/Zaptec-cover-3-1-2048x1208.png 2048w, https:\/\/urban-connect.com\/wp-content\/uploads\/2026\/03\/Zaptec-cover-3-1-1831x1080.png 1831w\"\n                    sizes=\"(max-width: 768px) 100vw, 768px\"\n                    alt=\"Que se passera-t-il lorsque la recharge des v\u00e9hicules \u00e9lectriques fonctionnera enfin?\"\n                ><\/noscript>\n            <\/a>\n                <\/div>\n    <div class=\"right-side\">\n                    <a href=\"https:\/\/urban-connect.com\/fr\/news\/que-se-passera-t-il-lorsque-la-recharge-des-vehicules-electriques-fonctionnera-enfin\/\">\n                <h6 class=\"title\">Que se passera-t-il lorsque la recharge des v\u00e9hicules \u00e9lectriques fonctionnera enfin?<\/h6>\n            <\/a>\n                        <span class=\"date\">mars 17, 2026 <\/span>\n            \n\t        <\/div>\n<\/div>                        <\/div>\n                                                <div class=\"swiper-slide\">\n                            <div class=\"card-horizontal\">\n    <div class=\"left-side\">\n                    <a href=\"https:\/\/urban-connect.com\/fr\/news\/spotlight-sur-les-etudes-de-cas-partenariat-entre-lonza-visp-et-urban-connect-pour-la-mobilite-durable\/\">\n                <img decoding=\"async\" \n                    class=\"image lazyload\" data-src=\"https:\/\/urban-connect.com\/wp-content\/uploads\/2026\/02\/HELSANA-x-UC-banner-768x511.png\"\n                    data-srcset=\"https:\/\/urban-connect.com\/wp-content\/uploads\/2026\/02\/HELSANA-x-UC-banner-768x511.png 768w, https:\/\/urban-connect.com\/wp-content\/uploads\/2026\/02\/HELSANA-x-UC-banner-300x199.png 300w, https:\/\/urban-connect.com\/wp-content\/uploads\/2026\/02\/HELSANA-x-UC-banner-1024x681.png 1024w, https:\/\/urban-connect.com\/wp-content\/uploads\/2026\/02\/HELSANA-x-UC-banner-1536x1021.png 1536w, https:\/\/urban-connect.com\/wp-content\/uploads\/2026\/02\/HELSANA-x-UC-banner.png 1590w\"\n                    data-sizes=\"(max-width: 768px) 100vw, 768px\"\n                    alt=\"Spotlight sur les \u00e9tudes de cas: Helsana offre \u00e0 3'400+ employ\u00e9s un budget de mobilit\u00e9 Urban Connect, et ce sans aucun probl\u00e8me gr\u00e2ce \u00e0 SCIM.\"\n                 src=\"data:image\/gif;base64,R0lGODlhAQABAAAAACH5BAEKAAEALAAAAAABAAEAAAICTAEAOw==\" style=\"--smush-placeholder-width: 768px; --smush-placeholder-aspect-ratio: 768\/511;\"><noscript><img decoding=\"async\" \n                    class=\"image\" src=\"https:\/\/urban-connect.com\/wp-content\/uploads\/2026\/02\/HELSANA-x-UC-banner-768x511.png\"\n                    srcset=\"https:\/\/urban-connect.com\/wp-content\/uploads\/2026\/02\/HELSANA-x-UC-banner-768x511.png 768w, https:\/\/urban-connect.com\/wp-content\/uploads\/2026\/02\/HELSANA-x-UC-banner-300x199.png 300w, https:\/\/urban-connect.com\/wp-content\/uploads\/2026\/02\/HELSANA-x-UC-banner-1024x681.png 1024w, https:\/\/urban-connect.com\/wp-content\/uploads\/2026\/02\/HELSANA-x-UC-banner-1536x1021.png 1536w, https:\/\/urban-connect.com\/wp-content\/uploads\/2026\/02\/HELSANA-x-UC-banner.png 1590w\"\n                    sizes=\"(max-width: 768px) 100vw, 768px\"\n                    alt=\"Spotlight sur les \u00e9tudes de cas: Helsana offre \u00e0 3'400+ employ\u00e9s un budget de mobilit\u00e9 Urban Connect, et ce sans aucun probl\u00e8me gr\u00e2ce \u00e0 SCIM.\"\n                ><\/noscript>\n            <\/a>\n                <\/div>\n    <div class=\"right-side\">\n                    <a href=\"https:\/\/urban-connect.com\/fr\/news\/spotlight-sur-les-etudes-de-cas-partenariat-entre-lonza-visp-et-urban-connect-pour-la-mobilite-durable\/\">\n                <h6 class=\"title\">Spotlight sur les \u00e9tudes de cas: Helsana offre \u00e0 3&rsquo;400+ employ\u00e9s un budget de mobilit\u00e9 Urban Connect, et ce sans aucun probl\u00e8me gr\u00e2ce \u00e0 SCIM.<\/h6>\n            <\/a>\n                        <span class=\"date\">f\u00e9vrier 05, 2026 <\/span>\n            \n\t        <\/div>\n<\/div>                        <\/div>\n                                        <\/div>\n                <div class=\"btn-slider \">\n    <div class=\"prev\">\n        <svg width=\"22\" height=\"12\" viewBox=\"0 0 22 12\" fill=\"none\" xmlns=\"http:\/\/www.w3.org\/2000\/svg\">\n            <path d=\"M5.094 4.476L7.74 1.83L6.03 0.102L0.432 5.7L6.03 11.298L7.74 9.57L5.076 6.906H21.42V4.476H5.094Z\" fill=\"white\"\/>\n        <\/svg>\n    <\/div>\n    <div class=\"next\">\n        <svg width=\"22\" height=\"12\" viewBox=\"0 0 22 12\" fill=\"none\" xmlns=\"http:\/\/www.w3.org\/2000\/svg\">\n            <path d=\"M14.292 1.83L16.938 4.476H0.612V6.906H16.956L14.292 9.57L16.002 11.298L21.6 5.7L16.002 0.102L14.292 1.83Z\" fill=\"white\"\/>\n        <\/svg>\n    <\/div>\n<\/div>            <\/div>\n        <\/div>\n    <\/section>\n    ","protected":false},"excerpt":{"rendered":"<p>Voici un bref aper\u00e7u du webinaire Vous souhaitez d\u00e9bloquer l&rsquo;acc\u00e8s \u00e0 l&rsquo;int\u00e9gralit\u00e9 du webinaire ? Remplissez le formulaire ci-dessous et nous vous enverrons le lien vers le webinaire complet directement dans votre bo\u00eete de r\u00e9ception. D\u00e9couvrez comment l&rsquo;initiative de partage de v\u00e9los \u00e9lectriques de Lindt &amp; Spr\u00fcngli, qui fait partie de leur strat\u00e9gie RH depuis [&hellip;]<\/p>\n","protected":false},"featured_media":6726,"parent":0,"template":"","news_category":[42],"class_list":["post-6729","news","type-news","status-publish","has-post-thumbnail","hentry","news_category-webinars-fr"],"acf":[],"yoast_head":"<!-- This site is optimized with the Yoast SEO plugin v23.2 - https:\/\/yoast.com\/wordpress\/plugins\/seo\/ -->\n<title>Lunch&amp;Learn - Strat\u00e9gie RH de Lindt &amp; Spr\u00fcngli pour les v\u00e9los \u00e9lectriques partag\u00e9s - Urban Connect<\/title>\n<meta name=\"robots\" content=\"index, follow, max-snippet:-1, max-image-preview:large, max-video-preview:-1\" \/>\n<link rel=\"canonical\" href=\"https:\/\/urban-connect.com\/fr\/news\/lunch-learn-strategie-rh-de-lindt-amp-sprungli-pour-les-velos-electriques-partages\/\" \/>\n<meta property=\"og:locale\" content=\"fr_FR\" \/>\n<meta property=\"og:type\" content=\"article\" \/>\n<meta property=\"og:title\" content=\"Lunch&amp;Learn - Strat\u00e9gie RH de Lindt &amp; Spr\u00fcngli pour les v\u00e9los \u00e9lectriques partag\u00e9s - Urban Connect\" \/>\n<meta property=\"og:description\" content=\"Voici un bref aper\u00e7u du webinaire Vous souhaitez d\u00e9bloquer l&rsquo;acc\u00e8s \u00e0 l&rsquo;int\u00e9gralit\u00e9 du webinaire ? Remplissez le formulaire ci-dessous et nous vous enverrons le lien vers le webinaire complet directement dans votre bo\u00eete de r\u00e9ception. D\u00e9couvrez comment l&rsquo;initiative de partage de v\u00e9los \u00e9lectriques de Lindt &amp; Spr\u00fcngli, qui fait partie de leur strat\u00e9gie RH depuis [&hellip;]\" \/>\n<meta property=\"og:url\" content=\"https:\/\/urban-connect.com\/fr\/news\/lunch-learn-strategie-rh-de-lindt-amp-sprungli-pour-les-velos-electriques-partages\/\" \/>\n<meta property=\"og:site_name\" content=\"Urban Connect\" \/>\n<meta property=\"article:modified_time\" content=\"2024-11-26T14:09:49+00:00\" \/>\n<meta property=\"og:image\" content=\"https:\/\/urban-connect.com\/wp-content\/uploads\/2024\/10\/Webinar_Claudia-scaled.jpg\" \/>\n\t<meta property=\"og:image:width\" content=\"2560\" \/>\n\t<meta property=\"og:image:height\" content=\"1923\" \/>\n\t<meta property=\"og:image:type\" content=\"image\/jpeg\" \/>\n<meta name=\"twitter:card\" content=\"summary_large_image\" \/>\n<meta name=\"twitter:label1\" content=\"Dur\u00e9e de lecture estim\u00e9e\" \/>\n\t<meta name=\"twitter:data1\" content=\"2 minutes\" \/>\n<script type=\"application\/ld+json\" class=\"yoast-schema-graph\">{\"@context\":\"https:\/\/schema.org\",\"@graph\":[{\"@type\":\"WebPage\",\"@id\":\"https:\/\/urban-connect.com\/fr\/news\/lunch-learn-strategie-rh-de-lindt-amp-sprungli-pour-les-velos-electriques-partages\/\",\"url\":\"https:\/\/urban-connect.com\/fr\/news\/lunch-learn-strategie-rh-de-lindt-amp-sprungli-pour-les-velos-electriques-partages\/\",\"name\":\"Lunch&amp;Learn - Strat\u00e9gie RH de Lindt &amp; Spr\u00fcngli pour les v\u00e9los \u00e9lectriques partag\u00e9s - Urban Connect\",\"isPartOf\":{\"@id\":\"https:\/\/urban-connect.com\/fr\/#website\"},\"primaryImageOfPage\":{\"@id\":\"https:\/\/urban-connect.com\/fr\/news\/lunch-learn-strategie-rh-de-lindt-amp-sprungli-pour-les-velos-electriques-partages\/#primaryimage\"},\"image\":{\"@id\":\"https:\/\/urban-connect.com\/fr\/news\/lunch-learn-strategie-rh-de-lindt-amp-sprungli-pour-les-velos-electriques-partages\/#primaryimage\"},\"thumbnailUrl\":\"https:\/\/urban-connect.com\/wp-content\/uploads\/2024\/10\/Webinar_Claudia-scaled.jpg\",\"datePublished\":\"2024-08-29T11:30:00+00:00\",\"dateModified\":\"2024-11-26T14:09:49+00:00\",\"breadcrumb\":{\"@id\":\"https:\/\/urban-connect.com\/fr\/news\/lunch-learn-strategie-rh-de-lindt-amp-sprungli-pour-les-velos-electriques-partages\/#breadcrumb\"},\"inLanguage\":\"fr-FR\",\"potentialAction\":[{\"@type\":\"ReadAction\",\"target\":[\"https:\/\/urban-connect.com\/fr\/news\/lunch-learn-strategie-rh-de-lindt-amp-sprungli-pour-les-velos-electriques-partages\/\"]}]},{\"@type\":\"ImageObject\",\"inLanguage\":\"fr-FR\",\"@id\":\"https:\/\/urban-connect.com\/fr\/news\/lunch-learn-strategie-rh-de-lindt-amp-sprungli-pour-les-velos-electriques-partages\/#primaryimage\",\"url\":\"https:\/\/urban-connect.com\/wp-content\/uploads\/2024\/10\/Webinar_Claudia-scaled.jpg\",\"contentUrl\":\"https:\/\/urban-connect.com\/wp-content\/uploads\/2024\/10\/Webinar_Claudia-scaled.jpg\",\"width\":2560,\"height\":1923,\"caption\":\"Claudia Di Giuseppe Webinar\"},{\"@type\":\"BreadcrumbList\",\"@id\":\"https:\/\/urban-connect.com\/fr\/news\/lunch-learn-strategie-rh-de-lindt-amp-sprungli-pour-les-velos-electriques-partages\/#breadcrumb\",\"itemListElement\":[{\"@type\":\"ListItem\",\"position\":1,\"name\":\"Home\",\"item\":\"https:\/\/urban-connect.com\/fr\/\"},{\"@type\":\"ListItem\",\"position\":2,\"name\":\"Lunch&amp;Learn &#8211; Strat\u00e9gie RH de Lindt &amp; Spr\u00fcngli pour les v\u00e9los \u00e9lectriques partag\u00e9s\"}]},{\"@type\":\"WebSite\",\"@id\":\"https:\/\/urban-connect.com\/fr\/#website\",\"url\":\"https:\/\/urban-connect.com\/fr\/\",\"name\":\"Urban Connect\",\"description\":\"\",\"potentialAction\":[{\"@type\":\"SearchAction\",\"target\":{\"@type\":\"EntryPoint\",\"urlTemplate\":\"https:\/\/urban-connect.com\/fr\/?s={search_term_string}\"},\"query-input\":\"required name=search_term_string\"}],\"inLanguage\":\"fr-FR\"}]}<\/script>\n<!-- \/ Yoast SEO plugin. -->","yoast_head_json":{"title":"Lunch&amp;Learn - Strat\u00e9gie RH de Lindt &amp; Spr\u00fcngli pour les v\u00e9los \u00e9lectriques partag\u00e9s - Urban Connect","robots":{"index":"index","follow":"follow","max-snippet":"max-snippet:-1","max-image-preview":"max-image-preview:large","max-video-preview":"max-video-preview:-1"},"canonical":"https:\/\/urban-connect.com\/fr\/news\/lunch-learn-strategie-rh-de-lindt-amp-sprungli-pour-les-velos-electriques-partages\/","og_locale":"fr_FR","og_type":"article","og_title":"Lunch&amp;Learn - Strat\u00e9gie RH de Lindt &amp; Spr\u00fcngli pour les v\u00e9los \u00e9lectriques partag\u00e9s - Urban Connect","og_description":"Voici un bref aper\u00e7u du webinaire Vous souhaitez d\u00e9bloquer l&rsquo;acc\u00e8s \u00e0 l&rsquo;int\u00e9gralit\u00e9 du webinaire ? Remplissez le formulaire ci-dessous et nous vous enverrons le lien vers le webinaire complet directement dans votre bo\u00eete de r\u00e9ception. D\u00e9couvrez comment l&rsquo;initiative de partage de v\u00e9los \u00e9lectriques de Lindt &amp; Spr\u00fcngli, qui fait partie de leur strat\u00e9gie RH depuis [&hellip;]","og_url":"https:\/\/urban-connect.com\/fr\/news\/lunch-learn-strategie-rh-de-lindt-amp-sprungli-pour-les-velos-electriques-partages\/","og_site_name":"Urban Connect","article_modified_time":"2024-11-26T14:09:49+00:00","og_image":[{"width":2560,"height":1923,"url":"https:\/\/urban-connect.com\/wp-content\/uploads\/2024\/10\/Webinar_Claudia-scaled.jpg","type":"image\/jpeg"}],"twitter_card":"summary_large_image","twitter_misc":{"Dur\u00e9e de lecture estim\u00e9e":"2 minutes"},"schema":{"@context":"https:\/\/schema.org","@graph":[{"@type":"WebPage","@id":"https:\/\/urban-connect.com\/fr\/news\/lunch-learn-strategie-rh-de-lindt-amp-sprungli-pour-les-velos-electriques-partages\/","url":"https:\/\/urban-connect.com\/fr\/news\/lunch-learn-strategie-rh-de-lindt-amp-sprungli-pour-les-velos-electriques-partages\/","name":"Lunch&amp;Learn - Strat\u00e9gie RH de Lindt &amp; Spr\u00fcngli pour les v\u00e9los \u00e9lectriques partag\u00e9s - Urban Connect","isPartOf":{"@id":"https:\/\/urban-connect.com\/fr\/#website"},"primaryImageOfPage":{"@id":"https:\/\/urban-connect.com\/fr\/news\/lunch-learn-strategie-rh-de-lindt-amp-sprungli-pour-les-velos-electriques-partages\/#primaryimage"},"image":{"@id":"https:\/\/urban-connect.com\/fr\/news\/lunch-learn-strategie-rh-de-lindt-amp-sprungli-pour-les-velos-electriques-partages\/#primaryimage"},"thumbnailUrl":"https:\/\/urban-connect.com\/wp-content\/uploads\/2024\/10\/Webinar_Claudia-scaled.jpg","datePublished":"2024-08-29T11:30:00+00:00","dateModified":"2024-11-26T14:09:49+00:00","breadcrumb":{"@id":"https:\/\/urban-connect.com\/fr\/news\/lunch-learn-strategie-rh-de-lindt-amp-sprungli-pour-les-velos-electriques-partages\/#breadcrumb"},"inLanguage":"fr-FR","potentialAction":[{"@type":"ReadAction","target":["https:\/\/urban-connect.com\/fr\/news\/lunch-learn-strategie-rh-de-lindt-amp-sprungli-pour-les-velos-electriques-partages\/"]}]},{"@type":"ImageObject","inLanguage":"fr-FR","@id":"https:\/\/urban-connect.com\/fr\/news\/lunch-learn-strategie-rh-de-lindt-amp-sprungli-pour-les-velos-electriques-partages\/#primaryimage","url":"https:\/\/urban-connect.com\/wp-content\/uploads\/2024\/10\/Webinar_Claudia-scaled.jpg","contentUrl":"https:\/\/urban-connect.com\/wp-content\/uploads\/2024\/10\/Webinar_Claudia-scaled.jpg","width":2560,"height":1923,"caption":"Claudia Di Giuseppe Webinar"},{"@type":"BreadcrumbList","@id":"https:\/\/urban-connect.com\/fr\/news\/lunch-learn-strategie-rh-de-lindt-amp-sprungli-pour-les-velos-electriques-partages\/#breadcrumb","itemListElement":[{"@type":"ListItem","position":1,"name":"Home","item":"https:\/\/urban-connect.com\/fr\/"},{"@type":"ListItem","position":2,"name":"Lunch&amp;Learn &#8211; Strat\u00e9gie RH de Lindt &amp; Spr\u00fcngli pour les v\u00e9los \u00e9lectriques partag\u00e9s"}]},{"@type":"WebSite","@id":"https:\/\/urban-connect.com\/fr\/#website","url":"https:\/\/urban-connect.com\/fr\/","name":"Urban Connect","description":"","potentialAction":[{"@type":"SearchAction","target":{"@type":"EntryPoint","urlTemplate":"https:\/\/urban-connect.com\/fr\/?s={search_term_string}"},"query-input":"required name=search_term_string"}],"inLanguage":"fr-FR"}]}},"_links":{"self":[{"href":"https:\/\/urban-connect.com\/fr\/wp-json\/wp\/v2\/news\/6729","targetHints":{"allow":["GET"]}}],"collection":[{"href":"https:\/\/urban-connect.com\/fr\/wp-json\/wp\/v2\/news"}],"about":[{"href":"https:\/\/urban-connect.com\/fr\/wp-json\/wp\/v2\/types\/news"}],"wp:featuredmedia":[{"embeddable":true,"href":"https:\/\/urban-connect.com\/fr\/wp-json\/wp\/v2\/media\/6726"}],"wp:attachment":[{"href":"https:\/\/urban-connect.com\/fr\/wp-json\/wp\/v2\/media?parent=6729"}],"wp:term":[{"taxonomy":"news_category","embeddable":true,"href":"https:\/\/urban-connect.com\/fr\/wp-json\/wp\/v2\/news_category?post=6729"}],"curies":[{"name":"wp","href":"https:\/\/api.w.org\/{rel}","templated":true}]}}