{"id":6581,"date":"2024-09-19T06:05:04","date_gmt":"2024-09-19T06:05:04","guid":{"rendered":"https:\/\/urban-connect.com\/?post_type=news&#038;p=6581"},"modified":"2024-09-24T11:32:05","modified_gmt":"2024-09-24T11:32:05","slug":"urban-connect-electrifie-et-numerise-la-flotte-de-wincasa","status":"publish","type":"news","link":"https:\/\/urban-connect.com\/fr\/news\/urban-connect-electrifie-et-numerise-la-flotte-de-wincasa\/","title":{"rendered":"Urban Connect \u00e9lectrifie et num\u00e9rise la flotte de Wincasa"},"content":{"rendered":"\n<ul class=\"wp-block-list\">\n<li>Suite \u00e0 des projets pilotes r\u00e9ussis, Urban Connect prend en charge la gestion du parc automobile de Wincasa et \u00e9lectrifie l&rsquo;ensemble de la flotte de 46 voitures et ajoute progressivement 23 v\u00e9los\/scooters \u00e9lectriques jusqu&rsquo;en 2026&nbsp;&nbsp;&nbsp;<\/li>\n\n\n\n<li>Gr\u00e2ce \u00e0 cette collaboration, Wincasa fait un pas de plus dans la durabilit\u00e9 et d\u00e9ploie le concept de mobilit\u00e9 d&rsquo;entreprise durable, partag\u00e9e, multimodale et num\u00e9ris\u00e9e dans toute la Suisse&nbsp;&nbsp;<\/li>\n\n\n\n<li>Philipp Schoch, responsable de la gestion immobili\u00e8re chez Wincasa: <em>\u00ab Nous avons fait de tr\u00e8s bonnes exp\u00e9riences avec l&rsquo;\u00e9lectrification de notre flotte d&rsquo;entreprise pendant la phase pilote. La solution num\u00e9rique et compl\u00e8te d&rsquo;Urban Connect nous a convaincus. Nous sommes en train de d\u00e9ployer ce nouveau concept de mobilit\u00e9 sur tous nos sites en Suisse. \u00bb<\/em>&nbsp;<\/li>\n<\/ul>\n\n\n\n<p><strong>Z\u00fcrich, 19.09.2024:<\/strong> Urban Connect, le fournisseur leader de solutions de mobilit\u00e9 d&rsquo;entreprise en Suisse, poursuit sa croissance et a le plaisir d&rsquo;annoncer une collaboration approfondie avec Wincasa. Apr\u00e8s des essais pilotes r\u00e9ussis au cours de l&rsquo;ann\u00e9e derni\u00e8re, Urban Connect prendra en charge \u00e0 partir d&rsquo;ao\u00fbt 2024 la gestion de la flotte de Wincasa, qui passera \u00e0 46 voitures \u00e9lectriques et 23 v\u00e9los\/ scooters \u00e9lectriques d&rsquo;ici 2026.&nbsp;<\/p>\n\n\n\n<p><strong>\u00c0 propos d&rsquo;Urban Connect et de Wincasa :<\/strong><strong>&nbsp;<\/strong>&nbsp;<\/p>\n\n\n\n<p>Urban Connect r\u00e9volutionne la mani\u00e8re dont les entreprises abordent la mobilit\u00e9 des employ\u00e9s en proposant un \u00e9cosyst\u00e8me enti\u00e8rement int\u00e9gr\u00e9 d&rsquo;options de mobilit\u00e9 partag\u00e9e. Plus de 50 entreprises comme Roche Suisse, Google ou Swiss misent d\u00e9j\u00e0 sur les voitures \u00e9lectriques partag\u00e9es, les v\u00e9los \u00e9lectriques et les trottinettes \u00e9lectriques, qui sont compl\u00e9t\u00e9s par un acc\u00e8s aux transports publics, des solutions de stationnement num\u00e9riques et un budget de mobilit\u00e9. Les entreprises \u00e9conomisent ainsi des co\u00fbts, des efforts, de l&rsquo;espace et des \u00e9missions, tout en offrant \u00e0 leurs collaborateurs une exp\u00e9rience d&rsquo;utilisation sans faille.&nbsp;&nbsp;<\/p>\n\n\n\n<p>Wincasa est le principal prestataire de services immobiliers int\u00e9gr\u00e9s en Suisse et offre \u00e0 ses clients un large portefeuille de services tout au long du cycle de vie de l&rsquo;immobilier : de la planification \u00e0 la revitalisation et au repositionnement d&rsquo;un bien immobilier, en passant par la construction et la gestion. Fond\u00e9e en 1999, la soci\u00e9t\u00e9 anonyme est pr\u00e9sente dans toutes les r\u00e9gions du pays et fait partie d&rsquo;Implenia depuis mai 2023.&nbsp;<\/p>\n\n\n\n<p><strong>Commentaires sur le partenariat<\/strong><strong>&nbsp;<\/strong>&nbsp;<\/p>\n\n\n\n<p><strong>Judith H\u00e4berli, cofondatrice d&rsquo;Urban Connect :<\/strong> <em>\u00ab Nous sommes ravis de travailler avec Wincasa pour continuer \u00e0 \u00e9lectrifier, num\u00e9riser et optimiser le paysage de la mobilit\u00e9 en Suisse. Nos projets pilotes avec Wincasa ont montr\u00e9 que ce gestionnaire immobilier de premier plan peut \u00e9galement prendre les devants en mati\u00e8re de mobilit\u00e9 : avec des voitures \u00e9lectriques partag\u00e9es, des v\u00e9los \u00e9lectriques partag\u00e9s et des scooters \u00e9lectriques qui peuvent \u00eatre utilis\u00e9s pour les d\u00e9placements professionnels et priv\u00e9s. Il s&rsquo;agit donc d&rsquo;une situation gagnant-gagnant-gagnant : Gagnant n\u00b0 1 : Wincasa r\u00e9duit les co\u00fbts. Gain n\u00b02 : les employ\u00e9s ont \u00e9galement un acc\u00e8s priv\u00e9 \u00e0 un v\u00e9hicule \u00e9lectrique peu co\u00fbteux. Gain n\u00b03 : avec la flotte \u00e9lectrique, Wincasa fait un grand pas vers la durabilit\u00e9 et l&rsquo;environnement en b\u00e9n\u00e9ficie \u00e9galement. \u00bb&nbsp;<\/em><\/p>\n\n\n\n<p><strong>Philipp Schoch, chef de la direction de Wincasa :<\/strong> <em>\u00ab Nous avons eu de tr\u00e8s bonnes exp\u00e9riences avec l&rsquo;\u00e9lectrification de notre flotte d&rsquo;entreprise pendant la phase pilote. La solution num\u00e9rique et compl\u00e8te d&rsquo;Urban Connect nous a convaincus. Nous sommes en train de d\u00e9ployer ce nouveau concept de mobilit\u00e9 sur tous nos sites en Suisse. En travaillant avec Urban Connect, nous pouvons atteindre nos objectifs dans le domaine de la mobilit\u00e9 des employ\u00e9s, r\u00e9duire en m\u00eame temps les \u00e9missions de la flotte et toujours avoir une transparence totale sur notre flotte \u00e9lectrifi\u00e9e. \u00bb&nbsp;<\/em><\/p>\n\n\n\n<p>Change Mobility &#8211; Change the World<\/p>\n\n\n\n<hr class=\"wp-block-separator has-alpha-channel-opacity\"\/>\n\n\n\n<p><br>Tu cherches \u00e0 \u00e9lectrifier ta flotte comme Wincasa ? Chez Urban Connect, nous facilitons la transition vers la mobilit\u00e9 durable en offrant des solutions sur mesure pour r\u00e9pondre aux besoins de ton entreprise. De plus, nous avons actuellement une <strong>offre exclusive de BMW<\/strong> qui est difficile \u00e0 battre ! Que tu cherches des voitures \u00e9lectriques, des v\u00e9los \u00e9lectriques ou des scooters \u00e9lectriques, notre \u00e9quipe est pr\u00eate \u00e0 t&rsquo;aider \u00e0 faire le prochain pas vers un avenir plus vert et plus efficace.<\/p>\n\n\n\n<p><strong>Contacte-nous d\u00e8s aujourd&rsquo;hui<\/strong> pour savoir comment nous pouvons t&rsquo;aider \u00e0 \u00e9lectrifier ta flotte et \u00e0 optimiser la mobilit\u00e9 de ton entreprise : <a href=\"mailto:sales@urban-connect.ch\">sales@urban-connect.ch<\/a><\/p>\n\n\n    <section class=\"related-posts\">\n        <div class=\"container\">\n            <h4 class=\"block-title\"><\/h4>\n        <\/div>\n        <div class=\"container posts-wrap\">\n            <div class=\"swiper swiper-related-posts\">\n                <div class=\"swiper-wrapper\">\n                                            <div class=\"swiper-slide\">\n                            <div class=\"card-horizontal\">\n    <div class=\"left-side\">\n                    <a href=\"https:\/\/urban-connect.com\/fr\/news\/wheels-wine-2026-une-edition-marquante-qui-faconne-lavenir-de-la-mobilite-dentreprise\/\">\n                <img decoding=\"async\" \n                    class=\"image lazyload\" data-src=\"https:\/\/urban-connect.com\/wp-content\/uploads\/2026\/03\/F06A4076-768x512.jpg\"\n                    data-srcset=\"https:\/\/urban-connect.com\/wp-content\/uploads\/2026\/03\/F06A4076-768x512.jpg 768w, https:\/\/urban-connect.com\/wp-content\/uploads\/2026\/03\/F06A4076-300x200.jpg 300w, https:\/\/urban-connect.com\/wp-content\/uploads\/2026\/03\/F06A4076-1024x683.jpg 1024w, https:\/\/urban-connect.com\/wp-content\/uploads\/2026\/03\/F06A4076-1536x1024.jpg 1536w, https:\/\/urban-connect.com\/wp-content\/uploads\/2026\/03\/F06A4076-2048x1365.jpg 2048w, https:\/\/urban-connect.com\/wp-content\/uploads\/2026\/03\/F06A4076-1620x1080.jpg 1620w\"\n                    data-sizes=\"(max-width: 768px) 100vw, 768px\"\n                    alt=\"Wheels &amp; Wine 2026 \u2013 Une \u00e9dition marquante qui fa\u00e7onne l'avenir de la mobilit\u00e9 d'entreprise\"\n                 src=\"data:image\/gif;base64,R0lGODlhAQABAAAAACH5BAEKAAEALAAAAAABAAEAAAICTAEAOw==\" style=\"--smush-placeholder-width: 768px; --smush-placeholder-aspect-ratio: 768\/512;\"><noscript><img decoding=\"async\" \n                    class=\"image\" src=\"https:\/\/urban-connect.com\/wp-content\/uploads\/2026\/03\/F06A4076-768x512.jpg\"\n                    srcset=\"https:\/\/urban-connect.com\/wp-content\/uploads\/2026\/03\/F06A4076-768x512.jpg 768w, https:\/\/urban-connect.com\/wp-content\/uploads\/2026\/03\/F06A4076-300x200.jpg 300w, https:\/\/urban-connect.com\/wp-content\/uploads\/2026\/03\/F06A4076-1024x683.jpg 1024w, https:\/\/urban-connect.com\/wp-content\/uploads\/2026\/03\/F06A4076-1536x1024.jpg 1536w, https:\/\/urban-connect.com\/wp-content\/uploads\/2026\/03\/F06A4076-2048x1365.jpg 2048w, https:\/\/urban-connect.com\/wp-content\/uploads\/2026\/03\/F06A4076-1620x1080.jpg 1620w\"\n                    sizes=\"(max-width: 768px) 100vw, 768px\"\n                    alt=\"Wheels &amp; Wine 2026 \u2013 Une \u00e9dition marquante qui fa\u00e7onne l'avenir de la mobilit\u00e9 d'entreprise\"\n                ><\/noscript>\n            <\/a>\n                <\/div>\n    <div class=\"right-side\">\n                    <a href=\"https:\/\/urban-connect.com\/fr\/news\/wheels-wine-2026-une-edition-marquante-qui-faconne-lavenir-de-la-mobilite-dentreprise\/\">\n                <h6 class=\"title\">Wheels &amp; Wine 2026 \u2013 Une \u00e9dition marquante qui fa\u00e7onne l&rsquo;avenir de la mobilit\u00e9 d&rsquo;entreprise<\/h6>\n            <\/a>\n                        <span class=\"date\">mars 24, 2026 <\/span>\n            \n\t        <\/div>\n<\/div>                        <\/div>\n                                                <div class=\"swiper-slide\">\n                            <div class=\"card-horizontal\">\n    <div class=\"left-side\">\n                    <a href=\"https:\/\/urban-connect.com\/fr\/news\/que-se-passera-t-il-lorsque-la-recharge-des-vehicules-electriques-fonctionnera-enfin\/\">\n                <img decoding=\"async\" \n                    class=\"image lazyload\" data-src=\"https:\/\/urban-connect.com\/wp-content\/uploads\/2026\/03\/Zaptec-cover-3-1-768x453.png\"\n                    data-srcset=\"https:\/\/urban-connect.com\/wp-content\/uploads\/2026\/03\/Zaptec-cover-3-1-768x453.png 768w, https:\/\/urban-connect.com\/wp-content\/uploads\/2026\/03\/Zaptec-cover-3-1-300x177.png 300w, https:\/\/urban-connect.com\/wp-content\/uploads\/2026\/03\/Zaptec-cover-3-1-1024x604.png 1024w, https:\/\/urban-connect.com\/wp-content\/uploads\/2026\/03\/Zaptec-cover-3-1-1536x906.png 1536w, https:\/\/urban-connect.com\/wp-content\/uploads\/2026\/03\/Zaptec-cover-3-1-2048x1208.png 2048w, https:\/\/urban-connect.com\/wp-content\/uploads\/2026\/03\/Zaptec-cover-3-1-1831x1080.png 1831w\"\n                    data-sizes=\"(max-width: 768px) 100vw, 768px\"\n                    alt=\"Que se passera-t-il lorsque la recharge des v\u00e9hicules \u00e9lectriques fonctionnera enfin?\"\n                 src=\"data:image\/gif;base64,R0lGODlhAQABAAAAACH5BAEKAAEALAAAAAABAAEAAAICTAEAOw==\" style=\"--smush-placeholder-width: 768px; --smush-placeholder-aspect-ratio: 768\/453;\"><noscript><img decoding=\"async\" \n                    class=\"image\" src=\"https:\/\/urban-connect.com\/wp-content\/uploads\/2026\/03\/Zaptec-cover-3-1-768x453.png\"\n                    srcset=\"https:\/\/urban-connect.com\/wp-content\/uploads\/2026\/03\/Zaptec-cover-3-1-768x453.png 768w, https:\/\/urban-connect.com\/wp-content\/uploads\/2026\/03\/Zaptec-cover-3-1-300x177.png 300w, https:\/\/urban-connect.com\/wp-content\/uploads\/2026\/03\/Zaptec-cover-3-1-1024x604.png 1024w, https:\/\/urban-connect.com\/wp-content\/uploads\/2026\/03\/Zaptec-cover-3-1-1536x906.png 1536w, https:\/\/urban-connect.com\/wp-content\/uploads\/2026\/03\/Zaptec-cover-3-1-2048x1208.png 2048w, https:\/\/urban-connect.com\/wp-content\/uploads\/2026\/03\/Zaptec-cover-3-1-1831x1080.png 1831w\"\n                    sizes=\"(max-width: 768px) 100vw, 768px\"\n                    alt=\"Que se passera-t-il lorsque la recharge des v\u00e9hicules \u00e9lectriques fonctionnera enfin?\"\n                ><\/noscript>\n            <\/a>\n                <\/div>\n    <div class=\"right-side\">\n                    <a href=\"https:\/\/urban-connect.com\/fr\/news\/que-se-passera-t-il-lorsque-la-recharge-des-vehicules-electriques-fonctionnera-enfin\/\">\n                <h6 class=\"title\">Que se passera-t-il lorsque la recharge des v\u00e9hicules \u00e9lectriques fonctionnera enfin?<\/h6>\n            <\/a>\n                        <span class=\"date\">mars 17, 2026 <\/span>\n            \n\t        <\/div>\n<\/div>                        <\/div>\n                                                <div class=\"swiper-slide\">\n                            <div class=\"card-horizontal\">\n    <div class=\"left-side\">\n                    <a href=\"https:\/\/urban-connect.com\/fr\/news\/spotlight-sur-les-etudes-de-cas-partenariat-entre-lonza-visp-et-urban-connect-pour-la-mobilite-durable\/\">\n                <img decoding=\"async\" \n                    class=\"image lazyload\" data-src=\"https:\/\/urban-connect.com\/wp-content\/uploads\/2026\/02\/HELSANA-x-UC-banner-768x511.png\"\n                    data-srcset=\"https:\/\/urban-connect.com\/wp-content\/uploads\/2026\/02\/HELSANA-x-UC-banner-768x511.png 768w, https:\/\/urban-connect.com\/wp-content\/uploads\/2026\/02\/HELSANA-x-UC-banner-300x199.png 300w, https:\/\/urban-connect.com\/wp-content\/uploads\/2026\/02\/HELSANA-x-UC-banner-1024x681.png 1024w, https:\/\/urban-connect.com\/wp-content\/uploads\/2026\/02\/HELSANA-x-UC-banner-1536x1021.png 1536w, https:\/\/urban-connect.com\/wp-content\/uploads\/2026\/02\/HELSANA-x-UC-banner.png 1590w\"\n                    data-sizes=\"(max-width: 768px) 100vw, 768px\"\n                    alt=\"Spotlight sur les \u00e9tudes de cas: Helsana offre \u00e0 3'400+ employ\u00e9s un budget de mobilit\u00e9 Urban Connect, et ce sans aucun probl\u00e8me gr\u00e2ce \u00e0 SCIM.\"\n                 src=\"data:image\/gif;base64,R0lGODlhAQABAAAAACH5BAEKAAEALAAAAAABAAEAAAICTAEAOw==\" style=\"--smush-placeholder-width: 768px; --smush-placeholder-aspect-ratio: 768\/511;\"><noscript><img decoding=\"async\" \n                    class=\"image\" src=\"https:\/\/urban-connect.com\/wp-content\/uploads\/2026\/02\/HELSANA-x-UC-banner-768x511.png\"\n                    srcset=\"https:\/\/urban-connect.com\/wp-content\/uploads\/2026\/02\/HELSANA-x-UC-banner-768x511.png 768w, https:\/\/urban-connect.com\/wp-content\/uploads\/2026\/02\/HELSANA-x-UC-banner-300x199.png 300w, https:\/\/urban-connect.com\/wp-content\/uploads\/2026\/02\/HELSANA-x-UC-banner-1024x681.png 1024w, https:\/\/urban-connect.com\/wp-content\/uploads\/2026\/02\/HELSANA-x-UC-banner-1536x1021.png 1536w, https:\/\/urban-connect.com\/wp-content\/uploads\/2026\/02\/HELSANA-x-UC-banner.png 1590w\"\n                    sizes=\"(max-width: 768px) 100vw, 768px\"\n                    alt=\"Spotlight sur les \u00e9tudes de cas: Helsana offre \u00e0 3'400+ employ\u00e9s un budget de mobilit\u00e9 Urban Connect, et ce sans aucun probl\u00e8me gr\u00e2ce \u00e0 SCIM.\"\n                ><\/noscript>\n            <\/a>\n                <\/div>\n    <div class=\"right-side\">\n                    <a href=\"https:\/\/urban-connect.com\/fr\/news\/spotlight-sur-les-etudes-de-cas-partenariat-entre-lonza-visp-et-urban-connect-pour-la-mobilite-durable\/\">\n                <h6 class=\"title\">Spotlight sur les \u00e9tudes de cas: Helsana offre \u00e0 3&rsquo;400+ employ\u00e9s un budget de mobilit\u00e9 Urban Connect, et ce sans aucun probl\u00e8me gr\u00e2ce \u00e0 SCIM.<\/h6>\n            <\/a>\n                        <span class=\"date\">f\u00e9vrier 05, 2026 <\/span>\n            \n\t        <\/div>\n<\/div>                        <\/div>\n                                        <\/div>\n                <div class=\"btn-slider \">\n    <div class=\"prev\">\n        <svg width=\"22\" height=\"12\" viewBox=\"0 0 22 12\" fill=\"none\" xmlns=\"http:\/\/www.w3.org\/2000\/svg\">\n            <path d=\"M5.094 4.476L7.74 1.83L6.03 0.102L0.432 5.7L6.03 11.298L7.74 9.57L5.076 6.906H21.42V4.476H5.094Z\" fill=\"white\"\/>\n        <\/svg>\n    <\/div>\n    <div class=\"next\">\n        <svg width=\"22\" height=\"12\" viewBox=\"0 0 22 12\" fill=\"none\" xmlns=\"http:\/\/www.w3.org\/2000\/svg\">\n            <path d=\"M14.292 1.83L16.938 4.476H0.612V6.906H16.956L14.292 9.57L16.002 11.298L21.6 5.7L16.002 0.102L14.292 1.83Z\" fill=\"white\"\/>\n        <\/svg>\n    <\/div>\n<\/div>            <\/div>\n        <\/div>\n    <\/section>\n    ","protected":false},"excerpt":{"rendered":"<p>Z\u00fcrich, 19.09.2024: Urban Connect, le fournisseur leader de solutions de mobilit\u00e9 d&rsquo;entreprise en Suisse, poursuit sa croissance et a le plaisir d&rsquo;annoncer une collaboration approfondie avec Wincasa. Apr\u00e8s des essais pilotes r\u00e9ussis au cours de l&rsquo;ann\u00e9e derni\u00e8re, Urban Connect prendra en charge \u00e0 partir d&rsquo;ao\u00fbt 2024 la gestion de la flotte de Wincasa, qui passera [&hellip;]<\/p>\n","protected":false},"featured_media":6577,"parent":0,"template":"","news_category":[33],"class_list":["post-6581","news","type-news","status-publish","has-post-thumbnail","hentry","news_category-actualites"],"acf":[],"yoast_head":"<!-- This site is optimized with the Yoast SEO plugin v23.2 - https:\/\/yoast.com\/wordpress\/plugins\/seo\/ -->\n<title>Urban Connect \u00e9lectrifie et num\u00e9rise la flotte de Wincasa - Urban Connect<\/title>\n<meta name=\"robots\" content=\"index, follow, max-snippet:-1, max-image-preview:large, max-video-preview:-1\" \/>\n<link rel=\"canonical\" href=\"https:\/\/urban-connect.com\/fr\/news\/urban-connect-electrifie-et-numerise-la-flotte-de-wincasa\/\" \/>\n<meta property=\"og:locale\" content=\"fr_FR\" \/>\n<meta property=\"og:type\" content=\"article\" \/>\n<meta property=\"og:title\" content=\"Urban Connect \u00e9lectrifie et num\u00e9rise la flotte de Wincasa - Urban Connect\" \/>\n<meta property=\"og:description\" content=\"Z\u00fcrich, 19.09.2024: Urban Connect, le fournisseur leader de solutions de mobilit\u00e9 d&rsquo;entreprise en Suisse, poursuit sa croissance et a le plaisir d&rsquo;annoncer une collaboration approfondie avec Wincasa. Apr\u00e8s des essais pilotes r\u00e9ussis au cours de l&rsquo;ann\u00e9e derni\u00e8re, Urban Connect prendra en charge \u00e0 partir d&rsquo;ao\u00fbt 2024 la gestion de la flotte de Wincasa, qui passera [&hellip;]\" \/>\n<meta property=\"og:url\" content=\"https:\/\/urban-connect.com\/fr\/news\/urban-connect-electrifie-et-numerise-la-flotte-de-wincasa\/\" \/>\n<meta property=\"og:site_name\" content=\"Urban Connect\" \/>\n<meta property=\"article:modified_time\" content=\"2024-09-24T11:32:05+00:00\" \/>\n<meta property=\"og:image\" content=\"https:\/\/urban-connect.com\/wp-content\/uploads\/2024\/09\/Wincasa.jpg\" \/>\n\t<meta property=\"og:image:width\" content=\"1438\" \/>\n\t<meta property=\"og:image:height\" content=\"1248\" \/>\n\t<meta property=\"og:image:type\" content=\"image\/jpeg\" \/>\n<meta name=\"twitter:card\" content=\"summary_large_image\" \/>\n<meta name=\"twitter:label1\" content=\"Dur\u00e9e de lecture estim\u00e9e\" \/>\n\t<meta name=\"twitter:data1\" content=\"4 minutes\" \/>\n<script type=\"application\/ld+json\" class=\"yoast-schema-graph\">{\"@context\":\"https:\/\/schema.org\",\"@graph\":[{\"@type\":\"WebPage\",\"@id\":\"https:\/\/urban-connect.com\/fr\/news\/urban-connect-electrifie-et-numerise-la-flotte-de-wincasa\/\",\"url\":\"https:\/\/urban-connect.com\/fr\/news\/urban-connect-electrifie-et-numerise-la-flotte-de-wincasa\/\",\"name\":\"Urban Connect \u00e9lectrifie et num\u00e9rise la flotte de Wincasa - Urban Connect\",\"isPartOf\":{\"@id\":\"https:\/\/urban-connect.com\/fr\/#website\"},\"primaryImageOfPage\":{\"@id\":\"https:\/\/urban-connect.com\/fr\/news\/urban-connect-electrifie-et-numerise-la-flotte-de-wincasa\/#primaryimage\"},\"image\":{\"@id\":\"https:\/\/urban-connect.com\/fr\/news\/urban-connect-electrifie-et-numerise-la-flotte-de-wincasa\/#primaryimage\"},\"thumbnailUrl\":\"https:\/\/urban-connect.com\/wp-content\/uploads\/2024\/09\/Wincasa.jpg\",\"datePublished\":\"2024-09-19T06:05:04+00:00\",\"dateModified\":\"2024-09-24T11:32:05+00:00\",\"breadcrumb\":{\"@id\":\"https:\/\/urban-connect.com\/fr\/news\/urban-connect-electrifie-et-numerise-la-flotte-de-wincasa\/#breadcrumb\"},\"inLanguage\":\"fr-FR\",\"potentialAction\":[{\"@type\":\"ReadAction\",\"target\":[\"https:\/\/urban-connect.com\/fr\/news\/urban-connect-electrifie-et-numerise-la-flotte-de-wincasa\/\"]}]},{\"@type\":\"ImageObject\",\"inLanguage\":\"fr-FR\",\"@id\":\"https:\/\/urban-connect.com\/fr\/news\/urban-connect-electrifie-et-numerise-la-flotte-de-wincasa\/#primaryimage\",\"url\":\"https:\/\/urban-connect.com\/wp-content\/uploads\/2024\/09\/Wincasa.jpg\",\"contentUrl\":\"https:\/\/urban-connect.com\/wp-content\/uploads\/2024\/09\/Wincasa.jpg\",\"width\":1438,\"height\":1248,\"caption\":\"Wincasa\"},{\"@type\":\"BreadcrumbList\",\"@id\":\"https:\/\/urban-connect.com\/fr\/news\/urban-connect-electrifie-et-numerise-la-flotte-de-wincasa\/#breadcrumb\",\"itemListElement\":[{\"@type\":\"ListItem\",\"position\":1,\"name\":\"Home\",\"item\":\"https:\/\/urban-connect.com\/fr\/\"},{\"@type\":\"ListItem\",\"position\":2,\"name\":\"Urban Connect \u00e9lectrifie et num\u00e9rise la flotte de Wincasa\"}]},{\"@type\":\"WebSite\",\"@id\":\"https:\/\/urban-connect.com\/fr\/#website\",\"url\":\"https:\/\/urban-connect.com\/fr\/\",\"name\":\"Urban Connect\",\"description\":\"\",\"potentialAction\":[{\"@type\":\"SearchAction\",\"target\":{\"@type\":\"EntryPoint\",\"urlTemplate\":\"https:\/\/urban-connect.com\/fr\/?s={search_term_string}\"},\"query-input\":\"required name=search_term_string\"}],\"inLanguage\":\"fr-FR\"}]}<\/script>\n<!-- \/ Yoast SEO plugin. -->","yoast_head_json":{"title":"Urban Connect \u00e9lectrifie et num\u00e9rise la flotte de Wincasa - Urban Connect","robots":{"index":"index","follow":"follow","max-snippet":"max-snippet:-1","max-image-preview":"max-image-preview:large","max-video-preview":"max-video-preview:-1"},"canonical":"https:\/\/urban-connect.com\/fr\/news\/urban-connect-electrifie-et-numerise-la-flotte-de-wincasa\/","og_locale":"fr_FR","og_type":"article","og_title":"Urban Connect \u00e9lectrifie et num\u00e9rise la flotte de Wincasa - Urban Connect","og_description":"Z\u00fcrich, 19.09.2024: Urban Connect, le fournisseur leader de solutions de mobilit\u00e9 d&rsquo;entreprise en Suisse, poursuit sa croissance et a le plaisir d&rsquo;annoncer une collaboration approfondie avec Wincasa. Apr\u00e8s des essais pilotes r\u00e9ussis au cours de l&rsquo;ann\u00e9e derni\u00e8re, Urban Connect prendra en charge \u00e0 partir d&rsquo;ao\u00fbt 2024 la gestion de la flotte de Wincasa, qui passera [&hellip;]","og_url":"https:\/\/urban-connect.com\/fr\/news\/urban-connect-electrifie-et-numerise-la-flotte-de-wincasa\/","og_site_name":"Urban Connect","article_modified_time":"2024-09-24T11:32:05+00:00","og_image":[{"width":1438,"height":1248,"url":"https:\/\/urban-connect.com\/wp-content\/uploads\/2024\/09\/Wincasa.jpg","type":"image\/jpeg"}],"twitter_card":"summary_large_image","twitter_misc":{"Dur\u00e9e de lecture estim\u00e9e":"4 minutes"},"schema":{"@context":"https:\/\/schema.org","@graph":[{"@type":"WebPage","@id":"https:\/\/urban-connect.com\/fr\/news\/urban-connect-electrifie-et-numerise-la-flotte-de-wincasa\/","url":"https:\/\/urban-connect.com\/fr\/news\/urban-connect-electrifie-et-numerise-la-flotte-de-wincasa\/","name":"Urban Connect \u00e9lectrifie et num\u00e9rise la flotte de Wincasa - Urban Connect","isPartOf":{"@id":"https:\/\/urban-connect.com\/fr\/#website"},"primaryImageOfPage":{"@id":"https:\/\/urban-connect.com\/fr\/news\/urban-connect-electrifie-et-numerise-la-flotte-de-wincasa\/#primaryimage"},"image":{"@id":"https:\/\/urban-connect.com\/fr\/news\/urban-connect-electrifie-et-numerise-la-flotte-de-wincasa\/#primaryimage"},"thumbnailUrl":"https:\/\/urban-connect.com\/wp-content\/uploads\/2024\/09\/Wincasa.jpg","datePublished":"2024-09-19T06:05:04+00:00","dateModified":"2024-09-24T11:32:05+00:00","breadcrumb":{"@id":"https:\/\/urban-connect.com\/fr\/news\/urban-connect-electrifie-et-numerise-la-flotte-de-wincasa\/#breadcrumb"},"inLanguage":"fr-FR","potentialAction":[{"@type":"ReadAction","target":["https:\/\/urban-connect.com\/fr\/news\/urban-connect-electrifie-et-numerise-la-flotte-de-wincasa\/"]}]},{"@type":"ImageObject","inLanguage":"fr-FR","@id":"https:\/\/urban-connect.com\/fr\/news\/urban-connect-electrifie-et-numerise-la-flotte-de-wincasa\/#primaryimage","url":"https:\/\/urban-connect.com\/wp-content\/uploads\/2024\/09\/Wincasa.jpg","contentUrl":"https:\/\/urban-connect.com\/wp-content\/uploads\/2024\/09\/Wincasa.jpg","width":1438,"height":1248,"caption":"Wincasa"},{"@type":"BreadcrumbList","@id":"https:\/\/urban-connect.com\/fr\/news\/urban-connect-electrifie-et-numerise-la-flotte-de-wincasa\/#breadcrumb","itemListElement":[{"@type":"ListItem","position":1,"name":"Home","item":"https:\/\/urban-connect.com\/fr\/"},{"@type":"ListItem","position":2,"name":"Urban Connect \u00e9lectrifie et num\u00e9rise la flotte de Wincasa"}]},{"@type":"WebSite","@id":"https:\/\/urban-connect.com\/fr\/#website","url":"https:\/\/urban-connect.com\/fr\/","name":"Urban Connect","description":"","potentialAction":[{"@type":"SearchAction","target":{"@type":"EntryPoint","urlTemplate":"https:\/\/urban-connect.com\/fr\/?s={search_term_string}"},"query-input":"required name=search_term_string"}],"inLanguage":"fr-FR"}]}},"_links":{"self":[{"href":"https:\/\/urban-connect.com\/fr\/wp-json\/wp\/v2\/news\/6581","targetHints":{"allow":["GET"]}}],"collection":[{"href":"https:\/\/urban-connect.com\/fr\/wp-json\/wp\/v2\/news"}],"about":[{"href":"https:\/\/urban-connect.com\/fr\/wp-json\/wp\/v2\/types\/news"}],"wp:featuredmedia":[{"embeddable":true,"href":"https:\/\/urban-connect.com\/fr\/wp-json\/wp\/v2\/media\/6577"}],"wp:attachment":[{"href":"https:\/\/urban-connect.com\/fr\/wp-json\/wp\/v2\/media?parent=6581"}],"wp:term":[{"taxonomy":"news_category","embeddable":true,"href":"https:\/\/urban-connect.com\/fr\/wp-json\/wp\/v2\/news_category?post=6581"}],"curies":[{"name":"wp","href":"https:\/\/api.w.org\/{rel}","templated":true}]}}