{"id":6534,"date":"2024-08-29T08:59:12","date_gmt":"2024-08-29T08:59:12","guid":{"rendered":"https:\/\/urban-connect.com\/?post_type=news&#038;p=6534"},"modified":"2024-09-18T09:42:15","modified_gmt":"2024-09-18T09:42:15","slug":"pleins-feux-sur-une-etude-de-cas-mobilite-durable-dans-les-alpes-suisses","status":"publish","type":"news","link":"https:\/\/urban-connect.com\/fr\/news\/pleins-feux-sur-une-etude-de-cas-mobilite-durable-dans-les-alpes-suisses\/","title":{"rendered":"Pleins feux sur une \u00e9tude de cas : Mobilit\u00e9 durable dans les Alpes suisses"},"content":{"rendered":"\n<figure class=\"wp-block-image size-large\"><img loading=\"lazy\" decoding=\"async\" width=\"1024\" height=\"323\" data-src=\"https:\/\/urban-connect.com\/wp-content\/uploads\/2024\/09\/CS_1_EN-1024x323.jpg\" alt=\"\" class=\"wp-image-6535 lazyload\" data-srcset=\"https:\/\/urban-connect.com\/wp-content\/uploads\/2024\/09\/CS_1_EN-1024x323.jpg 1024w, https:\/\/urban-connect.com\/wp-content\/uploads\/2024\/09\/CS_1_EN-300x95.jpg 300w, https:\/\/urban-connect.com\/wp-content\/uploads\/2024\/09\/CS_1_EN-768x242.jpg 768w, https:\/\/urban-connect.com\/wp-content\/uploads\/2024\/09\/CS_1_EN-1536x484.jpg 1536w, https:\/\/urban-connect.com\/wp-content\/uploads\/2024\/09\/CS_1_EN-2048x645.jpg 2048w, https:\/\/urban-connect.com\/wp-content\/uploads\/2024\/09\/CS_1_EN-1920x605.jpg 1920w\" data-sizes=\"auto, (max-width: 1024px) 100vw, 1024px\" src=\"data:image\/gif;base64,R0lGODlhAQABAAAAACH5BAEKAAEALAAAAAABAAEAAAICTAEAOw==\" style=\"--smush-placeholder-width: 1024px; --smush-placeholder-aspect-ratio: 1024\/323;\" \/><noscript><img loading=\"lazy\" decoding=\"async\" width=\"1024\" height=\"323\" src=\"https:\/\/urban-connect.com\/wp-content\/uploads\/2024\/09\/CS_1_EN-1024x323.jpg\" alt=\"\" class=\"wp-image-6535\" srcset=\"https:\/\/urban-connect.com\/wp-content\/uploads\/2024\/09\/CS_1_EN-1024x323.jpg 1024w, https:\/\/urban-connect.com\/wp-content\/uploads\/2024\/09\/CS_1_EN-300x95.jpg 300w, https:\/\/urban-connect.com\/wp-content\/uploads\/2024\/09\/CS_1_EN-768x242.jpg 768w, https:\/\/urban-connect.com\/wp-content\/uploads\/2024\/09\/CS_1_EN-1536x484.jpg 1536w, https:\/\/urban-connect.com\/wp-content\/uploads\/2024\/09\/CS_1_EN-2048x645.jpg 2048w, https:\/\/urban-connect.com\/wp-content\/uploads\/2024\/09\/CS_1_EN-1920x605.jpg 1920w\" sizes=\"auto, (max-width: 1024px) 100vw, 1024px\" \/><\/noscript><\/figure>\n\n\n\n<p>Le client est l&rsquo;une des plus grandes organisations mondiales de fabrication de produits de sant\u00e9, avec une pr\u00e9sence significative en Suisse. L&rsquo;entreprise est pr\u00e9sente sur les cinq continents et emploie environ 18 000 personnes dans le monde. Urban Connect fournit des services de mobilit\u00e9 int\u00e9gr\u00e9s \/ multimodaux sur trois de ses sites : dans une ville des Alpes valaisannes, dans une grande ville suisse ainsi que dans une ville suisse plus petite situ\u00e9e juste \u00e0 c\u00f4t\u00e9 de la fronti\u00e8re allemande, mais cette \u00e9tude de cas se concentrera sur la ville des Alpes.<\/p>\n\n\n\n<figure class=\"wp-block-image size-large\"><img loading=\"lazy\" decoding=\"async\" width=\"1024\" height=\"859\" data-src=\"https:\/\/urban-connect.com\/wp-content\/uploads\/2024\/09\/CS_2_FR-1024x859.jpg\" alt=\"\" class=\"wp-image-6539 lazyload\" data-srcset=\"https:\/\/urban-connect.com\/wp-content\/uploads\/2024\/09\/CS_2_FR-1024x859.jpg 1024w, https:\/\/urban-connect.com\/wp-content\/uploads\/2024\/09\/CS_2_FR-300x252.jpg 300w, https:\/\/urban-connect.com\/wp-content\/uploads\/2024\/09\/CS_2_FR-768x644.jpg 768w, https:\/\/urban-connect.com\/wp-content\/uploads\/2024\/09\/CS_2_FR-1536x1288.jpg 1536w, https:\/\/urban-connect.com\/wp-content\/uploads\/2024\/09\/CS_2_FR-2048x1717.jpg 2048w, https:\/\/urban-connect.com\/wp-content\/uploads\/2024\/09\/CS_2_FR-1288x1080.jpg 1288w\" data-sizes=\"auto, (max-width: 1024px) 100vw, 1024px\" src=\"data:image\/gif;base64,R0lGODlhAQABAAAAACH5BAEKAAEALAAAAAABAAEAAAICTAEAOw==\" style=\"--smush-placeholder-width: 1024px; --smush-placeholder-aspect-ratio: 1024\/859;\" \/><noscript><img loading=\"lazy\" decoding=\"async\" width=\"1024\" height=\"859\" src=\"https:\/\/urban-connect.com\/wp-content\/uploads\/2024\/09\/CS_2_FR-1024x859.jpg\" alt=\"\" class=\"wp-image-6539\" srcset=\"https:\/\/urban-connect.com\/wp-content\/uploads\/2024\/09\/CS_2_FR-1024x859.jpg 1024w, https:\/\/urban-connect.com\/wp-content\/uploads\/2024\/09\/CS_2_FR-300x252.jpg 300w, https:\/\/urban-connect.com\/wp-content\/uploads\/2024\/09\/CS_2_FR-768x644.jpg 768w, https:\/\/urban-connect.com\/wp-content\/uploads\/2024\/09\/CS_2_FR-1536x1288.jpg 1536w, https:\/\/urban-connect.com\/wp-content\/uploads\/2024\/09\/CS_2_FR-2048x1717.jpg 2048w, https:\/\/urban-connect.com\/wp-content\/uploads\/2024\/09\/CS_2_FR-1288x1080.jpg 1288w\" sizes=\"auto, (max-width: 1024px) 100vw, 1024px\" \/><\/noscript><\/figure>\n\n\n\n<p>Le client \u00e9tait confront\u00e9 \u00e0 plusieurs probl\u00e8mes importants qui affectaient \u00e0 la fois l&rsquo;entreprise et la communaut\u00e9 locale. Tout d&rsquo;abord, l&rsquo;afflux important de navetteurs se rendant sur le campus industriel de l&rsquo;entreprise a entra\u00een\u00e9 de graves embouteillages, mettant \u00e0 rude \u00e9preuve les relations avec la petite ville de montagne. Deuxi\u00e8mement, le campus ne dispose pas d&rsquo;installations de stationnement suffisantes pour les v\u00e9hicules priv\u00e9s, ce qui oblige les employ\u00e9s \u00e0 utiliser les places de stationnement publiques et aggrave les probl\u00e8mes de stationnement locaux, ce qui tend encore davantage les relations avec la communaut\u00e9. Troisi\u00e8mement, 82 % des employ\u00e9s habitent suffisamment pr\u00e8s pour se rendre au travail en v\u00e9lo \u00e9lectrique (0-15 km), mais la majorit\u00e9 d&rsquo;entre eux ont tout de m\u00eame opt\u00e9 pour la voiture particuli\u00e8re. Compte tenu de ces probl\u00e8mes, le client a reconnu la n\u00e9cessit\u00e9 d&rsquo;une solution qui am\u00e9liore l&rsquo;exp\u00e9rience des trajets domicile-travail.<\/p>\n\n\n\n<figure class=\"wp-block-image size-large\"><img loading=\"lazy\" decoding=\"async\" width=\"1024\" height=\"650\" data-src=\"https:\/\/urban-connect.com\/wp-content\/uploads\/2024\/09\/CS_3_FR-1024x650.jpg\" alt=\"\" class=\"wp-image-6543 lazyload\" data-srcset=\"https:\/\/urban-connect.com\/wp-content\/uploads\/2024\/09\/CS_3_FR-1024x650.jpg 1024w, https:\/\/urban-connect.com\/wp-content\/uploads\/2024\/09\/CS_3_FR-300x190.jpg 300w, https:\/\/urban-connect.com\/wp-content\/uploads\/2024\/09\/CS_3_FR-768x488.jpg 768w, https:\/\/urban-connect.com\/wp-content\/uploads\/2024\/09\/CS_3_FR-1536x975.jpg 1536w, https:\/\/urban-connect.com\/wp-content\/uploads\/2024\/09\/CS_3_FR-2048x1300.jpg 2048w, https:\/\/urban-connect.com\/wp-content\/uploads\/2024\/09\/CS_3_FR-1701x1080.jpg 1701w\" data-sizes=\"auto, (max-width: 1024px) 100vw, 1024px\" src=\"data:image\/gif;base64,R0lGODlhAQABAAAAACH5BAEKAAEALAAAAAABAAEAAAICTAEAOw==\" style=\"--smush-placeholder-width: 1024px; --smush-placeholder-aspect-ratio: 1024\/650;\" \/><noscript><img loading=\"lazy\" decoding=\"async\" width=\"1024\" height=\"650\" src=\"https:\/\/urban-connect.com\/wp-content\/uploads\/2024\/09\/CS_3_FR-1024x650.jpg\" alt=\"\" class=\"wp-image-6543\" srcset=\"https:\/\/urban-connect.com\/wp-content\/uploads\/2024\/09\/CS_3_FR-1024x650.jpg 1024w, https:\/\/urban-connect.com\/wp-content\/uploads\/2024\/09\/CS_3_FR-300x190.jpg 300w, https:\/\/urban-connect.com\/wp-content\/uploads\/2024\/09\/CS_3_FR-768x488.jpg 768w, https:\/\/urban-connect.com\/wp-content\/uploads\/2024\/09\/CS_3_FR-1536x975.jpg 1536w, https:\/\/urban-connect.com\/wp-content\/uploads\/2024\/09\/CS_3_FR-2048x1300.jpg 2048w, https:\/\/urban-connect.com\/wp-content\/uploads\/2024\/09\/CS_3_FR-1701x1080.jpg 1701w\" sizes=\"auto, (max-width: 1024px) 100vw, 1024px\" \/><\/noscript><\/figure>\n\n\n\n<p>\u00c9tant donn\u00e9 que 82 % des employ\u00e9s habitent \u00e0 une distance comprise entre 0 et 15 km de l&rsquo;\u00e9tablissement et compte tenu des difficult\u00e9s rencontr\u00e9es par le client, Urban Connect a mis en place un programme complet de v\u00e9los \u00e9lectriques partag\u00e9s pour l&rsquo;entreprise. Cette initiative comprenait 50 v\u00e9los \u00e9lectriques partag\u00e9s (160 aujourd&rsquo;hui) et 4 v\u00e9los de transport partag\u00e9s, accompagn\u00e9s d&rsquo;un logiciel de r\u00e9servation, de services d&rsquo;entretien, d&rsquo;une assurance et d&rsquo;un service d&rsquo;assistance t\u00e9l\u00e9phonique 24 heures sur 24 et 7 jours sur 7 pour aider les utilisateurs. Ce syst\u00e8me d&rsquo;assistance garantit que les v\u00e9los \u00e9lectriques sont toujours accessibles, bien entretenus et pr\u00eats \u00e0 l&#8217;emploi, offrant ainsi une option de transport fiable et \u00e9cologique aux employ\u00e9s du client.<\/p>\n\n\n\n<p>Pour soutenir cette initiative, Urban Connect a install\u00e9 160 stations de recharge de v\u00e9los \u00e9lectriques r\u00e9parties sur 7 sites diff\u00e9rents dans la ville. Cet emplacement strat\u00e9gique permet aux employ\u00e9s d&rsquo;acc\u00e9der facilement aux v\u00e9los \u00e9lectriques et de les recharger, ce qui favorise leur utilisation g\u00e9n\u00e9ralis\u00e9e et leur commodit\u00e9.<\/p>\n\n\n\n<p>Pour maximiser l&rsquo;impact, Urban Connect a organis\u00e9 un \u00e9v\u00e9nement d&rsquo;int\u00e9gration visant \u00e0 accro\u00eetre l&rsquo;engagement et la sensibilisation des utilisateurs. Cet \u00e9v\u00e9nement a \u00e9t\u00e9 con\u00e7u pour familiariser les employ\u00e9s avec les nouveaux syst\u00e8mes de v\u00e9los \u00e9lectriques et de v\u00e9los-cargos, en les encourageant \u00e0 int\u00e9grer les v\u00e9los \u00e9lectriques dans leurs activit\u00e9s quotidiennes. Gr\u00e2ce \u00e0 ces efforts, le client a non seulement am\u00e9lior\u00e9 les d\u00e9placements de ses employ\u00e9s, mais il a \u00e9galement renforc\u00e9 son engagement en faveur de l&rsquo;efficacit\u00e9 op\u00e9rationnelle.<\/p>\n\n\n\n<figure class=\"wp-block-image size-large\"><img loading=\"lazy\" decoding=\"async\" width=\"1024\" height=\"710\" data-src=\"https:\/\/urban-connect.com\/wp-content\/uploads\/2024\/09\/CS_4_FR-1024x710.jpg\" alt=\"\" class=\"wp-image-6547 lazyload\" data-srcset=\"https:\/\/urban-connect.com\/wp-content\/uploads\/2024\/09\/CS_4_FR-1024x710.jpg 1024w, https:\/\/urban-connect.com\/wp-content\/uploads\/2024\/09\/CS_4_FR-300x208.jpg 300w, https:\/\/urban-connect.com\/wp-content\/uploads\/2024\/09\/CS_4_FR-768x532.jpg 768w, https:\/\/urban-connect.com\/wp-content\/uploads\/2024\/09\/CS_4_FR-1536x1065.jpg 1536w, https:\/\/urban-connect.com\/wp-content\/uploads\/2024\/09\/CS_4_FR-2048x1420.jpg 2048w, https:\/\/urban-connect.com\/wp-content\/uploads\/2024\/09\/CS_4_FR-1558x1080.jpg 1558w\" data-sizes=\"auto, (max-width: 1024px) 100vw, 1024px\" src=\"data:image\/gif;base64,R0lGODlhAQABAAAAACH5BAEKAAEALAAAAAABAAEAAAICTAEAOw==\" style=\"--smush-placeholder-width: 1024px; --smush-placeholder-aspect-ratio: 1024\/710;\" \/><noscript><img loading=\"lazy\" decoding=\"async\" width=\"1024\" height=\"710\" src=\"https:\/\/urban-connect.com\/wp-content\/uploads\/2024\/09\/CS_4_FR-1024x710.jpg\" alt=\"\" class=\"wp-image-6547\" srcset=\"https:\/\/urban-connect.com\/wp-content\/uploads\/2024\/09\/CS_4_FR-1024x710.jpg 1024w, https:\/\/urban-connect.com\/wp-content\/uploads\/2024\/09\/CS_4_FR-300x208.jpg 300w, https:\/\/urban-connect.com\/wp-content\/uploads\/2024\/09\/CS_4_FR-768x532.jpg 768w, https:\/\/urban-connect.com\/wp-content\/uploads\/2024\/09\/CS_4_FR-1536x1065.jpg 1536w, https:\/\/urban-connect.com\/wp-content\/uploads\/2024\/09\/CS_4_FR-2048x1420.jpg 2048w, https:\/\/urban-connect.com\/wp-content\/uploads\/2024\/09\/CS_4_FR-1558x1080.jpg 1558w\" sizes=\"auto, (max-width: 1024px) 100vw, 1024px\" \/><\/noscript><\/figure>\n\n\n\n<p>Le client a mis en place une solution de mobilit\u00e9 compl\u00e8te avec Urban Connect pour r\u00e9pondre \u00e0 ses probl\u00e8mes de d\u00e9placement et de stationnement. Le programme de v\u00e9los \u00e9lectriques partag\u00e9s a donn\u00e9 des r\u00e9sultats impressionnants pour le client. Au total, 4 325 utilisateurs se sont inscrits sur la plateforme, ce qui repr\u00e9sente 86,5 % des employ\u00e9s du client sur ce site. Au cours des trois premi\u00e8res ann\u00e9es, le programme a enregistr\u00e9 101 506 r\u00e9servations, soit une moyenne de plus de 4 200 r\u00e9servations par mois. Chaque mois, en moyenne, plus de 550 utilisateurs utilisent activement les 164 v\u00e9los \u00e9lectriques. Les v\u00e9los \u00e9lectriques les plus populaires ont un taux d&rsquo;utilisation sup\u00e9rieur \u00e0 93 %, avec des pics de r\u00e9servation le matin, \u00e0 l&rsquo;heure du d\u00e9jeuner et pendant les trajets domicile-travail.<\/p>\n\n\n\n<p>En juin 2024, nous avons men\u00e9 une enqu\u00eate aupr\u00e8s des utilisateurs du client afin d&rsquo;\u00e9valuer leur satisfaction \u00e0 l&rsquo;\u00e9gard de notre service.<\/p>\n\n\n\n<p>Tout d&rsquo;abord, le client \u00e9tait confront\u00e9 \u00e0 un \u00e9norme probl\u00e8me de circulation qui affectait ses relations avec la communaut\u00e9 locale. 58% des personnes interrog\u00e9es utilisent d\u00e9sormais les v\u00e9los \u00e9lectriques UC au moins une fois par semaine, et 20% les pr\u00e9f\u00e8rent aux voitures particuli\u00e8res. Ce changement a permis de r\u00e9duire d&rsquo;au moins 10 % les embouteillages.<\/p>\n\n\n\n<p>Deuxi\u00e8mement, en ce qui concerne le stationnement, 25 % des personnes interrog\u00e9es d\u00e9clarent utiliser moins souvent les parkings. Deux employ\u00e9s ont vendu leur voiture et sept autres envisagent de le faire. En outre, la disponibilit\u00e9 des v\u00e9los \u00e9lectriques a emp\u00each\u00e9 14 employ\u00e9s d&rsquo;acheter une voiture. Par cons\u00e9quent, les parkings sont globalement moins utilis\u00e9s.<\/p>\n\n\n\n<p>Troisi\u00e8mement, le client \u00e9tait confront\u00e9 au fait que 82 % des employ\u00e9s vivent suffisamment pr\u00e8s pour se rendre au travail \u00e0 v\u00e9lo. Avec 58 % des employ\u00e9s faisant la navette au moins une fois par semaine (20 %) en utilisant les v\u00e9los \u00e9lectriques UC au lieu de la voiture particuli\u00e8re, les employ\u00e9s se rendent sur le site de l&rsquo;entreprise de mani\u00e8re plus efficace.<\/p>\n\n\n\n<p>En raison du succ\u00e8s global du service d&rsquo;Urban Connect, le client a \u00e9tendu le programme \u00e0 ses deux autres sites suisses.<\/p>\n\n\n\n<hr class=\"wp-block-separator has-alpha-channel-opacity\"\/>\n\n\n\n<p>Contactez notre \u00e9quipe pour discuter de vos besoins en mati\u00e8re de mobilit\u00e9 : <a href=\"mailto:sales@urban-connect.ch\">sales@urban-connect.ch<\/a><\/p>\n\n\n\n<p>Change Mobility &#8211; Change the World<\/p>\n\n\n        <section class=\"author-block\">\n            <div class=\"container\">\n                <div class=\"left-side\">\n                    <h6 class=\"name\">Ana Gomez Ortiz<\/h6>\n                    <span class=\"position\">Marketing and Communications<\/span>\n                <\/div>\n                <div class=\"right-side\">\n                                            <img decoding=\"async\" \n                        class=\"image lazyload\" data-src=\"https:\/\/urban-connect.com\/wp-content\/uploads\/2024\/07\/1712246840024.jpeg\"\n                        data-srcset=\"https:\/\/urban-connect.com\/wp-content\/uploads\/2024\/07\/1712246840024.jpeg 800w, https:\/\/urban-connect.com\/wp-content\/uploads\/2024\/07\/1712246840024-300x300.jpeg 300w, https:\/\/urban-connect.com\/wp-content\/uploads\/2024\/07\/1712246840024-150x150.jpeg 150w, https:\/\/urban-connect.com\/wp-content\/uploads\/2024\/07\/1712246840024-768x768.jpeg 768w\"\n                        data-sizes=\"(max-width: 800px) 100vw, 800px\"\n                        alt=\"Chart Image\"\n                         src=\"data:image\/gif;base64,R0lGODlhAQABAAAAACH5BAEKAAEALAAAAAABAAEAAAICTAEAOw==\" style=\"--smush-placeholder-width: 800px; --smush-placeholder-aspect-ratio: 800\/800;\"><noscript><img decoding=\"async\" \n                        class=\"image\" src=\"https:\/\/urban-connect.com\/wp-content\/uploads\/2024\/07\/1712246840024.jpeg\"\n                        srcset=\"https:\/\/urban-connect.com\/wp-content\/uploads\/2024\/07\/1712246840024.jpeg 800w, https:\/\/urban-connect.com\/wp-content\/uploads\/2024\/07\/1712246840024-300x300.jpeg 300w, https:\/\/urban-connect.com\/wp-content\/uploads\/2024\/07\/1712246840024-150x150.jpeg 150w, https:\/\/urban-connect.com\/wp-content\/uploads\/2024\/07\/1712246840024-768x768.jpeg 768w\"\n                        sizes=\"(max-width: 800px) 100vw, 800px\"\n                        alt=\"Chart Image\"\n                        ><\/noscript>\n                                        <\/div>\n            <\/div>\n        <\/section>\n        \n\n    <section class=\"related-posts\">\n        <div class=\"container\">\n            <h4 class=\"block-title\"><\/h4>\n        <\/div>\n        <div class=\"container posts-wrap\">\n            <div class=\"swiper swiper-related-posts\">\n                <div class=\"swiper-wrapper\">\n                                            <div class=\"swiper-slide\">\n                            <div class=\"card-horizontal\">\n    <div class=\"left-side\">\n                    <a href=\"https:\/\/urban-connect.com\/fr\/news\/wheels-wine-2026-une-edition-marquante-qui-faconne-lavenir-de-la-mobilite-dentreprise\/\">\n                <img decoding=\"async\" \n                    class=\"image lazyload\" data-src=\"https:\/\/urban-connect.com\/wp-content\/uploads\/2026\/03\/F06A4076-768x512.jpg\"\n                    data-srcset=\"https:\/\/urban-connect.com\/wp-content\/uploads\/2026\/03\/F06A4076-768x512.jpg 768w, https:\/\/urban-connect.com\/wp-content\/uploads\/2026\/03\/F06A4076-300x200.jpg 300w, https:\/\/urban-connect.com\/wp-content\/uploads\/2026\/03\/F06A4076-1024x683.jpg 1024w, https:\/\/urban-connect.com\/wp-content\/uploads\/2026\/03\/F06A4076-1536x1024.jpg 1536w, https:\/\/urban-connect.com\/wp-content\/uploads\/2026\/03\/F06A4076-2048x1365.jpg 2048w, https:\/\/urban-connect.com\/wp-content\/uploads\/2026\/03\/F06A4076-1620x1080.jpg 1620w\"\n                    data-sizes=\"(max-width: 768px) 100vw, 768px\"\n                    alt=\"Wheels &amp; Wine 2026 \u2013 Une \u00e9dition marquante qui fa\u00e7onne l'avenir de la mobilit\u00e9 d'entreprise\"\n                 src=\"data:image\/gif;base64,R0lGODlhAQABAAAAACH5BAEKAAEALAAAAAABAAEAAAICTAEAOw==\" style=\"--smush-placeholder-width: 768px; --smush-placeholder-aspect-ratio: 768\/512;\"><noscript><img decoding=\"async\" \n                    class=\"image\" src=\"https:\/\/urban-connect.com\/wp-content\/uploads\/2026\/03\/F06A4076-768x512.jpg\"\n                    srcset=\"https:\/\/urban-connect.com\/wp-content\/uploads\/2026\/03\/F06A4076-768x512.jpg 768w, https:\/\/urban-connect.com\/wp-content\/uploads\/2026\/03\/F06A4076-300x200.jpg 300w, https:\/\/urban-connect.com\/wp-content\/uploads\/2026\/03\/F06A4076-1024x683.jpg 1024w, https:\/\/urban-connect.com\/wp-content\/uploads\/2026\/03\/F06A4076-1536x1024.jpg 1536w, https:\/\/urban-connect.com\/wp-content\/uploads\/2026\/03\/F06A4076-2048x1365.jpg 2048w, https:\/\/urban-connect.com\/wp-content\/uploads\/2026\/03\/F06A4076-1620x1080.jpg 1620w\"\n                    sizes=\"(max-width: 768px) 100vw, 768px\"\n                    alt=\"Wheels &amp; Wine 2026 \u2013 Une \u00e9dition marquante qui fa\u00e7onne l'avenir de la mobilit\u00e9 d'entreprise\"\n                ><\/noscript>\n            <\/a>\n                <\/div>\n    <div class=\"right-side\">\n                    <a href=\"https:\/\/urban-connect.com\/fr\/news\/wheels-wine-2026-une-edition-marquante-qui-faconne-lavenir-de-la-mobilite-dentreprise\/\">\n                <h6 class=\"title\">Wheels &amp; Wine 2026 \u2013 Une \u00e9dition marquante qui fa\u00e7onne l&rsquo;avenir de la mobilit\u00e9 d&rsquo;entreprise<\/h6>\n            <\/a>\n                        <span class=\"date\">mars 24, 2026 <\/span>\n            \n\t        <\/div>\n<\/div>                        <\/div>\n                                                <div class=\"swiper-slide\">\n                            <div class=\"card-horizontal\">\n    <div class=\"left-side\">\n                    <a href=\"https:\/\/urban-connect.com\/fr\/news\/que-se-passera-t-il-lorsque-la-recharge-des-vehicules-electriques-fonctionnera-enfin\/\">\n                <img decoding=\"async\" \n                    class=\"image lazyload\" data-src=\"https:\/\/urban-connect.com\/wp-content\/uploads\/2026\/03\/Zaptec-cover-3-1-768x453.png\"\n                    data-srcset=\"https:\/\/urban-connect.com\/wp-content\/uploads\/2026\/03\/Zaptec-cover-3-1-768x453.png 768w, https:\/\/urban-connect.com\/wp-content\/uploads\/2026\/03\/Zaptec-cover-3-1-300x177.png 300w, https:\/\/urban-connect.com\/wp-content\/uploads\/2026\/03\/Zaptec-cover-3-1-1024x604.png 1024w, https:\/\/urban-connect.com\/wp-content\/uploads\/2026\/03\/Zaptec-cover-3-1-1536x906.png 1536w, https:\/\/urban-connect.com\/wp-content\/uploads\/2026\/03\/Zaptec-cover-3-1-2048x1208.png 2048w, https:\/\/urban-connect.com\/wp-content\/uploads\/2026\/03\/Zaptec-cover-3-1-1831x1080.png 1831w\"\n                    data-sizes=\"(max-width: 768px) 100vw, 768px\"\n                    alt=\"Que se passera-t-il lorsque la recharge des v\u00e9hicules \u00e9lectriques fonctionnera enfin?\"\n                 src=\"data:image\/gif;base64,R0lGODlhAQABAAAAACH5BAEKAAEALAAAAAABAAEAAAICTAEAOw==\" style=\"--smush-placeholder-width: 768px; --smush-placeholder-aspect-ratio: 768\/453;\"><noscript><img decoding=\"async\" \n                    class=\"image\" src=\"https:\/\/urban-connect.com\/wp-content\/uploads\/2026\/03\/Zaptec-cover-3-1-768x453.png\"\n                    srcset=\"https:\/\/urban-connect.com\/wp-content\/uploads\/2026\/03\/Zaptec-cover-3-1-768x453.png 768w, https:\/\/urban-connect.com\/wp-content\/uploads\/2026\/03\/Zaptec-cover-3-1-300x177.png 300w, https:\/\/urban-connect.com\/wp-content\/uploads\/2026\/03\/Zaptec-cover-3-1-1024x604.png 1024w, https:\/\/urban-connect.com\/wp-content\/uploads\/2026\/03\/Zaptec-cover-3-1-1536x906.png 1536w, https:\/\/urban-connect.com\/wp-content\/uploads\/2026\/03\/Zaptec-cover-3-1-2048x1208.png 2048w, https:\/\/urban-connect.com\/wp-content\/uploads\/2026\/03\/Zaptec-cover-3-1-1831x1080.png 1831w\"\n                    sizes=\"(max-width: 768px) 100vw, 768px\"\n                    alt=\"Que se passera-t-il lorsque la recharge des v\u00e9hicules \u00e9lectriques fonctionnera enfin?\"\n                ><\/noscript>\n            <\/a>\n                <\/div>\n    <div class=\"right-side\">\n                    <a href=\"https:\/\/urban-connect.com\/fr\/news\/que-se-passera-t-il-lorsque-la-recharge-des-vehicules-electriques-fonctionnera-enfin\/\">\n                <h6 class=\"title\">Que se passera-t-il lorsque la recharge des v\u00e9hicules \u00e9lectriques fonctionnera enfin?<\/h6>\n            <\/a>\n                        <span class=\"date\">mars 17, 2026 <\/span>\n            \n\t        <\/div>\n<\/div>                        <\/div>\n                                                <div class=\"swiper-slide\">\n                            <div class=\"card-horizontal\">\n    <div class=\"left-side\">\n                    <a href=\"https:\/\/urban-connect.com\/fr\/news\/spotlight-sur-les-etudes-de-cas-partenariat-entre-lonza-visp-et-urban-connect-pour-la-mobilite-durable\/\">\n                <img decoding=\"async\" \n                    class=\"image lazyload\" data-src=\"https:\/\/urban-connect.com\/wp-content\/uploads\/2026\/02\/HELSANA-x-UC-banner-768x511.png\"\n                    data-srcset=\"https:\/\/urban-connect.com\/wp-content\/uploads\/2026\/02\/HELSANA-x-UC-banner-768x511.png 768w, https:\/\/urban-connect.com\/wp-content\/uploads\/2026\/02\/HELSANA-x-UC-banner-300x199.png 300w, https:\/\/urban-connect.com\/wp-content\/uploads\/2026\/02\/HELSANA-x-UC-banner-1024x681.png 1024w, https:\/\/urban-connect.com\/wp-content\/uploads\/2026\/02\/HELSANA-x-UC-banner-1536x1021.png 1536w, https:\/\/urban-connect.com\/wp-content\/uploads\/2026\/02\/HELSANA-x-UC-banner.png 1590w\"\n                    data-sizes=\"(max-width: 768px) 100vw, 768px\"\n                    alt=\"Spotlight sur les \u00e9tudes de cas: Helsana offre \u00e0 3'400+ employ\u00e9s un budget de mobilit\u00e9 Urban Connect, et ce sans aucun probl\u00e8me gr\u00e2ce \u00e0 SCIM.\"\n                 src=\"data:image\/gif;base64,R0lGODlhAQABAAAAACH5BAEKAAEALAAAAAABAAEAAAICTAEAOw==\" style=\"--smush-placeholder-width: 768px; --smush-placeholder-aspect-ratio: 768\/511;\"><noscript><img decoding=\"async\" \n                    class=\"image\" src=\"https:\/\/urban-connect.com\/wp-content\/uploads\/2026\/02\/HELSANA-x-UC-banner-768x511.png\"\n                    srcset=\"https:\/\/urban-connect.com\/wp-content\/uploads\/2026\/02\/HELSANA-x-UC-banner-768x511.png 768w, https:\/\/urban-connect.com\/wp-content\/uploads\/2026\/02\/HELSANA-x-UC-banner-300x199.png 300w, https:\/\/urban-connect.com\/wp-content\/uploads\/2026\/02\/HELSANA-x-UC-banner-1024x681.png 1024w, https:\/\/urban-connect.com\/wp-content\/uploads\/2026\/02\/HELSANA-x-UC-banner-1536x1021.png 1536w, https:\/\/urban-connect.com\/wp-content\/uploads\/2026\/02\/HELSANA-x-UC-banner.png 1590w\"\n                    sizes=\"(max-width: 768px) 100vw, 768px\"\n                    alt=\"Spotlight sur les \u00e9tudes de cas: Helsana offre \u00e0 3'400+ employ\u00e9s un budget de mobilit\u00e9 Urban Connect, et ce sans aucun probl\u00e8me gr\u00e2ce \u00e0 SCIM.\"\n                ><\/noscript>\n            <\/a>\n                <\/div>\n    <div class=\"right-side\">\n                    <a href=\"https:\/\/urban-connect.com\/fr\/news\/spotlight-sur-les-etudes-de-cas-partenariat-entre-lonza-visp-et-urban-connect-pour-la-mobilite-durable\/\">\n                <h6 class=\"title\">Spotlight sur les \u00e9tudes de cas: Helsana offre \u00e0 3&rsquo;400+ employ\u00e9s un budget de mobilit\u00e9 Urban Connect, et ce sans aucun probl\u00e8me gr\u00e2ce \u00e0 SCIM.<\/h6>\n            <\/a>\n                        <span class=\"date\">f\u00e9vrier 05, 2026 <\/span>\n            \n\t        <\/div>\n<\/div>                        <\/div>\n                                        <\/div>\n                <div class=\"btn-slider \">\n    <div class=\"prev\">\n        <svg width=\"22\" height=\"12\" viewBox=\"0 0 22 12\" fill=\"none\" xmlns=\"http:\/\/www.w3.org\/2000\/svg\">\n            <path d=\"M5.094 4.476L7.74 1.83L6.03 0.102L0.432 5.7L6.03 11.298L7.74 9.57L5.076 6.906H21.42V4.476H5.094Z\" fill=\"white\"\/>\n        <\/svg>\n    <\/div>\n    <div class=\"next\">\n        <svg width=\"22\" height=\"12\" viewBox=\"0 0 22 12\" fill=\"none\" xmlns=\"http:\/\/www.w3.org\/2000\/svg\">\n            <path d=\"M14.292 1.83L16.938 4.476H0.612V6.906H16.956L14.292 9.57L16.002 11.298L21.6 5.7L16.002 0.102L14.292 1.83Z\" fill=\"white\"\/>\n        <\/svg>\n    <\/div>\n<\/div>            <\/div>\n        <\/div>\n    <\/section>\n    ","protected":false},"excerpt":{"rendered":"<p>Le client est l&rsquo;une des plus grandes organisations mondiales de fabrication de produits de sant\u00e9, avec une pr\u00e9sence significative en Suisse. L&rsquo;entreprise est pr\u00e9sente sur les cinq continents et emploie environ 18 000 personnes dans le monde. Urban Connect fournit des services de mobilit\u00e9 int\u00e9gr\u00e9s \/ multimodaux sur trois de ses sites : dans une [&hellip;]<\/p>\n","protected":false},"featured_media":6514,"parent":0,"template":"","news_category":[41],"class_list":["post-6534","news","type-news","status-publish","has-post-thumbnail","hentry","news_category-etudes-de-cas"],"acf":[],"yoast_head":"<!-- This site is optimized with the Yoast SEO plugin v23.2 - https:\/\/yoast.com\/wordpress\/plugins\/seo\/ -->\n<title>Pleins feux sur une \u00e9tude de cas : Mobilit\u00e9 durable dans les Alpes suisses - Urban Connect<\/title>\n<meta name=\"robots\" content=\"index, follow, max-snippet:-1, max-image-preview:large, max-video-preview:-1\" \/>\n<link rel=\"canonical\" href=\"https:\/\/urban-connect.com\/fr\/news\/pleins-feux-sur-une-etude-de-cas-mobilite-durable-dans-les-alpes-suisses\/\" \/>\n<meta property=\"og:locale\" content=\"fr_FR\" \/>\n<meta property=\"og:type\" content=\"article\" \/>\n<meta property=\"og:title\" content=\"Pleins feux sur une \u00e9tude de cas : Mobilit\u00e9 durable dans les Alpes suisses - Urban Connect\" \/>\n<meta property=\"og:description\" content=\"Le client est l&rsquo;une des plus grandes organisations mondiales de fabrication de produits de sant\u00e9, avec une pr\u00e9sence significative en Suisse. L&rsquo;entreprise est pr\u00e9sente sur les cinq continents et emploie environ 18 000 personnes dans le monde. Urban Connect fournit des services de mobilit\u00e9 int\u00e9gr\u00e9s \/ multimodaux sur trois de ses sites : dans une [&hellip;]\" \/>\n<meta property=\"og:url\" content=\"https:\/\/urban-connect.com\/fr\/news\/pleins-feux-sur-une-etude-de-cas-mobilite-durable-dans-les-alpes-suisses\/\" \/>\n<meta property=\"og:site_name\" content=\"Urban Connect\" \/>\n<meta property=\"article:modified_time\" content=\"2024-09-18T09:42:15+00:00\" \/>\n<meta property=\"og:image\" content=\"https:\/\/urban-connect.com\/wp-content\/uploads\/2024\/09\/Lonza_news_new.jpg\" \/>\n\t<meta property=\"og:image:width\" content=\"1438\" \/>\n\t<meta property=\"og:image:height\" content=\"1248\" \/>\n\t<meta property=\"og:image:type\" content=\"image\/jpeg\" \/>\n<meta name=\"twitter:card\" content=\"summary_large_image\" \/>\n<meta name=\"twitter:label1\" content=\"Dur\u00e9e de lecture estim\u00e9e\" \/>\n\t<meta name=\"twitter:data1\" content=\"5 minutes\" \/>\n<script type=\"application\/ld+json\" class=\"yoast-schema-graph\">{\"@context\":\"https:\/\/schema.org\",\"@graph\":[{\"@type\":\"WebPage\",\"@id\":\"https:\/\/urban-connect.com\/fr\/news\/pleins-feux-sur-une-etude-de-cas-mobilite-durable-dans-les-alpes-suisses\/\",\"url\":\"https:\/\/urban-connect.com\/fr\/news\/pleins-feux-sur-une-etude-de-cas-mobilite-durable-dans-les-alpes-suisses\/\",\"name\":\"Pleins feux sur une \u00e9tude de cas : Mobilit\u00e9 durable dans les Alpes suisses - Urban Connect\",\"isPartOf\":{\"@id\":\"https:\/\/urban-connect.com\/fr\/#website\"},\"primaryImageOfPage\":{\"@id\":\"https:\/\/urban-connect.com\/fr\/news\/pleins-feux-sur-une-etude-de-cas-mobilite-durable-dans-les-alpes-suisses\/#primaryimage\"},\"image\":{\"@id\":\"https:\/\/urban-connect.com\/fr\/news\/pleins-feux-sur-une-etude-de-cas-mobilite-durable-dans-les-alpes-suisses\/#primaryimage\"},\"thumbnailUrl\":\"https:\/\/urban-connect.com\/wp-content\/uploads\/2024\/09\/Lonza_news_new.jpg\",\"datePublished\":\"2024-08-29T08:59:12+00:00\",\"dateModified\":\"2024-09-18T09:42:15+00:00\",\"breadcrumb\":{\"@id\":\"https:\/\/urban-connect.com\/fr\/news\/pleins-feux-sur-une-etude-de-cas-mobilite-durable-dans-les-alpes-suisses\/#breadcrumb\"},\"inLanguage\":\"fr-FR\",\"potentialAction\":[{\"@type\":\"ReadAction\",\"target\":[\"https:\/\/urban-connect.com\/fr\/news\/pleins-feux-sur-une-etude-de-cas-mobilite-durable-dans-les-alpes-suisses\/\"]}]},{\"@type\":\"ImageObject\",\"inLanguage\":\"fr-FR\",\"@id\":\"https:\/\/urban-connect.com\/fr\/news\/pleins-feux-sur-une-etude-de-cas-mobilite-durable-dans-les-alpes-suisses\/#primaryimage\",\"url\":\"https:\/\/urban-connect.com\/wp-content\/uploads\/2024\/09\/Lonza_news_new.jpg\",\"contentUrl\":\"https:\/\/urban-connect.com\/wp-content\/uploads\/2024\/09\/Lonza_news_new.jpg\",\"width\":1438,\"height\":1248,\"caption\":\"CS news\"},{\"@type\":\"BreadcrumbList\",\"@id\":\"https:\/\/urban-connect.com\/fr\/news\/pleins-feux-sur-une-etude-de-cas-mobilite-durable-dans-les-alpes-suisses\/#breadcrumb\",\"itemListElement\":[{\"@type\":\"ListItem\",\"position\":1,\"name\":\"Home\",\"item\":\"https:\/\/urban-connect.com\/fr\/\"},{\"@type\":\"ListItem\",\"position\":2,\"name\":\"Pleins feux sur une \u00e9tude de cas : Mobilit\u00e9 durable dans les Alpes suisses\"}]},{\"@type\":\"WebSite\",\"@id\":\"https:\/\/urban-connect.com\/fr\/#website\",\"url\":\"https:\/\/urban-connect.com\/fr\/\",\"name\":\"Urban Connect\",\"description\":\"\",\"potentialAction\":[{\"@type\":\"SearchAction\",\"target\":{\"@type\":\"EntryPoint\",\"urlTemplate\":\"https:\/\/urban-connect.com\/fr\/?s={search_term_string}\"},\"query-input\":\"required name=search_term_string\"}],\"inLanguage\":\"fr-FR\"}]}<\/script>\n<!-- \/ Yoast SEO plugin. -->","yoast_head_json":{"title":"Pleins feux sur une \u00e9tude de cas : Mobilit\u00e9 durable dans les Alpes suisses - Urban Connect","robots":{"index":"index","follow":"follow","max-snippet":"max-snippet:-1","max-image-preview":"max-image-preview:large","max-video-preview":"max-video-preview:-1"},"canonical":"https:\/\/urban-connect.com\/fr\/news\/pleins-feux-sur-une-etude-de-cas-mobilite-durable-dans-les-alpes-suisses\/","og_locale":"fr_FR","og_type":"article","og_title":"Pleins feux sur une \u00e9tude de cas : Mobilit\u00e9 durable dans les Alpes suisses - Urban Connect","og_description":"Le client est l&rsquo;une des plus grandes organisations mondiales de fabrication de produits de sant\u00e9, avec une pr\u00e9sence significative en Suisse. L&rsquo;entreprise est pr\u00e9sente sur les cinq continents et emploie environ 18 000 personnes dans le monde. Urban Connect fournit des services de mobilit\u00e9 int\u00e9gr\u00e9s \/ multimodaux sur trois de ses sites : dans une [&hellip;]","og_url":"https:\/\/urban-connect.com\/fr\/news\/pleins-feux-sur-une-etude-de-cas-mobilite-durable-dans-les-alpes-suisses\/","og_site_name":"Urban Connect","article_modified_time":"2024-09-18T09:42:15+00:00","og_image":[{"width":1438,"height":1248,"url":"https:\/\/urban-connect.com\/wp-content\/uploads\/2024\/09\/Lonza_news_new.jpg","type":"image\/jpeg"}],"twitter_card":"summary_large_image","twitter_misc":{"Dur\u00e9e de lecture estim\u00e9e":"5 minutes"},"schema":{"@context":"https:\/\/schema.org","@graph":[{"@type":"WebPage","@id":"https:\/\/urban-connect.com\/fr\/news\/pleins-feux-sur-une-etude-de-cas-mobilite-durable-dans-les-alpes-suisses\/","url":"https:\/\/urban-connect.com\/fr\/news\/pleins-feux-sur-une-etude-de-cas-mobilite-durable-dans-les-alpes-suisses\/","name":"Pleins feux sur une \u00e9tude de cas : Mobilit\u00e9 durable dans les Alpes suisses - Urban Connect","isPartOf":{"@id":"https:\/\/urban-connect.com\/fr\/#website"},"primaryImageOfPage":{"@id":"https:\/\/urban-connect.com\/fr\/news\/pleins-feux-sur-une-etude-de-cas-mobilite-durable-dans-les-alpes-suisses\/#primaryimage"},"image":{"@id":"https:\/\/urban-connect.com\/fr\/news\/pleins-feux-sur-une-etude-de-cas-mobilite-durable-dans-les-alpes-suisses\/#primaryimage"},"thumbnailUrl":"https:\/\/urban-connect.com\/wp-content\/uploads\/2024\/09\/Lonza_news_new.jpg","datePublished":"2024-08-29T08:59:12+00:00","dateModified":"2024-09-18T09:42:15+00:00","breadcrumb":{"@id":"https:\/\/urban-connect.com\/fr\/news\/pleins-feux-sur-une-etude-de-cas-mobilite-durable-dans-les-alpes-suisses\/#breadcrumb"},"inLanguage":"fr-FR","potentialAction":[{"@type":"ReadAction","target":["https:\/\/urban-connect.com\/fr\/news\/pleins-feux-sur-une-etude-de-cas-mobilite-durable-dans-les-alpes-suisses\/"]}]},{"@type":"ImageObject","inLanguage":"fr-FR","@id":"https:\/\/urban-connect.com\/fr\/news\/pleins-feux-sur-une-etude-de-cas-mobilite-durable-dans-les-alpes-suisses\/#primaryimage","url":"https:\/\/urban-connect.com\/wp-content\/uploads\/2024\/09\/Lonza_news_new.jpg","contentUrl":"https:\/\/urban-connect.com\/wp-content\/uploads\/2024\/09\/Lonza_news_new.jpg","width":1438,"height":1248,"caption":"CS news"},{"@type":"BreadcrumbList","@id":"https:\/\/urban-connect.com\/fr\/news\/pleins-feux-sur-une-etude-de-cas-mobilite-durable-dans-les-alpes-suisses\/#breadcrumb","itemListElement":[{"@type":"ListItem","position":1,"name":"Home","item":"https:\/\/urban-connect.com\/fr\/"},{"@type":"ListItem","position":2,"name":"Pleins feux sur une \u00e9tude de cas : Mobilit\u00e9 durable dans les Alpes suisses"}]},{"@type":"WebSite","@id":"https:\/\/urban-connect.com\/fr\/#website","url":"https:\/\/urban-connect.com\/fr\/","name":"Urban Connect","description":"","potentialAction":[{"@type":"SearchAction","target":{"@type":"EntryPoint","urlTemplate":"https:\/\/urban-connect.com\/fr\/?s={search_term_string}"},"query-input":"required name=search_term_string"}],"inLanguage":"fr-FR"}]}},"_links":{"self":[{"href":"https:\/\/urban-connect.com\/fr\/wp-json\/wp\/v2\/news\/6534","targetHints":{"allow":["GET"]}}],"collection":[{"href":"https:\/\/urban-connect.com\/fr\/wp-json\/wp\/v2\/news"}],"about":[{"href":"https:\/\/urban-connect.com\/fr\/wp-json\/wp\/v2\/types\/news"}],"wp:featuredmedia":[{"embeddable":true,"href":"https:\/\/urban-connect.com\/fr\/wp-json\/wp\/v2\/media\/6514"}],"wp:attachment":[{"href":"https:\/\/urban-connect.com\/fr\/wp-json\/wp\/v2\/media?parent=6534"}],"wp:term":[{"taxonomy":"news_category","embeddable":true,"href":"https:\/\/urban-connect.com\/fr\/wp-json\/wp\/v2\/news_category?post=6534"}],"curies":[{"name":"wp","href":"https:\/\/api.w.org\/{rel}","templated":true}]}}