{"id":6458,"date":"2024-09-05T08:06:36","date_gmt":"2024-09-05T08:06:36","guid":{"rendered":"https:\/\/urban-connect.com\/?post_type=news&#038;p=6458"},"modified":"2024-09-05T08:39:54","modified_gmt":"2024-09-05T08:39:54","slug":"la-prochaine-generation-de-gestion-de-flotte","status":"publish","type":"news","link":"https:\/\/urban-connect.com\/fr\/news\/la-prochaine-generation-de-gestion-de-flotte\/","title":{"rendered":"La prochaine g\u00e9n\u00e9ration de gestion de flotte"},"content":{"rendered":"\n<p><strong>Les possibilit\u00e9s de gestion de flotte ont consid\u00e9rablement \u00e9volu\u00e9 au cours des derni\u00e8res ann\u00e9es. La t\u00e9l\u00e9matique la plus r\u00e9cente a fait passer la gestion de flotte d&rsquo;une n\u00e9cessit\u00e9 co\u00fbteuse \u00e0 une priorit\u00e9 strat\u00e9gique qui peut cr\u00e9er une valeur ajout\u00e9e consid\u00e9rable pour les entreprises.<\/strong><\/p>\n\n\n\n<figure class=\"wp-block-image size-large\"><img loading=\"lazy\" decoding=\"async\" width=\"1024\" height=\"683\" data-src=\"https:\/\/urban-connect.com\/wp-content\/uploads\/2024\/09\/Fleet-1024x683.jpg\" alt=\"Fleet\" class=\"wp-image-6450 lazyload\" data-srcset=\"https:\/\/urban-connect.com\/wp-content\/uploads\/2024\/09\/Fleet-1024x683.jpg 1024w, https:\/\/urban-connect.com\/wp-content\/uploads\/2024\/09\/Fleet-300x200.jpg 300w, https:\/\/urban-connect.com\/wp-content\/uploads\/2024\/09\/Fleet-768x512.jpg 768w, https:\/\/urban-connect.com\/wp-content\/uploads\/2024\/09\/Fleet-1536x1024.jpg 1536w, https:\/\/urban-connect.com\/wp-content\/uploads\/2024\/09\/Fleet-2048x1365.jpg 2048w, https:\/\/urban-connect.com\/wp-content\/uploads\/2024\/09\/Fleet-1620x1080.jpg 1620w\" data-sizes=\"auto, (max-width: 1024px) 100vw, 1024px\" src=\"data:image\/gif;base64,R0lGODlhAQABAAAAACH5BAEKAAEALAAAAAABAAEAAAICTAEAOw==\" style=\"--smush-placeholder-width: 1024px; --smush-placeholder-aspect-ratio: 1024\/683;\" \/><noscript><img loading=\"lazy\" decoding=\"async\" width=\"1024\" height=\"683\" src=\"https:\/\/urban-connect.com\/wp-content\/uploads\/2024\/09\/Fleet-1024x683.jpg\" alt=\"Fleet\" class=\"wp-image-6450\" srcset=\"https:\/\/urban-connect.com\/wp-content\/uploads\/2024\/09\/Fleet-1024x683.jpg 1024w, https:\/\/urban-connect.com\/wp-content\/uploads\/2024\/09\/Fleet-300x200.jpg 300w, https:\/\/urban-connect.com\/wp-content\/uploads\/2024\/09\/Fleet-768x512.jpg 768w, https:\/\/urban-connect.com\/wp-content\/uploads\/2024\/09\/Fleet-1536x1024.jpg 1536w, https:\/\/urban-connect.com\/wp-content\/uploads\/2024\/09\/Fleet-2048x1365.jpg 2048w, https:\/\/urban-connect.com\/wp-content\/uploads\/2024\/09\/Fleet-1620x1080.jpg 1620w\" sizes=\"auto, (max-width: 1024px) 100vw, 1024px\" \/><\/noscript><figcaption class=\"wp-element-caption\">Prime Tower flotte<\/figcaption><\/figure>\n\n\n\n<p><\/p>\n\n\n\n<p>Auparavant, la gestion de la flotte dans les entreprises \u00e9tait souvent li\u00e9e \u00e0 de nombreux d\u00e9fis. Une \u00e9tude de Deloitte a ainsi montr\u00e9 que l&rsquo;attribution fixe d&rsquo;une voiture \u00e0 un collaborateur conduit \u00e0 des flottes inutilement grandes et inefficaces. Celles-ci sont \u00e0 leur tour utilis\u00e9es en moyenne moins d&rsquo;une heure par jour, ce qui r\u00e9duit l&rsquo;efficacit\u00e9 de la flotte. En outre, la complexit\u00e9 de la gestion du cycle de vie des v\u00e9hicules &#8211; de l&rsquo;achat \u00e0 l&rsquo;\u00e9limination &#8211; a entra\u00een\u00e9 des travaux d&rsquo;entretien mal planifi\u00e9s et des co\u00fbts de remplacement co\u00fbteux. Bien que ce risque puisse \u00eatre partiellement contourn\u00e9 en investissant dans des offres de service complet, il augmente en m\u00eame temps le co\u00fbt total de la flotte.<\/p>\n\n\n\n<p>Les technologies modernes ont r\u00e9volutionn\u00e9 la gestion des flottes et facilitent ainsi le travail des gestionnaires de flotte. Deux \u00e9volutions poussent \u00e0 la transformation : l&rsquo;utilisation de donn\u00e9es t\u00e9l\u00e9matiques pour optimiser l&rsquo;efficacit\u00e9 de la flotte et l&rsquo;introduction de l&rsquo;auto-partage d&rsquo;entreprise, dans lequel les collaborateurs partagent des v\u00e9hicules \u00e0 des fins professionnelles et priv\u00e9es. Ces deux \u00e9volutions augmentent l&rsquo;utilisation et l&rsquo;efficacit\u00e9 des co\u00fbts des flottes.<\/p>\n\n\n\n<h2 class=\"wp-block-heading\">L&rsquo;utilisation de donn\u00e9es t\u00e9l\u00e9matiques pour optimiser l&rsquo;efficacit\u00e9 de la flotte<\/h2>\n\n\n\n<p>La t\u00e9l\u00e9matique combine les t\u00e9l\u00e9communications et l&rsquo;informatique afin de collecter, de transmettre et d&rsquo;analyser les donn\u00e9es des v\u00e9hicules en temps r\u00e9el. Cette approche bas\u00e9e sur les donn\u00e9es permet aux gestionnaires de flotte d&rsquo;identifier les possibilit\u00e9s d&rsquo;optimisation et donc de prendre des d\u00e9cisions bas\u00e9es sur les donn\u00e9es. Il en r\u00e9sulte une meilleure efficacit\u00e9, une r\u00e9duction des co\u00fbts et une diminution des \u00e9missions. Les solutions t\u00e9l\u00e9matiques modernes peuvent aider les gestionnaires de flotte de plusieurs mani\u00e8res :<\/p>\n\n\n\n<p><strong>Suivi et analyse :<\/strong> la t\u00e9l\u00e9matique peut suivre l&rsquo;\u00e9tat des v\u00e9hicules en temps r\u00e9el afin de s&rsquo;assurer que les v\u00e9hicules sont utilis\u00e9s de mani\u00e8re efficace et responsable. De plus, les mod\u00e8les d&rsquo;utilisation peuvent \u00eatre identifi\u00e9s afin de permettre une r\u00e9duction de la consommation de carburant et une affectation des v\u00e9hicules plus adapt\u00e9e \u00e0 leur utilisation au sein de la flotte. En cas d&rsquo;accident, les donn\u00e9es des v\u00e9hicules peuvent en outre contribuer \u00e0 une clarification rapide des \u00e9v\u00e9nements.<\/p>\n\n\n\n<p><strong>Maintenance pr\u00e9ventive :<\/strong> la solution t\u00e9l\u00e9matique peut envoyer des notifications aux gestionnaires de flotte sur les probl\u00e8mes potentiels des v\u00e9hicules avant qu&rsquo;ils ne deviennent critiques. Par exemple, la surveillance des voyants du moteur peut aider \u00e0 planifier l&rsquo;entretien \u00e0 temps, \u00e0 \u00e9viter les temps d&rsquo;arr\u00eat et \u00e0 \u00e9conomiser des r\u00e9parations co\u00fbteuses. Cela permet \u00e9galement de prolonger la dur\u00e9e de vie du v\u00e9hicule.<\/p>\n\n\n\n<p><strong>\u00c9lectrification de la flotte :<\/strong> les donn\u00e9es collect\u00e9es permettent de prendre des d\u00e9cisions strat\u00e9giques \u00e9clair\u00e9es sur la composition de la flotte de v\u00e9hicules. Elles fournissent des informations pr\u00e9cieuses sur les v\u00e9hicules thermiques qui peuvent \u00eatre remplac\u00e9s par des v\u00e9hicules \u00e9lectriques appropri\u00e9s. De cette mani\u00e8re, la t\u00e9l\u00e9matique aide les gestionnaires de flotte \u00e0 passer \u00e0 des flottes de VE.<\/p>\n\n\n\n<p><strong>Rapports sur les \u00e9missions de CO2 :<\/strong> la solution permet de suivre et de r\u00e9duire les \u00e9missions de CO2 de la flotte. Cela aide \u00e0 atteindre les exigences l\u00e9gales strictes et les objectifs de l&rsquo;entreprise en mati\u00e8re d&rsquo;\u00e9missions nettes nulles. Malgr\u00e9 les nombreux avantages, les pr\u00e9occupations en mati\u00e8re de protection des donn\u00e9es constituent un d\u00e9fi important pour les gestionnaires de flotte. Des fournisseurs externes peuvent aider en tant qu&rsquo;interm\u00e9diaires neutres en rendant les donn\u00e9es anonymes et en les pr\u00e9parant de mani\u00e8re conforme \u00e0 la protection des donn\u00e9es. Cela facilite l&rsquo;acceptation et l&rsquo;utilisation r\u00e9ussie des solutions t\u00e9l\u00e9matiques.<\/p>\n\n\n\n<figure class=\"wp-block-image size-full\"><img loading=\"lazy\" decoding=\"async\" width=\"16107\" height=\"10000\" data-src=\"https:\/\/urban-connect.com\/wp-content\/uploads\/2024\/09\/UC_CompanyWeb_NoLogo.png\" alt=\"Urban Connect Company Web\" class=\"wp-image-6460 lazyload\" src=\"data:image\/gif;base64,R0lGODlhAQABAAAAACH5BAEKAAEALAAAAAABAAEAAAICTAEAOw==\" style=\"--smush-placeholder-width: 16107px; --smush-placeholder-aspect-ratio: 16107\/10000;\" \/><noscript><img loading=\"lazy\" decoding=\"async\" width=\"16107\" height=\"10000\" src=\"https:\/\/urban-connect.com\/wp-content\/uploads\/2024\/09\/UC_CompanyWeb_NoLogo.png\" alt=\"Urban Connect Company Web\" class=\"wp-image-6460\"\/><\/noscript><figcaption class=\"wp-element-caption\">Urban Connect Company Web<\/figcaption><\/figure>\n\n\n\n<p><\/p>\n\n\n\n<h2 class=\"wp-block-heading\">Corporate Car Sharing : les flottes deviennent un centre de profit<\/h2>\n\n\n\n<p>Le deuxi\u00e8me d\u00e9veloppement d\u00e9cisif qui fait de la gestion de flotte un moteur de valeur strat\u00e9gique pour les entreprises est le Corporate Car Sharing. En partageant des v\u00e9hicules de soci\u00e9t\u00e9 \u00e0 des fins professionnelles et priv\u00e9es, les entreprises peuvent maximiser l&rsquo;utilisation et g\u00e9n\u00e9rer des revenus suppl\u00e9mentaires. Avec une int\u00e9gration moderne et conviviale de l&rsquo;autopartage, la flotte peut m\u00eame \u00eatre transform\u00e9e d&rsquo;un centre de co\u00fbts en un centre de profit potentiel. Dans ce contexte, l&rsquo;autopartage d&rsquo;entreprise pr\u00e9sente plusieurs avantages :<\/p>\n\n\n\n<p><strong>Maximiser l&rsquo;utilisation des v\u00e9hicules :<\/strong> dans les flottes traditionnelles, les v\u00e9hicules restent souvent longtemps inutilis\u00e9s. L&rsquo;autopartage d&rsquo;entreprise augmente l&rsquo;utilisation en rendant les v\u00e9hicules disponibles \u00e0 des fins priv\u00e9es m\u00eame pendant les heures de repos. Les entreprises qui utilisent de tels mod\u00e8les peuvent souvent augmenter l&rsquo;utilisation des v\u00e9hicules d&rsquo;environ 40 %.<\/p>\n\n\n\n<p><strong>Augmentation des revenus gr\u00e2ce \u00e0 l&rsquo;utilisation priv\u00e9e : <\/strong>la possibilit\u00e9 d&rsquo;utiliser les v\u00e9hicules d&rsquo;entreprise \u00e0 des fins priv\u00e9es cr\u00e9e une nouvelle source de revenus gr\u00e2ce aux frais d&rsquo;utilisation. Ces revenus peuvent non seulement couvrir les frais d&rsquo;exploitation, mais aussi aider les gestionnaires de flotte \u00e0 transformer les flottes d&rsquo;entreprise en centres de profit potentiels. En moyenne, les entreprises peuvent s&rsquo;attendre \u00e0 des revenus suppl\u00e9mentaires d&rsquo;environ 700 \u00e0 1000 francs par mois.<\/p>\n\n\n\n<p><strong>Moins de bureaucratie gr\u00e2ce \u00e0 une facturation automatis\u00e9e :<\/strong> les solutions modernes de gestion de flotte automatisent la facturation et s\u00e9parent de mani\u00e8re transparente l&rsquo;utilisation professionnelle et priv\u00e9e. Cela am\u00e9liore la transparence de la comptabilit\u00e9 et r\u00e9duit la charge administrative.<\/p>\n\n\n\n<p><strong>R\u00e9duire le besoin de v\u00e9hicules priv\u00e9s :<\/strong> l&rsquo;autopartage d&rsquo;entreprise r\u00e9duit le besoin de v\u00e9hicules priv\u00e9s, en particulier dans les villes o\u00f9 le stationnement et les embouteillages sont difficiles. Une entreprise suisse a r\u00e9cemment introduit une flotte de 20 voitures \u00e9lectriques partag\u00e9es pour un usage professionnel et priv\u00e9. Cela a encourag\u00e9 une culture de mobilit\u00e9 partag\u00e9e et a conduit 23 % des utilisateurs \u00e0 vendre leur voiture priv\u00e9e ou \u00e0 abandonner un plan d&rsquo;achat.<\/p>\n\n\n\n<p><strong>Cr\u00e9ation d&rsquo;un centre de profit vert :<\/strong> l&rsquo;autopartage soutient la transition vers des flottes plus vertes en optimisant l&rsquo;utilisation des v\u00e9hicules, en r\u00e9duisant le nombre total de v\u00e9hicules n\u00e9cessaires et en encourageant l&rsquo;utilisation de v\u00e9hicules \u00e9lectriques.<\/p>\n\n\n\n<h2 class=\"wp-block-heading\">Des perspectives d&rsquo;avenir<\/h2>\n\n\n\n<p>Les entreprises qui mettent en \u0153uvre ces strat\u00e9gies modernes sont bien \u00e9quip\u00e9es pour transformer la gestion de flotte d&rsquo;un centre de co\u00fbts traditionnel en un centre de profit dynamique qui offre des avantages \u00e0 la fois financiers et environnementaux.<\/p>\n\n\n\n<p>Contactez nos sp\u00e9cialistes de la gestion de flotte pour une consultation gratuite et d\u00e9couvrez comment les technologies t\u00e9l\u00e9matiques et de partage peuvent maximiser la rentabilit\u00e9 et l&rsquo;efficacit\u00e9 de votre flotte.<\/p>\n\n\n        <section class=\"author-block\">\n            <div class=\"container\">\n                <div class=\"left-side\">\n                    <h6 class=\"name\">Andreas Vetter<\/h6>\n                    <span class=\"position\">Expert en gestion de flotte, andreas.vetter@urban-connect.ch<\/span>\n                <\/div>\n                <div class=\"right-side\">\n                                            <img decoding=\"async\" \n                        class=\"image lazyload\" data-src=\"https:\/\/urban-connect.com\/wp-content\/uploads\/2024\/01\/Andreas-1024x1024.jpg\"\n                        data-srcset=\"https:\/\/urban-connect.com\/wp-content\/uploads\/2024\/01\/Andreas-1024x1024.jpg 1024w, https:\/\/urban-connect.com\/wp-content\/uploads\/2024\/01\/Andreas-300x300.jpg 300w, https:\/\/urban-connect.com\/wp-content\/uploads\/2024\/01\/Andreas-150x150.jpg 150w, https:\/\/urban-connect.com\/wp-content\/uploads\/2024\/01\/Andreas-768x768.jpg 768w, https:\/\/urban-connect.com\/wp-content\/uploads\/2024\/01\/Andreas-1080x1080.jpg 1080w, https:\/\/urban-connect.com\/wp-content\/uploads\/2024\/01\/Andreas.jpg 1250w\"\n                        data-sizes=\"(max-width: 1024px) 100vw, 1024px\"\n                        alt=\"Chart Image\"\n                         src=\"data:image\/gif;base64,R0lGODlhAQABAAAAACH5BAEKAAEALAAAAAABAAEAAAICTAEAOw==\" style=\"--smush-placeholder-width: 1024px; --smush-placeholder-aspect-ratio: 1024\/1024;\"><noscript><img decoding=\"async\" \n                        class=\"image\" src=\"https:\/\/urban-connect.com\/wp-content\/uploads\/2024\/01\/Andreas-1024x1024.jpg\"\n                        srcset=\"https:\/\/urban-connect.com\/wp-content\/uploads\/2024\/01\/Andreas-1024x1024.jpg 1024w, https:\/\/urban-connect.com\/wp-content\/uploads\/2024\/01\/Andreas-300x300.jpg 300w, https:\/\/urban-connect.com\/wp-content\/uploads\/2024\/01\/Andreas-150x150.jpg 150w, https:\/\/urban-connect.com\/wp-content\/uploads\/2024\/01\/Andreas-768x768.jpg 768w, https:\/\/urban-connect.com\/wp-content\/uploads\/2024\/01\/Andreas-1080x1080.jpg 1080w, https:\/\/urban-connect.com\/wp-content\/uploads\/2024\/01\/Andreas.jpg 1250w\"\n                        sizes=\"(max-width: 1024px) 100vw, 1024px\"\n                        alt=\"Chart Image\"\n                        ><\/noscript>\n                                        <\/div>\n            <\/div>\n        <\/section>\n        \n\n        <section class=\"author-block\">\n            <div class=\"container\">\n                <div class=\"left-side\">\n                    <h6 class=\"name\">Andreas Kohli<\/h6>\n                    <span class=\"position\">Expert en mat\u00e9riel et en t\u00e9l\u00e9matique, andreas.kohli@urban-connect.ch<\/span>\n                <\/div>\n                <div class=\"right-side\">\n                                            <img decoding=\"async\" \n                        class=\"image lazyload\" data-src=\"https:\/\/urban-connect.com\/wp-content\/uploads\/2024\/01\/Andu-1024x1024.jpg\"\n                        data-srcset=\"https:\/\/urban-connect.com\/wp-content\/uploads\/2024\/01\/Andu-1024x1024.jpg 1024w, https:\/\/urban-connect.com\/wp-content\/uploads\/2024\/01\/Andu-300x300.jpg 300w, https:\/\/urban-connect.com\/wp-content\/uploads\/2024\/01\/Andu-150x150.jpg 150w, https:\/\/urban-connect.com\/wp-content\/uploads\/2024\/01\/Andu-768x768.jpg 768w, https:\/\/urban-connect.com\/wp-content\/uploads\/2024\/01\/Andu-1080x1080.jpg 1080w, https:\/\/urban-connect.com\/wp-content\/uploads\/2024\/01\/Andu.jpg 1250w\"\n                        data-sizes=\"(max-width: 1024px) 100vw, 1024px\"\n                        alt=\"Chart Image\"\n                         src=\"data:image\/gif;base64,R0lGODlhAQABAAAAACH5BAEKAAEALAAAAAABAAEAAAICTAEAOw==\" style=\"--smush-placeholder-width: 1024px; --smush-placeholder-aspect-ratio: 1024\/1024;\"><noscript><img decoding=\"async\" \n                        class=\"image\" src=\"https:\/\/urban-connect.com\/wp-content\/uploads\/2024\/01\/Andu-1024x1024.jpg\"\n                        srcset=\"https:\/\/urban-connect.com\/wp-content\/uploads\/2024\/01\/Andu-1024x1024.jpg 1024w, https:\/\/urban-connect.com\/wp-content\/uploads\/2024\/01\/Andu-300x300.jpg 300w, https:\/\/urban-connect.com\/wp-content\/uploads\/2024\/01\/Andu-150x150.jpg 150w, https:\/\/urban-connect.com\/wp-content\/uploads\/2024\/01\/Andu-768x768.jpg 768w, https:\/\/urban-connect.com\/wp-content\/uploads\/2024\/01\/Andu-1080x1080.jpg 1080w, https:\/\/urban-connect.com\/wp-content\/uploads\/2024\/01\/Andu.jpg 1250w\"\n                        sizes=\"(max-width: 1024px) 100vw, 1024px\"\n                        alt=\"Chart Image\"\n                        ><\/noscript>\n                                        <\/div>\n            <\/div>\n        <\/section>\n        \n\n\n<p>Article original: <a href=\"https:\/\/aboutfleet.ch\/news\/5698-die-nachste-generation-des-flottenmanagements\">https:\/\/aboutfleet.ch\/news\/5698-die-nachste-generation-des-flottenmanagements<\/a><\/p>\n\n\n    <section class=\"related-posts\">\n        <div class=\"container\">\n            <h4 class=\"block-title\"><\/h4>\n        <\/div>\n        <div class=\"container posts-wrap\">\n            <div class=\"swiper swiper-related-posts\">\n                <div class=\"swiper-wrapper\">\n                                            <div class=\"swiper-slide\">\n                            <div class=\"card-horizontal\">\n    <div class=\"left-side\">\n                    <a href=\"https:\/\/urban-connect.com\/fr\/news\/urban-connect-en-allemagne-annonce-dune-collaboration-avec-roche-mannheim-et-penzberg\/\">\n                <img decoding=\"async\" \n                    class=\"image lazyload\" data-src=\"https:\/\/urban-connect.com\/wp-content\/uploads\/2024\/08\/Roche_Germany-768x667.jpg\"\n                    data-srcset=\"https:\/\/urban-connect.com\/wp-content\/uploads\/2024\/08\/Roche_Germany-768x667.jpg 768w, https:\/\/urban-connect.com\/wp-content\/uploads\/2024\/08\/Roche_Germany-300x260.jpg 300w, https:\/\/urban-connect.com\/wp-content\/uploads\/2024\/08\/Roche_Germany-1024x889.jpg 1024w, https:\/\/urban-connect.com\/wp-content\/uploads\/2024\/08\/Roche_Germany-1244x1080.jpg 1244w, https:\/\/urban-connect.com\/wp-content\/uploads\/2024\/08\/Roche_Germany.jpg 1438w\"\n                    data-sizes=\"(max-width: 768px) 100vw, 768px\"\n                    alt=\"Urban Connect en Allemagne : annonce d'une collaboration avec Roche Mannheim et Penzberg\"\n                 src=\"data:image\/gif;base64,R0lGODlhAQABAAAAACH5BAEKAAEALAAAAAABAAEAAAICTAEAOw==\" style=\"--smush-placeholder-width: 768px; --smush-placeholder-aspect-ratio: 768\/667;\"><noscript><img decoding=\"async\" \n                    class=\"image\" src=\"https:\/\/urban-connect.com\/wp-content\/uploads\/2024\/08\/Roche_Germany-768x667.jpg\"\n                    srcset=\"https:\/\/urban-connect.com\/wp-content\/uploads\/2024\/08\/Roche_Germany-768x667.jpg 768w, https:\/\/urban-connect.com\/wp-content\/uploads\/2024\/08\/Roche_Germany-300x260.jpg 300w, https:\/\/urban-connect.com\/wp-content\/uploads\/2024\/08\/Roche_Germany-1024x889.jpg 1024w, https:\/\/urban-connect.com\/wp-content\/uploads\/2024\/08\/Roche_Germany-1244x1080.jpg 1244w, https:\/\/urban-connect.com\/wp-content\/uploads\/2024\/08\/Roche_Germany.jpg 1438w\"\n                    sizes=\"(max-width: 768px) 100vw, 768px\"\n                    alt=\"Urban Connect en Allemagne : annonce d'une collaboration avec Roche Mannheim et Penzberg\"\n                ><\/noscript>\n            <\/a>\n                <\/div>\n    <div class=\"right-side\">\n                    <a href=\"https:\/\/urban-connect.com\/fr\/news\/urban-connect-en-allemagne-annonce-dune-collaboration-avec-roche-mannheim-et-penzberg\/\">\n                <h6 class=\"title\">Urban Connect en Allemagne : annonce d&rsquo;une collaboration avec Roche Mannheim et Penzberg<\/h6>\n            <\/a>\n                        <span class=\"date\">ao\u00fbt 22, 2024 <\/span>\n            \n\t        <\/div>\n<\/div>                        <\/div>\n                                                <div class=\"swiper-slide\">\n                            <div class=\"card-horizontal\">\n    <div class=\"left-side\">\n                    <a href=\"https:\/\/urban-connect.com\/fr\/news\/lautopartage-en-entreprise-faire-grimper-les-taux-dutilisation-des-vehicules-dentreprise-a-de-nouveaux-sommets\/\">\n                <img decoding=\"async\" \n                    class=\"image lazyload\" data-src=\"https:\/\/urban-connect.com\/wp-content\/uploads\/2024\/04\/Carsharing-1-768x577.jpg\"\n                    data-srcset=\"https:\/\/urban-connect.com\/wp-content\/uploads\/2024\/04\/Carsharing-1-768x577.jpg 768w, https:\/\/urban-connect.com\/wp-content\/uploads\/2024\/04\/Carsharing-1-300x225.jpg 300w, https:\/\/urban-connect.com\/wp-content\/uploads\/2024\/04\/Carsharing-1-1024x769.jpg 1024w, https:\/\/urban-connect.com\/wp-content\/uploads\/2024\/04\/Carsharing-1-1536x1154.jpg 1536w, https:\/\/urban-connect.com\/wp-content\/uploads\/2024\/04\/Carsharing-1-2048x1538.jpg 2048w, https:\/\/urban-connect.com\/wp-content\/uploads\/2024\/04\/Carsharing-1-1438x1080.jpg 1438w\"\n                    data-sizes=\"(max-width: 768px) 100vw, 768px\"\n                    alt=\"L'autopartage en entreprise : Faire grimper les taux d'utilisation des v\u00e9hicules d'entreprise \u00e0 de nouveaux sommets\"\n                 src=\"data:image\/gif;base64,R0lGODlhAQABAAAAACH5BAEKAAEALAAAAAABAAEAAAICTAEAOw==\" style=\"--smush-placeholder-width: 768px; --smush-placeholder-aspect-ratio: 768\/577;\"><noscript><img decoding=\"async\" \n                    class=\"image\" src=\"https:\/\/urban-connect.com\/wp-content\/uploads\/2024\/04\/Carsharing-1-768x577.jpg\"\n                    srcset=\"https:\/\/urban-connect.com\/wp-content\/uploads\/2024\/04\/Carsharing-1-768x577.jpg 768w, https:\/\/urban-connect.com\/wp-content\/uploads\/2024\/04\/Carsharing-1-300x225.jpg 300w, https:\/\/urban-connect.com\/wp-content\/uploads\/2024\/04\/Carsharing-1-1024x769.jpg 1024w, https:\/\/urban-connect.com\/wp-content\/uploads\/2024\/04\/Carsharing-1-1536x1154.jpg 1536w, https:\/\/urban-connect.com\/wp-content\/uploads\/2024\/04\/Carsharing-1-2048x1538.jpg 2048w, https:\/\/urban-connect.com\/wp-content\/uploads\/2024\/04\/Carsharing-1-1438x1080.jpg 1438w\"\n                    sizes=\"(max-width: 768px) 100vw, 768px\"\n                    alt=\"L'autopartage en entreprise : Faire grimper les taux d'utilisation des v\u00e9hicules d'entreprise \u00e0 de nouveaux sommets\"\n                ><\/noscript>\n            <\/a>\n                <\/div>\n    <div class=\"right-side\">\n                    <a href=\"https:\/\/urban-connect.com\/fr\/news\/lautopartage-en-entreprise-faire-grimper-les-taux-dutilisation-des-vehicules-dentreprise-a-de-nouveaux-sommets\/\">\n                <h6 class=\"title\">L&rsquo;autopartage en entreprise : Faire grimper les taux d&rsquo;utilisation des v\u00e9hicules d&rsquo;entreprise \u00e0 de nouveaux sommets<\/h6>\n            <\/a>\n                        <span class=\"date\">janvier 23, 2025 <\/span>\n            \n\t        <\/div>\n<\/div>                        <\/div>\n                                                <div class=\"swiper-slide\">\n                            <div class=\"card-horizontal\">\n    <div class=\"left-side\">\n                    <a href=\"https:\/\/urban-connect.com\/fr\/news\/partenariat-strategique-entre-urban-connect-et-post-company-cars\/\">\n                <img decoding=\"async\" \n                    class=\"image lazyload\" data-src=\"https:\/\/urban-connect.com\/wp-content\/uploads\/2024\/06\/News-Feature-Image_post-768x577.jpg\"\n                    data-srcset=\"https:\/\/urban-connect.com\/wp-content\/uploads\/2024\/06\/News-Feature-Image_post-768x577.jpg 768w, https:\/\/urban-connect.com\/wp-content\/uploads\/2024\/06\/News-Feature-Image_post-300x225.jpg 300w, https:\/\/urban-connect.com\/wp-content\/uploads\/2024\/06\/News-Feature-Image_post-1024x769.jpg 1024w, https:\/\/urban-connect.com\/wp-content\/uploads\/2024\/06\/News-Feature-Image_post.jpg 1438w\"\n                    data-sizes=\"(max-width: 768px) 100vw, 768px\"\n                    alt=\"Partenariat strat\u00e9gique entre Urban Connect et Post Company Cars\"\n                 src=\"data:image\/gif;base64,R0lGODlhAQABAAAAACH5BAEKAAEALAAAAAABAAEAAAICTAEAOw==\" style=\"--smush-placeholder-width: 768px; --smush-placeholder-aspect-ratio: 768\/577;\"><noscript><img decoding=\"async\" \n                    class=\"image\" src=\"https:\/\/urban-connect.com\/wp-content\/uploads\/2024\/06\/News-Feature-Image_post-768x577.jpg\"\n                    srcset=\"https:\/\/urban-connect.com\/wp-content\/uploads\/2024\/06\/News-Feature-Image_post-768x577.jpg 768w, https:\/\/urban-connect.com\/wp-content\/uploads\/2024\/06\/News-Feature-Image_post-300x225.jpg 300w, https:\/\/urban-connect.com\/wp-content\/uploads\/2024\/06\/News-Feature-Image_post-1024x769.jpg 1024w, https:\/\/urban-connect.com\/wp-content\/uploads\/2024\/06\/News-Feature-Image_post.jpg 1438w\"\n                    sizes=\"(max-width: 768px) 100vw, 768px\"\n                    alt=\"Partenariat strat\u00e9gique entre Urban Connect et Post Company Cars\"\n                ><\/noscript>\n            <\/a>\n                <\/div>\n    <div class=\"right-side\">\n                    <a href=\"https:\/\/urban-connect.com\/fr\/news\/partenariat-strategique-entre-urban-connect-et-post-company-cars\/\">\n                <h6 class=\"title\">Partenariat strat\u00e9gique entre Urban Connect et Post Company Cars<\/h6>\n            <\/a>\n                        <span class=\"date\">juin 05, 2024 <\/span>\n            \n\t        <\/div>\n<\/div>                        <\/div>\n                                        <\/div>\n                <div class=\"btn-slider \">\n    <div class=\"prev\">\n        <svg width=\"22\" height=\"12\" viewBox=\"0 0 22 12\" fill=\"none\" xmlns=\"http:\/\/www.w3.org\/2000\/svg\">\n            <path d=\"M5.094 4.476L7.74 1.83L6.03 0.102L0.432 5.7L6.03 11.298L7.74 9.57L5.076 6.906H21.42V4.476H5.094Z\" fill=\"white\"\/>\n        <\/svg>\n    <\/div>\n    <div class=\"next\">\n        <svg width=\"22\" height=\"12\" viewBox=\"0 0 22 12\" fill=\"none\" xmlns=\"http:\/\/www.w3.org\/2000\/svg\">\n            <path d=\"M14.292 1.83L16.938 4.476H0.612V6.906H16.956L14.292 9.57L16.002 11.298L21.6 5.7L16.002 0.102L14.292 1.83Z\" fill=\"white\"\/>\n        <\/svg>\n    <\/div>\n<\/div>            <\/div>\n        <\/div>\n    <\/section>\n    ","protected":false},"excerpt":{"rendered":"<p>Les possibilit\u00e9s de gestion de flotte ont consid\u00e9rablement \u00e9volu\u00e9 au cours des derni\u00e8res ann\u00e9es. La t\u00e9l\u00e9matique la plus r\u00e9cente a fait passer la gestion de flotte d&rsquo;une n\u00e9cessit\u00e9 co\u00fbteuse \u00e0 une priorit\u00e9 strat\u00e9gique qui peut cr\u00e9er une valeur ajout\u00e9e consid\u00e9rable pour les entreprises. Auparavant, la gestion de la flotte dans les entreprises \u00e9tait souvent li\u00e9e [&hellip;]<\/p>\n","protected":false},"featured_media":6454,"parent":0,"template":"","news_category":[33],"class_list":["post-6458","news","type-news","status-publish","has-post-thumbnail","hentry","news_category-actualites"],"acf":[],"yoast_head":"<!-- This site is optimized with the Yoast SEO plugin v23.2 - https:\/\/yoast.com\/wordpress\/plugins\/seo\/ -->\n<title>La prochaine g\u00e9n\u00e9ration de gestion de flotte - Urban Connect<\/title>\n<meta name=\"robots\" content=\"index, follow, max-snippet:-1, max-image-preview:large, max-video-preview:-1\" \/>\n<link rel=\"canonical\" href=\"https:\/\/urban-connect.com\/fr\/news\/la-prochaine-generation-de-gestion-de-flotte\/\" \/>\n<meta property=\"og:locale\" content=\"fr_FR\" \/>\n<meta property=\"og:type\" content=\"article\" \/>\n<meta property=\"og:title\" content=\"La prochaine g\u00e9n\u00e9ration de gestion de flotte - Urban Connect\" \/>\n<meta property=\"og:description\" content=\"Les possibilit\u00e9s de gestion de flotte ont consid\u00e9rablement \u00e9volu\u00e9 au cours des derni\u00e8res ann\u00e9es. La t\u00e9l\u00e9matique la plus r\u00e9cente a fait passer la gestion de flotte d&rsquo;une n\u00e9cessit\u00e9 co\u00fbteuse \u00e0 une priorit\u00e9 strat\u00e9gique qui peut cr\u00e9er une valeur ajout\u00e9e consid\u00e9rable pour les entreprises. Auparavant, la gestion de la flotte dans les entreprises \u00e9tait souvent li\u00e9e [&hellip;]\" \/>\n<meta property=\"og:url\" content=\"https:\/\/urban-connect.com\/fr\/news\/la-prochaine-generation-de-gestion-de-flotte\/\" \/>\n<meta property=\"og:site_name\" content=\"Urban Connect\" \/>\n<meta property=\"article:modified_time\" content=\"2024-09-05T08:39:54+00:00\" \/>\n<meta property=\"og:image\" content=\"https:\/\/urban-connect.com\/wp-content\/uploads\/2024\/09\/Aboutfleet_news_2.jpg\" \/>\n\t<meta property=\"og:image:width\" content=\"1438\" \/>\n\t<meta property=\"og:image:height\" content=\"1248\" \/>\n\t<meta property=\"og:image:type\" content=\"image\/jpeg\" \/>\n<meta name=\"twitter:card\" content=\"summary_large_image\" \/>\n<meta name=\"twitter:label1\" content=\"Dur\u00e9e de lecture estim\u00e9e\" \/>\n\t<meta name=\"twitter:data1\" content=\"6 minutes\" \/>\n<script type=\"application\/ld+json\" class=\"yoast-schema-graph\">{\"@context\":\"https:\/\/schema.org\",\"@graph\":[{\"@type\":\"WebPage\",\"@id\":\"https:\/\/urban-connect.com\/fr\/news\/la-prochaine-generation-de-gestion-de-flotte\/\",\"url\":\"https:\/\/urban-connect.com\/fr\/news\/la-prochaine-generation-de-gestion-de-flotte\/\",\"name\":\"La prochaine g\u00e9n\u00e9ration de gestion de flotte - Urban Connect\",\"isPartOf\":{\"@id\":\"https:\/\/urban-connect.com\/fr\/#website\"},\"primaryImageOfPage\":{\"@id\":\"https:\/\/urban-connect.com\/fr\/news\/la-prochaine-generation-de-gestion-de-flotte\/#primaryimage\"},\"image\":{\"@id\":\"https:\/\/urban-connect.com\/fr\/news\/la-prochaine-generation-de-gestion-de-flotte\/#primaryimage\"},\"thumbnailUrl\":\"https:\/\/urban-connect.com\/wp-content\/uploads\/2024\/09\/Aboutfleet_news_2.jpg\",\"datePublished\":\"2024-09-05T08:06:36+00:00\",\"dateModified\":\"2024-09-05T08:39:54+00:00\",\"breadcrumb\":{\"@id\":\"https:\/\/urban-connect.com\/fr\/news\/la-prochaine-generation-de-gestion-de-flotte\/#breadcrumb\"},\"inLanguage\":\"fr-FR\",\"potentialAction\":[{\"@type\":\"ReadAction\",\"target\":[\"https:\/\/urban-connect.com\/fr\/news\/la-prochaine-generation-de-gestion-de-flotte\/\"]}]},{\"@type\":\"ImageObject\",\"inLanguage\":\"fr-FR\",\"@id\":\"https:\/\/urban-connect.com\/fr\/news\/la-prochaine-generation-de-gestion-de-flotte\/#primaryimage\",\"url\":\"https:\/\/urban-connect.com\/wp-content\/uploads\/2024\/09\/Aboutfleet_news_2.jpg\",\"contentUrl\":\"https:\/\/urban-connect.com\/wp-content\/uploads\/2024\/09\/Aboutfleet_news_2.jpg\",\"width\":1438,\"height\":1248,\"caption\":\"Aboutfleet news\"},{\"@type\":\"BreadcrumbList\",\"@id\":\"https:\/\/urban-connect.com\/fr\/news\/la-prochaine-generation-de-gestion-de-flotte\/#breadcrumb\",\"itemListElement\":[{\"@type\":\"ListItem\",\"position\":1,\"name\":\"Home\",\"item\":\"https:\/\/urban-connect.com\/fr\/\"},{\"@type\":\"ListItem\",\"position\":2,\"name\":\"La prochaine g\u00e9n\u00e9ration de gestion de flotte\"}]},{\"@type\":\"WebSite\",\"@id\":\"https:\/\/urban-connect.com\/fr\/#website\",\"url\":\"https:\/\/urban-connect.com\/fr\/\",\"name\":\"Urban Connect\",\"description\":\"\",\"potentialAction\":[{\"@type\":\"SearchAction\",\"target\":{\"@type\":\"EntryPoint\",\"urlTemplate\":\"https:\/\/urban-connect.com\/fr\/?s={search_term_string}\"},\"query-input\":\"required name=search_term_string\"}],\"inLanguage\":\"fr-FR\"}]}<\/script>\n<!-- \/ Yoast SEO plugin. -->","yoast_head_json":{"title":"La prochaine g\u00e9n\u00e9ration de gestion de flotte - Urban Connect","robots":{"index":"index","follow":"follow","max-snippet":"max-snippet:-1","max-image-preview":"max-image-preview:large","max-video-preview":"max-video-preview:-1"},"canonical":"https:\/\/urban-connect.com\/fr\/news\/la-prochaine-generation-de-gestion-de-flotte\/","og_locale":"fr_FR","og_type":"article","og_title":"La prochaine g\u00e9n\u00e9ration de gestion de flotte - Urban Connect","og_description":"Les possibilit\u00e9s de gestion de flotte ont consid\u00e9rablement \u00e9volu\u00e9 au cours des derni\u00e8res ann\u00e9es. La t\u00e9l\u00e9matique la plus r\u00e9cente a fait passer la gestion de flotte d&rsquo;une n\u00e9cessit\u00e9 co\u00fbteuse \u00e0 une priorit\u00e9 strat\u00e9gique qui peut cr\u00e9er une valeur ajout\u00e9e consid\u00e9rable pour les entreprises. Auparavant, la gestion de la flotte dans les entreprises \u00e9tait souvent li\u00e9e [&hellip;]","og_url":"https:\/\/urban-connect.com\/fr\/news\/la-prochaine-generation-de-gestion-de-flotte\/","og_site_name":"Urban Connect","article_modified_time":"2024-09-05T08:39:54+00:00","og_image":[{"width":1438,"height":1248,"url":"https:\/\/urban-connect.com\/wp-content\/uploads\/2024\/09\/Aboutfleet_news_2.jpg","type":"image\/jpeg"}],"twitter_card":"summary_large_image","twitter_misc":{"Dur\u00e9e de lecture estim\u00e9e":"6 minutes"},"schema":{"@context":"https:\/\/schema.org","@graph":[{"@type":"WebPage","@id":"https:\/\/urban-connect.com\/fr\/news\/la-prochaine-generation-de-gestion-de-flotte\/","url":"https:\/\/urban-connect.com\/fr\/news\/la-prochaine-generation-de-gestion-de-flotte\/","name":"La prochaine g\u00e9n\u00e9ration de gestion de flotte - Urban Connect","isPartOf":{"@id":"https:\/\/urban-connect.com\/fr\/#website"},"primaryImageOfPage":{"@id":"https:\/\/urban-connect.com\/fr\/news\/la-prochaine-generation-de-gestion-de-flotte\/#primaryimage"},"image":{"@id":"https:\/\/urban-connect.com\/fr\/news\/la-prochaine-generation-de-gestion-de-flotte\/#primaryimage"},"thumbnailUrl":"https:\/\/urban-connect.com\/wp-content\/uploads\/2024\/09\/Aboutfleet_news_2.jpg","datePublished":"2024-09-05T08:06:36+00:00","dateModified":"2024-09-05T08:39:54+00:00","breadcrumb":{"@id":"https:\/\/urban-connect.com\/fr\/news\/la-prochaine-generation-de-gestion-de-flotte\/#breadcrumb"},"inLanguage":"fr-FR","potentialAction":[{"@type":"ReadAction","target":["https:\/\/urban-connect.com\/fr\/news\/la-prochaine-generation-de-gestion-de-flotte\/"]}]},{"@type":"ImageObject","inLanguage":"fr-FR","@id":"https:\/\/urban-connect.com\/fr\/news\/la-prochaine-generation-de-gestion-de-flotte\/#primaryimage","url":"https:\/\/urban-connect.com\/wp-content\/uploads\/2024\/09\/Aboutfleet_news_2.jpg","contentUrl":"https:\/\/urban-connect.com\/wp-content\/uploads\/2024\/09\/Aboutfleet_news_2.jpg","width":1438,"height":1248,"caption":"Aboutfleet news"},{"@type":"BreadcrumbList","@id":"https:\/\/urban-connect.com\/fr\/news\/la-prochaine-generation-de-gestion-de-flotte\/#breadcrumb","itemListElement":[{"@type":"ListItem","position":1,"name":"Home","item":"https:\/\/urban-connect.com\/fr\/"},{"@type":"ListItem","position":2,"name":"La prochaine g\u00e9n\u00e9ration de gestion de flotte"}]},{"@type":"WebSite","@id":"https:\/\/urban-connect.com\/fr\/#website","url":"https:\/\/urban-connect.com\/fr\/","name":"Urban Connect","description":"","potentialAction":[{"@type":"SearchAction","target":{"@type":"EntryPoint","urlTemplate":"https:\/\/urban-connect.com\/fr\/?s={search_term_string}"},"query-input":"required name=search_term_string"}],"inLanguage":"fr-FR"}]}},"_links":{"self":[{"href":"https:\/\/urban-connect.com\/fr\/wp-json\/wp\/v2\/news\/6458","targetHints":{"allow":["GET"]}}],"collection":[{"href":"https:\/\/urban-connect.com\/fr\/wp-json\/wp\/v2\/news"}],"about":[{"href":"https:\/\/urban-connect.com\/fr\/wp-json\/wp\/v2\/types\/news"}],"wp:featuredmedia":[{"embeddable":true,"href":"https:\/\/urban-connect.com\/fr\/wp-json\/wp\/v2\/media\/6454"}],"wp:attachment":[{"href":"https:\/\/urban-connect.com\/fr\/wp-json\/wp\/v2\/media?parent=6458"}],"wp:term":[{"taxonomy":"news_category","embeddable":true,"href":"https:\/\/urban-connect.com\/fr\/wp-json\/wp\/v2\/news_category?post=6458"}],"curies":[{"name":"wp","href":"https:\/\/api.w.org\/{rel}","templated":true}]}}