{"id":6402,"date":"2024-08-22T09:58:47","date_gmt":"2024-08-22T09:58:47","guid":{"rendered":"https:\/\/urban-connect.com\/?post_type=news&#038;p=6402"},"modified":"2024-08-27T15:28:18","modified_gmt":"2024-08-27T15:28:18","slug":"urban-connect-en-allemagne-annonce-dune-collaboration-avec-roche-mannheim-et-penzberg","status":"publish","type":"news","link":"https:\/\/urban-connect.com\/fr\/news\/urban-connect-en-allemagne-annonce-dune-collaboration-avec-roche-mannheim-et-penzberg\/","title":{"rendered":"Urban Connect en Allemagne : annonce d&rsquo;une collaboration avec Roche Mannheim et Penzberg"},"content":{"rendered":"\n<ul class=\"wp-block-list\">\n<li>Urban Connect s&rsquo;\u00e9tend en Allemagne et annonce une collaboration avec Roche \u00e0 Mannheim et \u00e0 Penzberg.<\/li>\n\n\n\n<li>En collaboration avec Roche, Urban Connect veut fa\u00e7onner le paysage de la mobilit\u00e9 pour les entreprises en Allemagne.<\/li>\n\n\n\n<li>Markus Fairer, Head of Mobility Management chez Roche Diagnostics GmbH \u00e0 Mannheim: <em>\u00ab Sur la base des exp\u00e9riences et des r\u00e9sultats positifs obtenus chez Roche Suisse, je me r\u00e9jouis de pouvoir d\u00e9sormais mettre en \u0153uvre les solutions num\u00e9ris\u00e9es, durables et compl\u00e8tes d&rsquo;Urban Connect pour nos collaborateurs en Allemagne \u00bb<\/em><\/li>\n<\/ul>\n\n\n\n<p><strong>Zurich, 13.08.2024: <\/strong>Urban Connect, le fournisseur de solutions de mobilit\u00e9 d&rsquo;entreprise en Suisse, s&rsquo;\u00e9tend en Allemagne et a le plaisir d&rsquo;annoncer sa collaboration avec Roche \u00e0 Mannheim et \u00e0 Penzberg. D\u00e8s \u00e0 pr\u00e9sent, les solutions de mobilit\u00e9 innovantes d&rsquo;Urban Connect seront disponibles en Allemagne afin d&rsquo;aider les entreprises \u00e0 transformer leurs strat\u00e9gies de mobilit\u00e9.<\/p>\n\n\n\n<p><strong>\u00c0 propos d&rsquo;Urban Connect et de Roche<\/strong><\/p>\n\n\n\n<p>Urban Connect r\u00e9volutionne la mani\u00e8re dont les entreprises abordent la mobilit\u00e9 des employ\u00e9s en proposant un \u00e9cosyst\u00e8me enti\u00e8rement int\u00e9gr\u00e9 d&rsquo;options de mobilit\u00e9 partag\u00e9e. Plus de 50 entreprises comme Roche Suisse, Google ou Swiss misent d\u00e9j\u00e0 sur les voitures \u00e9lectriques partag\u00e9es, les v\u00e9los \u00e9lectriques et les trottinettes \u00e9lectriques, qui sont compl\u00e9t\u00e9s par un acc\u00e8s aux transports publics, des solutions de stationnement num\u00e9riques et un budget de mobilit\u00e9. Les entreprises \u00e9conomisent ainsi des co\u00fbts, de l&rsquo;espace et des \u00e9missions, sans pour autant restreindre la mobilit\u00e9 de leurs collaborateurs.<\/p>\n\n\n\n<p>Roche, l&rsquo;une des plus grandes entreprises du secteur de la sant\u00e9, recherche et d\u00e9veloppe des m\u00e9dicaments et des diagnostics pour les patients du monde entier et s&rsquo;engage pour une mise en r\u00e9seau et une num\u00e9risation accrue dans le secteur de la sant\u00e9. \u202fPlus de 18&rsquo;200 collaborateurs recherchent, d\u00e9veloppent et produisent des innovations m\u00e9dicales sur les sites allemands de Mannheim, Penzberg, Grenzach-Wyhlen et Ludwigsburg et les mettent \u00e0 la disposition des patients.<\/p>\n\n\n\n<p><strong>Commentaires sur le partenariat<\/strong><\/p>\n\n\n\n<p>Judith H\u00e4berli, cofondatrice d&rsquo;Urban Connect: <em>\u00ab Nous sommes heureux de renforcer notre pr\u00e9sence en Allemagne et d&rsquo;\u00e9largir notre client\u00e8le gr\u00e2ce \u00e0 notre collaboration avec Roche \u00e0 Mannheim et \u00e0 Penzberg. En collaboration avec des employeurs innovants et courageux comme Roche, nous cr\u00e9ons une offre qui, gr\u00e2ce \u00e0 des incitations positives, conduit \u00e0 un changement de mentalit\u00e9 et permet aux collaborateurs de recourir \u00e0 des options de mobilit\u00e9 plus durables \u00bb. <\/em><\/p>\n\n\n\n<p>Markus Fairer, Head of Mobility Management chez Roche Diagnostics GmbH \u00e0 Mannheim: <em>\u00ab Suite aux exp\u00e9riences et aux r\u00e9sultats positifs obtenus en Suisse, nous mettons d\u00e9sormais en \u0153uvre les solutions d&rsquo;Urban Connect pour nos collaborateurs de Mannheim et de Penzberg. La collaboration avec Urban Connect nous permet d&rsquo;atteindre nos objectifs en mati\u00e8re de mobilit\u00e9 des collaborateurs et de r\u00e9duction des \u00e9missions de la flotte. C&rsquo;est un pas de plus vers la r\u00e9alisation de nos objectifs ambitieux en mati\u00e8re de d\u00e9veloppement durable \u00bb. <\/em><\/p>\n\n\n\n<p>Change Mobility &#8211; Change the World<\/p>\n\n\n    <section class=\"related-posts\">\n        <div class=\"container\">\n            <h4 class=\"block-title\"><\/h4>\n        <\/div>\n        <div class=\"container posts-wrap\">\n            <div class=\"swiper swiper-related-posts\">\n                <div class=\"swiper-wrapper\">\n                                            <div class=\"swiper-slide\">\n                            <div class=\"card-horizontal\">\n    <div class=\"left-side\">\n                    <a href=\"https:\/\/urban-connect.com\/fr\/news\/spotlight-sur-les-etudes-de-cas-partenariat-entre-lonza-visp-et-urban-connect-pour-la-mobilite-durable\/\">\n                <img decoding=\"async\" \n                    class=\"image lazyload\" data-src=\"https:\/\/urban-connect.com\/wp-content\/uploads\/2026\/02\/HELSANA-x-UC-banner-768x511.png\"\n                    data-srcset=\"https:\/\/urban-connect.com\/wp-content\/uploads\/2026\/02\/HELSANA-x-UC-banner-768x511.png 768w, https:\/\/urban-connect.com\/wp-content\/uploads\/2026\/02\/HELSANA-x-UC-banner-300x199.png 300w, https:\/\/urban-connect.com\/wp-content\/uploads\/2026\/02\/HELSANA-x-UC-banner-1024x681.png 1024w, https:\/\/urban-connect.com\/wp-content\/uploads\/2026\/02\/HELSANA-x-UC-banner-1536x1021.png 1536w, https:\/\/urban-connect.com\/wp-content\/uploads\/2026\/02\/HELSANA-x-UC-banner.png 1590w\"\n                    data-sizes=\"(max-width: 768px) 100vw, 768px\"\n                    alt=\"Spotlight sur les \u00e9tudes de cas: Helsana offre \u00e0 3'400+ employ\u00e9s un budget de mobilit\u00e9 Urban Connect, et ce sans aucun probl\u00e8me gr\u00e2ce \u00e0 SCIM.\"\n                 src=\"data:image\/gif;base64,R0lGODlhAQABAAAAACH5BAEKAAEALAAAAAABAAEAAAICTAEAOw==\" style=\"--smush-placeholder-width: 768px; --smush-placeholder-aspect-ratio: 768\/511;\"><noscript><img decoding=\"async\" \n                    class=\"image\" src=\"https:\/\/urban-connect.com\/wp-content\/uploads\/2026\/02\/HELSANA-x-UC-banner-768x511.png\"\n                    srcset=\"https:\/\/urban-connect.com\/wp-content\/uploads\/2026\/02\/HELSANA-x-UC-banner-768x511.png 768w, https:\/\/urban-connect.com\/wp-content\/uploads\/2026\/02\/HELSANA-x-UC-banner-300x199.png 300w, https:\/\/urban-connect.com\/wp-content\/uploads\/2026\/02\/HELSANA-x-UC-banner-1024x681.png 1024w, https:\/\/urban-connect.com\/wp-content\/uploads\/2026\/02\/HELSANA-x-UC-banner-1536x1021.png 1536w, https:\/\/urban-connect.com\/wp-content\/uploads\/2026\/02\/HELSANA-x-UC-banner.png 1590w\"\n                    sizes=\"(max-width: 768px) 100vw, 768px\"\n                    alt=\"Spotlight sur les \u00e9tudes de cas: Helsana offre \u00e0 3'400+ employ\u00e9s un budget de mobilit\u00e9 Urban Connect, et ce sans aucun probl\u00e8me gr\u00e2ce \u00e0 SCIM.\"\n                ><\/noscript>\n            <\/a>\n                <\/div>\n    <div class=\"right-side\">\n                    <a href=\"https:\/\/urban-connect.com\/fr\/news\/spotlight-sur-les-etudes-de-cas-partenariat-entre-lonza-visp-et-urban-connect-pour-la-mobilite-durable\/\">\n                <h6 class=\"title\">Spotlight sur les \u00e9tudes de cas: Helsana offre \u00e0 3&rsquo;400+ employ\u00e9s un budget de mobilit\u00e9 Urban Connect, et ce sans aucun probl\u00e8me gr\u00e2ce \u00e0 SCIM.<\/h6>\n            <\/a>\n                        <span class=\"date\">f\u00e9vrier 05, 2026 <\/span>\n            \n\t        <\/div>\n<\/div>                        <\/div>\n                                                <div class=\"swiper-slide\">\n                            <div class=\"card-horizontal\">\n    <div class=\"left-side\">\n                    <a href=\"https:\/\/urban-connect.com\/fr\/news\/spotlight-sur-les-etudes-de-cas-la-revolution-des-navetteurs-chez-hilti\/\">\n                <img decoding=\"async\" \n                    class=\"image lazyload\" data-src=\"https:\/\/urban-connect.com\/wp-content\/uploads\/2024\/07\/Hilti_LinkedIn-copy-768x576.jpeg\"\n                    data-srcset=\"https:\/\/urban-connect.com\/wp-content\/uploads\/2024\/07\/Hilti_LinkedIn-copy-768x576.jpeg 768w, https:\/\/urban-connect.com\/wp-content\/uploads\/2024\/07\/Hilti_LinkedIn-copy-300x225.jpeg 300w, https:\/\/urban-connect.com\/wp-content\/uploads\/2024\/07\/Hilti_LinkedIn-copy-1024x768.jpeg 1024w, https:\/\/urban-connect.com\/wp-content\/uploads\/2024\/07\/Hilti_LinkedIn-copy-1536x1152.jpeg 1536w, https:\/\/urban-connect.com\/wp-content\/uploads\/2024\/07\/Hilti_LinkedIn-copy-1440x1080.jpeg 1440w, https:\/\/urban-connect.com\/wp-content\/uploads\/2024\/07\/Hilti_LinkedIn-copy.jpeg 2048w\"\n                    data-sizes=\"(max-width: 768px) 100vw, 768px\"\n                    alt=\"Spotlight sur les \u00e9tudes de cas: La r\u00e9volution des navetteurs chez Hilti\"\n                 src=\"data:image\/gif;base64,R0lGODlhAQABAAAAACH5BAEKAAEALAAAAAABAAEAAAICTAEAOw==\" style=\"--smush-placeholder-width: 768px; --smush-placeholder-aspect-ratio: 768\/576;\"><noscript><img decoding=\"async\" \n                    class=\"image\" src=\"https:\/\/urban-connect.com\/wp-content\/uploads\/2024\/07\/Hilti_LinkedIn-copy-768x576.jpeg\"\n                    srcset=\"https:\/\/urban-connect.com\/wp-content\/uploads\/2024\/07\/Hilti_LinkedIn-copy-768x576.jpeg 768w, https:\/\/urban-connect.com\/wp-content\/uploads\/2024\/07\/Hilti_LinkedIn-copy-300x225.jpeg 300w, https:\/\/urban-connect.com\/wp-content\/uploads\/2024\/07\/Hilti_LinkedIn-copy-1024x768.jpeg 1024w, https:\/\/urban-connect.com\/wp-content\/uploads\/2024\/07\/Hilti_LinkedIn-copy-1536x1152.jpeg 1536w, https:\/\/urban-connect.com\/wp-content\/uploads\/2024\/07\/Hilti_LinkedIn-copy-1440x1080.jpeg 1440w, https:\/\/urban-connect.com\/wp-content\/uploads\/2024\/07\/Hilti_LinkedIn-copy.jpeg 2048w\"\n                    sizes=\"(max-width: 768px) 100vw, 768px\"\n                    alt=\"Spotlight sur les \u00e9tudes de cas: La r\u00e9volution des navetteurs chez Hilti\"\n                ><\/noscript>\n            <\/a>\n                <\/div>\n    <div class=\"right-side\">\n                    <a href=\"https:\/\/urban-connect.com\/fr\/news\/spotlight-sur-les-etudes-de-cas-la-revolution-des-navetteurs-chez-hilti\/\">\n                <h6 class=\"title\">Spotlight sur les \u00e9tudes de cas: La r\u00e9volution des navetteurs chez Hilti<\/h6>\n            <\/a>\n                        <span class=\"date\">juillet 26, 2024 <\/span>\n            \n\t        <\/div>\n<\/div>                        <\/div>\n                                                <div class=\"swiper-slide\">\n                            <div class=\"card-horizontal\">\n    <div class=\"left-side\">\n                    <a href=\"https:\/\/urban-connect.com\/fr\/news\/les-fondateurs-durban-connect-judith-haberli-et-robert-ruttmann-remportent-le-prix-de-lentrepreneur-de-lannee-decerne-par-ey\/\">\n                <img decoding=\"async\" \n                    class=\"image lazyload\" data-src=\"https:\/\/urban-connect.com\/wp-content\/uploads\/2023\/10\/MicrosoftTeams-image-98-768x512.jpg\"\n                    data-srcset=\"https:\/\/urban-connect.com\/wp-content\/uploads\/2023\/10\/MicrosoftTeams-image-98-768x512.jpg 768w, https:\/\/urban-connect.com\/wp-content\/uploads\/2023\/10\/MicrosoftTeams-image-98-300x200.jpg 300w, https:\/\/urban-connect.com\/wp-content\/uploads\/2023\/10\/MicrosoftTeams-image-98-1024x683.jpg 1024w, https:\/\/urban-connect.com\/wp-content\/uploads\/2023\/10\/MicrosoftTeams-image-98-1536x1024.jpg 1536w, https:\/\/urban-connect.com\/wp-content\/uploads\/2023\/10\/MicrosoftTeams-image-98-1620x1080.jpg 1620w, https:\/\/urban-connect.com\/wp-content\/uploads\/2023\/10\/MicrosoftTeams-image-98.jpg 2047w\"\n                    data-sizes=\"(max-width: 768px) 100vw, 768px\"\n                    alt=\"Les fondateurs d'Urban Connect, Judith H\u00e4berli et Robert Ruttmann, remportent le prix de l'entrepreneur de l'ann\u00e9e d\u00e9cern\u00e9 par EY!\"\n                 src=\"data:image\/gif;base64,R0lGODlhAQABAAAAACH5BAEKAAEALAAAAAABAAEAAAICTAEAOw==\" style=\"--smush-placeholder-width: 768px; --smush-placeholder-aspect-ratio: 768\/512;\"><noscript><img decoding=\"async\" \n                    class=\"image\" src=\"https:\/\/urban-connect.com\/wp-content\/uploads\/2023\/10\/MicrosoftTeams-image-98-768x512.jpg\"\n                    srcset=\"https:\/\/urban-connect.com\/wp-content\/uploads\/2023\/10\/MicrosoftTeams-image-98-768x512.jpg 768w, https:\/\/urban-connect.com\/wp-content\/uploads\/2023\/10\/MicrosoftTeams-image-98-300x200.jpg 300w, https:\/\/urban-connect.com\/wp-content\/uploads\/2023\/10\/MicrosoftTeams-image-98-1024x683.jpg 1024w, https:\/\/urban-connect.com\/wp-content\/uploads\/2023\/10\/MicrosoftTeams-image-98-1536x1024.jpg 1536w, https:\/\/urban-connect.com\/wp-content\/uploads\/2023\/10\/MicrosoftTeams-image-98-1620x1080.jpg 1620w, https:\/\/urban-connect.com\/wp-content\/uploads\/2023\/10\/MicrosoftTeams-image-98.jpg 2047w\"\n                    sizes=\"(max-width: 768px) 100vw, 768px\"\n                    alt=\"Les fondateurs d'Urban Connect, Judith H\u00e4berli et Robert Ruttmann, remportent le prix de l'entrepreneur de l'ann\u00e9e d\u00e9cern\u00e9 par EY!\"\n                ><\/noscript>\n            <\/a>\n                <\/div>\n    <div class=\"right-side\">\n                    <a href=\"https:\/\/urban-connect.com\/fr\/news\/les-fondateurs-durban-connect-judith-haberli-et-robert-ruttmann-remportent-le-prix-de-lentrepreneur-de-lannee-decerne-par-ey\/\">\n                <h6 class=\"title\">Les fondateurs d&rsquo;Urban Connect, Judith H\u00e4berli et Robert Ruttmann, remportent le prix de l&rsquo;entrepreneur de l&rsquo;ann\u00e9e d\u00e9cern\u00e9 par EY!<\/h6>\n            <\/a>\n                        <span class=\"date\">octobre 30, 2023 <\/span>\n            \n\t        <\/div>\n<\/div>                        <\/div>\n                                        <\/div>\n                <div class=\"btn-slider \">\n    <div class=\"prev\">\n        <svg width=\"22\" height=\"12\" viewBox=\"0 0 22 12\" fill=\"none\" xmlns=\"http:\/\/www.w3.org\/2000\/svg\">\n            <path d=\"M5.094 4.476L7.74 1.83L6.03 0.102L0.432 5.7L6.03 11.298L7.74 9.57L5.076 6.906H21.42V4.476H5.094Z\" fill=\"white\"\/>\n        <\/svg>\n    <\/div>\n    <div class=\"next\">\n        <svg width=\"22\" height=\"12\" viewBox=\"0 0 22 12\" fill=\"none\" xmlns=\"http:\/\/www.w3.org\/2000\/svg\">\n            <path d=\"M14.292 1.83L16.938 4.476H0.612V6.906H16.956L14.292 9.57L16.002 11.298L21.6 5.7L16.002 0.102L14.292 1.83Z\" fill=\"white\"\/>\n        <\/svg>\n    <\/div>\n<\/div>            <\/div>\n        <\/div>\n    <\/section>\n    ","protected":false},"excerpt":{"rendered":"<p>Zurich, 13.08.2024: Urban Connect, le fournisseur de solutions de mobilit\u00e9 d&rsquo;entreprise en Suisse, s&rsquo;\u00e9tend en Allemagne et a le plaisir d&rsquo;annoncer sa collaboration avec Roche \u00e0 Mannheim et \u00e0 Penzberg. D\u00e8s \u00e0 pr\u00e9sent, les solutions de mobilit\u00e9 innovantes d&rsquo;Urban Connect seront disponibles en Allemagne afin d&rsquo;aider les entreprises \u00e0 transformer leurs strat\u00e9gies de mobilit\u00e9. \u00c0 [&hellip;]<\/p>\n","protected":false},"featured_media":6411,"parent":0,"template":"","news_category":[33],"class_list":["post-6402","news","type-news","status-publish","has-post-thumbnail","hentry","news_category-actualites"],"acf":[],"yoast_head":"<!-- This site is optimized with the Yoast SEO plugin v23.2 - https:\/\/yoast.com\/wordpress\/plugins\/seo\/ -->\n<title>Urban Connect en Allemagne : annonce d&#039;une collaboration avec Roche Mannheim et Penzberg - Urban Connect<\/title>\n<meta name=\"robots\" content=\"index, follow, max-snippet:-1, max-image-preview:large, max-video-preview:-1\" \/>\n<link rel=\"canonical\" href=\"https:\/\/urban-connect.com\/fr\/news\/urban-connect-en-allemagne-annonce-dune-collaboration-avec-roche-mannheim-et-penzberg\/\" \/>\n<meta property=\"og:locale\" content=\"fr_FR\" \/>\n<meta property=\"og:type\" content=\"article\" \/>\n<meta property=\"og:title\" content=\"Urban Connect en Allemagne : annonce d&#039;une collaboration avec Roche Mannheim et Penzberg - Urban Connect\" \/>\n<meta property=\"og:description\" content=\"Zurich, 13.08.2024: Urban Connect, le fournisseur de solutions de mobilit\u00e9 d&rsquo;entreprise en Suisse, s&rsquo;\u00e9tend en Allemagne et a le plaisir d&rsquo;annoncer sa collaboration avec Roche \u00e0 Mannheim et \u00e0 Penzberg. D\u00e8s \u00e0 pr\u00e9sent, les solutions de mobilit\u00e9 innovantes d&rsquo;Urban Connect seront disponibles en Allemagne afin d&rsquo;aider les entreprises \u00e0 transformer leurs strat\u00e9gies de mobilit\u00e9. \u00c0 [&hellip;]\" \/>\n<meta property=\"og:url\" content=\"https:\/\/urban-connect.com\/fr\/news\/urban-connect-en-allemagne-annonce-dune-collaboration-avec-roche-mannheim-et-penzberg\/\" \/>\n<meta property=\"og:site_name\" content=\"Urban Connect\" \/>\n<meta property=\"article:modified_time\" content=\"2024-08-27T15:28:18+00:00\" \/>\n<meta property=\"og:image\" content=\"https:\/\/urban-connect.com\/wp-content\/uploads\/2024\/08\/Roche_Polestar_news.jpg\" \/>\n\t<meta property=\"og:image:width\" content=\"1438\" \/>\n\t<meta property=\"og:image:height\" content=\"1248\" \/>\n\t<meta property=\"og:image:type\" content=\"image\/jpeg\" \/>\n<meta name=\"twitter:card\" content=\"summary_large_image\" \/>\n<meta name=\"twitter:label1\" content=\"Dur\u00e9e de lecture estim\u00e9e\" \/>\n\t<meta name=\"twitter:data1\" content=\"3 minutes\" \/>\n<script type=\"application\/ld+json\" class=\"yoast-schema-graph\">{\"@context\":\"https:\/\/schema.org\",\"@graph\":[{\"@type\":\"WebPage\",\"@id\":\"https:\/\/urban-connect.com\/fr\/news\/urban-connect-en-allemagne-annonce-dune-collaboration-avec-roche-mannheim-et-penzberg\/\",\"url\":\"https:\/\/urban-connect.com\/fr\/news\/urban-connect-en-allemagne-annonce-dune-collaboration-avec-roche-mannheim-et-penzberg\/\",\"name\":\"Urban Connect en Allemagne : annonce d'une collaboration avec Roche Mannheim et Penzberg - Urban Connect\",\"isPartOf\":{\"@id\":\"https:\/\/urban-connect.com\/fr\/#website\"},\"primaryImageOfPage\":{\"@id\":\"https:\/\/urban-connect.com\/fr\/news\/urban-connect-en-allemagne-annonce-dune-collaboration-avec-roche-mannheim-et-penzberg\/#primaryimage\"},\"image\":{\"@id\":\"https:\/\/urban-connect.com\/fr\/news\/urban-connect-en-allemagne-annonce-dune-collaboration-avec-roche-mannheim-et-penzberg\/#primaryimage\"},\"thumbnailUrl\":\"https:\/\/urban-connect.com\/wp-content\/uploads\/2024\/08\/Roche_Germany.jpg\",\"datePublished\":\"2024-08-22T09:58:47+00:00\",\"dateModified\":\"2024-08-27T15:28:18+00:00\",\"breadcrumb\":{\"@id\":\"https:\/\/urban-connect.com\/fr\/news\/urban-connect-en-allemagne-annonce-dune-collaboration-avec-roche-mannheim-et-penzberg\/#breadcrumb\"},\"inLanguage\":\"fr-FR\",\"potentialAction\":[{\"@type\":\"ReadAction\",\"target\":[\"https:\/\/urban-connect.com\/fr\/news\/urban-connect-en-allemagne-annonce-dune-collaboration-avec-roche-mannheim-et-penzberg\/\"]}]},{\"@type\":\"ImageObject\",\"inLanguage\":\"fr-FR\",\"@id\":\"https:\/\/urban-connect.com\/fr\/news\/urban-connect-en-allemagne-annonce-dune-collaboration-avec-roche-mannheim-et-penzberg\/#primaryimage\",\"url\":\"https:\/\/urban-connect.com\/wp-content\/uploads\/2024\/08\/Roche_Germany.jpg\",\"contentUrl\":\"https:\/\/urban-connect.com\/wp-content\/uploads\/2024\/08\/Roche_Germany.jpg\",\"width\":1438,\"height\":1248,\"caption\":\"Roche_Germany\"},{\"@type\":\"BreadcrumbList\",\"@id\":\"https:\/\/urban-connect.com\/fr\/news\/urban-connect-en-allemagne-annonce-dune-collaboration-avec-roche-mannheim-et-penzberg\/#breadcrumb\",\"itemListElement\":[{\"@type\":\"ListItem\",\"position\":1,\"name\":\"Home\",\"item\":\"https:\/\/urban-connect.com\/fr\/\"},{\"@type\":\"ListItem\",\"position\":2,\"name\":\"Urban Connect en Allemagne : annonce d&#8217;une collaboration avec Roche Mannheim et Penzberg\"}]},{\"@type\":\"WebSite\",\"@id\":\"https:\/\/urban-connect.com\/fr\/#website\",\"url\":\"https:\/\/urban-connect.com\/fr\/\",\"name\":\"Urban Connect\",\"description\":\"\",\"potentialAction\":[{\"@type\":\"SearchAction\",\"target\":{\"@type\":\"EntryPoint\",\"urlTemplate\":\"https:\/\/urban-connect.com\/fr\/?s={search_term_string}\"},\"query-input\":\"required name=search_term_string\"}],\"inLanguage\":\"fr-FR\"}]}<\/script>\n<!-- \/ Yoast SEO plugin. -->","yoast_head_json":{"title":"Urban Connect en Allemagne : annonce d'une collaboration avec Roche Mannheim et Penzberg - Urban Connect","robots":{"index":"index","follow":"follow","max-snippet":"max-snippet:-1","max-image-preview":"max-image-preview:large","max-video-preview":"max-video-preview:-1"},"canonical":"https:\/\/urban-connect.com\/fr\/news\/urban-connect-en-allemagne-annonce-dune-collaboration-avec-roche-mannheim-et-penzberg\/","og_locale":"fr_FR","og_type":"article","og_title":"Urban Connect en Allemagne : annonce d'une collaboration avec Roche Mannheim et Penzberg - Urban Connect","og_description":"Zurich, 13.08.2024: Urban Connect, le fournisseur de solutions de mobilit\u00e9 d&rsquo;entreprise en Suisse, s&rsquo;\u00e9tend en Allemagne et a le plaisir d&rsquo;annoncer sa collaboration avec Roche \u00e0 Mannheim et \u00e0 Penzberg. D\u00e8s \u00e0 pr\u00e9sent, les solutions de mobilit\u00e9 innovantes d&rsquo;Urban Connect seront disponibles en Allemagne afin d&rsquo;aider les entreprises \u00e0 transformer leurs strat\u00e9gies de mobilit\u00e9. \u00c0 [&hellip;]","og_url":"https:\/\/urban-connect.com\/fr\/news\/urban-connect-en-allemagne-annonce-dune-collaboration-avec-roche-mannheim-et-penzberg\/","og_site_name":"Urban Connect","article_modified_time":"2024-08-27T15:28:18+00:00","og_image":[{"width":1438,"height":1248,"url":"https:\/\/urban-connect.com\/wp-content\/uploads\/2024\/08\/Roche_Polestar_news.jpg","type":"image\/jpeg"}],"twitter_card":"summary_large_image","twitter_misc":{"Dur\u00e9e de lecture estim\u00e9e":"3 minutes"},"schema":{"@context":"https:\/\/schema.org","@graph":[{"@type":"WebPage","@id":"https:\/\/urban-connect.com\/fr\/news\/urban-connect-en-allemagne-annonce-dune-collaboration-avec-roche-mannheim-et-penzberg\/","url":"https:\/\/urban-connect.com\/fr\/news\/urban-connect-en-allemagne-annonce-dune-collaboration-avec-roche-mannheim-et-penzberg\/","name":"Urban Connect en Allemagne : annonce d'une collaboration avec Roche Mannheim et Penzberg - Urban Connect","isPartOf":{"@id":"https:\/\/urban-connect.com\/fr\/#website"},"primaryImageOfPage":{"@id":"https:\/\/urban-connect.com\/fr\/news\/urban-connect-en-allemagne-annonce-dune-collaboration-avec-roche-mannheim-et-penzberg\/#primaryimage"},"image":{"@id":"https:\/\/urban-connect.com\/fr\/news\/urban-connect-en-allemagne-annonce-dune-collaboration-avec-roche-mannheim-et-penzberg\/#primaryimage"},"thumbnailUrl":"https:\/\/urban-connect.com\/wp-content\/uploads\/2024\/08\/Roche_Germany.jpg","datePublished":"2024-08-22T09:58:47+00:00","dateModified":"2024-08-27T15:28:18+00:00","breadcrumb":{"@id":"https:\/\/urban-connect.com\/fr\/news\/urban-connect-en-allemagne-annonce-dune-collaboration-avec-roche-mannheim-et-penzberg\/#breadcrumb"},"inLanguage":"fr-FR","potentialAction":[{"@type":"ReadAction","target":["https:\/\/urban-connect.com\/fr\/news\/urban-connect-en-allemagne-annonce-dune-collaboration-avec-roche-mannheim-et-penzberg\/"]}]},{"@type":"ImageObject","inLanguage":"fr-FR","@id":"https:\/\/urban-connect.com\/fr\/news\/urban-connect-en-allemagne-annonce-dune-collaboration-avec-roche-mannheim-et-penzberg\/#primaryimage","url":"https:\/\/urban-connect.com\/wp-content\/uploads\/2024\/08\/Roche_Germany.jpg","contentUrl":"https:\/\/urban-connect.com\/wp-content\/uploads\/2024\/08\/Roche_Germany.jpg","width":1438,"height":1248,"caption":"Roche_Germany"},{"@type":"BreadcrumbList","@id":"https:\/\/urban-connect.com\/fr\/news\/urban-connect-en-allemagne-annonce-dune-collaboration-avec-roche-mannheim-et-penzberg\/#breadcrumb","itemListElement":[{"@type":"ListItem","position":1,"name":"Home","item":"https:\/\/urban-connect.com\/fr\/"},{"@type":"ListItem","position":2,"name":"Urban Connect en Allemagne : annonce d&#8217;une collaboration avec Roche Mannheim et Penzberg"}]},{"@type":"WebSite","@id":"https:\/\/urban-connect.com\/fr\/#website","url":"https:\/\/urban-connect.com\/fr\/","name":"Urban Connect","description":"","potentialAction":[{"@type":"SearchAction","target":{"@type":"EntryPoint","urlTemplate":"https:\/\/urban-connect.com\/fr\/?s={search_term_string}"},"query-input":"required name=search_term_string"}],"inLanguage":"fr-FR"}]}},"_links":{"self":[{"href":"https:\/\/urban-connect.com\/fr\/wp-json\/wp\/v2\/news\/6402","targetHints":{"allow":["GET"]}}],"collection":[{"href":"https:\/\/urban-connect.com\/fr\/wp-json\/wp\/v2\/news"}],"about":[{"href":"https:\/\/urban-connect.com\/fr\/wp-json\/wp\/v2\/types\/news"}],"wp:featuredmedia":[{"embeddable":true,"href":"https:\/\/urban-connect.com\/fr\/wp-json\/wp\/v2\/media\/6411"}],"wp:attachment":[{"href":"https:\/\/urban-connect.com\/fr\/wp-json\/wp\/v2\/media?parent=6402"}],"wp:term":[{"taxonomy":"news_category","embeddable":true,"href":"https:\/\/urban-connect.com\/fr\/wp-json\/wp\/v2\/news_category?post=6402"}],"curies":[{"name":"wp","href":"https:\/\/api.w.org\/{rel}","templated":true}]}}