{"id":6300,"date":"2024-06-06T13:41:00","date_gmt":"2024-06-06T13:41:00","guid":{"rendered":"https:\/\/urban-connect.com\/?post_type=news&#038;p=6300"},"modified":"2024-12-02T09:25:06","modified_gmt":"2024-12-02T09:25:06","slug":"velos-electriques-partages-en-entreprise-dans-les-zones-rurales","status":"publish","type":"news","link":"https:\/\/urban-connect.com\/fr\/news\/velos-electriques-partages-en-entreprise-dans-les-zones-rurales\/","title":{"rendered":"Lunch&amp;Learn &#8211; V\u00e9los \u00e9lectriques partag\u00e9s en entreprise dans les zones rurales"},"content":{"rendered":"\n<p><strong>Voici un bref aper\u00e7u du webinaire<\/strong><\/p>\n\n\n\n<figure class=\"wp-block-embed is-type-video is-provider-youtube wp-block-embed-youtube wp-embed-aspect-16-9 wp-has-aspect-ratio\"><div class=\"wp-block-embed__wrapper\">\n<iframe loading=\"lazy\" title=\"Daniel Oehry - Hilti - Lunch&amp;Learn Teaser\" width=\"500\" height=\"281\" data-src=\"https:\/\/www.youtube.com\/embed\/KFGIXVYoCYI?feature=oembed\" frameborder=\"0\" allow=\"accelerometer; autoplay; clipboard-write; encrypted-media; gyroscope; picture-in-picture; web-share\" referrerpolicy=\"strict-origin-when-cross-origin\" allowfullscreen src=\"data:image\/gif;base64,R0lGODlhAQABAAAAACH5BAEKAAEALAAAAAABAAEAAAICTAEAOw==\" class=\"lazyload\" data-load-mode=\"1\"><\/iframe>\n<\/div><\/figure>\n\n\n\n<p><\/p>\n\n\n\n<p><strong>Vous voulez regarder le webinaire dans son int\u00e9gralit\u00e9 ?<\/strong>\u00a0Remplissez le formulaire ci-dessous et nous vous enverrons le lien complet du webinaire directement dans votre bo\u00eete mail.<\/p>\n\n\n\n<script charset=\"utf-8\" type=\"text\/javascript\" src=\"\/\/js.hsforms.net\/forms\/embed\/v2.js\"><\/script>\n<script>\n  hbspt.forms.create({\n    portalId: \"4873065\",\n    formId: \"819a7b42-8960-40e4-8fdf-58c6b8326e93\"\n  });\n<\/script>\n\n\n\n<p>Hilti Liechtenstein a relev\u00e9 le d\u00e9fi d&rsquo;am\u00e9liorer la mobilit\u00e9 de ses employ\u00e9s dans la r\u00e9gion rurale et de relier efficacement leurs diff\u00e9rents sites. En introduisant un programme de partage de v\u00e9los \u00e9lectriques d&rsquo;entreprise en collaboration avec Urban Connect, Hilti a pu r\u00e9soudre le probl\u00e8me du \u00ab\u00a0dernier kilom\u00e8tre\u00a0\u00bb tout en augmentant la satisfaction de ses employ\u00e9s. Daniel Oehry, Chef de Project HR \u00a0chez Hilti et membre du Parlement du Liechtenstein, nous fait part de son exp\u00e9rience et nous donne de pr\u00e9cieux conseils pour r\u00e9ussir la mise en place d&rsquo;une flotte de v\u00e9los \u00e9lectriques.\u00a0<br><br>Principales conclusions du webinaire:<\/p>\n\n\n\n<ul class=\"wp-block-list\">\n<li><strong>Changement dans les habitudes de d\u00e9placement des employ\u00e9s :<\/strong> L&rsquo;enqu\u00eate a montr\u00e9 que de nombreux employ\u00e9s de Hilti sont pass\u00e9s de la voiture au v\u00e9lo \u00e9lectrique pour les trajets domicile-travail et les trajets plus courts, ce qui favorise les d\u00e9placements respectueux de l&rsquo;environnement.<\/li>\n<\/ul>\n\n\n\n<ul class=\"wp-block-list\">\n<li><strong>Les d\u00e9fis et les solutions de Hilti Liechtenstein en mati\u00e8re de mobilit\u00e9 :<\/strong> Daniel Oehry a parl\u00e9 de la mise en place par Hilti de 40 v\u00e9los \u00e9lectriques sur quatre sites. Il a expliqu\u00e9 comment les v\u00e9los \u00e9lectriques ont am\u00e9lior\u00e9 la mobilit\u00e9 interne et r\u00e9duit les embouteillages r\u00e9gionaux.<\/li>\n<\/ul>\n\n\n\n<ul class=\"wp-block-list\">\n<li><strong>Importance des donn\u00e9es en temps r\u00e9el :<\/strong> Les donn\u00e9es en temps r\u00e9el sur le parc de v\u00e9los \u00e9lectriques permettent aux gestionnaires de parc d&rsquo;analyser les sch\u00e9mas d&rsquo;utilisation et d&rsquo;optimiser les offres de mobilit\u00e9 de mani\u00e8re efficace.<\/li>\n<\/ul>\n\n\n\n<p><\/p>\n\n\n\n<p>Change Mobility &#8211; Change the World<\/p>\n\n\n    <section class=\"related-posts\">\n        <div class=\"container\">\n            <h4 class=\"block-title\"><\/h4>\n        <\/div>\n        <div class=\"container posts-wrap\">\n            <div class=\"swiper swiper-related-posts\">\n                <div class=\"swiper-wrapper\">\n                                            <div class=\"swiper-slide\">\n                            <div class=\"card-horizontal\">\n    <div class=\"left-side\">\n                    <a href=\"https:\/\/urban-connect.com\/fr\/news\/wheels-wine-2026-une-edition-marquante-qui-faconne-lavenir-de-la-mobilite-dentreprise\/\">\n                <img decoding=\"async\" \n                    class=\"image lazyload\" data-src=\"https:\/\/urban-connect.com\/wp-content\/uploads\/2026\/03\/F06A4076-768x512.jpg\"\n                    data-srcset=\"https:\/\/urban-connect.com\/wp-content\/uploads\/2026\/03\/F06A4076-768x512.jpg 768w, https:\/\/urban-connect.com\/wp-content\/uploads\/2026\/03\/F06A4076-300x200.jpg 300w, https:\/\/urban-connect.com\/wp-content\/uploads\/2026\/03\/F06A4076-1024x683.jpg 1024w, https:\/\/urban-connect.com\/wp-content\/uploads\/2026\/03\/F06A4076-1536x1024.jpg 1536w, https:\/\/urban-connect.com\/wp-content\/uploads\/2026\/03\/F06A4076-2048x1365.jpg 2048w, https:\/\/urban-connect.com\/wp-content\/uploads\/2026\/03\/F06A4076-1620x1080.jpg 1620w\"\n                    data-sizes=\"(max-width: 768px) 100vw, 768px\"\n                    alt=\"Wheels &amp; Wine 2026 \u2013 Une \u00e9dition marquante qui fa\u00e7onne l'avenir de la mobilit\u00e9 d'entreprise\"\n                 src=\"data:image\/gif;base64,R0lGODlhAQABAAAAACH5BAEKAAEALAAAAAABAAEAAAICTAEAOw==\" style=\"--smush-placeholder-width: 768px; --smush-placeholder-aspect-ratio: 768\/512;\"><noscript><img decoding=\"async\" \n                    class=\"image\" src=\"https:\/\/urban-connect.com\/wp-content\/uploads\/2026\/03\/F06A4076-768x512.jpg\"\n                    srcset=\"https:\/\/urban-connect.com\/wp-content\/uploads\/2026\/03\/F06A4076-768x512.jpg 768w, https:\/\/urban-connect.com\/wp-content\/uploads\/2026\/03\/F06A4076-300x200.jpg 300w, https:\/\/urban-connect.com\/wp-content\/uploads\/2026\/03\/F06A4076-1024x683.jpg 1024w, https:\/\/urban-connect.com\/wp-content\/uploads\/2026\/03\/F06A4076-1536x1024.jpg 1536w, https:\/\/urban-connect.com\/wp-content\/uploads\/2026\/03\/F06A4076-2048x1365.jpg 2048w, https:\/\/urban-connect.com\/wp-content\/uploads\/2026\/03\/F06A4076-1620x1080.jpg 1620w\"\n                    sizes=\"(max-width: 768px) 100vw, 768px\"\n                    alt=\"Wheels &amp; Wine 2026 \u2013 Une \u00e9dition marquante qui fa\u00e7onne l'avenir de la mobilit\u00e9 d'entreprise\"\n                ><\/noscript>\n            <\/a>\n                <\/div>\n    <div class=\"right-side\">\n                    <a href=\"https:\/\/urban-connect.com\/fr\/news\/wheels-wine-2026-une-edition-marquante-qui-faconne-lavenir-de-la-mobilite-dentreprise\/\">\n                <h6 class=\"title\">Wheels &amp; Wine 2026 \u2013 Une \u00e9dition marquante qui fa\u00e7onne l&rsquo;avenir de la mobilit\u00e9 d&rsquo;entreprise<\/h6>\n            <\/a>\n                        <span class=\"date\">mars 24, 2026 <\/span>\n            \n\t        <\/div>\n<\/div>                        <\/div>\n                                                <div class=\"swiper-slide\">\n                            <div class=\"card-horizontal\">\n    <div class=\"left-side\">\n                    <a href=\"https:\/\/urban-connect.com\/fr\/news\/que-se-passera-t-il-lorsque-la-recharge-des-vehicules-electriques-fonctionnera-enfin\/\">\n                <img decoding=\"async\" \n                    class=\"image lazyload\" data-src=\"https:\/\/urban-connect.com\/wp-content\/uploads\/2026\/03\/Zaptec-cover-3-1-768x453.png\"\n                    data-srcset=\"https:\/\/urban-connect.com\/wp-content\/uploads\/2026\/03\/Zaptec-cover-3-1-768x453.png 768w, https:\/\/urban-connect.com\/wp-content\/uploads\/2026\/03\/Zaptec-cover-3-1-300x177.png 300w, https:\/\/urban-connect.com\/wp-content\/uploads\/2026\/03\/Zaptec-cover-3-1-1024x604.png 1024w, https:\/\/urban-connect.com\/wp-content\/uploads\/2026\/03\/Zaptec-cover-3-1-1536x906.png 1536w, https:\/\/urban-connect.com\/wp-content\/uploads\/2026\/03\/Zaptec-cover-3-1-2048x1208.png 2048w, https:\/\/urban-connect.com\/wp-content\/uploads\/2026\/03\/Zaptec-cover-3-1-1831x1080.png 1831w\"\n                    data-sizes=\"(max-width: 768px) 100vw, 768px\"\n                    alt=\"Que se passera-t-il lorsque la recharge des v\u00e9hicules \u00e9lectriques fonctionnera enfin?\"\n                 src=\"data:image\/gif;base64,R0lGODlhAQABAAAAACH5BAEKAAEALAAAAAABAAEAAAICTAEAOw==\" style=\"--smush-placeholder-width: 768px; --smush-placeholder-aspect-ratio: 768\/453;\"><noscript><img decoding=\"async\" \n                    class=\"image\" src=\"https:\/\/urban-connect.com\/wp-content\/uploads\/2026\/03\/Zaptec-cover-3-1-768x453.png\"\n                    srcset=\"https:\/\/urban-connect.com\/wp-content\/uploads\/2026\/03\/Zaptec-cover-3-1-768x453.png 768w, https:\/\/urban-connect.com\/wp-content\/uploads\/2026\/03\/Zaptec-cover-3-1-300x177.png 300w, https:\/\/urban-connect.com\/wp-content\/uploads\/2026\/03\/Zaptec-cover-3-1-1024x604.png 1024w, https:\/\/urban-connect.com\/wp-content\/uploads\/2026\/03\/Zaptec-cover-3-1-1536x906.png 1536w, https:\/\/urban-connect.com\/wp-content\/uploads\/2026\/03\/Zaptec-cover-3-1-2048x1208.png 2048w, https:\/\/urban-connect.com\/wp-content\/uploads\/2026\/03\/Zaptec-cover-3-1-1831x1080.png 1831w\"\n                    sizes=\"(max-width: 768px) 100vw, 768px\"\n                    alt=\"Que se passera-t-il lorsque la recharge des v\u00e9hicules \u00e9lectriques fonctionnera enfin?\"\n                ><\/noscript>\n            <\/a>\n                <\/div>\n    <div class=\"right-side\">\n                    <a href=\"https:\/\/urban-connect.com\/fr\/news\/que-se-passera-t-il-lorsque-la-recharge-des-vehicules-electriques-fonctionnera-enfin\/\">\n                <h6 class=\"title\">Que se passera-t-il lorsque la recharge des v\u00e9hicules \u00e9lectriques fonctionnera enfin?<\/h6>\n            <\/a>\n                        <span class=\"date\">mars 17, 2026 <\/span>\n            \n\t        <\/div>\n<\/div>                        <\/div>\n                                                <div class=\"swiper-slide\">\n                            <div class=\"card-horizontal\">\n    <div class=\"left-side\">\n                    <a href=\"https:\/\/urban-connect.com\/fr\/news\/spotlight-sur-les-etudes-de-cas-partenariat-entre-lonza-visp-et-urban-connect-pour-la-mobilite-durable\/\">\n                <img decoding=\"async\" \n                    class=\"image lazyload\" data-src=\"https:\/\/urban-connect.com\/wp-content\/uploads\/2026\/02\/HELSANA-x-UC-banner-768x511.png\"\n                    data-srcset=\"https:\/\/urban-connect.com\/wp-content\/uploads\/2026\/02\/HELSANA-x-UC-banner-768x511.png 768w, https:\/\/urban-connect.com\/wp-content\/uploads\/2026\/02\/HELSANA-x-UC-banner-300x199.png 300w, https:\/\/urban-connect.com\/wp-content\/uploads\/2026\/02\/HELSANA-x-UC-banner-1024x681.png 1024w, https:\/\/urban-connect.com\/wp-content\/uploads\/2026\/02\/HELSANA-x-UC-banner-1536x1021.png 1536w, https:\/\/urban-connect.com\/wp-content\/uploads\/2026\/02\/HELSANA-x-UC-banner.png 1590w\"\n                    data-sizes=\"(max-width: 768px) 100vw, 768px\"\n                    alt=\"Spotlight sur les \u00e9tudes de cas: Helsana offre \u00e0 3'400+ employ\u00e9s un budget de mobilit\u00e9 Urban Connect, et ce sans aucun probl\u00e8me gr\u00e2ce \u00e0 SCIM.\"\n                 src=\"data:image\/gif;base64,R0lGODlhAQABAAAAACH5BAEKAAEALAAAAAABAAEAAAICTAEAOw==\" style=\"--smush-placeholder-width: 768px; --smush-placeholder-aspect-ratio: 768\/511;\"><noscript><img decoding=\"async\" \n                    class=\"image\" src=\"https:\/\/urban-connect.com\/wp-content\/uploads\/2026\/02\/HELSANA-x-UC-banner-768x511.png\"\n                    srcset=\"https:\/\/urban-connect.com\/wp-content\/uploads\/2026\/02\/HELSANA-x-UC-banner-768x511.png 768w, https:\/\/urban-connect.com\/wp-content\/uploads\/2026\/02\/HELSANA-x-UC-banner-300x199.png 300w, https:\/\/urban-connect.com\/wp-content\/uploads\/2026\/02\/HELSANA-x-UC-banner-1024x681.png 1024w, https:\/\/urban-connect.com\/wp-content\/uploads\/2026\/02\/HELSANA-x-UC-banner-1536x1021.png 1536w, https:\/\/urban-connect.com\/wp-content\/uploads\/2026\/02\/HELSANA-x-UC-banner.png 1590w\"\n                    sizes=\"(max-width: 768px) 100vw, 768px\"\n                    alt=\"Spotlight sur les \u00e9tudes de cas: Helsana offre \u00e0 3'400+ employ\u00e9s un budget de mobilit\u00e9 Urban Connect, et ce sans aucun probl\u00e8me gr\u00e2ce \u00e0 SCIM.\"\n                ><\/noscript>\n            <\/a>\n                <\/div>\n    <div class=\"right-side\">\n                    <a href=\"https:\/\/urban-connect.com\/fr\/news\/spotlight-sur-les-etudes-de-cas-partenariat-entre-lonza-visp-et-urban-connect-pour-la-mobilite-durable\/\">\n                <h6 class=\"title\">Spotlight sur les \u00e9tudes de cas: Helsana offre \u00e0 3&rsquo;400+ employ\u00e9s un budget de mobilit\u00e9 Urban Connect, et ce sans aucun probl\u00e8me gr\u00e2ce \u00e0 SCIM.<\/h6>\n            <\/a>\n                        <span class=\"date\">f\u00e9vrier 05, 2026 <\/span>\n            \n\t        <\/div>\n<\/div>                        <\/div>\n                                        <\/div>\n                <div class=\"btn-slider \">\n    <div class=\"prev\">\n        <svg width=\"22\" height=\"12\" viewBox=\"0 0 22 12\" fill=\"none\" xmlns=\"http:\/\/www.w3.org\/2000\/svg\">\n            <path d=\"M5.094 4.476L7.74 1.83L6.03 0.102L0.432 5.7L6.03 11.298L7.74 9.57L5.076 6.906H21.42V4.476H5.094Z\" fill=\"white\"\/>\n        <\/svg>\n    <\/div>\n    <div class=\"next\">\n        <svg width=\"22\" height=\"12\" viewBox=\"0 0 22 12\" fill=\"none\" xmlns=\"http:\/\/www.w3.org\/2000\/svg\">\n            <path d=\"M14.292 1.83L16.938 4.476H0.612V6.906H16.956L14.292 9.57L16.002 11.298L21.6 5.7L16.002 0.102L14.292 1.83Z\" fill=\"white\"\/>\n        <\/svg>\n    <\/div>\n<\/div>            <\/div>\n        <\/div>\n    <\/section>\n    ","protected":false},"excerpt":{"rendered":"<p>Voici un bref aper\u00e7u du webinaire Vous voulez regarder le webinaire dans son int\u00e9gralit\u00e9 ?\u00a0Remplissez le formulaire ci-dessous et nous vous enverrons le lien complet du webinaire directement dans votre bo\u00eete mail. Hilti Liechtenstein a relev\u00e9 le d\u00e9fi d&rsquo;am\u00e9liorer la mobilit\u00e9 de ses employ\u00e9s dans la r\u00e9gion rurale et de relier efficacement leurs diff\u00e9rents sites. [&hellip;]<\/p>\n","protected":false},"featured_media":6704,"parent":0,"template":"","news_category":[42],"class_list":["post-6300","news","type-news","status-publish","has-post-thumbnail","hentry","news_category-webinars-fr"],"acf":[],"yoast_head":"<!-- This site is optimized with the Yoast SEO plugin v23.2 - https:\/\/yoast.com\/wordpress\/plugins\/seo\/ -->\n<title>Lunch&amp;Learn - V\u00e9los \u00e9lectriques partag\u00e9s en entreprise dans les zones rurales - Urban Connect<\/title>\n<meta name=\"robots\" content=\"index, follow, max-snippet:-1, max-image-preview:large, max-video-preview:-1\" \/>\n<link rel=\"canonical\" href=\"https:\/\/urban-connect.com\/fr\/news\/velos-electriques-partages-en-entreprise-dans-les-zones-rurales\/\" \/>\n<meta property=\"og:locale\" content=\"fr_FR\" \/>\n<meta property=\"og:type\" content=\"article\" \/>\n<meta property=\"og:title\" content=\"Lunch&amp;Learn - V\u00e9los \u00e9lectriques partag\u00e9s en entreprise dans les zones rurales - Urban Connect\" \/>\n<meta property=\"og:description\" content=\"Voici un bref aper\u00e7u du webinaire Vous voulez regarder le webinaire dans son int\u00e9gralit\u00e9 ?\u00a0Remplissez le formulaire ci-dessous et nous vous enverrons le lien complet du webinaire directement dans votre bo\u00eete mail. Hilti Liechtenstein a relev\u00e9 le d\u00e9fi d&rsquo;am\u00e9liorer la mobilit\u00e9 de ses employ\u00e9s dans la r\u00e9gion rurale et de relier efficacement leurs diff\u00e9rents sites. [&hellip;]\" \/>\n<meta property=\"og:url\" content=\"https:\/\/urban-connect.com\/fr\/news\/velos-electriques-partages-en-entreprise-dans-les-zones-rurales\/\" \/>\n<meta property=\"og:site_name\" content=\"Urban Connect\" \/>\n<meta property=\"article:modified_time\" content=\"2024-12-02T09:25:06+00:00\" \/>\n<meta property=\"og:image\" content=\"https:\/\/urban-connect.com\/wp-content\/uploads\/2024\/10\/Webinar_DanielOehry-scaled.jpg\" \/>\n\t<meta property=\"og:image:width\" content=\"2560\" \/>\n\t<meta property=\"og:image:height\" content=\"1923\" \/>\n\t<meta property=\"og:image:type\" content=\"image\/jpeg\" \/>\n<meta name=\"twitter:card\" content=\"summary_large_image\" \/>\n<meta name=\"twitter:label1\" content=\"Dur\u00e9e de lecture estim\u00e9e\" \/>\n\t<meta name=\"twitter:data1\" content=\"2 minutes\" \/>\n<script type=\"application\/ld+json\" class=\"yoast-schema-graph\">{\"@context\":\"https:\/\/schema.org\",\"@graph\":[{\"@type\":\"WebPage\",\"@id\":\"https:\/\/urban-connect.com\/fr\/news\/velos-electriques-partages-en-entreprise-dans-les-zones-rurales\/\",\"url\":\"https:\/\/urban-connect.com\/fr\/news\/velos-electriques-partages-en-entreprise-dans-les-zones-rurales\/\",\"name\":\"Lunch&amp;Learn - V\u00e9los \u00e9lectriques partag\u00e9s en entreprise dans les zones rurales - Urban Connect\",\"isPartOf\":{\"@id\":\"https:\/\/urban-connect.com\/fr\/#website\"},\"primaryImageOfPage\":{\"@id\":\"https:\/\/urban-connect.com\/fr\/news\/velos-electriques-partages-en-entreprise-dans-les-zones-rurales\/#primaryimage\"},\"image\":{\"@id\":\"https:\/\/urban-connect.com\/fr\/news\/velos-electriques-partages-en-entreprise-dans-les-zones-rurales\/#primaryimage\"},\"thumbnailUrl\":\"https:\/\/urban-connect.com\/wp-content\/uploads\/2024\/10\/Webinar_DanielOehry-scaled.jpg\",\"datePublished\":\"2024-06-06T13:41:00+00:00\",\"dateModified\":\"2024-12-02T09:25:06+00:00\",\"breadcrumb\":{\"@id\":\"https:\/\/urban-connect.com\/fr\/news\/velos-electriques-partages-en-entreprise-dans-les-zones-rurales\/#breadcrumb\"},\"inLanguage\":\"fr-FR\",\"potentialAction\":[{\"@type\":\"ReadAction\",\"target\":[\"https:\/\/urban-connect.com\/fr\/news\/velos-electriques-partages-en-entreprise-dans-les-zones-rurales\/\"]}]},{\"@type\":\"ImageObject\",\"inLanguage\":\"fr-FR\",\"@id\":\"https:\/\/urban-connect.com\/fr\/news\/velos-electriques-partages-en-entreprise-dans-les-zones-rurales\/#primaryimage\",\"url\":\"https:\/\/urban-connect.com\/wp-content\/uploads\/2024\/10\/Webinar_DanielOehry-scaled.jpg\",\"contentUrl\":\"https:\/\/urban-connect.com\/wp-content\/uploads\/2024\/10\/Webinar_DanielOehry-scaled.jpg\",\"width\":2560,\"height\":1923,\"caption\":\"Webinar Daniel Oehry\"},{\"@type\":\"BreadcrumbList\",\"@id\":\"https:\/\/urban-connect.com\/fr\/news\/velos-electriques-partages-en-entreprise-dans-les-zones-rurales\/#breadcrumb\",\"itemListElement\":[{\"@type\":\"ListItem\",\"position\":1,\"name\":\"Home\",\"item\":\"https:\/\/urban-connect.com\/fr\/\"},{\"@type\":\"ListItem\",\"position\":2,\"name\":\"Lunch&amp;Learn &#8211; V\u00e9los \u00e9lectriques partag\u00e9s en entreprise dans les zones rurales\"}]},{\"@type\":\"WebSite\",\"@id\":\"https:\/\/urban-connect.com\/fr\/#website\",\"url\":\"https:\/\/urban-connect.com\/fr\/\",\"name\":\"Urban Connect\",\"description\":\"\",\"potentialAction\":[{\"@type\":\"SearchAction\",\"target\":{\"@type\":\"EntryPoint\",\"urlTemplate\":\"https:\/\/urban-connect.com\/fr\/?s={search_term_string}\"},\"query-input\":\"required name=search_term_string\"}],\"inLanguage\":\"fr-FR\"}]}<\/script>\n<!-- \/ Yoast SEO plugin. -->","yoast_head_json":{"title":"Lunch&amp;Learn - V\u00e9los \u00e9lectriques partag\u00e9s en entreprise dans les zones rurales - Urban Connect","robots":{"index":"index","follow":"follow","max-snippet":"max-snippet:-1","max-image-preview":"max-image-preview:large","max-video-preview":"max-video-preview:-1"},"canonical":"https:\/\/urban-connect.com\/fr\/news\/velos-electriques-partages-en-entreprise-dans-les-zones-rurales\/","og_locale":"fr_FR","og_type":"article","og_title":"Lunch&amp;Learn - V\u00e9los \u00e9lectriques partag\u00e9s en entreprise dans les zones rurales - Urban Connect","og_description":"Voici un bref aper\u00e7u du webinaire Vous voulez regarder le webinaire dans son int\u00e9gralit\u00e9 ?\u00a0Remplissez le formulaire ci-dessous et nous vous enverrons le lien complet du webinaire directement dans votre bo\u00eete mail. Hilti Liechtenstein a relev\u00e9 le d\u00e9fi d&rsquo;am\u00e9liorer la mobilit\u00e9 de ses employ\u00e9s dans la r\u00e9gion rurale et de relier efficacement leurs diff\u00e9rents sites. [&hellip;]","og_url":"https:\/\/urban-connect.com\/fr\/news\/velos-electriques-partages-en-entreprise-dans-les-zones-rurales\/","og_site_name":"Urban Connect","article_modified_time":"2024-12-02T09:25:06+00:00","og_image":[{"width":2560,"height":1923,"url":"https:\/\/urban-connect.com\/wp-content\/uploads\/2024\/10\/Webinar_DanielOehry-scaled.jpg","type":"image\/jpeg"}],"twitter_card":"summary_large_image","twitter_misc":{"Dur\u00e9e de lecture estim\u00e9e":"2 minutes"},"schema":{"@context":"https:\/\/schema.org","@graph":[{"@type":"WebPage","@id":"https:\/\/urban-connect.com\/fr\/news\/velos-electriques-partages-en-entreprise-dans-les-zones-rurales\/","url":"https:\/\/urban-connect.com\/fr\/news\/velos-electriques-partages-en-entreprise-dans-les-zones-rurales\/","name":"Lunch&amp;Learn - V\u00e9los \u00e9lectriques partag\u00e9s en entreprise dans les zones rurales - Urban Connect","isPartOf":{"@id":"https:\/\/urban-connect.com\/fr\/#website"},"primaryImageOfPage":{"@id":"https:\/\/urban-connect.com\/fr\/news\/velos-electriques-partages-en-entreprise-dans-les-zones-rurales\/#primaryimage"},"image":{"@id":"https:\/\/urban-connect.com\/fr\/news\/velos-electriques-partages-en-entreprise-dans-les-zones-rurales\/#primaryimage"},"thumbnailUrl":"https:\/\/urban-connect.com\/wp-content\/uploads\/2024\/10\/Webinar_DanielOehry-scaled.jpg","datePublished":"2024-06-06T13:41:00+00:00","dateModified":"2024-12-02T09:25:06+00:00","breadcrumb":{"@id":"https:\/\/urban-connect.com\/fr\/news\/velos-electriques-partages-en-entreprise-dans-les-zones-rurales\/#breadcrumb"},"inLanguage":"fr-FR","potentialAction":[{"@type":"ReadAction","target":["https:\/\/urban-connect.com\/fr\/news\/velos-electriques-partages-en-entreprise-dans-les-zones-rurales\/"]}]},{"@type":"ImageObject","inLanguage":"fr-FR","@id":"https:\/\/urban-connect.com\/fr\/news\/velos-electriques-partages-en-entreprise-dans-les-zones-rurales\/#primaryimage","url":"https:\/\/urban-connect.com\/wp-content\/uploads\/2024\/10\/Webinar_DanielOehry-scaled.jpg","contentUrl":"https:\/\/urban-connect.com\/wp-content\/uploads\/2024\/10\/Webinar_DanielOehry-scaled.jpg","width":2560,"height":1923,"caption":"Webinar Daniel Oehry"},{"@type":"BreadcrumbList","@id":"https:\/\/urban-connect.com\/fr\/news\/velos-electriques-partages-en-entreprise-dans-les-zones-rurales\/#breadcrumb","itemListElement":[{"@type":"ListItem","position":1,"name":"Home","item":"https:\/\/urban-connect.com\/fr\/"},{"@type":"ListItem","position":2,"name":"Lunch&amp;Learn &#8211; V\u00e9los \u00e9lectriques partag\u00e9s en entreprise dans les zones rurales"}]},{"@type":"WebSite","@id":"https:\/\/urban-connect.com\/fr\/#website","url":"https:\/\/urban-connect.com\/fr\/","name":"Urban Connect","description":"","potentialAction":[{"@type":"SearchAction","target":{"@type":"EntryPoint","urlTemplate":"https:\/\/urban-connect.com\/fr\/?s={search_term_string}"},"query-input":"required name=search_term_string"}],"inLanguage":"fr-FR"}]}},"_links":{"self":[{"href":"https:\/\/urban-connect.com\/fr\/wp-json\/wp\/v2\/news\/6300","targetHints":{"allow":["GET"]}}],"collection":[{"href":"https:\/\/urban-connect.com\/fr\/wp-json\/wp\/v2\/news"}],"about":[{"href":"https:\/\/urban-connect.com\/fr\/wp-json\/wp\/v2\/types\/news"}],"wp:featuredmedia":[{"embeddable":true,"href":"https:\/\/urban-connect.com\/fr\/wp-json\/wp\/v2\/media\/6704"}],"wp:attachment":[{"href":"https:\/\/urban-connect.com\/fr\/wp-json\/wp\/v2\/media?parent=6300"}],"wp:term":[{"taxonomy":"news_category","embeddable":true,"href":"https:\/\/urban-connect.com\/fr\/wp-json\/wp\/v2\/news_category?post=6300"}],"curies":[{"name":"wp","href":"https:\/\/api.w.org\/{rel}","templated":true}]}}