{"id":5003,"date":"2021-05-15T11:45:00","date_gmt":"2021-05-15T11:45:00","guid":{"rendered":"https:\/\/urban-connect.com\/news\/why-a-corporate-e-bike-fleet-is-good-for-your-employee-health-and-well-being\/"},"modified":"2025-01-27T10:54:29","modified_gmt":"2025-01-27T10:54:29","slug":"pourquoi-une-flotte-de-velos-electriques-dentreprise-est-elle-benefique-pour-la-sante-et-le-bien-etre-de-vos-employes","status":"publish","type":"news","link":"https:\/\/urban-connect.com\/fr\/news\/pourquoi-une-flotte-de-velos-electriques-dentreprise-est-elle-benefique-pour-la-sante-et-le-bien-etre-de-vos-employes\/","title":{"rendered":"Pourquoi une flotte de v\u00e9los \u00e9lectriques d&rsquo;entreprise est-elle b\u00e9n\u00e9fique pour la sant\u00e9 et le bien-\u00eatre de vos employ\u00e9s ?"},"content":{"rendered":"\n<p>Le v\u00e9lo peut avoir un effet positif sur la sant\u00e9 et le bien-\u00eatre des employ\u00e9s. En effet, il permet aux employ\u00e9s de se d\u00e9placer et de faire de l&rsquo;exercice. Et comme le v\u00e9lo est une forme d&rsquo;exercice, l&rsquo;utilisation r\u00e9guli\u00e8re d&rsquo;un v\u00e9lo ou d&rsquo;un v\u00e9lo \u00e9lectrique peut avoir les effets positifs suivants sur la sant\u00e9 des employ\u00e9s : 1) une meilleure sant\u00e9 physique, 2) une am\u00e9lioration des fonctions cognitives et 3) une augmentation du bien-\u00eatre g\u00e9n\u00e9ral des employ\u00e9s.<\/p>\n\n\n\n<h2 class=\"wp-block-heading\"><strong>Le v\u00e9lo am\u00e9liore la sant\u00e9 physique<\/strong><\/h2>\n\n\n\n<p>Il a \u00e9t\u00e9 prouv\u00e9 que l&rsquo;exercice physique, comme le v\u00e9lo, est vraiment b\u00e9n\u00e9fique pour la sant\u00e9 et le bien-\u00eatre <a href=\"https:\/\/bmcpublichealth.biomedcentral.com\/articles\/10.1186\/1471-2458-13-813\">[1<\/a><a href=\"https:\/\/pubmed.ncbi.nlm.nih.gov\/16534088\/\">,2<\/a><a href=\"https:\/\/www.ncbi.nlm.nih.gov\/pmc\/articles\/PMC3448908\/\">,3<\/a><a href=\"https:\/\/www.sciencedirect.com\/science\/article\/pii\/S2095254619300493\">,4]<\/a>. En fait, une \u00e9tude a montr\u00e9 que l&rsquo;exercice r\u00e9duit le risque de maladies graves telles que les maladies cardiaques, le diab\u00e8te, l&rsquo;ob\u00e9sit\u00e9, etc. &#8211; et limite \u00e9galement la gravit\u00e9 de ces affections <a href=\"https:\/\/pubmed.ncbi.nlm.nih.gov\/16534088\/\">[2]<\/a>.<\/p>\n\n\n\n<figure class=\"wp-block-image size-full\"><img loading=\"lazy\" decoding=\"async\" width=\"545\" height=\"420\" data-src=\"http:\/\/www.urban-connect.com\/wp-content\/uploads\/2023\/05\/15-3-21-2.png\" alt=\"\" class=\"wp-image-2296 lazyload\" data-srcset=\"https:\/\/urban-connect.com\/wp-content\/uploads\/2023\/05\/15-3-21-2.png 545w, https:\/\/urban-connect.com\/wp-content\/uploads\/2023\/05\/15-3-21-2-300x231.png 300w\" data-sizes=\"auto, (max-width: 545px) 100vw, 545px\" src=\"data:image\/gif;base64,R0lGODlhAQABAAAAACH5BAEKAAEALAAAAAABAAEAAAICTAEAOw==\" style=\"--smush-placeholder-width: 545px; --smush-placeholder-aspect-ratio: 545\/420;\" \/><noscript><img loading=\"lazy\" decoding=\"async\" width=\"545\" height=\"420\" src=\"http:\/\/www.urban-connect.com\/wp-content\/uploads\/2023\/05\/15-3-21-2.png\" alt=\"\" class=\"wp-image-2296\" srcset=\"https:\/\/urban-connect.com\/wp-content\/uploads\/2023\/05\/15-3-21-2.png 545w, https:\/\/urban-connect.com\/wp-content\/uploads\/2023\/05\/15-3-21-2-300x231.png 300w\" sizes=\"auto, (max-width: 545px) 100vw, 545px\" \/><\/noscript><\/figure>\n\n\n\n<p>Cependant, les effets sur le groupe des v\u00e9los \u00e9lectriques pendant la p\u00e9riode de 8 semaines \u00e9taient l\u00e9g\u00e8rement plus importants. Un point int\u00e9ressant de cette \u00e9tude est que les r\u00e9sultats peuvent d\u00e9j\u00e0 \u00eatre observ\u00e9s sur une p\u00e9riode relativement courte de 8 semaines<\/p>\n\n\n\n<p><br>Int\u00e9ress\u00e9 par comment une flotte de v\u00e9los \u00e9lectriques peut b\u00e9n\u00e9ficier vos employ\u00e9s? Remplissez le formulaire ci-dessous et recevez le livre blanc complet dans votre bo\u00eete mail!<\/p>\n\n\n\n<script charset=\"utf-8\" type=\"text\/javascript\" src=\"\/\/js.hsforms.net\/forms\/embed\/v2.js\"><\/script>\n<script>\n  hbspt.forms.create({\n    portalId: \"4873065\",\n    formId: \"b1c0b0e8-588b-4310-bf77-286418aebf20\"\n  });\n<\/script>\n\n\n\n<p><\/p>\n\n\n        <section class=\"author-block\">\n            <div class=\"container\">\n                <div class=\"left-side\">\n                    <h6 class=\"name\">Judith H\u00e4berli<\/h6>\n                    <span class=\"position\">Chief Operations Officer &#038; Co-Founder<\/span>\n                <\/div>\n                <div class=\"right-side\">\n                                            <img decoding=\"async\" \n                        class=\"image lazyload\" data-src=\"https:\/\/urban-connect.com\/wp-content\/uploads\/2024\/01\/Judith-1024x1024.jpg\"\n                        data-srcset=\"https:\/\/urban-connect.com\/wp-content\/uploads\/2024\/01\/Judith-1024x1024.jpg 1024w, https:\/\/urban-connect.com\/wp-content\/uploads\/2024\/01\/Judith-300x300.jpg 300w, https:\/\/urban-connect.com\/wp-content\/uploads\/2024\/01\/Judith-150x150.jpg 150w, https:\/\/urban-connect.com\/wp-content\/uploads\/2024\/01\/Judith-768x768.jpg 768w, https:\/\/urban-connect.com\/wp-content\/uploads\/2024\/01\/Judith-1080x1080.jpg 1080w, https:\/\/urban-connect.com\/wp-content\/uploads\/2024\/01\/Judith.jpg 1250w\"\n                        data-sizes=\"(max-width: 1024px) 100vw, 1024px\"\n                        alt=\"Chart Image\"\n                         src=\"data:image\/gif;base64,R0lGODlhAQABAAAAACH5BAEKAAEALAAAAAABAAEAAAICTAEAOw==\" style=\"--smush-placeholder-width: 1024px; --smush-placeholder-aspect-ratio: 1024\/1024;\"><noscript><img decoding=\"async\" \n                        class=\"image\" src=\"https:\/\/urban-connect.com\/wp-content\/uploads\/2024\/01\/Judith-1024x1024.jpg\"\n                        srcset=\"https:\/\/urban-connect.com\/wp-content\/uploads\/2024\/01\/Judith-1024x1024.jpg 1024w, https:\/\/urban-connect.com\/wp-content\/uploads\/2024\/01\/Judith-300x300.jpg 300w, https:\/\/urban-connect.com\/wp-content\/uploads\/2024\/01\/Judith-150x150.jpg 150w, https:\/\/urban-connect.com\/wp-content\/uploads\/2024\/01\/Judith-768x768.jpg 768w, https:\/\/urban-connect.com\/wp-content\/uploads\/2024\/01\/Judith-1080x1080.jpg 1080w, https:\/\/urban-connect.com\/wp-content\/uploads\/2024\/01\/Judith.jpg 1250w\"\n                        sizes=\"(max-width: 1024px) 100vw, 1024px\"\n                        alt=\"Chart Image\"\n                        ><\/noscript>\n                                        <\/div>\n            <\/div>\n        <\/section>\n        \n\n    <section class=\"related-posts\">\n        <div class=\"container\">\n            <h4 class=\"block-title\"><\/h4>\n        <\/div>\n        <div class=\"container posts-wrap\">\n            <div class=\"swiper swiper-related-posts\">\n                <div class=\"swiper-wrapper\">\n                                            <div class=\"swiper-slide\">\n                            <div class=\"card-horizontal\">\n    <div class=\"left-side\">\n                    <a href=\"https:\/\/urban-connect.com\/fr\/news\/wheels-wine-2026-une-edition-marquante-qui-faconne-lavenir-de-la-mobilite-dentreprise\/\">\n                <img decoding=\"async\" \n                    class=\"image lazyload\" data-src=\"https:\/\/urban-connect.com\/wp-content\/uploads\/2026\/03\/F06A4076-768x512.jpg\"\n                    data-srcset=\"https:\/\/urban-connect.com\/wp-content\/uploads\/2026\/03\/F06A4076-768x512.jpg 768w, https:\/\/urban-connect.com\/wp-content\/uploads\/2026\/03\/F06A4076-300x200.jpg 300w, https:\/\/urban-connect.com\/wp-content\/uploads\/2026\/03\/F06A4076-1024x683.jpg 1024w, https:\/\/urban-connect.com\/wp-content\/uploads\/2026\/03\/F06A4076-1536x1024.jpg 1536w, https:\/\/urban-connect.com\/wp-content\/uploads\/2026\/03\/F06A4076-2048x1365.jpg 2048w, https:\/\/urban-connect.com\/wp-content\/uploads\/2026\/03\/F06A4076-1620x1080.jpg 1620w\"\n                    data-sizes=\"(max-width: 768px) 100vw, 768px\"\n                    alt=\"Wheels &amp; Wine 2026 \u2013 Une \u00e9dition marquante qui fa\u00e7onne l'avenir de la mobilit\u00e9 d'entreprise\"\n                 src=\"data:image\/gif;base64,R0lGODlhAQABAAAAACH5BAEKAAEALAAAAAABAAEAAAICTAEAOw==\" style=\"--smush-placeholder-width: 768px; --smush-placeholder-aspect-ratio: 768\/512;\"><noscript><img decoding=\"async\" \n                    class=\"image\" src=\"https:\/\/urban-connect.com\/wp-content\/uploads\/2026\/03\/F06A4076-768x512.jpg\"\n                    srcset=\"https:\/\/urban-connect.com\/wp-content\/uploads\/2026\/03\/F06A4076-768x512.jpg 768w, https:\/\/urban-connect.com\/wp-content\/uploads\/2026\/03\/F06A4076-300x200.jpg 300w, https:\/\/urban-connect.com\/wp-content\/uploads\/2026\/03\/F06A4076-1024x683.jpg 1024w, https:\/\/urban-connect.com\/wp-content\/uploads\/2026\/03\/F06A4076-1536x1024.jpg 1536w, https:\/\/urban-connect.com\/wp-content\/uploads\/2026\/03\/F06A4076-2048x1365.jpg 2048w, https:\/\/urban-connect.com\/wp-content\/uploads\/2026\/03\/F06A4076-1620x1080.jpg 1620w\"\n                    sizes=\"(max-width: 768px) 100vw, 768px\"\n                    alt=\"Wheels &amp; Wine 2026 \u2013 Une \u00e9dition marquante qui fa\u00e7onne l'avenir de la mobilit\u00e9 d'entreprise\"\n                ><\/noscript>\n            <\/a>\n                <\/div>\n    <div class=\"right-side\">\n                    <a href=\"https:\/\/urban-connect.com\/fr\/news\/wheels-wine-2026-une-edition-marquante-qui-faconne-lavenir-de-la-mobilite-dentreprise\/\">\n                <h6 class=\"title\">Wheels &amp; Wine 2026 \u2013 Une \u00e9dition marquante qui fa\u00e7onne l&rsquo;avenir de la mobilit\u00e9 d&rsquo;entreprise<\/h6>\n            <\/a>\n                        <span class=\"date\">mars 24, 2026 <\/span>\n            \n\t        <\/div>\n<\/div>                        <\/div>\n                                                <div class=\"swiper-slide\">\n                            <div class=\"card-horizontal\">\n    <div class=\"left-side\">\n                    <a href=\"https:\/\/urban-connect.com\/fr\/news\/que-se-passera-t-il-lorsque-la-recharge-des-vehicules-electriques-fonctionnera-enfin\/\">\n                <img decoding=\"async\" \n                    class=\"image lazyload\" data-src=\"https:\/\/urban-connect.com\/wp-content\/uploads\/2026\/03\/Zaptec-cover-3-1-768x453.png\"\n                    data-srcset=\"https:\/\/urban-connect.com\/wp-content\/uploads\/2026\/03\/Zaptec-cover-3-1-768x453.png 768w, https:\/\/urban-connect.com\/wp-content\/uploads\/2026\/03\/Zaptec-cover-3-1-300x177.png 300w, https:\/\/urban-connect.com\/wp-content\/uploads\/2026\/03\/Zaptec-cover-3-1-1024x604.png 1024w, https:\/\/urban-connect.com\/wp-content\/uploads\/2026\/03\/Zaptec-cover-3-1-1536x906.png 1536w, https:\/\/urban-connect.com\/wp-content\/uploads\/2026\/03\/Zaptec-cover-3-1-2048x1208.png 2048w, https:\/\/urban-connect.com\/wp-content\/uploads\/2026\/03\/Zaptec-cover-3-1-1831x1080.png 1831w\"\n                    data-sizes=\"(max-width: 768px) 100vw, 768px\"\n                    alt=\"Que se passera-t-il lorsque la recharge des v\u00e9hicules \u00e9lectriques fonctionnera enfin?\"\n                 src=\"data:image\/gif;base64,R0lGODlhAQABAAAAACH5BAEKAAEALAAAAAABAAEAAAICTAEAOw==\" style=\"--smush-placeholder-width: 768px; --smush-placeholder-aspect-ratio: 768\/453;\"><noscript><img decoding=\"async\" \n                    class=\"image\" src=\"https:\/\/urban-connect.com\/wp-content\/uploads\/2026\/03\/Zaptec-cover-3-1-768x453.png\"\n                    srcset=\"https:\/\/urban-connect.com\/wp-content\/uploads\/2026\/03\/Zaptec-cover-3-1-768x453.png 768w, https:\/\/urban-connect.com\/wp-content\/uploads\/2026\/03\/Zaptec-cover-3-1-300x177.png 300w, https:\/\/urban-connect.com\/wp-content\/uploads\/2026\/03\/Zaptec-cover-3-1-1024x604.png 1024w, https:\/\/urban-connect.com\/wp-content\/uploads\/2026\/03\/Zaptec-cover-3-1-1536x906.png 1536w, https:\/\/urban-connect.com\/wp-content\/uploads\/2026\/03\/Zaptec-cover-3-1-2048x1208.png 2048w, https:\/\/urban-connect.com\/wp-content\/uploads\/2026\/03\/Zaptec-cover-3-1-1831x1080.png 1831w\"\n                    sizes=\"(max-width: 768px) 100vw, 768px\"\n                    alt=\"Que se passera-t-il lorsque la recharge des v\u00e9hicules \u00e9lectriques fonctionnera enfin?\"\n                ><\/noscript>\n            <\/a>\n                <\/div>\n    <div class=\"right-side\">\n                    <a href=\"https:\/\/urban-connect.com\/fr\/news\/que-se-passera-t-il-lorsque-la-recharge-des-vehicules-electriques-fonctionnera-enfin\/\">\n                <h6 class=\"title\">Que se passera-t-il lorsque la recharge des v\u00e9hicules \u00e9lectriques fonctionnera enfin?<\/h6>\n            <\/a>\n                        <span class=\"date\">mars 17, 2026 <\/span>\n            \n\t        <\/div>\n<\/div>                        <\/div>\n                                                <div class=\"swiper-slide\">\n                            <div class=\"card-horizontal\">\n    <div class=\"left-side\">\n                    <a href=\"https:\/\/urban-connect.com\/fr\/news\/spotlight-sur-les-etudes-de-cas-partenariat-entre-lonza-visp-et-urban-connect-pour-la-mobilite-durable\/\">\n                <img decoding=\"async\" \n                    class=\"image lazyload\" data-src=\"https:\/\/urban-connect.com\/wp-content\/uploads\/2026\/02\/HELSANA-x-UC-banner-768x511.png\"\n                    data-srcset=\"https:\/\/urban-connect.com\/wp-content\/uploads\/2026\/02\/HELSANA-x-UC-banner-768x511.png 768w, https:\/\/urban-connect.com\/wp-content\/uploads\/2026\/02\/HELSANA-x-UC-banner-300x199.png 300w, https:\/\/urban-connect.com\/wp-content\/uploads\/2026\/02\/HELSANA-x-UC-banner-1024x681.png 1024w, https:\/\/urban-connect.com\/wp-content\/uploads\/2026\/02\/HELSANA-x-UC-banner-1536x1021.png 1536w, https:\/\/urban-connect.com\/wp-content\/uploads\/2026\/02\/HELSANA-x-UC-banner.png 1590w\"\n                    data-sizes=\"(max-width: 768px) 100vw, 768px\"\n                    alt=\"Spotlight sur les \u00e9tudes de cas: Helsana offre \u00e0 3'400+ employ\u00e9s un budget de mobilit\u00e9 Urban Connect, et ce sans aucun probl\u00e8me gr\u00e2ce \u00e0 SCIM.\"\n                 src=\"data:image\/gif;base64,R0lGODlhAQABAAAAACH5BAEKAAEALAAAAAABAAEAAAICTAEAOw==\" style=\"--smush-placeholder-width: 768px; --smush-placeholder-aspect-ratio: 768\/511;\"><noscript><img decoding=\"async\" \n                    class=\"image\" src=\"https:\/\/urban-connect.com\/wp-content\/uploads\/2026\/02\/HELSANA-x-UC-banner-768x511.png\"\n                    srcset=\"https:\/\/urban-connect.com\/wp-content\/uploads\/2026\/02\/HELSANA-x-UC-banner-768x511.png 768w, https:\/\/urban-connect.com\/wp-content\/uploads\/2026\/02\/HELSANA-x-UC-banner-300x199.png 300w, https:\/\/urban-connect.com\/wp-content\/uploads\/2026\/02\/HELSANA-x-UC-banner-1024x681.png 1024w, https:\/\/urban-connect.com\/wp-content\/uploads\/2026\/02\/HELSANA-x-UC-banner-1536x1021.png 1536w, https:\/\/urban-connect.com\/wp-content\/uploads\/2026\/02\/HELSANA-x-UC-banner.png 1590w\"\n                    sizes=\"(max-width: 768px) 100vw, 768px\"\n                    alt=\"Spotlight sur les \u00e9tudes de cas: Helsana offre \u00e0 3'400+ employ\u00e9s un budget de mobilit\u00e9 Urban Connect, et ce sans aucun probl\u00e8me gr\u00e2ce \u00e0 SCIM.\"\n                ><\/noscript>\n            <\/a>\n                <\/div>\n    <div class=\"right-side\">\n                    <a href=\"https:\/\/urban-connect.com\/fr\/news\/spotlight-sur-les-etudes-de-cas-partenariat-entre-lonza-visp-et-urban-connect-pour-la-mobilite-durable\/\">\n                <h6 class=\"title\">Spotlight sur les \u00e9tudes de cas: Helsana offre \u00e0 3&rsquo;400+ employ\u00e9s un budget de mobilit\u00e9 Urban Connect, et ce sans aucun probl\u00e8me gr\u00e2ce \u00e0 SCIM.<\/h6>\n            <\/a>\n                        <span class=\"date\">f\u00e9vrier 05, 2026 <\/span>\n            \n\t        <\/div>\n<\/div>                        <\/div>\n                                        <\/div>\n                <div class=\"btn-slider \">\n    <div class=\"prev\">\n        <svg width=\"22\" height=\"12\" viewBox=\"0 0 22 12\" fill=\"none\" xmlns=\"http:\/\/www.w3.org\/2000\/svg\">\n            <path d=\"M5.094 4.476L7.74 1.83L6.03 0.102L0.432 5.7L6.03 11.298L7.74 9.57L5.076 6.906H21.42V4.476H5.094Z\" fill=\"white\"\/>\n        <\/svg>\n    <\/div>\n    <div class=\"next\">\n        <svg width=\"22\" height=\"12\" viewBox=\"0 0 22 12\" fill=\"none\" xmlns=\"http:\/\/www.w3.org\/2000\/svg\">\n            <path d=\"M14.292 1.83L16.938 4.476H0.612V6.906H16.956L14.292 9.57L16.002 11.298L21.6 5.7L16.002 0.102L14.292 1.83Z\" fill=\"white\"\/>\n        <\/svg>\n    <\/div>\n<\/div>            <\/div>\n        <\/div>\n    <\/section>\n    ","protected":false},"excerpt":{"rendered":"<p>Le v\u00e9lo peut avoir un effet positif sur la sant\u00e9 et le bien-\u00eatre des employ\u00e9s. En effet, il permet aux employ\u00e9s de se d\u00e9placer et de faire de l&rsquo;exercice. Et comme le v\u00e9lo est une forme d&rsquo;exercice, l&rsquo;utilisation r\u00e9guli\u00e8re d&rsquo;un v\u00e9lo ou d&rsquo;un v\u00e9lo \u00e9lectrique peut avoir les effets positifs suivants sur la sant\u00e9 des [&hellip;]<\/p>\n","protected":false},"featured_media":5005,"parent":0,"template":"","news_category":[34],"class_list":["post-5003","news","type-news","status-publish","has-post-thumbnail","hentry","news_category-livres-blancs"],"acf":[],"yoast_head":"<!-- This site is optimized with the Yoast SEO plugin v23.2 - https:\/\/yoast.com\/wordpress\/plugins\/seo\/ -->\n<title>The positive impacts of cycling on health and well-being<\/title>\n<meta name=\"description\" content=\"Learn about the numerous positive impacts of cycling on health and well-being. Also find out how Urban Connect can assist in this regard.\" \/>\n<meta name=\"robots\" content=\"index, follow, max-snippet:-1, max-image-preview:large, max-video-preview:-1\" \/>\n<link rel=\"canonical\" href=\"https:\/\/urban-connect.com\/fr\/news\/pourquoi-une-flotte-de-velos-electriques-dentreprise-est-elle-benefique-pour-la-sante-et-le-bien-etre-de-vos-employes\/\" \/>\n<meta property=\"og:locale\" content=\"fr_FR\" \/>\n<meta property=\"og:type\" content=\"article\" \/>\n<meta property=\"og:title\" content=\"The positive impacts of cycling on health and well-being\" \/>\n<meta property=\"og:description\" content=\"Learn about the numerous positive impacts of cycling on health and well-being. Also find out how Urban Connect can assist in this regard.\" \/>\n<meta property=\"og:url\" content=\"https:\/\/urban-connect.com\/fr\/news\/pourquoi-une-flotte-de-velos-electriques-dentreprise-est-elle-benefique-pour-la-sante-et-le-bien-etre-de-vos-employes\/\" \/>\n<meta property=\"og:site_name\" content=\"Urban Connect\" \/>\n<meta property=\"article:modified_time\" content=\"2025-01-27T10:54:29+00:00\" \/>\n<meta property=\"og:image\" content=\"https:\/\/urban-connect.com\/wp-content\/uploads\/2021\/05\/UC-NEWS-03152021.jpeg\" \/>\n\t<meta property=\"og:image:width\" content=\"882\" \/>\n\t<meta property=\"og:image:height\" content=\"582\" \/>\n\t<meta property=\"og:image:type\" content=\"image\/jpeg\" \/>\n<meta name=\"twitter:card\" content=\"summary_large_image\" \/>\n<meta name=\"twitter:label1\" content=\"Dur\u00e9e de lecture estim\u00e9e\" \/>\n\t<meta name=\"twitter:data1\" content=\"2 minutes\" \/>\n<script type=\"application\/ld+json\" class=\"yoast-schema-graph\">{\"@context\":\"https:\/\/schema.org\",\"@graph\":[{\"@type\":\"WebPage\",\"@id\":\"https:\/\/urban-connect.com\/fr\/news\/pourquoi-une-flotte-de-velos-electriques-dentreprise-est-elle-benefique-pour-la-sante-et-le-bien-etre-de-vos-employes\/\",\"url\":\"https:\/\/urban-connect.com\/fr\/news\/pourquoi-une-flotte-de-velos-electriques-dentreprise-est-elle-benefique-pour-la-sante-et-le-bien-etre-de-vos-employes\/\",\"name\":\"The positive impacts of cycling on health and well-being\",\"isPartOf\":{\"@id\":\"https:\/\/urban-connect.com\/fr\/#website\"},\"primaryImageOfPage\":{\"@id\":\"https:\/\/urban-connect.com\/fr\/news\/pourquoi-une-flotte-de-velos-electriques-dentreprise-est-elle-benefique-pour-la-sante-et-le-bien-etre-de-vos-employes\/#primaryimage\"},\"image\":{\"@id\":\"https:\/\/urban-connect.com\/fr\/news\/pourquoi-une-flotte-de-velos-electriques-dentreprise-est-elle-benefique-pour-la-sante-et-le-bien-etre-de-vos-employes\/#primaryimage\"},\"thumbnailUrl\":\"https:\/\/urban-connect.com\/wp-content\/uploads\/2021\/05\/UC-NEWS-03152021.jpeg\",\"datePublished\":\"2021-05-15T11:45:00+00:00\",\"dateModified\":\"2025-01-27T10:54:29+00:00\",\"description\":\"Learn about the numerous positive impacts of cycling on health and well-being. Also find out how Urban Connect can assist in this regard.\",\"breadcrumb\":{\"@id\":\"https:\/\/urban-connect.com\/fr\/news\/pourquoi-une-flotte-de-velos-electriques-dentreprise-est-elle-benefique-pour-la-sante-et-le-bien-etre-de-vos-employes\/#breadcrumb\"},\"inLanguage\":\"fr-FR\",\"potentialAction\":[{\"@type\":\"ReadAction\",\"target\":[\"https:\/\/urban-connect.com\/fr\/news\/pourquoi-une-flotte-de-velos-electriques-dentreprise-est-elle-benefique-pour-la-sante-et-le-bien-etre-de-vos-employes\/\"]}]},{\"@type\":\"ImageObject\",\"inLanguage\":\"fr-FR\",\"@id\":\"https:\/\/urban-connect.com\/fr\/news\/pourquoi-une-flotte-de-velos-electriques-dentreprise-est-elle-benefique-pour-la-sante-et-le-bien-etre-de-vos-employes\/#primaryimage\",\"url\":\"https:\/\/urban-connect.com\/wp-content\/uploads\/2021\/05\/UC-NEWS-03152021.jpeg\",\"contentUrl\":\"https:\/\/urban-connect.com\/wp-content\/uploads\/2021\/05\/UC-NEWS-03152021.jpeg\",\"width\":882,\"height\":582,\"caption\":\"Sticker aim\"},{\"@type\":\"BreadcrumbList\",\"@id\":\"https:\/\/urban-connect.com\/fr\/news\/pourquoi-une-flotte-de-velos-electriques-dentreprise-est-elle-benefique-pour-la-sante-et-le-bien-etre-de-vos-employes\/#breadcrumb\",\"itemListElement\":[{\"@type\":\"ListItem\",\"position\":1,\"name\":\"Home\",\"item\":\"https:\/\/urban-connect.com\/fr\/\"},{\"@type\":\"ListItem\",\"position\":2,\"name\":\"Pourquoi une flotte de v\u00e9los \u00e9lectriques d&#8217;entreprise est-elle b\u00e9n\u00e9fique pour la sant\u00e9 et le bien-\u00eatre de vos employ\u00e9s ?\"}]},{\"@type\":\"WebSite\",\"@id\":\"https:\/\/urban-connect.com\/fr\/#website\",\"url\":\"https:\/\/urban-connect.com\/fr\/\",\"name\":\"Urban Connect\",\"description\":\"\",\"potentialAction\":[{\"@type\":\"SearchAction\",\"target\":{\"@type\":\"EntryPoint\",\"urlTemplate\":\"https:\/\/urban-connect.com\/fr\/?s={search_term_string}\"},\"query-input\":\"required name=search_term_string\"}],\"inLanguage\":\"fr-FR\"}]}<\/script>\n<!-- \/ Yoast SEO plugin. -->","yoast_head_json":{"title":"The positive impacts of cycling on health and well-being","description":"Learn about the numerous positive impacts of cycling on health and well-being. Also find out how Urban Connect can assist in this regard.","robots":{"index":"index","follow":"follow","max-snippet":"max-snippet:-1","max-image-preview":"max-image-preview:large","max-video-preview":"max-video-preview:-1"},"canonical":"https:\/\/urban-connect.com\/fr\/news\/pourquoi-une-flotte-de-velos-electriques-dentreprise-est-elle-benefique-pour-la-sante-et-le-bien-etre-de-vos-employes\/","og_locale":"fr_FR","og_type":"article","og_title":"The positive impacts of cycling on health and well-being","og_description":"Learn about the numerous positive impacts of cycling on health and well-being. Also find out how Urban Connect can assist in this regard.","og_url":"https:\/\/urban-connect.com\/fr\/news\/pourquoi-une-flotte-de-velos-electriques-dentreprise-est-elle-benefique-pour-la-sante-et-le-bien-etre-de-vos-employes\/","og_site_name":"Urban Connect","article_modified_time":"2025-01-27T10:54:29+00:00","og_image":[{"width":882,"height":582,"url":"https:\/\/urban-connect.com\/wp-content\/uploads\/2021\/05\/UC-NEWS-03152021.jpeg","type":"image\/jpeg"}],"twitter_card":"summary_large_image","twitter_misc":{"Dur\u00e9e de lecture estim\u00e9e":"2 minutes"},"schema":{"@context":"https:\/\/schema.org","@graph":[{"@type":"WebPage","@id":"https:\/\/urban-connect.com\/fr\/news\/pourquoi-une-flotte-de-velos-electriques-dentreprise-est-elle-benefique-pour-la-sante-et-le-bien-etre-de-vos-employes\/","url":"https:\/\/urban-connect.com\/fr\/news\/pourquoi-une-flotte-de-velos-electriques-dentreprise-est-elle-benefique-pour-la-sante-et-le-bien-etre-de-vos-employes\/","name":"The positive impacts of cycling on health and well-being","isPartOf":{"@id":"https:\/\/urban-connect.com\/fr\/#website"},"primaryImageOfPage":{"@id":"https:\/\/urban-connect.com\/fr\/news\/pourquoi-une-flotte-de-velos-electriques-dentreprise-est-elle-benefique-pour-la-sante-et-le-bien-etre-de-vos-employes\/#primaryimage"},"image":{"@id":"https:\/\/urban-connect.com\/fr\/news\/pourquoi-une-flotte-de-velos-electriques-dentreprise-est-elle-benefique-pour-la-sante-et-le-bien-etre-de-vos-employes\/#primaryimage"},"thumbnailUrl":"https:\/\/urban-connect.com\/wp-content\/uploads\/2021\/05\/UC-NEWS-03152021.jpeg","datePublished":"2021-05-15T11:45:00+00:00","dateModified":"2025-01-27T10:54:29+00:00","description":"Learn about the numerous positive impacts of cycling on health and well-being. Also find out how Urban Connect can assist in this regard.","breadcrumb":{"@id":"https:\/\/urban-connect.com\/fr\/news\/pourquoi-une-flotte-de-velos-electriques-dentreprise-est-elle-benefique-pour-la-sante-et-le-bien-etre-de-vos-employes\/#breadcrumb"},"inLanguage":"fr-FR","potentialAction":[{"@type":"ReadAction","target":["https:\/\/urban-connect.com\/fr\/news\/pourquoi-une-flotte-de-velos-electriques-dentreprise-est-elle-benefique-pour-la-sante-et-le-bien-etre-de-vos-employes\/"]}]},{"@type":"ImageObject","inLanguage":"fr-FR","@id":"https:\/\/urban-connect.com\/fr\/news\/pourquoi-une-flotte-de-velos-electriques-dentreprise-est-elle-benefique-pour-la-sante-et-le-bien-etre-de-vos-employes\/#primaryimage","url":"https:\/\/urban-connect.com\/wp-content\/uploads\/2021\/05\/UC-NEWS-03152021.jpeg","contentUrl":"https:\/\/urban-connect.com\/wp-content\/uploads\/2021\/05\/UC-NEWS-03152021.jpeg","width":882,"height":582,"caption":"Sticker aim"},{"@type":"BreadcrumbList","@id":"https:\/\/urban-connect.com\/fr\/news\/pourquoi-une-flotte-de-velos-electriques-dentreprise-est-elle-benefique-pour-la-sante-et-le-bien-etre-de-vos-employes\/#breadcrumb","itemListElement":[{"@type":"ListItem","position":1,"name":"Home","item":"https:\/\/urban-connect.com\/fr\/"},{"@type":"ListItem","position":2,"name":"Pourquoi une flotte de v\u00e9los \u00e9lectriques d&#8217;entreprise est-elle b\u00e9n\u00e9fique pour la sant\u00e9 et le bien-\u00eatre de vos employ\u00e9s ?"}]},{"@type":"WebSite","@id":"https:\/\/urban-connect.com\/fr\/#website","url":"https:\/\/urban-connect.com\/fr\/","name":"Urban Connect","description":"","potentialAction":[{"@type":"SearchAction","target":{"@type":"EntryPoint","urlTemplate":"https:\/\/urban-connect.com\/fr\/?s={search_term_string}"},"query-input":"required name=search_term_string"}],"inLanguage":"fr-FR"}]}},"_links":{"self":[{"href":"https:\/\/urban-connect.com\/fr\/wp-json\/wp\/v2\/news\/5003","targetHints":{"allow":["GET"]}}],"collection":[{"href":"https:\/\/urban-connect.com\/fr\/wp-json\/wp\/v2\/news"}],"about":[{"href":"https:\/\/urban-connect.com\/fr\/wp-json\/wp\/v2\/types\/news"}],"wp:featuredmedia":[{"embeddable":true,"href":"https:\/\/urban-connect.com\/fr\/wp-json\/wp\/v2\/media\/5005"}],"wp:attachment":[{"href":"https:\/\/urban-connect.com\/fr\/wp-json\/wp\/v2\/media?parent=5003"}],"wp:term":[{"taxonomy":"news_category","embeddable":true,"href":"https:\/\/urban-connect.com\/fr\/wp-json\/wp\/v2\/news_category?post=5003"}],"curies":[{"name":"wp","href":"https:\/\/api.w.org\/{rel}","templated":true}]}}