{"id":5000,"date":"2023-06-01T07:25:04","date_gmt":"2023-06-01T07:25:04","guid":{"rendered":"https:\/\/urban-connect.com\/news\/urban-connect-partners-with-sbb-to-take-employee-mobility-to-a-new-level\/"},"modified":"2024-07-25T18:24:29","modified_gmt":"2024-07-25T18:24:29","slug":"urban-connect-sassocie-aux-cff-pour-faire-passer-la-mobilite-des-collaborateurs-a-un-niveau-superieur","status":"publish","type":"news","link":"https:\/\/urban-connect.com\/fr\/news\/urban-connect-sassocie-aux-cff-pour-faire-passer-la-mobilite-des-collaborateurs-a-un-niveau-superieur\/","title":{"rendered":"Urban Connect s\u2019associe aux CFF pour faire passer la mobilit\u00e9 des collaborateurs \u00e0 un niveau sup\u00e9rieur"},"content":{"rendered":"\n<p>Les collaborateurs suisses ont d\u00e9sormais un acc\u00e8s facile \u00e0 une plateforme de mobilit\u00e9 multimodale, y compris aux services complets de transport public fournis par les CFF.<\/p>\n\n\n\n<p>Zurich, le 1er&nbsp;juin&nbsp;2023 \u2013 Urban Connect, fournisseur de services de mobilit\u00e9 bas\u00e9 \u00e0 Zurich, annonce un partenariat strat\u00e9gique avec les Chemins de fer f\u00e9d\u00e9raux suisses (CFF), qui \u00e9l\u00e8ve les services de mobilit\u00e9 pour les entreprises \u00e0 un niveau sup\u00e9rieur.<\/p>\n\n\n\n<p>Dans le cadre de leur partenariat, Urban Connect et les CFF lancent une solution de mobilit\u00e9 pour les entreprises unique en Suisse. Au c\u0153ur de ce projet se trouve une plateforme en ligne int\u00e9gr\u00e9e qui regroupe diff\u00e9rentes solutions de transport sous la forme d\u2019une offre de mobilit\u00e9 en tant que service. Les employ\u00e9s des entreprises respectives peuvent utiliser l\u2019application pour r\u00e9server des voitures \u00e9lectriques, des scooters \u00e9lectriques et des v\u00e9los \u00e9lectriques, r\u00e9server un espace de stationnement pour l\u2019entreprise et acheter des billets pour le train, le bus et le tram. Tous les services peuvent \u00eatre utilis\u00e9s \u00e0 des fins priv\u00e9es et commerciales.<\/p>\n\n\n    <section class=\"hero-image-text \">\n        <img decoding=\"async\" class=\"hero-image-text-background no-lazyload\" src=\"https:\/\/urban-connect.com\/wp-content\/uploads\/2023\/06\/SBB_UC_3200X1800_logos-1920x1080.jpg\" alt=\"\">\n\n        \n            <\/section>\n\n\n\n<p><strong>Offre \u00e9tendue \u00e9galement disponible pour les budgets de mobilit\u00e9<\/strong><\/p>\n\n\n\n<p>Les services des CFF sont \u00e9galement disponibles dans le cadre d\u2019une autre offre innovante de Urban Connect&nbsp;: le budget de mobilit\u00e9. Les clients entreprises ont la possibilit\u00e9 de fournir \u00e0 leurs employ\u00e9s un cr\u00e9dit mensuel, ce qui leur permet de s\u00e9lectionner l\u2019option de mobilit\u00e9 de leur choix. Le cr\u00e9dit peut \u00eatre utilis\u00e9 pour toutes les offres Urban Connect et CFF.<\/p>\n\n\n\n<p>Le budget de mobilit\u00e9 est la cl\u00e9 du contr\u00f4le des co\u00fbts et de la r\u00e9duction des \u00e9missions dans la gestion de flotte. La r\u00e9duction des effectifs de la flotte r\u00e9duit les d\u00e9penses globales en capital pour les entreprises et le co\u00fbt d\u2019entretien et d\u2019exploitation de ces flottes. Les budgets de mobilit\u00e9 encouragent \u00e9galement l\u2019utilisation de moyens de transport respectueux du climat et servent \u00e0 positionner l\u2019entreprise comme employeur de choix.<\/p>\n\n\n\n<p>Judith H\u00e4berli, cofondatrice d\u2019Urban Connect, a soulign\u00e9:<\/p>\n\n\n\n<p>\u00ab\u00a0Pour nous, le nouveau partenariat avec les CFF change la donne. Il offre aux entreprises une solution de mobilit\u00e9 tourn\u00e9e vers l\u2019avenir qui leur permet d\u2019allouer les ressources de mobilit\u00e9 plus efficacement, de r\u00e9duire les co\u00fbts, de r\u00e9duire les \u00e9missions, et offrir aux utilisateurs finaux une exp\u00e9rience utilisateur transparente.\u00a0\u00bb<\/p>\n\n\n\n<p>Change Mobility &#8211; Change the World<\/p>\n","protected":false},"excerpt":{"rendered":"<p>Les collaborateurs suisses ont d\u00e9sormais un acc\u00e8s facile \u00e0 une plateforme de mobilit\u00e9 multimodale, y compris aux services complets de transport public fournis par les CFF. Zurich, le 1er&nbsp;juin&nbsp;2023 \u2013 Urban Connect, fournisseur de services de mobilit\u00e9 bas\u00e9 \u00e0 Zurich, annonce un partenariat strat\u00e9gique avec les Chemins de fer f\u00e9d\u00e9raux suisses (CFF), qui \u00e9l\u00e8ve les [&hellip;]<\/p>\n","protected":false},"featured_media":5002,"parent":0,"template":"","news_category":[33],"class_list":["post-5000","news","type-news","status-publish","has-post-thumbnail","hentry","news_category-actualites"],"acf":[],"yoast_head":"<!-- This site is optimized with the Yoast SEO plugin v23.2 - https:\/\/yoast.com\/wordpress\/plugins\/seo\/ -->\n<title>Urban Connect partners with SBB - Urban Connect<\/title>\n<meta name=\"description\" content=\"Employees can now conveniently purchase public transport tickets via the Urban Connect app. Billing takes place via the mobility budget.\" \/>\n<meta name=\"robots\" content=\"index, follow, max-snippet:-1, max-image-preview:large, max-video-preview:-1\" \/>\n<link rel=\"canonical\" href=\"https:\/\/urban-connect.com\/fr\/news\/urban-connect-sassocie-aux-cff-pour-faire-passer-la-mobilite-des-collaborateurs-a-un-niveau-superieur\/\" \/>\n<meta property=\"og:locale\" content=\"fr_FR\" \/>\n<meta property=\"og:type\" content=\"article\" \/>\n<meta property=\"og:title\" content=\"Urban Connect partners with SBB - Urban Connect\" \/>\n<meta property=\"og:description\" content=\"Employees can now conveniently purchase public transport tickets via the Urban Connect app. Billing takes place via the mobility budget.\" \/>\n<meta property=\"og:url\" content=\"https:\/\/urban-connect.com\/fr\/news\/urban-connect-sassocie-aux-cff-pour-faire-passer-la-mobilite-des-collaborateurs-a-un-niveau-superieur\/\" \/>\n<meta property=\"og:site_name\" content=\"Urban Connect\" \/>\n<meta property=\"article:modified_time\" content=\"2024-07-25T18:24:29+00:00\" \/>\n<meta property=\"og:image\" content=\"https:\/\/urban-connect.com\/wp-content\/uploads\/2023\/06\/UC_SBB_Image-scaled.jpg\" \/>\n\t<meta property=\"og:image:width\" content=\"2560\" \/>\n\t<meta property=\"og:image:height\" content=\"2208\" \/>\n\t<meta property=\"og:image:type\" content=\"image\/jpeg\" \/>\n<meta name=\"twitter:card\" content=\"summary_large_image\" \/>\n<meta name=\"twitter:label1\" content=\"Dur\u00e9e de lecture estim\u00e9e\" \/>\n\t<meta name=\"twitter:data1\" content=\"2 minutes\" \/>\n<script type=\"application\/ld+json\" class=\"yoast-schema-graph\">{\"@context\":\"https:\/\/schema.org\",\"@graph\":[{\"@type\":\"WebPage\",\"@id\":\"https:\/\/urban-connect.com\/fr\/news\/urban-connect-sassocie-aux-cff-pour-faire-passer-la-mobilite-des-collaborateurs-a-un-niveau-superieur\/\",\"url\":\"https:\/\/urban-connect.com\/fr\/news\/urban-connect-sassocie-aux-cff-pour-faire-passer-la-mobilite-des-collaborateurs-a-un-niveau-superieur\/\",\"name\":\"Urban Connect partners with SBB - Urban Connect\",\"isPartOf\":{\"@id\":\"https:\/\/urban-connect.com\/fr\/#website\"},\"primaryImageOfPage\":{\"@id\":\"https:\/\/urban-connect.com\/fr\/news\/urban-connect-sassocie-aux-cff-pour-faire-passer-la-mobilite-des-collaborateurs-a-un-niveau-superieur\/#primaryimage\"},\"image\":{\"@id\":\"https:\/\/urban-connect.com\/fr\/news\/urban-connect-sassocie-aux-cff-pour-faire-passer-la-mobilite-des-collaborateurs-a-un-niveau-superieur\/#primaryimage\"},\"thumbnailUrl\":\"https:\/\/urban-connect.com\/wp-content\/uploads\/2023\/06\/UC_SBB_Image-scaled.jpg\",\"datePublished\":\"2023-06-01T07:25:04+00:00\",\"dateModified\":\"2024-07-25T18:24:29+00:00\",\"description\":\"Employees can now conveniently purchase public transport tickets via the Urban Connect app. Billing takes place via the mobility budget.\",\"breadcrumb\":{\"@id\":\"https:\/\/urban-connect.com\/fr\/news\/urban-connect-sassocie-aux-cff-pour-faire-passer-la-mobilite-des-collaborateurs-a-un-niveau-superieur\/#breadcrumb\"},\"inLanguage\":\"fr-FR\",\"potentialAction\":[{\"@type\":\"ReadAction\",\"target\":[\"https:\/\/urban-connect.com\/fr\/news\/urban-connect-sassocie-aux-cff-pour-faire-passer-la-mobilite-des-collaborateurs-a-un-niveau-superieur\/\"]}]},{\"@type\":\"ImageObject\",\"inLanguage\":\"fr-FR\",\"@id\":\"https:\/\/urban-connect.com\/fr\/news\/urban-connect-sassocie-aux-cff-pour-faire-passer-la-mobilite-des-collaborateurs-a-un-niveau-superieur\/#primaryimage\",\"url\":\"https:\/\/urban-connect.com\/wp-content\/uploads\/2023\/06\/UC_SBB_Image-scaled.jpg\",\"contentUrl\":\"https:\/\/urban-connect.com\/wp-content\/uploads\/2023\/06\/UC_SBB_Image-scaled.jpg\",\"width\":2560,\"height\":2208,\"caption\":\"UC-SBB-Cooperation\"},{\"@type\":\"BreadcrumbList\",\"@id\":\"https:\/\/urban-connect.com\/fr\/news\/urban-connect-sassocie-aux-cff-pour-faire-passer-la-mobilite-des-collaborateurs-a-un-niveau-superieur\/#breadcrumb\",\"itemListElement\":[{\"@type\":\"ListItem\",\"position\":1,\"name\":\"Home\",\"item\":\"https:\/\/urban-connect.com\/fr\/\"},{\"@type\":\"ListItem\",\"position\":2,\"name\":\"Urban Connect s\u2019associe aux CFF pour faire passer la mobilit\u00e9 des collaborateurs \u00e0 un niveau sup\u00e9rieur\"}]},{\"@type\":\"WebSite\",\"@id\":\"https:\/\/urban-connect.com\/fr\/#website\",\"url\":\"https:\/\/urban-connect.com\/fr\/\",\"name\":\"Urban Connect\",\"description\":\"\",\"potentialAction\":[{\"@type\":\"SearchAction\",\"target\":{\"@type\":\"EntryPoint\",\"urlTemplate\":\"https:\/\/urban-connect.com\/fr\/?s={search_term_string}\"},\"query-input\":\"required name=search_term_string\"}],\"inLanguage\":\"fr-FR\"}]}<\/script>\n<!-- \/ Yoast SEO plugin. -->","yoast_head_json":{"title":"Urban Connect partners with SBB - Urban Connect","description":"Employees can now conveniently purchase public transport tickets via the Urban Connect app. Billing takes place via the mobility budget.","robots":{"index":"index","follow":"follow","max-snippet":"max-snippet:-1","max-image-preview":"max-image-preview:large","max-video-preview":"max-video-preview:-1"},"canonical":"https:\/\/urban-connect.com\/fr\/news\/urban-connect-sassocie-aux-cff-pour-faire-passer-la-mobilite-des-collaborateurs-a-un-niveau-superieur\/","og_locale":"fr_FR","og_type":"article","og_title":"Urban Connect partners with SBB - Urban Connect","og_description":"Employees can now conveniently purchase public transport tickets via the Urban Connect app. Billing takes place via the mobility budget.","og_url":"https:\/\/urban-connect.com\/fr\/news\/urban-connect-sassocie-aux-cff-pour-faire-passer-la-mobilite-des-collaborateurs-a-un-niveau-superieur\/","og_site_name":"Urban Connect","article_modified_time":"2024-07-25T18:24:29+00:00","og_image":[{"width":2560,"height":2208,"url":"https:\/\/urban-connect.com\/wp-content\/uploads\/2023\/06\/UC_SBB_Image-scaled.jpg","type":"image\/jpeg"}],"twitter_card":"summary_large_image","twitter_misc":{"Dur\u00e9e de lecture estim\u00e9e":"2 minutes"},"schema":{"@context":"https:\/\/schema.org","@graph":[{"@type":"WebPage","@id":"https:\/\/urban-connect.com\/fr\/news\/urban-connect-sassocie-aux-cff-pour-faire-passer-la-mobilite-des-collaborateurs-a-un-niveau-superieur\/","url":"https:\/\/urban-connect.com\/fr\/news\/urban-connect-sassocie-aux-cff-pour-faire-passer-la-mobilite-des-collaborateurs-a-un-niveau-superieur\/","name":"Urban Connect partners with SBB - Urban Connect","isPartOf":{"@id":"https:\/\/urban-connect.com\/fr\/#website"},"primaryImageOfPage":{"@id":"https:\/\/urban-connect.com\/fr\/news\/urban-connect-sassocie-aux-cff-pour-faire-passer-la-mobilite-des-collaborateurs-a-un-niveau-superieur\/#primaryimage"},"image":{"@id":"https:\/\/urban-connect.com\/fr\/news\/urban-connect-sassocie-aux-cff-pour-faire-passer-la-mobilite-des-collaborateurs-a-un-niveau-superieur\/#primaryimage"},"thumbnailUrl":"https:\/\/urban-connect.com\/wp-content\/uploads\/2023\/06\/UC_SBB_Image-scaled.jpg","datePublished":"2023-06-01T07:25:04+00:00","dateModified":"2024-07-25T18:24:29+00:00","description":"Employees can now conveniently purchase public transport tickets via the Urban Connect app. Billing takes place via the mobility budget.","breadcrumb":{"@id":"https:\/\/urban-connect.com\/fr\/news\/urban-connect-sassocie-aux-cff-pour-faire-passer-la-mobilite-des-collaborateurs-a-un-niveau-superieur\/#breadcrumb"},"inLanguage":"fr-FR","potentialAction":[{"@type":"ReadAction","target":["https:\/\/urban-connect.com\/fr\/news\/urban-connect-sassocie-aux-cff-pour-faire-passer-la-mobilite-des-collaborateurs-a-un-niveau-superieur\/"]}]},{"@type":"ImageObject","inLanguage":"fr-FR","@id":"https:\/\/urban-connect.com\/fr\/news\/urban-connect-sassocie-aux-cff-pour-faire-passer-la-mobilite-des-collaborateurs-a-un-niveau-superieur\/#primaryimage","url":"https:\/\/urban-connect.com\/wp-content\/uploads\/2023\/06\/UC_SBB_Image-scaled.jpg","contentUrl":"https:\/\/urban-connect.com\/wp-content\/uploads\/2023\/06\/UC_SBB_Image-scaled.jpg","width":2560,"height":2208,"caption":"UC-SBB-Cooperation"},{"@type":"BreadcrumbList","@id":"https:\/\/urban-connect.com\/fr\/news\/urban-connect-sassocie-aux-cff-pour-faire-passer-la-mobilite-des-collaborateurs-a-un-niveau-superieur\/#breadcrumb","itemListElement":[{"@type":"ListItem","position":1,"name":"Home","item":"https:\/\/urban-connect.com\/fr\/"},{"@type":"ListItem","position":2,"name":"Urban Connect s\u2019associe aux CFF pour faire passer la mobilit\u00e9 des collaborateurs \u00e0 un niveau sup\u00e9rieur"}]},{"@type":"WebSite","@id":"https:\/\/urban-connect.com\/fr\/#website","url":"https:\/\/urban-connect.com\/fr\/","name":"Urban Connect","description":"","potentialAction":[{"@type":"SearchAction","target":{"@type":"EntryPoint","urlTemplate":"https:\/\/urban-connect.com\/fr\/?s={search_term_string}"},"query-input":"required name=search_term_string"}],"inLanguage":"fr-FR"}]}},"_links":{"self":[{"href":"https:\/\/urban-connect.com\/fr\/wp-json\/wp\/v2\/news\/5000","targetHints":{"allow":["GET"]}}],"collection":[{"href":"https:\/\/urban-connect.com\/fr\/wp-json\/wp\/v2\/news"}],"about":[{"href":"https:\/\/urban-connect.com\/fr\/wp-json\/wp\/v2\/types\/news"}],"wp:featuredmedia":[{"embeddable":true,"href":"https:\/\/urban-connect.com\/fr\/wp-json\/wp\/v2\/media\/5002"}],"wp:attachment":[{"href":"https:\/\/urban-connect.com\/fr\/wp-json\/wp\/v2\/media?parent=5000"}],"wp:term":[{"taxonomy":"news_category","embeddable":true,"href":"https:\/\/urban-connect.com\/fr\/wp-json\/wp\/v2\/news_category?post=5000"}],"curies":[{"name":"wp","href":"https:\/\/api.w.org\/{rel}","templated":true}]}}