{"id":4998,"date":"2023-10-30T15:20:42","date_gmt":"2023-10-30T15:20:42","guid":{"rendered":"https:\/\/urban-connect.com\/news\/urban-connect-founders-judith-haberli-robert-ruttmann-win-ey-entrepreneur-of-the-year-award\/"},"modified":"2024-07-25T19:23:21","modified_gmt":"2024-07-25T19:23:21","slug":"les-fondateurs-durban-connect-judith-haberli-et-robert-ruttmann-remportent-le-prix-de-lentrepreneur-de-lannee-decerne-par-ey","status":"publish","type":"news","link":"https:\/\/urban-connect.com\/fr\/news\/les-fondateurs-durban-connect-judith-haberli-et-robert-ruttmann-remportent-le-prix-de-lentrepreneur-de-lannee-decerne-par-ey\/","title":{"rendered":"Les fondateurs d&rsquo;Urban Connect, Judith H\u00e4berli et Robert Ruttmann, remportent le prix de l&rsquo;entrepreneur de l&rsquo;ann\u00e9e d\u00e9cern\u00e9 par EY!"},"content":{"rendered":"\n<p>Nous sommes ravis d&rsquo;annoncer que les fondateurs d&rsquo;Urban Connect &#8211; Judith H\u00e4berli et Robert Ruttmann &#8211; ont \u00e9t\u00e9 r\u00e9compens\u00e9s par le prestigieux prix EY Entrepreneur de l&rsquo;ann\u00e9e dans la cat\u00e9gorie Entrepreneur \u00e9mergent.\u00a0<\/p>\n\n\n\n<p><strong>Qu&rsquo;est-ce que le prix EY de l&rsquo;entrepreneur de l&rsquo;ann\u00e9e?<\/strong>\u00a0<\/p>\n\n\n\n<p>Le prix EY de l&rsquo;entrepreneur de l&rsquo;ann\u00e9e est l&rsquo;un des prix les plus importants et les plus respect\u00e9s dans le monde des affaires ; il a lieu pour la 26e fois en Suisse. Cr\u00e9\u00e9 par la soci\u00e9t\u00e9 de conseil EY, ce prix r\u00e9compense les fondateurs, les PDG et les dirigeants qui font preuve d&rsquo;un leadership exceptionnel en mati\u00e8re d&rsquo;innovation, de croissance et de changement positif dans les entreprises et les communaut\u00e9s.<\/p>\n\n\n\n<p>Choisis parmi une cinquantaine de candidats annuels, les finalistes des quatre cat\u00e9gories de prix &#8211; Entrepreneur \u00e9mergent, Services et commerce, Entreprise familiale et Industrie, hautes technologies et sciences de la vie &#8211; sont s\u00e9lectionn\u00e9s par un jury d\u00e9vou\u00e9 et ind\u00e9pendant compos\u00e9 de 11 membres qui consacrent des mois \u00e0 un processus de s\u00e9lection minutieux.<\/p>\n\n\n\n<p><strong>Champions de la cat\u00e9gorie des entrepreneurs \u00e9mergents<\/strong>\u00a0<\/p>\n\n\n\n<p>Le vendredi 27 octobre au soir, Judith H\u00e4berli et Robert Ruttmann ont assist\u00e9 \u00e0 la prestigieuse c\u00e9r\u00e9monie de remise des prix et au d\u00eener de gala de l&rsquo;Ann\u00e9e europ\u00e9enne 2023 \u00e0 Lausanne. C&rsquo;est l\u00e0 que Tom Hanan, PDG de Web Republic et membre ind\u00e9pendant du jury pour la cat\u00e9gorie Entrepreneur \u00e9mergent, a annonc\u00e9 que Judith et Robert avaient remport\u00e9 le prix.<\/p>\n\n\n\n<p>Tom Hanan a r\u00e9compens\u00e9 Judith et Robert pour leur prise de risque, leur ambition et leur innovation dans le domaine de la mobilit\u00e9. Ils ont fond\u00e9 Urban Connect presque par hasard, apr\u00e8s avoir eu l&rsquo;intention de cr\u00e9er un caf\u00e9. Le local qu&rsquo;ils avaient choisi \u00e9tait un ancien magasin de v\u00e9los et le propri\u00e9taire initial a annonc\u00e9 qu&rsquo;il ne vendrait l&rsquo;\u00e9tablissement que si son apprenti avait un emploi. Judith et Robert ont accept\u00e9 avec joie cette condition et cette tournure inattendue des \u00e9v\u00e9nements a fait basculer l&rsquo;objectif du caf\u00e9 vers la mobilit\u00e9.<\/p>\n\n\n\n<figure class=\"wp-block-image size-large\"><img loading=\"lazy\" decoding=\"async\" width=\"1024\" height=\"683\" data-src=\"https:\/\/urban-connect.com\/wp-content\/uploads\/2023\/10\/MicrosoftTeams-image-97-1024x683.jpg\" alt=\"Judith and Robert EY 2\" class=\"wp-image-3367 lazyload\" data-srcset=\"https:\/\/urban-connect.com\/wp-content\/uploads\/2023\/10\/MicrosoftTeams-image-97-1024x683.jpg 1024w, https:\/\/urban-connect.com\/wp-content\/uploads\/2023\/10\/MicrosoftTeams-image-97-300x200.jpg 300w, https:\/\/urban-connect.com\/wp-content\/uploads\/2023\/10\/MicrosoftTeams-image-97-768x512.jpg 768w, https:\/\/urban-connect.com\/wp-content\/uploads\/2023\/10\/MicrosoftTeams-image-97-1536x1024.jpg 1536w, https:\/\/urban-connect.com\/wp-content\/uploads\/2023\/10\/MicrosoftTeams-image-97-1620x1080.jpg 1620w, https:\/\/urban-connect.com\/wp-content\/uploads\/2023\/10\/MicrosoftTeams-image-97.jpg 2048w\" data-sizes=\"auto, (max-width: 1024px) 100vw, 1024px\" src=\"data:image\/gif;base64,R0lGODlhAQABAAAAACH5BAEKAAEALAAAAAABAAEAAAICTAEAOw==\" style=\"--smush-placeholder-width: 1024px; --smush-placeholder-aspect-ratio: 1024\/683;\" \/><noscript><img loading=\"lazy\" decoding=\"async\" width=\"1024\" height=\"683\" src=\"https:\/\/urban-connect.com\/wp-content\/uploads\/2023\/10\/MicrosoftTeams-image-97-1024x683.jpg\" alt=\"Judith and Robert EY 2\" class=\"wp-image-3367\" srcset=\"https:\/\/urban-connect.com\/wp-content\/uploads\/2023\/10\/MicrosoftTeams-image-97-1024x683.jpg 1024w, https:\/\/urban-connect.com\/wp-content\/uploads\/2023\/10\/MicrosoftTeams-image-97-300x200.jpg 300w, https:\/\/urban-connect.com\/wp-content\/uploads\/2023\/10\/MicrosoftTeams-image-97-768x512.jpg 768w, https:\/\/urban-connect.com\/wp-content\/uploads\/2023\/10\/MicrosoftTeams-image-97-1536x1024.jpg 1536w, https:\/\/urban-connect.com\/wp-content\/uploads\/2023\/10\/MicrosoftTeams-image-97-1620x1080.jpg 1620w, https:\/\/urban-connect.com\/wp-content\/uploads\/2023\/10\/MicrosoftTeams-image-97.jpg 2048w\" sizes=\"auto, (max-width: 1024px) 100vw, 1024px\" \/><\/noscript><\/figure>\n\n\n\n<p><strong>R\u00e9volutionner la mobilit\u00e9 d&rsquo;entreprise<\/strong>\u00a0<\/p>\n\n\n\n<p>Aujourd&rsquo;hui, Urban Connect est la premi\u00e8re plateforme de mobilit\u00e9 d&rsquo;entreprise de Suisse pour les solutions multimodales. L&rsquo;offre de services comprend trois piliers principaux : 1) les services de flotte, qui permettent aux employ\u00e9s d&rsquo;acc\u00e9der facilement \u00e0 des e-bikes, e-scooters, e-cars premium qui sont partag\u00e9s dans un \u00e9cosyst\u00e8me ferm\u00e9 ; 2) le budget de mobilit\u00e9, qui regroupe tous les services de mobilit\u00e9 &#8211; y compris les services de tiers &#8211; pour offrir aux employ\u00e9s un moyen \u00e9quitable et flexible d&rsquo;allouer les ressources de mobilit\u00e9 ; et 3) la gestion num\u00e9rique du stationnement, qui aide les entreprises \u00e0 guider syst\u00e9matiquement l&rsquo;acc\u00e8s \u00e0 leurs places de stationnement. Tous ces services de mobilit\u00e9 sont accessibles via une seule application, con\u00e7ue pour aider les entreprises \u00e0 \u00e9conomiser des co\u00fbts, \u00e0 r\u00e9duire les \u00e9missions et \u00e0 fournir aux utilisateurs finaux une exp\u00e9rience utilisateur transparente.<\/p>\n\n\n\n<p>Au cours des deux derni\u00e8res ann\u00e9es, Urban Connect a prosp\u00e9r\u00e9 pour devenir une plateforme de mobilit\u00e9 multimodale d&rsquo;entreprise de premier plan, au service de plus de 50 grandes entreprises de premier ordre en Suisse dans leurs efforts pour r\u00e9duire les \u00e9missions de carbone dues au trafic automobile. Judith H\u00e4berli, cofondatrice d&rsquo;Urban Connect, a d\u00e9clar\u00e9,&nbsp;\u00a0<\/p>\n\n\n\n<blockquote class=\"wp-block-quote is-layout-flow wp-block-quote-is-layout-flow\">\n<p><strong>\u00ab\u00a0Nous sommes tr\u00e8s honor\u00e9s de recevoir ce prix prestigieux. Il t\u00e9moigne du travail acharn\u00e9 et du d\u00e9vouement de toute l&rsquo;\u00e9quipe d&rsquo;Urban Connect. Cette reconnaissance nous motive tous \u00e0 poursuivre notre mission qui consiste \u00e0 aider les entreprises \u00e0 d\u00e9carboner et \u00e0 g\u00e9rer plus efficacement leurs syst\u00e8mes de mobilit\u00e9 des employ\u00e9s.<\/strong>\u00a0\u00bb\u00a0<\/p>\n<\/blockquote>\n\n\n\n<figure class=\"wp-block-image size-large\"><img loading=\"lazy\" decoding=\"async\" width=\"1024\" height=\"683\" data-src=\"https:\/\/urban-connect.com\/wp-content\/uploads\/2023\/10\/EOY_2023_074-1-1024x683.jpg\" alt=\"\" class=\"wp-image-3369 lazyload\" data-srcset=\"https:\/\/urban-connect.com\/wp-content\/uploads\/2023\/10\/EOY_2023_074-1-1024x683.jpg 1024w, https:\/\/urban-connect.com\/wp-content\/uploads\/2023\/10\/EOY_2023_074-1-300x200.jpg 300w, https:\/\/urban-connect.com\/wp-content\/uploads\/2023\/10\/EOY_2023_074-1-768x512.jpg 768w, https:\/\/urban-connect.com\/wp-content\/uploads\/2023\/10\/EOY_2023_074-1-1536x1024.jpg 1536w\" data-sizes=\"auto, (max-width: 1024px) 100vw, 1024px\" src=\"data:image\/gif;base64,R0lGODlhAQABAAAAACH5BAEKAAEALAAAAAABAAEAAAICTAEAOw==\" style=\"--smush-placeholder-width: 1024px; --smush-placeholder-aspect-ratio: 1024\/683;\" \/><noscript><img loading=\"lazy\" decoding=\"async\" width=\"1024\" height=\"683\" src=\"https:\/\/urban-connect.com\/wp-content\/uploads\/2023\/10\/EOY_2023_074-1-1024x683.jpg\" alt=\"\" class=\"wp-image-3369\" srcset=\"https:\/\/urban-connect.com\/wp-content\/uploads\/2023\/10\/EOY_2023_074-1-1024x683.jpg 1024w, https:\/\/urban-connect.com\/wp-content\/uploads\/2023\/10\/EOY_2023_074-1-300x200.jpg 300w, https:\/\/urban-connect.com\/wp-content\/uploads\/2023\/10\/EOY_2023_074-1-768x512.jpg 768w, https:\/\/urban-connect.com\/wp-content\/uploads\/2023\/10\/EOY_2023_074-1-1536x1024.jpg 1536w\" sizes=\"auto, (max-width: 1024px) 100vw, 1024px\" \/><\/noscript><\/figure>\n\n\n\n<p><strong>C\u00e9l\u00e9brons ensemble!<\/strong><\/p>\n\n\n\n<p>Au nom de l&rsquo;\u00e9quipe d&rsquo;Urban Connect, nous adressons \u00e9galement nos plus sinc\u00e8res f\u00e9licitations aux ph\u00e9nom\u00e9naux co-finalistes &#8211; David Gugelmann, Majbritt Byskov-Bridges et Mine Uran. Vous \u00eates tous extraordinaires! \ud83c\udf97\ufe0f\ud83c\udf97\ufe0f<\/p>\n\n\n\n<p>F\u00e9licitations \u00e9galement aux laur\u00e9ats exceptionnels dans leurs cat\u00e9gories respectives:<br>\ud83c\udfc6 Industrie, hautes technologies et sciences de la vie : Luca Santarelli de VectivBio<\/p>\n\n\n\n<p>\ud83c\udfc6 Services et commerce :\u202fPaul Fritz de Home Instead<\/p>\n\n\n\n<p>\ud83c\udfc6 Entreprises familiales : Daniel Bossard de Bossard Schweiz<\/p>\n\n\n\n<p>Pour c\u00e9l\u00e9brer ensemble ce prix, Urban Connect invite les entreprises \u00e0 une d\u00e9monstration personnelle de nos services. R\u00e9servez du temps avec nous ci-dessous et d\u00e9couvrez comment nous pouvons vous aider \u00e0 r\u00e9volutionner la fa\u00e7on dont vos employ\u00e9s voyagent!<\/p>\n\n\n\n<p>Change Mobility &#8211; Change the World<\/p>\n\n\n\n<div class=\"wp-block-buttons is-layout-flex wp-block-buttons-is-layout-flex\">\n<div class=\"wp-block-button has-custom-font-size\" style=\"font-size:20px\"><a class=\"wp-block-button__link wp-element-button\" href=\"https:\/\/meetings.hubspot.com\/felix-kruse\/meet-uc\" target=\"_blank\" rel=\"noreferrer noopener\">Book a demo<\/a><\/div>\n<\/div>\n","protected":false},"excerpt":{"rendered":"<p>Nous sommes ravis d&rsquo;annoncer que les fondateurs d&rsquo;Urban Connect &#8211; Judith H\u00e4berli et Robert Ruttmann &#8211; ont \u00e9t\u00e9 r\u00e9compens\u00e9s par le prestigieux prix EY Entrepreneur de l&rsquo;ann\u00e9e dans la cat\u00e9gorie Entrepreneur \u00e9mergent.\u00a0 Qu&rsquo;est-ce que le prix EY de l&rsquo;entrepreneur de l&rsquo;ann\u00e9e?\u00a0 Le prix EY de l&rsquo;entrepreneur de l&rsquo;ann\u00e9e est l&rsquo;un des prix les plus importants [&hellip;]<\/p>\n","protected":false},"featured_media":4999,"parent":0,"template":"","news_category":[33],"class_list":["post-4998","news","type-news","status-publish","has-post-thumbnail","hentry","news_category-actualites"],"acf":[],"yoast_head":"<!-- This site is optimized with the Yoast SEO plugin v23.2 - https:\/\/yoast.com\/wordpress\/plugins\/seo\/ -->\n<title>Les fondateurs d&#039;Urban Connect, Judith H\u00e4berli et Robert Ruttmann, remportent le prix de l&#039;entrepreneur de l&#039;ann\u00e9e d\u00e9cern\u00e9 par EY! - Urban Connect<\/title>\n<meta name=\"robots\" content=\"index, follow, max-snippet:-1, max-image-preview:large, max-video-preview:-1\" \/>\n<link rel=\"canonical\" href=\"https:\/\/urban-connect.com\/fr\/news\/les-fondateurs-durban-connect-judith-haberli-et-robert-ruttmann-remportent-le-prix-de-lentrepreneur-de-lannee-decerne-par-ey\/\" \/>\n<meta property=\"og:locale\" content=\"fr_FR\" \/>\n<meta property=\"og:type\" content=\"article\" \/>\n<meta property=\"og:title\" content=\"Les fondateurs d&#039;Urban Connect, Judith H\u00e4berli et Robert Ruttmann, remportent le prix de l&#039;entrepreneur de l&#039;ann\u00e9e d\u00e9cern\u00e9 par EY! - Urban Connect\" \/>\n<meta property=\"og:description\" content=\"Nous sommes ravis d&rsquo;annoncer que les fondateurs d&rsquo;Urban Connect &#8211; Judith H\u00e4berli et Robert Ruttmann &#8211; ont \u00e9t\u00e9 r\u00e9compens\u00e9s par le prestigieux prix EY Entrepreneur de l&rsquo;ann\u00e9e dans la cat\u00e9gorie Entrepreneur \u00e9mergent.\u00a0 Qu&rsquo;est-ce que le prix EY de l&rsquo;entrepreneur de l&rsquo;ann\u00e9e?\u00a0 Le prix EY de l&rsquo;entrepreneur de l&rsquo;ann\u00e9e est l&rsquo;un des prix les plus importants [&hellip;]\" \/>\n<meta property=\"og:url\" content=\"https:\/\/urban-connect.com\/fr\/news\/les-fondateurs-durban-connect-judith-haberli-et-robert-ruttmann-remportent-le-prix-de-lentrepreneur-de-lannee-decerne-par-ey\/\" \/>\n<meta property=\"og:site_name\" content=\"Urban Connect\" \/>\n<meta property=\"article:modified_time\" content=\"2024-07-25T19:23:21+00:00\" \/>\n<meta property=\"og:image\" content=\"https:\/\/urban-connect.com\/wp-content\/uploads\/2023\/10\/MicrosoftTeams-image-98.jpg\" \/>\n\t<meta property=\"og:image:width\" content=\"2047\" \/>\n\t<meta property=\"og:image:height\" content=\"1365\" \/>\n\t<meta property=\"og:image:type\" content=\"image\/jpeg\" \/>\n<meta name=\"twitter:card\" content=\"summary_large_image\" \/>\n<meta name=\"twitter:label1\" content=\"Dur\u00e9e de lecture estim\u00e9e\" \/>\n\t<meta name=\"twitter:data1\" content=\"4 minutes\" \/>\n<script type=\"application\/ld+json\" class=\"yoast-schema-graph\">{\"@context\":\"https:\/\/schema.org\",\"@graph\":[{\"@type\":\"WebPage\",\"@id\":\"https:\/\/urban-connect.com\/fr\/news\/les-fondateurs-durban-connect-judith-haberli-et-robert-ruttmann-remportent-le-prix-de-lentrepreneur-de-lannee-decerne-par-ey\/\",\"url\":\"https:\/\/urban-connect.com\/fr\/news\/les-fondateurs-durban-connect-judith-haberli-et-robert-ruttmann-remportent-le-prix-de-lentrepreneur-de-lannee-decerne-par-ey\/\",\"name\":\"Les fondateurs d'Urban Connect, Judith H\u00e4berli et Robert Ruttmann, remportent le prix de l'entrepreneur de l'ann\u00e9e d\u00e9cern\u00e9 par EY! - Urban Connect\",\"isPartOf\":{\"@id\":\"https:\/\/urban-connect.com\/fr\/#website\"},\"primaryImageOfPage\":{\"@id\":\"https:\/\/urban-connect.com\/fr\/news\/les-fondateurs-durban-connect-judith-haberli-et-robert-ruttmann-remportent-le-prix-de-lentrepreneur-de-lannee-decerne-par-ey\/#primaryimage\"},\"image\":{\"@id\":\"https:\/\/urban-connect.com\/fr\/news\/les-fondateurs-durban-connect-judith-haberli-et-robert-ruttmann-remportent-le-prix-de-lentrepreneur-de-lannee-decerne-par-ey\/#primaryimage\"},\"thumbnailUrl\":\"https:\/\/urban-connect.com\/wp-content\/uploads\/2023\/10\/MicrosoftTeams-image-98.jpg\",\"datePublished\":\"2023-10-30T15:20:42+00:00\",\"dateModified\":\"2024-07-25T19:23:21+00:00\",\"breadcrumb\":{\"@id\":\"https:\/\/urban-connect.com\/fr\/news\/les-fondateurs-durban-connect-judith-haberli-et-robert-ruttmann-remportent-le-prix-de-lentrepreneur-de-lannee-decerne-par-ey\/#breadcrumb\"},\"inLanguage\":\"fr-FR\",\"potentialAction\":[{\"@type\":\"ReadAction\",\"target\":[\"https:\/\/urban-connect.com\/fr\/news\/les-fondateurs-durban-connect-judith-haberli-et-robert-ruttmann-remportent-le-prix-de-lentrepreneur-de-lannee-decerne-par-ey\/\"]}]},{\"@type\":\"ImageObject\",\"inLanguage\":\"fr-FR\",\"@id\":\"https:\/\/urban-connect.com\/fr\/news\/les-fondateurs-durban-connect-judith-haberli-et-robert-ruttmann-remportent-le-prix-de-lentrepreneur-de-lannee-decerne-par-ey\/#primaryimage\",\"url\":\"https:\/\/urban-connect.com\/wp-content\/uploads\/2023\/10\/MicrosoftTeams-image-98.jpg\",\"contentUrl\":\"https:\/\/urban-connect.com\/wp-content\/uploads\/2023\/10\/MicrosoftTeams-image-98.jpg\",\"width\":2047,\"height\":1365,\"caption\":\"Judith and Robert winning EY award\"},{\"@type\":\"BreadcrumbList\",\"@id\":\"https:\/\/urban-connect.com\/fr\/news\/les-fondateurs-durban-connect-judith-haberli-et-robert-ruttmann-remportent-le-prix-de-lentrepreneur-de-lannee-decerne-par-ey\/#breadcrumb\",\"itemListElement\":[{\"@type\":\"ListItem\",\"position\":1,\"name\":\"Home\",\"item\":\"https:\/\/urban-connect.com\/fr\/\"},{\"@type\":\"ListItem\",\"position\":2,\"name\":\"Les fondateurs d&#8217;Urban Connect, Judith H\u00e4berli et Robert Ruttmann, remportent le prix de l&#8217;entrepreneur de l&#8217;ann\u00e9e d\u00e9cern\u00e9 par EY!\"}]},{\"@type\":\"WebSite\",\"@id\":\"https:\/\/urban-connect.com\/fr\/#website\",\"url\":\"https:\/\/urban-connect.com\/fr\/\",\"name\":\"Urban Connect\",\"description\":\"\",\"potentialAction\":[{\"@type\":\"SearchAction\",\"target\":{\"@type\":\"EntryPoint\",\"urlTemplate\":\"https:\/\/urban-connect.com\/fr\/?s={search_term_string}\"},\"query-input\":\"required name=search_term_string\"}],\"inLanguage\":\"fr-FR\"}]}<\/script>\n<!-- \/ Yoast SEO plugin. -->","yoast_head_json":{"title":"Les fondateurs d'Urban Connect, Judith H\u00e4berli et Robert Ruttmann, remportent le prix de l'entrepreneur de l'ann\u00e9e d\u00e9cern\u00e9 par EY! - Urban Connect","robots":{"index":"index","follow":"follow","max-snippet":"max-snippet:-1","max-image-preview":"max-image-preview:large","max-video-preview":"max-video-preview:-1"},"canonical":"https:\/\/urban-connect.com\/fr\/news\/les-fondateurs-durban-connect-judith-haberli-et-robert-ruttmann-remportent-le-prix-de-lentrepreneur-de-lannee-decerne-par-ey\/","og_locale":"fr_FR","og_type":"article","og_title":"Les fondateurs d'Urban Connect, Judith H\u00e4berli et Robert Ruttmann, remportent le prix de l'entrepreneur de l'ann\u00e9e d\u00e9cern\u00e9 par EY! - Urban Connect","og_description":"Nous sommes ravis d&rsquo;annoncer que les fondateurs d&rsquo;Urban Connect &#8211; Judith H\u00e4berli et Robert Ruttmann &#8211; ont \u00e9t\u00e9 r\u00e9compens\u00e9s par le prestigieux prix EY Entrepreneur de l&rsquo;ann\u00e9e dans la cat\u00e9gorie Entrepreneur \u00e9mergent.\u00a0 Qu&rsquo;est-ce que le prix EY de l&rsquo;entrepreneur de l&rsquo;ann\u00e9e?\u00a0 Le prix EY de l&rsquo;entrepreneur de l&rsquo;ann\u00e9e est l&rsquo;un des prix les plus importants [&hellip;]","og_url":"https:\/\/urban-connect.com\/fr\/news\/les-fondateurs-durban-connect-judith-haberli-et-robert-ruttmann-remportent-le-prix-de-lentrepreneur-de-lannee-decerne-par-ey\/","og_site_name":"Urban Connect","article_modified_time":"2024-07-25T19:23:21+00:00","og_image":[{"width":2047,"height":1365,"url":"https:\/\/urban-connect.com\/wp-content\/uploads\/2023\/10\/MicrosoftTeams-image-98.jpg","type":"image\/jpeg"}],"twitter_card":"summary_large_image","twitter_misc":{"Dur\u00e9e de lecture estim\u00e9e":"4 minutes"},"schema":{"@context":"https:\/\/schema.org","@graph":[{"@type":"WebPage","@id":"https:\/\/urban-connect.com\/fr\/news\/les-fondateurs-durban-connect-judith-haberli-et-robert-ruttmann-remportent-le-prix-de-lentrepreneur-de-lannee-decerne-par-ey\/","url":"https:\/\/urban-connect.com\/fr\/news\/les-fondateurs-durban-connect-judith-haberli-et-robert-ruttmann-remportent-le-prix-de-lentrepreneur-de-lannee-decerne-par-ey\/","name":"Les fondateurs d'Urban Connect, Judith H\u00e4berli et Robert Ruttmann, remportent le prix de l'entrepreneur de l'ann\u00e9e d\u00e9cern\u00e9 par EY! - Urban Connect","isPartOf":{"@id":"https:\/\/urban-connect.com\/fr\/#website"},"primaryImageOfPage":{"@id":"https:\/\/urban-connect.com\/fr\/news\/les-fondateurs-durban-connect-judith-haberli-et-robert-ruttmann-remportent-le-prix-de-lentrepreneur-de-lannee-decerne-par-ey\/#primaryimage"},"image":{"@id":"https:\/\/urban-connect.com\/fr\/news\/les-fondateurs-durban-connect-judith-haberli-et-robert-ruttmann-remportent-le-prix-de-lentrepreneur-de-lannee-decerne-par-ey\/#primaryimage"},"thumbnailUrl":"https:\/\/urban-connect.com\/wp-content\/uploads\/2023\/10\/MicrosoftTeams-image-98.jpg","datePublished":"2023-10-30T15:20:42+00:00","dateModified":"2024-07-25T19:23:21+00:00","breadcrumb":{"@id":"https:\/\/urban-connect.com\/fr\/news\/les-fondateurs-durban-connect-judith-haberli-et-robert-ruttmann-remportent-le-prix-de-lentrepreneur-de-lannee-decerne-par-ey\/#breadcrumb"},"inLanguage":"fr-FR","potentialAction":[{"@type":"ReadAction","target":["https:\/\/urban-connect.com\/fr\/news\/les-fondateurs-durban-connect-judith-haberli-et-robert-ruttmann-remportent-le-prix-de-lentrepreneur-de-lannee-decerne-par-ey\/"]}]},{"@type":"ImageObject","inLanguage":"fr-FR","@id":"https:\/\/urban-connect.com\/fr\/news\/les-fondateurs-durban-connect-judith-haberli-et-robert-ruttmann-remportent-le-prix-de-lentrepreneur-de-lannee-decerne-par-ey\/#primaryimage","url":"https:\/\/urban-connect.com\/wp-content\/uploads\/2023\/10\/MicrosoftTeams-image-98.jpg","contentUrl":"https:\/\/urban-connect.com\/wp-content\/uploads\/2023\/10\/MicrosoftTeams-image-98.jpg","width":2047,"height":1365,"caption":"Judith and Robert winning EY award"},{"@type":"BreadcrumbList","@id":"https:\/\/urban-connect.com\/fr\/news\/les-fondateurs-durban-connect-judith-haberli-et-robert-ruttmann-remportent-le-prix-de-lentrepreneur-de-lannee-decerne-par-ey\/#breadcrumb","itemListElement":[{"@type":"ListItem","position":1,"name":"Home","item":"https:\/\/urban-connect.com\/fr\/"},{"@type":"ListItem","position":2,"name":"Les fondateurs d&#8217;Urban Connect, Judith H\u00e4berli et Robert Ruttmann, remportent le prix de l&#8217;entrepreneur de l&#8217;ann\u00e9e d\u00e9cern\u00e9 par EY!"}]},{"@type":"WebSite","@id":"https:\/\/urban-connect.com\/fr\/#website","url":"https:\/\/urban-connect.com\/fr\/","name":"Urban Connect","description":"","potentialAction":[{"@type":"SearchAction","target":{"@type":"EntryPoint","urlTemplate":"https:\/\/urban-connect.com\/fr\/?s={search_term_string}"},"query-input":"required name=search_term_string"}],"inLanguage":"fr-FR"}]}},"_links":{"self":[{"href":"https:\/\/urban-connect.com\/fr\/wp-json\/wp\/v2\/news\/4998","targetHints":{"allow":["GET"]}}],"collection":[{"href":"https:\/\/urban-connect.com\/fr\/wp-json\/wp\/v2\/news"}],"about":[{"href":"https:\/\/urban-connect.com\/fr\/wp-json\/wp\/v2\/types\/news"}],"wp:featuredmedia":[{"embeddable":true,"href":"https:\/\/urban-connect.com\/fr\/wp-json\/wp\/v2\/media\/4999"}],"wp:attachment":[{"href":"https:\/\/urban-connect.com\/fr\/wp-json\/wp\/v2\/media?parent=4998"}],"wp:term":[{"taxonomy":"news_category","embeddable":true,"href":"https:\/\/urban-connect.com\/fr\/wp-json\/wp\/v2\/news_category?post=4998"}],"curies":[{"name":"wp","href":"https:\/\/api.w.org\/{rel}","templated":true}]}}