{"id":4995,"date":"2024-04-15T08:40:06","date_gmt":"2024-04-15T08:40:06","guid":{"rendered":"https:\/\/urban-connect.com\/news\/the-future-of-corporate-mobility-insights-from-urban-connect-mobility-conference\/"},"modified":"2024-07-25T18:55:42","modified_gmt":"2024-07-25T18:55:42","slug":"lavenir-de-la-mobilite-dentreprise-les-enseignements-de-la-conference-sur-la-mobilite-urban-connect","status":"publish","type":"news","link":"https:\/\/urban-connect.com\/fr\/news\/lavenir-de-la-mobilite-dentreprise-les-enseignements-de-la-conference-sur-la-mobilite-urban-connect\/","title":{"rendered":"L&rsquo;avenir de la mobilit\u00e9 d&rsquo;entreprise : les enseignements de la conf\u00e9rence sur la mobilit\u00e9 Urban Connect"},"content":{"rendered":"\n<p>Pour la troisi\u00e8me ann\u00e9e cons\u00e9cutive, Urban Connect a organis\u00e9 une conf\u00e9rence sur la mobilit\u00e9 d&rsquo;entreprise \u00e0 Zurich, intitul\u00e9e \u00ab L&rsquo;avenir de la mobilit\u00e9 d&rsquo;entreprise \u00bb. Cette ann\u00e9e, la conf\u00e9rence a \u00e9t\u00e9 organis\u00e9e en partenariat avec les CFF, Post Company Cars, Polestar, Riese &amp; M\u00fcller, Stromer, Swisscharge, Zaptec, Mobility, 42hacks et Swisscom.<\/p>\n\n\n\n<p>L&rsquo;\u00e9v\u00e9nement a rassembl\u00e9 des experts en mobilit\u00e9 et des cadres d&rsquo;entreprise de premier plan qui ont eu l&rsquo;occasion de se connecter, de partager leurs id\u00e9es et d&rsquo;\u00e9couter des orateurs renomm\u00e9s et des repr\u00e9sentants de McKinsey, des CFF, de la Poste, de ZHAW, de Roche et bien d&rsquo;autres encore. Avec cet \u00e9v\u00e9nement et sous la devise \u00ab Changez la mobilit\u00e9, changez le monde \u00bb, Urban Connect vise \u00e0 susciter un dialogue significatif entre les principaux acteurs de la mobilit\u00e9 sur la lutte contre les \u00e9missions dues aux d\u00e9placements domicile-travail, les embouteillages aux heures de pointe et l&rsquo;inefficacit\u00e9 des flottes d&rsquo;entreprise.<\/p>\n\n\n\n<figure class=\"wp-block-image size-large\"><img loading=\"lazy\" decoding=\"async\" width=\"1024\" height=\"683\" data-src=\"https:\/\/urban-connect.com\/wp-content\/uploads\/2024\/04\/UC_MobilityEvent_14-1024x683.jpg\" alt=\"\" class=\"wp-image-4437 lazyload\" data-srcset=\"https:\/\/urban-connect.com\/wp-content\/uploads\/2024\/04\/UC_MobilityEvent_14-1024x683.jpg 1024w, https:\/\/urban-connect.com\/wp-content\/uploads\/2024\/04\/UC_MobilityEvent_14-300x200.jpg 300w, https:\/\/urban-connect.com\/wp-content\/uploads\/2024\/04\/UC_MobilityEvent_14-768x512.jpg 768w, https:\/\/urban-connect.com\/wp-content\/uploads\/2024\/04\/UC_MobilityEvent_14-1536x1024.jpg 1536w, https:\/\/urban-connect.com\/wp-content\/uploads\/2024\/04\/UC_MobilityEvent_14-2048x1365.jpg 2048w, https:\/\/urban-connect.com\/wp-content\/uploads\/2024\/04\/UC_MobilityEvent_14-1620x1080.jpg 1620w\" data-sizes=\"auto, (max-width: 1024px) 100vw, 1024px\" src=\"data:image\/gif;base64,R0lGODlhAQABAAAAACH5BAEKAAEALAAAAAABAAEAAAICTAEAOw==\" style=\"--smush-placeholder-width: 1024px; --smush-placeholder-aspect-ratio: 1024\/683;\" \/><noscript><img loading=\"lazy\" decoding=\"async\" width=\"1024\" height=\"683\" src=\"https:\/\/urban-connect.com\/wp-content\/uploads\/2024\/04\/UC_MobilityEvent_14-1024x683.jpg\" alt=\"\" class=\"wp-image-4437\" srcset=\"https:\/\/urban-connect.com\/wp-content\/uploads\/2024\/04\/UC_MobilityEvent_14-1024x683.jpg 1024w, https:\/\/urban-connect.com\/wp-content\/uploads\/2024\/04\/UC_MobilityEvent_14-300x200.jpg 300w, https:\/\/urban-connect.com\/wp-content\/uploads\/2024\/04\/UC_MobilityEvent_14-768x512.jpg 768w, https:\/\/urban-connect.com\/wp-content\/uploads\/2024\/04\/UC_MobilityEvent_14-1536x1024.jpg 1536w, https:\/\/urban-connect.com\/wp-content\/uploads\/2024\/04\/UC_MobilityEvent_14-2048x1365.jpg 2048w, https:\/\/urban-connect.com\/wp-content\/uploads\/2024\/04\/UC_MobilityEvent_14-1620x1080.jpg 1620w\" sizes=\"auto, (max-width: 1024px) 100vw, 1024px\" \/><\/noscript><\/figure>\n\n\n\n<p><strong>Relever les d\u00e9fis du transport en Suisse\u00a0<\/strong><span style=\"font-size: medium; white-space-collapse: collapse;\"><\/span><\/p>\n\n\n\n<p>Le paysage de la mobilit\u00e9 en Suisse est caract\u00e9ris\u00e9 par la d\u00e9pendance \u00e0 l&rsquo;\u00e9gard des voitures priv\u00e9es. Le nombre et la taille des v\u00e9hicules priv\u00e9s sur les routes augmentent alors que leur taux d&rsquo;occupation moyen diminue. Cela contribue \u00e0 des niveaux de trafic sans pr\u00e9c\u00e9dent dans tout le pays.<\/p>\n\n\n\n<p>Plus de 50 % des trajets domicile-travail en Suisse sont effectu\u00e9s en voiture, qui domine m\u00eame pour les trajets de courte distance entre 2 et 5 km <a href=\"https:\/\/www.notion.so\/89933d716f6340c29210ba4b512cd7d4?pvs=21\">[1]<\/a>. La pr\u00e9f\u00e9rence marqu\u00e9e pour la voiture s&rsquo;explique par les probl\u00e8mes d&rsquo;accessibilit\u00e9 pos\u00e9s par les syst\u00e8mes de transports publics urbains <a href=\"https:\/\/map.geo.admin.ch\/?lang=de&amp;topic=are&amp;bgLayer=ch.swisstopo.pixelkarte-grau&amp;catalogNodes=954,959&amp;layers=ch.are.reisezeit-oev,ch.are.reisezeit-miv,ch.are.reisezeit-agglomerationen-oev,ch.are.reisezeit-agglomerationen-miv,ch.are.erreichbarkeit-oev,ch.are.erreichbarkeit-miv,ch.are.gueteklassen_oev&amp;layers_opacity=0.75,0.75,0.75,0.75,0.75,0.75,0.75&amp;layers_visibility=false,false,false,false,false,true,false&amp;E=2692689.17&amp;N=1246412.92&amp;zoom=4\">[2]<\/a>.<\/p>\n\n\n\n<p>Pour relever ces d\u00e9fis, les experts pr\u00e9sents \u00e0 l&rsquo;\u00e9v\u00e9nement ont discut\u00e9 de l&rsquo;importance des solutions innovantes avec trois implications cl\u00e9s :<\/p>\n\n\n\n<ol class=\"wp-block-list\">\n<li>Un ensemble d&rsquo;options alternatives de mobilit\u00e9 facilement accessibles est crucial pour remplacer le trafic automobile ;<\/li>\n\n\n\n<li>La mobilit\u00e9 partag\u00e9e est essentielle et doit \u00eatre d\u00e9ploy\u00e9e de mani\u00e8re agr\u00e9able et \u00e9motionnelle ;<\/li>\n\n\n\n<li>Les interventions des employ\u00e9s doivent \u00eatre per\u00e7ues comme \u00e9quitables, afin d&rsquo;\u00e9viter les politiques identitaires et de maximiser le potentiel d&rsquo;adoption (par exemple, automobilistes contre cyclistes).<\/li>\n<\/ol>\n\n\n\n<p><\/p>\n\n\n\n<figure class=\"wp-block-image size-large\"><img loading=\"lazy\" decoding=\"async\" width=\"1024\" height=\"683\" data-src=\"https:\/\/urban-connect.com\/wp-content\/uploads\/2024\/04\/UC_MobilityEvent_16-1024x683.jpg\" alt=\"\" class=\"wp-image-4447 lazyload\" data-srcset=\"https:\/\/urban-connect.com\/wp-content\/uploads\/2024\/04\/UC_MobilityEvent_16-1024x683.jpg 1024w, https:\/\/urban-connect.com\/wp-content\/uploads\/2024\/04\/UC_MobilityEvent_16-300x200.jpg 300w, https:\/\/urban-connect.com\/wp-content\/uploads\/2024\/04\/UC_MobilityEvent_16-768x512.jpg 768w, https:\/\/urban-connect.com\/wp-content\/uploads\/2024\/04\/UC_MobilityEvent_16-1536x1024.jpg 1536w, https:\/\/urban-connect.com\/wp-content\/uploads\/2024\/04\/UC_MobilityEvent_16-2048x1365.jpg 2048w, https:\/\/urban-connect.com\/wp-content\/uploads\/2024\/04\/UC_MobilityEvent_16-1620x1080.jpg 1620w\" data-sizes=\"auto, (max-width: 1024px) 100vw, 1024px\" src=\"data:image\/gif;base64,R0lGODlhAQABAAAAACH5BAEKAAEALAAAAAABAAEAAAICTAEAOw==\" style=\"--smush-placeholder-width: 1024px; --smush-placeholder-aspect-ratio: 1024\/683;\" \/><noscript><img loading=\"lazy\" decoding=\"async\" width=\"1024\" height=\"683\" src=\"https:\/\/urban-connect.com\/wp-content\/uploads\/2024\/04\/UC_MobilityEvent_16-1024x683.jpg\" alt=\"\" class=\"wp-image-4447\" srcset=\"https:\/\/urban-connect.com\/wp-content\/uploads\/2024\/04\/UC_MobilityEvent_16-1024x683.jpg 1024w, https:\/\/urban-connect.com\/wp-content\/uploads\/2024\/04\/UC_MobilityEvent_16-300x200.jpg 300w, https:\/\/urban-connect.com\/wp-content\/uploads\/2024\/04\/UC_MobilityEvent_16-768x512.jpg 768w, https:\/\/urban-connect.com\/wp-content\/uploads\/2024\/04\/UC_MobilityEvent_16-1536x1024.jpg 1536w, https:\/\/urban-connect.com\/wp-content\/uploads\/2024\/04\/UC_MobilityEvent_16-2048x1365.jpg 2048w, https:\/\/urban-connect.com\/wp-content\/uploads\/2024\/04\/UC_MobilityEvent_16-1620x1080.jpg 1620w\" sizes=\"auto, (max-width: 1024px) 100vw, 1024px\" \/><\/noscript><\/figure>\n\n\n\n<p><strong>Le potentiel de la mobilit\u00e9 partag\u00e9e multimodale<\/strong><\/p>\n\n\n\n<p>L&rsquo;un des exemples d&rsquo;alternatives innovantes \u00e0 l&rsquo;utilisation quotidienne de la voiture est celui des flottes de v\u00e9los \u00e9lectriques d&rsquo;entreprise partag\u00e9s et haut de gamme, fournis par Riese &amp; M\u00fcller et Stromer. Les utilisateurs de Stromer parcourant en moyenne 18 km par jour, les v\u00e9los \u00e9lectriques constituent une alternative efficace \u00e0 la voiture pour le trajet moyen de 13,7 km en Suisse.<\/p>\n\n\n\n<p>Le potentiel du covoiturage a \u00e9t\u00e9 illustr\u00e9 par la mise en \u0153uvre r\u00e9ussie du service Urban Connect chez Roche, qui a r\u00e9v\u00e9l\u00e9 qu&rsquo;un grand nombre d&#8217;employ\u00e9s avaient renonc\u00e9 \u00e0 poss\u00e9der une voiture et m\u00eame vendu leur v\u00e9hicule gr\u00e2ce \u00e0 l&rsquo;acc\u00e8s facile \u00e0 des voitures \u00e9lectriques partag\u00e9es pour leurs besoins occasionnels.<\/p>\n\n\n\n<figure class=\"wp-block-image size-large\"><img loading=\"lazy\" decoding=\"async\" width=\"1024\" height=\"683\" data-src=\"https:\/\/urban-connect.com\/wp-content\/uploads\/2024\/04\/UC_MobilityEvent_4-1024x683.jpg\" alt=\"\" class=\"wp-image-4439 lazyload\" data-srcset=\"https:\/\/urban-connect.com\/wp-content\/uploads\/2024\/04\/UC_MobilityEvent_4-1024x683.jpg 1024w, https:\/\/urban-connect.com\/wp-content\/uploads\/2024\/04\/UC_MobilityEvent_4-300x200.jpg 300w, https:\/\/urban-connect.com\/wp-content\/uploads\/2024\/04\/UC_MobilityEvent_4-768x512.jpg 768w, https:\/\/urban-connect.com\/wp-content\/uploads\/2024\/04\/UC_MobilityEvent_4-1536x1024.jpg 1536w, https:\/\/urban-connect.com\/wp-content\/uploads\/2024\/04\/UC_MobilityEvent_4-2048x1365.jpg 2048w, https:\/\/urban-connect.com\/wp-content\/uploads\/2024\/04\/UC_MobilityEvent_4-1620x1080.jpg 1620w\" data-sizes=\"auto, (max-width: 1024px) 100vw, 1024px\" src=\"data:image\/gif;base64,R0lGODlhAQABAAAAACH5BAEKAAEALAAAAAABAAEAAAICTAEAOw==\" style=\"--smush-placeholder-width: 1024px; --smush-placeholder-aspect-ratio: 1024\/683;\" \/><noscript><img loading=\"lazy\" decoding=\"async\" width=\"1024\" height=\"683\" src=\"https:\/\/urban-connect.com\/wp-content\/uploads\/2024\/04\/UC_MobilityEvent_4-1024x683.jpg\" alt=\"\" class=\"wp-image-4439\" srcset=\"https:\/\/urban-connect.com\/wp-content\/uploads\/2024\/04\/UC_MobilityEvent_4-1024x683.jpg 1024w, https:\/\/urban-connect.com\/wp-content\/uploads\/2024\/04\/UC_MobilityEvent_4-300x200.jpg 300w, https:\/\/urban-connect.com\/wp-content\/uploads\/2024\/04\/UC_MobilityEvent_4-768x512.jpg 768w, https:\/\/urban-connect.com\/wp-content\/uploads\/2024\/04\/UC_MobilityEvent_4-1536x1024.jpg 1536w, https:\/\/urban-connect.com\/wp-content\/uploads\/2024\/04\/UC_MobilityEvent_4-2048x1365.jpg 2048w, https:\/\/urban-connect.com\/wp-content\/uploads\/2024\/04\/UC_MobilityEvent_4-1620x1080.jpg 1620w\" sizes=\"auto, (max-width: 1024px) 100vw, 1024px\" \/><\/noscript><\/figure>\n\n\n\n<p><strong>Budgets de mobilit\u00e9\u00a0<\/strong><span style=\"font-size: medium; white-space-collapse: collapse;\"><\/span><\/p>\n\n\n\n<p>Les budgets de mobilit\u00e9, pr\u00e9sent\u00e9s comme la nouvelle g\u00e9n\u00e9ration d&rsquo;avantages pour les salari\u00e9s, ont constitu\u00e9 un autre sujet cl\u00e9. Cette initiative vise \u00e0 orienter le comportement des employ\u00e9s vers des options de transport \u00e0 faible \u00e9mission de carbone, en offrant un moyen de d\u00e9ployer un syst\u00e8me d&rsquo;incitation \u00e9quitable et personnalisable, tout en \u00e9conomisant des co\u00fbts et en augmentant l&rsquo;attractivit\u00e9 de l&#8217;employeur.<\/p>\n\n\n\n<p><strong>The future of corporate mobility<\/strong><\/p>\n\n\n\n<blockquote class=\"wp-block-quote is-layout-flow wp-block-quote-is-layout-flow\">\n<p>\u00ab L&rsquo;avenir de la mobilit\u00e9 d&rsquo;entreprise passe de la propri\u00e9t\u00e9 \u00e0 l&rsquo;acc\u00e8s ! S&rsquo;\u00e9loignant des flottes poss\u00e9d\u00e9es, de nombreuses entreprises suisses parmi les plus progressistes offrent \u00e0 leurs employ\u00e9s l&rsquo;acc\u00e8s \u00e0 un \u00e9cosyst\u00e8me d&rsquo;options de mobilit\u00e9 partag\u00e9e \u00e0 faible \u00e9mission de carbone &#8211; allant des v\u00e9los \u00e9lectriques partag\u00e9s, des scooters \u00e9lectriques, des voitures \u00e9lectriques connect\u00e9es intelligemment, de la billetterie pour les transports publics, et m\u00eame des solutions num\u00e9riques de stationnement d&rsquo;entreprise. Ces solutions aident les entreprises \u00e0 se conformer aux nouveaux objectifs l\u00e9gaux en mati\u00e8re de climat et \u00e0 relever les d\u00e9fis actuels de la mobilit\u00e9 en Suisse \u00bb<\/p>\n<\/blockquote>\n\n\n\n<p>d\u00e9clare Robert Ruttmann, cofondateur et directeur g\u00e9n\u00e9ral d&rsquo;Urban Connect<br><br>Urban Connect offre une plateforme de mobilit\u00e9 multimodale compl\u00e8te con\u00e7ue pour int\u00e9grer tous les aspects des besoins de mobilit\u00e9 des entreprises &#8211; y compris la gestion de la flotte, l&rsquo;analyse, la mobilit\u00e9 partag\u00e9e, la billetterie des transports publics et les budgets de mobilit\u00e9. Le tout soutenu par une application num\u00e9rique avanc\u00e9e pour les utilisateurs et les d\u00e9cideurs.<\/p>\n\n\n\n<p>Change Mobility &#8211; Change the World<\/p>\n\n\n        <section class=\"author-block\">\n            <div class=\"container\">\n                <div class=\"left-side\">\n                    <h6 class=\"name\">Domas Bartusevicius<\/h6>\n                    <span class=\"position\">Chief of Staff<\/span>\n                <\/div>\n                <div class=\"right-side\">\n                                            <img decoding=\"async\" \n                        class=\"image lazyload\" data-src=\"https:\/\/urban-connect.com\/wp-content\/uploads\/2024\/01\/Domas-1024x1024.jpg\"\n                        data-srcset=\"https:\/\/urban-connect.com\/wp-content\/uploads\/2024\/01\/Domas-1024x1024.jpg 1024w, https:\/\/urban-connect.com\/wp-content\/uploads\/2024\/01\/Domas-300x300.jpg 300w, https:\/\/urban-connect.com\/wp-content\/uploads\/2024\/01\/Domas-150x150.jpg 150w, https:\/\/urban-connect.com\/wp-content\/uploads\/2024\/01\/Domas-768x768.jpg 768w, https:\/\/urban-connect.com\/wp-content\/uploads\/2024\/01\/Domas-1080x1080.jpg 1080w, https:\/\/urban-connect.com\/wp-content\/uploads\/2024\/01\/Domas.jpg 1250w\"\n                        data-sizes=\"(max-width: 1024px) 100vw, 1024px\"\n                        alt=\"Chart Image\"\n                         src=\"data:image\/gif;base64,R0lGODlhAQABAAAAACH5BAEKAAEALAAAAAABAAEAAAICTAEAOw==\" style=\"--smush-placeholder-width: 1024px; --smush-placeholder-aspect-ratio: 1024\/1024;\"><noscript><img decoding=\"async\" \n                        class=\"image\" src=\"https:\/\/urban-connect.com\/wp-content\/uploads\/2024\/01\/Domas-1024x1024.jpg\"\n                        srcset=\"https:\/\/urban-connect.com\/wp-content\/uploads\/2024\/01\/Domas-1024x1024.jpg 1024w, https:\/\/urban-connect.com\/wp-content\/uploads\/2024\/01\/Domas-300x300.jpg 300w, https:\/\/urban-connect.com\/wp-content\/uploads\/2024\/01\/Domas-150x150.jpg 150w, https:\/\/urban-connect.com\/wp-content\/uploads\/2024\/01\/Domas-768x768.jpg 768w, https:\/\/urban-connect.com\/wp-content\/uploads\/2024\/01\/Domas-1080x1080.jpg 1080w, https:\/\/urban-connect.com\/wp-content\/uploads\/2024\/01\/Domas.jpg 1250w\"\n                        sizes=\"(max-width: 1024px) 100vw, 1024px\"\n                        alt=\"Chart Image\"\n                        ><\/noscript>\n                                        <\/div>\n            <\/div>\n        <\/section>\n        ","protected":false},"excerpt":{"rendered":"<p>Pour la troisi\u00e8me ann\u00e9e cons\u00e9cutive, Urban Connect a organis\u00e9 une conf\u00e9rence sur la mobilit\u00e9 d&rsquo;entreprise \u00e0 Zurich, intitul\u00e9e \u00ab L&rsquo;avenir de la mobilit\u00e9 d&rsquo;entreprise \u00bb. Cette ann\u00e9e, la conf\u00e9rence a \u00e9t\u00e9 organis\u00e9e en partenariat avec les CFF, Post Company Cars, Polestar, Riese &amp; M\u00fcller, Stromer, Swisscharge, Zaptec, Mobility, 42hacks et Swisscom. L&rsquo;\u00e9v\u00e9nement a rassembl\u00e9 des [&hellip;]<\/p>\n","protected":false},"featured_media":4997,"parent":0,"template":"","news_category":[35],"class_list":["post-4995","news","type-news","status-publish","has-post-thumbnail","hentry","news_category-evenements"],"acf":[],"yoast_head":"<!-- This site is optimized with the Yoast SEO plugin v23.2 - https:\/\/yoast.com\/wordpress\/plugins\/seo\/ -->\n<title>L&#039;avenir de la mobilit\u00e9 d&#039;entreprise : les enseignements de la conf\u00e9rence sur la mobilit\u00e9 Urban Connect - Urban Connect<\/title>\n<meta name=\"robots\" content=\"index, follow, max-snippet:-1, max-image-preview:large, max-video-preview:-1\" \/>\n<link rel=\"canonical\" href=\"https:\/\/urban-connect.com\/fr\/news\/lavenir-de-la-mobilite-dentreprise-les-enseignements-de-la-conference-sur-la-mobilite-urban-connect\/\" \/>\n<meta property=\"og:locale\" content=\"fr_FR\" \/>\n<meta property=\"og:type\" content=\"article\" \/>\n<meta property=\"og:title\" content=\"L&#039;avenir de la mobilit\u00e9 d&#039;entreprise : les enseignements de la conf\u00e9rence sur la mobilit\u00e9 Urban Connect - Urban Connect\" \/>\n<meta property=\"og:description\" content=\"Pour la troisi\u00e8me ann\u00e9e cons\u00e9cutive, Urban Connect a organis\u00e9 une conf\u00e9rence sur la mobilit\u00e9 d&rsquo;entreprise \u00e0 Zurich, intitul\u00e9e \u00ab L&rsquo;avenir de la mobilit\u00e9 d&rsquo;entreprise \u00bb. Cette ann\u00e9e, la conf\u00e9rence a \u00e9t\u00e9 organis\u00e9e en partenariat avec les CFF, Post Company Cars, Polestar, Riese &amp; M\u00fcller, Stromer, Swisscharge, Zaptec, Mobility, 42hacks et Swisscom. L&rsquo;\u00e9v\u00e9nement a rassembl\u00e9 des [&hellip;]\" \/>\n<meta property=\"og:url\" content=\"https:\/\/urban-connect.com\/fr\/news\/lavenir-de-la-mobilite-dentreprise-les-enseignements-de-la-conference-sur-la-mobilite-urban-connect\/\" \/>\n<meta property=\"og:site_name\" content=\"Urban Connect\" \/>\n<meta property=\"article:modified_time\" content=\"2024-07-25T18:55:42+00:00\" \/>\n<meta property=\"og:image\" content=\"https:\/\/urban-connect.com\/wp-content\/uploads\/2024\/04\/UC_MobilityEvent_1-scaled.jpg\" \/>\n\t<meta property=\"og:image:width\" content=\"2560\" \/>\n\t<meta property=\"og:image:height\" content=\"1707\" \/>\n\t<meta property=\"og:image:type\" content=\"image\/jpeg\" \/>\n<meta name=\"twitter:card\" content=\"summary_large_image\" \/>\n<meta name=\"twitter:label1\" content=\"Dur\u00e9e de lecture estim\u00e9e\" \/>\n\t<meta name=\"twitter:data1\" content=\"4 minutes\" \/>\n<script type=\"application\/ld+json\" class=\"yoast-schema-graph\">{\"@context\":\"https:\/\/schema.org\",\"@graph\":[{\"@type\":\"WebPage\",\"@id\":\"https:\/\/urban-connect.com\/fr\/news\/lavenir-de-la-mobilite-dentreprise-les-enseignements-de-la-conference-sur-la-mobilite-urban-connect\/\",\"url\":\"https:\/\/urban-connect.com\/fr\/news\/lavenir-de-la-mobilite-dentreprise-les-enseignements-de-la-conference-sur-la-mobilite-urban-connect\/\",\"name\":\"L'avenir de la mobilit\u00e9 d'entreprise : les enseignements de la conf\u00e9rence sur la mobilit\u00e9 Urban Connect - Urban Connect\",\"isPartOf\":{\"@id\":\"https:\/\/urban-connect.com\/fr\/#website\"},\"primaryImageOfPage\":{\"@id\":\"https:\/\/urban-connect.com\/fr\/news\/lavenir-de-la-mobilite-dentreprise-les-enseignements-de-la-conference-sur-la-mobilite-urban-connect\/#primaryimage\"},\"image\":{\"@id\":\"https:\/\/urban-connect.com\/fr\/news\/lavenir-de-la-mobilite-dentreprise-les-enseignements-de-la-conference-sur-la-mobilite-urban-connect\/#primaryimage\"},\"thumbnailUrl\":\"https:\/\/urban-connect.com\/wp-content\/uploads\/2024\/04\/UC_MobilityEvent_1-scaled.jpg\",\"datePublished\":\"2024-04-15T08:40:06+00:00\",\"dateModified\":\"2024-07-25T18:55:42+00:00\",\"breadcrumb\":{\"@id\":\"https:\/\/urban-connect.com\/fr\/news\/lavenir-de-la-mobilite-dentreprise-les-enseignements-de-la-conference-sur-la-mobilite-urban-connect\/#breadcrumb\"},\"inLanguage\":\"fr-FR\",\"potentialAction\":[{\"@type\":\"ReadAction\",\"target\":[\"https:\/\/urban-connect.com\/fr\/news\/lavenir-de-la-mobilite-dentreprise-les-enseignements-de-la-conference-sur-la-mobilite-urban-connect\/\"]}]},{\"@type\":\"ImageObject\",\"inLanguage\":\"fr-FR\",\"@id\":\"https:\/\/urban-connect.com\/fr\/news\/lavenir-de-la-mobilite-dentreprise-les-enseignements-de-la-conference-sur-la-mobilite-urban-connect\/#primaryimage\",\"url\":\"https:\/\/urban-connect.com\/wp-content\/uploads\/2024\/04\/UC_MobilityEvent_1-scaled.jpg\",\"contentUrl\":\"https:\/\/urban-connect.com\/wp-content\/uploads\/2024\/04\/UC_MobilityEvent_1-scaled.jpg\",\"width\":2560,\"height\":1707},{\"@type\":\"BreadcrumbList\",\"@id\":\"https:\/\/urban-connect.com\/fr\/news\/lavenir-de-la-mobilite-dentreprise-les-enseignements-de-la-conference-sur-la-mobilite-urban-connect\/#breadcrumb\",\"itemListElement\":[{\"@type\":\"ListItem\",\"position\":1,\"name\":\"Home\",\"item\":\"https:\/\/urban-connect.com\/fr\/\"},{\"@type\":\"ListItem\",\"position\":2,\"name\":\"L&#8217;avenir de la mobilit\u00e9 d&#8217;entreprise : les enseignements de la conf\u00e9rence sur la mobilit\u00e9 Urban Connect\"}]},{\"@type\":\"WebSite\",\"@id\":\"https:\/\/urban-connect.com\/fr\/#website\",\"url\":\"https:\/\/urban-connect.com\/fr\/\",\"name\":\"Urban Connect\",\"description\":\"\",\"potentialAction\":[{\"@type\":\"SearchAction\",\"target\":{\"@type\":\"EntryPoint\",\"urlTemplate\":\"https:\/\/urban-connect.com\/fr\/?s={search_term_string}\"},\"query-input\":\"required name=search_term_string\"}],\"inLanguage\":\"fr-FR\"}]}<\/script>\n<!-- \/ Yoast SEO plugin. -->","yoast_head_json":{"title":"L'avenir de la mobilit\u00e9 d'entreprise : les enseignements de la conf\u00e9rence sur la mobilit\u00e9 Urban Connect - Urban Connect","robots":{"index":"index","follow":"follow","max-snippet":"max-snippet:-1","max-image-preview":"max-image-preview:large","max-video-preview":"max-video-preview:-1"},"canonical":"https:\/\/urban-connect.com\/fr\/news\/lavenir-de-la-mobilite-dentreprise-les-enseignements-de-la-conference-sur-la-mobilite-urban-connect\/","og_locale":"fr_FR","og_type":"article","og_title":"L'avenir de la mobilit\u00e9 d'entreprise : les enseignements de la conf\u00e9rence sur la mobilit\u00e9 Urban Connect - Urban Connect","og_description":"Pour la troisi\u00e8me ann\u00e9e cons\u00e9cutive, Urban Connect a organis\u00e9 une conf\u00e9rence sur la mobilit\u00e9 d&rsquo;entreprise \u00e0 Zurich, intitul\u00e9e \u00ab L&rsquo;avenir de la mobilit\u00e9 d&rsquo;entreprise \u00bb. Cette ann\u00e9e, la conf\u00e9rence a \u00e9t\u00e9 organis\u00e9e en partenariat avec les CFF, Post Company Cars, Polestar, Riese &amp; M\u00fcller, Stromer, Swisscharge, Zaptec, Mobility, 42hacks et Swisscom. L&rsquo;\u00e9v\u00e9nement a rassembl\u00e9 des [&hellip;]","og_url":"https:\/\/urban-connect.com\/fr\/news\/lavenir-de-la-mobilite-dentreprise-les-enseignements-de-la-conference-sur-la-mobilite-urban-connect\/","og_site_name":"Urban Connect","article_modified_time":"2024-07-25T18:55:42+00:00","og_image":[{"width":2560,"height":1707,"url":"https:\/\/urban-connect.com\/wp-content\/uploads\/2024\/04\/UC_MobilityEvent_1-scaled.jpg","type":"image\/jpeg"}],"twitter_card":"summary_large_image","twitter_misc":{"Dur\u00e9e de lecture estim\u00e9e":"4 minutes"},"schema":{"@context":"https:\/\/schema.org","@graph":[{"@type":"WebPage","@id":"https:\/\/urban-connect.com\/fr\/news\/lavenir-de-la-mobilite-dentreprise-les-enseignements-de-la-conference-sur-la-mobilite-urban-connect\/","url":"https:\/\/urban-connect.com\/fr\/news\/lavenir-de-la-mobilite-dentreprise-les-enseignements-de-la-conference-sur-la-mobilite-urban-connect\/","name":"L'avenir de la mobilit\u00e9 d'entreprise : les enseignements de la conf\u00e9rence sur la mobilit\u00e9 Urban Connect - Urban Connect","isPartOf":{"@id":"https:\/\/urban-connect.com\/fr\/#website"},"primaryImageOfPage":{"@id":"https:\/\/urban-connect.com\/fr\/news\/lavenir-de-la-mobilite-dentreprise-les-enseignements-de-la-conference-sur-la-mobilite-urban-connect\/#primaryimage"},"image":{"@id":"https:\/\/urban-connect.com\/fr\/news\/lavenir-de-la-mobilite-dentreprise-les-enseignements-de-la-conference-sur-la-mobilite-urban-connect\/#primaryimage"},"thumbnailUrl":"https:\/\/urban-connect.com\/wp-content\/uploads\/2024\/04\/UC_MobilityEvent_1-scaled.jpg","datePublished":"2024-04-15T08:40:06+00:00","dateModified":"2024-07-25T18:55:42+00:00","breadcrumb":{"@id":"https:\/\/urban-connect.com\/fr\/news\/lavenir-de-la-mobilite-dentreprise-les-enseignements-de-la-conference-sur-la-mobilite-urban-connect\/#breadcrumb"},"inLanguage":"fr-FR","potentialAction":[{"@type":"ReadAction","target":["https:\/\/urban-connect.com\/fr\/news\/lavenir-de-la-mobilite-dentreprise-les-enseignements-de-la-conference-sur-la-mobilite-urban-connect\/"]}]},{"@type":"ImageObject","inLanguage":"fr-FR","@id":"https:\/\/urban-connect.com\/fr\/news\/lavenir-de-la-mobilite-dentreprise-les-enseignements-de-la-conference-sur-la-mobilite-urban-connect\/#primaryimage","url":"https:\/\/urban-connect.com\/wp-content\/uploads\/2024\/04\/UC_MobilityEvent_1-scaled.jpg","contentUrl":"https:\/\/urban-connect.com\/wp-content\/uploads\/2024\/04\/UC_MobilityEvent_1-scaled.jpg","width":2560,"height":1707},{"@type":"BreadcrumbList","@id":"https:\/\/urban-connect.com\/fr\/news\/lavenir-de-la-mobilite-dentreprise-les-enseignements-de-la-conference-sur-la-mobilite-urban-connect\/#breadcrumb","itemListElement":[{"@type":"ListItem","position":1,"name":"Home","item":"https:\/\/urban-connect.com\/fr\/"},{"@type":"ListItem","position":2,"name":"L&#8217;avenir de la mobilit\u00e9 d&#8217;entreprise : les enseignements de la conf\u00e9rence sur la mobilit\u00e9 Urban Connect"}]},{"@type":"WebSite","@id":"https:\/\/urban-connect.com\/fr\/#website","url":"https:\/\/urban-connect.com\/fr\/","name":"Urban Connect","description":"","potentialAction":[{"@type":"SearchAction","target":{"@type":"EntryPoint","urlTemplate":"https:\/\/urban-connect.com\/fr\/?s={search_term_string}"},"query-input":"required name=search_term_string"}],"inLanguage":"fr-FR"}]}},"_links":{"self":[{"href":"https:\/\/urban-connect.com\/fr\/wp-json\/wp\/v2\/news\/4995","targetHints":{"allow":["GET"]}}],"collection":[{"href":"https:\/\/urban-connect.com\/fr\/wp-json\/wp\/v2\/news"}],"about":[{"href":"https:\/\/urban-connect.com\/fr\/wp-json\/wp\/v2\/types\/news"}],"wp:featuredmedia":[{"embeddable":true,"href":"https:\/\/urban-connect.com\/fr\/wp-json\/wp\/v2\/media\/4997"}],"wp:attachment":[{"href":"https:\/\/urban-connect.com\/fr\/wp-json\/wp\/v2\/media?parent=4995"}],"wp:term":[{"taxonomy":"news_category","embeddable":true,"href":"https:\/\/urban-connect.com\/fr\/wp-json\/wp\/v2\/news_category?post=4995"}],"curies":[{"name":"wp","href":"https:\/\/api.w.org\/{rel}","templated":true}]}}