{"id":4993,"date":"2023-08-18T14:55:30","date_gmt":"2023-08-18T14:55:30","guid":{"rendered":"https:\/\/urban-connect.com\/news\/standing-still-in-traffic-jams-how-companies-can-lead-a-mobility-turnaround\/"},"modified":"2025-01-27T11:23:54","modified_gmt":"2025-01-27T11:23:54","slug":"rester-immobile-dans-les-embouteillages-comment-les-entreprises-peuvent-mener-un-revirement-de-la-mobilite","status":"publish","type":"news","link":"https:\/\/urban-connect.com\/fr\/news\/rester-immobile-dans-les-embouteillages-comment-les-entreprises-peuvent-mener-un-revirement-de-la-mobilite\/","title":{"rendered":"Rester immobile dans les embouteillages\u00a0: comment les entreprises peuvent mener un revirement de la mobilit\u00e9"},"content":{"rendered":"\n<p>En Suisse, le th\u00e8me de la mobilit\u00e9 est depuis longtemps devenu un sujet d\u2019actualit\u00e9. Les villes qui sont aux prises avec des embouteillages et sont de plus en plus sollicit\u00e9es pour lancer une politique de transport net z\u00e9ro. Ces initiatives sont en effet justifi\u00e9es. Dans une comparaison internationale, la Suisse a l\u2019un des taux d\u2019utilisation de v\u00e9hicules les plus inefficaces. Une analyse de l\u2019Office f\u00e9d\u00e9ral suisse de la statistique a montr\u00e9 que les v\u00e9hicules sont stationnaires en moyenne 23 heures par jour et qu\u2019ils n\u2019occupent qu\u2019environ 1,6 place. Cela correspond \u00e0 un facteur de charge combin\u00e9 de seulement 1,6%. Les embouteillages croissants sur nos routes \u2013 surtout \u00e0 l\u2019heure de pointe \u2013 sont le r\u00e9sultat de cette faible utilisation.<\/p>\n\n\n\n<p>La Suisse est en effet un pays de navetteurs en voitures. Plus de la moiti\u00e9 des navetteurs suisses utilisent l\u2019automobile tous les jours. Cela est important car un peu moins d\u2019un tiers des \u00e9missions de gaz \u00e0 effet de serre en Suisse sont imputables au trafic automobile. La d\u00e9carbonisation et l\u2019utilisation accrue des capacit\u00e9s de mobilit\u00e9 en Suisse deviendront donc probablement des \u00e9l\u00e9ments importants d\u2019une strat\u00e9gie \u00e9conomique durable. Le programme d\u2019un revirement des transports en Suisse est donc \u00e9vident.<\/p>\n\n\n\n<p>Il faudrait r\u00e9duire la flotte suisse de 4,7&nbsp;millions de voitures. Mais le changement est rarement facile. La voiture est depuis longtemps devenue un puissant symbole de notre individualit\u00e9, de notre autod\u00e9termination et m\u00eame de notre culture industrielle. Une question cruciale se pose \u00e0 partir de cette prise de conscience&nbsp;: qu\u2019est-ce qui ferait que les gens abandonnent volontairement leurs propres voitures?<\/p>\n\n\n\n<h2 class=\"wp-block-heading\"><strong>Qui va faire sans sa propre voiture?<\/strong><\/h2>\n\n\n\n<p>La r\u00e9ponse devrait \u00eatre \u00e9vidente&nbsp;: pour inviter les gens \u00e0 abandonner leur propre voiture, les alternatives \u00e0 la propri\u00e9t\u00e9 d\u2019une voiture doivent \u00eatre \u00e9tendues, am\u00e9lior\u00e9es et interconnect\u00e9es de mani\u00e8re conviviale. \u00ab&nbsp;Utiliser au lieu de poss\u00e9der&nbsp;\u00bb est la devise. La mobilit\u00e9 en tant que service est le terme de l\u2019heure. Il ne s\u2019agit pas de savoir si les transports publics, le partage des v\u00e9los et scooters \u00e9lectriques ou le partage de voitures seraient une seule alternative. Il s\u2019agit plut\u00f4t de la mise en r\u00e9seau num\u00e9rique d\u2019une cha\u00eene de mobilit\u00e9 multimodale avec un acc\u00e8s facile. Une \u00e9tude int\u00e9ressante de l\u2019agence de conseil McKinsey confirme ce potentiel&nbsp;: elle montre que la volont\u00e9 des gens pour le partage des v\u00e9hicules a augment\u00e9. L\u2019\u00e9tude montre \u00e9galement que non seulement la propri\u00e9t\u00e9 d\u2019un v\u00e9hicule est pertinente, mais aussi l\u2019acc\u00e8s aux v\u00e9hicules. Mais qui offre cet acc\u00e8s aux solutions de mobilit\u00e9 en tant que service?<\/p>\n\n\n\n<h2 class=\"wp-block-heading\"><strong>Les entreprises comme moteurs de l\u2019innovation<\/strong><\/h2>\n\n\n\n<p>Des entreprises innovantes comme Lonza et Roche travaillent d\u00e9j\u00e0 dur sur de nouveaux mod\u00e8les de mobilit\u00e9. Afin de r\u00e9duire le transport motoris\u00e9 priv\u00e9, ils comptent sur des flottes de v\u00e9hicules multimodales et partag\u00e9es \u2013 des v\u00e9los \u00e9lectriques aux voitures \u00e9lectriques, scooters \u00e9lectriques,\u2013 qui sont ensuite partag\u00e9s entre les employ\u00e9s en fonction des besoins de l\u2019utilisateur. De plus en plus d\u2019employ\u00e9s conduisent leur propre voiture pour aller travailler et partagent une vari\u00e9t\u00e9 d\u2019options de mobilit\u00e9. Pour les v\u00e9hicules partag\u00e9s, il y a un parking central, un service de maintenance et de nettoyage et une application conviviale avec laquelle le v\u00e9hicule souhait\u00e9 peut \u00eatre r\u00e9serv\u00e9 \u00e0 tout moment, d\u00e9verrouill\u00e9, et factur\u00e9 sans probl\u00e8me apr\u00e8s le voyage. Les avantages pour les entreprises sont \u00e9vidents&nbsp;: les co\u00fbts diminuent car il n\u2019y a pas autant de voitures \u00e0 acheter, la demande de stationnement baisse fortement \u00e0 mesure que plus de personnes utilisent moins de voitures et la mobilit\u00e9 globale-Les \u00e9missions de gaz \u00e0 effet de serre sont r\u00e9duites, surtout si les v\u00e9hicules partag\u00e9s sont des voitures ou des v\u00e9los \u00e9lectriques.<\/p>\n\n\n\n<h2 class=\"wp-block-heading\"><strong>Comment les co\u00fbts, l\u2019espace et les \u00e9missions sont \u00e9conomis\u00e9s<\/strong><\/h2>\n\n\n\n<p>Afin de d\u00e9terminer les avantages de la plateforme de mobilit\u00e9 Urban Connect, nous avons men\u00e9 une enqu\u00eate aupr\u00e8s des employ\u00e9s dans les locaux d\u2019un client afin de consigner les trajets et le comportement de transport respectifs utilis\u00e9s avant et apr\u00e8s l\u2019introduction de la plateforme Urban Connect. <\/p>\n\n\n\n<p>Vous souhaitez en savoir plus sur les avantages d\u2019une flotte de v\u00e9los \u00e9lectriques d\u2019entreprise pour vos employ\u00e9s ? Remplissez simplement le formulaire ci-dessous et recevez le livre blanc complet directement dans votre bo\u00eete mail !<\/p>\n\n\n\n<script charset=\"utf-8\" type=\"text\/javascript\" src=\"\/\/js.hsforms.net\/forms\/embed\/v2.js\"><\/script>\n<script>\n  hbspt.forms.create({\n    portalId: \"4873065\",\n    formId: \"2cbfdc3f-e655-4b35-a792-293fc3854c0f\"\n  });\n<\/script>\n\n\n        <section class=\"author-block\">\n            <div class=\"container\">\n                <div class=\"left-side\">\n                    <h6 class=\"name\">Robert Ruttmann<\/h6>\n                    <span class=\"position\">Co-Founder and Chief Executive Officer, Urban Connect<\/span>\n                <\/div>\n                <div class=\"right-side\">\n                                            <img decoding=\"async\" \n                        class=\"image lazyload\" data-src=\"https:\/\/urban-connect.com\/wp-content\/uploads\/2023\/03\/15-3-21-53.jpg\"\n                        data-srcset=\"https:\/\/urban-connect.com\/wp-content\/uploads\/2023\/03\/15-3-21-53.jpg 762w, https:\/\/urban-connect.com\/wp-content\/uploads\/2023\/03\/15-3-21-53-300x300.jpg 300w, https:\/\/urban-connect.com\/wp-content\/uploads\/2023\/03\/15-3-21-53-150x150.jpg 150w\"\n                        data-sizes=\"(max-width: 762px) 100vw, 762px\"\n                        alt=\"Chart Image\"\n                         src=\"data:image\/gif;base64,R0lGODlhAQABAAAAACH5BAEKAAEALAAAAAABAAEAAAICTAEAOw==\" style=\"--smush-placeholder-width: 762px; --smush-placeholder-aspect-ratio: 762\/762;\"><noscript><img decoding=\"async\" \n                        class=\"image\" src=\"https:\/\/urban-connect.com\/wp-content\/uploads\/2023\/03\/15-3-21-53.jpg\"\n                        srcset=\"https:\/\/urban-connect.com\/wp-content\/uploads\/2023\/03\/15-3-21-53.jpg 762w, https:\/\/urban-connect.com\/wp-content\/uploads\/2023\/03\/15-3-21-53-300x300.jpg 300w, https:\/\/urban-connect.com\/wp-content\/uploads\/2023\/03\/15-3-21-53-150x150.jpg 150w\"\n                        sizes=\"(max-width: 762px) 100vw, 762px\"\n                        alt=\"Chart Image\"\n                        ><\/noscript>\n                                        <\/div>\n            <\/div>\n        <\/section>\n        \n\n    <section class=\"related-posts\">\n        <div class=\"container\">\n            <h4 class=\"block-title\"><\/h4>\n        <\/div>\n        <div class=\"container posts-wrap\">\n            <div class=\"swiper swiper-related-posts\">\n                <div class=\"swiper-wrapper\">\n                                            <div class=\"swiper-slide\">\n                            <div class=\"card-horizontal\">\n    <div class=\"left-side\">\n                    <a href=\"https:\/\/urban-connect.com\/fr\/news\/wheels-wine-2026-une-edition-marquante-qui-faconne-lavenir-de-la-mobilite-dentreprise\/\">\n                <img decoding=\"async\" \n                    class=\"image lazyload\" data-src=\"https:\/\/urban-connect.com\/wp-content\/uploads\/2026\/03\/F06A4076-768x512.jpg\"\n                    data-srcset=\"https:\/\/urban-connect.com\/wp-content\/uploads\/2026\/03\/F06A4076-768x512.jpg 768w, https:\/\/urban-connect.com\/wp-content\/uploads\/2026\/03\/F06A4076-300x200.jpg 300w, https:\/\/urban-connect.com\/wp-content\/uploads\/2026\/03\/F06A4076-1024x683.jpg 1024w, https:\/\/urban-connect.com\/wp-content\/uploads\/2026\/03\/F06A4076-1536x1024.jpg 1536w, https:\/\/urban-connect.com\/wp-content\/uploads\/2026\/03\/F06A4076-2048x1365.jpg 2048w, https:\/\/urban-connect.com\/wp-content\/uploads\/2026\/03\/F06A4076-1620x1080.jpg 1620w\"\n                    data-sizes=\"(max-width: 768px) 100vw, 768px\"\n                    alt=\"Wheels &amp; Wine 2026 \u2013 Une \u00e9dition marquante qui fa\u00e7onne l'avenir de la mobilit\u00e9 d'entreprise\"\n                 src=\"data:image\/gif;base64,R0lGODlhAQABAAAAACH5BAEKAAEALAAAAAABAAEAAAICTAEAOw==\" style=\"--smush-placeholder-width: 768px; --smush-placeholder-aspect-ratio: 768\/512;\"><noscript><img decoding=\"async\" \n                    class=\"image\" src=\"https:\/\/urban-connect.com\/wp-content\/uploads\/2026\/03\/F06A4076-768x512.jpg\"\n                    srcset=\"https:\/\/urban-connect.com\/wp-content\/uploads\/2026\/03\/F06A4076-768x512.jpg 768w, https:\/\/urban-connect.com\/wp-content\/uploads\/2026\/03\/F06A4076-300x200.jpg 300w, https:\/\/urban-connect.com\/wp-content\/uploads\/2026\/03\/F06A4076-1024x683.jpg 1024w, https:\/\/urban-connect.com\/wp-content\/uploads\/2026\/03\/F06A4076-1536x1024.jpg 1536w, https:\/\/urban-connect.com\/wp-content\/uploads\/2026\/03\/F06A4076-2048x1365.jpg 2048w, https:\/\/urban-connect.com\/wp-content\/uploads\/2026\/03\/F06A4076-1620x1080.jpg 1620w\"\n                    sizes=\"(max-width: 768px) 100vw, 768px\"\n                    alt=\"Wheels &amp; Wine 2026 \u2013 Une \u00e9dition marquante qui fa\u00e7onne l'avenir de la mobilit\u00e9 d'entreprise\"\n                ><\/noscript>\n            <\/a>\n                <\/div>\n    <div class=\"right-side\">\n                    <a href=\"https:\/\/urban-connect.com\/fr\/news\/wheels-wine-2026-une-edition-marquante-qui-faconne-lavenir-de-la-mobilite-dentreprise\/\">\n                <h6 class=\"title\">Wheels &amp; Wine 2026 \u2013 Une \u00e9dition marquante qui fa\u00e7onne l&rsquo;avenir de la mobilit\u00e9 d&rsquo;entreprise<\/h6>\n            <\/a>\n                        <span class=\"date\">mars 24, 2026 <\/span>\n            \n\t        <\/div>\n<\/div>                        <\/div>\n                                                <div class=\"swiper-slide\">\n                            <div class=\"card-horizontal\">\n    <div class=\"left-side\">\n                    <a href=\"https:\/\/urban-connect.com\/fr\/news\/que-se-passera-t-il-lorsque-la-recharge-des-vehicules-electriques-fonctionnera-enfin\/\">\n                <img decoding=\"async\" \n                    class=\"image lazyload\" data-src=\"https:\/\/urban-connect.com\/wp-content\/uploads\/2026\/03\/Zaptec-cover-3-1-768x453.png\"\n                    data-srcset=\"https:\/\/urban-connect.com\/wp-content\/uploads\/2026\/03\/Zaptec-cover-3-1-768x453.png 768w, https:\/\/urban-connect.com\/wp-content\/uploads\/2026\/03\/Zaptec-cover-3-1-300x177.png 300w, https:\/\/urban-connect.com\/wp-content\/uploads\/2026\/03\/Zaptec-cover-3-1-1024x604.png 1024w, https:\/\/urban-connect.com\/wp-content\/uploads\/2026\/03\/Zaptec-cover-3-1-1536x906.png 1536w, https:\/\/urban-connect.com\/wp-content\/uploads\/2026\/03\/Zaptec-cover-3-1-2048x1208.png 2048w, https:\/\/urban-connect.com\/wp-content\/uploads\/2026\/03\/Zaptec-cover-3-1-1831x1080.png 1831w\"\n                    data-sizes=\"(max-width: 768px) 100vw, 768px\"\n                    alt=\"Que se passera-t-il lorsque la recharge des v\u00e9hicules \u00e9lectriques fonctionnera enfin?\"\n                 src=\"data:image\/gif;base64,R0lGODlhAQABAAAAACH5BAEKAAEALAAAAAABAAEAAAICTAEAOw==\" style=\"--smush-placeholder-width: 768px; --smush-placeholder-aspect-ratio: 768\/453;\"><noscript><img decoding=\"async\" \n                    class=\"image\" src=\"https:\/\/urban-connect.com\/wp-content\/uploads\/2026\/03\/Zaptec-cover-3-1-768x453.png\"\n                    srcset=\"https:\/\/urban-connect.com\/wp-content\/uploads\/2026\/03\/Zaptec-cover-3-1-768x453.png 768w, https:\/\/urban-connect.com\/wp-content\/uploads\/2026\/03\/Zaptec-cover-3-1-300x177.png 300w, https:\/\/urban-connect.com\/wp-content\/uploads\/2026\/03\/Zaptec-cover-3-1-1024x604.png 1024w, https:\/\/urban-connect.com\/wp-content\/uploads\/2026\/03\/Zaptec-cover-3-1-1536x906.png 1536w, https:\/\/urban-connect.com\/wp-content\/uploads\/2026\/03\/Zaptec-cover-3-1-2048x1208.png 2048w, https:\/\/urban-connect.com\/wp-content\/uploads\/2026\/03\/Zaptec-cover-3-1-1831x1080.png 1831w\"\n                    sizes=\"(max-width: 768px) 100vw, 768px\"\n                    alt=\"Que se passera-t-il lorsque la recharge des v\u00e9hicules \u00e9lectriques fonctionnera enfin?\"\n                ><\/noscript>\n            <\/a>\n                <\/div>\n    <div class=\"right-side\">\n                    <a href=\"https:\/\/urban-connect.com\/fr\/news\/que-se-passera-t-il-lorsque-la-recharge-des-vehicules-electriques-fonctionnera-enfin\/\">\n                <h6 class=\"title\">Que se passera-t-il lorsque la recharge des v\u00e9hicules \u00e9lectriques fonctionnera enfin?<\/h6>\n            <\/a>\n                        <span class=\"date\">mars 17, 2026 <\/span>\n            \n\t        <\/div>\n<\/div>                        <\/div>\n                                                <div class=\"swiper-slide\">\n                            <div class=\"card-horizontal\">\n    <div class=\"left-side\">\n                    <a href=\"https:\/\/urban-connect.com\/fr\/news\/spotlight-sur-les-etudes-de-cas-partenariat-entre-lonza-visp-et-urban-connect-pour-la-mobilite-durable\/\">\n                <img decoding=\"async\" \n                    class=\"image lazyload\" data-src=\"https:\/\/urban-connect.com\/wp-content\/uploads\/2026\/02\/HELSANA-x-UC-banner-768x511.png\"\n                    data-srcset=\"https:\/\/urban-connect.com\/wp-content\/uploads\/2026\/02\/HELSANA-x-UC-banner-768x511.png 768w, https:\/\/urban-connect.com\/wp-content\/uploads\/2026\/02\/HELSANA-x-UC-banner-300x199.png 300w, https:\/\/urban-connect.com\/wp-content\/uploads\/2026\/02\/HELSANA-x-UC-banner-1024x681.png 1024w, https:\/\/urban-connect.com\/wp-content\/uploads\/2026\/02\/HELSANA-x-UC-banner-1536x1021.png 1536w, https:\/\/urban-connect.com\/wp-content\/uploads\/2026\/02\/HELSANA-x-UC-banner.png 1590w\"\n                    data-sizes=\"(max-width: 768px) 100vw, 768px\"\n                    alt=\"Spotlight sur les \u00e9tudes de cas: Helsana offre \u00e0 3'400+ employ\u00e9s un budget de mobilit\u00e9 Urban Connect, et ce sans aucun probl\u00e8me gr\u00e2ce \u00e0 SCIM.\"\n                 src=\"data:image\/gif;base64,R0lGODlhAQABAAAAACH5BAEKAAEALAAAAAABAAEAAAICTAEAOw==\" style=\"--smush-placeholder-width: 768px; --smush-placeholder-aspect-ratio: 768\/511;\"><noscript><img decoding=\"async\" \n                    class=\"image\" src=\"https:\/\/urban-connect.com\/wp-content\/uploads\/2026\/02\/HELSANA-x-UC-banner-768x511.png\"\n                    srcset=\"https:\/\/urban-connect.com\/wp-content\/uploads\/2026\/02\/HELSANA-x-UC-banner-768x511.png 768w, https:\/\/urban-connect.com\/wp-content\/uploads\/2026\/02\/HELSANA-x-UC-banner-300x199.png 300w, https:\/\/urban-connect.com\/wp-content\/uploads\/2026\/02\/HELSANA-x-UC-banner-1024x681.png 1024w, https:\/\/urban-connect.com\/wp-content\/uploads\/2026\/02\/HELSANA-x-UC-banner-1536x1021.png 1536w, https:\/\/urban-connect.com\/wp-content\/uploads\/2026\/02\/HELSANA-x-UC-banner.png 1590w\"\n                    sizes=\"(max-width: 768px) 100vw, 768px\"\n                    alt=\"Spotlight sur les \u00e9tudes de cas: Helsana offre \u00e0 3'400+ employ\u00e9s un budget de mobilit\u00e9 Urban Connect, et ce sans aucun probl\u00e8me gr\u00e2ce \u00e0 SCIM.\"\n                ><\/noscript>\n            <\/a>\n                <\/div>\n    <div class=\"right-side\">\n                    <a href=\"https:\/\/urban-connect.com\/fr\/news\/spotlight-sur-les-etudes-de-cas-partenariat-entre-lonza-visp-et-urban-connect-pour-la-mobilite-durable\/\">\n                <h6 class=\"title\">Spotlight sur les \u00e9tudes de cas: Helsana offre \u00e0 3&rsquo;400+ employ\u00e9s un budget de mobilit\u00e9 Urban Connect, et ce sans aucun probl\u00e8me gr\u00e2ce \u00e0 SCIM.<\/h6>\n            <\/a>\n                        <span class=\"date\">f\u00e9vrier 05, 2026 <\/span>\n            \n\t        <\/div>\n<\/div>                        <\/div>\n                                        <\/div>\n                <div class=\"btn-slider \">\n    <div class=\"prev\">\n        <svg width=\"22\" height=\"12\" viewBox=\"0 0 22 12\" fill=\"none\" xmlns=\"http:\/\/www.w3.org\/2000\/svg\">\n            <path d=\"M5.094 4.476L7.74 1.83L6.03 0.102L0.432 5.7L6.03 11.298L7.74 9.57L5.076 6.906H21.42V4.476H5.094Z\" fill=\"white\"\/>\n        <\/svg>\n    <\/div>\n    <div class=\"next\">\n        <svg width=\"22\" height=\"12\" viewBox=\"0 0 22 12\" fill=\"none\" xmlns=\"http:\/\/www.w3.org\/2000\/svg\">\n            <path d=\"M14.292 1.83L16.938 4.476H0.612V6.906H16.956L14.292 9.57L16.002 11.298L21.6 5.7L16.002 0.102L14.292 1.83Z\" fill=\"white\"\/>\n        <\/svg>\n    <\/div>\n<\/div>            <\/div>\n        <\/div>\n    <\/section>\n    \n\n\n<p><\/p>\n","protected":false},"excerpt":{"rendered":"<p>En Suisse, le th\u00e8me de la mobilit\u00e9 est depuis longtemps devenu un sujet d\u2019actualit\u00e9. Les villes qui sont aux prises avec des embouteillages et sont de plus en plus sollicit\u00e9es pour lancer une politique de transport net z\u00e9ro. Ces initiatives sont en effet justifi\u00e9es. Dans une comparaison internationale, la Suisse a l\u2019un des taux d\u2019utilisation [&hellip;]<\/p>\n","protected":false},"featured_media":4855,"parent":0,"template":"","news_category":[34],"class_list":["post-4993","news","type-news","status-publish","has-post-thumbnail","hentry","news_category-livres-blancs"],"acf":[],"yoast_head":"<!-- This site is optimized with the Yoast SEO plugin v23.2 - https:\/\/yoast.com\/wordpress\/plugins\/seo\/ -->\n<title>How companies can lead the mobility revolution<\/title>\n<meta name=\"description\" content=\"In this blog article, you will learn about the central role that corporate mobility plays in the transport revolution.\" \/>\n<meta name=\"robots\" content=\"index, follow, max-snippet:-1, max-image-preview:large, max-video-preview:-1\" \/>\n<link rel=\"canonical\" href=\"https:\/\/urban-connect.com\/fr\/news\/rester-immobile-dans-les-embouteillages-comment-les-entreprises-peuvent-mener-un-revirement-de-la-mobilite\/\" \/>\n<meta property=\"og:locale\" content=\"fr_FR\" \/>\n<meta property=\"og:type\" content=\"article\" \/>\n<meta property=\"og:title\" content=\"How companies can lead the mobility revolution\" \/>\n<meta property=\"og:description\" content=\"In this blog article, you will learn about the central role that corporate mobility plays in the transport revolution.\" \/>\n<meta property=\"og:url\" content=\"https:\/\/urban-connect.com\/fr\/news\/rester-immobile-dans-les-embouteillages-comment-les-entreprises-peuvent-mener-un-revirement-de-la-mobilite\/\" \/>\n<meta property=\"og:site_name\" content=\"Urban Connect\" \/>\n<meta property=\"article:modified_time\" content=\"2025-01-27T11:23:54+00:00\" \/>\n<meta property=\"og:image\" content=\"https:\/\/urban-connect.com\/wp-content\/uploads\/2023\/04\/Bildschirmfoto-2022-07-18-um-10.36-2.png\" \/>\n\t<meta property=\"og:image:width\" content=\"719\" \/>\n\t<meta property=\"og:image:height\" content=\"540\" \/>\n\t<meta property=\"og:image:type\" content=\"image\/png\" \/>\n<meta name=\"twitter:card\" content=\"summary_large_image\" \/>\n<meta name=\"twitter:label1\" content=\"Dur\u00e9e de lecture estim\u00e9e\" \/>\n\t<meta name=\"twitter:data1\" content=\"4 minutes\" \/>\n<script type=\"application\/ld+json\" class=\"yoast-schema-graph\">{\"@context\":\"https:\/\/schema.org\",\"@graph\":[{\"@type\":\"WebPage\",\"@id\":\"https:\/\/urban-connect.com\/fr\/news\/rester-immobile-dans-les-embouteillages-comment-les-entreprises-peuvent-mener-un-revirement-de-la-mobilite\/\",\"url\":\"https:\/\/urban-connect.com\/fr\/news\/rester-immobile-dans-les-embouteillages-comment-les-entreprises-peuvent-mener-un-revirement-de-la-mobilite\/\",\"name\":\"How companies can lead the mobility revolution\",\"isPartOf\":{\"@id\":\"https:\/\/urban-connect.com\/fr\/#website\"},\"primaryImageOfPage\":{\"@id\":\"https:\/\/urban-connect.com\/fr\/news\/rester-immobile-dans-les-embouteillages-comment-les-entreprises-peuvent-mener-un-revirement-de-la-mobilite\/#primaryimage\"},\"image\":{\"@id\":\"https:\/\/urban-connect.com\/fr\/news\/rester-immobile-dans-les-embouteillages-comment-les-entreprises-peuvent-mener-un-revirement-de-la-mobilite\/#primaryimage\"},\"thumbnailUrl\":\"https:\/\/urban-connect.com\/wp-content\/uploads\/2023\/04\/Bildschirmfoto-2022-07-18-um-10.36-2.png\",\"datePublished\":\"2023-08-18T14:55:30+00:00\",\"dateModified\":\"2025-01-27T11:23:54+00:00\",\"description\":\"In this blog article, you will learn about the central role that corporate mobility plays in the transport revolution.\",\"breadcrumb\":{\"@id\":\"https:\/\/urban-connect.com\/fr\/news\/rester-immobile-dans-les-embouteillages-comment-les-entreprises-peuvent-mener-un-revirement-de-la-mobilite\/#breadcrumb\"},\"inLanguage\":\"fr-FR\",\"potentialAction\":[{\"@type\":\"ReadAction\",\"target\":[\"https:\/\/urban-connect.com\/fr\/news\/rester-immobile-dans-les-embouteillages-comment-les-entreprises-peuvent-mener-un-revirement-de-la-mobilite\/\"]}]},{\"@type\":\"ImageObject\",\"inLanguage\":\"fr-FR\",\"@id\":\"https:\/\/urban-connect.com\/fr\/news\/rester-immobile-dans-les-embouteillages-comment-les-entreprises-peuvent-mener-un-revirement-de-la-mobilite\/#primaryimage\",\"url\":\"https:\/\/urban-connect.com\/wp-content\/uploads\/2023\/04\/Bildschirmfoto-2022-07-18-um-10.36-2.png\",\"contentUrl\":\"https:\/\/urban-connect.com\/wp-content\/uploads\/2023\/04\/Bildschirmfoto-2022-07-18-um-10.36-2.png\",\"width\":719,\"height\":540,\"caption\":\"Woman cycling\"},{\"@type\":\"BreadcrumbList\",\"@id\":\"https:\/\/urban-connect.com\/fr\/news\/rester-immobile-dans-les-embouteillages-comment-les-entreprises-peuvent-mener-un-revirement-de-la-mobilite\/#breadcrumb\",\"itemListElement\":[{\"@type\":\"ListItem\",\"position\":1,\"name\":\"Home\",\"item\":\"https:\/\/urban-connect.com\/fr\/\"},{\"@type\":\"ListItem\",\"position\":2,\"name\":\"Rester immobile dans les embouteillages\u00a0: comment les entreprises peuvent mener un revirement de la mobilit\u00e9\"}]},{\"@type\":\"WebSite\",\"@id\":\"https:\/\/urban-connect.com\/fr\/#website\",\"url\":\"https:\/\/urban-connect.com\/fr\/\",\"name\":\"Urban Connect\",\"description\":\"\",\"potentialAction\":[{\"@type\":\"SearchAction\",\"target\":{\"@type\":\"EntryPoint\",\"urlTemplate\":\"https:\/\/urban-connect.com\/fr\/?s={search_term_string}\"},\"query-input\":\"required name=search_term_string\"}],\"inLanguage\":\"fr-FR\"}]}<\/script>\n<!-- \/ Yoast SEO plugin. -->","yoast_head_json":{"title":"How companies can lead the mobility revolution","description":"In this blog article, you will learn about the central role that corporate mobility plays in the transport revolution.","robots":{"index":"index","follow":"follow","max-snippet":"max-snippet:-1","max-image-preview":"max-image-preview:large","max-video-preview":"max-video-preview:-1"},"canonical":"https:\/\/urban-connect.com\/fr\/news\/rester-immobile-dans-les-embouteillages-comment-les-entreprises-peuvent-mener-un-revirement-de-la-mobilite\/","og_locale":"fr_FR","og_type":"article","og_title":"How companies can lead the mobility revolution","og_description":"In this blog article, you will learn about the central role that corporate mobility plays in the transport revolution.","og_url":"https:\/\/urban-connect.com\/fr\/news\/rester-immobile-dans-les-embouteillages-comment-les-entreprises-peuvent-mener-un-revirement-de-la-mobilite\/","og_site_name":"Urban Connect","article_modified_time":"2025-01-27T11:23:54+00:00","og_image":[{"width":719,"height":540,"url":"https:\/\/urban-connect.com\/wp-content\/uploads\/2023\/04\/Bildschirmfoto-2022-07-18-um-10.36-2.png","type":"image\/png"}],"twitter_card":"summary_large_image","twitter_misc":{"Dur\u00e9e de lecture estim\u00e9e":"4 minutes"},"schema":{"@context":"https:\/\/schema.org","@graph":[{"@type":"WebPage","@id":"https:\/\/urban-connect.com\/fr\/news\/rester-immobile-dans-les-embouteillages-comment-les-entreprises-peuvent-mener-un-revirement-de-la-mobilite\/","url":"https:\/\/urban-connect.com\/fr\/news\/rester-immobile-dans-les-embouteillages-comment-les-entreprises-peuvent-mener-un-revirement-de-la-mobilite\/","name":"How companies can lead the mobility revolution","isPartOf":{"@id":"https:\/\/urban-connect.com\/fr\/#website"},"primaryImageOfPage":{"@id":"https:\/\/urban-connect.com\/fr\/news\/rester-immobile-dans-les-embouteillages-comment-les-entreprises-peuvent-mener-un-revirement-de-la-mobilite\/#primaryimage"},"image":{"@id":"https:\/\/urban-connect.com\/fr\/news\/rester-immobile-dans-les-embouteillages-comment-les-entreprises-peuvent-mener-un-revirement-de-la-mobilite\/#primaryimage"},"thumbnailUrl":"https:\/\/urban-connect.com\/wp-content\/uploads\/2023\/04\/Bildschirmfoto-2022-07-18-um-10.36-2.png","datePublished":"2023-08-18T14:55:30+00:00","dateModified":"2025-01-27T11:23:54+00:00","description":"In this blog article, you will learn about the central role that corporate mobility plays in the transport revolution.","breadcrumb":{"@id":"https:\/\/urban-connect.com\/fr\/news\/rester-immobile-dans-les-embouteillages-comment-les-entreprises-peuvent-mener-un-revirement-de-la-mobilite\/#breadcrumb"},"inLanguage":"fr-FR","potentialAction":[{"@type":"ReadAction","target":["https:\/\/urban-connect.com\/fr\/news\/rester-immobile-dans-les-embouteillages-comment-les-entreprises-peuvent-mener-un-revirement-de-la-mobilite\/"]}]},{"@type":"ImageObject","inLanguage":"fr-FR","@id":"https:\/\/urban-connect.com\/fr\/news\/rester-immobile-dans-les-embouteillages-comment-les-entreprises-peuvent-mener-un-revirement-de-la-mobilite\/#primaryimage","url":"https:\/\/urban-connect.com\/wp-content\/uploads\/2023\/04\/Bildschirmfoto-2022-07-18-um-10.36-2.png","contentUrl":"https:\/\/urban-connect.com\/wp-content\/uploads\/2023\/04\/Bildschirmfoto-2022-07-18-um-10.36-2.png","width":719,"height":540,"caption":"Woman cycling"},{"@type":"BreadcrumbList","@id":"https:\/\/urban-connect.com\/fr\/news\/rester-immobile-dans-les-embouteillages-comment-les-entreprises-peuvent-mener-un-revirement-de-la-mobilite\/#breadcrumb","itemListElement":[{"@type":"ListItem","position":1,"name":"Home","item":"https:\/\/urban-connect.com\/fr\/"},{"@type":"ListItem","position":2,"name":"Rester immobile dans les embouteillages\u00a0: comment les entreprises peuvent mener un revirement de la mobilit\u00e9"}]},{"@type":"WebSite","@id":"https:\/\/urban-connect.com\/fr\/#website","url":"https:\/\/urban-connect.com\/fr\/","name":"Urban Connect","description":"","potentialAction":[{"@type":"SearchAction","target":{"@type":"EntryPoint","urlTemplate":"https:\/\/urban-connect.com\/fr\/?s={search_term_string}"},"query-input":"required name=search_term_string"}],"inLanguage":"fr-FR"}]}},"_links":{"self":[{"href":"https:\/\/urban-connect.com\/fr\/wp-json\/wp\/v2\/news\/4993","targetHints":{"allow":["GET"]}}],"collection":[{"href":"https:\/\/urban-connect.com\/fr\/wp-json\/wp\/v2\/news"}],"about":[{"href":"https:\/\/urban-connect.com\/fr\/wp-json\/wp\/v2\/types\/news"}],"wp:featuredmedia":[{"embeddable":true,"href":"https:\/\/urban-connect.com\/fr\/wp-json\/wp\/v2\/media\/4855"}],"wp:attachment":[{"href":"https:\/\/urban-connect.com\/fr\/wp-json\/wp\/v2\/media?parent=4993"}],"wp:term":[{"taxonomy":"news_category","embeddable":true,"href":"https:\/\/urban-connect.com\/fr\/wp-json\/wp\/v2\/news_category?post=4993"}],"curies":[{"name":"wp","href":"https:\/\/api.w.org\/{rel}","templated":true}]}}