{"id":4987,"date":"2022-05-17T11:41:00","date_gmt":"2022-05-17T11:41:00","guid":{"rendered":"https:\/\/urban-connect.com\/news\/special-e-bike-rates-for-members-of-the-eth-community\/"},"modified":"2024-07-25T21:22:30","modified_gmt":"2024-07-25T21:22:30","slug":"tarifs-speciaux-pour-les-membres-de-la-communaute-eth","status":"publish","type":"news","link":"https:\/\/urban-connect.com\/fr\/news\/tarifs-speciaux-pour-les-membres-de-la-communaute-eth\/","title":{"rendered":"Tarifs sp\u00e9ciaux pour les membres de la communaut\u00e9 ETH"},"content":{"rendered":"\n<p>Tous les membres de l&rsquo;ETH qui souhaitent se rendre rapidement d&rsquo;un endroit \u00e0 l&rsquo;autre peuvent louer un v\u00e9lo \u00e9lectrique dans l&rsquo;une des quatre stations de l&rsquo;ETH Zurich.<\/p>\n\n\n\n<p>Le fournisseur Urban Connect a install\u00e9 une flotte de 25 v\u00e9los \u00e9lectriques de haute qualit\u00e9 ainsi qu&rsquo;un v\u00e9lo de transport dans des stations situ\u00e9es dans quatre b\u00e2timents de l&rsquo;ETH Zurich. Les v\u00e9los \u00e9lectriques hirables et leurs stations de recharge sont situ\u00e9s sur le campus H\u00f6nggerberg pr\u00e8s du b\u00e2timent des bureaux et des laboratoires HCI (\u00ab F\u00fcnffinger dock \u00bb), sur le campus Zentrum pr\u00e8s du b\u00e2timent CHN (Universit\u00e4tstrasse 8- 22, facilement accessible depuis les arr\u00eats de tramway ETH\/Universit\u00e4tsspital et Haldenbach), et pr\u00e8s des b\u00e2timents ONA et Octavo de l&rsquo;ETH \u00e0 Zurich-Oerlikon.<\/p>\n\n\n\n<h2 class=\"wp-block-heading\">R\u00e9server via l&rsquo;application<\/h2>\n\n\n\n<p>Les membres de la communaut\u00e9 de l&rsquo;ETH qui choisissent de louer l&rsquo;un de ces v\u00e9los \u00e9lectriques b\u00e9n\u00e9ficient de tarifs attractifs &#8211; ils paient beaucoup moins que les prix standards du march\u00e9. Les v\u00e9los co\u00fbtent 50 centimes suisses par heure et un maximum de 3 francs suisses par jour (24 heures). Les moteurs \u00e9lectriques permettent d&rsquo;atteindre une vitesse moyenne d&rsquo;environ 25 km\/h. Contrairement aux mod\u00e8les propos\u00e9s par Bond, le fournisseur pr\u00e9c\u00e9dent, ces v\u00e9los ne n\u00e9cessitent pas de permis de conduire un cyclomoteur.<\/p>\n\n\n\n<p>Les v\u00e9los peuvent \u00eatre lou\u00e9s via l&rsquo;application Urban Connect en effectuant un enregistrement unique avec une adresse e-mail de l&rsquo;ETH (nom d&rsquo;utilisateur de l&rsquo;ETH suivi de @ethz.ch) et un num\u00e9ro de carte de cr\u00e9dit pour permettre la facturation directe. Il suffit ensuite de choisir un v\u00e9lo et de partir ! L&rsquo;utilisation des v\u00e9los \u00e9lectriques n&rsquo;est pas limit\u00e9e au campus de l&rsquo;ETH &#8211; les utilisateurs peuvent \u00e9galement rentrer chez eux. Chaque r\u00e9servation doit commencer et se terminer \u00e0 une station de recharge UrbanConnect, et certains v\u00e9los doivent \u00eatre retourn\u00e9s \u00e0 la m\u00eame station de recharge que celle o\u00f9 ils ont \u00e9t\u00e9 retir\u00e9s (cela s&rsquo;applique sp\u00e9cifiquement \u00e0 la station H\u00f6nggerberg et est expliqu\u00e9 en d\u00e9tail dans l&rsquo;application).<\/p>\n\n\n\n<figure class=\"wp-block-image size-full\"><img decoding=\"async\" data-src=\"http:\/\/www.urban-connect.com\/wp-content\/uploads\/2023\/05\/17-5-22-1-980x490-1.png\" alt=\"\" class=\"wp-image-2265 lazyload\" src=\"data:image\/gif;base64,R0lGODlhAQABAAAAACH5BAEKAAEALAAAAAABAAEAAAICTAEAOw==\" \/><noscript><img decoding=\"async\" src=\"http:\/\/www.urban-connect.com\/wp-content\/uploads\/2023\/05\/17-5-22-1-980x490-1.png\" alt=\"\" class=\"wp-image-2265\"\/><\/noscript><\/figure>\n\n\n\n<h2 class=\"wp-block-heading\">Mille nouveaux utilisateurs de v\u00e9los \u00e9lectriques d&rsquo;ici juillet<\/h2>\n\n\n\n<p>L&rsquo;objectif est d&rsquo;atteindre 1 000 utilisateurs d&rsquo;ici la fin du mois de juillet, avant que les v\u00e9los \u00e9lectriques ne fassent id\u00e9alement partie des op\u00e9rations quotidiennes (mais il faudra d&rsquo;abord \u00e9valuer le projet pilote). L&rsquo;\u00e9volution du nombre d&rsquo;utilisateurs est prometteuse : alors qu&rsquo;en janvier, plus de 250 membres de la communaut\u00e9 de l&rsquo;ETH utilisaient les v\u00e9los \u00e9lectriques Urban Connect, ce chiffre a augment\u00e9 de mani\u00e8re disproportionn\u00e9e en mars et en avril pour atteindre plus de 450 utilisateurs. En mai, \u00e0 partir de cette semaine, le nombre total d&rsquo;utilisateurs est de 630. Le temps chaud du printemps a sans aucun doute jou\u00e9 un r\u00f4le dans cette \u00e9volution &#8211; l&rsquo;utilisation par temps ensoleill\u00e9 est environ 25 % plus \u00e9lev\u00e9e que par temps venteux, pluvieux ou neigeux. C&rsquo;est sur le campus de H\u00f6nggerberg que la demande de v\u00e9los \u00e9lectriques est la plus forte, c&rsquo;est pourquoi le nombre de v\u00e9los \u00e9lectriques disponibles \u00e0 HCI a d\u00e9j\u00e0 \u00e9t\u00e9 augment\u00e9.<\/p>\n\n\n\n<h2 class=\"wp-block-heading\">Programme pilote pour une mobilit\u00e9 durable sur le campus<\/h2>\n\n\n\n<p>L&rsquo;offre actuelle de v\u00e9los \u00e9lectriques de l&rsquo;ETH est encore en phase pilote. L&rsquo;ETH Zurich a lanc\u00e9 le programme en partenariat avec le fournisseur de v\u00e9los \u00e9lectriques Urban Connect apr\u00e8s que Bond, le fournisseur pr\u00e9c\u00e9dent, se soit retir\u00e9 du march\u00e9. Les r\u00e9sultats de l&rsquo;\u00e9valuation d\u00e9termineront si l&rsquo;offre fera partie des op\u00e9rations quotidiennes. D&rsquo;un point de vue purement technologique, l&rsquo;application pourrait \u00e9galement \u00eatre \u00e9tendue \u00e0 d&rsquo;autres v\u00e9hicules (e-scooters, e-cars, v\u00e9los) et aux transports publics, et \u00eatre d\u00e9velopp\u00e9e en une application de mobilit\u00e9 compl\u00e8te. L&rsquo;offre de v\u00e9los \u00e9lectriques fait partie de la strat\u00e9gie de mobilit\u00e9 de l&rsquo;ETH Zurich, actuellement en cours d&rsquo;\u00e9laboration. En plus des v\u00e9los \u00e9lectriques, les membres de la communaut\u00e9 de l&rsquo;ETH peuvent \u00e9galement utiliser les v\u00e9los \u00ab PubliBike \u00bb de la ville de Zurich.<\/p>\n\n\n\n<p>Change Mobility &#8211; Change the World<\/p>\n\n\n        <section class=\"author-block\">\n            <div class=\"container\">\n                <div class=\"left-side\">\n                    <h6 class=\"name\">Source: Eidgen\u00f6ssische Technische Hochschule Z\u00fcrich.<\/h6>\n                    <span class=\"position\"><\/span>\n                <\/div>\n                <div class=\"right-side\">\n                                            <img decoding=\"async\" \n                        class=\"image lazyload\" data-src=\"https:\/\/urban-connect.com\/wp-content\/uploads\/2023\/05\/15-3-21-5.jpeg\"\n                        data-srcset=\"https:\/\/urban-connect.com\/wp-content\/uploads\/2023\/05\/15-3-21-5.jpeg 762w, https:\/\/urban-connect.com\/wp-content\/uploads\/2023\/05\/15-3-21-5-300x300.jpeg 300w, https:\/\/urban-connect.com\/wp-content\/uploads\/2023\/05\/15-3-21-5-150x150.jpeg 150w\"\n                        data-sizes=\"(max-width: 762px) 100vw, 762px\"\n                        alt=\"Chart Image\"\n                         src=\"data:image\/gif;base64,R0lGODlhAQABAAAAACH5BAEKAAEALAAAAAABAAEAAAICTAEAOw==\" style=\"--smush-placeholder-width: 762px; --smush-placeholder-aspect-ratio: 762\/762;\"><noscript><img decoding=\"async\" \n                        class=\"image\" src=\"https:\/\/urban-connect.com\/wp-content\/uploads\/2023\/05\/15-3-21-5.jpeg\"\n                        srcset=\"https:\/\/urban-connect.com\/wp-content\/uploads\/2023\/05\/15-3-21-5.jpeg 762w, https:\/\/urban-connect.com\/wp-content\/uploads\/2023\/05\/15-3-21-5-300x300.jpeg 300w, https:\/\/urban-connect.com\/wp-content\/uploads\/2023\/05\/15-3-21-5-150x150.jpeg 150w\"\n                        sizes=\"(max-width: 762px) 100vw, 762px\"\n                        alt=\"Chart Image\"\n                        ><\/noscript>\n                                        <\/div>\n            <\/div>\n        <\/section>\n        \n\n    <section class=\"related-posts\">\n        <div class=\"container\">\n            <h4 class=\"block-title\"><\/h4>\n        <\/div>\n        <div class=\"container posts-wrap\">\n            <div class=\"swiper swiper-related-posts\">\n                <div class=\"swiper-wrapper\">\n                                            <div class=\"swiper-slide\">\n                            <div class=\"card-horizontal\">\n    <div class=\"left-side\">\n                    <a href=\"https:\/\/urban-connect.com\/fr\/news\/wheels-wine-2026-une-edition-marquante-qui-faconne-lavenir-de-la-mobilite-dentreprise\/\">\n                <img decoding=\"async\" \n                    class=\"image lazyload\" data-src=\"https:\/\/urban-connect.com\/wp-content\/uploads\/2026\/03\/F06A4076-768x512.jpg\"\n                    data-srcset=\"https:\/\/urban-connect.com\/wp-content\/uploads\/2026\/03\/F06A4076-768x512.jpg 768w, https:\/\/urban-connect.com\/wp-content\/uploads\/2026\/03\/F06A4076-300x200.jpg 300w, https:\/\/urban-connect.com\/wp-content\/uploads\/2026\/03\/F06A4076-1024x683.jpg 1024w, https:\/\/urban-connect.com\/wp-content\/uploads\/2026\/03\/F06A4076-1536x1024.jpg 1536w, https:\/\/urban-connect.com\/wp-content\/uploads\/2026\/03\/F06A4076-2048x1365.jpg 2048w, https:\/\/urban-connect.com\/wp-content\/uploads\/2026\/03\/F06A4076-1620x1080.jpg 1620w\"\n                    data-sizes=\"(max-width: 768px) 100vw, 768px\"\n                    alt=\"Wheels &amp; Wine 2026 \u2013 Une \u00e9dition marquante qui fa\u00e7onne l'avenir de la mobilit\u00e9 d'entreprise\"\n                 src=\"data:image\/gif;base64,R0lGODlhAQABAAAAACH5BAEKAAEALAAAAAABAAEAAAICTAEAOw==\" style=\"--smush-placeholder-width: 768px; --smush-placeholder-aspect-ratio: 768\/512;\"><noscript><img decoding=\"async\" \n                    class=\"image\" src=\"https:\/\/urban-connect.com\/wp-content\/uploads\/2026\/03\/F06A4076-768x512.jpg\"\n                    srcset=\"https:\/\/urban-connect.com\/wp-content\/uploads\/2026\/03\/F06A4076-768x512.jpg 768w, https:\/\/urban-connect.com\/wp-content\/uploads\/2026\/03\/F06A4076-300x200.jpg 300w, https:\/\/urban-connect.com\/wp-content\/uploads\/2026\/03\/F06A4076-1024x683.jpg 1024w, https:\/\/urban-connect.com\/wp-content\/uploads\/2026\/03\/F06A4076-1536x1024.jpg 1536w, https:\/\/urban-connect.com\/wp-content\/uploads\/2026\/03\/F06A4076-2048x1365.jpg 2048w, https:\/\/urban-connect.com\/wp-content\/uploads\/2026\/03\/F06A4076-1620x1080.jpg 1620w\"\n                    sizes=\"(max-width: 768px) 100vw, 768px\"\n                    alt=\"Wheels &amp; Wine 2026 \u2013 Une \u00e9dition marquante qui fa\u00e7onne l'avenir de la mobilit\u00e9 d'entreprise\"\n                ><\/noscript>\n            <\/a>\n                <\/div>\n    <div class=\"right-side\">\n                    <a href=\"https:\/\/urban-connect.com\/fr\/news\/wheels-wine-2026-une-edition-marquante-qui-faconne-lavenir-de-la-mobilite-dentreprise\/\">\n                <h6 class=\"title\">Wheels &amp; Wine 2026 \u2013 Une \u00e9dition marquante qui fa\u00e7onne l&rsquo;avenir de la mobilit\u00e9 d&rsquo;entreprise<\/h6>\n            <\/a>\n                        <span class=\"date\">mars 24, 2026 <\/span>\n            \n\t        <\/div>\n<\/div>                        <\/div>\n                                                <div class=\"swiper-slide\">\n                            <div class=\"card-horizontal\">\n    <div class=\"left-side\">\n                    <a href=\"https:\/\/urban-connect.com\/fr\/news\/que-se-passera-t-il-lorsque-la-recharge-des-vehicules-electriques-fonctionnera-enfin\/\">\n                <img decoding=\"async\" \n                    class=\"image lazyload\" data-src=\"https:\/\/urban-connect.com\/wp-content\/uploads\/2026\/03\/Zaptec-cover-3-1-768x453.png\"\n                    data-srcset=\"https:\/\/urban-connect.com\/wp-content\/uploads\/2026\/03\/Zaptec-cover-3-1-768x453.png 768w, https:\/\/urban-connect.com\/wp-content\/uploads\/2026\/03\/Zaptec-cover-3-1-300x177.png 300w, https:\/\/urban-connect.com\/wp-content\/uploads\/2026\/03\/Zaptec-cover-3-1-1024x604.png 1024w, https:\/\/urban-connect.com\/wp-content\/uploads\/2026\/03\/Zaptec-cover-3-1-1536x906.png 1536w, https:\/\/urban-connect.com\/wp-content\/uploads\/2026\/03\/Zaptec-cover-3-1-2048x1208.png 2048w, https:\/\/urban-connect.com\/wp-content\/uploads\/2026\/03\/Zaptec-cover-3-1-1831x1080.png 1831w\"\n                    data-sizes=\"(max-width: 768px) 100vw, 768px\"\n                    alt=\"Que se passera-t-il lorsque la recharge des v\u00e9hicules \u00e9lectriques fonctionnera enfin?\"\n                 src=\"data:image\/gif;base64,R0lGODlhAQABAAAAACH5BAEKAAEALAAAAAABAAEAAAICTAEAOw==\" style=\"--smush-placeholder-width: 768px; --smush-placeholder-aspect-ratio: 768\/453;\"><noscript><img decoding=\"async\" \n                    class=\"image\" src=\"https:\/\/urban-connect.com\/wp-content\/uploads\/2026\/03\/Zaptec-cover-3-1-768x453.png\"\n                    srcset=\"https:\/\/urban-connect.com\/wp-content\/uploads\/2026\/03\/Zaptec-cover-3-1-768x453.png 768w, https:\/\/urban-connect.com\/wp-content\/uploads\/2026\/03\/Zaptec-cover-3-1-300x177.png 300w, https:\/\/urban-connect.com\/wp-content\/uploads\/2026\/03\/Zaptec-cover-3-1-1024x604.png 1024w, https:\/\/urban-connect.com\/wp-content\/uploads\/2026\/03\/Zaptec-cover-3-1-1536x906.png 1536w, https:\/\/urban-connect.com\/wp-content\/uploads\/2026\/03\/Zaptec-cover-3-1-2048x1208.png 2048w, https:\/\/urban-connect.com\/wp-content\/uploads\/2026\/03\/Zaptec-cover-3-1-1831x1080.png 1831w\"\n                    sizes=\"(max-width: 768px) 100vw, 768px\"\n                    alt=\"Que se passera-t-il lorsque la recharge des v\u00e9hicules \u00e9lectriques fonctionnera enfin?\"\n                ><\/noscript>\n            <\/a>\n                <\/div>\n    <div class=\"right-side\">\n                    <a href=\"https:\/\/urban-connect.com\/fr\/news\/que-se-passera-t-il-lorsque-la-recharge-des-vehicules-electriques-fonctionnera-enfin\/\">\n                <h6 class=\"title\">Que se passera-t-il lorsque la recharge des v\u00e9hicules \u00e9lectriques fonctionnera enfin?<\/h6>\n            <\/a>\n                        <span class=\"date\">mars 17, 2026 <\/span>\n            \n\t        <\/div>\n<\/div>                        <\/div>\n                                                <div class=\"swiper-slide\">\n                            <div class=\"card-horizontal\">\n    <div class=\"left-side\">\n                    <a href=\"https:\/\/urban-connect.com\/fr\/news\/spotlight-sur-les-etudes-de-cas-partenariat-entre-lonza-visp-et-urban-connect-pour-la-mobilite-durable\/\">\n                <img decoding=\"async\" \n                    class=\"image lazyload\" data-src=\"https:\/\/urban-connect.com\/wp-content\/uploads\/2026\/02\/HELSANA-x-UC-banner-768x511.png\"\n                    data-srcset=\"https:\/\/urban-connect.com\/wp-content\/uploads\/2026\/02\/HELSANA-x-UC-banner-768x511.png 768w, https:\/\/urban-connect.com\/wp-content\/uploads\/2026\/02\/HELSANA-x-UC-banner-300x199.png 300w, https:\/\/urban-connect.com\/wp-content\/uploads\/2026\/02\/HELSANA-x-UC-banner-1024x681.png 1024w, https:\/\/urban-connect.com\/wp-content\/uploads\/2026\/02\/HELSANA-x-UC-banner-1536x1021.png 1536w, https:\/\/urban-connect.com\/wp-content\/uploads\/2026\/02\/HELSANA-x-UC-banner.png 1590w\"\n                    data-sizes=\"(max-width: 768px) 100vw, 768px\"\n                    alt=\"Spotlight sur les \u00e9tudes de cas: Helsana offre \u00e0 3'400+ employ\u00e9s un budget de mobilit\u00e9 Urban Connect, et ce sans aucun probl\u00e8me gr\u00e2ce \u00e0 SCIM.\"\n                 src=\"data:image\/gif;base64,R0lGODlhAQABAAAAACH5BAEKAAEALAAAAAABAAEAAAICTAEAOw==\" style=\"--smush-placeholder-width: 768px; --smush-placeholder-aspect-ratio: 768\/511;\"><noscript><img decoding=\"async\" \n                    class=\"image\" src=\"https:\/\/urban-connect.com\/wp-content\/uploads\/2026\/02\/HELSANA-x-UC-banner-768x511.png\"\n                    srcset=\"https:\/\/urban-connect.com\/wp-content\/uploads\/2026\/02\/HELSANA-x-UC-banner-768x511.png 768w, https:\/\/urban-connect.com\/wp-content\/uploads\/2026\/02\/HELSANA-x-UC-banner-300x199.png 300w, https:\/\/urban-connect.com\/wp-content\/uploads\/2026\/02\/HELSANA-x-UC-banner-1024x681.png 1024w, https:\/\/urban-connect.com\/wp-content\/uploads\/2026\/02\/HELSANA-x-UC-banner-1536x1021.png 1536w, https:\/\/urban-connect.com\/wp-content\/uploads\/2026\/02\/HELSANA-x-UC-banner.png 1590w\"\n                    sizes=\"(max-width: 768px) 100vw, 768px\"\n                    alt=\"Spotlight sur les \u00e9tudes de cas: Helsana offre \u00e0 3'400+ employ\u00e9s un budget de mobilit\u00e9 Urban Connect, et ce sans aucun probl\u00e8me gr\u00e2ce \u00e0 SCIM.\"\n                ><\/noscript>\n            <\/a>\n                <\/div>\n    <div class=\"right-side\">\n                    <a href=\"https:\/\/urban-connect.com\/fr\/news\/spotlight-sur-les-etudes-de-cas-partenariat-entre-lonza-visp-et-urban-connect-pour-la-mobilite-durable\/\">\n                <h6 class=\"title\">Spotlight sur les \u00e9tudes de cas: Helsana offre \u00e0 3&rsquo;400+ employ\u00e9s un budget de mobilit\u00e9 Urban Connect, et ce sans aucun probl\u00e8me gr\u00e2ce \u00e0 SCIM.<\/h6>\n            <\/a>\n                        <span class=\"date\">f\u00e9vrier 05, 2026 <\/span>\n            \n\t        <\/div>\n<\/div>                        <\/div>\n                                        <\/div>\n                <div class=\"btn-slider \">\n    <div class=\"prev\">\n        <svg width=\"22\" height=\"12\" viewBox=\"0 0 22 12\" fill=\"none\" xmlns=\"http:\/\/www.w3.org\/2000\/svg\">\n            <path d=\"M5.094 4.476L7.74 1.83L6.03 0.102L0.432 5.7L6.03 11.298L7.74 9.57L5.076 6.906H21.42V4.476H5.094Z\" fill=\"white\"\/>\n        <\/svg>\n    <\/div>\n    <div class=\"next\">\n        <svg width=\"22\" height=\"12\" viewBox=\"0 0 22 12\" fill=\"none\" xmlns=\"http:\/\/www.w3.org\/2000\/svg\">\n            <path d=\"M14.292 1.83L16.938 4.476H0.612V6.906H16.956L14.292 9.57L16.002 11.298L21.6 5.7L16.002 0.102L14.292 1.83Z\" fill=\"white\"\/>\n        <\/svg>\n    <\/div>\n<\/div>            <\/div>\n        <\/div>\n    <\/section>\n    \n\n        <section class=\"chart-small\">\n                            <img decoding=\"async\" \n                class=\"image\" src=\"\"\n                srcset=\"\"\n                sizes=\"\"\n                alt=\"Chart Image\"\n                >\n                            <div class=\"container\">\n                <div class=\"top-row\">\n                    <div class=\"title\">\n                        2\u2019340\u2019984                     <\/div>\n                    <div class=\"subtitle\">\n                        CO2 neutral km travelled                    <\/div>\n                <\/div>\n                <div class=\"chart\">\n                                            <div class=\"bar\">\n                            <div class=\"fill\" style=\"height:4.95%\"><\/div>\n                            <span class=\"title-bottom\">2018<\/span>\n\n                        <\/div>\n                                                <div class=\"bar\">\n                            <div class=\"fill\" style=\"height:10%\"><\/div>\n                            <span class=\"title-bottom\">2019<\/span>\n\n                        <\/div>\n                                                <div class=\"bar\">\n                            <div class=\"fill\" style=\"height:20%\"><\/div>\n                            <span class=\"title-bottom\">2020<\/span>\n\n                        <\/div>\n                                                <div class=\"bar\">\n                            <div class=\"fill\" style=\"height:50%\"><\/div>\n                            <span class=\"title-bottom\">2021<\/span>\n\n                        <\/div>\n                                                <div class=\"bar\">\n                            <div class=\"fill\" style=\"height:100%\"><\/div>\n                            <span class=\"title-bottom\">2022<\/span>\n\n                        <\/div>\n                                        <\/div>\n            <\/div>\n        <\/section>\n        ","protected":false},"excerpt":{"rendered":"<p>Tous les membres de l&rsquo;ETH qui souhaitent se rendre rapidement d&rsquo;un endroit \u00e0 l&rsquo;autre peuvent louer un v\u00e9lo \u00e9lectrique dans l&rsquo;une des quatre stations de l&rsquo;ETH Zurich. Le fournisseur Urban Connect a install\u00e9 une flotte de 25 v\u00e9los \u00e9lectriques de haute qualit\u00e9 ainsi qu&rsquo;un v\u00e9lo de transport dans des stations situ\u00e9es dans quatre b\u00e2timents de [&hellip;]<\/p>\n","protected":false},"featured_media":4989,"parent":0,"template":"","news_category":[33],"class_list":["post-4987","news","type-news","status-publish","has-post-thumbnail","hentry","news_category-actualites"],"acf":[],"yoast_head":"<!-- This site is optimized with the Yoast SEO plugin v23.2 - https:\/\/yoast.com\/wordpress\/plugins\/seo\/ -->\n<title>Tarifs sp\u00e9ciaux pour les membres de la communaut\u00e9 ETH - Urban Connect<\/title>\n<meta name=\"description\" content=\"Special rates and great offers are now available for all ETH members! Read the article for all the important information.\" \/>\n<meta name=\"robots\" content=\"index, follow, max-snippet:-1, max-image-preview:large, max-video-preview:-1\" \/>\n<link rel=\"canonical\" href=\"https:\/\/urban-connect.com\/fr\/news\/tarifs-speciaux-pour-les-membres-de-la-communaute-eth\/\" \/>\n<meta property=\"og:locale\" content=\"fr_FR\" \/>\n<meta property=\"og:type\" content=\"article\" \/>\n<meta property=\"og:title\" content=\"Tarifs sp\u00e9ciaux pour les membres de la communaut\u00e9 ETH - Urban Connect\" \/>\n<meta property=\"og:description\" content=\"Special rates and great offers are now available for all ETH members! Read the article for all the important information.\" \/>\n<meta property=\"og:url\" content=\"https:\/\/urban-connect.com\/fr\/news\/tarifs-speciaux-pour-les-membres-de-la-communaute-eth\/\" \/>\n<meta property=\"og:site_name\" content=\"Urban Connect\" \/>\n<meta property=\"article:modified_time\" content=\"2024-07-25T21:22:30+00:00\" \/>\n<meta property=\"og:image\" content=\"https:\/\/urban-connect.com\/wp-content\/uploads\/2022\/05\/UC-NEWS-05172022-1.jpeg\" \/>\n\t<meta property=\"og:image:width\" content=\"882\" \/>\n\t<meta property=\"og:image:height\" content=\"582\" \/>\n\t<meta property=\"og:image:type\" content=\"image\/jpeg\" \/>\n<meta name=\"twitter:card\" content=\"summary_large_image\" \/>\n<meta name=\"twitter:label1\" content=\"Dur\u00e9e de lecture estim\u00e9e\" \/>\n\t<meta name=\"twitter:data1\" content=\"4 minutes\" \/>\n<script type=\"application\/ld+json\" class=\"yoast-schema-graph\">{\"@context\":\"https:\/\/schema.org\",\"@graph\":[{\"@type\":\"WebPage\",\"@id\":\"https:\/\/urban-connect.com\/fr\/news\/tarifs-speciaux-pour-les-membres-de-la-communaute-eth\/\",\"url\":\"https:\/\/urban-connect.com\/fr\/news\/tarifs-speciaux-pour-les-membres-de-la-communaute-eth\/\",\"name\":\"Tarifs sp\u00e9ciaux pour les membres de la communaut\u00e9 ETH - Urban Connect\",\"isPartOf\":{\"@id\":\"https:\/\/urban-connect.com\/fr\/#website\"},\"primaryImageOfPage\":{\"@id\":\"https:\/\/urban-connect.com\/fr\/news\/tarifs-speciaux-pour-les-membres-de-la-communaute-eth\/#primaryimage\"},\"image\":{\"@id\":\"https:\/\/urban-connect.com\/fr\/news\/tarifs-speciaux-pour-les-membres-de-la-communaute-eth\/#primaryimage\"},\"thumbnailUrl\":\"https:\/\/urban-connect.com\/wp-content\/uploads\/2022\/05\/UC-NEWS-05172022-1.jpeg\",\"datePublished\":\"2022-05-17T11:41:00+00:00\",\"dateModified\":\"2024-07-25T21:22:30+00:00\",\"description\":\"Special rates and great offers are now available for all ETH members! Read the article for all the important information.\",\"breadcrumb\":{\"@id\":\"https:\/\/urban-connect.com\/fr\/news\/tarifs-speciaux-pour-les-membres-de-la-communaute-eth\/#breadcrumb\"},\"inLanguage\":\"fr-FR\",\"potentialAction\":[{\"@type\":\"ReadAction\",\"target\":[\"https:\/\/urban-connect.com\/fr\/news\/tarifs-speciaux-pour-les-membres-de-la-communaute-eth\/\"]}]},{\"@type\":\"ImageObject\",\"inLanguage\":\"fr-FR\",\"@id\":\"https:\/\/urban-connect.com\/fr\/news\/tarifs-speciaux-pour-les-membres-de-la-communaute-eth\/#primaryimage\",\"url\":\"https:\/\/urban-connect.com\/wp-content\/uploads\/2022\/05\/UC-NEWS-05172022-1.jpeg\",\"contentUrl\":\"https:\/\/urban-connect.com\/wp-content\/uploads\/2022\/05\/UC-NEWS-05172022-1.jpeg\",\"width\":882,\"height\":582,\"caption\":\"Urban Connect ETH Bike\"},{\"@type\":\"BreadcrumbList\",\"@id\":\"https:\/\/urban-connect.com\/fr\/news\/tarifs-speciaux-pour-les-membres-de-la-communaute-eth\/#breadcrumb\",\"itemListElement\":[{\"@type\":\"ListItem\",\"position\":1,\"name\":\"Home\",\"item\":\"https:\/\/urban-connect.com\/fr\/\"},{\"@type\":\"ListItem\",\"position\":2,\"name\":\"Tarifs sp\u00e9ciaux pour les membres de la communaut\u00e9 ETH\"}]},{\"@type\":\"WebSite\",\"@id\":\"https:\/\/urban-connect.com\/fr\/#website\",\"url\":\"https:\/\/urban-connect.com\/fr\/\",\"name\":\"Urban Connect\",\"description\":\"\",\"potentialAction\":[{\"@type\":\"SearchAction\",\"target\":{\"@type\":\"EntryPoint\",\"urlTemplate\":\"https:\/\/urban-connect.com\/fr\/?s={search_term_string}\"},\"query-input\":\"required name=search_term_string\"}],\"inLanguage\":\"fr-FR\"}]}<\/script>\n<!-- \/ Yoast SEO plugin. -->","yoast_head_json":{"title":"Tarifs sp\u00e9ciaux pour les membres de la communaut\u00e9 ETH - Urban Connect","description":"Special rates and great offers are now available for all ETH members! Read the article for all the important information.","robots":{"index":"index","follow":"follow","max-snippet":"max-snippet:-1","max-image-preview":"max-image-preview:large","max-video-preview":"max-video-preview:-1"},"canonical":"https:\/\/urban-connect.com\/fr\/news\/tarifs-speciaux-pour-les-membres-de-la-communaute-eth\/","og_locale":"fr_FR","og_type":"article","og_title":"Tarifs sp\u00e9ciaux pour les membres de la communaut\u00e9 ETH - Urban Connect","og_description":"Special rates and great offers are now available for all ETH members! Read the article for all the important information.","og_url":"https:\/\/urban-connect.com\/fr\/news\/tarifs-speciaux-pour-les-membres-de-la-communaute-eth\/","og_site_name":"Urban Connect","article_modified_time":"2024-07-25T21:22:30+00:00","og_image":[{"width":882,"height":582,"url":"https:\/\/urban-connect.com\/wp-content\/uploads\/2022\/05\/UC-NEWS-05172022-1.jpeg","type":"image\/jpeg"}],"twitter_card":"summary_large_image","twitter_misc":{"Dur\u00e9e de lecture estim\u00e9e":"4 minutes"},"schema":{"@context":"https:\/\/schema.org","@graph":[{"@type":"WebPage","@id":"https:\/\/urban-connect.com\/fr\/news\/tarifs-speciaux-pour-les-membres-de-la-communaute-eth\/","url":"https:\/\/urban-connect.com\/fr\/news\/tarifs-speciaux-pour-les-membres-de-la-communaute-eth\/","name":"Tarifs sp\u00e9ciaux pour les membres de la communaut\u00e9 ETH - Urban Connect","isPartOf":{"@id":"https:\/\/urban-connect.com\/fr\/#website"},"primaryImageOfPage":{"@id":"https:\/\/urban-connect.com\/fr\/news\/tarifs-speciaux-pour-les-membres-de-la-communaute-eth\/#primaryimage"},"image":{"@id":"https:\/\/urban-connect.com\/fr\/news\/tarifs-speciaux-pour-les-membres-de-la-communaute-eth\/#primaryimage"},"thumbnailUrl":"https:\/\/urban-connect.com\/wp-content\/uploads\/2022\/05\/UC-NEWS-05172022-1.jpeg","datePublished":"2022-05-17T11:41:00+00:00","dateModified":"2024-07-25T21:22:30+00:00","description":"Special rates and great offers are now available for all ETH members! Read the article for all the important information.","breadcrumb":{"@id":"https:\/\/urban-connect.com\/fr\/news\/tarifs-speciaux-pour-les-membres-de-la-communaute-eth\/#breadcrumb"},"inLanguage":"fr-FR","potentialAction":[{"@type":"ReadAction","target":["https:\/\/urban-connect.com\/fr\/news\/tarifs-speciaux-pour-les-membres-de-la-communaute-eth\/"]}]},{"@type":"ImageObject","inLanguage":"fr-FR","@id":"https:\/\/urban-connect.com\/fr\/news\/tarifs-speciaux-pour-les-membres-de-la-communaute-eth\/#primaryimage","url":"https:\/\/urban-connect.com\/wp-content\/uploads\/2022\/05\/UC-NEWS-05172022-1.jpeg","contentUrl":"https:\/\/urban-connect.com\/wp-content\/uploads\/2022\/05\/UC-NEWS-05172022-1.jpeg","width":882,"height":582,"caption":"Urban Connect ETH Bike"},{"@type":"BreadcrumbList","@id":"https:\/\/urban-connect.com\/fr\/news\/tarifs-speciaux-pour-les-membres-de-la-communaute-eth\/#breadcrumb","itemListElement":[{"@type":"ListItem","position":1,"name":"Home","item":"https:\/\/urban-connect.com\/fr\/"},{"@type":"ListItem","position":2,"name":"Tarifs sp\u00e9ciaux pour les membres de la communaut\u00e9 ETH"}]},{"@type":"WebSite","@id":"https:\/\/urban-connect.com\/fr\/#website","url":"https:\/\/urban-connect.com\/fr\/","name":"Urban Connect","description":"","potentialAction":[{"@type":"SearchAction","target":{"@type":"EntryPoint","urlTemplate":"https:\/\/urban-connect.com\/fr\/?s={search_term_string}"},"query-input":"required name=search_term_string"}],"inLanguage":"fr-FR"}]}},"_links":{"self":[{"href":"https:\/\/urban-connect.com\/fr\/wp-json\/wp\/v2\/news\/4987","targetHints":{"allow":["GET"]}}],"collection":[{"href":"https:\/\/urban-connect.com\/fr\/wp-json\/wp\/v2\/news"}],"about":[{"href":"https:\/\/urban-connect.com\/fr\/wp-json\/wp\/v2\/types\/news"}],"wp:featuredmedia":[{"embeddable":true,"href":"https:\/\/urban-connect.com\/fr\/wp-json\/wp\/v2\/media\/4989"}],"wp:attachment":[{"href":"https:\/\/urban-connect.com\/fr\/wp-json\/wp\/v2\/media?parent=4987"}],"wp:term":[{"taxonomy":"news_category","embeddable":true,"href":"https:\/\/urban-connect.com\/fr\/wp-json\/wp\/v2\/news_category?post=4987"}],"curies":[{"name":"wp","href":"https:\/\/api.w.org\/{rel}","templated":true}]}}