{"id":4974,"date":"2022-09-19T11:47:00","date_gmt":"2022-09-19T11:47:00","guid":{"rendered":"https:\/\/urban-connect.com\/news\/corporate-mobility-as-the-key-to-a-traffic-turnaround\/"},"modified":"2025-01-27T11:46:02","modified_gmt":"2025-01-27T11:46:02","slug":"la-mobilite-dentreprise-cle-du-redressement-du-trafic","status":"publish","type":"news","link":"https:\/\/urban-connect.com\/fr\/news\/la-mobilite-dentreprise-cle-du-redressement-du-trafic\/","title":{"rendered":"La mobilit\u00e9 d&rsquo;entreprise, cl\u00e9 du redressement du trafic"},"content":{"rendered":"\n<p>L&rsquo;expression \u00ab retournement de la mobilit\u00e9 \u00bb est sur toutes les l\u00e8vres. Les villes luttent contre la congestion et sont de plus en plus souvent invit\u00e9es \u00e0 mettre en place une politique de transport \u00ab net z\u00e9ro \u00bb. Mais ces initiatives sont justifi\u00e9es. 39 % des \u00e9missions totales de gaz \u00e0 effet de serre de la Suisse proviennent des transports, dont 69 % sont imputables aux v\u00e9hicules de tourisme <a href=\"https:\/\/www.bfs.admin.ch\/bfs\/de\/home\/statistiken\/mobilitaet-verkehr\/unfaelle-umweltauswirkungen\/umweltauswirkungen.html\">[1]<\/a>. Dans la plupart des pays d\u00e9velopp\u00e9s, le transport est le principal responsable des \u00e9missions de CO2 <a href=\"https:\/\/www.weforum.org\/agenda\/2021\/11\/global-transport-carbon-emissions-decarbonise\">[2]<\/a>. En outre, les \u00e9missions du secteur des transports ont augment\u00e9 de plus de 33 % dans l&rsquo;UE <a href=\"https:\/\/www.eea.europa.eu\/\/publications\/transport-and-environment-report-2021\">[3]<\/a> et de 79 % au niveau mondial <a href=\"https:\/\/ourworldindata.org\/emissions-by-sector\">[4]<\/a> depuis 1990. Par cons\u00e9quent, la d\u00e9carbonisation des transports est susceptible de devenir le principe \u00e9conomique fondamental de l&rsquo;avenir.<\/p>\n\n\n\n<h2 class=\"wp-block-heading\"><strong>Stagnation dans les embouteillages<\/strong><\/h2>\n\n\n\n<p>Mais le changement est rarement facile. La voiture est devenue depuis longtemps un symbole puissant de notre individualit\u00e9, de notre autod\u00e9termination et m\u00eame de notre culture industrielle. C&rsquo;est la raison pour laquelle les discussions sur un changement de circulation sont souvent tr\u00e8s \u00e9motionnelles. C&rsquo;est pr\u00e9cis\u00e9ment pour cette raison qu&rsquo;il vaut la peine de se pencher sur les faits : En Suisse, une voiture est immobilis\u00e9e en moyenne 23 heures par jour <a href=\"https:\/\/www.nzz.ch\/mobilitaet\/hsg-experten-herrmann-und-stackmann-zur-mobilitaet-der-zukunft-ld.1703651\" target=\"_blank\" rel=\"noreferrer noopener\">[5]<\/a>. Cela correspond \u00e0 un taux d&rsquo;utilisation de seulement 4%. De plus, m\u00eame en conduisant, seuls 1,6 si\u00e8ge sont g\u00e9n\u00e9ralement occup\u00e9s <a href=\"https:\/\/www.bfs.admin.ch\/bfs\/de\/home\/statistiken\/mobilitaet-verkehr\/personenverkehr\/verkehrsverhalten.html\" target=\"_blank\" rel=\"noreferrer noopener\">[6]<\/a>, ce qui correspond \u00e0 un taux d&rsquo;utilisation de seulement 32%. Si nous combinons ces deux faits, nous obtenons un taux d&rsquo;utilisation des si\u00e8ges de seulement 1,3 %. Il s&rsquo;agit d&rsquo;un taux d&rsquo;utilisation catastrophique qui t\u00e9moigne d&rsquo;une grande inefficacit\u00e9 &#8211; et donc d&rsquo;une grande opportunit\u00e9.<\/p>\n\n\n\n<p>C&rsquo;est pourquoi de nombreuses villes ont d\u00e9clar\u00e9 la guerre \u00e0 la congestion et surtout au transport motoris\u00e9 priv\u00e9. Certaines villes comme Oslo, Paris et Madrid ont chass\u00e9 la voiture priv\u00e9e de leur centre, du moins en partie. Certaines municipalit\u00e9s envisagent m\u00eame d&rsquo;abandonner la propri\u00e9t\u00e9 des v\u00e9hicules priv\u00e9s et de s&rsquo;appuyer sur des flottes de v\u00e9hicules. La devise est \u00ab utiliser au lieu de poss\u00e9der \u00bb. Les habitants ne sont plus propri\u00e9taires des voitures, mais partagent l&rsquo;utilisation de voitures de location facilement disponibles. Les avantages pour les villes sont \u00e9vidents : les voitures de location r\u00e9duisent le besoin de places de stationnement, le nombre de voitures dans les centres-villes et, comme les voitures \u00e9lectriques, les \u00e9missions.<\/p>\n\n\n\n<h2 class=\"wp-block-heading\"><strong>La mobilit\u00e9 en tant que service<\/strong><\/h2>\n\n\n\n<p>Fondamentalement, le programme de redressement du trafic est \u00e9vident. Le parc automobile suisse, qui compte au total 4,7 millions <a href=\"https:\/\/www.bfs.admin.ch\/bfs\/en\/home\/statistics\/mobility-transport.html\">[7]<\/a> de voitures particuli\u00e8res, pourrait \u00eatre consid\u00e9rablement r\u00e9duit. Mais qu&rsquo;est-ce qui pousserait les gens \u00e0 renoncer \u00e0 leur propre voiture ? La r\u00e9ponse est \u00e9vidente. Les alternatives \u00e0 la voiture doivent \u00eatre d\u00e9velopp\u00e9es, am\u00e9lior\u00e9es et interconnect\u00e9es de mani\u00e8re conviviale. Il ne s&rsquo;agit pas de savoir si les transports publics, les (e-)v\u00e9los, les (e-)scooters ou le covoiturage constituent une seule et m\u00eame alternative. Il s&rsquo;agit d&rsquo;une mise en r\u00e9seau num\u00e9rique de cette cha\u00eene de mobilit\u00e9 multimodale avec un acc\u00e8s facile pour tous les citoyens.<\/p>\n\n\n\n<p>Vous souhaitez en savoir plus sur la mani\u00e8re dont l&rsquo;offre Mobilit\u00e9 comme Service d&rsquo;Urban Connect peut r\u00e9volutionner votre entreprise ? Remplissez simplement le formulaire ci-dessous et recevez le livre blanc complet directement dans votre bo\u00eete mail !<\/p>\n\n\n\n<script charset=\"utf-8\" type=\"text\/javascript\" src=\"\/\/js.hsforms.net\/forms\/embed\/v2.js\"><\/script>\n<script>\n  hbspt.forms.create({\n    portalId: \"4873065\",\n    formId: \"25fffff4-ab67-42ce-9694-b1f6045ae3a2\"\n  });\n<\/script>\n\n\n        <section class=\"author-block\">\n            <div class=\"container\">\n                <div class=\"left-side\">\n                    <h6 class=\"name\">Robert Ruttmann<\/h6>\n                    <span class=\"position\">Co-Founder and Chief Commercial Officer, Urban Connect<\/span>\n                <\/div>\n                <div class=\"right-side\">\n                                            <img decoding=\"async\" \n                        class=\"image lazyload\" data-src=\"https:\/\/urban-connect.com\/wp-content\/uploads\/2023\/03\/15-3-21-53.jpg\"\n                        data-srcset=\"https:\/\/urban-connect.com\/wp-content\/uploads\/2023\/03\/15-3-21-53.jpg 762w, https:\/\/urban-connect.com\/wp-content\/uploads\/2023\/03\/15-3-21-53-300x300.jpg 300w, https:\/\/urban-connect.com\/wp-content\/uploads\/2023\/03\/15-3-21-53-150x150.jpg 150w\"\n                        data-sizes=\"(max-width: 762px) 100vw, 762px\"\n                        alt=\"Chart Image\"\n                         src=\"data:image\/gif;base64,R0lGODlhAQABAAAAACH5BAEKAAEALAAAAAABAAEAAAICTAEAOw==\" style=\"--smush-placeholder-width: 762px; --smush-placeholder-aspect-ratio: 762\/762;\"><noscript><img decoding=\"async\" \n                        class=\"image\" src=\"https:\/\/urban-connect.com\/wp-content\/uploads\/2023\/03\/15-3-21-53.jpg\"\n                        srcset=\"https:\/\/urban-connect.com\/wp-content\/uploads\/2023\/03\/15-3-21-53.jpg 762w, https:\/\/urban-connect.com\/wp-content\/uploads\/2023\/03\/15-3-21-53-300x300.jpg 300w, https:\/\/urban-connect.com\/wp-content\/uploads\/2023\/03\/15-3-21-53-150x150.jpg 150w\"\n                        sizes=\"(max-width: 762px) 100vw, 762px\"\n                        alt=\"Chart Image\"\n                        ><\/noscript>\n                                        <\/div>\n            <\/div>\n        <\/section>\n        \n\n    <section class=\"related-posts\">\n        <div class=\"container\">\n            <h4 class=\"block-title\"><\/h4>\n        <\/div>\n        <div class=\"container posts-wrap\">\n            <div class=\"swiper swiper-related-posts\">\n                <div class=\"swiper-wrapper\">\n                                            <div class=\"swiper-slide\">\n                            <div class=\"card-horizontal\">\n    <div class=\"left-side\">\n                    <a href=\"https:\/\/urban-connect.com\/fr\/news\/wheels-wine-2026-une-edition-marquante-qui-faconne-lavenir-de-la-mobilite-dentreprise\/\">\n                <img decoding=\"async\" \n                    class=\"image lazyload\" data-src=\"https:\/\/urban-connect.com\/wp-content\/uploads\/2026\/03\/F06A4076-768x512.jpg\"\n                    data-srcset=\"https:\/\/urban-connect.com\/wp-content\/uploads\/2026\/03\/F06A4076-768x512.jpg 768w, https:\/\/urban-connect.com\/wp-content\/uploads\/2026\/03\/F06A4076-300x200.jpg 300w, https:\/\/urban-connect.com\/wp-content\/uploads\/2026\/03\/F06A4076-1024x683.jpg 1024w, https:\/\/urban-connect.com\/wp-content\/uploads\/2026\/03\/F06A4076-1536x1024.jpg 1536w, https:\/\/urban-connect.com\/wp-content\/uploads\/2026\/03\/F06A4076-2048x1365.jpg 2048w, https:\/\/urban-connect.com\/wp-content\/uploads\/2026\/03\/F06A4076-1620x1080.jpg 1620w\"\n                    data-sizes=\"(max-width: 768px) 100vw, 768px\"\n                    alt=\"Wheels &amp; Wine 2026 \u2013 Une \u00e9dition marquante qui fa\u00e7onne l'avenir de la mobilit\u00e9 d'entreprise\"\n                 src=\"data:image\/gif;base64,R0lGODlhAQABAAAAACH5BAEKAAEALAAAAAABAAEAAAICTAEAOw==\" style=\"--smush-placeholder-width: 768px; --smush-placeholder-aspect-ratio: 768\/512;\"><noscript><img decoding=\"async\" \n                    class=\"image\" src=\"https:\/\/urban-connect.com\/wp-content\/uploads\/2026\/03\/F06A4076-768x512.jpg\"\n                    srcset=\"https:\/\/urban-connect.com\/wp-content\/uploads\/2026\/03\/F06A4076-768x512.jpg 768w, https:\/\/urban-connect.com\/wp-content\/uploads\/2026\/03\/F06A4076-300x200.jpg 300w, https:\/\/urban-connect.com\/wp-content\/uploads\/2026\/03\/F06A4076-1024x683.jpg 1024w, https:\/\/urban-connect.com\/wp-content\/uploads\/2026\/03\/F06A4076-1536x1024.jpg 1536w, https:\/\/urban-connect.com\/wp-content\/uploads\/2026\/03\/F06A4076-2048x1365.jpg 2048w, https:\/\/urban-connect.com\/wp-content\/uploads\/2026\/03\/F06A4076-1620x1080.jpg 1620w\"\n                    sizes=\"(max-width: 768px) 100vw, 768px\"\n                    alt=\"Wheels &amp; Wine 2026 \u2013 Une \u00e9dition marquante qui fa\u00e7onne l'avenir de la mobilit\u00e9 d'entreprise\"\n                ><\/noscript>\n            <\/a>\n                <\/div>\n    <div class=\"right-side\">\n                    <a href=\"https:\/\/urban-connect.com\/fr\/news\/wheels-wine-2026-une-edition-marquante-qui-faconne-lavenir-de-la-mobilite-dentreprise\/\">\n                <h6 class=\"title\">Wheels &amp; Wine 2026 \u2013 Une \u00e9dition marquante qui fa\u00e7onne l&rsquo;avenir de la mobilit\u00e9 d&rsquo;entreprise<\/h6>\n            <\/a>\n                        <span class=\"date\">mars 24, 2026 <\/span>\n            \n\t        <\/div>\n<\/div>                        <\/div>\n                                                <div class=\"swiper-slide\">\n                            <div class=\"card-horizontal\">\n    <div class=\"left-side\">\n                    <a href=\"https:\/\/urban-connect.com\/fr\/news\/que-se-passera-t-il-lorsque-la-recharge-des-vehicules-electriques-fonctionnera-enfin\/\">\n                <img decoding=\"async\" \n                    class=\"image lazyload\" data-src=\"https:\/\/urban-connect.com\/wp-content\/uploads\/2026\/03\/Zaptec-cover-3-1-768x453.png\"\n                    data-srcset=\"https:\/\/urban-connect.com\/wp-content\/uploads\/2026\/03\/Zaptec-cover-3-1-768x453.png 768w, https:\/\/urban-connect.com\/wp-content\/uploads\/2026\/03\/Zaptec-cover-3-1-300x177.png 300w, https:\/\/urban-connect.com\/wp-content\/uploads\/2026\/03\/Zaptec-cover-3-1-1024x604.png 1024w, https:\/\/urban-connect.com\/wp-content\/uploads\/2026\/03\/Zaptec-cover-3-1-1536x906.png 1536w, https:\/\/urban-connect.com\/wp-content\/uploads\/2026\/03\/Zaptec-cover-3-1-2048x1208.png 2048w, https:\/\/urban-connect.com\/wp-content\/uploads\/2026\/03\/Zaptec-cover-3-1-1831x1080.png 1831w\"\n                    data-sizes=\"(max-width: 768px) 100vw, 768px\"\n                    alt=\"Que se passera-t-il lorsque la recharge des v\u00e9hicules \u00e9lectriques fonctionnera enfin?\"\n                 src=\"data:image\/gif;base64,R0lGODlhAQABAAAAACH5BAEKAAEALAAAAAABAAEAAAICTAEAOw==\" style=\"--smush-placeholder-width: 768px; --smush-placeholder-aspect-ratio: 768\/453;\"><noscript><img decoding=\"async\" \n                    class=\"image\" src=\"https:\/\/urban-connect.com\/wp-content\/uploads\/2026\/03\/Zaptec-cover-3-1-768x453.png\"\n                    srcset=\"https:\/\/urban-connect.com\/wp-content\/uploads\/2026\/03\/Zaptec-cover-3-1-768x453.png 768w, https:\/\/urban-connect.com\/wp-content\/uploads\/2026\/03\/Zaptec-cover-3-1-300x177.png 300w, https:\/\/urban-connect.com\/wp-content\/uploads\/2026\/03\/Zaptec-cover-3-1-1024x604.png 1024w, https:\/\/urban-connect.com\/wp-content\/uploads\/2026\/03\/Zaptec-cover-3-1-1536x906.png 1536w, https:\/\/urban-connect.com\/wp-content\/uploads\/2026\/03\/Zaptec-cover-3-1-2048x1208.png 2048w, https:\/\/urban-connect.com\/wp-content\/uploads\/2026\/03\/Zaptec-cover-3-1-1831x1080.png 1831w\"\n                    sizes=\"(max-width: 768px) 100vw, 768px\"\n                    alt=\"Que se passera-t-il lorsque la recharge des v\u00e9hicules \u00e9lectriques fonctionnera enfin?\"\n                ><\/noscript>\n            <\/a>\n                <\/div>\n    <div class=\"right-side\">\n                    <a href=\"https:\/\/urban-connect.com\/fr\/news\/que-se-passera-t-il-lorsque-la-recharge-des-vehicules-electriques-fonctionnera-enfin\/\">\n                <h6 class=\"title\">Que se passera-t-il lorsque la recharge des v\u00e9hicules \u00e9lectriques fonctionnera enfin?<\/h6>\n            <\/a>\n                        <span class=\"date\">mars 17, 2026 <\/span>\n            \n\t        <\/div>\n<\/div>                        <\/div>\n                                                <div class=\"swiper-slide\">\n                            <div class=\"card-horizontal\">\n    <div class=\"left-side\">\n                    <a href=\"https:\/\/urban-connect.com\/fr\/news\/spotlight-sur-les-etudes-de-cas-partenariat-entre-lonza-visp-et-urban-connect-pour-la-mobilite-durable\/\">\n                <img decoding=\"async\" \n                    class=\"image lazyload\" data-src=\"https:\/\/urban-connect.com\/wp-content\/uploads\/2026\/02\/HELSANA-x-UC-banner-768x511.png\"\n                    data-srcset=\"https:\/\/urban-connect.com\/wp-content\/uploads\/2026\/02\/HELSANA-x-UC-banner-768x511.png 768w, https:\/\/urban-connect.com\/wp-content\/uploads\/2026\/02\/HELSANA-x-UC-banner-300x199.png 300w, https:\/\/urban-connect.com\/wp-content\/uploads\/2026\/02\/HELSANA-x-UC-banner-1024x681.png 1024w, https:\/\/urban-connect.com\/wp-content\/uploads\/2026\/02\/HELSANA-x-UC-banner-1536x1021.png 1536w, https:\/\/urban-connect.com\/wp-content\/uploads\/2026\/02\/HELSANA-x-UC-banner.png 1590w\"\n                    data-sizes=\"(max-width: 768px) 100vw, 768px\"\n                    alt=\"Spotlight sur les \u00e9tudes de cas: Helsana offre \u00e0 3'400+ employ\u00e9s un budget de mobilit\u00e9 Urban Connect, et ce sans aucun probl\u00e8me gr\u00e2ce \u00e0 SCIM.\"\n                 src=\"data:image\/gif;base64,R0lGODlhAQABAAAAACH5BAEKAAEALAAAAAABAAEAAAICTAEAOw==\" style=\"--smush-placeholder-width: 768px; --smush-placeholder-aspect-ratio: 768\/511;\"><noscript><img decoding=\"async\" \n                    class=\"image\" src=\"https:\/\/urban-connect.com\/wp-content\/uploads\/2026\/02\/HELSANA-x-UC-banner-768x511.png\"\n                    srcset=\"https:\/\/urban-connect.com\/wp-content\/uploads\/2026\/02\/HELSANA-x-UC-banner-768x511.png 768w, https:\/\/urban-connect.com\/wp-content\/uploads\/2026\/02\/HELSANA-x-UC-banner-300x199.png 300w, https:\/\/urban-connect.com\/wp-content\/uploads\/2026\/02\/HELSANA-x-UC-banner-1024x681.png 1024w, https:\/\/urban-connect.com\/wp-content\/uploads\/2026\/02\/HELSANA-x-UC-banner-1536x1021.png 1536w, https:\/\/urban-connect.com\/wp-content\/uploads\/2026\/02\/HELSANA-x-UC-banner.png 1590w\"\n                    sizes=\"(max-width: 768px) 100vw, 768px\"\n                    alt=\"Spotlight sur les \u00e9tudes de cas: Helsana offre \u00e0 3'400+ employ\u00e9s un budget de mobilit\u00e9 Urban Connect, et ce sans aucun probl\u00e8me gr\u00e2ce \u00e0 SCIM.\"\n                ><\/noscript>\n            <\/a>\n                <\/div>\n    <div class=\"right-side\">\n                    <a href=\"https:\/\/urban-connect.com\/fr\/news\/spotlight-sur-les-etudes-de-cas-partenariat-entre-lonza-visp-et-urban-connect-pour-la-mobilite-durable\/\">\n                <h6 class=\"title\">Spotlight sur les \u00e9tudes de cas: Helsana offre \u00e0 3&rsquo;400+ employ\u00e9s un budget de mobilit\u00e9 Urban Connect, et ce sans aucun probl\u00e8me gr\u00e2ce \u00e0 SCIM.<\/h6>\n            <\/a>\n                        <span class=\"date\">f\u00e9vrier 05, 2026 <\/span>\n            \n\t        <\/div>\n<\/div>                        <\/div>\n                                        <\/div>\n                <div class=\"btn-slider \">\n    <div class=\"prev\">\n        <svg width=\"22\" height=\"12\" viewBox=\"0 0 22 12\" fill=\"none\" xmlns=\"http:\/\/www.w3.org\/2000\/svg\">\n            <path d=\"M5.094 4.476L7.74 1.83L6.03 0.102L0.432 5.7L6.03 11.298L7.74 9.57L5.076 6.906H21.42V4.476H5.094Z\" fill=\"white\"\/>\n        <\/svg>\n    <\/div>\n    <div class=\"next\">\n        <svg width=\"22\" height=\"12\" viewBox=\"0 0 22 12\" fill=\"none\" xmlns=\"http:\/\/www.w3.org\/2000\/svg\">\n            <path d=\"M14.292 1.83L16.938 4.476H0.612V6.906H16.956L14.292 9.57L16.002 11.298L21.6 5.7L16.002 0.102L14.292 1.83Z\" fill=\"white\"\/>\n        <\/svg>\n    <\/div>\n<\/div>            <\/div>\n        <\/div>\n    <\/section>\n    \n\n\n\n\n\n\n\n\n\n<div class=\"yoast-breadcrumbs\"><span><span><a href=\"https:\/\/urban-connect.com\/fr\/\">Home<\/a><\/span> \/ <span class=\"breadcrumb_last\" aria-current=\"page\"><strong>La mobilit\u00e9 d&#8217;entreprise, cl\u00e9 du redressement du trafic<\/strong><\/span><\/span><\/div>\n\n<div class=\"yoast-breadcrumbs\"><span><span><a href=\"https:\/\/urban-connect.com\/fr\/\">Home<\/a><\/span> \/ <span class=\"breadcrumb_last\" aria-current=\"page\"><strong>La mobilit\u00e9 d&#8217;entreprise, cl\u00e9 du redressement du trafic<\/strong><\/span><\/span><\/div>\n\n<div class=\"yoast-breadcrumbs\"><span><span><a href=\"https:\/\/urban-connect.com\/fr\/\">Home<\/a><\/span> \/ <span class=\"breadcrumb_last\" aria-current=\"page\"><strong>La mobilit\u00e9 d&#8217;entreprise, cl\u00e9 du redressement du trafic<\/strong><\/span><\/span><\/div>","protected":false},"excerpt":{"rendered":"<p>L&rsquo;expression \u00ab retournement de la mobilit\u00e9 \u00bb est sur toutes les l\u00e8vres. Les villes luttent contre la congestion et sont de plus en plus souvent invit\u00e9es \u00e0 mettre en place une politique de transport \u00ab net z\u00e9ro \u00bb. Mais ces initiatives sont justifi\u00e9es. 39 % des \u00e9missions totales de gaz \u00e0 effet de serre de [&hellip;]<\/p>\n","protected":false},"featured_media":4975,"parent":0,"template":"","news_category":[34],"class_list":["post-4974","news","type-news","status-publish","has-post-thumbnail","hentry","news_category-livres-blancs"],"acf":[],"yoast_head":"<!-- This site is optimized with the Yoast SEO plugin v23.2 - https:\/\/yoast.com\/wordpress\/plugins\/seo\/ -->\n<title>La mobilit\u00e9 d&#039;entreprise, cl\u00e9 du redressement du trafic - Urban Connect<\/title>\n<meta name=\"description\" content=\"Corporate mobility is the key to the transport revolution. The aim is mobility-as-a-service and the creation of incentives for employees.\" \/>\n<meta name=\"robots\" content=\"index, follow, max-snippet:-1, max-image-preview:large, max-video-preview:-1\" \/>\n<link rel=\"canonical\" href=\"https:\/\/urban-connect.com\/fr\/news\/la-mobilite-dentreprise-cle-du-redressement-du-trafic\/\" \/>\n<meta property=\"og:locale\" content=\"fr_FR\" \/>\n<meta property=\"og:type\" content=\"article\" \/>\n<meta property=\"og:title\" content=\"La mobilit\u00e9 d&#039;entreprise, cl\u00e9 du redressement du trafic - Urban Connect\" \/>\n<meta property=\"og:description\" content=\"Corporate mobility is the key to the transport revolution. The aim is mobility-as-a-service and the creation of incentives for employees.\" \/>\n<meta property=\"og:url\" content=\"https:\/\/urban-connect.com\/fr\/news\/la-mobilite-dentreprise-cle-du-redressement-du-trafic\/\" \/>\n<meta property=\"og:site_name\" content=\"Urban Connect\" \/>\n<meta property=\"article:modified_time\" content=\"2025-01-27T11:46:02+00:00\" \/>\n<meta property=\"og:image\" content=\"https:\/\/urban-connect.com\/wp-content\/uploads\/2023\/03\/Corporate-mobility.jpg\" \/>\n\t<meta property=\"og:image:width\" content=\"882\" \/>\n\t<meta property=\"og:image:height\" content=\"582\" \/>\n\t<meta property=\"og:image:type\" content=\"image\/jpeg\" \/>\n<meta name=\"twitter:card\" content=\"summary_large_image\" \/>\n<meta name=\"twitter:label1\" content=\"Dur\u00e9e de lecture estim\u00e9e\" \/>\n\t<meta name=\"twitter:data1\" content=\"3 minutes\" \/>\n<script type=\"application\/ld+json\" class=\"yoast-schema-graph\">{\"@context\":\"https:\/\/schema.org\",\"@graph\":[{\"@type\":\"WebPage\",\"@id\":\"https:\/\/urban-connect.com\/fr\/news\/la-mobilite-dentreprise-cle-du-redressement-du-trafic\/\",\"url\":\"https:\/\/urban-connect.com\/fr\/news\/la-mobilite-dentreprise-cle-du-redressement-du-trafic\/\",\"name\":\"La mobilit\u00e9 d'entreprise, cl\u00e9 du redressement du trafic - Urban Connect\",\"isPartOf\":{\"@id\":\"https:\/\/urban-connect.com\/fr\/#website\"},\"primaryImageOfPage\":{\"@id\":\"https:\/\/urban-connect.com\/fr\/news\/la-mobilite-dentreprise-cle-du-redressement-du-trafic\/#primaryimage\"},\"image\":{\"@id\":\"https:\/\/urban-connect.com\/fr\/news\/la-mobilite-dentreprise-cle-du-redressement-du-trafic\/#primaryimage\"},\"thumbnailUrl\":\"https:\/\/urban-connect.com\/wp-content\/uploads\/2023\/03\/Corporate-mobility.jpg\",\"datePublished\":\"2022-09-19T11:47:00+00:00\",\"dateModified\":\"2025-01-27T11:46:02+00:00\",\"description\":\"Corporate mobility is the key to the transport revolution. The aim is mobility-as-a-service and the creation of incentives for employees.\",\"breadcrumb\":{\"@id\":\"https:\/\/urban-connect.com\/fr\/news\/la-mobilite-dentreprise-cle-du-redressement-du-trafic\/#breadcrumb\"},\"inLanguage\":\"fr-FR\",\"potentialAction\":[{\"@type\":\"ReadAction\",\"target\":[\"https:\/\/urban-connect.com\/fr\/news\/la-mobilite-dentreprise-cle-du-redressement-du-trafic\/\"]}]},{\"@type\":\"ImageObject\",\"inLanguage\":\"fr-FR\",\"@id\":\"https:\/\/urban-connect.com\/fr\/news\/la-mobilite-dentreprise-cle-du-redressement-du-trafic\/#primaryimage\",\"url\":\"https:\/\/urban-connect.com\/wp-content\/uploads\/2023\/03\/Corporate-mobility.jpg\",\"contentUrl\":\"https:\/\/urban-connect.com\/wp-content\/uploads\/2023\/03\/Corporate-mobility.jpg\",\"width\":882,\"height\":582,\"caption\":\"Tesla stearing wheel\"},{\"@type\":\"BreadcrumbList\",\"@id\":\"https:\/\/urban-connect.com\/fr\/news\/la-mobilite-dentreprise-cle-du-redressement-du-trafic\/#breadcrumb\",\"itemListElement\":[{\"@type\":\"ListItem\",\"position\":1,\"name\":\"Home\",\"item\":\"https:\/\/urban-connect.com\/fr\/\"},{\"@type\":\"ListItem\",\"position\":2,\"name\":\"La mobilit\u00e9 d&#8217;entreprise, cl\u00e9 du redressement du trafic\"}]},{\"@type\":\"WebSite\",\"@id\":\"https:\/\/urban-connect.com\/fr\/#website\",\"url\":\"https:\/\/urban-connect.com\/fr\/\",\"name\":\"Urban Connect\",\"description\":\"\",\"potentialAction\":[{\"@type\":\"SearchAction\",\"target\":{\"@type\":\"EntryPoint\",\"urlTemplate\":\"https:\/\/urban-connect.com\/fr\/?s={search_term_string}\"},\"query-input\":\"required name=search_term_string\"}],\"inLanguage\":\"fr-FR\"}]}<\/script>\n<!-- \/ Yoast SEO plugin. -->","yoast_head_json":{"title":"La mobilit\u00e9 d'entreprise, cl\u00e9 du redressement du trafic - Urban Connect","description":"Corporate mobility is the key to the transport revolution. The aim is mobility-as-a-service and the creation of incentives for employees.","robots":{"index":"index","follow":"follow","max-snippet":"max-snippet:-1","max-image-preview":"max-image-preview:large","max-video-preview":"max-video-preview:-1"},"canonical":"https:\/\/urban-connect.com\/fr\/news\/la-mobilite-dentreprise-cle-du-redressement-du-trafic\/","og_locale":"fr_FR","og_type":"article","og_title":"La mobilit\u00e9 d'entreprise, cl\u00e9 du redressement du trafic - Urban Connect","og_description":"Corporate mobility is the key to the transport revolution. The aim is mobility-as-a-service and the creation of incentives for employees.","og_url":"https:\/\/urban-connect.com\/fr\/news\/la-mobilite-dentreprise-cle-du-redressement-du-trafic\/","og_site_name":"Urban Connect","article_modified_time":"2025-01-27T11:46:02+00:00","og_image":[{"width":882,"height":582,"url":"https:\/\/urban-connect.com\/wp-content\/uploads\/2023\/03\/Corporate-mobility.jpg","type":"image\/jpeg"}],"twitter_card":"summary_large_image","twitter_misc":{"Dur\u00e9e de lecture estim\u00e9e":"3 minutes"},"schema":{"@context":"https:\/\/schema.org","@graph":[{"@type":"WebPage","@id":"https:\/\/urban-connect.com\/fr\/news\/la-mobilite-dentreprise-cle-du-redressement-du-trafic\/","url":"https:\/\/urban-connect.com\/fr\/news\/la-mobilite-dentreprise-cle-du-redressement-du-trafic\/","name":"La mobilit\u00e9 d'entreprise, cl\u00e9 du redressement du trafic - Urban Connect","isPartOf":{"@id":"https:\/\/urban-connect.com\/fr\/#website"},"primaryImageOfPage":{"@id":"https:\/\/urban-connect.com\/fr\/news\/la-mobilite-dentreprise-cle-du-redressement-du-trafic\/#primaryimage"},"image":{"@id":"https:\/\/urban-connect.com\/fr\/news\/la-mobilite-dentreprise-cle-du-redressement-du-trafic\/#primaryimage"},"thumbnailUrl":"https:\/\/urban-connect.com\/wp-content\/uploads\/2023\/03\/Corporate-mobility.jpg","datePublished":"2022-09-19T11:47:00+00:00","dateModified":"2025-01-27T11:46:02+00:00","description":"Corporate mobility is the key to the transport revolution. The aim is mobility-as-a-service and the creation of incentives for employees.","breadcrumb":{"@id":"https:\/\/urban-connect.com\/fr\/news\/la-mobilite-dentreprise-cle-du-redressement-du-trafic\/#breadcrumb"},"inLanguage":"fr-FR","potentialAction":[{"@type":"ReadAction","target":["https:\/\/urban-connect.com\/fr\/news\/la-mobilite-dentreprise-cle-du-redressement-du-trafic\/"]}]},{"@type":"ImageObject","inLanguage":"fr-FR","@id":"https:\/\/urban-connect.com\/fr\/news\/la-mobilite-dentreprise-cle-du-redressement-du-trafic\/#primaryimage","url":"https:\/\/urban-connect.com\/wp-content\/uploads\/2023\/03\/Corporate-mobility.jpg","contentUrl":"https:\/\/urban-connect.com\/wp-content\/uploads\/2023\/03\/Corporate-mobility.jpg","width":882,"height":582,"caption":"Tesla stearing wheel"},{"@type":"BreadcrumbList","@id":"https:\/\/urban-connect.com\/fr\/news\/la-mobilite-dentreprise-cle-du-redressement-du-trafic\/#breadcrumb","itemListElement":[{"@type":"ListItem","position":1,"name":"Home","item":"https:\/\/urban-connect.com\/fr\/"},{"@type":"ListItem","position":2,"name":"La mobilit\u00e9 d&#8217;entreprise, cl\u00e9 du redressement du trafic"}]},{"@type":"WebSite","@id":"https:\/\/urban-connect.com\/fr\/#website","url":"https:\/\/urban-connect.com\/fr\/","name":"Urban Connect","description":"","potentialAction":[{"@type":"SearchAction","target":{"@type":"EntryPoint","urlTemplate":"https:\/\/urban-connect.com\/fr\/?s={search_term_string}"},"query-input":"required name=search_term_string"}],"inLanguage":"fr-FR"}]}},"_links":{"self":[{"href":"https:\/\/urban-connect.com\/fr\/wp-json\/wp\/v2\/news\/4974","targetHints":{"allow":["GET"]}}],"collection":[{"href":"https:\/\/urban-connect.com\/fr\/wp-json\/wp\/v2\/news"}],"about":[{"href":"https:\/\/urban-connect.com\/fr\/wp-json\/wp\/v2\/types\/news"}],"wp:featuredmedia":[{"embeddable":true,"href":"https:\/\/urban-connect.com\/fr\/wp-json\/wp\/v2\/media\/4975"}],"wp:attachment":[{"href":"https:\/\/urban-connect.com\/fr\/wp-json\/wp\/v2\/media?parent=4974"}],"wp:term":[{"taxonomy":"news_category","embeddable":true,"href":"https:\/\/urban-connect.com\/fr\/wp-json\/wp\/v2\/news_category?post=4974"}],"curies":[{"name":"wp","href":"https:\/\/api.w.org\/{rel}","templated":true}]}}