{"id":4964,"date":"2022-12-08T11:03:00","date_gmt":"2022-12-08T11:03:00","guid":{"rendered":"https:\/\/urban-connect.com\/news\/urban-connect-enters-a-partnership-with-helvetia-and-swiss-prime-site\/"},"modified":"2024-07-25T21:14:22","modified_gmt":"2024-07-25T21:14:22","slug":"urban-connect-signe-un-partenariat-avec-helvetia-et-swiss-prime-site","status":"publish","type":"news","link":"https:\/\/urban-connect.com\/fr\/news\/urban-connect-signe-un-partenariat-avec-helvetia-et-swiss-prime-site\/","title":{"rendered":"Urban Connect signe un partenariat avec Helvetia et Swiss Prime Site"},"content":{"rendered":"\n<p>Urban Connect est heureux d\u2019annoncer le partenariat avec Helvetia Venture Fund et Swiss Prime Site Innovation Fund dans le but d\u2019acc\u00e9l\u00e9rer la transition vers un La mobilit\u00e9 durable des entreprises en Suisse.<\/p>\n\n\n\n<p><strong><a href=\"https:\/\/www.helvetia.com\/global\/venture-fund\/en\/home.html\" target=\"_blank\" rel=\"noreferrer noopener\">Helvetia<\/a> <\/strong>est un groupe d\u2019assurance suisse pr\u00e9sent \u00e0 l\u2019\u00e9chelle mondiale. La soci\u00e9t\u00e9 est cot\u00e9e \u00e0 la bourse SIX et son si\u00e8ge social se trouve \u00e0 St. Gallen. L\u2019investissement dans Urban Connect s\u2019inscrit dans le cadre de la mise en \u0153uvre de la strat\u00e9gie Helvetia 20.25, qui vise \u00e0 exploiter de nouveaux mod\u00e8les d\u2019affaires. Stefan Saeger, directeur d\u2019Helvetia Venture Fund explique la d\u00e9cision strat\u00e9gique comme suit:<\/p>\n\n\n\n<blockquote class=\"wp-block-quote is-layout-flow wp-block-quote-is-layout-flow\">\n<blockquote class=\"wp-block-quote is-layout-flow wp-block-quote-is-layout-flow\">\n<p>\u00ab\u00a0Le mod\u00e8le commercial d\u2019Urban Connect r\u00e9pond \u00e0 un besoin de mobilit\u00e9 d\u2019entreprise en constante \u00e9volution, au carrefour tr\u00e8s int\u00e9ressant entre gestion de flotte et durabilit\u00e9, confirm\u00e9 par une liste exceptionnelle de clients d\u2019entreprise.\u00a0\u00bb<\/p>\n<\/blockquote>\n<\/blockquote>\n\n\n\n<p><strong><a href=\"https:\/\/sps.swiss\/de\/gruppe\/unternehmen\/innovation\" target=\"_blank\" rel=\"noreferrer noopener\">Swiss Prime Site AG<\/a><\/strong> (SPS) est l\u2019une des principales soci\u00e9t\u00e9s immobili\u00e8res en Europe. En plus de son propre portefeuille immobilier commercial, SPS d\u00e9tient le leader des services immobiliers Wincasa (&gt;70&nbsp;milliards d\u2019actifs), avec lequel Urban Connect m\u00e8ne plusieurs projets pilotes de servitisation pour tester une plateforme de mobilit\u00e9 connect\u00e9e et \u00e0 faible \u00e9mission de carbone dans leurs principaux \u00e9tablissements commerciaux. Bastian Zarske Bueno, chef du groupe Entreprises et innovation, d\u00e9crit la d\u00e9cision strat\u00e9gique de s\u2019associer \u00e0 Urban Connect comme suit&nbsp;: \u00ab&nbsp;Dans le march\u00e9 de la mobilit\u00e9 d\u2019entreprise en pleine croissance, Urban Connect permet \u00e0 Swiss Prime Site d\u2019offrir des services de mobilit\u00e9 ax\u00e9s sur les locataires sur ses sites \u00e0 usage mixte et d\u2019accro\u00eetre encore leur valeur marchande. Nos locataires appr\u00e9cient le multimodal, offre durable avec ses effets de r\u00e9seau attrayants et sera en mesure de recueillir et de compenser les donn\u00e9es sur les \u00e9missions de durabilit\u00e9 de la mobilit\u00e9 des employ\u00e9s via la plateforme Urban Connect de mani\u00e8re pratique.&nbsp;\u00bb<\/p>\n\n\n\n<p>Les fonds seront consacr\u00e9s \u00e0 l\u2019am\u00e9lioration de la plateforme num\u00e9rique, notamment en ce qui concerne la gestion des grands parcs de v\u00e9hicules, une solution de stationnement intelligente, l\u2019int\u00e9gration d\u2019un budget mobilit\u00e9. De plus, les fonds seront utilis\u00e9s pour am\u00e9liorer encore les outils d\u2019analyse des donn\u00e9es afin d\u2019aider les entreprises \u00e0 r\u00e9duire leurs \u00e9missions et les co\u00fbts totaux de la mobilit\u00e9, ainsi que pour \u00e9conomiser de l\u2019espace.<\/p>\n\n\n\n<p>Urban Connect\u2019s Co-Founder Judith H\u00e4berli said,\u00a0\u00ab\u00a0Notre offre de mobilit\u00e9 en tant que service aide les entreprises \u00e0 cr\u00e9er des milieux de travail plus verts, plus intelligents et plus sains \u2013 ainsi que des villes plus propres et moins encombr\u00e9es! Cet investissement contribue \u00e0 acc\u00e9l\u00e9rer ces efforts. Et nous ne pourrions \u00eatre plus heureux de la qualit\u00e9 de ces investisseurs.\u00a0\u00bb<\/p>\n\n\n\n<p>Change Mobility &#8211; Change the World<\/p>\n\n\n    <section class=\"related-posts\">\n        <div class=\"container\">\n            <h4 class=\"block-title\">Related Posts<\/h4>\n        <\/div>\n        <div class=\"container posts-wrap\">\n            <div class=\"swiper swiper-related-posts\">\n                <div class=\"swiper-wrapper\">\n                                            <div class=\"swiper-slide\">\n                            <div class=\"card-horizontal\">\n    <div class=\"left-side\">\n                    <a href=\"https:\/\/urban-connect.com\/fr\/news\/wheels-wine-2026-une-edition-marquante-qui-faconne-lavenir-de-la-mobilite-dentreprise\/\">\n                <img decoding=\"async\" \n                    class=\"image lazyload\" data-src=\"https:\/\/urban-connect.com\/wp-content\/uploads\/2026\/03\/F06A4076-768x512.jpg\"\n                    data-srcset=\"https:\/\/urban-connect.com\/wp-content\/uploads\/2026\/03\/F06A4076-768x512.jpg 768w, https:\/\/urban-connect.com\/wp-content\/uploads\/2026\/03\/F06A4076-300x200.jpg 300w, https:\/\/urban-connect.com\/wp-content\/uploads\/2026\/03\/F06A4076-1024x683.jpg 1024w, https:\/\/urban-connect.com\/wp-content\/uploads\/2026\/03\/F06A4076-1536x1024.jpg 1536w, https:\/\/urban-connect.com\/wp-content\/uploads\/2026\/03\/F06A4076-2048x1365.jpg 2048w, https:\/\/urban-connect.com\/wp-content\/uploads\/2026\/03\/F06A4076-1620x1080.jpg 1620w\"\n                    data-sizes=\"(max-width: 768px) 100vw, 768px\"\n                    alt=\"Wheels &amp; Wine 2026 \u2013 Une \u00e9dition marquante qui fa\u00e7onne l'avenir de la mobilit\u00e9 d'entreprise\"\n                 src=\"data:image\/gif;base64,R0lGODlhAQABAAAAACH5BAEKAAEALAAAAAABAAEAAAICTAEAOw==\" style=\"--smush-placeholder-width: 768px; --smush-placeholder-aspect-ratio: 768\/512;\"><noscript><img decoding=\"async\" \n                    class=\"image\" src=\"https:\/\/urban-connect.com\/wp-content\/uploads\/2026\/03\/F06A4076-768x512.jpg\"\n                    srcset=\"https:\/\/urban-connect.com\/wp-content\/uploads\/2026\/03\/F06A4076-768x512.jpg 768w, https:\/\/urban-connect.com\/wp-content\/uploads\/2026\/03\/F06A4076-300x200.jpg 300w, https:\/\/urban-connect.com\/wp-content\/uploads\/2026\/03\/F06A4076-1024x683.jpg 1024w, https:\/\/urban-connect.com\/wp-content\/uploads\/2026\/03\/F06A4076-1536x1024.jpg 1536w, https:\/\/urban-connect.com\/wp-content\/uploads\/2026\/03\/F06A4076-2048x1365.jpg 2048w, https:\/\/urban-connect.com\/wp-content\/uploads\/2026\/03\/F06A4076-1620x1080.jpg 1620w\"\n                    sizes=\"(max-width: 768px) 100vw, 768px\"\n                    alt=\"Wheels &amp; Wine 2026 \u2013 Une \u00e9dition marquante qui fa\u00e7onne l'avenir de la mobilit\u00e9 d'entreprise\"\n                ><\/noscript>\n            <\/a>\n                <\/div>\n    <div class=\"right-side\">\n                    <a href=\"https:\/\/urban-connect.com\/fr\/news\/wheels-wine-2026-une-edition-marquante-qui-faconne-lavenir-de-la-mobilite-dentreprise\/\">\n                <h6 class=\"title\">Wheels &amp; Wine 2026 \u2013 Une \u00e9dition marquante qui fa\u00e7onne l&rsquo;avenir de la mobilit\u00e9 d&rsquo;entreprise<\/h6>\n            <\/a>\n                        <span class=\"date\">mars 24, 2026 <\/span>\n            \n\t        <\/div>\n<\/div>                        <\/div>\n                                                <div class=\"swiper-slide\">\n                            <div class=\"card-horizontal\">\n    <div class=\"left-side\">\n                    <a href=\"https:\/\/urban-connect.com\/fr\/news\/que-se-passera-t-il-lorsque-la-recharge-des-vehicules-electriques-fonctionnera-enfin\/\">\n                <img decoding=\"async\" \n                    class=\"image lazyload\" data-src=\"https:\/\/urban-connect.com\/wp-content\/uploads\/2026\/03\/Zaptec-cover-3-1-768x453.png\"\n                    data-srcset=\"https:\/\/urban-connect.com\/wp-content\/uploads\/2026\/03\/Zaptec-cover-3-1-768x453.png 768w, https:\/\/urban-connect.com\/wp-content\/uploads\/2026\/03\/Zaptec-cover-3-1-300x177.png 300w, https:\/\/urban-connect.com\/wp-content\/uploads\/2026\/03\/Zaptec-cover-3-1-1024x604.png 1024w, https:\/\/urban-connect.com\/wp-content\/uploads\/2026\/03\/Zaptec-cover-3-1-1536x906.png 1536w, https:\/\/urban-connect.com\/wp-content\/uploads\/2026\/03\/Zaptec-cover-3-1-2048x1208.png 2048w, https:\/\/urban-connect.com\/wp-content\/uploads\/2026\/03\/Zaptec-cover-3-1-1831x1080.png 1831w\"\n                    data-sizes=\"(max-width: 768px) 100vw, 768px\"\n                    alt=\"Que se passera-t-il lorsque la recharge des v\u00e9hicules \u00e9lectriques fonctionnera enfin?\"\n                 src=\"data:image\/gif;base64,R0lGODlhAQABAAAAACH5BAEKAAEALAAAAAABAAEAAAICTAEAOw==\" style=\"--smush-placeholder-width: 768px; --smush-placeholder-aspect-ratio: 768\/453;\"><noscript><img decoding=\"async\" \n                    class=\"image\" src=\"https:\/\/urban-connect.com\/wp-content\/uploads\/2026\/03\/Zaptec-cover-3-1-768x453.png\"\n                    srcset=\"https:\/\/urban-connect.com\/wp-content\/uploads\/2026\/03\/Zaptec-cover-3-1-768x453.png 768w, https:\/\/urban-connect.com\/wp-content\/uploads\/2026\/03\/Zaptec-cover-3-1-300x177.png 300w, https:\/\/urban-connect.com\/wp-content\/uploads\/2026\/03\/Zaptec-cover-3-1-1024x604.png 1024w, https:\/\/urban-connect.com\/wp-content\/uploads\/2026\/03\/Zaptec-cover-3-1-1536x906.png 1536w, https:\/\/urban-connect.com\/wp-content\/uploads\/2026\/03\/Zaptec-cover-3-1-2048x1208.png 2048w, https:\/\/urban-connect.com\/wp-content\/uploads\/2026\/03\/Zaptec-cover-3-1-1831x1080.png 1831w\"\n                    sizes=\"(max-width: 768px) 100vw, 768px\"\n                    alt=\"Que se passera-t-il lorsque la recharge des v\u00e9hicules \u00e9lectriques fonctionnera enfin?\"\n                ><\/noscript>\n            <\/a>\n                <\/div>\n    <div class=\"right-side\">\n                    <a href=\"https:\/\/urban-connect.com\/fr\/news\/que-se-passera-t-il-lorsque-la-recharge-des-vehicules-electriques-fonctionnera-enfin\/\">\n                <h6 class=\"title\">Que se passera-t-il lorsque la recharge des v\u00e9hicules \u00e9lectriques fonctionnera enfin?<\/h6>\n            <\/a>\n                        <span class=\"date\">mars 17, 2026 <\/span>\n            \n\t        <\/div>\n<\/div>                        <\/div>\n                                                <div class=\"swiper-slide\">\n                            <div class=\"card-horizontal\">\n    <div class=\"left-side\">\n                    <a href=\"https:\/\/urban-connect.com\/fr\/news\/spotlight-sur-les-etudes-de-cas-partenariat-entre-lonza-visp-et-urban-connect-pour-la-mobilite-durable\/\">\n                <img decoding=\"async\" \n                    class=\"image lazyload\" data-src=\"https:\/\/urban-connect.com\/wp-content\/uploads\/2026\/02\/HELSANA-x-UC-banner-768x511.png\"\n                    data-srcset=\"https:\/\/urban-connect.com\/wp-content\/uploads\/2026\/02\/HELSANA-x-UC-banner-768x511.png 768w, https:\/\/urban-connect.com\/wp-content\/uploads\/2026\/02\/HELSANA-x-UC-banner-300x199.png 300w, https:\/\/urban-connect.com\/wp-content\/uploads\/2026\/02\/HELSANA-x-UC-banner-1024x681.png 1024w, https:\/\/urban-connect.com\/wp-content\/uploads\/2026\/02\/HELSANA-x-UC-banner-1536x1021.png 1536w, https:\/\/urban-connect.com\/wp-content\/uploads\/2026\/02\/HELSANA-x-UC-banner.png 1590w\"\n                    data-sizes=\"(max-width: 768px) 100vw, 768px\"\n                    alt=\"Spotlight sur les \u00e9tudes de cas: Helsana offre \u00e0 3'400+ employ\u00e9s un budget de mobilit\u00e9 Urban Connect, et ce sans aucun probl\u00e8me gr\u00e2ce \u00e0 SCIM.\"\n                 src=\"data:image\/gif;base64,R0lGODlhAQABAAAAACH5BAEKAAEALAAAAAABAAEAAAICTAEAOw==\" style=\"--smush-placeholder-width: 768px; --smush-placeholder-aspect-ratio: 768\/511;\"><noscript><img decoding=\"async\" \n                    class=\"image\" src=\"https:\/\/urban-connect.com\/wp-content\/uploads\/2026\/02\/HELSANA-x-UC-banner-768x511.png\"\n                    srcset=\"https:\/\/urban-connect.com\/wp-content\/uploads\/2026\/02\/HELSANA-x-UC-banner-768x511.png 768w, https:\/\/urban-connect.com\/wp-content\/uploads\/2026\/02\/HELSANA-x-UC-banner-300x199.png 300w, https:\/\/urban-connect.com\/wp-content\/uploads\/2026\/02\/HELSANA-x-UC-banner-1024x681.png 1024w, https:\/\/urban-connect.com\/wp-content\/uploads\/2026\/02\/HELSANA-x-UC-banner-1536x1021.png 1536w, https:\/\/urban-connect.com\/wp-content\/uploads\/2026\/02\/HELSANA-x-UC-banner.png 1590w\"\n                    sizes=\"(max-width: 768px) 100vw, 768px\"\n                    alt=\"Spotlight sur les \u00e9tudes de cas: Helsana offre \u00e0 3'400+ employ\u00e9s un budget de mobilit\u00e9 Urban Connect, et ce sans aucun probl\u00e8me gr\u00e2ce \u00e0 SCIM.\"\n                ><\/noscript>\n            <\/a>\n                <\/div>\n    <div class=\"right-side\">\n                    <a href=\"https:\/\/urban-connect.com\/fr\/news\/spotlight-sur-les-etudes-de-cas-partenariat-entre-lonza-visp-et-urban-connect-pour-la-mobilite-durable\/\">\n                <h6 class=\"title\">Spotlight sur les \u00e9tudes de cas: Helsana offre \u00e0 3&rsquo;400+ employ\u00e9s un budget de mobilit\u00e9 Urban Connect, et ce sans aucun probl\u00e8me gr\u00e2ce \u00e0 SCIM.<\/h6>\n            <\/a>\n                        <span class=\"date\">f\u00e9vrier 05, 2026 <\/span>\n            \n\t        <\/div>\n<\/div>                        <\/div>\n                                        <\/div>\n                <div class=\"btn-slider \">\n    <div class=\"prev\">\n        <svg width=\"22\" height=\"12\" viewBox=\"0 0 22 12\" fill=\"none\" xmlns=\"http:\/\/www.w3.org\/2000\/svg\">\n            <path d=\"M5.094 4.476L7.74 1.83L6.03 0.102L0.432 5.7L6.03 11.298L7.74 9.57L5.076 6.906H21.42V4.476H5.094Z\" fill=\"white\"\/>\n        <\/svg>\n    <\/div>\n    <div class=\"next\">\n        <svg width=\"22\" height=\"12\" viewBox=\"0 0 22 12\" fill=\"none\" xmlns=\"http:\/\/www.w3.org\/2000\/svg\">\n            <path d=\"M14.292 1.83L16.938 4.476H0.612V6.906H16.956L14.292 9.57L16.002 11.298L21.6 5.7L16.002 0.102L14.292 1.83Z\" fill=\"white\"\/>\n        <\/svg>\n    <\/div>\n<\/div>            <\/div>\n        <\/div>\n    <\/section>\n    ","protected":false},"excerpt":{"rendered":"<p>Urban Connect est heureux d\u2019annoncer le partenariat avec Helvetia Venture Fund et Swiss Prime Site Innovation Fund dans le but d\u2019acc\u00e9l\u00e9rer la transition vers un La mobilit\u00e9 durable des entreprises en Suisse. Helvetia est un groupe d\u2019assurance suisse pr\u00e9sent \u00e0 l\u2019\u00e9chelle mondiale. La soci\u00e9t\u00e9 est cot\u00e9e \u00e0 la bourse SIX et son si\u00e8ge social se [&hellip;]<\/p>\n","protected":false},"featured_media":4965,"parent":0,"template":"","news_category":[33],"class_list":["post-4964","news","type-news","status-publish","has-post-thumbnail","hentry","news_category-actualites"],"acf":[],"yoast_head":"<!-- This site is optimized with the Yoast SEO plugin v23.2 - https:\/\/yoast.com\/wordpress\/plugins\/seo\/ -->\n<title>Partnership with Helvetia and Swiss Prime Site - Urban Connect<\/title>\n<meta name=\"description\" content=\"Urban Connect is entering into a partnership with Helvetia and Swiss Prime Site. The aim is to jointly drive forward the mobility revolution.\" \/>\n<meta name=\"robots\" content=\"index, follow, max-snippet:-1, max-image-preview:large, max-video-preview:-1\" \/>\n<link rel=\"canonical\" href=\"https:\/\/urban-connect.com\/fr\/news\/urban-connect-signe-un-partenariat-avec-helvetia-et-swiss-prime-site\/\" \/>\n<meta property=\"og:locale\" content=\"fr_FR\" \/>\n<meta property=\"og:type\" content=\"article\" \/>\n<meta property=\"og:title\" content=\"Partnership with Helvetia and Swiss Prime Site - Urban Connect\" \/>\n<meta property=\"og:description\" content=\"Urban Connect is entering into a partnership with Helvetia and Swiss Prime Site. The aim is to jointly drive forward the mobility revolution.\" \/>\n<meta property=\"og:url\" content=\"https:\/\/urban-connect.com\/fr\/news\/urban-connect-signe-un-partenariat-avec-helvetia-et-swiss-prime-site\/\" \/>\n<meta property=\"og:site_name\" content=\"Urban Connect\" \/>\n<meta property=\"article:modified_time\" content=\"2024-07-25T21:14:22+00:00\" \/>\n<meta property=\"og:image\" content=\"https:\/\/urban-connect.com\/wp-content\/uploads\/2023\/04\/UC-NEWS-08122022_v2.jpg\" \/>\n\t<meta property=\"og:image:width\" content=\"882\" \/>\n\t<meta property=\"og:image:height\" content=\"582\" \/>\n\t<meta property=\"og:image:type\" content=\"image\/jpeg\" \/>\n<meta name=\"twitter:card\" content=\"summary_large_image\" \/>\n<meta name=\"twitter:label1\" content=\"Dur\u00e9e de lecture estim\u00e9e\" \/>\n\t<meta name=\"twitter:data1\" content=\"2 minutes\" \/>\n<script type=\"application\/ld+json\" class=\"yoast-schema-graph\">{\"@context\":\"https:\/\/schema.org\",\"@graph\":[{\"@type\":\"WebPage\",\"@id\":\"https:\/\/urban-connect.com\/fr\/news\/urban-connect-signe-un-partenariat-avec-helvetia-et-swiss-prime-site\/\",\"url\":\"https:\/\/urban-connect.com\/fr\/news\/urban-connect-signe-un-partenariat-avec-helvetia-et-swiss-prime-site\/\",\"name\":\"Partnership with Helvetia and Swiss Prime Site - Urban Connect\",\"isPartOf\":{\"@id\":\"https:\/\/urban-connect.com\/fr\/#website\"},\"primaryImageOfPage\":{\"@id\":\"https:\/\/urban-connect.com\/fr\/news\/urban-connect-signe-un-partenariat-avec-helvetia-et-swiss-prime-site\/#primaryimage\"},\"image\":{\"@id\":\"https:\/\/urban-connect.com\/fr\/news\/urban-connect-signe-un-partenariat-avec-helvetia-et-swiss-prime-site\/#primaryimage\"},\"thumbnailUrl\":\"https:\/\/urban-connect.com\/wp-content\/uploads\/2023\/04\/UC-NEWS-08122022_v2.jpg\",\"datePublished\":\"2022-12-08T11:03:00+00:00\",\"dateModified\":\"2024-07-25T21:14:22+00:00\",\"description\":\"Urban Connect is entering into a partnership with Helvetia and Swiss Prime Site. The aim is to jointly drive forward the mobility revolution.\",\"breadcrumb\":{\"@id\":\"https:\/\/urban-connect.com\/fr\/news\/urban-connect-signe-un-partenariat-avec-helvetia-et-swiss-prime-site\/#breadcrumb\"},\"inLanguage\":\"fr-FR\",\"potentialAction\":[{\"@type\":\"ReadAction\",\"target\":[\"https:\/\/urban-connect.com\/fr\/news\/urban-connect-signe-un-partenariat-avec-helvetia-et-swiss-prime-site\/\"]}]},{\"@type\":\"ImageObject\",\"inLanguage\":\"fr-FR\",\"@id\":\"https:\/\/urban-connect.com\/fr\/news\/urban-connect-signe-un-partenariat-avec-helvetia-et-swiss-prime-site\/#primaryimage\",\"url\":\"https:\/\/urban-connect.com\/wp-content\/uploads\/2023\/04\/UC-NEWS-08122022_v2.jpg\",\"contentUrl\":\"https:\/\/urban-connect.com\/wp-content\/uploads\/2023\/04\/UC-NEWS-08122022_v2.jpg\",\"width\":882,\"height\":582,\"caption\":\"UC Cooperations\"},{\"@type\":\"BreadcrumbList\",\"@id\":\"https:\/\/urban-connect.com\/fr\/news\/urban-connect-signe-un-partenariat-avec-helvetia-et-swiss-prime-site\/#breadcrumb\",\"itemListElement\":[{\"@type\":\"ListItem\",\"position\":1,\"name\":\"Home\",\"item\":\"https:\/\/urban-connect.com\/fr\/\"},{\"@type\":\"ListItem\",\"position\":2,\"name\":\"Urban Connect signe un partenariat avec Helvetia et Swiss Prime Site\"}]},{\"@type\":\"WebSite\",\"@id\":\"https:\/\/urban-connect.com\/fr\/#website\",\"url\":\"https:\/\/urban-connect.com\/fr\/\",\"name\":\"Urban Connect\",\"description\":\"\",\"potentialAction\":[{\"@type\":\"SearchAction\",\"target\":{\"@type\":\"EntryPoint\",\"urlTemplate\":\"https:\/\/urban-connect.com\/fr\/?s={search_term_string}\"},\"query-input\":\"required name=search_term_string\"}],\"inLanguage\":\"fr-FR\"}]}<\/script>\n<!-- \/ Yoast SEO plugin. -->","yoast_head_json":{"title":"Partnership with Helvetia and Swiss Prime Site - Urban Connect","description":"Urban Connect is entering into a partnership with Helvetia and Swiss Prime Site. The aim is to jointly drive forward the mobility revolution.","robots":{"index":"index","follow":"follow","max-snippet":"max-snippet:-1","max-image-preview":"max-image-preview:large","max-video-preview":"max-video-preview:-1"},"canonical":"https:\/\/urban-connect.com\/fr\/news\/urban-connect-signe-un-partenariat-avec-helvetia-et-swiss-prime-site\/","og_locale":"fr_FR","og_type":"article","og_title":"Partnership with Helvetia and Swiss Prime Site - Urban Connect","og_description":"Urban Connect is entering into a partnership with Helvetia and Swiss Prime Site. The aim is to jointly drive forward the mobility revolution.","og_url":"https:\/\/urban-connect.com\/fr\/news\/urban-connect-signe-un-partenariat-avec-helvetia-et-swiss-prime-site\/","og_site_name":"Urban Connect","article_modified_time":"2024-07-25T21:14:22+00:00","og_image":[{"width":882,"height":582,"url":"https:\/\/urban-connect.com\/wp-content\/uploads\/2023\/04\/UC-NEWS-08122022_v2.jpg","type":"image\/jpeg"}],"twitter_card":"summary_large_image","twitter_misc":{"Dur\u00e9e de lecture estim\u00e9e":"2 minutes"},"schema":{"@context":"https:\/\/schema.org","@graph":[{"@type":"WebPage","@id":"https:\/\/urban-connect.com\/fr\/news\/urban-connect-signe-un-partenariat-avec-helvetia-et-swiss-prime-site\/","url":"https:\/\/urban-connect.com\/fr\/news\/urban-connect-signe-un-partenariat-avec-helvetia-et-swiss-prime-site\/","name":"Partnership with Helvetia and Swiss Prime Site - Urban Connect","isPartOf":{"@id":"https:\/\/urban-connect.com\/fr\/#website"},"primaryImageOfPage":{"@id":"https:\/\/urban-connect.com\/fr\/news\/urban-connect-signe-un-partenariat-avec-helvetia-et-swiss-prime-site\/#primaryimage"},"image":{"@id":"https:\/\/urban-connect.com\/fr\/news\/urban-connect-signe-un-partenariat-avec-helvetia-et-swiss-prime-site\/#primaryimage"},"thumbnailUrl":"https:\/\/urban-connect.com\/wp-content\/uploads\/2023\/04\/UC-NEWS-08122022_v2.jpg","datePublished":"2022-12-08T11:03:00+00:00","dateModified":"2024-07-25T21:14:22+00:00","description":"Urban Connect is entering into a partnership with Helvetia and Swiss Prime Site. The aim is to jointly drive forward the mobility revolution.","breadcrumb":{"@id":"https:\/\/urban-connect.com\/fr\/news\/urban-connect-signe-un-partenariat-avec-helvetia-et-swiss-prime-site\/#breadcrumb"},"inLanguage":"fr-FR","potentialAction":[{"@type":"ReadAction","target":["https:\/\/urban-connect.com\/fr\/news\/urban-connect-signe-un-partenariat-avec-helvetia-et-swiss-prime-site\/"]}]},{"@type":"ImageObject","inLanguage":"fr-FR","@id":"https:\/\/urban-connect.com\/fr\/news\/urban-connect-signe-un-partenariat-avec-helvetia-et-swiss-prime-site\/#primaryimage","url":"https:\/\/urban-connect.com\/wp-content\/uploads\/2023\/04\/UC-NEWS-08122022_v2.jpg","contentUrl":"https:\/\/urban-connect.com\/wp-content\/uploads\/2023\/04\/UC-NEWS-08122022_v2.jpg","width":882,"height":582,"caption":"UC Cooperations"},{"@type":"BreadcrumbList","@id":"https:\/\/urban-connect.com\/fr\/news\/urban-connect-signe-un-partenariat-avec-helvetia-et-swiss-prime-site\/#breadcrumb","itemListElement":[{"@type":"ListItem","position":1,"name":"Home","item":"https:\/\/urban-connect.com\/fr\/"},{"@type":"ListItem","position":2,"name":"Urban Connect signe un partenariat avec Helvetia et Swiss Prime Site"}]},{"@type":"WebSite","@id":"https:\/\/urban-connect.com\/fr\/#website","url":"https:\/\/urban-connect.com\/fr\/","name":"Urban Connect","description":"","potentialAction":[{"@type":"SearchAction","target":{"@type":"EntryPoint","urlTemplate":"https:\/\/urban-connect.com\/fr\/?s={search_term_string}"},"query-input":"required name=search_term_string"}],"inLanguage":"fr-FR"}]}},"_links":{"self":[{"href":"https:\/\/urban-connect.com\/fr\/wp-json\/wp\/v2\/news\/4964","targetHints":{"allow":["GET"]}}],"collection":[{"href":"https:\/\/urban-connect.com\/fr\/wp-json\/wp\/v2\/news"}],"about":[{"href":"https:\/\/urban-connect.com\/fr\/wp-json\/wp\/v2\/types\/news"}],"wp:featuredmedia":[{"embeddable":true,"href":"https:\/\/urban-connect.com\/fr\/wp-json\/wp\/v2\/media\/4965"}],"wp:attachment":[{"href":"https:\/\/urban-connect.com\/fr\/wp-json\/wp\/v2\/media?parent=4964"}],"wp:term":[{"taxonomy":"news_category","embeddable":true,"href":"https:\/\/urban-connect.com\/fr\/wp-json\/wp\/v2\/news_category?post=4964"}],"curies":[{"name":"wp","href":"https:\/\/api.w.org\/{rel}","templated":true}]}}