{"id":4962,"date":"2024-06-13T09:43:26","date_gmt":"2024-06-13T09:43:26","guid":{"rendered":"https:\/\/urban-connect.com\/news\/urban-connect-and-voi-announce-strategic-partnership\/"},"modified":"2024-07-25T18:48:20","modified_gmt":"2024-07-25T18:48:20","slug":"urban-connect-and-voi-announce-strategic-partnership","status":"publish","type":"news","link":"https:\/\/urban-connect.com\/fr\/news\/urban-connect-and-voi-announce-strategic-partnership\/","title":{"rendered":"Urban Connect et Voi annoncent un partenariat strat\u00e9gique"},"content":{"rendered":"\n<ul class=\"wp-block-list\">\n<li>Le fournisseur de plateforme Urban Connect et le fournisseur de services de partage Voi s\u2019engagent dans une coop\u00e9ration<\/li>\n\n\n\n<li>L\u2019offre d\u2019e-scooter du fournisseur su\u00e9dois est int\u00e9gr\u00e9e dans la plateforme de mobilit\u00e9 multimodale de l\u2019entreprise. Les clients suisses du budget de mobilit\u00e9 Urban Connect b\u00e9n\u00e9ficieront d\u2019une r\u00e9duction de 10% sur les r\u00e9servations aupr\u00e8s de Voi.<\/li>\n\n\n\n<li>Kathrina Schlittler, responsable de Voi Suisse\u00a0: \u00ab\u00a0Avec ce partenariat, nous ouvrons notre service sp\u00e9cifiquement \u00e0 la mobilit\u00e9 d\u2019entreprise. Urban Connect est la principale plateforme multimodale B2B et Voi est le fournisseur d\u2019e-scooters le plus performant de Suisse. Combiner nos services \u00e9tait donc pratiquement une \u00e9vidence.\u00a0\u00bb<\/li>\n<\/ul>\n\n\n\n<p><strong>Zurich, 13.06.2024:<\/strong> Le fournisseur de plateforme suisse Urban Connect et le fournisseur su\u00e9dois d&rsquo;e-scooters Voi collaboreront \u00e0 l&rsquo;avenir. Les e-scooters de couleur corail peuvent d\u00e9sormais \u00eatre r\u00e9serv\u00e9s via le budget mobilit\u00e9 d&rsquo;Urban Connect. Les clients b\u00e9n\u00e9ficient d&rsquo;une r\u00e9duction de 10 % sur chaque r\u00e9servation.<\/p>\n\n\n\n<p><strong>\u00c0 propos d&rsquo;Urban Connect et de Voi<\/strong><\/p>\n\n\n\n<p>Urban Connect r\u00e9volutionne la fa\u00e7on dont les entreprises abordent la mobilit\u00e9 des employ\u00e9s en offrant un \u00e9cosyst\u00e8me enti\u00e8rement int\u00e9gr\u00e9 d&rsquo;options de mobilit\u00e9 partag\u00e9e. Plus de 50 entreprises telles que Roche, Google et Swiss font d\u00e9j\u00e0 confiance aux flottes partag\u00e9es d&rsquo;e-voitures, d&rsquo;e-v\u00e9los et d&rsquo;e-scooters, qui sont compl\u00e9t\u00e9es par un acc\u00e8s aux transports publics, des solutions de stationnement num\u00e9riques et un budget de mobilit\u00e9. Cela permet aux entreprises d&rsquo;\u00e9conomiser des co\u00fbts, de l&rsquo;espace et des \u00e9missions sans restreindre la mobilit\u00e9 des employ\u00e9s.<\/p>\n\n\n\n<p>Voi est l&rsquo;un des principaux fournisseurs de micro-mobilit\u00e9 en Suisse et en Europe. L&rsquo;entreprise su\u00e9doise exploite des syst\u00e8mes de partage dans plus de 100 villes de 12 pays et compte plus de 8 millions d&rsquo;utilisateurs dans le monde, qui ont d\u00e9j\u00e0 effectu\u00e9 plus de 250 millions de trajets.<\/p>\n\n\n\n<p><strong>Commentaires sur le partenariat\u00a0<\/strong><span style=\"font-size: medium; white-space-collapse: collapse;\"><\/span><\/p>\n\n\n\n<p>Judith H\u00e4berli, cofondatrice d&rsquo;Urban Connect : <em>\u00ab\u00a0Nous sommes ravis de rendre le budget mobilit\u00e9 encore plus attrayant pour nos clients gr\u00e2ce \u00e0 notre partenariat avec Voi. En collaboration avec des fournisseurs de mobilit\u00e9 innovants et courageux tels que Voi, nous cr\u00e9ons une offre qui conduit \u00e0 une nouvelle r\u00e9flexion avec des incitations positives et encourage les employ\u00e9s \u00e0 opter pour des options de mobilit\u00e9 plus durables.\u00a0\u00bb<\/em><\/p>\n\n\n\n<p>Katharina Schlittler, directrice de Voi Suisse : <em>\u00ab\u00a0Voi veut aider \u00e0 rendre les transports suisses plus \u00e9cologiques, plus \u00e9quitables et plus s\u00fbrs. La gestion op\u00e9rationnelle de la mobilit\u00e9 joue un r\u00f4le crucial dans la r\u00e9duction des \u00e9missions dues au transport et a eu tendance \u00e0 \u00eatre n\u00e9glig\u00e9e dans l&rsquo;industrie jusqu&rsquo;\u00e0 pr\u00e9sent. Avec ce partenariat, nous ouvrons syst\u00e9matiquement notre service \u00e0 la mobilit\u00e9 d&rsquo;entreprise. Urban Connect est la principale plateforme multimodale B2B et Voi est le fournisseur d&rsquo;e-trottinette le plus performant de Suisse. Combiner nos services \u00e9tait donc une \u00e9vidence.\u00a0\u00bb<\/em><\/p>\n\n\n\n<p>Change Mobility &#8211; Change the World<\/p>\n","protected":false},"excerpt":{"rendered":"<p>Zurich, 13.06.2024: Le fournisseur de plateforme suisse Urban Connect et le fournisseur su\u00e9dois d&rsquo;e-scooters Voi collaboreront \u00e0 l&rsquo;avenir. Les e-scooters de couleur corail peuvent d\u00e9sormais \u00eatre r\u00e9serv\u00e9s via le budget mobilit\u00e9 d&rsquo;Urban Connect. Les clients b\u00e9n\u00e9ficient d&rsquo;une r\u00e9duction de 10 % sur chaque r\u00e9servation. \u00c0 propos d&rsquo;Urban Connect et de Voi Urban Connect r\u00e9volutionne la [&hellip;]<\/p>\n","protected":false},"featured_media":4963,"parent":0,"template":"","news_category":[33],"class_list":["post-4962","news","type-news","status-publish","has-post-thumbnail","hentry","news_category-actualites"],"acf":[],"yoast_head":"<!-- This site is optimized with the Yoast SEO plugin v23.2 - https:\/\/yoast.com\/wordpress\/plugins\/seo\/ -->\n<title>Urban Connect et Voi annoncent un partenariat strat\u00e9gique - Urban Connect<\/title>\n<meta name=\"robots\" content=\"index, follow, max-snippet:-1, max-image-preview:large, max-video-preview:-1\" \/>\n<link rel=\"canonical\" href=\"https:\/\/urban-connect.com\/fr\/news\/urban-connect-and-voi-announce-strategic-partnership\/\" \/>\n<meta property=\"og:locale\" content=\"fr_FR\" \/>\n<meta property=\"og:type\" content=\"article\" \/>\n<meta property=\"og:title\" content=\"Urban Connect et Voi annoncent un partenariat strat\u00e9gique - Urban Connect\" \/>\n<meta property=\"og:description\" content=\"Zurich, 13.06.2024: Le fournisseur de plateforme suisse Urban Connect et le fournisseur su\u00e9dois d&rsquo;e-scooters Voi collaboreront \u00e0 l&rsquo;avenir. Les e-scooters de couleur corail peuvent d\u00e9sormais \u00eatre r\u00e9serv\u00e9s via le budget mobilit\u00e9 d&rsquo;Urban Connect. Les clients b\u00e9n\u00e9ficient d&rsquo;une r\u00e9duction de 10 % sur chaque r\u00e9servation. \u00c0 propos d&rsquo;Urban Connect et de Voi Urban Connect r\u00e9volutionne la [&hellip;]\" \/>\n<meta property=\"og:url\" content=\"https:\/\/urban-connect.com\/fr\/news\/urban-connect-and-voi-announce-strategic-partnership\/\" \/>\n<meta property=\"og:site_name\" content=\"Urban Connect\" \/>\n<meta property=\"article:modified_time\" content=\"2024-07-25T18:48:20+00:00\" \/>\n<meta property=\"og:image\" content=\"https:\/\/urban-connect.com\/wp-content\/uploads\/2024\/06\/Voi_News.jpg\" \/>\n\t<meta property=\"og:image:width\" content=\"1438\" \/>\n\t<meta property=\"og:image:height\" content=\"1080\" \/>\n\t<meta property=\"og:image:type\" content=\"image\/jpeg\" \/>\n<meta name=\"twitter:card\" content=\"summary_large_image\" \/>\n<meta name=\"twitter:label1\" content=\"Dur\u00e9e de lecture estim\u00e9e\" \/>\n\t<meta name=\"twitter:data1\" content=\"3 minutes\" \/>\n<script type=\"application\/ld+json\" class=\"yoast-schema-graph\">{\"@context\":\"https:\/\/schema.org\",\"@graph\":[{\"@type\":\"WebPage\",\"@id\":\"https:\/\/urban-connect.com\/fr\/news\/urban-connect-and-voi-announce-strategic-partnership\/\",\"url\":\"https:\/\/urban-connect.com\/fr\/news\/urban-connect-and-voi-announce-strategic-partnership\/\",\"name\":\"Urban Connect et Voi annoncent un partenariat strat\u00e9gique - Urban Connect\",\"isPartOf\":{\"@id\":\"https:\/\/urban-connect.com\/fr\/#website\"},\"primaryImageOfPage\":{\"@id\":\"https:\/\/urban-connect.com\/fr\/news\/urban-connect-and-voi-announce-strategic-partnership\/#primaryimage\"},\"image\":{\"@id\":\"https:\/\/urban-connect.com\/fr\/news\/urban-connect-and-voi-announce-strategic-partnership\/#primaryimage\"},\"thumbnailUrl\":\"https:\/\/urban-connect.com\/wp-content\/uploads\/2024\/06\/Voi_News.jpg\",\"datePublished\":\"2024-06-13T09:43:26+00:00\",\"dateModified\":\"2024-07-25T18:48:20+00:00\",\"breadcrumb\":{\"@id\":\"https:\/\/urban-connect.com\/fr\/news\/urban-connect-and-voi-announce-strategic-partnership\/#breadcrumb\"},\"inLanguage\":\"fr-FR\",\"potentialAction\":[{\"@type\":\"ReadAction\",\"target\":[\"https:\/\/urban-connect.com\/fr\/news\/urban-connect-and-voi-announce-strategic-partnership\/\"]}]},{\"@type\":\"ImageObject\",\"inLanguage\":\"fr-FR\",\"@id\":\"https:\/\/urban-connect.com\/fr\/news\/urban-connect-and-voi-announce-strategic-partnership\/#primaryimage\",\"url\":\"https:\/\/urban-connect.com\/wp-content\/uploads\/2024\/06\/Voi_News.jpg\",\"contentUrl\":\"https:\/\/urban-connect.com\/wp-content\/uploads\/2024\/06\/Voi_News.jpg\",\"width\":1438,\"height\":1080,\"caption\":\"Voi_News\"},{\"@type\":\"BreadcrumbList\",\"@id\":\"https:\/\/urban-connect.com\/fr\/news\/urban-connect-and-voi-announce-strategic-partnership\/#breadcrumb\",\"itemListElement\":[{\"@type\":\"ListItem\",\"position\":1,\"name\":\"Home\",\"item\":\"https:\/\/urban-connect.com\/fr\/\"},{\"@type\":\"ListItem\",\"position\":2,\"name\":\"Urban Connect et Voi annoncent un partenariat strat\u00e9gique\"}]},{\"@type\":\"WebSite\",\"@id\":\"https:\/\/urban-connect.com\/fr\/#website\",\"url\":\"https:\/\/urban-connect.com\/fr\/\",\"name\":\"Urban Connect\",\"description\":\"\",\"potentialAction\":[{\"@type\":\"SearchAction\",\"target\":{\"@type\":\"EntryPoint\",\"urlTemplate\":\"https:\/\/urban-connect.com\/fr\/?s={search_term_string}\"},\"query-input\":\"required name=search_term_string\"}],\"inLanguage\":\"fr-FR\"}]}<\/script>\n<!-- \/ Yoast SEO plugin. -->","yoast_head_json":{"title":"Urban Connect et Voi annoncent un partenariat strat\u00e9gique - Urban Connect","robots":{"index":"index","follow":"follow","max-snippet":"max-snippet:-1","max-image-preview":"max-image-preview:large","max-video-preview":"max-video-preview:-1"},"canonical":"https:\/\/urban-connect.com\/fr\/news\/urban-connect-and-voi-announce-strategic-partnership\/","og_locale":"fr_FR","og_type":"article","og_title":"Urban Connect et Voi annoncent un partenariat strat\u00e9gique - Urban Connect","og_description":"Zurich, 13.06.2024: Le fournisseur de plateforme suisse Urban Connect et le fournisseur su\u00e9dois d&rsquo;e-scooters Voi collaboreront \u00e0 l&rsquo;avenir. Les e-scooters de couleur corail peuvent d\u00e9sormais \u00eatre r\u00e9serv\u00e9s via le budget mobilit\u00e9 d&rsquo;Urban Connect. Les clients b\u00e9n\u00e9ficient d&rsquo;une r\u00e9duction de 10 % sur chaque r\u00e9servation. \u00c0 propos d&rsquo;Urban Connect et de Voi Urban Connect r\u00e9volutionne la [&hellip;]","og_url":"https:\/\/urban-connect.com\/fr\/news\/urban-connect-and-voi-announce-strategic-partnership\/","og_site_name":"Urban Connect","article_modified_time":"2024-07-25T18:48:20+00:00","og_image":[{"width":1438,"height":1080,"url":"https:\/\/urban-connect.com\/wp-content\/uploads\/2024\/06\/Voi_News.jpg","type":"image\/jpeg"}],"twitter_card":"summary_large_image","twitter_misc":{"Dur\u00e9e de lecture estim\u00e9e":"3 minutes"},"schema":{"@context":"https:\/\/schema.org","@graph":[{"@type":"WebPage","@id":"https:\/\/urban-connect.com\/fr\/news\/urban-connect-and-voi-announce-strategic-partnership\/","url":"https:\/\/urban-connect.com\/fr\/news\/urban-connect-and-voi-announce-strategic-partnership\/","name":"Urban Connect et Voi annoncent un partenariat strat\u00e9gique - Urban Connect","isPartOf":{"@id":"https:\/\/urban-connect.com\/fr\/#website"},"primaryImageOfPage":{"@id":"https:\/\/urban-connect.com\/fr\/news\/urban-connect-and-voi-announce-strategic-partnership\/#primaryimage"},"image":{"@id":"https:\/\/urban-connect.com\/fr\/news\/urban-connect-and-voi-announce-strategic-partnership\/#primaryimage"},"thumbnailUrl":"https:\/\/urban-connect.com\/wp-content\/uploads\/2024\/06\/Voi_News.jpg","datePublished":"2024-06-13T09:43:26+00:00","dateModified":"2024-07-25T18:48:20+00:00","breadcrumb":{"@id":"https:\/\/urban-connect.com\/fr\/news\/urban-connect-and-voi-announce-strategic-partnership\/#breadcrumb"},"inLanguage":"fr-FR","potentialAction":[{"@type":"ReadAction","target":["https:\/\/urban-connect.com\/fr\/news\/urban-connect-and-voi-announce-strategic-partnership\/"]}]},{"@type":"ImageObject","inLanguage":"fr-FR","@id":"https:\/\/urban-connect.com\/fr\/news\/urban-connect-and-voi-announce-strategic-partnership\/#primaryimage","url":"https:\/\/urban-connect.com\/wp-content\/uploads\/2024\/06\/Voi_News.jpg","contentUrl":"https:\/\/urban-connect.com\/wp-content\/uploads\/2024\/06\/Voi_News.jpg","width":1438,"height":1080,"caption":"Voi_News"},{"@type":"BreadcrumbList","@id":"https:\/\/urban-connect.com\/fr\/news\/urban-connect-and-voi-announce-strategic-partnership\/#breadcrumb","itemListElement":[{"@type":"ListItem","position":1,"name":"Home","item":"https:\/\/urban-connect.com\/fr\/"},{"@type":"ListItem","position":2,"name":"Urban Connect et Voi annoncent un partenariat strat\u00e9gique"}]},{"@type":"WebSite","@id":"https:\/\/urban-connect.com\/fr\/#website","url":"https:\/\/urban-connect.com\/fr\/","name":"Urban Connect","description":"","potentialAction":[{"@type":"SearchAction","target":{"@type":"EntryPoint","urlTemplate":"https:\/\/urban-connect.com\/fr\/?s={search_term_string}"},"query-input":"required name=search_term_string"}],"inLanguage":"fr-FR"}]}},"_links":{"self":[{"href":"https:\/\/urban-connect.com\/fr\/wp-json\/wp\/v2\/news\/4962","targetHints":{"allow":["GET"]}}],"collection":[{"href":"https:\/\/urban-connect.com\/fr\/wp-json\/wp\/v2\/news"}],"about":[{"href":"https:\/\/urban-connect.com\/fr\/wp-json\/wp\/v2\/types\/news"}],"wp:featuredmedia":[{"embeddable":true,"href":"https:\/\/urban-connect.com\/fr\/wp-json\/wp\/v2\/media\/4963"}],"wp:attachment":[{"href":"https:\/\/urban-connect.com\/fr\/wp-json\/wp\/v2\/media?parent=4962"}],"wp:term":[{"taxonomy":"news_category","embeddable":true,"href":"https:\/\/urban-connect.com\/fr\/wp-json\/wp\/v2\/news_category?post=4962"}],"curies":[{"name":"wp","href":"https:\/\/api.w.org\/{rel}","templated":true}]}}