{"id":4958,"date":"2024-03-27T18:43:02","date_gmt":"2024-03-27T18:43:02","guid":{"rendered":"https:\/\/urban-connect.com\/news\/save-your-ticket-for-switzerlands-largest-corporate-mobility-event-on-4th-of-april\/"},"modified":"2024-07-25T19:24:57","modified_gmt":"2024-07-25T19:24:57","slug":"reservez-votre-billet-pour-le-plus-grand-evenement-de-mobilite-dentreprise-en-suisse-le-4-avril","status":"publish","type":"news","link":"https:\/\/urban-connect.com\/fr\/news\/reservez-votre-billet-pour-le-plus-grand-evenement-de-mobilite-dentreprise-en-suisse-le-4-avril\/","title":{"rendered":"R\u00e9servez votre billet pour le plus grand \u00e9v\u00e9nement de mobilit\u00e9 d&rsquo;entreprise en Suisse le 4 avril"},"content":{"rendered":"\n<p>Nous sommes \u00e0 l&rsquo;aube d&rsquo;une r\u00e9volution de la mobilit\u00e9 en entreprise. Et naviguer dans le contexte du changement peut s&rsquo;av\u00e9rer tr\u00e8s difficile.<\/p>\n\n\n\n<p>C&rsquo;est pourquoi nous r\u00e9unissons les plus grands acteurs de la mobilit\u00e9 et les meilleurs experts du secteur le 4 avril pour qu&rsquo;ils partagent leurs enseignements, leurs meilleures pratiques et leurs paris pour l&rsquo;avenir.<\/p>\n\n\n\n<p><strong>La premi\u00e8re conf\u00e9rence suisse sur la mobilit\u00e9 d&rsquo;entreprise<\/strong><\/p>\n\n\n\n<p>Lors de l&rsquo;\u00e9v\u00e9nement \u00ab UC Wheels &amp; Wine : L&rsquo;avenir de la mobilit\u00e9 d&rsquo;entreprise \u00bb, nous explorerons les solutions modernes de mobilit\u00e9 d&rsquo;entreprise, <strong>en apprenant directement de certains des employeurs suisses les plus prosp\u00e8res et les plus importants,<\/strong> tels que les CFF, Die Post, Roche, Airpot Z\u00fcrich et Swisscom.<\/p>\n\n\n\n<p>Les exemples pratiques seront compl\u00e9t\u00e9s par des aper\u00e7us des fournisseurs de mobilit\u00e9 les plus innovants tels que le fabricant de VE Polestar, les fournisseurs de charge Swischarge et Zaptec, les fabricants de v\u00e9los \u00e9lectriques Riese &amp; M\u00fcller et Stromer, le premier fournisseur mondial de mobilit\u00e9 en tant que service MaaS Global, le fournisseur de covoiturage Mobility et la plateforme multimodale d&rsquo;entreprise Urban Connect.<\/p>\n\n\n\n<p>Enfin, les experts en mobilit\u00e9 de ZHAW et de McKinsey &amp; Company partageront leurs derni\u00e8res conclusions sur le secteur et les tendances \u00e0 surveiller.<\/p>\n\n\n\n<p>L&rsquo;\u00e9v\u00e9nement s&rsquo;adresse aux dirigeants de grandes entreprises, aux responsables des ressources humaines et aux gestionnaires de flotte, qui pourront s&rsquo;entretenir avec les personnes qui fa\u00e7onnent les d\u00e9placements professionnels de demain &#8211; du covoiturage \u00e0 l&rsquo;analyse moderne des flottes et au-del\u00e0.<\/p>\n\n\n\n<p><strong>Connectons-nous et adoptons ensemble l&rsquo;innovation dans le domaine de la mobilit\u00e9<\/strong><\/p>\n\n\n\n<p>L&rsquo;\u00e9v\u00e9nement ne fournira pas seulement des informations sur l&rsquo;\u00e9volution du paysage de la mobilit\u00e9 d&rsquo;entreprise, mais il permettra \u00e9galement de nouer des liens avec des professionnels partageant les m\u00eames id\u00e9es.<\/p>\n\n\n\n<p>Que vous soyez un d\u00e9cideur dans votre entreprise, un innovateur dans le domaine de la mobilit\u00e9 ou simplement curieux de l&rsquo;avenir des voyages, rejoignez-nous \u00e0 Zurich pour un apr\u00e8s-midi inspirant le 4 avril \u00e0 Aura \u00e0 Z\u00fcrich.<\/p>\n\n\n\n<p><a href=\"https:\/\/www.tickettailor.com\/events\/urbanconnect\/1145522\"><strong>Acc\u00e9dez au programme complet et r\u00e9servez votre billet ici!<\/strong><\/a><\/p>\n\n\n\n<p>Change Mobility &#8211; Change the World<\/p>\n\n\n        <section class=\"author-block\">\n            <div class=\"container\">\n                <div class=\"left-side\">\n                    <h6 class=\"name\">Domas Bartu\u0161evi\u010dius<\/h6>\n                    <span class=\"position\">Chief of Staff<\/span>\n                <\/div>\n                <div class=\"right-side\">\n                                            <img decoding=\"async\" \n                        class=\"image lazyload\" data-src=\"https:\/\/urban-connect.com\/wp-content\/uploads\/2024\/01\/Domas-1024x1024.jpg\"\n                        data-srcset=\"https:\/\/urban-connect.com\/wp-content\/uploads\/2024\/01\/Domas-1024x1024.jpg 1024w, https:\/\/urban-connect.com\/wp-content\/uploads\/2024\/01\/Domas-300x300.jpg 300w, https:\/\/urban-connect.com\/wp-content\/uploads\/2024\/01\/Domas-150x150.jpg 150w, https:\/\/urban-connect.com\/wp-content\/uploads\/2024\/01\/Domas-768x768.jpg 768w, https:\/\/urban-connect.com\/wp-content\/uploads\/2024\/01\/Domas-1080x1080.jpg 1080w, https:\/\/urban-connect.com\/wp-content\/uploads\/2024\/01\/Domas.jpg 1250w\"\n                        data-sizes=\"(max-width: 1024px) 100vw, 1024px\"\n                        alt=\"Chart Image\"\n                         src=\"data:image\/gif;base64,R0lGODlhAQABAAAAACH5BAEKAAEALAAAAAABAAEAAAICTAEAOw==\" style=\"--smush-placeholder-width: 1024px; --smush-placeholder-aspect-ratio: 1024\/1024;\"><noscript><img decoding=\"async\" \n                        class=\"image\" src=\"https:\/\/urban-connect.com\/wp-content\/uploads\/2024\/01\/Domas-1024x1024.jpg\"\n                        srcset=\"https:\/\/urban-connect.com\/wp-content\/uploads\/2024\/01\/Domas-1024x1024.jpg 1024w, https:\/\/urban-connect.com\/wp-content\/uploads\/2024\/01\/Domas-300x300.jpg 300w, https:\/\/urban-connect.com\/wp-content\/uploads\/2024\/01\/Domas-150x150.jpg 150w, https:\/\/urban-connect.com\/wp-content\/uploads\/2024\/01\/Domas-768x768.jpg 768w, https:\/\/urban-connect.com\/wp-content\/uploads\/2024\/01\/Domas-1080x1080.jpg 1080w, https:\/\/urban-connect.com\/wp-content\/uploads\/2024\/01\/Domas.jpg 1250w\"\n                        sizes=\"(max-width: 1024px) 100vw, 1024px\"\n                        alt=\"Chart Image\"\n                        ><\/noscript>\n                                        <\/div>\n            <\/div>\n        <\/section>\n        ","protected":false},"excerpt":{"rendered":"<p>Nous sommes \u00e0 l&rsquo;aube d&rsquo;une r\u00e9volution de la mobilit\u00e9 en entreprise. Et naviguer dans le contexte du changement peut s&rsquo;av\u00e9rer tr\u00e8s difficile. C&rsquo;est pourquoi nous r\u00e9unissons les plus grands acteurs de la mobilit\u00e9 et les meilleurs experts du secteur le 4 avril pour qu&rsquo;ils partagent leurs enseignements, leurs meilleures pratiques et leurs paris pour l&rsquo;avenir. [&hellip;]<\/p>\n","protected":false},"featured_media":4959,"parent":0,"template":"","news_category":[35],"class_list":["post-4958","news","type-news","status-publish","has-post-thumbnail","hentry","news_category-evenements"],"acf":[],"yoast_head":"<!-- This site is optimized with the Yoast SEO plugin v23.2 - https:\/\/yoast.com\/wordpress\/plugins\/seo\/ -->\n<title>R\u00e9servez votre billet pour le plus grand \u00e9v\u00e9nement de mobilit\u00e9 d&#039;entreprise en Suisse le 4 avril - Urban Connect<\/title>\n<meta name=\"robots\" content=\"index, follow, max-snippet:-1, max-image-preview:large, max-video-preview:-1\" \/>\n<link rel=\"canonical\" href=\"https:\/\/urban-connect.com\/fr\/news\/reservez-votre-billet-pour-le-plus-grand-evenement-de-mobilite-dentreprise-en-suisse-le-4-avril\/\" \/>\n<meta property=\"og:locale\" content=\"fr_FR\" \/>\n<meta property=\"og:type\" content=\"article\" \/>\n<meta property=\"og:title\" content=\"R\u00e9servez votre billet pour le plus grand \u00e9v\u00e9nement de mobilit\u00e9 d&#039;entreprise en Suisse le 4 avril - Urban Connect\" \/>\n<meta property=\"og:description\" content=\"Nous sommes \u00e0 l&rsquo;aube d&rsquo;une r\u00e9volution de la mobilit\u00e9 en entreprise. Et naviguer dans le contexte du changement peut s&rsquo;av\u00e9rer tr\u00e8s difficile. C&rsquo;est pourquoi nous r\u00e9unissons les plus grands acteurs de la mobilit\u00e9 et les meilleurs experts du secteur le 4 avril pour qu&rsquo;ils partagent leurs enseignements, leurs meilleures pratiques et leurs paris pour l&rsquo;avenir. [&hellip;]\" \/>\n<meta property=\"og:url\" content=\"https:\/\/urban-connect.com\/fr\/news\/reservez-votre-billet-pour-le-plus-grand-evenement-de-mobilite-dentreprise-en-suisse-le-4-avril\/\" \/>\n<meta property=\"og:site_name\" content=\"Urban Connect\" \/>\n<meta property=\"article:modified_time\" content=\"2024-07-25T19:24:57+00:00\" \/>\n<meta property=\"og:image\" content=\"https:\/\/urban-connect.com\/wp-content\/uploads\/2024\/03\/Event_FeatureImage.jpg\" \/>\n\t<meta property=\"og:image:width\" content=\"1270\" \/>\n\t<meta property=\"og:image:height\" content=\"844\" \/>\n\t<meta property=\"og:image:type\" content=\"image\/jpeg\" \/>\n<meta name=\"twitter:card\" content=\"summary_large_image\" \/>\n<meta name=\"twitter:label1\" content=\"Dur\u00e9e de lecture estim\u00e9e\" \/>\n\t<meta name=\"twitter:data1\" content=\"2 minutes\" \/>\n<script type=\"application\/ld+json\" class=\"yoast-schema-graph\">{\"@context\":\"https:\/\/schema.org\",\"@graph\":[{\"@type\":\"WebPage\",\"@id\":\"https:\/\/urban-connect.com\/fr\/news\/reservez-votre-billet-pour-le-plus-grand-evenement-de-mobilite-dentreprise-en-suisse-le-4-avril\/\",\"url\":\"https:\/\/urban-connect.com\/fr\/news\/reservez-votre-billet-pour-le-plus-grand-evenement-de-mobilite-dentreprise-en-suisse-le-4-avril\/\",\"name\":\"R\u00e9servez votre billet pour le plus grand \u00e9v\u00e9nement de mobilit\u00e9 d'entreprise en Suisse le 4 avril - Urban Connect\",\"isPartOf\":{\"@id\":\"https:\/\/urban-connect.com\/fr\/#website\"},\"primaryImageOfPage\":{\"@id\":\"https:\/\/urban-connect.com\/fr\/news\/reservez-votre-billet-pour-le-plus-grand-evenement-de-mobilite-dentreprise-en-suisse-le-4-avril\/#primaryimage\"},\"image\":{\"@id\":\"https:\/\/urban-connect.com\/fr\/news\/reservez-votre-billet-pour-le-plus-grand-evenement-de-mobilite-dentreprise-en-suisse-le-4-avril\/#primaryimage\"},\"thumbnailUrl\":\"https:\/\/urban-connect.com\/wp-content\/uploads\/2024\/03\/Event_FeatureImage.jpg\",\"datePublished\":\"2024-03-27T18:43:02+00:00\",\"dateModified\":\"2024-07-25T19:24:57+00:00\",\"breadcrumb\":{\"@id\":\"https:\/\/urban-connect.com\/fr\/news\/reservez-votre-billet-pour-le-plus-grand-evenement-de-mobilite-dentreprise-en-suisse-le-4-avril\/#breadcrumb\"},\"inLanguage\":\"fr-FR\",\"potentialAction\":[{\"@type\":\"ReadAction\",\"target\":[\"https:\/\/urban-connect.com\/fr\/news\/reservez-votre-billet-pour-le-plus-grand-evenement-de-mobilite-dentreprise-en-suisse-le-4-avril\/\"]}]},{\"@type\":\"ImageObject\",\"inLanguage\":\"fr-FR\",\"@id\":\"https:\/\/urban-connect.com\/fr\/news\/reservez-votre-billet-pour-le-plus-grand-evenement-de-mobilite-dentreprise-en-suisse-le-4-avril\/#primaryimage\",\"url\":\"https:\/\/urban-connect.com\/wp-content\/uploads\/2024\/03\/Event_FeatureImage.jpg\",\"contentUrl\":\"https:\/\/urban-connect.com\/wp-content\/uploads\/2024\/03\/Event_FeatureImage.jpg\",\"width\":1270,\"height\":844},{\"@type\":\"BreadcrumbList\",\"@id\":\"https:\/\/urban-connect.com\/fr\/news\/reservez-votre-billet-pour-le-plus-grand-evenement-de-mobilite-dentreprise-en-suisse-le-4-avril\/#breadcrumb\",\"itemListElement\":[{\"@type\":\"ListItem\",\"position\":1,\"name\":\"Home\",\"item\":\"https:\/\/urban-connect.com\/fr\/\"},{\"@type\":\"ListItem\",\"position\":2,\"name\":\"R\u00e9servez votre billet pour le plus grand \u00e9v\u00e9nement de mobilit\u00e9 d&#8217;entreprise en Suisse le 4 avril\"}]},{\"@type\":\"WebSite\",\"@id\":\"https:\/\/urban-connect.com\/fr\/#website\",\"url\":\"https:\/\/urban-connect.com\/fr\/\",\"name\":\"Urban Connect\",\"description\":\"\",\"potentialAction\":[{\"@type\":\"SearchAction\",\"target\":{\"@type\":\"EntryPoint\",\"urlTemplate\":\"https:\/\/urban-connect.com\/fr\/?s={search_term_string}\"},\"query-input\":\"required name=search_term_string\"}],\"inLanguage\":\"fr-FR\"}]}<\/script>\n<!-- \/ Yoast SEO plugin. -->","yoast_head_json":{"title":"R\u00e9servez votre billet pour le plus grand \u00e9v\u00e9nement de mobilit\u00e9 d'entreprise en Suisse le 4 avril - Urban Connect","robots":{"index":"index","follow":"follow","max-snippet":"max-snippet:-1","max-image-preview":"max-image-preview:large","max-video-preview":"max-video-preview:-1"},"canonical":"https:\/\/urban-connect.com\/fr\/news\/reservez-votre-billet-pour-le-plus-grand-evenement-de-mobilite-dentreprise-en-suisse-le-4-avril\/","og_locale":"fr_FR","og_type":"article","og_title":"R\u00e9servez votre billet pour le plus grand \u00e9v\u00e9nement de mobilit\u00e9 d'entreprise en Suisse le 4 avril - Urban Connect","og_description":"Nous sommes \u00e0 l&rsquo;aube d&rsquo;une r\u00e9volution de la mobilit\u00e9 en entreprise. Et naviguer dans le contexte du changement peut s&rsquo;av\u00e9rer tr\u00e8s difficile. C&rsquo;est pourquoi nous r\u00e9unissons les plus grands acteurs de la mobilit\u00e9 et les meilleurs experts du secteur le 4 avril pour qu&rsquo;ils partagent leurs enseignements, leurs meilleures pratiques et leurs paris pour l&rsquo;avenir. [&hellip;]","og_url":"https:\/\/urban-connect.com\/fr\/news\/reservez-votre-billet-pour-le-plus-grand-evenement-de-mobilite-dentreprise-en-suisse-le-4-avril\/","og_site_name":"Urban Connect","article_modified_time":"2024-07-25T19:24:57+00:00","og_image":[{"width":1270,"height":844,"url":"https:\/\/urban-connect.com\/wp-content\/uploads\/2024\/03\/Event_FeatureImage.jpg","type":"image\/jpeg"}],"twitter_card":"summary_large_image","twitter_misc":{"Dur\u00e9e de lecture estim\u00e9e":"2 minutes"},"schema":{"@context":"https:\/\/schema.org","@graph":[{"@type":"WebPage","@id":"https:\/\/urban-connect.com\/fr\/news\/reservez-votre-billet-pour-le-plus-grand-evenement-de-mobilite-dentreprise-en-suisse-le-4-avril\/","url":"https:\/\/urban-connect.com\/fr\/news\/reservez-votre-billet-pour-le-plus-grand-evenement-de-mobilite-dentreprise-en-suisse-le-4-avril\/","name":"R\u00e9servez votre billet pour le plus grand \u00e9v\u00e9nement de mobilit\u00e9 d'entreprise en Suisse le 4 avril - Urban Connect","isPartOf":{"@id":"https:\/\/urban-connect.com\/fr\/#website"},"primaryImageOfPage":{"@id":"https:\/\/urban-connect.com\/fr\/news\/reservez-votre-billet-pour-le-plus-grand-evenement-de-mobilite-dentreprise-en-suisse-le-4-avril\/#primaryimage"},"image":{"@id":"https:\/\/urban-connect.com\/fr\/news\/reservez-votre-billet-pour-le-plus-grand-evenement-de-mobilite-dentreprise-en-suisse-le-4-avril\/#primaryimage"},"thumbnailUrl":"https:\/\/urban-connect.com\/wp-content\/uploads\/2024\/03\/Event_FeatureImage.jpg","datePublished":"2024-03-27T18:43:02+00:00","dateModified":"2024-07-25T19:24:57+00:00","breadcrumb":{"@id":"https:\/\/urban-connect.com\/fr\/news\/reservez-votre-billet-pour-le-plus-grand-evenement-de-mobilite-dentreprise-en-suisse-le-4-avril\/#breadcrumb"},"inLanguage":"fr-FR","potentialAction":[{"@type":"ReadAction","target":["https:\/\/urban-connect.com\/fr\/news\/reservez-votre-billet-pour-le-plus-grand-evenement-de-mobilite-dentreprise-en-suisse-le-4-avril\/"]}]},{"@type":"ImageObject","inLanguage":"fr-FR","@id":"https:\/\/urban-connect.com\/fr\/news\/reservez-votre-billet-pour-le-plus-grand-evenement-de-mobilite-dentreprise-en-suisse-le-4-avril\/#primaryimage","url":"https:\/\/urban-connect.com\/wp-content\/uploads\/2024\/03\/Event_FeatureImage.jpg","contentUrl":"https:\/\/urban-connect.com\/wp-content\/uploads\/2024\/03\/Event_FeatureImage.jpg","width":1270,"height":844},{"@type":"BreadcrumbList","@id":"https:\/\/urban-connect.com\/fr\/news\/reservez-votre-billet-pour-le-plus-grand-evenement-de-mobilite-dentreprise-en-suisse-le-4-avril\/#breadcrumb","itemListElement":[{"@type":"ListItem","position":1,"name":"Home","item":"https:\/\/urban-connect.com\/fr\/"},{"@type":"ListItem","position":2,"name":"R\u00e9servez votre billet pour le plus grand \u00e9v\u00e9nement de mobilit\u00e9 d&#8217;entreprise en Suisse le 4 avril"}]},{"@type":"WebSite","@id":"https:\/\/urban-connect.com\/fr\/#website","url":"https:\/\/urban-connect.com\/fr\/","name":"Urban Connect","description":"","potentialAction":[{"@type":"SearchAction","target":{"@type":"EntryPoint","urlTemplate":"https:\/\/urban-connect.com\/fr\/?s={search_term_string}"},"query-input":"required name=search_term_string"}],"inLanguage":"fr-FR"}]}},"_links":{"self":[{"href":"https:\/\/urban-connect.com\/fr\/wp-json\/wp\/v2\/news\/4958","targetHints":{"allow":["GET"]}}],"collection":[{"href":"https:\/\/urban-connect.com\/fr\/wp-json\/wp\/v2\/news"}],"about":[{"href":"https:\/\/urban-connect.com\/fr\/wp-json\/wp\/v2\/types\/news"}],"wp:featuredmedia":[{"embeddable":true,"href":"https:\/\/urban-connect.com\/fr\/wp-json\/wp\/v2\/media\/4959"}],"wp:attachment":[{"href":"https:\/\/urban-connect.com\/fr\/wp-json\/wp\/v2\/media?parent=4958"}],"wp:term":[{"taxonomy":"news_category","embeddable":true,"href":"https:\/\/urban-connect.com\/fr\/wp-json\/wp\/v2\/news_category?post=4958"}],"curies":[{"name":"wp","href":"https:\/\/api.w.org\/{rel}","templated":true}]}}