{"id":4955,"date":"2025-01-16T11:59:09","date_gmt":"2025-01-16T11:59:09","guid":{"rendered":"https:\/\/urban-connect.com\/news\/the-mobility-budget-drive-talent-retention-with-smarter-corporate-transportation\/"},"modified":"2025-01-16T08:08:24","modified_gmt":"2025-01-16T08:08:24","slug":"le-budget-de-la-mobilite-fideliser-les-talents-grace-a-des-transports-dentreprise-plus-intelligents","status":"publish","type":"news","link":"https:\/\/urban-connect.com\/fr\/news\/le-budget-de-la-mobilite-fideliser-les-talents-grace-a-des-transports-dentreprise-plus-intelligents\/","title":{"rendered":"Le budget de la mobilit\u00e9 : Fid\u00e9liser les talents gr\u00e2ce \u00e0 des transports d&rsquo;entreprise plus intelligents\u00a0"},"content":{"rendered":"\n<p>Les entreprises repensent les approches traditionnelles en mati\u00e8re de voyages d&rsquo;affaires et de d\u00e9placements domicile-travail. Nombre d&rsquo;entre elles ont reconnu le potentiel d&rsquo;offrir \u00e0 leurs employ\u00e9s l&rsquo;acc\u00e8s \u00e0 un \u00e9cosyst\u00e8me de mobilit\u00e9 holistique qui aide \u00e0 orienter les habitudes de mobilit\u00e9 des employ\u00e9s et donc \u00e0 r\u00e9duire les \u00e9missions et \u00e0 \u00e9conomiser des co\u00fbts. Le budget de mobilit\u00e9 est la pierre angulaire de cette approche moderne. Il s&rsquo;agit d&rsquo;une solution flexible et \u00e9quitable qui responsabilise les employ\u00e9s en leur offrant un acc\u00e8s facile \u00e0 une myriade d&rsquo;options de mobilit\u00e9 \u00e0 faible \u00e9mission de carbone.&nbsp;<\/p>\n\n\n\n<p>Un avantage pour les employ\u00e9s tourn\u00e9 vers l\u2019avenir\u202f&nbsp;&nbsp;<\/p>\n\n\n\n<p>Le budget mobilit\u00e9 remplace souvent un syst\u00e8me de voitures de soci\u00e9t\u00e9 ou une subvention pour l&rsquo;abonnement aux transports publics par une allocation personnalis\u00e9e que les employ\u00e9s peuvent utiliser en fonction de leurs besoins individuels en mati\u00e8re de transport. Dans le m\u00eame temps, il encourage les modes de transport \u00e0 faibles \u00e9missions par des incitations tarifaires. Il ne s&rsquo;agit donc pas d&rsquo;un simple avantage qui vise \u00e0 rendre le personnel plus heureux et plus motiv\u00e9. Il s&rsquo;agit d&rsquo;une initiative strat\u00e9gique visant \u00e0 acc\u00e9l\u00e9rer la trajectoire de l&rsquo;entreprise vers des \u00e9missions nettes z\u00e9ro. En effet, la mobilit\u00e9 des employ\u00e9s repr\u00e9sente souvent une part tr\u00e8s importante de l&#8217;empreinte carbone d&rsquo;une entreprise.&nbsp;<\/p>\n\n\n\n<p>Int\u00e9resser par comment un budget de mobilit\u00e9 peut b\u00e9n\u00e9ficier les entreprises? Remplissez le formulaire ci-dessous et recevez le livre blanc complet dans votre boite mail! <\/p>\n\n\n\n<script charset=\"utf-8\" type=\"text\/javascript\" src=\"\/\/js.hsforms.net\/forms\/embed\/v2.js\"><\/script>\n<script>\n  hbspt.forms.create({\n    portalId: \"4873065\",\n    formId: \"b5e23070-bc02-4af1-a60b-ddc42cd2c44a\"\n  });\n<\/script>\n\n\n        <section class=\"author-block\">\n            <div class=\"container\">\n                <div class=\"left-side\">\n                    <h6 class=\"name\">Nina Schamber<\/h6>\n                    <span class=\"position\">Strategic Product Manager<\/span>\n                <\/div>\n                <div class=\"right-side\">\n                                            <img decoding=\"async\" \n                        class=\"image lazyload\" data-src=\"https:\/\/urban-connect.com\/wp-content\/uploads\/2024\/01\/Nina-1024x1024.jpg\"\n                        data-srcset=\"https:\/\/urban-connect.com\/wp-content\/uploads\/2024\/01\/Nina-1024x1024.jpg 1024w, https:\/\/urban-connect.com\/wp-content\/uploads\/2024\/01\/Nina-300x300.jpg 300w, https:\/\/urban-connect.com\/wp-content\/uploads\/2024\/01\/Nina-150x150.jpg 150w, https:\/\/urban-connect.com\/wp-content\/uploads\/2024\/01\/Nina-768x768.jpg 768w, https:\/\/urban-connect.com\/wp-content\/uploads\/2024\/01\/Nina-1080x1080.jpg 1080w, https:\/\/urban-connect.com\/wp-content\/uploads\/2024\/01\/Nina.jpg 1250w\"\n                        data-sizes=\"(max-width: 1024px) 100vw, 1024px\"\n                        alt=\"Chart Image\"\n                         src=\"data:image\/gif;base64,R0lGODlhAQABAAAAACH5BAEKAAEALAAAAAABAAEAAAICTAEAOw==\" style=\"--smush-placeholder-width: 1024px; --smush-placeholder-aspect-ratio: 1024\/1024;\"><noscript><img decoding=\"async\" \n                        class=\"image\" src=\"https:\/\/urban-connect.com\/wp-content\/uploads\/2024\/01\/Nina-1024x1024.jpg\"\n                        srcset=\"https:\/\/urban-connect.com\/wp-content\/uploads\/2024\/01\/Nina-1024x1024.jpg 1024w, https:\/\/urban-connect.com\/wp-content\/uploads\/2024\/01\/Nina-300x300.jpg 300w, https:\/\/urban-connect.com\/wp-content\/uploads\/2024\/01\/Nina-150x150.jpg 150w, https:\/\/urban-connect.com\/wp-content\/uploads\/2024\/01\/Nina-768x768.jpg 768w, https:\/\/urban-connect.com\/wp-content\/uploads\/2024\/01\/Nina-1080x1080.jpg 1080w, https:\/\/urban-connect.com\/wp-content\/uploads\/2024\/01\/Nina.jpg 1250w\"\n                        sizes=\"(max-width: 1024px) 100vw, 1024px\"\n                        alt=\"Chart Image\"\n                        ><\/noscript>\n                                        <\/div>\n            <\/div>\n        <\/section>\n        \n\n    <section class=\"related-posts\">\n        <div class=\"container\">\n            <h4 class=\"block-title\"><\/h4>\n        <\/div>\n        <div class=\"container posts-wrap\">\n            <div class=\"swiper swiper-related-posts\">\n                <div class=\"swiper-wrapper\">\n                                            <div class=\"swiper-slide\">\n                            <div class=\"card-horizontal\">\n    <div class=\"left-side\">\n                    <a href=\"https:\/\/urban-connect.com\/fr\/news\/wheels-wine-2026-une-edition-marquante-qui-faconne-lavenir-de-la-mobilite-dentreprise\/\">\n                <img decoding=\"async\" \n                    class=\"image lazyload\" data-src=\"https:\/\/urban-connect.com\/wp-content\/uploads\/2026\/03\/F06A4076-768x512.jpg\"\n                    data-srcset=\"https:\/\/urban-connect.com\/wp-content\/uploads\/2026\/03\/F06A4076-768x512.jpg 768w, https:\/\/urban-connect.com\/wp-content\/uploads\/2026\/03\/F06A4076-300x200.jpg 300w, https:\/\/urban-connect.com\/wp-content\/uploads\/2026\/03\/F06A4076-1024x683.jpg 1024w, https:\/\/urban-connect.com\/wp-content\/uploads\/2026\/03\/F06A4076-1536x1024.jpg 1536w, https:\/\/urban-connect.com\/wp-content\/uploads\/2026\/03\/F06A4076-2048x1365.jpg 2048w, https:\/\/urban-connect.com\/wp-content\/uploads\/2026\/03\/F06A4076-1620x1080.jpg 1620w\"\n                    data-sizes=\"(max-width: 768px) 100vw, 768px\"\n                    alt=\"Wheels &amp; Wine 2026 \u2013 Une \u00e9dition marquante qui fa\u00e7onne l'avenir de la mobilit\u00e9 d'entreprise\"\n                 src=\"data:image\/gif;base64,R0lGODlhAQABAAAAACH5BAEKAAEALAAAAAABAAEAAAICTAEAOw==\" style=\"--smush-placeholder-width: 768px; --smush-placeholder-aspect-ratio: 768\/512;\"><noscript><img decoding=\"async\" \n                    class=\"image\" src=\"https:\/\/urban-connect.com\/wp-content\/uploads\/2026\/03\/F06A4076-768x512.jpg\"\n                    srcset=\"https:\/\/urban-connect.com\/wp-content\/uploads\/2026\/03\/F06A4076-768x512.jpg 768w, https:\/\/urban-connect.com\/wp-content\/uploads\/2026\/03\/F06A4076-300x200.jpg 300w, https:\/\/urban-connect.com\/wp-content\/uploads\/2026\/03\/F06A4076-1024x683.jpg 1024w, https:\/\/urban-connect.com\/wp-content\/uploads\/2026\/03\/F06A4076-1536x1024.jpg 1536w, https:\/\/urban-connect.com\/wp-content\/uploads\/2026\/03\/F06A4076-2048x1365.jpg 2048w, https:\/\/urban-connect.com\/wp-content\/uploads\/2026\/03\/F06A4076-1620x1080.jpg 1620w\"\n                    sizes=\"(max-width: 768px) 100vw, 768px\"\n                    alt=\"Wheels &amp; Wine 2026 \u2013 Une \u00e9dition marquante qui fa\u00e7onne l'avenir de la mobilit\u00e9 d'entreprise\"\n                ><\/noscript>\n            <\/a>\n                <\/div>\n    <div class=\"right-side\">\n                    <a href=\"https:\/\/urban-connect.com\/fr\/news\/wheels-wine-2026-une-edition-marquante-qui-faconne-lavenir-de-la-mobilite-dentreprise\/\">\n                <h6 class=\"title\">Wheels &amp; Wine 2026 \u2013 Une \u00e9dition marquante qui fa\u00e7onne l&rsquo;avenir de la mobilit\u00e9 d&rsquo;entreprise<\/h6>\n            <\/a>\n                        <span class=\"date\">mars 24, 2026 <\/span>\n            \n\t        <\/div>\n<\/div>                        <\/div>\n                                                <div class=\"swiper-slide\">\n                            <div class=\"card-horizontal\">\n    <div class=\"left-side\">\n                    <a href=\"https:\/\/urban-connect.com\/fr\/news\/que-se-passera-t-il-lorsque-la-recharge-des-vehicules-electriques-fonctionnera-enfin\/\">\n                <img decoding=\"async\" \n                    class=\"image lazyload\" data-src=\"https:\/\/urban-connect.com\/wp-content\/uploads\/2026\/03\/Zaptec-cover-3-1-768x453.png\"\n                    data-srcset=\"https:\/\/urban-connect.com\/wp-content\/uploads\/2026\/03\/Zaptec-cover-3-1-768x453.png 768w, https:\/\/urban-connect.com\/wp-content\/uploads\/2026\/03\/Zaptec-cover-3-1-300x177.png 300w, https:\/\/urban-connect.com\/wp-content\/uploads\/2026\/03\/Zaptec-cover-3-1-1024x604.png 1024w, https:\/\/urban-connect.com\/wp-content\/uploads\/2026\/03\/Zaptec-cover-3-1-1536x906.png 1536w, https:\/\/urban-connect.com\/wp-content\/uploads\/2026\/03\/Zaptec-cover-3-1-2048x1208.png 2048w, https:\/\/urban-connect.com\/wp-content\/uploads\/2026\/03\/Zaptec-cover-3-1-1831x1080.png 1831w\"\n                    data-sizes=\"(max-width: 768px) 100vw, 768px\"\n                    alt=\"Que se passera-t-il lorsque la recharge des v\u00e9hicules \u00e9lectriques fonctionnera enfin?\"\n                 src=\"data:image\/gif;base64,R0lGODlhAQABAAAAACH5BAEKAAEALAAAAAABAAEAAAICTAEAOw==\" style=\"--smush-placeholder-width: 768px; --smush-placeholder-aspect-ratio: 768\/453;\"><noscript><img decoding=\"async\" \n                    class=\"image\" src=\"https:\/\/urban-connect.com\/wp-content\/uploads\/2026\/03\/Zaptec-cover-3-1-768x453.png\"\n                    srcset=\"https:\/\/urban-connect.com\/wp-content\/uploads\/2026\/03\/Zaptec-cover-3-1-768x453.png 768w, https:\/\/urban-connect.com\/wp-content\/uploads\/2026\/03\/Zaptec-cover-3-1-300x177.png 300w, https:\/\/urban-connect.com\/wp-content\/uploads\/2026\/03\/Zaptec-cover-3-1-1024x604.png 1024w, https:\/\/urban-connect.com\/wp-content\/uploads\/2026\/03\/Zaptec-cover-3-1-1536x906.png 1536w, https:\/\/urban-connect.com\/wp-content\/uploads\/2026\/03\/Zaptec-cover-3-1-2048x1208.png 2048w, https:\/\/urban-connect.com\/wp-content\/uploads\/2026\/03\/Zaptec-cover-3-1-1831x1080.png 1831w\"\n                    sizes=\"(max-width: 768px) 100vw, 768px\"\n                    alt=\"Que se passera-t-il lorsque la recharge des v\u00e9hicules \u00e9lectriques fonctionnera enfin?\"\n                ><\/noscript>\n            <\/a>\n                <\/div>\n    <div class=\"right-side\">\n                    <a href=\"https:\/\/urban-connect.com\/fr\/news\/que-se-passera-t-il-lorsque-la-recharge-des-vehicules-electriques-fonctionnera-enfin\/\">\n                <h6 class=\"title\">Que se passera-t-il lorsque la recharge des v\u00e9hicules \u00e9lectriques fonctionnera enfin?<\/h6>\n            <\/a>\n                        <span class=\"date\">mars 17, 2026 <\/span>\n            \n\t        <\/div>\n<\/div>                        <\/div>\n                                                <div class=\"swiper-slide\">\n                            <div class=\"card-horizontal\">\n    <div class=\"left-side\">\n                    <a href=\"https:\/\/urban-connect.com\/fr\/news\/spotlight-sur-les-etudes-de-cas-partenariat-entre-lonza-visp-et-urban-connect-pour-la-mobilite-durable\/\">\n                <img decoding=\"async\" \n                    class=\"image lazyload\" data-src=\"https:\/\/urban-connect.com\/wp-content\/uploads\/2026\/02\/HELSANA-x-UC-banner-768x511.png\"\n                    data-srcset=\"https:\/\/urban-connect.com\/wp-content\/uploads\/2026\/02\/HELSANA-x-UC-banner-768x511.png 768w, https:\/\/urban-connect.com\/wp-content\/uploads\/2026\/02\/HELSANA-x-UC-banner-300x199.png 300w, https:\/\/urban-connect.com\/wp-content\/uploads\/2026\/02\/HELSANA-x-UC-banner-1024x681.png 1024w, https:\/\/urban-connect.com\/wp-content\/uploads\/2026\/02\/HELSANA-x-UC-banner-1536x1021.png 1536w, https:\/\/urban-connect.com\/wp-content\/uploads\/2026\/02\/HELSANA-x-UC-banner.png 1590w\"\n                    data-sizes=\"(max-width: 768px) 100vw, 768px\"\n                    alt=\"Spotlight sur les \u00e9tudes de cas: Helsana offre \u00e0 3'400+ employ\u00e9s un budget de mobilit\u00e9 Urban Connect, et ce sans aucun probl\u00e8me gr\u00e2ce \u00e0 SCIM.\"\n                 src=\"data:image\/gif;base64,R0lGODlhAQABAAAAACH5BAEKAAEALAAAAAABAAEAAAICTAEAOw==\" style=\"--smush-placeholder-width: 768px; --smush-placeholder-aspect-ratio: 768\/511;\"><noscript><img decoding=\"async\" \n                    class=\"image\" src=\"https:\/\/urban-connect.com\/wp-content\/uploads\/2026\/02\/HELSANA-x-UC-banner-768x511.png\"\n                    srcset=\"https:\/\/urban-connect.com\/wp-content\/uploads\/2026\/02\/HELSANA-x-UC-banner-768x511.png 768w, https:\/\/urban-connect.com\/wp-content\/uploads\/2026\/02\/HELSANA-x-UC-banner-300x199.png 300w, https:\/\/urban-connect.com\/wp-content\/uploads\/2026\/02\/HELSANA-x-UC-banner-1024x681.png 1024w, https:\/\/urban-connect.com\/wp-content\/uploads\/2026\/02\/HELSANA-x-UC-banner-1536x1021.png 1536w, https:\/\/urban-connect.com\/wp-content\/uploads\/2026\/02\/HELSANA-x-UC-banner.png 1590w\"\n                    sizes=\"(max-width: 768px) 100vw, 768px\"\n                    alt=\"Spotlight sur les \u00e9tudes de cas: Helsana offre \u00e0 3'400+ employ\u00e9s un budget de mobilit\u00e9 Urban Connect, et ce sans aucun probl\u00e8me gr\u00e2ce \u00e0 SCIM.\"\n                ><\/noscript>\n            <\/a>\n                <\/div>\n    <div class=\"right-side\">\n                    <a href=\"https:\/\/urban-connect.com\/fr\/news\/spotlight-sur-les-etudes-de-cas-partenariat-entre-lonza-visp-et-urban-connect-pour-la-mobilite-durable\/\">\n                <h6 class=\"title\">Spotlight sur les \u00e9tudes de cas: Helsana offre \u00e0 3&rsquo;400+ employ\u00e9s un budget de mobilit\u00e9 Urban Connect, et ce sans aucun probl\u00e8me gr\u00e2ce \u00e0 SCIM.<\/h6>\n            <\/a>\n                        <span class=\"date\">f\u00e9vrier 05, 2026 <\/span>\n            \n\t        <\/div>\n<\/div>                        <\/div>\n                                        <\/div>\n                <div class=\"btn-slider \">\n    <div class=\"prev\">\n        <svg width=\"22\" height=\"12\" viewBox=\"0 0 22 12\" fill=\"none\" xmlns=\"http:\/\/www.w3.org\/2000\/svg\">\n            <path d=\"M5.094 4.476L7.74 1.83L6.03 0.102L0.432 5.7L6.03 11.298L7.74 9.57L5.076 6.906H21.42V4.476H5.094Z\" fill=\"white\"\/>\n        <\/svg>\n    <\/div>\n    <div class=\"next\">\n        <svg width=\"22\" height=\"12\" viewBox=\"0 0 22 12\" fill=\"none\" xmlns=\"http:\/\/www.w3.org\/2000\/svg\">\n            <path d=\"M14.292 1.83L16.938 4.476H0.612V6.906H16.956L14.292 9.57L16.002 11.298L21.6 5.7L16.002 0.102L14.292 1.83Z\" fill=\"white\"\/>\n        <\/svg>\n    <\/div>\n<\/div>            <\/div>\n        <\/div>\n    <\/section>\n    ","protected":false},"excerpt":{"rendered":"<p>Les entreprises repensent les approches traditionnelles en mati\u00e8re de voyages d&rsquo;affaires et de d\u00e9placements domicile-travail. Nombre d&rsquo;entre elles ont reconnu le potentiel d&rsquo;offrir \u00e0 leurs employ\u00e9s l&rsquo;acc\u00e8s \u00e0 un \u00e9cosyst\u00e8me de mobilit\u00e9 holistique qui aide \u00e0 orienter les habitudes de mobilit\u00e9 des employ\u00e9s et donc \u00e0 r\u00e9duire les \u00e9missions et \u00e0 \u00e9conomiser des co\u00fbts. Le [&hellip;]<\/p>\n","protected":false},"featured_media":4957,"parent":0,"template":"","news_category":[34],"class_list":["post-4955","news","type-news","status-publish","has-post-thumbnail","hentry","news_category-livres-blancs"],"acf":[],"yoast_head":"<!-- This site is optimized with the Yoast SEO plugin v23.2 - https:\/\/yoast.com\/wordpress\/plugins\/seo\/ -->\n<title>Le budget de la mobilit\u00e9 : Fid\u00e9liser les talents gr\u00e2ce \u00e0 des transports d&#039;entreprise plus intelligents\u00a0 - Urban Connect<\/title>\n<meta name=\"robots\" content=\"index, follow, max-snippet:-1, max-image-preview:large, max-video-preview:-1\" \/>\n<link rel=\"canonical\" href=\"https:\/\/urban-connect.com\/fr\/news\/le-budget-de-la-mobilite-fideliser-les-talents-grace-a-des-transports-dentreprise-plus-intelligents\/\" \/>\n<meta property=\"og:locale\" content=\"fr_FR\" \/>\n<meta property=\"og:type\" content=\"article\" \/>\n<meta property=\"og:title\" content=\"Le budget de la mobilit\u00e9 : Fid\u00e9liser les talents gr\u00e2ce \u00e0 des transports d&#039;entreprise plus intelligents\u00a0 - Urban Connect\" \/>\n<meta property=\"og:description\" content=\"Les entreprises repensent les approches traditionnelles en mati\u00e8re de voyages d&rsquo;affaires et de d\u00e9placements domicile-travail. Nombre d&rsquo;entre elles ont reconnu le potentiel d&rsquo;offrir \u00e0 leurs employ\u00e9s l&rsquo;acc\u00e8s \u00e0 un \u00e9cosyst\u00e8me de mobilit\u00e9 holistique qui aide \u00e0 orienter les habitudes de mobilit\u00e9 des employ\u00e9s et donc \u00e0 r\u00e9duire les \u00e9missions et \u00e0 \u00e9conomiser des co\u00fbts. Le [&hellip;]\" \/>\n<meta property=\"og:url\" content=\"https:\/\/urban-connect.com\/fr\/news\/le-budget-de-la-mobilite-fideliser-les-talents-grace-a-des-transports-dentreprise-plus-intelligents\/\" \/>\n<meta property=\"og:site_name\" content=\"Urban Connect\" \/>\n<meta property=\"article:modified_time\" content=\"2025-01-16T08:08:24+00:00\" \/>\n<meta property=\"og:image\" content=\"https:\/\/urban-connect.com\/wp-content\/uploads\/2024\/03\/MobilityBudget-3.jpg\" \/>\n\t<meta property=\"og:image:width\" content=\"1270\" \/>\n\t<meta property=\"og:image:height\" content=\"844\" \/>\n\t<meta property=\"og:image:type\" content=\"image\/jpeg\" \/>\n<meta name=\"twitter:card\" content=\"summary_large_image\" \/>\n<meta name=\"twitter:label1\" content=\"Dur\u00e9e de lecture estim\u00e9e\" \/>\n\t<meta name=\"twitter:data1\" content=\"2 minutes\" \/>\n<script type=\"application\/ld+json\" class=\"yoast-schema-graph\">{\"@context\":\"https:\/\/schema.org\",\"@graph\":[{\"@type\":\"WebPage\",\"@id\":\"https:\/\/urban-connect.com\/fr\/news\/le-budget-de-la-mobilite-fideliser-les-talents-grace-a-des-transports-dentreprise-plus-intelligents\/\",\"url\":\"https:\/\/urban-connect.com\/fr\/news\/le-budget-de-la-mobilite-fideliser-les-talents-grace-a-des-transports-dentreprise-plus-intelligents\/\",\"name\":\"Le budget de la mobilit\u00e9 : Fid\u00e9liser les talents gr\u00e2ce \u00e0 des transports d'entreprise plus intelligents\u00a0 - Urban Connect\",\"isPartOf\":{\"@id\":\"https:\/\/urban-connect.com\/fr\/#website\"},\"primaryImageOfPage\":{\"@id\":\"https:\/\/urban-connect.com\/fr\/news\/le-budget-de-la-mobilite-fideliser-les-talents-grace-a-des-transports-dentreprise-plus-intelligents\/#primaryimage\"},\"image\":{\"@id\":\"https:\/\/urban-connect.com\/fr\/news\/le-budget-de-la-mobilite-fideliser-les-talents-grace-a-des-transports-dentreprise-plus-intelligents\/#primaryimage\"},\"thumbnailUrl\":\"https:\/\/urban-connect.com\/wp-content\/uploads\/2024\/03\/MobilityBudget-3.jpg\",\"datePublished\":\"2025-01-16T11:59:09+00:00\",\"dateModified\":\"2025-01-16T08:08:24+00:00\",\"breadcrumb\":{\"@id\":\"https:\/\/urban-connect.com\/fr\/news\/le-budget-de-la-mobilite-fideliser-les-talents-grace-a-des-transports-dentreprise-plus-intelligents\/#breadcrumb\"},\"inLanguage\":\"fr-FR\",\"potentialAction\":[{\"@type\":\"ReadAction\",\"target\":[\"https:\/\/urban-connect.com\/fr\/news\/le-budget-de-la-mobilite-fideliser-les-talents-grace-a-des-transports-dentreprise-plus-intelligents\/\"]}]},{\"@type\":\"ImageObject\",\"inLanguage\":\"fr-FR\",\"@id\":\"https:\/\/urban-connect.com\/fr\/news\/le-budget-de-la-mobilite-fideliser-les-talents-grace-a-des-transports-dentreprise-plus-intelligents\/#primaryimage\",\"url\":\"https:\/\/urban-connect.com\/wp-content\/uploads\/2024\/03\/MobilityBudget-3.jpg\",\"contentUrl\":\"https:\/\/urban-connect.com\/wp-content\/uploads\/2024\/03\/MobilityBudget-3.jpg\",\"width\":1270,\"height\":844,\"caption\":\"Mobility Budget News Graphic\"},{\"@type\":\"BreadcrumbList\",\"@id\":\"https:\/\/urban-connect.com\/fr\/news\/le-budget-de-la-mobilite-fideliser-les-talents-grace-a-des-transports-dentreprise-plus-intelligents\/#breadcrumb\",\"itemListElement\":[{\"@type\":\"ListItem\",\"position\":1,\"name\":\"Home\",\"item\":\"https:\/\/urban-connect.com\/fr\/\"},{\"@type\":\"ListItem\",\"position\":2,\"name\":\"Le budget de la mobilit\u00e9 : Fid\u00e9liser les talents gr\u00e2ce \u00e0 des transports d&#8217;entreprise plus intelligents\u00a0\"}]},{\"@type\":\"WebSite\",\"@id\":\"https:\/\/urban-connect.com\/fr\/#website\",\"url\":\"https:\/\/urban-connect.com\/fr\/\",\"name\":\"Urban Connect\",\"description\":\"\",\"potentialAction\":[{\"@type\":\"SearchAction\",\"target\":{\"@type\":\"EntryPoint\",\"urlTemplate\":\"https:\/\/urban-connect.com\/fr\/?s={search_term_string}\"},\"query-input\":\"required name=search_term_string\"}],\"inLanguage\":\"fr-FR\"}]}<\/script>\n<!-- \/ Yoast SEO plugin. -->","yoast_head_json":{"title":"Le budget de la mobilit\u00e9 : Fid\u00e9liser les talents gr\u00e2ce \u00e0 des transports d'entreprise plus intelligents\u00a0 - Urban Connect","robots":{"index":"index","follow":"follow","max-snippet":"max-snippet:-1","max-image-preview":"max-image-preview:large","max-video-preview":"max-video-preview:-1"},"canonical":"https:\/\/urban-connect.com\/fr\/news\/le-budget-de-la-mobilite-fideliser-les-talents-grace-a-des-transports-dentreprise-plus-intelligents\/","og_locale":"fr_FR","og_type":"article","og_title":"Le budget de la mobilit\u00e9 : Fid\u00e9liser les talents gr\u00e2ce \u00e0 des transports d'entreprise plus intelligents\u00a0 - Urban Connect","og_description":"Les entreprises repensent les approches traditionnelles en mati\u00e8re de voyages d&rsquo;affaires et de d\u00e9placements domicile-travail. Nombre d&rsquo;entre elles ont reconnu le potentiel d&rsquo;offrir \u00e0 leurs employ\u00e9s l&rsquo;acc\u00e8s \u00e0 un \u00e9cosyst\u00e8me de mobilit\u00e9 holistique qui aide \u00e0 orienter les habitudes de mobilit\u00e9 des employ\u00e9s et donc \u00e0 r\u00e9duire les \u00e9missions et \u00e0 \u00e9conomiser des co\u00fbts. Le [&hellip;]","og_url":"https:\/\/urban-connect.com\/fr\/news\/le-budget-de-la-mobilite-fideliser-les-talents-grace-a-des-transports-dentreprise-plus-intelligents\/","og_site_name":"Urban Connect","article_modified_time":"2025-01-16T08:08:24+00:00","og_image":[{"width":1270,"height":844,"url":"https:\/\/urban-connect.com\/wp-content\/uploads\/2024\/03\/MobilityBudget-3.jpg","type":"image\/jpeg"}],"twitter_card":"summary_large_image","twitter_misc":{"Dur\u00e9e de lecture estim\u00e9e":"2 minutes"},"schema":{"@context":"https:\/\/schema.org","@graph":[{"@type":"WebPage","@id":"https:\/\/urban-connect.com\/fr\/news\/le-budget-de-la-mobilite-fideliser-les-talents-grace-a-des-transports-dentreprise-plus-intelligents\/","url":"https:\/\/urban-connect.com\/fr\/news\/le-budget-de-la-mobilite-fideliser-les-talents-grace-a-des-transports-dentreprise-plus-intelligents\/","name":"Le budget de la mobilit\u00e9 : Fid\u00e9liser les talents gr\u00e2ce \u00e0 des transports d'entreprise plus intelligents\u00a0 - Urban Connect","isPartOf":{"@id":"https:\/\/urban-connect.com\/fr\/#website"},"primaryImageOfPage":{"@id":"https:\/\/urban-connect.com\/fr\/news\/le-budget-de-la-mobilite-fideliser-les-talents-grace-a-des-transports-dentreprise-plus-intelligents\/#primaryimage"},"image":{"@id":"https:\/\/urban-connect.com\/fr\/news\/le-budget-de-la-mobilite-fideliser-les-talents-grace-a-des-transports-dentreprise-plus-intelligents\/#primaryimage"},"thumbnailUrl":"https:\/\/urban-connect.com\/wp-content\/uploads\/2024\/03\/MobilityBudget-3.jpg","datePublished":"2025-01-16T11:59:09+00:00","dateModified":"2025-01-16T08:08:24+00:00","breadcrumb":{"@id":"https:\/\/urban-connect.com\/fr\/news\/le-budget-de-la-mobilite-fideliser-les-talents-grace-a-des-transports-dentreprise-plus-intelligents\/#breadcrumb"},"inLanguage":"fr-FR","potentialAction":[{"@type":"ReadAction","target":["https:\/\/urban-connect.com\/fr\/news\/le-budget-de-la-mobilite-fideliser-les-talents-grace-a-des-transports-dentreprise-plus-intelligents\/"]}]},{"@type":"ImageObject","inLanguage":"fr-FR","@id":"https:\/\/urban-connect.com\/fr\/news\/le-budget-de-la-mobilite-fideliser-les-talents-grace-a-des-transports-dentreprise-plus-intelligents\/#primaryimage","url":"https:\/\/urban-connect.com\/wp-content\/uploads\/2024\/03\/MobilityBudget-3.jpg","contentUrl":"https:\/\/urban-connect.com\/wp-content\/uploads\/2024\/03\/MobilityBudget-3.jpg","width":1270,"height":844,"caption":"Mobility Budget News Graphic"},{"@type":"BreadcrumbList","@id":"https:\/\/urban-connect.com\/fr\/news\/le-budget-de-la-mobilite-fideliser-les-talents-grace-a-des-transports-dentreprise-plus-intelligents\/#breadcrumb","itemListElement":[{"@type":"ListItem","position":1,"name":"Home","item":"https:\/\/urban-connect.com\/fr\/"},{"@type":"ListItem","position":2,"name":"Le budget de la mobilit\u00e9 : Fid\u00e9liser les talents gr\u00e2ce \u00e0 des transports d&#8217;entreprise plus intelligents\u00a0"}]},{"@type":"WebSite","@id":"https:\/\/urban-connect.com\/fr\/#website","url":"https:\/\/urban-connect.com\/fr\/","name":"Urban Connect","description":"","potentialAction":[{"@type":"SearchAction","target":{"@type":"EntryPoint","urlTemplate":"https:\/\/urban-connect.com\/fr\/?s={search_term_string}"},"query-input":"required name=search_term_string"}],"inLanguage":"fr-FR"}]}},"_links":{"self":[{"href":"https:\/\/urban-connect.com\/fr\/wp-json\/wp\/v2\/news\/4955","targetHints":{"allow":["GET"]}}],"collection":[{"href":"https:\/\/urban-connect.com\/fr\/wp-json\/wp\/v2\/news"}],"about":[{"href":"https:\/\/urban-connect.com\/fr\/wp-json\/wp\/v2\/types\/news"}],"wp:featuredmedia":[{"embeddable":true,"href":"https:\/\/urban-connect.com\/fr\/wp-json\/wp\/v2\/media\/4957"}],"wp:attachment":[{"href":"https:\/\/urban-connect.com\/fr\/wp-json\/wp\/v2\/media?parent=4955"}],"wp:term":[{"taxonomy":"news_category","embeddable":true,"href":"https:\/\/urban-connect.com\/fr\/wp-json\/wp\/v2\/news_category?post=4955"}],"curies":[{"name":"wp","href":"https:\/\/api.w.org\/{rel}","templated":true}]}}