{"id":4945,"date":"2025-01-23T12:54:31","date_gmt":"2025-01-23T12:54:31","guid":{"rendered":"https:\/\/urban-connect.com\/news\/corporate-car-sharing-driving-utilization-rates-of-company-vehicles-to-new-heights\/"},"modified":"2025-01-23T11:16:27","modified_gmt":"2025-01-23T11:16:27","slug":"lautopartage-en-entreprise-faire-grimper-les-taux-dutilisation-des-vehicules-dentreprise-a-de-nouveaux-sommets","status":"publish","type":"news","link":"https:\/\/urban-connect.com\/fr\/news\/lautopartage-en-entreprise-faire-grimper-les-taux-dutilisation-des-vehicules-dentreprise-a-de-nouveaux-sommets\/","title":{"rendered":"L&rsquo;autopartage en entreprise : Faire grimper les taux d&rsquo;utilisation des v\u00e9hicules d&rsquo;entreprise \u00e0 de nouveaux sommets"},"content":{"rendered":"\n<p>La mobilit\u00e9 des entreprises est \u00e0 un point de basculement. Les entreprises les plus innovantes repensent la mobilit\u00e9 de leurs employ\u00e9s afin d&rsquo;am\u00e9liorer l&rsquo;efficacit\u00e9, de r\u00e9duire les \u00e9missions et d&rsquo;attirer les meilleurs talents. Le covoiturage d&rsquo;entreprise est un produit qui r\u00e9pond \u00e0 cet objectif et qui gagne rapidement en popularit\u00e9 aupr\u00e8s des entreprises. Il s&rsquo;agit d&rsquo;une nouvelle approche de l&rsquo;acc\u00e8s des employ\u00e9s \u00e0 la mobilit\u00e9 partag\u00e9e qui r\u00e9sout plusieurs probl\u00e8mes \u00e0 la fois. Voyons ce que cela implique et comment cela peut r\u00e9volutionner l&rsquo;approche de votre organisation en mati\u00e8re de transport.<\/p>\n\n\n\n<p><strong>Qu&rsquo;est-ce que l&rsquo;autopartage en entreprise ?<\/strong><\/p>\n\n\n\n<p>L&rsquo;autopartage d&rsquo;entreprise remplace les sch\u00e9mas traditionnels des entreprises, qui pr\u00e9voient souvent un ratio de 1:1 pour la propri\u00e9t\u00e9 des v\u00e9hicules, par des flottes de v\u00e9hicules flexibles et partag\u00e9es. Ces flottes dynamiques sont capables de r\u00e9pondre aux besoins de transport de l&rsquo;entreprise tout en les mettant \u00e0 la disposition des employ\u00e9s pour un usage priv\u00e9. \u00e8rement que les nouvelles g\u00e9n\u00e9rations d&#8217;employ\u00e9s accordent moins d&rsquo;importance \u00e0 la possession d&rsquo;une voiture de fonction et sont plus int\u00e9ress\u00e9es par des options flexibles et multimodales [1].<\/p>\n\n\n\n<p>Int\u00e9ress\u00e9 par comment l&rsquo;autopartage en entreprise peut b\u00e9n\u00e9ficier votre entreprise? Remplissez le formulaire ci-dessous et recevez le livre blanc complet dans votre bo\u00eete mail!<\/p>\n\n\n\n<script charset=\"utf-8\" type=\"text\/javascript\" src=\"\/\/js.hsforms.net\/forms\/embed\/v2.js\"><\/script>\n<script>\n  hbspt.forms.create({\n    portalId: \"4873065\",\n    formId: \"5f3091f8-ccc2-4138-b21a-ffa7ad9c6f7d\"\n  });\n<\/script>\n\n\n        <section class=\"author-block\">\n            <div class=\"container\">\n                <div class=\"left-side\">\n                    <h6 class=\"name\">Javier Alegria<\/h6>\n                    <span class=\"position\">Chief Product Office<\/span>\n                <\/div>\n                <div class=\"right-side\">\n                                            <img decoding=\"async\" \n                        class=\"image lazyload\" data-src=\"https:\/\/urban-connect.com\/wp-content\/uploads\/2024\/01\/Javier-1024x1024.jpg\"\n                        data-srcset=\"https:\/\/urban-connect.com\/wp-content\/uploads\/2024\/01\/Javier-1024x1024.jpg 1024w, https:\/\/urban-connect.com\/wp-content\/uploads\/2024\/01\/Javier-300x300.jpg 300w, https:\/\/urban-connect.com\/wp-content\/uploads\/2024\/01\/Javier-150x150.jpg 150w, https:\/\/urban-connect.com\/wp-content\/uploads\/2024\/01\/Javier-768x768.jpg 768w, https:\/\/urban-connect.com\/wp-content\/uploads\/2024\/01\/Javier-1080x1080.jpg 1080w, https:\/\/urban-connect.com\/wp-content\/uploads\/2024\/01\/Javier.jpg 1250w\"\n                        data-sizes=\"(max-width: 1024px) 100vw, 1024px\"\n                        alt=\"Chart Image\"\n                         src=\"data:image\/gif;base64,R0lGODlhAQABAAAAACH5BAEKAAEALAAAAAABAAEAAAICTAEAOw==\" style=\"--smush-placeholder-width: 1024px; --smush-placeholder-aspect-ratio: 1024\/1024;\"><noscript><img decoding=\"async\" \n                        class=\"image\" src=\"https:\/\/urban-connect.com\/wp-content\/uploads\/2024\/01\/Javier-1024x1024.jpg\"\n                        srcset=\"https:\/\/urban-connect.com\/wp-content\/uploads\/2024\/01\/Javier-1024x1024.jpg 1024w, https:\/\/urban-connect.com\/wp-content\/uploads\/2024\/01\/Javier-300x300.jpg 300w, https:\/\/urban-connect.com\/wp-content\/uploads\/2024\/01\/Javier-150x150.jpg 150w, https:\/\/urban-connect.com\/wp-content\/uploads\/2024\/01\/Javier-768x768.jpg 768w, https:\/\/urban-connect.com\/wp-content\/uploads\/2024\/01\/Javier-1080x1080.jpg 1080w, https:\/\/urban-connect.com\/wp-content\/uploads\/2024\/01\/Javier.jpg 1250w\"\n                        sizes=\"(max-width: 1024px) 100vw, 1024px\"\n                        alt=\"Chart Image\"\n                        ><\/noscript>\n                                        <\/div>\n            <\/div>\n        <\/section>\n        ","protected":false},"excerpt":{"rendered":"<p>La mobilit\u00e9 des entreprises est \u00e0 un point de basculement. Les entreprises les plus innovantes repensent la mobilit\u00e9 de leurs employ\u00e9s afin d&rsquo;am\u00e9liorer l&rsquo;efficacit\u00e9, de r\u00e9duire les \u00e9missions et d&rsquo;attirer les meilleurs talents. Le covoiturage d&rsquo;entreprise est un produit qui r\u00e9pond \u00e0 cet objectif et qui gagne rapidement en popularit\u00e9 aupr\u00e8s des entreprises. Il s&rsquo;agit [&hellip;]<\/p>\n","protected":false},"featured_media":4947,"parent":0,"template":"","news_category":[34],"class_list":["post-4945","news","type-news","status-publish","has-post-thumbnail","hentry","news_category-livres-blancs"],"acf":[],"yoast_head":"<!-- This site is optimized with the Yoast SEO plugin v23.2 - https:\/\/yoast.com\/wordpress\/plugins\/seo\/ -->\n<title>L&#039;autopartage en entreprise : Faire grimper les taux d&#039;utilisation des v\u00e9hicules d&#039;entreprise \u00e0 de nouveaux sommets - Urban Connect<\/title>\n<meta name=\"robots\" content=\"index, follow, max-snippet:-1, max-image-preview:large, max-video-preview:-1\" \/>\n<link rel=\"canonical\" href=\"https:\/\/urban-connect.com\/fr\/news\/lautopartage-en-entreprise-faire-grimper-les-taux-dutilisation-des-vehicules-dentreprise-a-de-nouveaux-sommets\/\" \/>\n<meta property=\"og:locale\" content=\"fr_FR\" \/>\n<meta property=\"og:type\" content=\"article\" \/>\n<meta property=\"og:title\" content=\"L&#039;autopartage en entreprise : Faire grimper les taux d&#039;utilisation des v\u00e9hicules d&#039;entreprise \u00e0 de nouveaux sommets - Urban Connect\" \/>\n<meta property=\"og:description\" content=\"La mobilit\u00e9 des entreprises est \u00e0 un point de basculement. Les entreprises les plus innovantes repensent la mobilit\u00e9 de leurs employ\u00e9s afin d&rsquo;am\u00e9liorer l&rsquo;efficacit\u00e9, de r\u00e9duire les \u00e9missions et d&rsquo;attirer les meilleurs talents. Le covoiturage d&rsquo;entreprise est un produit qui r\u00e9pond \u00e0 cet objectif et qui gagne rapidement en popularit\u00e9 aupr\u00e8s des entreprises. Il s&rsquo;agit [&hellip;]\" \/>\n<meta property=\"og:url\" content=\"https:\/\/urban-connect.com\/fr\/news\/lautopartage-en-entreprise-faire-grimper-les-taux-dutilisation-des-vehicules-dentreprise-a-de-nouveaux-sommets\/\" \/>\n<meta property=\"og:site_name\" content=\"Urban Connect\" \/>\n<meta property=\"article:modified_time\" content=\"2025-01-23T11:16:27+00:00\" \/>\n<meta property=\"og:image\" content=\"https:\/\/urban-connect.com\/wp-content\/uploads\/2024\/04\/Carsharing-1-scaled.jpg\" \/>\n\t<meta property=\"og:image:width\" content=\"2560\" \/>\n\t<meta property=\"og:image:height\" content=\"1923\" \/>\n\t<meta property=\"og:image:type\" content=\"image\/jpeg\" \/>\n<meta name=\"twitter:card\" content=\"summary_large_image\" \/>\n<meta name=\"twitter:label1\" content=\"Dur\u00e9e de lecture estim\u00e9e\" \/>\n\t<meta name=\"twitter:data1\" content=\"2 minutes\" \/>\n<script type=\"application\/ld+json\" class=\"yoast-schema-graph\">{\"@context\":\"https:\/\/schema.org\",\"@graph\":[{\"@type\":\"WebPage\",\"@id\":\"https:\/\/urban-connect.com\/fr\/news\/lautopartage-en-entreprise-faire-grimper-les-taux-dutilisation-des-vehicules-dentreprise-a-de-nouveaux-sommets\/\",\"url\":\"https:\/\/urban-connect.com\/fr\/news\/lautopartage-en-entreprise-faire-grimper-les-taux-dutilisation-des-vehicules-dentreprise-a-de-nouveaux-sommets\/\",\"name\":\"L'autopartage en entreprise : Faire grimper les taux d'utilisation des v\u00e9hicules d'entreprise \u00e0 de nouveaux sommets - Urban Connect\",\"isPartOf\":{\"@id\":\"https:\/\/urban-connect.com\/fr\/#website\"},\"primaryImageOfPage\":{\"@id\":\"https:\/\/urban-connect.com\/fr\/news\/lautopartage-en-entreprise-faire-grimper-les-taux-dutilisation-des-vehicules-dentreprise-a-de-nouveaux-sommets\/#primaryimage\"},\"image\":{\"@id\":\"https:\/\/urban-connect.com\/fr\/news\/lautopartage-en-entreprise-faire-grimper-les-taux-dutilisation-des-vehicules-dentreprise-a-de-nouveaux-sommets\/#primaryimage\"},\"thumbnailUrl\":\"https:\/\/urban-connect.com\/wp-content\/uploads\/2024\/04\/Carsharing-1-scaled.jpg\",\"datePublished\":\"2025-01-23T12:54:31+00:00\",\"dateModified\":\"2025-01-23T11:16:27+00:00\",\"breadcrumb\":{\"@id\":\"https:\/\/urban-connect.com\/fr\/news\/lautopartage-en-entreprise-faire-grimper-les-taux-dutilisation-des-vehicules-dentreprise-a-de-nouveaux-sommets\/#breadcrumb\"},\"inLanguage\":\"fr-FR\",\"potentialAction\":[{\"@type\":\"ReadAction\",\"target\":[\"https:\/\/urban-connect.com\/fr\/news\/lautopartage-en-entreprise-faire-grimper-les-taux-dutilisation-des-vehicules-dentreprise-a-de-nouveaux-sommets\/\"]}]},{\"@type\":\"ImageObject\",\"inLanguage\":\"fr-FR\",\"@id\":\"https:\/\/urban-connect.com\/fr\/news\/lautopartage-en-entreprise-faire-grimper-les-taux-dutilisation-des-vehicules-dentreprise-a-de-nouveaux-sommets\/#primaryimage\",\"url\":\"https:\/\/urban-connect.com\/wp-content\/uploads\/2024\/04\/Carsharing-1-scaled.jpg\",\"contentUrl\":\"https:\/\/urban-connect.com\/wp-content\/uploads\/2024\/04\/Carsharing-1-scaled.jpg\",\"width\":2560,\"height\":1923,\"caption\":\"Carsharing News\"},{\"@type\":\"BreadcrumbList\",\"@id\":\"https:\/\/urban-connect.com\/fr\/news\/lautopartage-en-entreprise-faire-grimper-les-taux-dutilisation-des-vehicules-dentreprise-a-de-nouveaux-sommets\/#breadcrumb\",\"itemListElement\":[{\"@type\":\"ListItem\",\"position\":1,\"name\":\"Home\",\"item\":\"https:\/\/urban-connect.com\/fr\/\"},{\"@type\":\"ListItem\",\"position\":2,\"name\":\"L&#8217;autopartage en entreprise : Faire grimper les taux d&#8217;utilisation des v\u00e9hicules d&#8217;entreprise \u00e0 de nouveaux sommets\"}]},{\"@type\":\"WebSite\",\"@id\":\"https:\/\/urban-connect.com\/fr\/#website\",\"url\":\"https:\/\/urban-connect.com\/fr\/\",\"name\":\"Urban Connect\",\"description\":\"\",\"potentialAction\":[{\"@type\":\"SearchAction\",\"target\":{\"@type\":\"EntryPoint\",\"urlTemplate\":\"https:\/\/urban-connect.com\/fr\/?s={search_term_string}\"},\"query-input\":\"required name=search_term_string\"}],\"inLanguage\":\"fr-FR\"}]}<\/script>\n<!-- \/ Yoast SEO plugin. -->","yoast_head_json":{"title":"L'autopartage en entreprise : Faire grimper les taux d'utilisation des v\u00e9hicules d'entreprise \u00e0 de nouveaux sommets - Urban Connect","robots":{"index":"index","follow":"follow","max-snippet":"max-snippet:-1","max-image-preview":"max-image-preview:large","max-video-preview":"max-video-preview:-1"},"canonical":"https:\/\/urban-connect.com\/fr\/news\/lautopartage-en-entreprise-faire-grimper-les-taux-dutilisation-des-vehicules-dentreprise-a-de-nouveaux-sommets\/","og_locale":"fr_FR","og_type":"article","og_title":"L'autopartage en entreprise : Faire grimper les taux d'utilisation des v\u00e9hicules d'entreprise \u00e0 de nouveaux sommets - Urban Connect","og_description":"La mobilit\u00e9 des entreprises est \u00e0 un point de basculement. Les entreprises les plus innovantes repensent la mobilit\u00e9 de leurs employ\u00e9s afin d&rsquo;am\u00e9liorer l&rsquo;efficacit\u00e9, de r\u00e9duire les \u00e9missions et d&rsquo;attirer les meilleurs talents. Le covoiturage d&rsquo;entreprise est un produit qui r\u00e9pond \u00e0 cet objectif et qui gagne rapidement en popularit\u00e9 aupr\u00e8s des entreprises. Il s&rsquo;agit [&hellip;]","og_url":"https:\/\/urban-connect.com\/fr\/news\/lautopartage-en-entreprise-faire-grimper-les-taux-dutilisation-des-vehicules-dentreprise-a-de-nouveaux-sommets\/","og_site_name":"Urban Connect","article_modified_time":"2025-01-23T11:16:27+00:00","og_image":[{"width":2560,"height":1923,"url":"https:\/\/urban-connect.com\/wp-content\/uploads\/2024\/04\/Carsharing-1-scaled.jpg","type":"image\/jpeg"}],"twitter_card":"summary_large_image","twitter_misc":{"Dur\u00e9e de lecture estim\u00e9e":"2 minutes"},"schema":{"@context":"https:\/\/schema.org","@graph":[{"@type":"WebPage","@id":"https:\/\/urban-connect.com\/fr\/news\/lautopartage-en-entreprise-faire-grimper-les-taux-dutilisation-des-vehicules-dentreprise-a-de-nouveaux-sommets\/","url":"https:\/\/urban-connect.com\/fr\/news\/lautopartage-en-entreprise-faire-grimper-les-taux-dutilisation-des-vehicules-dentreprise-a-de-nouveaux-sommets\/","name":"L'autopartage en entreprise : Faire grimper les taux d'utilisation des v\u00e9hicules d'entreprise \u00e0 de nouveaux sommets - Urban Connect","isPartOf":{"@id":"https:\/\/urban-connect.com\/fr\/#website"},"primaryImageOfPage":{"@id":"https:\/\/urban-connect.com\/fr\/news\/lautopartage-en-entreprise-faire-grimper-les-taux-dutilisation-des-vehicules-dentreprise-a-de-nouveaux-sommets\/#primaryimage"},"image":{"@id":"https:\/\/urban-connect.com\/fr\/news\/lautopartage-en-entreprise-faire-grimper-les-taux-dutilisation-des-vehicules-dentreprise-a-de-nouveaux-sommets\/#primaryimage"},"thumbnailUrl":"https:\/\/urban-connect.com\/wp-content\/uploads\/2024\/04\/Carsharing-1-scaled.jpg","datePublished":"2025-01-23T12:54:31+00:00","dateModified":"2025-01-23T11:16:27+00:00","breadcrumb":{"@id":"https:\/\/urban-connect.com\/fr\/news\/lautopartage-en-entreprise-faire-grimper-les-taux-dutilisation-des-vehicules-dentreprise-a-de-nouveaux-sommets\/#breadcrumb"},"inLanguage":"fr-FR","potentialAction":[{"@type":"ReadAction","target":["https:\/\/urban-connect.com\/fr\/news\/lautopartage-en-entreprise-faire-grimper-les-taux-dutilisation-des-vehicules-dentreprise-a-de-nouveaux-sommets\/"]}]},{"@type":"ImageObject","inLanguage":"fr-FR","@id":"https:\/\/urban-connect.com\/fr\/news\/lautopartage-en-entreprise-faire-grimper-les-taux-dutilisation-des-vehicules-dentreprise-a-de-nouveaux-sommets\/#primaryimage","url":"https:\/\/urban-connect.com\/wp-content\/uploads\/2024\/04\/Carsharing-1-scaled.jpg","contentUrl":"https:\/\/urban-connect.com\/wp-content\/uploads\/2024\/04\/Carsharing-1-scaled.jpg","width":2560,"height":1923,"caption":"Carsharing News"},{"@type":"BreadcrumbList","@id":"https:\/\/urban-connect.com\/fr\/news\/lautopartage-en-entreprise-faire-grimper-les-taux-dutilisation-des-vehicules-dentreprise-a-de-nouveaux-sommets\/#breadcrumb","itemListElement":[{"@type":"ListItem","position":1,"name":"Home","item":"https:\/\/urban-connect.com\/fr\/"},{"@type":"ListItem","position":2,"name":"L&#8217;autopartage en entreprise : Faire grimper les taux d&#8217;utilisation des v\u00e9hicules d&#8217;entreprise \u00e0 de nouveaux sommets"}]},{"@type":"WebSite","@id":"https:\/\/urban-connect.com\/fr\/#website","url":"https:\/\/urban-connect.com\/fr\/","name":"Urban Connect","description":"","potentialAction":[{"@type":"SearchAction","target":{"@type":"EntryPoint","urlTemplate":"https:\/\/urban-connect.com\/fr\/?s={search_term_string}"},"query-input":"required name=search_term_string"}],"inLanguage":"fr-FR"}]}},"_links":{"self":[{"href":"https:\/\/urban-connect.com\/fr\/wp-json\/wp\/v2\/news\/4945","targetHints":{"allow":["GET"]}}],"collection":[{"href":"https:\/\/urban-connect.com\/fr\/wp-json\/wp\/v2\/news"}],"about":[{"href":"https:\/\/urban-connect.com\/fr\/wp-json\/wp\/v2\/types\/news"}],"wp:featuredmedia":[{"embeddable":true,"href":"https:\/\/urban-connect.com\/fr\/wp-json\/wp\/v2\/media\/4947"}],"wp:attachment":[{"href":"https:\/\/urban-connect.com\/fr\/wp-json\/wp\/v2\/media?parent=4945"}],"wp:term":[{"taxonomy":"news_category","embeddable":true,"href":"https:\/\/urban-connect.com\/fr\/wp-json\/wp\/v2\/news_category?post=4945"}],"curies":[{"name":"wp","href":"https:\/\/api.w.org\/{rel}","templated":true}]}}