{"id":4944,"date":"2021-08-18T09:01:00","date_gmt":"2021-08-18T09:01:00","guid":{"rendered":"https:\/\/urban-connect.com\/news\/implenia-employees-share-about-their-experience-with-urban-connect\/"},"modified":"2024-07-25T21:31:40","modified_gmt":"2024-07-25T21:31:40","slug":"les-employes-dimplenia-temoignent-de-leur-experience-avec-urban-connect","status":"publish","type":"news","link":"https:\/\/urban-connect.com\/fr\/news\/les-employes-dimplenia-temoignent-de-leur-experience-avec-urban-connect\/","title":{"rendered":"Les employ\u00e9s d&rsquo;Implenia t\u00e9moignent de leur exp\u00e9rience avec Urban Connect"},"content":{"rendered":"\n<p>Bernadette Arbogast (Sustainability Consultant, Implenia) and Rolf Wagenbach (Global Head Sustainability, Implenia) talk in an interview about their experiences with the Urban Connect service so far.<\/p>\n\n\n\n<h2 class=\"wp-block-heading\">Bernadette Arbogast (consultante en d\u00e9veloppement durable, Implenia) et Rolf Wagenbach (responsable mondial du d\u00e9veloppement durable, Implenia) nous parlent de leurs exp\u00e9riences avec le service Urban Connect.<\/h2>\n\n\n\n<p><strong>Madame Arbogast, Monsieur Wagenbach, vous \u00eates tous deux responsables du d\u00e9veloppement durable chez Implenia. Quelle est l&rsquo;importance de la durabilit\u00e9 dans l&rsquo;orientation strat\u00e9gique d&rsquo;Implenia ?<\/strong><\/p>\n\n\n\n<p>La durabilit\u00e9 fait partie int\u00e9grante de toutes les activit\u00e9s d&rsquo;Implenia. Car ce n&rsquo;est qu&rsquo;en tant qu&rsquo;entreprise durable vis-\u00e0-vis de l&rsquo;environnement, de la soci\u00e9t\u00e9 et de l&rsquo;\u00e9conomie &#8211; que nous sommes pr\u00eats pour l&rsquo;avenir et que nous r\u00e9ussissons \u00e0 long terme.<\/p>\n\n\n\n<p>Depuis 2009, nous nous sommes engag\u00e9s dans cette voie en nous concentrant sur cinq domaines th\u00e9matiques : Produits et services durables, environnement de travail attrayant, protection de l&rsquo;environnement, citoyennet\u00e9 d&rsquo;entreprise et conformit\u00e9, et excellence financi\u00e8re et op\u00e9rationnelle.<\/p>\n\n\n\n<h2 class=\"wp-block-heading\"><strong>Pourquoi de plus en plus d&rsquo;entreprises se pr\u00e9occupent-elles de la mobilit\u00e9 de leurs employ\u00e9s?<\/strong><\/h2>\n\n\n\n<p>Le transport est responsable d&rsquo;environ un tiers des \u00e9missions de CO2 en Suisse. En tant qu&rsquo;entreprise d\u00e9sireuse de contribuer \u00e0 la r\u00e9duction des gaz \u00e0 effet de serre, les questions de mobilit\u00e9 doivent \u00eatre prises en compte. En outre, la satisfaction des employ\u00e9s d\u00e9pend des offres de mobilit\u00e9 existantes et, bien s\u00fbr, celles-ci sont \u00e9galement un facteur de co\u00fbt.<\/p>\n\n\n\n<h2 class=\"wp-block-heading\"><strong>Pourquoi avez-vous choisi la solution de v\u00e9los et de v\u00e9los \u00e9lectriques d&rsquo;Urban Connect?<\/strong><\/h2>\n\n\n\n<p>Nous voulions permettre \u00e0 nos employ\u00e9s de se d\u00e9placer entre nos sites, les chantiers et les bureaux de nos clients de mani\u00e8re durable, m\u00eame si les connexions avec les transports publics ne sont pas optimales. Pour ce faire, nous voulions une solution qui soit aussi facile \u00e0 utiliser que possible et qui ne g\u00e9n\u00e8re pas beaucoup de travail pour nous en cours d&rsquo;exploitation.<\/p>\n\n\n\n<h2 class=\"wp-block-heading\"><strong>Ces attentes ont-elles \u00e9t\u00e9 satisfaites jusqu&rsquo;\u00e0 pr\u00e9sent ? Comment Implenia a-t-elle b\u00e9n\u00e9fici\u00e9 concr\u00e8tement de cette solution de mobilit\u00e9?<\/strong><\/h2>\n\n\n\n<p>Gr\u00e2ce \u00e0 COVID-19, les v\u00e9los et les v\u00e9los \u00e9lectriques ne sont pas seulement utilis\u00e9s pour les r\u00e9unions, mais aussi parfois pour les pauses d\u00e9jeuner ou pour se rendre au travail. Pour nous, c&rsquo;est un effet secondaire positif de pouvoir fournir \u00e0 nos employ\u00e9s un moyen de transport s\u00fbr et confortable pendant cette p\u00e9riode.<\/p>\n\n\n\n<h2 class=\"wp-block-heading\"><strong>Comment le service est-il per\u00e7u par les employ\u00e9s?<\/strong><\/h2>\n\n\n\n<p>Tr\u00e8s bien, nous avons re\u00e7u de nombreux commentaires positifs et le nombre d&rsquo;utilisateurs et de r\u00e9servations augmente r\u00e9guli\u00e8rement. Nous pensons \u00e9galement que nous avons rendu le th\u00e8me de la durabilit\u00e9 plus visible pour les employ\u00e9s dans leur travail quotidien.<\/p>\n\n\n\n<h2 class=\"wp-block-heading\"><strong>Qu&rsquo;est-ce qui vous a le plus convaincu dans l&rsquo;offre Urban Connect? Pourquoi?<\/strong><\/h2>\n\n\n\n<p>D&rsquo;une part, la possibilit\u00e9 de \u00ab tester \u00bb le service dans le cadre d&rsquo;un projet pilote. D&rsquo;autre part, nous n&rsquo;avons pas \u00e0 nous pr\u00e9occuper du fonctionnement. La r\u00e9servation, le service et la maintenance sont enti\u00e8rement pris en charge par Urban Connect. Et bien s\u00fbr, les statistiques mensuelles sur les utilisateurs nous sont \u00e9galement tr\u00e8s utiles.<\/p>\n\n\n\n<h2 class=\"wp-block-heading\"><strong>Consid\u00e9rez-vous la solution v\u00e9lo comme un avantage pour votre entreprise ou comme un facteur de co\u00fbt?<\/strong><\/h2>\n\n\n\n<p>Si le nombre d&rsquo;utilisateurs continue d&rsquo;augmenter, nous consid\u00e9rons la solution comme un b\u00e9n\u00e9fice. Nous promouvons la sant\u00e9 de nos employ\u00e9s et si les v\u00e9los \u00e9lectriques \/ v\u00e9los sont utilis\u00e9s pour les d\u00e9placements professionnels, nous \u00e9conomisons \u00e9galement des frais d&rsquo;essence ou des billets de transport public.<\/p>\n\n\n\n<h2 class=\"wp-block-heading\"><strong>Quels efforts avez-vous consentis depuis la mise en service de la flotte?<\/strong><\/h2>\n\n\n\n<p>Tr\u00e8s peu, \u00e0 part des mesures de communication interne pour sensibiliser nos employ\u00e9s au service, nous n&rsquo;avons fait aucun effort.<\/p>\n\n\n\n<h2 class=\"wp-block-heading\"><strong>Que devez-vous faire si un v\u00e9lo est d\u00e9fectueux?<\/strong><\/h2>\n\n\n\n<p>Les employ\u00e9s peuvent signaler eux-m\u00eames un d\u00e9faut via l&rsquo;appli ou la hotline du service Urban Connect. Ils s&rsquo;occupent ensuite de tout le reste.<\/p>\n\n\n\n<h2 class=\"wp-block-heading\"><strong>Les employ\u00e9s peuvent signaler eux-m\u00eames un d\u00e9faut via l&rsquo;application ou le service d&rsquo;assistance t\u00e9l\u00e9phonique Urban Connect. Ils s&rsquo;occupent ensuite de tout le reste.<\/strong><\/h2>\n\n\n\n<p>Les v\u00e9los \u00e9lectriques sont reconnect\u00e9s \u00e0 l&rsquo;alimentation \u00e9lectrique par les employ\u00e9s eux-m\u00eames apr\u00e8s le trajet. Nous avons pos\u00e9 des petites affiches \u00e0 la station de recharge pour le rappeler aux employ\u00e9s. Jusqu&rsquo;\u00e0 pr\u00e9sent, tout se passe bien.<\/p>\n\n\n\n<h2 class=\"wp-block-heading\"><strong>\u00c0 quelles entreprises recommanderiez-vous le service de mobilit\u00e9 Urban Connect?<\/strong><\/h2>\n\n\n\n<p>Les entreprises qui souhaitent promouvoir la mobilit\u00e9 durable parmi leurs employ\u00e9s sans trop d&rsquo;efforts administratifs.<\/p>\n\n\n\n<p><strong>Source:<\/strong> Stadt Z\u00fcrich. Tiefbau- und Entsorgungsdepartement.<br><\/p>\n\n\n\n<p>Change Mobility &#8211; Change the World<\/p>\n\n\n    <section class=\"related-posts\">\n        <div class=\"container\">\n            <h4 class=\"block-title\"><\/h4>\n        <\/div>\n        <div class=\"container posts-wrap\">\n            <div class=\"swiper swiper-related-posts\">\n                <div class=\"swiper-wrapper\">\n                                            <div class=\"swiper-slide\">\n                            <div class=\"card-horizontal\">\n    <div class=\"left-side\">\n                    <a href=\"https:\/\/urban-connect.com\/fr\/news\/wheels-wine-2026-une-edition-marquante-qui-faconne-lavenir-de-la-mobilite-dentreprise\/\">\n                <img decoding=\"async\" \n                    class=\"image lazyload\" data-src=\"https:\/\/urban-connect.com\/wp-content\/uploads\/2026\/03\/F06A4076-768x512.jpg\"\n                    data-srcset=\"https:\/\/urban-connect.com\/wp-content\/uploads\/2026\/03\/F06A4076-768x512.jpg 768w, https:\/\/urban-connect.com\/wp-content\/uploads\/2026\/03\/F06A4076-300x200.jpg 300w, https:\/\/urban-connect.com\/wp-content\/uploads\/2026\/03\/F06A4076-1024x683.jpg 1024w, https:\/\/urban-connect.com\/wp-content\/uploads\/2026\/03\/F06A4076-1536x1024.jpg 1536w, https:\/\/urban-connect.com\/wp-content\/uploads\/2026\/03\/F06A4076-2048x1365.jpg 2048w, https:\/\/urban-connect.com\/wp-content\/uploads\/2026\/03\/F06A4076-1620x1080.jpg 1620w\"\n                    data-sizes=\"(max-width: 768px) 100vw, 768px\"\n                    alt=\"Wheels &amp; Wine 2026 \u2013 Une \u00e9dition marquante qui fa\u00e7onne l'avenir de la mobilit\u00e9 d'entreprise\"\n                 src=\"data:image\/gif;base64,R0lGODlhAQABAAAAACH5BAEKAAEALAAAAAABAAEAAAICTAEAOw==\" style=\"--smush-placeholder-width: 768px; --smush-placeholder-aspect-ratio: 768\/512;\"><noscript><img decoding=\"async\" \n                    class=\"image\" src=\"https:\/\/urban-connect.com\/wp-content\/uploads\/2026\/03\/F06A4076-768x512.jpg\"\n                    srcset=\"https:\/\/urban-connect.com\/wp-content\/uploads\/2026\/03\/F06A4076-768x512.jpg 768w, https:\/\/urban-connect.com\/wp-content\/uploads\/2026\/03\/F06A4076-300x200.jpg 300w, https:\/\/urban-connect.com\/wp-content\/uploads\/2026\/03\/F06A4076-1024x683.jpg 1024w, https:\/\/urban-connect.com\/wp-content\/uploads\/2026\/03\/F06A4076-1536x1024.jpg 1536w, https:\/\/urban-connect.com\/wp-content\/uploads\/2026\/03\/F06A4076-2048x1365.jpg 2048w, https:\/\/urban-connect.com\/wp-content\/uploads\/2026\/03\/F06A4076-1620x1080.jpg 1620w\"\n                    sizes=\"(max-width: 768px) 100vw, 768px\"\n                    alt=\"Wheels &amp; Wine 2026 \u2013 Une \u00e9dition marquante qui fa\u00e7onne l'avenir de la mobilit\u00e9 d'entreprise\"\n                ><\/noscript>\n            <\/a>\n                <\/div>\n    <div class=\"right-side\">\n                    <a href=\"https:\/\/urban-connect.com\/fr\/news\/wheels-wine-2026-une-edition-marquante-qui-faconne-lavenir-de-la-mobilite-dentreprise\/\">\n                <h6 class=\"title\">Wheels &amp; Wine 2026 \u2013 Une \u00e9dition marquante qui fa\u00e7onne l&rsquo;avenir de la mobilit\u00e9 d&rsquo;entreprise<\/h6>\n            <\/a>\n                        <span class=\"date\">mars 24, 2026 <\/span>\n            \n\t        <\/div>\n<\/div>                        <\/div>\n                                                <div class=\"swiper-slide\">\n                            <div class=\"card-horizontal\">\n    <div class=\"left-side\">\n                    <a href=\"https:\/\/urban-connect.com\/fr\/news\/que-se-passera-t-il-lorsque-la-recharge-des-vehicules-electriques-fonctionnera-enfin\/\">\n                <img decoding=\"async\" \n                    class=\"image lazyload\" data-src=\"https:\/\/urban-connect.com\/wp-content\/uploads\/2026\/03\/Zaptec-cover-3-1-768x453.png\"\n                    data-srcset=\"https:\/\/urban-connect.com\/wp-content\/uploads\/2026\/03\/Zaptec-cover-3-1-768x453.png 768w, https:\/\/urban-connect.com\/wp-content\/uploads\/2026\/03\/Zaptec-cover-3-1-300x177.png 300w, https:\/\/urban-connect.com\/wp-content\/uploads\/2026\/03\/Zaptec-cover-3-1-1024x604.png 1024w, https:\/\/urban-connect.com\/wp-content\/uploads\/2026\/03\/Zaptec-cover-3-1-1536x906.png 1536w, https:\/\/urban-connect.com\/wp-content\/uploads\/2026\/03\/Zaptec-cover-3-1-2048x1208.png 2048w, https:\/\/urban-connect.com\/wp-content\/uploads\/2026\/03\/Zaptec-cover-3-1-1831x1080.png 1831w\"\n                    data-sizes=\"(max-width: 768px) 100vw, 768px\"\n                    alt=\"Que se passera-t-il lorsque la recharge des v\u00e9hicules \u00e9lectriques fonctionnera enfin?\"\n                 src=\"data:image\/gif;base64,R0lGODlhAQABAAAAACH5BAEKAAEALAAAAAABAAEAAAICTAEAOw==\" style=\"--smush-placeholder-width: 768px; --smush-placeholder-aspect-ratio: 768\/453;\"><noscript><img decoding=\"async\" \n                    class=\"image\" src=\"https:\/\/urban-connect.com\/wp-content\/uploads\/2026\/03\/Zaptec-cover-3-1-768x453.png\"\n                    srcset=\"https:\/\/urban-connect.com\/wp-content\/uploads\/2026\/03\/Zaptec-cover-3-1-768x453.png 768w, https:\/\/urban-connect.com\/wp-content\/uploads\/2026\/03\/Zaptec-cover-3-1-300x177.png 300w, https:\/\/urban-connect.com\/wp-content\/uploads\/2026\/03\/Zaptec-cover-3-1-1024x604.png 1024w, https:\/\/urban-connect.com\/wp-content\/uploads\/2026\/03\/Zaptec-cover-3-1-1536x906.png 1536w, https:\/\/urban-connect.com\/wp-content\/uploads\/2026\/03\/Zaptec-cover-3-1-2048x1208.png 2048w, https:\/\/urban-connect.com\/wp-content\/uploads\/2026\/03\/Zaptec-cover-3-1-1831x1080.png 1831w\"\n                    sizes=\"(max-width: 768px) 100vw, 768px\"\n                    alt=\"Que se passera-t-il lorsque la recharge des v\u00e9hicules \u00e9lectriques fonctionnera enfin?\"\n                ><\/noscript>\n            <\/a>\n                <\/div>\n    <div class=\"right-side\">\n                    <a href=\"https:\/\/urban-connect.com\/fr\/news\/que-se-passera-t-il-lorsque-la-recharge-des-vehicules-electriques-fonctionnera-enfin\/\">\n                <h6 class=\"title\">Que se passera-t-il lorsque la recharge des v\u00e9hicules \u00e9lectriques fonctionnera enfin?<\/h6>\n            <\/a>\n                        <span class=\"date\">mars 17, 2026 <\/span>\n            \n\t        <\/div>\n<\/div>                        <\/div>\n                                                <div class=\"swiper-slide\">\n                            <div class=\"card-horizontal\">\n    <div class=\"left-side\">\n                    <a href=\"https:\/\/urban-connect.com\/fr\/news\/spotlight-sur-les-etudes-de-cas-partenariat-entre-lonza-visp-et-urban-connect-pour-la-mobilite-durable\/\">\n                <img decoding=\"async\" \n                    class=\"image lazyload\" data-src=\"https:\/\/urban-connect.com\/wp-content\/uploads\/2026\/02\/HELSANA-x-UC-banner-768x511.png\"\n                    data-srcset=\"https:\/\/urban-connect.com\/wp-content\/uploads\/2026\/02\/HELSANA-x-UC-banner-768x511.png 768w, https:\/\/urban-connect.com\/wp-content\/uploads\/2026\/02\/HELSANA-x-UC-banner-300x199.png 300w, https:\/\/urban-connect.com\/wp-content\/uploads\/2026\/02\/HELSANA-x-UC-banner-1024x681.png 1024w, https:\/\/urban-connect.com\/wp-content\/uploads\/2026\/02\/HELSANA-x-UC-banner-1536x1021.png 1536w, https:\/\/urban-connect.com\/wp-content\/uploads\/2026\/02\/HELSANA-x-UC-banner.png 1590w\"\n                    data-sizes=\"(max-width: 768px) 100vw, 768px\"\n                    alt=\"Spotlight sur les \u00e9tudes de cas: Helsana offre \u00e0 3'400+ employ\u00e9s un budget de mobilit\u00e9 Urban Connect, et ce sans aucun probl\u00e8me gr\u00e2ce \u00e0 SCIM.\"\n                 src=\"data:image\/gif;base64,R0lGODlhAQABAAAAACH5BAEKAAEALAAAAAABAAEAAAICTAEAOw==\" style=\"--smush-placeholder-width: 768px; --smush-placeholder-aspect-ratio: 768\/511;\"><noscript><img decoding=\"async\" \n                    class=\"image\" src=\"https:\/\/urban-connect.com\/wp-content\/uploads\/2026\/02\/HELSANA-x-UC-banner-768x511.png\"\n                    srcset=\"https:\/\/urban-connect.com\/wp-content\/uploads\/2026\/02\/HELSANA-x-UC-banner-768x511.png 768w, https:\/\/urban-connect.com\/wp-content\/uploads\/2026\/02\/HELSANA-x-UC-banner-300x199.png 300w, https:\/\/urban-connect.com\/wp-content\/uploads\/2026\/02\/HELSANA-x-UC-banner-1024x681.png 1024w, https:\/\/urban-connect.com\/wp-content\/uploads\/2026\/02\/HELSANA-x-UC-banner-1536x1021.png 1536w, https:\/\/urban-connect.com\/wp-content\/uploads\/2026\/02\/HELSANA-x-UC-banner.png 1590w\"\n                    sizes=\"(max-width: 768px) 100vw, 768px\"\n                    alt=\"Spotlight sur les \u00e9tudes de cas: Helsana offre \u00e0 3'400+ employ\u00e9s un budget de mobilit\u00e9 Urban Connect, et ce sans aucun probl\u00e8me gr\u00e2ce \u00e0 SCIM.\"\n                ><\/noscript>\n            <\/a>\n                <\/div>\n    <div class=\"right-side\">\n                    <a href=\"https:\/\/urban-connect.com\/fr\/news\/spotlight-sur-les-etudes-de-cas-partenariat-entre-lonza-visp-et-urban-connect-pour-la-mobilite-durable\/\">\n                <h6 class=\"title\">Spotlight sur les \u00e9tudes de cas: Helsana offre \u00e0 3&rsquo;400+ employ\u00e9s un budget de mobilit\u00e9 Urban Connect, et ce sans aucun probl\u00e8me gr\u00e2ce \u00e0 SCIM.<\/h6>\n            <\/a>\n                        <span class=\"date\">f\u00e9vrier 05, 2026 <\/span>\n            \n\t        <\/div>\n<\/div>                        <\/div>\n                                        <\/div>\n                <div class=\"btn-slider \">\n    <div class=\"prev\">\n        <svg width=\"22\" height=\"12\" viewBox=\"0 0 22 12\" fill=\"none\" xmlns=\"http:\/\/www.w3.org\/2000\/svg\">\n            <path d=\"M5.094 4.476L7.74 1.83L6.03 0.102L0.432 5.7L6.03 11.298L7.74 9.57L5.076 6.906H21.42V4.476H5.094Z\" fill=\"white\"\/>\n        <\/svg>\n    <\/div>\n    <div class=\"next\">\n        <svg width=\"22\" height=\"12\" viewBox=\"0 0 22 12\" fill=\"none\" xmlns=\"http:\/\/www.w3.org\/2000\/svg\">\n            <path d=\"M14.292 1.83L16.938 4.476H0.612V6.906H16.956L14.292 9.57L16.002 11.298L21.6 5.7L16.002 0.102L14.292 1.83Z\" fill=\"white\"\/>\n        <\/svg>\n    <\/div>\n<\/div>            <\/div>\n        <\/div>\n    <\/section>\n    ","protected":false},"excerpt":{"rendered":"<p>Bernadette Arbogast (Sustainability Consultant, Implenia) and Rolf Wagenbach (Global Head Sustainability, Implenia) talk in an interview about their experiences with the Urban Connect service so far. Bernadette Arbogast (consultante en d\u00e9veloppement durable, Implenia) et Rolf Wagenbach (responsable mondial du d\u00e9veloppement durable, Implenia) nous parlent de leurs exp\u00e9riences avec le service Urban Connect. Madame Arbogast, Monsieur [&hellip;]<\/p>\n","protected":false},"featured_media":6153,"parent":0,"template":"","news_category":[34],"class_list":["post-4944","news","type-news","status-publish","has-post-thumbnail","hentry","news_category-livres-blancs"],"acf":[],"yoast_head":"<!-- This site is optimized with the Yoast SEO plugin v23.2 - https:\/\/yoast.com\/wordpress\/plugins\/seo\/ -->\n<title>Implenia Employees share their experiences with Urban Connect<\/title>\n<meta name=\"description\" content=\"employees share how they and the company benefit from the offerings of Urban Connect. Read this article to get fascinating insights.\" \/>\n<meta name=\"robots\" content=\"index, follow, max-snippet:-1, max-image-preview:large, max-video-preview:-1\" \/>\n<link rel=\"canonical\" href=\"https:\/\/urban-connect.com\/fr\/news\/les-employes-dimplenia-temoignent-de-leur-experience-avec-urban-connect\/\" \/>\n<meta property=\"og:locale\" content=\"fr_FR\" \/>\n<meta property=\"og:type\" content=\"article\" \/>\n<meta property=\"og:title\" content=\"Implenia Employees share their experiences with Urban Connect\" \/>\n<meta property=\"og:description\" content=\"employees share how they and the company benefit from the offerings of Urban Connect. Read this article to get fascinating insights.\" \/>\n<meta property=\"og:url\" content=\"https:\/\/urban-connect.com\/fr\/news\/les-employes-dimplenia-temoignent-de-leur-experience-avec-urban-connect\/\" \/>\n<meta property=\"og:site_name\" content=\"Urban Connect\" \/>\n<meta property=\"article:modified_time\" content=\"2024-07-25T21:31:40+00:00\" \/>\n<meta property=\"og:image\" content=\"https:\/\/urban-connect.com\/wp-content\/uploads\/2024\/07\/UC-Implenia-article.jpg\" \/>\n\t<meta property=\"og:image:width\" content=\"800\" \/>\n\t<meta property=\"og:image:height\" content=\"541\" \/>\n\t<meta property=\"og:image:type\" content=\"image\/jpeg\" \/>\n<meta name=\"twitter:card\" content=\"summary_large_image\" \/>\n<meta name=\"twitter:label1\" content=\"Dur\u00e9e de lecture estim\u00e9e\" \/>\n\t<meta name=\"twitter:data1\" content=\"4 minutes\" \/>\n<script type=\"application\/ld+json\" class=\"yoast-schema-graph\">{\"@context\":\"https:\/\/schema.org\",\"@graph\":[{\"@type\":\"WebPage\",\"@id\":\"https:\/\/urban-connect.com\/fr\/news\/les-employes-dimplenia-temoignent-de-leur-experience-avec-urban-connect\/\",\"url\":\"https:\/\/urban-connect.com\/fr\/news\/les-employes-dimplenia-temoignent-de-leur-experience-avec-urban-connect\/\",\"name\":\"Implenia Employees share their experiences with Urban Connect\",\"isPartOf\":{\"@id\":\"https:\/\/urban-connect.com\/fr\/#website\"},\"primaryImageOfPage\":{\"@id\":\"https:\/\/urban-connect.com\/fr\/news\/les-employes-dimplenia-temoignent-de-leur-experience-avec-urban-connect\/#primaryimage\"},\"image\":{\"@id\":\"https:\/\/urban-connect.com\/fr\/news\/les-employes-dimplenia-temoignent-de-leur-experience-avec-urban-connect\/#primaryimage\"},\"thumbnailUrl\":\"https:\/\/urban-connect.com\/wp-content\/uploads\/2024\/07\/UC-Implenia-article.jpg\",\"datePublished\":\"2021-08-18T09:01:00+00:00\",\"dateModified\":\"2024-07-25T21:31:40+00:00\",\"description\":\"employees share how they and the company benefit from the offerings of Urban Connect. Read this article to get fascinating insights.\",\"breadcrumb\":{\"@id\":\"https:\/\/urban-connect.com\/fr\/news\/les-employes-dimplenia-temoignent-de-leur-experience-avec-urban-connect\/#breadcrumb\"},\"inLanguage\":\"fr-FR\",\"potentialAction\":[{\"@type\":\"ReadAction\",\"target\":[\"https:\/\/urban-connect.com\/fr\/news\/les-employes-dimplenia-temoignent-de-leur-experience-avec-urban-connect\/\"]}]},{\"@type\":\"ImageObject\",\"inLanguage\":\"fr-FR\",\"@id\":\"https:\/\/urban-connect.com\/fr\/news\/les-employes-dimplenia-temoignent-de-leur-experience-avec-urban-connect\/#primaryimage\",\"url\":\"https:\/\/urban-connect.com\/wp-content\/uploads\/2024\/07\/UC-Implenia-article.jpg\",\"contentUrl\":\"https:\/\/urban-connect.com\/wp-content\/uploads\/2024\/07\/UC-Implenia-article.jpg\",\"width\":800,\"height\":541,\"caption\":\"Implenia employee\"},{\"@type\":\"BreadcrumbList\",\"@id\":\"https:\/\/urban-connect.com\/fr\/news\/les-employes-dimplenia-temoignent-de-leur-experience-avec-urban-connect\/#breadcrumb\",\"itemListElement\":[{\"@type\":\"ListItem\",\"position\":1,\"name\":\"Home\",\"item\":\"https:\/\/urban-connect.com\/fr\/\"},{\"@type\":\"ListItem\",\"position\":2,\"name\":\"Les employ\u00e9s d&#8217;Implenia t\u00e9moignent de leur exp\u00e9rience avec Urban Connect\"}]},{\"@type\":\"WebSite\",\"@id\":\"https:\/\/urban-connect.com\/fr\/#website\",\"url\":\"https:\/\/urban-connect.com\/fr\/\",\"name\":\"Urban Connect\",\"description\":\"\",\"potentialAction\":[{\"@type\":\"SearchAction\",\"target\":{\"@type\":\"EntryPoint\",\"urlTemplate\":\"https:\/\/urban-connect.com\/fr\/?s={search_term_string}\"},\"query-input\":\"required name=search_term_string\"}],\"inLanguage\":\"fr-FR\"}]}<\/script>\n<!-- \/ Yoast SEO plugin. -->","yoast_head_json":{"title":"Implenia Employees share their experiences with Urban Connect","description":"employees share how they and the company benefit from the offerings of Urban Connect. Read this article to get fascinating insights.","robots":{"index":"index","follow":"follow","max-snippet":"max-snippet:-1","max-image-preview":"max-image-preview:large","max-video-preview":"max-video-preview:-1"},"canonical":"https:\/\/urban-connect.com\/fr\/news\/les-employes-dimplenia-temoignent-de-leur-experience-avec-urban-connect\/","og_locale":"fr_FR","og_type":"article","og_title":"Implenia Employees share their experiences with Urban Connect","og_description":"employees share how they and the company benefit from the offerings of Urban Connect. Read this article to get fascinating insights.","og_url":"https:\/\/urban-connect.com\/fr\/news\/les-employes-dimplenia-temoignent-de-leur-experience-avec-urban-connect\/","og_site_name":"Urban Connect","article_modified_time":"2024-07-25T21:31:40+00:00","og_image":[{"width":800,"height":541,"url":"https:\/\/urban-connect.com\/wp-content\/uploads\/2024\/07\/UC-Implenia-article.jpg","type":"image\/jpeg"}],"twitter_card":"summary_large_image","twitter_misc":{"Dur\u00e9e de lecture estim\u00e9e":"4 minutes"},"schema":{"@context":"https:\/\/schema.org","@graph":[{"@type":"WebPage","@id":"https:\/\/urban-connect.com\/fr\/news\/les-employes-dimplenia-temoignent-de-leur-experience-avec-urban-connect\/","url":"https:\/\/urban-connect.com\/fr\/news\/les-employes-dimplenia-temoignent-de-leur-experience-avec-urban-connect\/","name":"Implenia Employees share their experiences with Urban Connect","isPartOf":{"@id":"https:\/\/urban-connect.com\/fr\/#website"},"primaryImageOfPage":{"@id":"https:\/\/urban-connect.com\/fr\/news\/les-employes-dimplenia-temoignent-de-leur-experience-avec-urban-connect\/#primaryimage"},"image":{"@id":"https:\/\/urban-connect.com\/fr\/news\/les-employes-dimplenia-temoignent-de-leur-experience-avec-urban-connect\/#primaryimage"},"thumbnailUrl":"https:\/\/urban-connect.com\/wp-content\/uploads\/2024\/07\/UC-Implenia-article.jpg","datePublished":"2021-08-18T09:01:00+00:00","dateModified":"2024-07-25T21:31:40+00:00","description":"employees share how they and the company benefit from the offerings of Urban Connect. Read this article to get fascinating insights.","breadcrumb":{"@id":"https:\/\/urban-connect.com\/fr\/news\/les-employes-dimplenia-temoignent-de-leur-experience-avec-urban-connect\/#breadcrumb"},"inLanguage":"fr-FR","potentialAction":[{"@type":"ReadAction","target":["https:\/\/urban-connect.com\/fr\/news\/les-employes-dimplenia-temoignent-de-leur-experience-avec-urban-connect\/"]}]},{"@type":"ImageObject","inLanguage":"fr-FR","@id":"https:\/\/urban-connect.com\/fr\/news\/les-employes-dimplenia-temoignent-de-leur-experience-avec-urban-connect\/#primaryimage","url":"https:\/\/urban-connect.com\/wp-content\/uploads\/2024\/07\/UC-Implenia-article.jpg","contentUrl":"https:\/\/urban-connect.com\/wp-content\/uploads\/2024\/07\/UC-Implenia-article.jpg","width":800,"height":541,"caption":"Implenia employee"},{"@type":"BreadcrumbList","@id":"https:\/\/urban-connect.com\/fr\/news\/les-employes-dimplenia-temoignent-de-leur-experience-avec-urban-connect\/#breadcrumb","itemListElement":[{"@type":"ListItem","position":1,"name":"Home","item":"https:\/\/urban-connect.com\/fr\/"},{"@type":"ListItem","position":2,"name":"Les employ\u00e9s d&#8217;Implenia t\u00e9moignent de leur exp\u00e9rience avec Urban Connect"}]},{"@type":"WebSite","@id":"https:\/\/urban-connect.com\/fr\/#website","url":"https:\/\/urban-connect.com\/fr\/","name":"Urban Connect","description":"","potentialAction":[{"@type":"SearchAction","target":{"@type":"EntryPoint","urlTemplate":"https:\/\/urban-connect.com\/fr\/?s={search_term_string}"},"query-input":"required name=search_term_string"}],"inLanguage":"fr-FR"}]}},"_links":{"self":[{"href":"https:\/\/urban-connect.com\/fr\/wp-json\/wp\/v2\/news\/4944","targetHints":{"allow":["GET"]}}],"collection":[{"href":"https:\/\/urban-connect.com\/fr\/wp-json\/wp\/v2\/news"}],"about":[{"href":"https:\/\/urban-connect.com\/fr\/wp-json\/wp\/v2\/types\/news"}],"wp:featuredmedia":[{"embeddable":true,"href":"https:\/\/urban-connect.com\/fr\/wp-json\/wp\/v2\/media\/6153"}],"wp:attachment":[{"href":"https:\/\/urban-connect.com\/fr\/wp-json\/wp\/v2\/media?parent=4944"}],"wp:term":[{"taxonomy":"news_category","embeddable":true,"href":"https:\/\/urban-connect.com\/fr\/wp-json\/wp\/v2\/news_category?post=4944"}],"curies":[{"name":"wp","href":"https:\/\/api.w.org\/{rel}","templated":true}]}}