{"id":4943,"date":"2023-08-28T16:53:00","date_gmt":"2023-08-28T16:53:00","guid":{"rendered":"https:\/\/urban-connect.com\/news\/digital-switzerland-bilanz-judith-haberli-nominated-among-the-top-100-digital-shapers-2023\/"},"modified":"2024-07-25T20:59:04","modified_gmt":"2024-07-25T20:59:04","slug":"digital-switzerland-bilanz-judith-haberli-nommee-parmi-le-top-100-digital-shapers-2023","status":"publish","type":"news","link":"https:\/\/urban-connect.com\/fr\/news\/digital-switzerland-bilanz-judith-haberli-nommee-parmi-le-top-100-digital-shapers-2023\/","title":{"rendered":"Digital Switzerland &amp; BILANZ : Judith H\u00e4berli nomm\u00e9e parmi le Top 100 Digital Shapers 2023"},"content":{"rendered":"\n<p>Pour la huiti\u00e8me ann\u00e9e cons\u00e9cutive, BILANZ a annonc\u00e9 sa s\u00e9lection des 100 personnes les plus influentes dans le domaine de la num\u00e9risation en Suisse. La cofondatrice et directrice des op\u00e9rations d\u2019Urban Connect, Judith H\u00e4berli, figure dans cette liste parmi les 10 mobilisateurs cl\u00e9s, qui font entrer la mobilit\u00e9 dans l\u2019\u00e8re num\u00e9rique.<\/p>\n\n\n\n<p><strong>Qu\u2019est-ce qu\u2019un Digital Shaper?<\/strong><\/p>\n\n\n\n<p>Digital Shaper est une nomination pour des personnes qui ont apport\u00e9 une contribution significative \u00e0 la num\u00e9risation de la Suisse dans divers secteurs. Digital Switzerland d\u00e9crit les Digital Shapers comme des innovateurs d\u00e9vou\u00e9s qui s\u2019engagent \u00e0 fa\u00e7onner un avenir num\u00e9rique qui nous donne \u00e0 tous les moyens d\u2019agir.<\/p>\n\n\n\n<p>Digital Shapers a \u00e9t\u00e9 organis\u00e9 par BILANZ pour la 8\u00e8me ann\u00e9e cons\u00e9cutive en partenariat avec Digital Switzerland, Handelszeitung, PME et Innosuisse. Tout d\u2019abord, des centaines de leaders ont \u00e9t\u00e9 nomin\u00e9s par le public sur les r\u00e9seaux sociaux. Puis, un jury de onze personnes a s\u00e9lectionn\u00e9 les 10 premiers pionniers du num\u00e9rique dans chacun des 10 domaines, comme \u00ab&nbsp;mobilisateurs&nbsp;\u00bb ou \u00ab&nbsp;eM\u00e9dics&nbsp;\u00bb. Parmi les membres du jury de cette ann\u00e9e, on compte Mike Baur, co-fondateur et PDG de Serpentine Ventures Group et Swiss Startup Factory, Gabrielle Dobenecker, Responsable de la collecte de fonds, des relations avec l\u2019industrie et l\u2019entrepreneuriat \u00e0 l\u2019EMPA, et Karin Taheny, Chief Digital and Technology Officer de Switzerland Global Enterprise (S-GE).<\/p>\n\n\n\n<p class=\"has-black-color has-text-color has-link-color wp-elements-bf984fce712d120b0d628f57274b37e2\"><strong>Entretien avec Judith<\/strong><\/p>\n\n\n\n<p>Judith H\u00e4berli a \u00e9t\u00e9 s\u00e9lectionn\u00e9e dans la liste des Digital Shapers dans la cat\u00e9gorie \u00ab\u00a0mobilisateurs\u00a0\u00bb. Elle a \u00e9t\u00e9 reconnue comme pionni\u00e8re dans l\u2019approche innovante et technologique de la mobilit\u00e9 d\u2019entreprise en Suisse. Dans un entretien accord\u00e9 \u00e0 Digital Switzerland, Judith a soulign\u00e9 son point de vue unique sur l\u2019impact potentiel de la Suisse sur l\u2019innovation num\u00e9rique:<\/p>\n\n\n\n<p>\u201cJe pense que la Suisse est particuli\u00e8rement qualifi\u00e9e pour servir de laboratoire afin d\u2019exp\u00e9rimenter syst\u00e9matiquement de nouveaux concepts de mobilit\u00e9 en raison de sa petite taille, de son paysage diversifi\u00e9 et de son syst\u00e8me de transport public efficace, son r\u00e9seau dense de routes et de chemins de fer, son niveau avanc\u00e9 de num\u00e9risation et son approche r\u00e9glementaire progressive et pragmatique.\u201d<\/p>\n\n\n\n<p class=\"has-black-color has-text-color has-link-color wp-elements-8298e445c46319bd8fb6877fce2d7c36\">Urban Connect, situ\u00e9 en Suisse, profite de sa position id\u00e9ale sur le march\u00e9. N\u00e9e de l\u2019innovation, la mission de l\u2019entreprise est de changer la fa\u00e7on dont la mobilit\u00e9 est organis\u00e9e dans le monde des entreprises. Urban Connect conduit ce changement principalement en orchestrant le passage de la propri\u00e9t\u00e9 au partage, en mettant l\u2019accent sur la flexibilit\u00e9 et la commodit\u00e9 pour ses utilisateurs. Tout cela est fait \u00e0 la droite de la technologie. Jusqu\u2019\u00e0 pr\u00e9sent, la Suisse a \u00e9t\u00e9 du c\u00f4t\u00e9 d\u2019Urban Connect; l\u2019entreprise a doubl\u00e9 son nombre d\u2019employ\u00e9s et a augment\u00e9 son nombre d\u2019utilisateurs de plus de 100 pour cent au cours de la derni\u00e8re ann\u00e9e. Sans le courage de Judith d\u2019allier technologie et mobilit\u00e9, rien de tout cela ne serait possible.<\/p>\n\n\n\n<p><strong>L\u2019importance des pionniers du num\u00e9rique<\/strong><\/p>\n\n\n\n<p class=\"has-black-color has-text-color has-link-color wp-elements-78992298d2dec84b6a65a65ca42c4349\">La publication BILANZ Digital Shapers de cette ann\u00e9e r\u00e9v\u00e8le un paysage num\u00e9rique en constante \u00e9volution, o\u00f9 l\u2019innovation est synonyme de succ\u00e8s. Alors que nous c\u00e9l\u00e9brons ces pionniers du num\u00e9rique et leurs r\u00e9ussites, il devient de plus en plus clair que le monde se dirige vers un avenir plus avanc\u00e9 et num\u00e9rique. Alors que le voyage continue, les Digital Shapers d\u2019aujourd\u2019hui \u00e9clairent la voie \u00e0 suivre.<\/p>\n\n\n\n<p class=\"has-black-color has-text-color has-link-color wp-elements-e3960790382a0396b107ff854bf1318e\">Lire la publication originale de BILANZ <a href=\"https:\/\/www.handelszeitung.ch\/bilanz\/digital-shapers-2023-diese-schweizer-treiben-die-digitalisierung-voran-630425\">ici<\/a><\/p>\n\n\n\n<p>Lisez l\u2019interview de Judith par Digital Switzerland <a href=\"https:\/\/digitalswitzerland.com\/digital-shapers-2023-meet-the-winners\/\">ici<\/a><\/p>\n\n\n\n<p>Emilia Almer, Marketing &amp; Communications<\/p>\n\n\n\n<p>Change Mobility &#8211; Change the World<\/p>\n","protected":false},"excerpt":{"rendered":"<p>Pour la huiti\u00e8me ann\u00e9e cons\u00e9cutive, BILANZ a annonc\u00e9 sa s\u00e9lection des 100 personnes les plus influentes dans le domaine de la num\u00e9risation en Suisse. La cofondatrice et directrice des op\u00e9rations d\u2019Urban Connect, Judith H\u00e4berli, figure dans cette liste parmi les 10 mobilisateurs cl\u00e9s, qui font entrer la mobilit\u00e9 dans l\u2019\u00e8re num\u00e9rique. Qu\u2019est-ce qu\u2019un Digital Shaper? [&hellip;]<\/p>\n","protected":false},"featured_media":4860,"parent":0,"template":"","news_category":[33],"class_list":["post-4943","news","type-news","status-publish","has-post-thumbnail","hentry","news_category-actualites"],"acf":[],"yoast_head":"<!-- This site is optimized with the Yoast SEO plugin v23.2 - https:\/\/yoast.com\/wordpress\/plugins\/seo\/ -->\n<title>Digital Switzerland &amp; BILANZ : Judith H\u00e4berli nomm\u00e9e parmi le Top 100 Digital Shapers 2023 - Urban Connect<\/title>\n<meta name=\"robots\" content=\"index, follow, max-snippet:-1, max-image-preview:large, max-video-preview:-1\" \/>\n<link rel=\"canonical\" href=\"https:\/\/urban-connect.com\/fr\/news\/digital-switzerland-bilanz-judith-haberli-nommee-parmi-le-top-100-digital-shapers-2023\/\" \/>\n<meta property=\"og:locale\" content=\"fr_FR\" \/>\n<meta property=\"og:type\" content=\"article\" \/>\n<meta property=\"og:title\" content=\"Digital Switzerland &amp; BILANZ : Judith H\u00e4berli nomm\u00e9e parmi le Top 100 Digital Shapers 2023 - Urban Connect\" \/>\n<meta property=\"og:description\" content=\"Pour la huiti\u00e8me ann\u00e9e cons\u00e9cutive, BILANZ a annonc\u00e9 sa s\u00e9lection des 100 personnes les plus influentes dans le domaine de la num\u00e9risation en Suisse. La cofondatrice et directrice des op\u00e9rations d\u2019Urban Connect, Judith H\u00e4berli, figure dans cette liste parmi les 10 mobilisateurs cl\u00e9s, qui font entrer la mobilit\u00e9 dans l\u2019\u00e8re num\u00e9rique. Qu\u2019est-ce qu\u2019un Digital Shaper? [&hellip;]\" \/>\n<meta property=\"og:url\" content=\"https:\/\/urban-connect.com\/fr\/news\/digital-switzerland-bilanz-judith-haberli-nommee-parmi-le-top-100-digital-shapers-2023\/\" \/>\n<meta property=\"og:site_name\" content=\"Urban Connect\" \/>\n<meta property=\"article:modified_time\" content=\"2024-07-25T20:59:04+00:00\" \/>\n<meta property=\"og:image\" content=\"https:\/\/urban-connect.com\/wp-content\/uploads\/2024\/01\/Wordpress-Thumbnailpng.png\" \/>\n\t<meta property=\"og:image:width\" content=\"900\" \/>\n\t<meta property=\"og:image:height\" content=\"600\" \/>\n\t<meta property=\"og:image:type\" content=\"image\/png\" \/>\n<meta name=\"twitter:card\" content=\"summary_large_image\" \/>\n<meta name=\"twitter:label1\" content=\"Dur\u00e9e de lecture estim\u00e9e\" \/>\n\t<meta name=\"twitter:data1\" content=\"3 minutes\" \/>\n<script type=\"application\/ld+json\" class=\"yoast-schema-graph\">{\"@context\":\"https:\/\/schema.org\",\"@graph\":[{\"@type\":\"WebPage\",\"@id\":\"https:\/\/urban-connect.com\/fr\/news\/digital-switzerland-bilanz-judith-haberli-nommee-parmi-le-top-100-digital-shapers-2023\/\",\"url\":\"https:\/\/urban-connect.com\/fr\/news\/digital-switzerland-bilanz-judith-haberli-nommee-parmi-le-top-100-digital-shapers-2023\/\",\"name\":\"Digital Switzerland &amp; BILANZ : Judith H\u00e4berli nomm\u00e9e parmi le Top 100 Digital Shapers 2023 - Urban Connect\",\"isPartOf\":{\"@id\":\"https:\/\/urban-connect.com\/fr\/#website\"},\"primaryImageOfPage\":{\"@id\":\"https:\/\/urban-connect.com\/fr\/news\/digital-switzerland-bilanz-judith-haberli-nommee-parmi-le-top-100-digital-shapers-2023\/#primaryimage\"},\"image\":{\"@id\":\"https:\/\/urban-connect.com\/fr\/news\/digital-switzerland-bilanz-judith-haberli-nommee-parmi-le-top-100-digital-shapers-2023\/#primaryimage\"},\"thumbnailUrl\":\"https:\/\/urban-connect.com\/wp-content\/uploads\/2024\/01\/Wordpress-Thumbnailpng.png\",\"datePublished\":\"2023-08-28T16:53:00+00:00\",\"dateModified\":\"2024-07-25T20:59:04+00:00\",\"breadcrumb\":{\"@id\":\"https:\/\/urban-connect.com\/fr\/news\/digital-switzerland-bilanz-judith-haberli-nommee-parmi-le-top-100-digital-shapers-2023\/#breadcrumb\"},\"inLanguage\":\"fr-FR\",\"potentialAction\":[{\"@type\":\"ReadAction\",\"target\":[\"https:\/\/urban-connect.com\/fr\/news\/digital-switzerland-bilanz-judith-haberli-nommee-parmi-le-top-100-digital-shapers-2023\/\"]}]},{\"@type\":\"ImageObject\",\"inLanguage\":\"fr-FR\",\"@id\":\"https:\/\/urban-connect.com\/fr\/news\/digital-switzerland-bilanz-judith-haberli-nommee-parmi-le-top-100-digital-shapers-2023\/#primaryimage\",\"url\":\"https:\/\/urban-connect.com\/wp-content\/uploads\/2024\/01\/Wordpress-Thumbnailpng.png\",\"contentUrl\":\"https:\/\/urban-connect.com\/wp-content\/uploads\/2024\/01\/Wordpress-Thumbnailpng.png\",\"width\":900,\"height\":600,\"caption\":\"Digital Shapers 2023\"},{\"@type\":\"BreadcrumbList\",\"@id\":\"https:\/\/urban-connect.com\/fr\/news\/digital-switzerland-bilanz-judith-haberli-nommee-parmi-le-top-100-digital-shapers-2023\/#breadcrumb\",\"itemListElement\":[{\"@type\":\"ListItem\",\"position\":1,\"name\":\"Home\",\"item\":\"https:\/\/urban-connect.com\/fr\/\"},{\"@type\":\"ListItem\",\"position\":2,\"name\":\"Digital Switzerland &amp; BILANZ : Judith H\u00e4berli nomm\u00e9e parmi le Top 100 Digital Shapers 2023\"}]},{\"@type\":\"WebSite\",\"@id\":\"https:\/\/urban-connect.com\/fr\/#website\",\"url\":\"https:\/\/urban-connect.com\/fr\/\",\"name\":\"Urban Connect\",\"description\":\"\",\"potentialAction\":[{\"@type\":\"SearchAction\",\"target\":{\"@type\":\"EntryPoint\",\"urlTemplate\":\"https:\/\/urban-connect.com\/fr\/?s={search_term_string}\"},\"query-input\":\"required name=search_term_string\"}],\"inLanguage\":\"fr-FR\"}]}<\/script>\n<!-- \/ Yoast SEO plugin. -->","yoast_head_json":{"title":"Digital Switzerland &amp; BILANZ : Judith H\u00e4berli nomm\u00e9e parmi le Top 100 Digital Shapers 2023 - Urban Connect","robots":{"index":"index","follow":"follow","max-snippet":"max-snippet:-1","max-image-preview":"max-image-preview:large","max-video-preview":"max-video-preview:-1"},"canonical":"https:\/\/urban-connect.com\/fr\/news\/digital-switzerland-bilanz-judith-haberli-nommee-parmi-le-top-100-digital-shapers-2023\/","og_locale":"fr_FR","og_type":"article","og_title":"Digital Switzerland &amp; BILANZ : Judith H\u00e4berli nomm\u00e9e parmi le Top 100 Digital Shapers 2023 - Urban Connect","og_description":"Pour la huiti\u00e8me ann\u00e9e cons\u00e9cutive, BILANZ a annonc\u00e9 sa s\u00e9lection des 100 personnes les plus influentes dans le domaine de la num\u00e9risation en Suisse. La cofondatrice et directrice des op\u00e9rations d\u2019Urban Connect, Judith H\u00e4berli, figure dans cette liste parmi les 10 mobilisateurs cl\u00e9s, qui font entrer la mobilit\u00e9 dans l\u2019\u00e8re num\u00e9rique. Qu\u2019est-ce qu\u2019un Digital Shaper? [&hellip;]","og_url":"https:\/\/urban-connect.com\/fr\/news\/digital-switzerland-bilanz-judith-haberli-nommee-parmi-le-top-100-digital-shapers-2023\/","og_site_name":"Urban Connect","article_modified_time":"2024-07-25T20:59:04+00:00","og_image":[{"width":900,"height":600,"url":"https:\/\/urban-connect.com\/wp-content\/uploads\/2024\/01\/Wordpress-Thumbnailpng.png","type":"image\/png"}],"twitter_card":"summary_large_image","twitter_misc":{"Dur\u00e9e de lecture estim\u00e9e":"3 minutes"},"schema":{"@context":"https:\/\/schema.org","@graph":[{"@type":"WebPage","@id":"https:\/\/urban-connect.com\/fr\/news\/digital-switzerland-bilanz-judith-haberli-nommee-parmi-le-top-100-digital-shapers-2023\/","url":"https:\/\/urban-connect.com\/fr\/news\/digital-switzerland-bilanz-judith-haberli-nommee-parmi-le-top-100-digital-shapers-2023\/","name":"Digital Switzerland &amp; BILANZ : Judith H\u00e4berli nomm\u00e9e parmi le Top 100 Digital Shapers 2023 - Urban Connect","isPartOf":{"@id":"https:\/\/urban-connect.com\/fr\/#website"},"primaryImageOfPage":{"@id":"https:\/\/urban-connect.com\/fr\/news\/digital-switzerland-bilanz-judith-haberli-nommee-parmi-le-top-100-digital-shapers-2023\/#primaryimage"},"image":{"@id":"https:\/\/urban-connect.com\/fr\/news\/digital-switzerland-bilanz-judith-haberli-nommee-parmi-le-top-100-digital-shapers-2023\/#primaryimage"},"thumbnailUrl":"https:\/\/urban-connect.com\/wp-content\/uploads\/2024\/01\/Wordpress-Thumbnailpng.png","datePublished":"2023-08-28T16:53:00+00:00","dateModified":"2024-07-25T20:59:04+00:00","breadcrumb":{"@id":"https:\/\/urban-connect.com\/fr\/news\/digital-switzerland-bilanz-judith-haberli-nommee-parmi-le-top-100-digital-shapers-2023\/#breadcrumb"},"inLanguage":"fr-FR","potentialAction":[{"@type":"ReadAction","target":["https:\/\/urban-connect.com\/fr\/news\/digital-switzerland-bilanz-judith-haberli-nommee-parmi-le-top-100-digital-shapers-2023\/"]}]},{"@type":"ImageObject","inLanguage":"fr-FR","@id":"https:\/\/urban-connect.com\/fr\/news\/digital-switzerland-bilanz-judith-haberli-nommee-parmi-le-top-100-digital-shapers-2023\/#primaryimage","url":"https:\/\/urban-connect.com\/wp-content\/uploads\/2024\/01\/Wordpress-Thumbnailpng.png","contentUrl":"https:\/\/urban-connect.com\/wp-content\/uploads\/2024\/01\/Wordpress-Thumbnailpng.png","width":900,"height":600,"caption":"Digital Shapers 2023"},{"@type":"BreadcrumbList","@id":"https:\/\/urban-connect.com\/fr\/news\/digital-switzerland-bilanz-judith-haberli-nommee-parmi-le-top-100-digital-shapers-2023\/#breadcrumb","itemListElement":[{"@type":"ListItem","position":1,"name":"Home","item":"https:\/\/urban-connect.com\/fr\/"},{"@type":"ListItem","position":2,"name":"Digital Switzerland &amp; BILANZ : Judith H\u00e4berli nomm\u00e9e parmi le Top 100 Digital Shapers 2023"}]},{"@type":"WebSite","@id":"https:\/\/urban-connect.com\/fr\/#website","url":"https:\/\/urban-connect.com\/fr\/","name":"Urban Connect","description":"","potentialAction":[{"@type":"SearchAction","target":{"@type":"EntryPoint","urlTemplate":"https:\/\/urban-connect.com\/fr\/?s={search_term_string}"},"query-input":"required name=search_term_string"}],"inLanguage":"fr-FR"}]}},"_links":{"self":[{"href":"https:\/\/urban-connect.com\/fr\/wp-json\/wp\/v2\/news\/4943","targetHints":{"allow":["GET"]}}],"collection":[{"href":"https:\/\/urban-connect.com\/fr\/wp-json\/wp\/v2\/news"}],"about":[{"href":"https:\/\/urban-connect.com\/fr\/wp-json\/wp\/v2\/types\/news"}],"wp:featuredmedia":[{"embeddable":true,"href":"https:\/\/urban-connect.com\/fr\/wp-json\/wp\/v2\/media\/4860"}],"wp:attachment":[{"href":"https:\/\/urban-connect.com\/fr\/wp-json\/wp\/v2\/media?parent=4943"}],"wp:term":[{"taxonomy":"news_category","embeddable":true,"href":"https:\/\/urban-connect.com\/fr\/wp-json\/wp\/v2\/news_category?post=4943"}],"curies":[{"name":"wp","href":"https:\/\/api.w.org\/{rel}","templated":true}]}}