{"id":4940,"date":"2024-05-13T14:36:02","date_gmt":"2024-05-13T14:36:02","guid":{"rendered":"https:\/\/urban-connect.com\/news\/bike-to-work-challenge-improve-employee-health-and-increase-corporate-benefit\/"},"modified":"2025-01-27T09:56:30","modified_gmt":"2025-01-27T09:56:30","slug":"le-defi-du-velo-au-travail-ameliorer-la-sante-des-employes-et-accroitre-les-benefices-pour-lentreprise","status":"publish","type":"news","link":"https:\/\/urban-connect.com\/fr\/news\/le-defi-du-velo-au-travail-ameliorer-la-sante-des-employes-et-accroitre-les-benefices-pour-lentreprise\/","title":{"rendered":"Le d\u00e9fi du v\u00e9lo au travail : am\u00e9liorer la sant\u00e9 des employ\u00e9s et accro\u00eetre les b\u00e9n\u00e9fices pour l&rsquo;entreprise"},"content":{"rendered":"\n<p>La plus grande campagne d&rsquo;entreprise de Suisse pour la promotion du v\u00e9lo est de nouveau en cours. En mai et juin, plus de 3&rsquo;000 entreprises et 100&rsquo;000 employ\u00e9s participent \u00e0 une comp\u00e9tition amusante visant \u00e0 promouvoir la sant\u00e9 des employ\u00e9s et la mobilit\u00e9 \u00e0 faible \u00e9mission de carbone.<\/p>\n\n\n\n<p>La campagne est plus pertinente que jamais. En Suisse, l&rsquo;automobile reste le moyen de transport le plus utilis\u00e9 pour les d\u00e9placements domicile-travail, avec plus de 50 % des trajets quotidiens effectu\u00e9s en voiture, contre moins de 10 % pour les (e-)v\u00e9los (voir graphique 1). En fait, m\u00eame pour les trajets tr\u00e8s courts de 1 \u00e0 5 km, 44 % des personnes pr\u00e9f\u00e8rent encore prendre leur voiture plut\u00f4t que d&rsquo;utiliser une autre solution. On peut donc se demander comment les entreprises peuvent promouvoir des options de mobilit\u00e9 \u00e0 faible \u00e9mission de carbone comme le (e-)v\u00e9lo.<\/p>\n\n\n\n<figure class=\"wp-block-image size-large\"><img loading=\"lazy\" decoding=\"async\" width=\"1024\" height=\"497\" data-src=\"https:\/\/urban-connect.com\/wp-content\/uploads\/2024\/05\/Bike_Benefits_Chart1-1-1024x497.png\" alt=\"\" class=\"wp-image-4620 lazyload\" data-srcset=\"https:\/\/urban-connect.com\/wp-content\/uploads\/2024\/05\/Bike_Benefits_Chart1-1-1024x497.png 1024w, https:\/\/urban-connect.com\/wp-content\/uploads\/2024\/05\/Bike_Benefits_Chart1-1-300x146.png 300w, https:\/\/urban-connect.com\/wp-content\/uploads\/2024\/05\/Bike_Benefits_Chart1-1-768x373.png 768w, https:\/\/urban-connect.com\/wp-content\/uploads\/2024\/05\/Bike_Benefits_Chart1-1.png 1360w\" data-sizes=\"auto, (max-width: 1024px) 100vw, 1024px\" src=\"data:image\/gif;base64,R0lGODlhAQABAAAAACH5BAEKAAEALAAAAAABAAEAAAICTAEAOw==\" style=\"--smush-placeholder-width: 1024px; --smush-placeholder-aspect-ratio: 1024\/497;\" \/><noscript><img loading=\"lazy\" decoding=\"async\" width=\"1024\" height=\"497\" src=\"https:\/\/urban-connect.com\/wp-content\/uploads\/2024\/05\/Bike_Benefits_Chart1-1-1024x497.png\" alt=\"\" class=\"wp-image-4620\" srcset=\"https:\/\/urban-connect.com\/wp-content\/uploads\/2024\/05\/Bike_Benefits_Chart1-1-1024x497.png 1024w, https:\/\/urban-connect.com\/wp-content\/uploads\/2024\/05\/Bike_Benefits_Chart1-1-300x146.png 300w, https:\/\/urban-connect.com\/wp-content\/uploads\/2024\/05\/Bike_Benefits_Chart1-1-768x373.png 768w, https:\/\/urban-connect.com\/wp-content\/uploads\/2024\/05\/Bike_Benefits_Chart1-1.png 1360w\" sizes=\"auto, (max-width: 1024px) 100vw, 1024px\" \/><\/noscript><\/figure>\n\n\n\n<p><em>\u202fGraphique 1 : L&rsquo;utilisation dominante de la voiture \u00e9vince les autres modes de transport en Suisse<\/em><\/p>\n\n\n\n<p><\/p>\n\n\n\n<p>Int\u00e9ress\u00e9 par comment une flotte de v\u00e9los \u00e9lectriques peut b\u00e9n\u00e9ficier votre entreprise? Remplissez le formulaire ci-dessous et recevez le livre blanc complet dans votre bo\u00eete mail! <\/p>\n\n\n\n<script charset=\"utf-8\" type=\"text\/javascript\" src=\"\/\/js.hsforms.net\/forms\/embed\/v2.js\"><\/script>\n<script>\n  hbspt.forms.create({\n    portalId: \"4873065\",\n    formId: \"47f60285-56cd-4a3b-92bb-805c111c9d73\"\n  });\n<\/script>\n\n\n\n<p><br><br><\/p>\n\n\n        <section class=\"author-block\">\n            <div class=\"container\">\n                <div class=\"left-side\">\n                    <h6 class=\"name\">Kathrin Siller<\/h6>\n                    <span class=\"position\">Corporate Partnerships<\/span>\n                <\/div>\n                <div class=\"right-side\">\n                                            <img decoding=\"async\" \n                        class=\"image lazyload\" data-src=\"https:\/\/urban-connect.com\/wp-content\/uploads\/2024\/05\/Kathrin-1-1024x1024.jpg\"\n                        data-srcset=\"https:\/\/urban-connect.com\/wp-content\/uploads\/2024\/05\/Kathrin-1-1024x1024.jpg 1024w, https:\/\/urban-connect.com\/wp-content\/uploads\/2024\/05\/Kathrin-1-300x300.jpg 300w, https:\/\/urban-connect.com\/wp-content\/uploads\/2024\/05\/Kathrin-1-150x150.jpg 150w, https:\/\/urban-connect.com\/wp-content\/uploads\/2024\/05\/Kathrin-1-768x768.jpg 768w, https:\/\/urban-connect.com\/wp-content\/uploads\/2024\/05\/Kathrin-1-1080x1080.jpg 1080w, https:\/\/urban-connect.com\/wp-content\/uploads\/2024\/05\/Kathrin-1.jpg 1250w\"\n                        data-sizes=\"(max-width: 1024px) 100vw, 1024px\"\n                        alt=\"Chart Image\"\n                         src=\"data:image\/gif;base64,R0lGODlhAQABAAAAACH5BAEKAAEALAAAAAABAAEAAAICTAEAOw==\" style=\"--smush-placeholder-width: 1024px; --smush-placeholder-aspect-ratio: 1024\/1024;\"><noscript><img decoding=\"async\" \n                        class=\"image\" src=\"https:\/\/urban-connect.com\/wp-content\/uploads\/2024\/05\/Kathrin-1-1024x1024.jpg\"\n                        srcset=\"https:\/\/urban-connect.com\/wp-content\/uploads\/2024\/05\/Kathrin-1-1024x1024.jpg 1024w, https:\/\/urban-connect.com\/wp-content\/uploads\/2024\/05\/Kathrin-1-300x300.jpg 300w, https:\/\/urban-connect.com\/wp-content\/uploads\/2024\/05\/Kathrin-1-150x150.jpg 150w, https:\/\/urban-connect.com\/wp-content\/uploads\/2024\/05\/Kathrin-1-768x768.jpg 768w, https:\/\/urban-connect.com\/wp-content\/uploads\/2024\/05\/Kathrin-1-1080x1080.jpg 1080w, https:\/\/urban-connect.com\/wp-content\/uploads\/2024\/05\/Kathrin-1.jpg 1250w\"\n                        sizes=\"(max-width: 1024px) 100vw, 1024px\"\n                        alt=\"Chart Image\"\n                        ><\/noscript>\n                                        <\/div>\n            <\/div>\n        <\/section>\n        ","protected":false},"excerpt":{"rendered":"<p>La plus grande campagne d&rsquo;entreprise de Suisse pour la promotion du v\u00e9lo est de nouveau en cours. En mai et juin, plus de 3&rsquo;000 entreprises et 100&rsquo;000 employ\u00e9s participent \u00e0 une comp\u00e9tition amusante visant \u00e0 promouvoir la sant\u00e9 des employ\u00e9s et la mobilit\u00e9 \u00e0 faible \u00e9mission de carbone. La campagne est plus pertinente que jamais. [&hellip;]<\/p>\n","protected":false},"featured_media":4942,"parent":0,"template":"","news_category":[34],"class_list":["post-4940","news","type-news","status-publish","has-post-thumbnail","hentry","news_category-livres-blancs"],"acf":[],"yoast_head":"<!-- This site is optimized with the Yoast SEO plugin v23.2 - https:\/\/yoast.com\/wordpress\/plugins\/seo\/ -->\n<title>Le d\u00e9fi du v\u00e9lo au travail : am\u00e9liorer la sant\u00e9 des employ\u00e9s et accro\u00eetre les b\u00e9n\u00e9fices pour l&#039;entreprise - Urban Connect<\/title>\n<meta name=\"robots\" content=\"index, follow, max-snippet:-1, max-image-preview:large, max-video-preview:-1\" \/>\n<link rel=\"canonical\" href=\"https:\/\/urban-connect.com\/fr\/news\/le-defi-du-velo-au-travail-ameliorer-la-sante-des-employes-et-accroitre-les-benefices-pour-lentreprise\/\" \/>\n<meta property=\"og:locale\" content=\"fr_FR\" \/>\n<meta property=\"og:type\" content=\"article\" \/>\n<meta property=\"og:title\" content=\"Le d\u00e9fi du v\u00e9lo au travail : am\u00e9liorer la sant\u00e9 des employ\u00e9s et accro\u00eetre les b\u00e9n\u00e9fices pour l&#039;entreprise - Urban Connect\" \/>\n<meta property=\"og:description\" content=\"La plus grande campagne d&rsquo;entreprise de Suisse pour la promotion du v\u00e9lo est de nouveau en cours. En mai et juin, plus de 3&rsquo;000 entreprises et 100&rsquo;000 employ\u00e9s participent \u00e0 une comp\u00e9tition amusante visant \u00e0 promouvoir la sant\u00e9 des employ\u00e9s et la mobilit\u00e9 \u00e0 faible \u00e9mission de carbone. La campagne est plus pertinente que jamais. [&hellip;]\" \/>\n<meta property=\"og:url\" content=\"https:\/\/urban-connect.com\/fr\/news\/le-defi-du-velo-au-travail-ameliorer-la-sante-des-employes-et-accroitre-les-benefices-pour-lentreprise\/\" \/>\n<meta property=\"og:site_name\" content=\"Urban Connect\" \/>\n<meta property=\"article:modified_time\" content=\"2025-01-27T09:56:30+00:00\" \/>\n<meta property=\"og:image\" content=\"https:\/\/urban-connect.com\/wp-content\/uploads\/2024\/05\/Bike_Work_Article.jpg\" \/>\n\t<meta property=\"og:image:width\" content=\"1270\" \/>\n\t<meta property=\"og:image:height\" content=\"844\" \/>\n\t<meta property=\"og:image:type\" content=\"image\/jpeg\" \/>\n<meta name=\"twitter:card\" content=\"summary_large_image\" \/>\n<meta name=\"twitter:label1\" content=\"Dur\u00e9e de lecture estim\u00e9e\" \/>\n\t<meta name=\"twitter:data1\" content=\"2 minutes\" \/>\n<script type=\"application\/ld+json\" class=\"yoast-schema-graph\">{\"@context\":\"https:\/\/schema.org\",\"@graph\":[{\"@type\":\"WebPage\",\"@id\":\"https:\/\/urban-connect.com\/fr\/news\/le-defi-du-velo-au-travail-ameliorer-la-sante-des-employes-et-accroitre-les-benefices-pour-lentreprise\/\",\"url\":\"https:\/\/urban-connect.com\/fr\/news\/le-defi-du-velo-au-travail-ameliorer-la-sante-des-employes-et-accroitre-les-benefices-pour-lentreprise\/\",\"name\":\"Le d\u00e9fi du v\u00e9lo au travail : am\u00e9liorer la sant\u00e9 des employ\u00e9s et accro\u00eetre les b\u00e9n\u00e9fices pour l'entreprise - Urban Connect\",\"isPartOf\":{\"@id\":\"https:\/\/urban-connect.com\/fr\/#website\"},\"primaryImageOfPage\":{\"@id\":\"https:\/\/urban-connect.com\/fr\/news\/le-defi-du-velo-au-travail-ameliorer-la-sante-des-employes-et-accroitre-les-benefices-pour-lentreprise\/#primaryimage\"},\"image\":{\"@id\":\"https:\/\/urban-connect.com\/fr\/news\/le-defi-du-velo-au-travail-ameliorer-la-sante-des-employes-et-accroitre-les-benefices-pour-lentreprise\/#primaryimage\"},\"thumbnailUrl\":\"https:\/\/urban-connect.com\/wp-content\/uploads\/2024\/05\/Bike_Work_Article.jpg\",\"datePublished\":\"2024-05-13T14:36:02+00:00\",\"dateModified\":\"2025-01-27T09:56:30+00:00\",\"breadcrumb\":{\"@id\":\"https:\/\/urban-connect.com\/fr\/news\/le-defi-du-velo-au-travail-ameliorer-la-sante-des-employes-et-accroitre-les-benefices-pour-lentreprise\/#breadcrumb\"},\"inLanguage\":\"fr-FR\",\"potentialAction\":[{\"@type\":\"ReadAction\",\"target\":[\"https:\/\/urban-connect.com\/fr\/news\/le-defi-du-velo-au-travail-ameliorer-la-sante-des-employes-et-accroitre-les-benefices-pour-lentreprise\/\"]}]},{\"@type\":\"ImageObject\",\"inLanguage\":\"fr-FR\",\"@id\":\"https:\/\/urban-connect.com\/fr\/news\/le-defi-du-velo-au-travail-ameliorer-la-sante-des-employes-et-accroitre-les-benefices-pour-lentreprise\/#primaryimage\",\"url\":\"https:\/\/urban-connect.com\/wp-content\/uploads\/2024\/05\/Bike_Work_Article.jpg\",\"contentUrl\":\"https:\/\/urban-connect.com\/wp-content\/uploads\/2024\/05\/Bike_Work_Article.jpg\",\"width\":1270,\"height\":844,\"caption\":\"Bike_Work_Article\"},{\"@type\":\"BreadcrumbList\",\"@id\":\"https:\/\/urban-connect.com\/fr\/news\/le-defi-du-velo-au-travail-ameliorer-la-sante-des-employes-et-accroitre-les-benefices-pour-lentreprise\/#breadcrumb\",\"itemListElement\":[{\"@type\":\"ListItem\",\"position\":1,\"name\":\"Home\",\"item\":\"https:\/\/urban-connect.com\/fr\/\"},{\"@type\":\"ListItem\",\"position\":2,\"name\":\"Le d\u00e9fi du v\u00e9lo au travail : am\u00e9liorer la sant\u00e9 des employ\u00e9s et accro\u00eetre les b\u00e9n\u00e9fices pour l&#8217;entreprise\"}]},{\"@type\":\"WebSite\",\"@id\":\"https:\/\/urban-connect.com\/fr\/#website\",\"url\":\"https:\/\/urban-connect.com\/fr\/\",\"name\":\"Urban Connect\",\"description\":\"\",\"potentialAction\":[{\"@type\":\"SearchAction\",\"target\":{\"@type\":\"EntryPoint\",\"urlTemplate\":\"https:\/\/urban-connect.com\/fr\/?s={search_term_string}\"},\"query-input\":\"required name=search_term_string\"}],\"inLanguage\":\"fr-FR\"}]}<\/script>\n<!-- \/ Yoast SEO plugin. -->","yoast_head_json":{"title":"Le d\u00e9fi du v\u00e9lo au travail : am\u00e9liorer la sant\u00e9 des employ\u00e9s et accro\u00eetre les b\u00e9n\u00e9fices pour l'entreprise - Urban Connect","robots":{"index":"index","follow":"follow","max-snippet":"max-snippet:-1","max-image-preview":"max-image-preview:large","max-video-preview":"max-video-preview:-1"},"canonical":"https:\/\/urban-connect.com\/fr\/news\/le-defi-du-velo-au-travail-ameliorer-la-sante-des-employes-et-accroitre-les-benefices-pour-lentreprise\/","og_locale":"fr_FR","og_type":"article","og_title":"Le d\u00e9fi du v\u00e9lo au travail : am\u00e9liorer la sant\u00e9 des employ\u00e9s et accro\u00eetre les b\u00e9n\u00e9fices pour l'entreprise - Urban Connect","og_description":"La plus grande campagne d&rsquo;entreprise de Suisse pour la promotion du v\u00e9lo est de nouveau en cours. En mai et juin, plus de 3&rsquo;000 entreprises et 100&rsquo;000 employ\u00e9s participent \u00e0 une comp\u00e9tition amusante visant \u00e0 promouvoir la sant\u00e9 des employ\u00e9s et la mobilit\u00e9 \u00e0 faible \u00e9mission de carbone. La campagne est plus pertinente que jamais. [&hellip;]","og_url":"https:\/\/urban-connect.com\/fr\/news\/le-defi-du-velo-au-travail-ameliorer-la-sante-des-employes-et-accroitre-les-benefices-pour-lentreprise\/","og_site_name":"Urban Connect","article_modified_time":"2025-01-27T09:56:30+00:00","og_image":[{"width":1270,"height":844,"url":"https:\/\/urban-connect.com\/wp-content\/uploads\/2024\/05\/Bike_Work_Article.jpg","type":"image\/jpeg"}],"twitter_card":"summary_large_image","twitter_misc":{"Dur\u00e9e de lecture estim\u00e9e":"2 minutes"},"schema":{"@context":"https:\/\/schema.org","@graph":[{"@type":"WebPage","@id":"https:\/\/urban-connect.com\/fr\/news\/le-defi-du-velo-au-travail-ameliorer-la-sante-des-employes-et-accroitre-les-benefices-pour-lentreprise\/","url":"https:\/\/urban-connect.com\/fr\/news\/le-defi-du-velo-au-travail-ameliorer-la-sante-des-employes-et-accroitre-les-benefices-pour-lentreprise\/","name":"Le d\u00e9fi du v\u00e9lo au travail : am\u00e9liorer la sant\u00e9 des employ\u00e9s et accro\u00eetre les b\u00e9n\u00e9fices pour l'entreprise - Urban Connect","isPartOf":{"@id":"https:\/\/urban-connect.com\/fr\/#website"},"primaryImageOfPage":{"@id":"https:\/\/urban-connect.com\/fr\/news\/le-defi-du-velo-au-travail-ameliorer-la-sante-des-employes-et-accroitre-les-benefices-pour-lentreprise\/#primaryimage"},"image":{"@id":"https:\/\/urban-connect.com\/fr\/news\/le-defi-du-velo-au-travail-ameliorer-la-sante-des-employes-et-accroitre-les-benefices-pour-lentreprise\/#primaryimage"},"thumbnailUrl":"https:\/\/urban-connect.com\/wp-content\/uploads\/2024\/05\/Bike_Work_Article.jpg","datePublished":"2024-05-13T14:36:02+00:00","dateModified":"2025-01-27T09:56:30+00:00","breadcrumb":{"@id":"https:\/\/urban-connect.com\/fr\/news\/le-defi-du-velo-au-travail-ameliorer-la-sante-des-employes-et-accroitre-les-benefices-pour-lentreprise\/#breadcrumb"},"inLanguage":"fr-FR","potentialAction":[{"@type":"ReadAction","target":["https:\/\/urban-connect.com\/fr\/news\/le-defi-du-velo-au-travail-ameliorer-la-sante-des-employes-et-accroitre-les-benefices-pour-lentreprise\/"]}]},{"@type":"ImageObject","inLanguage":"fr-FR","@id":"https:\/\/urban-connect.com\/fr\/news\/le-defi-du-velo-au-travail-ameliorer-la-sante-des-employes-et-accroitre-les-benefices-pour-lentreprise\/#primaryimage","url":"https:\/\/urban-connect.com\/wp-content\/uploads\/2024\/05\/Bike_Work_Article.jpg","contentUrl":"https:\/\/urban-connect.com\/wp-content\/uploads\/2024\/05\/Bike_Work_Article.jpg","width":1270,"height":844,"caption":"Bike_Work_Article"},{"@type":"BreadcrumbList","@id":"https:\/\/urban-connect.com\/fr\/news\/le-defi-du-velo-au-travail-ameliorer-la-sante-des-employes-et-accroitre-les-benefices-pour-lentreprise\/#breadcrumb","itemListElement":[{"@type":"ListItem","position":1,"name":"Home","item":"https:\/\/urban-connect.com\/fr\/"},{"@type":"ListItem","position":2,"name":"Le d\u00e9fi du v\u00e9lo au travail : am\u00e9liorer la sant\u00e9 des employ\u00e9s et accro\u00eetre les b\u00e9n\u00e9fices pour l&#8217;entreprise"}]},{"@type":"WebSite","@id":"https:\/\/urban-connect.com\/fr\/#website","url":"https:\/\/urban-connect.com\/fr\/","name":"Urban Connect","description":"","potentialAction":[{"@type":"SearchAction","target":{"@type":"EntryPoint","urlTemplate":"https:\/\/urban-connect.com\/fr\/?s={search_term_string}"},"query-input":"required name=search_term_string"}],"inLanguage":"fr-FR"}]}},"_links":{"self":[{"href":"https:\/\/urban-connect.com\/fr\/wp-json\/wp\/v2\/news\/4940","targetHints":{"allow":["GET"]}}],"collection":[{"href":"https:\/\/urban-connect.com\/fr\/wp-json\/wp\/v2\/news"}],"about":[{"href":"https:\/\/urban-connect.com\/fr\/wp-json\/wp\/v2\/types\/news"}],"wp:featuredmedia":[{"embeddable":true,"href":"https:\/\/urban-connect.com\/fr\/wp-json\/wp\/v2\/media\/4942"}],"wp:attachment":[{"href":"https:\/\/urban-connect.com\/fr\/wp-json\/wp\/v2\/media?parent=4940"}],"wp:term":[{"taxonomy":"news_category","embeddable":true,"href":"https:\/\/urban-connect.com\/fr\/wp-json\/wp\/v2\/news_category?post=4940"}],"curies":[{"name":"wp","href":"https:\/\/api.w.org\/{rel}","templated":true}]}}