{"id":7861,"date":"2026-01-26T16:53:21","date_gmt":"2026-01-26T16:53:21","guid":{"rendered":"https:\/\/urban-connect.com\/?post_type=news&#038;p=7861"},"modified":"2026-01-26T16:54:07","modified_gmt":"2026-01-26T16:54:07","slug":"geteilte-firmen-e-bikes-die-ihre-mitarbeitenden-lieben-werden","status":"publish","type":"news","link":"https:\/\/urban-connect.com\/de\/news\/geteilte-firmen-e-bikes-die-ihre-mitarbeitenden-lieben-werden\/","title":{"rendered":"Geteilte Firmen-E-Bikes, die Ihre Mitarbeitenden lieben werden\u00a0"},"content":{"rendered":"\n<p><em>Urban Connect und Riese &amp; M\u00fcller st\u00e4rken ihre Partnerschaft und unterst\u00fctzen damit Unternehmen dabei, ihren Mitarbeitern eine betriebliche Mobilit\u00e4t zu bieten, die ihnen wirklich begeistert. Basierend auf der preisgekr\u00f6nten digitalen Plattform von Urban Connect und den Premium-E-Bikes von Riese &amp; M\u00fcller bietet dieser Mobilit\u00e4tsservice den Mitarbeitenden einfachen Zugang zu einer erstklassigen Flotte geteilter E-Bikes f\u00fcr den Arbeitsweg. Gemeinsam machen Urban Connect und Riese &amp; M\u00fcller diesen beliebten Service f\u00fcr Unternehmen bereits ab CHF 1\u2019900 pro Monat und E-Bike-Flotte zug\u00e4nglich \u2013 nachhaltig, einfach und flexibel.\u00a0<\/em><\/p>\n\n\n\n<h2 class=\"wp-block-heading\"><strong><strong>Warum Riese &amp; M\u00fcller den Unterschied macht<\/strong>\u00a0<\/strong><\/h2>\n\n\n\n<p>Riese &amp; M\u00fcller ist ein Premium-E-Bike-Hersteller, der f\u00fcr erstklassige Ingenieurskunst, Innovation und kompromisslose Qualit\u00e4t bekannt ist. Seit \u00fcber 30 Jahren verbindet das deutsche Unternehmen Spitzentechnologie, Langlebigkeit und zeitloses Design, um sowohl im Alltag als auch im professionellen Einsatz herausragende Leistung zu liefern.&nbsp;<\/p>\n\n\n\n<p>Wenn E-Bikes t\u00e4glich von verschiedenen Fahrern und bei unterschiedlichsten Wetterbedingungen genutzt werden, ist diese hochwertige Technik entscheidend. Die legend\u00e4re Verarbeitungsqualit\u00e4t von Riese &amp; M\u00fcller bedeutet konstante Leistung, minimale Ausfallzeiten und ein Fahrgef\u00fchl, das zur regelm\u00e4ssigen Nutzung anregt \u2013 das Fundament erfolgreicher Firmenflotten-Programme. Mit einem starken Fokus auf Nachhaltigkeit und das Fahrerlebnis setzt Riese &amp; M\u00fcller den Massstab f\u00fcr Premium-Elektromobilit\u00e4t im st\u00e4dtischen Raum.&nbsp;<\/p>\n\n\n\n<p>Durch ihre Zusammenarbeit wollen Urban Connect und Riese &amp; M\u00fcller die betriebliche Mobilit\u00e4t neu gestalten, indem sie Mitarbeitenden zus\u00e4tzliche Optionen f\u00fcr den Arbeitsweg bieten und gleichzeitig die Umweltbelastung reduzieren. Aufbauend auf dieser Partnerschaft und den gemeinsamen Ambitionen schaffen die kollaborativen E-Bike-Flotten klare Vorteile f\u00fcr Arbeitgeber und Arbeitnehmer.&nbsp;<\/p>\n\n\n\n<figure class=\"wp-block-image size-large\"><img loading=\"lazy\" decoding=\"async\" width=\"1024\" height=\"683\" data-src=\"https:\/\/urban-connect.com\/wp-content\/uploads\/2026\/01\/250617_SBB_Urbanconnect-4883-1-1024x683.jpg\" alt=\"\" class=\"wp-image-7862 lazyload\" data-srcset=\"https:\/\/urban-connect.com\/wp-content\/uploads\/2026\/01\/250617_SBB_Urbanconnect-4883-1-1024x683.jpg 1024w, https:\/\/urban-connect.com\/wp-content\/uploads\/2026\/01\/250617_SBB_Urbanconnect-4883-1-300x200.jpg 300w, https:\/\/urban-connect.com\/wp-content\/uploads\/2026\/01\/250617_SBB_Urbanconnect-4883-1-768x512.jpg 768w, https:\/\/urban-connect.com\/wp-content\/uploads\/2026\/01\/250617_SBB_Urbanconnect-4883-1-1536x1024.jpg 1536w, https:\/\/urban-connect.com\/wp-content\/uploads\/2026\/01\/250617_SBB_Urbanconnect-4883-1-2048x1365.jpg 2048w, https:\/\/urban-connect.com\/wp-content\/uploads\/2026\/01\/250617_SBB_Urbanconnect-4883-1-1620x1080.jpg 1620w\" data-sizes=\"auto, (max-width: 1024px) 100vw, 1024px\" src=\"data:image\/gif;base64,R0lGODlhAQABAAAAACH5BAEKAAEALAAAAAABAAEAAAICTAEAOw==\" style=\"--smush-placeholder-width: 1024px; --smush-placeholder-aspect-ratio: 1024\/683;\" \/><noscript><img loading=\"lazy\" decoding=\"async\" width=\"1024\" height=\"683\" src=\"https:\/\/urban-connect.com\/wp-content\/uploads\/2026\/01\/250617_SBB_Urbanconnect-4883-1-1024x683.jpg\" alt=\"\" class=\"wp-image-7862\" srcset=\"https:\/\/urban-connect.com\/wp-content\/uploads\/2026\/01\/250617_SBB_Urbanconnect-4883-1-1024x683.jpg 1024w, https:\/\/urban-connect.com\/wp-content\/uploads\/2026\/01\/250617_SBB_Urbanconnect-4883-1-300x200.jpg 300w, https:\/\/urban-connect.com\/wp-content\/uploads\/2026\/01\/250617_SBB_Urbanconnect-4883-1-768x512.jpg 768w, https:\/\/urban-connect.com\/wp-content\/uploads\/2026\/01\/250617_SBB_Urbanconnect-4883-1-1536x1024.jpg 1536w, https:\/\/urban-connect.com\/wp-content\/uploads\/2026\/01\/250617_SBB_Urbanconnect-4883-1-2048x1365.jpg 2048w, https:\/\/urban-connect.com\/wp-content\/uploads\/2026\/01\/250617_SBB_Urbanconnect-4883-1-1620x1080.jpg 1620w\" sizes=\"auto, (max-width: 1024px) 100vw, 1024px\" \/><\/noscript><\/figure>\n\n\n\n<h2 class=\"wp-block-heading\"><strong><strong>Mitarbeitende sind die\u00a0gr\u00f6ssten\u00a0Nutzniesser\u00a0einer E-Bike-Sharing-Flotte<\/strong><\/strong><\/h2>\n\n\n\n<p>Eine betriebliche E-Bike-Sharing-Flotte entfaltet ihre\u00a0gr\u00f6sste\u00a0Wirkung dort, wo es am meisten z\u00e4hlt: bei den Mitarbeitenden. Indem aktive Mobilit\u00e4t zu einer einfachen, allt\u00e4glichen Option gemacht wird, f\u00f6rdern geteilte E-Bikes sowohl das k\u00f6rperliche als auch das geistige Wohlbefinden und f\u00fcgen sich nahtlos in den hektischen Arbeitsalltag ein. Schon kurze,\u00a0regelm\u00e4ssige\u00a0Fahrten k\u00f6nnen einen bedeutenden Unterschied machen \u2013 ohne dass daf\u00fcr ein hohes Fitnesslevel oder\u00a0grosse\u00a0Lebensstil\u00e4nderungen n\u00f6tig sind.\u00a0<\/p>\n\n\n\n<p><strong>Die wichtigsten Vorteile f\u00fcr Mitarbeitende sind:<\/strong>&nbsp;<\/p>\n\n\n\n<ul class=\"wp-block-list\">\n<li><strong>Bessere k\u00f6rperliche Gesundheit:\u00a0<\/strong>Regelm\u00e4ssiges Radfahren f\u00f6rdert die Bewegung, st\u00e4rkt das Herz-Kreislauf-System und kann das Risiko und die Schwere ernsthafter Erkrankungen verringern \u2013 auch bei Unterst\u00fctzung durch den E-Motor.\u00a0<\/li>\n<\/ul>\n\n\n\n<ul class=\"wp-block-list\">\n<li><strong>Gesteigerte kognitive Leistung:\u00a0<\/strong>Radfahren verbessert nachweislich das Ged\u00e4chtnis, die Konzentration, die Lerngeschwindigkeit und die Probleml\u00f6sungsf\u00e4higkeit, was Mitarbeitenden hilft, geistig fit zu bleiben.\u00a0<\/li>\n<\/ul>\n\n\n\n<ul class=\"wp-block-list\">\n<li><strong>H\u00f6heres psychisches Wohlbefinden:\u00a0<\/strong>Zeit auf dem Rad an der frischen Luft unterst\u00fctzt den Stressabbau, hebt die Stimmung und st\u00e4rkt die Resilienz in anspruchsvollen Arbeitsumgebungen.\u00a0<\/li>\n<\/ul>\n\n\n\n<ul class=\"wp-block-list\">\n<li><strong>Inklusiver Zugang zu aktiver Mobilit\u00e4t:\u00a0<\/strong>E-Bikes senken die Eintrittsh\u00fcrde und machen Radfahren unabh\u00e4ngig von Fitnesslevel, Alter oder Distanz zug\u00e4nglich.\u00a0<\/li>\n<\/ul>\n\n\n\n<p>Zusammen f\u00fchren diese Vorteile zu ges\u00fcnderen, fokussierteren und engagierteren Mitarbeitenden \u2013 was geteilte E-Bike-Flotten zu einer wirkungsvollen Investition in das Personal macht.&nbsp;<\/p>\n\n\n\n<h2 class=\"wp-block-heading\"><strong><strong>Unternehmen profitieren von ges\u00fcnderen, produktiveren und resilienteren Teams<\/strong>\u00a0<\/strong><\/h2>\n\n\n\n<p>Eine betriebliche E-Bike-Sharing-Flotte ist nicht nur ein Benefit f\u00fcr die Mitarbeitenden. Sie ist auch ein greifbarer Vorteil f\u00fcr das Unternehmen selbst. Durch die Erm\u00f6glichung aktiver E-Mobilit\u00e4t k\u00f6nnen Firmen die Produktivit\u00e4t steigern, indirekte Kosten senken und ihre Arbeitgebermarke st\u00e4rken, w\u00e4hrend sie gleichzeitig ihre Nachhaltigkeitsziele unterst\u00fctzen.&nbsp;<\/p>\n\n\n\n<p><strong>Die wichtigsten Vorteile f\u00fcr Unternehmen sind:<\/strong>&nbsp;<\/p>\n\n\n\n<ul class=\"wp-block-list\">\n<li><strong>H\u00f6here Arbeitgeberattraktivit\u00e4t und Mitarbeiterbindung:\u00a0<\/strong>Das Angebot geteilter E-Bikes signalisiert einen modernen, menschenzentrierten Arbeitsplatz und unterst\u00fctzt die Work-Life-Balance.\u00a0<\/li>\n<\/ul>\n\n\n\n<ul class=\"wp-block-list\">\n<li><strong>H\u00f6here Produktivit\u00e4t und Leistung:\u00a0<\/strong>Ges\u00fcndere, k\u00f6rperlich aktivere Mitarbeitende sind tendenziell fokussierter, belastbarer und kognitiv leistungsf\u00e4higer bei der Arbeit.\u00a0<\/li>\n<\/ul>\n\n\n\n<ul class=\"wp-block-list\">\n<li><strong>Reduzierte Absenzen und gesundheitsbedingte Kosten:\u00a0<\/strong>Regelm\u00e4ssige k\u00f6rperliche Aktivit\u00e4t ist mit weniger Krankheitstagen und geringeren langfristigen Gesundheitsrisiken verbunden.\u00a0<\/li>\n<\/ul>\n\n\n\n<ul class=\"wp-block-list\">\n<li><strong>Effiziente und kosteng\u00fcnstige Mobilit\u00e4t:\u00a0<\/strong>E-Bikes sind eine kosteng\u00fcnstige Alternative f\u00fcr kurze Gesch\u00e4ftsfahrten und reduzieren die Abh\u00e4ngigkeit von Autos und Taxis.\u00a0<\/li>\n<\/ul>\n\n\n\n<ul class=\"wp-block-list\">\n<li><strong>Messbarer Einfluss auf die Nachhaltigkeit:\u00a0<\/strong>Die Verlagerung von Fahrten vom Auto auf das E-Bike reduziert direkt CO\u2082-Emissionen und hilft bei der Erreichung von ESG-Zielen.\u00a0<\/li>\n<\/ul>\n\n\n\n<p>Zusammenfassend macht E-Bike-Sharing die allt\u00e4gliche Mobilit\u00e4t zu einem strategischen Hebel \u2013 es verbessert die Leistung, senkt Kosten und baut eine widerstandsf\u00e4higere Organisation auf. Eine E-Bike-Flotte bildet einen zentralen Teil eines integrierten Mobilit\u00e4tssystems f\u00fcr Unternehmen. Eingebettet in eine umfassende Mobilit\u00e4tsl\u00f6sung erg\u00e4nzt sie bestehende&nbsp;Optionen wie den \u00f6ffentlichen Verkehr und Carsharing und schafft so nahtlose, multimodale Pendelwege f\u00fcr Mitarbeitende.&nbsp;<\/p>\n\n\n\n<figure class=\"wp-block-image size-large\"><img loading=\"lazy\" decoding=\"async\" width=\"1024\" height=\"683\" data-src=\"https:\/\/urban-connect.com\/wp-content\/uploads\/2026\/01\/250617_SBB_Urbanconnect-4943-1-1024x683.jpg\" alt=\"\" class=\"wp-image-7866 lazyload\" data-srcset=\"https:\/\/urban-connect.com\/wp-content\/uploads\/2026\/01\/250617_SBB_Urbanconnect-4943-1-1024x683.jpg 1024w, https:\/\/urban-connect.com\/wp-content\/uploads\/2026\/01\/250617_SBB_Urbanconnect-4943-1-300x200.jpg 300w, https:\/\/urban-connect.com\/wp-content\/uploads\/2026\/01\/250617_SBB_Urbanconnect-4943-1-768x512.jpg 768w, https:\/\/urban-connect.com\/wp-content\/uploads\/2026\/01\/250617_SBB_Urbanconnect-4943-1-1536x1024.jpg 1536w, https:\/\/urban-connect.com\/wp-content\/uploads\/2026\/01\/250617_SBB_Urbanconnect-4943-1-2048x1365.jpg 2048w, https:\/\/urban-connect.com\/wp-content\/uploads\/2026\/01\/250617_SBB_Urbanconnect-4943-1-1620x1080.jpg 1620w\" data-sizes=\"auto, (max-width: 1024px) 100vw, 1024px\" src=\"data:image\/gif;base64,R0lGODlhAQABAAAAACH5BAEKAAEALAAAAAABAAEAAAICTAEAOw==\" style=\"--smush-placeholder-width: 1024px; --smush-placeholder-aspect-ratio: 1024\/683;\" \/><noscript><img loading=\"lazy\" decoding=\"async\" width=\"1024\" height=\"683\" src=\"https:\/\/urban-connect.com\/wp-content\/uploads\/2026\/01\/250617_SBB_Urbanconnect-4943-1-1024x683.jpg\" alt=\"\" class=\"wp-image-7866\" srcset=\"https:\/\/urban-connect.com\/wp-content\/uploads\/2026\/01\/250617_SBB_Urbanconnect-4943-1-1024x683.jpg 1024w, https:\/\/urban-connect.com\/wp-content\/uploads\/2026\/01\/250617_SBB_Urbanconnect-4943-1-300x200.jpg 300w, https:\/\/urban-connect.com\/wp-content\/uploads\/2026\/01\/250617_SBB_Urbanconnect-4943-1-768x512.jpg 768w, https:\/\/urban-connect.com\/wp-content\/uploads\/2026\/01\/250617_SBB_Urbanconnect-4943-1-1536x1024.jpg 1536w, https:\/\/urban-connect.com\/wp-content\/uploads\/2026\/01\/250617_SBB_Urbanconnect-4943-1-2048x1365.jpg 2048w, https:\/\/urban-connect.com\/wp-content\/uploads\/2026\/01\/250617_SBB_Urbanconnect-4943-1-1620x1080.jpg 1620w\" sizes=\"auto, (max-width: 1024px) 100vw, 1024px\" \/><\/noscript><\/figure>\n\n\n\n<h2 class=\"wp-block-heading\"><strong>Eine bew\u00e4hrte L\u00f6sung, der \u00fcber 80 Schweizer Unternehmen vertrauen<\/strong>\u00a0<\/h2>\n\n\n\n<p>Der E-Bike-Service f\u00fcr Unternehmen von Urban Connect ist kein Experiment \u2013 er ist bew\u00e4hrt. Unsere Kunden bleiben bei uns, weil das Programm konsequent funktioniert: Premium-E-Bikes, die\u00a0Fahrspass\u00a0bieten, kombiniert mit einer Plattform, die so intuitiv ist, dass die Mitarbeitenden sie tats\u00e4chlich nutzen.<\/p>\n\n\n\n<p><strong>Bereit, mehr zu erfahren?<\/strong>\u00a0Lernen Sie die Teams von Riese &amp; M\u00fcller und Urban Connect auf dem f\u00fchrenden Schweizer Mobilit\u00e4tsevent,<strong>\u00a0<\/strong><a href=\"https:\/\/www.tickettailor.com\/events\/urbanconnect\/1909334\" target=\"_blank\" rel=\"noreferrer noopener\"><strong>Wheels and Wine<\/strong><\/a>, am 18. M\u00e4rz 2026 in Z\u00fcrich kennen!\u00a0<\/p>\n\n\n\n<p>Oder vereinbaren Sie ein kurzes Beratungsgespr\u00e4ch, um zu besprechen, wie unser bew\u00e4hrter E-Bike-Sharing-Service in Ihre betriebliche Mobilit\u00e4tsstrategie passt.&nbsp;<\/p>\n","protected":false},"excerpt":{"rendered":"<p>Urban Connect und Riese &amp; M\u00fcller st\u00e4rken ihre Partnerschaft und unterst\u00fctzen damit Unternehmen dabei, ihren Mitarbeitern eine betriebliche Mobilit\u00e4t zu bieten, die ihnen wirklich begeistert. Basierend auf der preisgekr\u00f6nten digitalen Plattform von Urban Connect und den Premium-E-Bikes von Riese &amp; M\u00fcller bietet dieser Mobilit\u00e4tsservice den Mitarbeitenden einfachen Zugang zu einer erstklassigen Flotte geteilter E-Bikes f\u00fcr [&hellip;]<\/p>\n","protected":false},"featured_media":7851,"parent":0,"template":"","news_category":[38],"class_list":["post-7861","news","type-news","status-publish","has-post-thumbnail","hentry","news_category-news-de"],"acf":[],"yoast_head":"<!-- This site is optimized with the Yoast SEO plugin v23.2 - https:\/\/yoast.com\/wordpress\/plugins\/seo\/ -->\n<title>Geteilte Firmen-E-Bikes, die Ihre Mitarbeitenden lieben werden\u00a0 - Urban Connect<\/title>\n<meta name=\"robots\" content=\"index, follow, max-snippet:-1, max-image-preview:large, max-video-preview:-1\" \/>\n<link rel=\"canonical\" href=\"https:\/\/urban-connect.com\/de\/news\/geteilte-firmen-e-bikes-die-ihre-mitarbeitenden-lieben-werden\/\" \/>\n<meta property=\"og:locale\" content=\"de_DE\" \/>\n<meta property=\"og:type\" content=\"article\" \/>\n<meta property=\"og:title\" content=\"Geteilte Firmen-E-Bikes, die Ihre Mitarbeitenden lieben werden\u00a0 - Urban Connect\" \/>\n<meta property=\"og:description\" content=\"Urban Connect und Riese &amp; M\u00fcller st\u00e4rken ihre Partnerschaft und unterst\u00fctzen damit Unternehmen dabei, ihren Mitarbeitern eine betriebliche Mobilit\u00e4t zu bieten, die ihnen wirklich begeistert. Basierend auf der preisgekr\u00f6nten digitalen Plattform von Urban Connect und den Premium-E-Bikes von Riese &amp; M\u00fcller bietet dieser Mobilit\u00e4tsservice den Mitarbeitenden einfachen Zugang zu einer erstklassigen Flotte geteilter E-Bikes f\u00fcr [&hellip;]\" \/>\n<meta property=\"og:url\" content=\"https:\/\/urban-connect.com\/de\/news\/geteilte-firmen-e-bikes-die-ihre-mitarbeitenden-lieben-werden\/\" \/>\n<meta property=\"og:site_name\" content=\"Urban Connect\" \/>\n<meta property=\"article:modified_time\" content=\"2026-01-26T16:54:07+00:00\" \/>\n<meta property=\"og:image\" content=\"https:\/\/urban-connect.com\/wp-content\/uploads\/2026\/01\/UCxRM_cover-1024x578.png\" \/>\n\t<meta property=\"og:image:width\" content=\"1024\" \/>\n\t<meta property=\"og:image:height\" content=\"578\" \/>\n\t<meta property=\"og:image:type\" content=\"image\/png\" \/>\n<meta name=\"twitter:card\" content=\"summary_large_image\" \/>\n<meta name=\"twitter:label1\" content=\"Gesch\u00e4tzte Lesezeit\" \/>\n\t<meta name=\"twitter:data1\" content=\"4\u00a0Minuten\" \/>\n<script type=\"application\/ld+json\" class=\"yoast-schema-graph\">{\"@context\":\"https:\/\/schema.org\",\"@graph\":[{\"@type\":\"WebPage\",\"@id\":\"https:\/\/urban-connect.com\/de\/news\/geteilte-firmen-e-bikes-die-ihre-mitarbeitenden-lieben-werden\/\",\"url\":\"https:\/\/urban-connect.com\/de\/news\/geteilte-firmen-e-bikes-die-ihre-mitarbeitenden-lieben-werden\/\",\"name\":\"Geteilte Firmen-E-Bikes, die Ihre Mitarbeitenden lieben werden\u00a0 - Urban Connect\",\"isPartOf\":{\"@id\":\"https:\/\/urban-connect.com\/de\/#website\"},\"primaryImageOfPage\":{\"@id\":\"https:\/\/urban-connect.com\/de\/news\/geteilte-firmen-e-bikes-die-ihre-mitarbeitenden-lieben-werden\/#primaryimage\"},\"image\":{\"@id\":\"https:\/\/urban-connect.com\/de\/news\/geteilte-firmen-e-bikes-die-ihre-mitarbeitenden-lieben-werden\/#primaryimage\"},\"thumbnailUrl\":\"https:\/\/urban-connect.com\/wp-content\/uploads\/2026\/01\/UCxRM_cover-scaled.png\",\"datePublished\":\"2026-01-26T16:53:21+00:00\",\"dateModified\":\"2026-01-26T16:54:07+00:00\",\"breadcrumb\":{\"@id\":\"https:\/\/urban-connect.com\/de\/news\/geteilte-firmen-e-bikes-die-ihre-mitarbeitenden-lieben-werden\/#breadcrumb\"},\"inLanguage\":\"de\",\"potentialAction\":[{\"@type\":\"ReadAction\",\"target\":[\"https:\/\/urban-connect.com\/de\/news\/geteilte-firmen-e-bikes-die-ihre-mitarbeitenden-lieben-werden\/\"]}]},{\"@type\":\"ImageObject\",\"inLanguage\":\"de\",\"@id\":\"https:\/\/urban-connect.com\/de\/news\/geteilte-firmen-e-bikes-die-ihre-mitarbeitenden-lieben-werden\/#primaryimage\",\"url\":\"https:\/\/urban-connect.com\/wp-content\/uploads\/2026\/01\/UCxRM_cover-scaled.png\",\"contentUrl\":\"https:\/\/urban-connect.com\/wp-content\/uploads\/2026\/01\/UCxRM_cover-scaled.png\",\"width\":2560,\"height\":1445},{\"@type\":\"BreadcrumbList\",\"@id\":\"https:\/\/urban-connect.com\/de\/news\/geteilte-firmen-e-bikes-die-ihre-mitarbeitenden-lieben-werden\/#breadcrumb\",\"itemListElement\":[{\"@type\":\"ListItem\",\"position\":1,\"name\":\"Home\",\"item\":\"https:\/\/urban-connect.com\/de\/\"},{\"@type\":\"ListItem\",\"position\":2,\"name\":\"Geteilte Firmen-E-Bikes, die Ihre Mitarbeitenden lieben werden\u00a0\"}]},{\"@type\":\"WebSite\",\"@id\":\"https:\/\/urban-connect.com\/de\/#website\",\"url\":\"https:\/\/urban-connect.com\/de\/\",\"name\":\"Urban Connect\",\"description\":\"\",\"potentialAction\":[{\"@type\":\"SearchAction\",\"target\":{\"@type\":\"EntryPoint\",\"urlTemplate\":\"https:\/\/urban-connect.com\/de\/?s={search_term_string}\"},\"query-input\":\"required name=search_term_string\"}],\"inLanguage\":\"de\"}]}<\/script>\n<!-- \/ Yoast SEO plugin. -->","yoast_head_json":{"title":"Geteilte Firmen-E-Bikes, die Ihre Mitarbeitenden lieben werden\u00a0 - Urban Connect","robots":{"index":"index","follow":"follow","max-snippet":"max-snippet:-1","max-image-preview":"max-image-preview:large","max-video-preview":"max-video-preview:-1"},"canonical":"https:\/\/urban-connect.com\/de\/news\/geteilte-firmen-e-bikes-die-ihre-mitarbeitenden-lieben-werden\/","og_locale":"de_DE","og_type":"article","og_title":"Geteilte Firmen-E-Bikes, die Ihre Mitarbeitenden lieben werden\u00a0 - Urban Connect","og_description":"Urban Connect und Riese &amp; M\u00fcller st\u00e4rken ihre Partnerschaft und unterst\u00fctzen damit Unternehmen dabei, ihren Mitarbeitern eine betriebliche Mobilit\u00e4t zu bieten, die ihnen wirklich begeistert. Basierend auf der preisgekr\u00f6nten digitalen Plattform von Urban Connect und den Premium-E-Bikes von Riese &amp; M\u00fcller bietet dieser Mobilit\u00e4tsservice den Mitarbeitenden einfachen Zugang zu einer erstklassigen Flotte geteilter E-Bikes f\u00fcr [&hellip;]","og_url":"https:\/\/urban-connect.com\/de\/news\/geteilte-firmen-e-bikes-die-ihre-mitarbeitenden-lieben-werden\/","og_site_name":"Urban Connect","article_modified_time":"2026-01-26T16:54:07+00:00","og_image":[{"width":1024,"height":578,"url":"https:\/\/urban-connect.com\/wp-content\/uploads\/2026\/01\/UCxRM_cover-1024x578.png","type":"image\/png"}],"twitter_card":"summary_large_image","twitter_misc":{"Gesch\u00e4tzte Lesezeit":"4\u00a0Minuten"},"schema":{"@context":"https:\/\/schema.org","@graph":[{"@type":"WebPage","@id":"https:\/\/urban-connect.com\/de\/news\/geteilte-firmen-e-bikes-die-ihre-mitarbeitenden-lieben-werden\/","url":"https:\/\/urban-connect.com\/de\/news\/geteilte-firmen-e-bikes-die-ihre-mitarbeitenden-lieben-werden\/","name":"Geteilte Firmen-E-Bikes, die Ihre Mitarbeitenden lieben werden\u00a0 - Urban Connect","isPartOf":{"@id":"https:\/\/urban-connect.com\/de\/#website"},"primaryImageOfPage":{"@id":"https:\/\/urban-connect.com\/de\/news\/geteilte-firmen-e-bikes-die-ihre-mitarbeitenden-lieben-werden\/#primaryimage"},"image":{"@id":"https:\/\/urban-connect.com\/de\/news\/geteilte-firmen-e-bikes-die-ihre-mitarbeitenden-lieben-werden\/#primaryimage"},"thumbnailUrl":"https:\/\/urban-connect.com\/wp-content\/uploads\/2026\/01\/UCxRM_cover-scaled.png","datePublished":"2026-01-26T16:53:21+00:00","dateModified":"2026-01-26T16:54:07+00:00","breadcrumb":{"@id":"https:\/\/urban-connect.com\/de\/news\/geteilte-firmen-e-bikes-die-ihre-mitarbeitenden-lieben-werden\/#breadcrumb"},"inLanguage":"de","potentialAction":[{"@type":"ReadAction","target":["https:\/\/urban-connect.com\/de\/news\/geteilte-firmen-e-bikes-die-ihre-mitarbeitenden-lieben-werden\/"]}]},{"@type":"ImageObject","inLanguage":"de","@id":"https:\/\/urban-connect.com\/de\/news\/geteilte-firmen-e-bikes-die-ihre-mitarbeitenden-lieben-werden\/#primaryimage","url":"https:\/\/urban-connect.com\/wp-content\/uploads\/2026\/01\/UCxRM_cover-scaled.png","contentUrl":"https:\/\/urban-connect.com\/wp-content\/uploads\/2026\/01\/UCxRM_cover-scaled.png","width":2560,"height":1445},{"@type":"BreadcrumbList","@id":"https:\/\/urban-connect.com\/de\/news\/geteilte-firmen-e-bikes-die-ihre-mitarbeitenden-lieben-werden\/#breadcrumb","itemListElement":[{"@type":"ListItem","position":1,"name":"Home","item":"https:\/\/urban-connect.com\/de\/"},{"@type":"ListItem","position":2,"name":"Geteilte Firmen-E-Bikes, die Ihre Mitarbeitenden lieben werden\u00a0"}]},{"@type":"WebSite","@id":"https:\/\/urban-connect.com\/de\/#website","url":"https:\/\/urban-connect.com\/de\/","name":"Urban Connect","description":"","potentialAction":[{"@type":"SearchAction","target":{"@type":"EntryPoint","urlTemplate":"https:\/\/urban-connect.com\/de\/?s={search_term_string}"},"query-input":"required name=search_term_string"}],"inLanguage":"de"}]}},"_links":{"self":[{"href":"https:\/\/urban-connect.com\/de\/wp-json\/wp\/v2\/news\/7861","targetHints":{"allow":["GET"]}}],"collection":[{"href":"https:\/\/urban-connect.com\/de\/wp-json\/wp\/v2\/news"}],"about":[{"href":"https:\/\/urban-connect.com\/de\/wp-json\/wp\/v2\/types\/news"}],"wp:featuredmedia":[{"embeddable":true,"href":"https:\/\/urban-connect.com\/de\/wp-json\/wp\/v2\/media\/7851"}],"wp:attachment":[{"href":"https:\/\/urban-connect.com\/de\/wp-json\/wp\/v2\/media?parent=7861"}],"wp:term":[{"taxonomy":"news_category","embeddable":true,"href":"https:\/\/urban-connect.com\/de\/wp-json\/wp\/v2\/news_category?post=7861"}],"curies":[{"name":"wp","href":"https:\/\/api.w.org\/{rel}","templated":true}]}}