{"id":7311,"date":"2025-03-20T16:34:41","date_gmt":"2025-03-20T16:34:41","guid":{"rendered":"https:\/\/urban-connect.com\/news\/save-your-ticket-for-switzerlands-largest-corporate-mobility-event-on-9th-april-2025\/"},"modified":"2025-03-25T12:52:52","modified_gmt":"2025-03-25T12:52:52","slug":"save-your-ticket-for-switzerlands-largest-corporate-mobility-event-on-9th-april-2025","status":"publish","type":"news","link":"https:\/\/urban-connect.com\/de\/news\/save-your-ticket-for-switzerlands-largest-corporate-mobility-event-on-9th-april-2025\/","title":{"rendered":"Reserviere Dir Dein Ticket f\u00fcr das gr\u00f6sste Unternehmen-Mobilit\u00e4ts-Event in der Schweiz am 9. April 2025."},"content":{"rendered":"\n<p>Die Zukunft der Unternehmensmobilit\u00e4t wird gerade neu definiert, und um an der Spitze zu bleiben, muss man den Wandel annehmen. Deshalb versammeln wir die besten Experten aus der wissenschaftlichen, wirtschaftlichen und politischen Welt, damit sie ihre Ideen, besten Praktiken und kommende Trends mit Dir teilen.<\/p>\n\n\n\n<p><strong>Die erste Konferenz zur Unternehmensmobilit\u00e4t in der Schweiz.<\/strong><\/p>\n\n\n\n<p>In diesem Jahr blicken wir \u00fcber die Grenzen hinaus, um zu erforschen, wie Innovation, Daten und Politik die Unternehmensmobilit\u00e4t gestalten, indem wir direkt von einigen der erfolgreichsten und wichtigsten Schweizer Arbeitgeber wie den SBB, Die Post, Swisscom und vielen anderen lernen. Die Hauptthemen, die behandelt werden, sind die folgenden:<\/p>\n\n\n\n<ul class=\"wp-block-list\">\n<li><strong>Innovation und Transformation treffen aufeinander:<\/strong> Wie Technologie, Regulierung und neue Gesch\u00e4ftsmodelle die Mobilit\u00e4t neu gestalten.<\/li>\n\n\n\n<li><strong>Die Unternehmensmobilit\u00e4t neu gedacht:<\/strong> Dr. Philipp Scharfenberger (Universit\u00e4t St. Gallen) pr\u00e4sentiert innovative Forschung zu den Mobilit\u00e4tstrends in der Schweiz und in Deutschland.<\/li>\n\n\n\n<li><strong>Zukunftsf\u00e4hige Standorte:<\/strong> Wie Mobilit\u00e4ts-Hubs und Dateninfrastruktur die Standorte von Unternehmen neu definieren.<\/li>\n<\/ul>\n\n\n\n<p>Die Veranstaltung ist f\u00fcr F\u00fchrungskr\u00e4fte grosser Unternehmen, Personalverantwortliche und Fuhrparkmanager konzipiert, die sich mit den Personen austauschen k\u00f6nnen, die die Gesch\u00e4ftsreisen von morgen gestalten \u2013 vom Carsharing \u00fcber moderne Fuhrparkanalysen und dar\u00fcber hinaus.<\/p>\n\n\n\n<p><strong>Lass uns verbinden und gemeinsam die Zukunft der Mobilit\u00e4t gestalten.<\/strong><\/p>\n\n\n\n<p>Treffe Branchenf\u00fchrer, Innovatoren und Gleichgesinnte. Nach einem inspirierenden Nachmittag mit Vortr\u00e4gen und Podiumsdiskussionen kannst Du ein gutes Essen, Wein und Networking im Aura in Z\u00fcrich geniessen.<\/p>\n\n\n\n<p>Egal, ob Du ein Entscheidungstr\u00e4ger in Deinem Unternehmen, ein Innovator im Bereich Mobilit\u00e4t oder einfach neugierig auf die Zukunft der Reisen bist, komm am 9. April nach Z\u00fcrich zu einem inspirierenden Nachmittag im <a href=\"https:\/\/g.co\/kgs\/jPCJBYH\">Aura<\/a>.<\/p>\n\n\n\n<p><a href=\"https:\/\/www.tickettailor.com\/events\/urbanconnect\/1419460\"><strong>Greife hier auf das vollst\u00e4ndige Programm zu und reserviere Dir Dein Ticket<\/strong><\/a>!<br><br>Change Mobility &#8211; Change the World<\/p>\n\n\n        <section class=\"author-block\">\n            <div class=\"container\">\n                <div class=\"left-side\">\n                    <h6 class=\"name\">Tara Joshi<\/h6>\n                    <span class=\"position\">Relationships and Marketing Manager<\/span>\n                <\/div>\n                <div class=\"right-side\">\n                                            <img decoding=\"async\" \n                        class=\"image\" src=\"\"\n                        srcset=\"\"\n                        sizes=\"\"\n                        alt=\"Chart Image\"\n                        >\n                                        <\/div>\n            <\/div>\n        <\/section>\n        ","protected":false},"excerpt":{"rendered":"<p>Die Zukunft der Unternehmensmobilit\u00e4t wird gerade neu definiert, und um an der Spitze zu bleiben, muss man den Wandel annehmen. Deshalb versammeln wir die besten Experten aus der wissenschaftlichen, wirtschaftlichen und politischen Welt, damit sie ihre Ideen, besten Praktiken und kommende Trends mit Dir teilen. Die erste Konferenz zur Unternehmensmobilit\u00e4t in der Schweiz. In diesem [&hellip;]<\/p>\n","protected":false},"featured_media":7313,"parent":0,"template":"","news_category":[36],"class_list":["post-7311","news","type-news","status-publish","has-post-thumbnail","hentry","news_category-events-de"],"acf":[],"yoast_head":"<!-- This site is optimized with the Yoast SEO plugin v23.2 - https:\/\/yoast.com\/wordpress\/plugins\/seo\/ -->\n<title>Reserviere Dir Dein Ticket f\u00fcr das gr\u00f6sste Unternehmen-Mobilit\u00e4ts-Event in der Schweiz am 9. April 2025. - Urban Connect<\/title>\n<meta name=\"robots\" content=\"index, follow, max-snippet:-1, max-image-preview:large, max-video-preview:-1\" \/>\n<link rel=\"canonical\" href=\"https:\/\/urban-connect.com\/de\/news\/save-your-ticket-for-switzerlands-largest-corporate-mobility-event-on-9th-april-2025\/\" \/>\n<meta property=\"og:locale\" content=\"de_DE\" \/>\n<meta property=\"og:type\" content=\"article\" \/>\n<meta property=\"og:title\" content=\"Reserviere Dir Dein Ticket f\u00fcr das gr\u00f6sste Unternehmen-Mobilit\u00e4ts-Event in der Schweiz am 9. April 2025. - Urban Connect\" \/>\n<meta property=\"og:description\" content=\"Die Zukunft der Unternehmensmobilit\u00e4t wird gerade neu definiert, und um an der Spitze zu bleiben, muss man den Wandel annehmen. Deshalb versammeln wir die besten Experten aus der wissenschaftlichen, wirtschaftlichen und politischen Welt, damit sie ihre Ideen, besten Praktiken und kommende Trends mit Dir teilen. Die erste Konferenz zur Unternehmensmobilit\u00e4t in der Schweiz. In diesem [&hellip;]\" \/>\n<meta property=\"og:url\" content=\"https:\/\/urban-connect.com\/de\/news\/save-your-ticket-for-switzerlands-largest-corporate-mobility-event-on-9th-april-2025\/\" \/>\n<meta property=\"og:site_name\" content=\"Urban Connect\" \/>\n<meta property=\"article:modified_time\" content=\"2025-03-25T12:52:52+00:00\" \/>\n<meta property=\"og:image\" content=\"https:\/\/urban-connect.com\/wp-content\/uploads\/2025\/03\/Website-banner-1-1024x1024.png\" \/>\n\t<meta property=\"og:image:width\" content=\"1024\" \/>\n\t<meta property=\"og:image:height\" content=\"1024\" \/>\n\t<meta property=\"og:image:type\" content=\"image\/png\" \/>\n<meta name=\"twitter:card\" content=\"summary_large_image\" \/>\n<meta name=\"twitter:label1\" content=\"Gesch\u00e4tzte Lesezeit\" \/>\n\t<meta name=\"twitter:data1\" content=\"2\u00a0Minuten\" \/>\n<script type=\"application\/ld+json\" class=\"yoast-schema-graph\">{\"@context\":\"https:\/\/schema.org\",\"@graph\":[{\"@type\":\"WebPage\",\"@id\":\"https:\/\/urban-connect.com\/de\/news\/save-your-ticket-for-switzerlands-largest-corporate-mobility-event-on-9th-april-2025\/\",\"url\":\"https:\/\/urban-connect.com\/de\/news\/save-your-ticket-for-switzerlands-largest-corporate-mobility-event-on-9th-april-2025\/\",\"name\":\"Reserviere Dir Dein Ticket f\u00fcr das gr\u00f6sste Unternehmen-Mobilit\u00e4ts-Event in der Schweiz am 9. April 2025. - Urban Connect\",\"isPartOf\":{\"@id\":\"https:\/\/urban-connect.com\/de\/#website\"},\"primaryImageOfPage\":{\"@id\":\"https:\/\/urban-connect.com\/de\/news\/save-your-ticket-for-switzerlands-largest-corporate-mobility-event-on-9th-april-2025\/#primaryimage\"},\"image\":{\"@id\":\"https:\/\/urban-connect.com\/de\/news\/save-your-ticket-for-switzerlands-largest-corporate-mobility-event-on-9th-april-2025\/#primaryimage\"},\"thumbnailUrl\":\"https:\/\/urban-connect.com\/wp-content\/uploads\/2025\/03\/Website-banner-1.png\",\"datePublished\":\"2025-03-20T16:34:41+00:00\",\"dateModified\":\"2025-03-25T12:52:52+00:00\",\"breadcrumb\":{\"@id\":\"https:\/\/urban-connect.com\/de\/news\/save-your-ticket-for-switzerlands-largest-corporate-mobility-event-on-9th-april-2025\/#breadcrumb\"},\"inLanguage\":\"de\",\"potentialAction\":[{\"@type\":\"ReadAction\",\"target\":[\"https:\/\/urban-connect.com\/de\/news\/save-your-ticket-for-switzerlands-largest-corporate-mobility-event-on-9th-april-2025\/\"]}]},{\"@type\":\"ImageObject\",\"inLanguage\":\"de\",\"@id\":\"https:\/\/urban-connect.com\/de\/news\/save-your-ticket-for-switzerlands-largest-corporate-mobility-event-on-9th-april-2025\/#primaryimage\",\"url\":\"https:\/\/urban-connect.com\/wp-content\/uploads\/2025\/03\/Website-banner-1.png\",\"contentUrl\":\"https:\/\/urban-connect.com\/wp-content\/uploads\/2025\/03\/Website-banner-1.png\",\"width\":1080,\"height\":1080,\"caption\":\"Wheels&Wine event\"},{\"@type\":\"BreadcrumbList\",\"@id\":\"https:\/\/urban-connect.com\/de\/news\/save-your-ticket-for-switzerlands-largest-corporate-mobility-event-on-9th-april-2025\/#breadcrumb\",\"itemListElement\":[{\"@type\":\"ListItem\",\"position\":1,\"name\":\"Home\",\"item\":\"https:\/\/urban-connect.com\/de\/\"},{\"@type\":\"ListItem\",\"position\":2,\"name\":\"Reserviere Dir Dein Ticket f\u00fcr das gr\u00f6sste Unternehmen-Mobilit\u00e4ts-Event in der Schweiz am 9. April 2025.\"}]},{\"@type\":\"WebSite\",\"@id\":\"https:\/\/urban-connect.com\/de\/#website\",\"url\":\"https:\/\/urban-connect.com\/de\/\",\"name\":\"Urban Connect\",\"description\":\"\",\"potentialAction\":[{\"@type\":\"SearchAction\",\"target\":{\"@type\":\"EntryPoint\",\"urlTemplate\":\"https:\/\/urban-connect.com\/de\/?s={search_term_string}\"},\"query-input\":\"required name=search_term_string\"}],\"inLanguage\":\"de\"}]}<\/script>\n<!-- \/ Yoast SEO plugin. -->","yoast_head_json":{"title":"Reserviere Dir Dein Ticket f\u00fcr das gr\u00f6sste Unternehmen-Mobilit\u00e4ts-Event in der Schweiz am 9. April 2025. - Urban Connect","robots":{"index":"index","follow":"follow","max-snippet":"max-snippet:-1","max-image-preview":"max-image-preview:large","max-video-preview":"max-video-preview:-1"},"canonical":"https:\/\/urban-connect.com\/de\/news\/save-your-ticket-for-switzerlands-largest-corporate-mobility-event-on-9th-april-2025\/","og_locale":"de_DE","og_type":"article","og_title":"Reserviere Dir Dein Ticket f\u00fcr das gr\u00f6sste Unternehmen-Mobilit\u00e4ts-Event in der Schweiz am 9. April 2025. - Urban Connect","og_description":"Die Zukunft der Unternehmensmobilit\u00e4t wird gerade neu definiert, und um an der Spitze zu bleiben, muss man den Wandel annehmen. Deshalb versammeln wir die besten Experten aus der wissenschaftlichen, wirtschaftlichen und politischen Welt, damit sie ihre Ideen, besten Praktiken und kommende Trends mit Dir teilen. Die erste Konferenz zur Unternehmensmobilit\u00e4t in der Schweiz. In diesem [&hellip;]","og_url":"https:\/\/urban-connect.com\/de\/news\/save-your-ticket-for-switzerlands-largest-corporate-mobility-event-on-9th-april-2025\/","og_site_name":"Urban Connect","article_modified_time":"2025-03-25T12:52:52+00:00","og_image":[{"width":1024,"height":1024,"url":"https:\/\/urban-connect.com\/wp-content\/uploads\/2025\/03\/Website-banner-1-1024x1024.png","type":"image\/png"}],"twitter_card":"summary_large_image","twitter_misc":{"Gesch\u00e4tzte Lesezeit":"2\u00a0Minuten"},"schema":{"@context":"https:\/\/schema.org","@graph":[{"@type":"WebPage","@id":"https:\/\/urban-connect.com\/de\/news\/save-your-ticket-for-switzerlands-largest-corporate-mobility-event-on-9th-april-2025\/","url":"https:\/\/urban-connect.com\/de\/news\/save-your-ticket-for-switzerlands-largest-corporate-mobility-event-on-9th-april-2025\/","name":"Reserviere Dir Dein Ticket f\u00fcr das gr\u00f6sste Unternehmen-Mobilit\u00e4ts-Event in der Schweiz am 9. April 2025. - Urban Connect","isPartOf":{"@id":"https:\/\/urban-connect.com\/de\/#website"},"primaryImageOfPage":{"@id":"https:\/\/urban-connect.com\/de\/news\/save-your-ticket-for-switzerlands-largest-corporate-mobility-event-on-9th-april-2025\/#primaryimage"},"image":{"@id":"https:\/\/urban-connect.com\/de\/news\/save-your-ticket-for-switzerlands-largest-corporate-mobility-event-on-9th-april-2025\/#primaryimage"},"thumbnailUrl":"https:\/\/urban-connect.com\/wp-content\/uploads\/2025\/03\/Website-banner-1.png","datePublished":"2025-03-20T16:34:41+00:00","dateModified":"2025-03-25T12:52:52+00:00","breadcrumb":{"@id":"https:\/\/urban-connect.com\/de\/news\/save-your-ticket-for-switzerlands-largest-corporate-mobility-event-on-9th-april-2025\/#breadcrumb"},"inLanguage":"de","potentialAction":[{"@type":"ReadAction","target":["https:\/\/urban-connect.com\/de\/news\/save-your-ticket-for-switzerlands-largest-corporate-mobility-event-on-9th-april-2025\/"]}]},{"@type":"ImageObject","inLanguage":"de","@id":"https:\/\/urban-connect.com\/de\/news\/save-your-ticket-for-switzerlands-largest-corporate-mobility-event-on-9th-april-2025\/#primaryimage","url":"https:\/\/urban-connect.com\/wp-content\/uploads\/2025\/03\/Website-banner-1.png","contentUrl":"https:\/\/urban-connect.com\/wp-content\/uploads\/2025\/03\/Website-banner-1.png","width":1080,"height":1080,"caption":"Wheels&Wine event"},{"@type":"BreadcrumbList","@id":"https:\/\/urban-connect.com\/de\/news\/save-your-ticket-for-switzerlands-largest-corporate-mobility-event-on-9th-april-2025\/#breadcrumb","itemListElement":[{"@type":"ListItem","position":1,"name":"Home","item":"https:\/\/urban-connect.com\/de\/"},{"@type":"ListItem","position":2,"name":"Reserviere Dir Dein Ticket f\u00fcr das gr\u00f6sste Unternehmen-Mobilit\u00e4ts-Event in der Schweiz am 9. April 2025."}]},{"@type":"WebSite","@id":"https:\/\/urban-connect.com\/de\/#website","url":"https:\/\/urban-connect.com\/de\/","name":"Urban Connect","description":"","potentialAction":[{"@type":"SearchAction","target":{"@type":"EntryPoint","urlTemplate":"https:\/\/urban-connect.com\/de\/?s={search_term_string}"},"query-input":"required name=search_term_string"}],"inLanguage":"de"}]}},"_links":{"self":[{"href":"https:\/\/urban-connect.com\/de\/wp-json\/wp\/v2\/news\/7311","targetHints":{"allow":["GET"]}}],"collection":[{"href":"https:\/\/urban-connect.com\/de\/wp-json\/wp\/v2\/news"}],"about":[{"href":"https:\/\/urban-connect.com\/de\/wp-json\/wp\/v2\/types\/news"}],"wp:featuredmedia":[{"embeddable":true,"href":"https:\/\/urban-connect.com\/de\/wp-json\/wp\/v2\/media\/7313"}],"wp:attachment":[{"href":"https:\/\/urban-connect.com\/de\/wp-json\/wp\/v2\/media?parent=7311"}],"wp:term":[{"taxonomy":"news_category","embeddable":true,"href":"https:\/\/urban-connect.com\/de\/wp-json\/wp\/v2\/news_category?post=7311"}],"curies":[{"name":"wp","href":"https:\/\/api.w.org\/{rel}","templated":true}]}}