{"id":7244,"date":"2025-02-14T13:11:13","date_gmt":"2025-02-14T13:11:13","guid":{"rendered":"https:\/\/urban-connect.com\/?post_type=news&#038;p=7244"},"modified":"2025-02-14T12:50:13","modified_gmt":"2025-02-14T12:50:13","slug":"lunchlearn-corporate-mobility-redesigned-unternehmensflotten-von-kostenstellen-in-gruene-profitcenter-verwandeln","status":"publish","type":"news","link":"https:\/\/urban-connect.com\/de\/news\/lunchlearn-corporate-mobility-redesigned-unternehmensflotten-von-kostenstellen-in-gruene-profitcenter-verwandeln\/","title":{"rendered":"Lunch&amp;Learn &#8211; Corporate Mobility Redesigned: Unternehmensflotten von Kostenstellen in gr\u00fcne Profitcenter verwandeln"},"content":{"rendered":"\n<p><br><strong>Hier ist ein kurzer Einblick in das Webinar<\/strong><\/p>\n\n\n\n<figure class=\"wp-block-embed aligncenter is-type-video is-provider-youtube wp-block-embed-youtube wp-embed-aspect-16-9 wp-has-aspect-ratio\"><div class=\"wp-block-embed__wrapper\">\n<iframe loading=\"lazy\" title=\"Lunch&amp;Learn - Corporate Mobility Redesigned: turning fleets from cost centers into profit centers\" width=\"500\" height=\"281\" data-src=\"https:\/\/www.youtube.com\/embed\/V-SllAq-a8I?feature=oembed\" frameborder=\"0\" allow=\"accelerometer; autoplay; clipboard-write; encrypted-media; gyroscope; picture-in-picture; web-share\" referrerpolicy=\"strict-origin-when-cross-origin\" allowfullscreen src=\"data:image\/gif;base64,R0lGODlhAQABAAAAACH5BAEKAAEALAAAAAABAAEAAAICTAEAOw==\" class=\"lazyload\" data-load-mode=\"1\"><\/iframe>\n<\/div><\/figure>\n\n\n\n<div class=\"wp-block-columns is-layout-flex wp-container-core-columns-is-layout-9d6595d7 wp-block-columns-is-layout-flex\">\n<div class=\"wp-block-column is-layout-flow wp-block-column-is-layout-flow\" style=\"flex-basis:100%\">\n<p><\/p>\n\n\n\n<p><strong>M\u00f6chtest Du Zugang zum vollst\u00e4ndigen Webinar erhalten?<\/strong>\u202fF\u00fclle einfach das untenstehende Formular aus, und wir senden Dir den Link direkt in Dein Postfach.<\/p>\n\n\n\n<script charset=\"utf-8\" type=\"text\/javascript\" src=\"\/\/js.hsforms.net\/forms\/embed\/v2.js\"><\/script>\n<script>\n  hbspt.forms.create({\n    portalId: \"4873065\",\n    formId: \"5a93ed82-a68a-41da-88ee-0764b7049c45\",\n    region: \"na1\"\n  });\n<\/script>\n<\/div>\n<\/div>\n\n\n\n<p><\/p>\n\n\n\n<p>In diesem Lunch&amp;Learn-Webinar f\u00fchrten Giles Keating (Vorstandsmitglied, Urban Connect), Dr. Robert Ruttmann (Mitbegr\u00fcnder &amp; CEO, Urban Connect) und Nina Schamber (Produktmanagerin, Urban Connect) ein interaktives Gespr\u00e4ch dar\u00fcber, wie Unternehmen ihren Fuhrpark in einkommensschaffende, umweltfreundliche Anlagen verwandeln k\u00f6nnen, von denen sowohl das Unternehmen als auch die Mitarbeiter profitieren.<\/p>\n\n\n\n<p>Die wichtigsten Elemente des Webinars sind:<\/p>\n\n\n\n<ul class=\"wp-block-list\">\n<li><strong>Neue Einnahmequellen<\/strong>: Unternehmen k\u00f6nnen die Fuhrparkkosten ausgleichen, indem sie ihren Mitarbeitern die Nutzung von Firmenfahrzeugen f\u00fcr private Fahrten durch ein strukturiertes Nutzungsgeb\u00fchrenmodell erm\u00f6glichen.<\/li>\n\n\n\n<li><strong>Maximierung der Flottenauslastung<\/strong>: Die Urban Connect Sharing-L\u00f6sung optimiert die Fahrzeugnutzung und sorgt f\u00fcr mehr Effizienz und Nachhaltigkeit.<\/li>\n\n\n\n<li><strong>Verringerung der pers\u00f6nlichen Fahrzeugabh\u00e4ngigkeit<\/strong>: Durch das Angebot gemeinsam genutzter betrieblicher Mobilit\u00e4tsoptionen k\u00f6nnen Unternehmen zu geringeren Emissionen und einem nachhaltigeren st\u00e4dtischen Verkehr beitragen.<\/li>\n\n\n\n<li><strong>Erfolgsgeschichten aus der Praxis<\/strong>: Diskussion \u00fcber unsere Fallstudie, die aufzeigt, wie Unternehmen diese Strategien erfolgreich umgesetzt haben<\/li>\n<\/ul>\n\n\n\n<p>Change Mobility &#8211; Change the World<\/p>\n\n\n    <section class=\"related-posts\">\n        <div class=\"container\">\n            <h4 class=\"block-title\"><\/h4>\n        <\/div>\n        <div class=\"container posts-wrap\">\n            <div class=\"swiper swiper-related-posts\">\n                <div class=\"swiper-wrapper\">\n                                            <div class=\"swiper-slide\">\n                            <div class=\"card-horizontal\">\n    <div class=\"left-side\">\n                    <a href=\"https:\/\/urban-connect.com\/de\/news\/wheels-wine-2026-eine-wegweisende-ausgabe-die-die-zukunft-der-unternehmensmobilitaet-gestaltet\/\">\n                <img decoding=\"async\" \n                    class=\"image lazyload\" data-src=\"https:\/\/urban-connect.com\/wp-content\/uploads\/2026\/03\/F06A4076-768x512.jpg\"\n                    data-srcset=\"https:\/\/urban-connect.com\/wp-content\/uploads\/2026\/03\/F06A4076-768x512.jpg 768w, https:\/\/urban-connect.com\/wp-content\/uploads\/2026\/03\/F06A4076-300x200.jpg 300w, https:\/\/urban-connect.com\/wp-content\/uploads\/2026\/03\/F06A4076-1024x683.jpg 1024w, https:\/\/urban-connect.com\/wp-content\/uploads\/2026\/03\/F06A4076-1536x1024.jpg 1536w, https:\/\/urban-connect.com\/wp-content\/uploads\/2026\/03\/F06A4076-2048x1365.jpg 2048w, https:\/\/urban-connect.com\/wp-content\/uploads\/2026\/03\/F06A4076-1620x1080.jpg 1620w\"\n                    data-sizes=\"(max-width: 768px) 100vw, 768px\"\n                    alt=\"Wheels &amp; Wine 2026 \u2013 Eine wegweisende Ausgabe, die die Zukunft der Unternehmensmobilit\u00e4t gestaltet\"\n                 src=\"data:image\/gif;base64,R0lGODlhAQABAAAAACH5BAEKAAEALAAAAAABAAEAAAICTAEAOw==\" style=\"--smush-placeholder-width: 768px; --smush-placeholder-aspect-ratio: 768\/512;\"><noscript><img decoding=\"async\" \n                    class=\"image\" src=\"https:\/\/urban-connect.com\/wp-content\/uploads\/2026\/03\/F06A4076-768x512.jpg\"\n                    srcset=\"https:\/\/urban-connect.com\/wp-content\/uploads\/2026\/03\/F06A4076-768x512.jpg 768w, https:\/\/urban-connect.com\/wp-content\/uploads\/2026\/03\/F06A4076-300x200.jpg 300w, https:\/\/urban-connect.com\/wp-content\/uploads\/2026\/03\/F06A4076-1024x683.jpg 1024w, https:\/\/urban-connect.com\/wp-content\/uploads\/2026\/03\/F06A4076-1536x1024.jpg 1536w, https:\/\/urban-connect.com\/wp-content\/uploads\/2026\/03\/F06A4076-2048x1365.jpg 2048w, https:\/\/urban-connect.com\/wp-content\/uploads\/2026\/03\/F06A4076-1620x1080.jpg 1620w\"\n                    sizes=\"(max-width: 768px) 100vw, 768px\"\n                    alt=\"Wheels &amp; Wine 2026 \u2013 Eine wegweisende Ausgabe, die die Zukunft der Unternehmensmobilit\u00e4t gestaltet\"\n                ><\/noscript>\n            <\/a>\n                <\/div>\n    <div class=\"right-side\">\n                    <a href=\"https:\/\/urban-connect.com\/de\/news\/wheels-wine-2026-eine-wegweisende-ausgabe-die-die-zukunft-der-unternehmensmobilitaet-gestaltet\/\">\n                <h6 class=\"title\">Wheels &amp; Wine 2026 \u2013 Eine wegweisende Ausgabe, die die Zukunft der Unternehmensmobilit\u00e4t gestaltet<\/h6>\n            <\/a>\n                        <span class=\"date\">M\u00e4rz 24, 2026 <\/span>\n            \n\t        <\/div>\n<\/div>                        <\/div>\n                                                <div class=\"swiper-slide\">\n                            <div class=\"card-horizontal\">\n    <div class=\"left-side\">\n                    <a href=\"https:\/\/urban-connect.com\/de\/news\/was-passiert-wenn-das-laden-von-elektroautos-endlich-funktioniert-wie-urban-connect-und-zaptec-eine-bessere-ladeinfrastruktur-fuer-elektroautos-geschaffen-haben\/\">\n                <img decoding=\"async\" \n                    class=\"image lazyload\" data-src=\"https:\/\/urban-connect.com\/wp-content\/uploads\/2026\/03\/Zaptec-cover-3-1-768x453.png\"\n                    data-srcset=\"https:\/\/urban-connect.com\/wp-content\/uploads\/2026\/03\/Zaptec-cover-3-1-768x453.png 768w, https:\/\/urban-connect.com\/wp-content\/uploads\/2026\/03\/Zaptec-cover-3-1-300x177.png 300w, https:\/\/urban-connect.com\/wp-content\/uploads\/2026\/03\/Zaptec-cover-3-1-1024x604.png 1024w, https:\/\/urban-connect.com\/wp-content\/uploads\/2026\/03\/Zaptec-cover-3-1-1536x906.png 1536w, https:\/\/urban-connect.com\/wp-content\/uploads\/2026\/03\/Zaptec-cover-3-1-2048x1208.png 2048w, https:\/\/urban-connect.com\/wp-content\/uploads\/2026\/03\/Zaptec-cover-3-1-1831x1080.png 1831w\"\n                    data-sizes=\"(max-width: 768px) 100vw, 768px\"\n                    alt=\"Was passiert, wenn das Laden von Elektroautos endlich funktioniert?\"\n                 src=\"data:image\/gif;base64,R0lGODlhAQABAAAAACH5BAEKAAEALAAAAAABAAEAAAICTAEAOw==\" style=\"--smush-placeholder-width: 768px; --smush-placeholder-aspect-ratio: 768\/453;\"><noscript><img decoding=\"async\" \n                    class=\"image\" src=\"https:\/\/urban-connect.com\/wp-content\/uploads\/2026\/03\/Zaptec-cover-3-1-768x453.png\"\n                    srcset=\"https:\/\/urban-connect.com\/wp-content\/uploads\/2026\/03\/Zaptec-cover-3-1-768x453.png 768w, https:\/\/urban-connect.com\/wp-content\/uploads\/2026\/03\/Zaptec-cover-3-1-300x177.png 300w, https:\/\/urban-connect.com\/wp-content\/uploads\/2026\/03\/Zaptec-cover-3-1-1024x604.png 1024w, https:\/\/urban-connect.com\/wp-content\/uploads\/2026\/03\/Zaptec-cover-3-1-1536x906.png 1536w, https:\/\/urban-connect.com\/wp-content\/uploads\/2026\/03\/Zaptec-cover-3-1-2048x1208.png 2048w, https:\/\/urban-connect.com\/wp-content\/uploads\/2026\/03\/Zaptec-cover-3-1-1831x1080.png 1831w\"\n                    sizes=\"(max-width: 768px) 100vw, 768px\"\n                    alt=\"Was passiert, wenn das Laden von Elektroautos endlich funktioniert?\"\n                ><\/noscript>\n            <\/a>\n                <\/div>\n    <div class=\"right-side\">\n                    <a href=\"https:\/\/urban-connect.com\/de\/news\/was-passiert-wenn-das-laden-von-elektroautos-endlich-funktioniert-wie-urban-connect-und-zaptec-eine-bessere-ladeinfrastruktur-fuer-elektroautos-geschaffen-haben\/\">\n                <h6 class=\"title\">Was passiert, wenn das Laden von Elektroautos endlich funktioniert?<\/h6>\n            <\/a>\n                        <span class=\"date\">M\u00e4rz 17, 2026 <\/span>\n            \n\t        <\/div>\n<\/div>                        <\/div>\n                                                <div class=\"swiper-slide\">\n                            <div class=\"card-horizontal\">\n    <div class=\"left-side\">\n                    <a href=\"https:\/\/urban-connect.com\/de\/news\/fallstudie-im-blickpunkt-lonza-visps-partnerschaft-fuer-nachhaltige-mobilitaet-mit-urban-connect\/\">\n                <img decoding=\"async\" \n                    class=\"image lazyload\" data-src=\"https:\/\/urban-connect.com\/wp-content\/uploads\/2026\/02\/HELSANA-x-UC-banner-768x511.png\"\n                    data-srcset=\"https:\/\/urban-connect.com\/wp-content\/uploads\/2026\/02\/HELSANA-x-UC-banner-768x511.png 768w, https:\/\/urban-connect.com\/wp-content\/uploads\/2026\/02\/HELSANA-x-UC-banner-300x199.png 300w, https:\/\/urban-connect.com\/wp-content\/uploads\/2026\/02\/HELSANA-x-UC-banner-1024x681.png 1024w, https:\/\/urban-connect.com\/wp-content\/uploads\/2026\/02\/HELSANA-x-UC-banner-1536x1021.png 1536w, https:\/\/urban-connect.com\/wp-content\/uploads\/2026\/02\/HELSANA-x-UC-banner.png 1590w\"\n                    data-sizes=\"(max-width: 768px) 100vw, 768px\"\n                    alt=\"Fallstudie im Blickpunkt: Helsana erm\u00f6glicht \u00fcber 3'400 Mitarbeitenden ein Urban Connect Mobility Budget \u2013 dank SCIM ganz reibungslos.\"\n                 src=\"data:image\/gif;base64,R0lGODlhAQABAAAAACH5BAEKAAEALAAAAAABAAEAAAICTAEAOw==\" style=\"--smush-placeholder-width: 768px; --smush-placeholder-aspect-ratio: 768\/511;\"><noscript><img decoding=\"async\" \n                    class=\"image\" src=\"https:\/\/urban-connect.com\/wp-content\/uploads\/2026\/02\/HELSANA-x-UC-banner-768x511.png\"\n                    srcset=\"https:\/\/urban-connect.com\/wp-content\/uploads\/2026\/02\/HELSANA-x-UC-banner-768x511.png 768w, https:\/\/urban-connect.com\/wp-content\/uploads\/2026\/02\/HELSANA-x-UC-banner-300x199.png 300w, https:\/\/urban-connect.com\/wp-content\/uploads\/2026\/02\/HELSANA-x-UC-banner-1024x681.png 1024w, https:\/\/urban-connect.com\/wp-content\/uploads\/2026\/02\/HELSANA-x-UC-banner-1536x1021.png 1536w, https:\/\/urban-connect.com\/wp-content\/uploads\/2026\/02\/HELSANA-x-UC-banner.png 1590w\"\n                    sizes=\"(max-width: 768px) 100vw, 768px\"\n                    alt=\"Fallstudie im Blickpunkt: Helsana erm\u00f6glicht \u00fcber 3'400 Mitarbeitenden ein Urban Connect Mobility Budget \u2013 dank SCIM ganz reibungslos.\"\n                ><\/noscript>\n            <\/a>\n                <\/div>\n    <div class=\"right-side\">\n                    <a href=\"https:\/\/urban-connect.com\/de\/news\/fallstudie-im-blickpunkt-lonza-visps-partnerschaft-fuer-nachhaltige-mobilitaet-mit-urban-connect\/\">\n                <h6 class=\"title\">Fallstudie im Blickpunkt: Helsana erm\u00f6glicht \u00fcber 3&#8217;400 Mitarbeitenden ein Urban Connect Mobility Budget \u2013 dank SCIM ganz reibungslos.<\/h6>\n            <\/a>\n                        <span class=\"date\">Februar 05, 2026 <\/span>\n            \n\t        <\/div>\n<\/div>                        <\/div>\n                                        <\/div>\n                <div class=\"btn-slider \">\n    <div class=\"prev\">\n        <svg width=\"22\" height=\"12\" viewBox=\"0 0 22 12\" fill=\"none\" xmlns=\"http:\/\/www.w3.org\/2000\/svg\">\n            <path d=\"M5.094 4.476L7.74 1.83L6.03 0.102L0.432 5.7L6.03 11.298L7.74 9.57L5.076 6.906H21.42V4.476H5.094Z\" fill=\"white\"\/>\n        <\/svg>\n    <\/div>\n    <div class=\"next\">\n        <svg width=\"22\" height=\"12\" viewBox=\"0 0 22 12\" fill=\"none\" xmlns=\"http:\/\/www.w3.org\/2000\/svg\">\n            <path d=\"M14.292 1.83L16.938 4.476H0.612V6.906H16.956L14.292 9.57L16.002 11.298L21.6 5.7L16.002 0.102L14.292 1.83Z\" fill=\"white\"\/>\n        <\/svg>\n    <\/div>\n<\/div>            <\/div>\n        <\/div>\n    <\/section>\n    ","protected":false},"excerpt":{"rendered":"<p>Hier ist ein kurzer Einblick in das Webinar M\u00f6chtest Du Zugang zum vollst\u00e4ndigen Webinar erhalten?\u202fF\u00fclle einfach das untenstehende Formular aus, und wir senden Dir den Link direkt in Dein Postfach. In diesem Lunch&amp;Learn-Webinar f\u00fchrten Giles Keating (Vorstandsmitglied, Urban Connect), Dr. Robert Ruttmann (Mitbegr\u00fcnder &amp; CEO, Urban Connect) und Nina Schamber (Produktmanagerin, Urban Connect) ein interaktives [&hellip;]<\/p>\n","protected":false},"featured_media":7248,"parent":0,"template":"","news_category":[43],"class_list":["post-7244","news","type-news","status-publish","has-post-thumbnail","hentry","news_category-webinars-de"],"acf":[],"yoast_head":"<!-- This site is optimized with the Yoast SEO plugin v23.2 - https:\/\/yoast.com\/wordpress\/plugins\/seo\/ -->\n<title>Lunch&amp;Learn - Corporate Mobility Redesigned: Unternehmensflotten von Kostenstellen in gr\u00fcne Profitcenter verwandeln - Urban Connect<\/title>\n<meta name=\"robots\" content=\"index, follow, max-snippet:-1, max-image-preview:large, max-video-preview:-1\" \/>\n<link rel=\"canonical\" href=\"https:\/\/urban-connect.com\/de\/news\/lunchlearn-corporate-mobility-redesigned-unternehmensflotten-von-kostenstellen-in-gruene-profitcenter-verwandeln\/\" \/>\n<meta property=\"og:locale\" content=\"de_DE\" \/>\n<meta property=\"og:type\" content=\"article\" \/>\n<meta property=\"og:title\" content=\"Lunch&amp;Learn - Corporate Mobility Redesigned: Unternehmensflotten von Kostenstellen in gr\u00fcne Profitcenter verwandeln - Urban Connect\" \/>\n<meta property=\"og:description\" content=\"Hier ist ein kurzer Einblick in das Webinar M\u00f6chtest Du Zugang zum vollst\u00e4ndigen Webinar erhalten?\u202fF\u00fclle einfach das untenstehende Formular aus, und wir senden Dir den Link direkt in Dein Postfach. In diesem Lunch&amp;Learn-Webinar f\u00fchrten Giles Keating (Vorstandsmitglied, Urban Connect), Dr. Robert Ruttmann (Mitbegr\u00fcnder &amp; CEO, Urban Connect) und Nina Schamber (Produktmanagerin, Urban Connect) ein interaktives [&hellip;]\" \/>\n<meta property=\"og:url\" content=\"https:\/\/urban-connect.com\/de\/news\/lunchlearn-corporate-mobility-redesigned-unternehmensflotten-von-kostenstellen-in-gruene-profitcenter-verwandeln\/\" \/>\n<meta property=\"og:site_name\" content=\"Urban Connect\" \/>\n<meta property=\"article:modified_time\" content=\"2025-02-14T12:50:13+00:00\" \/>\n<meta property=\"og:image\" content=\"https:\/\/urban-connect.com\/wp-content\/uploads\/2025\/02\/WordpressRobertWebinar-scaled.jpg\" \/>\n\t<meta property=\"og:image:width\" content=\"2560\" \/>\n\t<meta property=\"og:image:height\" content=\"1405\" \/>\n\t<meta property=\"og:image:type\" content=\"image\/jpeg\" \/>\n<meta name=\"twitter:card\" content=\"summary_large_image\" \/>\n<meta name=\"twitter:label1\" content=\"Gesch\u00e4tzte Lesezeit\" \/>\n\t<meta name=\"twitter:data1\" content=\"1\u00a0Minute\" \/>\n<script type=\"application\/ld+json\" class=\"yoast-schema-graph\">{\"@context\":\"https:\/\/schema.org\",\"@graph\":[{\"@type\":\"WebPage\",\"@id\":\"https:\/\/urban-connect.com\/de\/news\/lunchlearn-corporate-mobility-redesigned-unternehmensflotten-von-kostenstellen-in-gruene-profitcenter-verwandeln\/\",\"url\":\"https:\/\/urban-connect.com\/de\/news\/lunchlearn-corporate-mobility-redesigned-unternehmensflotten-von-kostenstellen-in-gruene-profitcenter-verwandeln\/\",\"name\":\"Lunch&amp;Learn - Corporate Mobility Redesigned: Unternehmensflotten von Kostenstellen in gr\u00fcne Profitcenter verwandeln - Urban Connect\",\"isPartOf\":{\"@id\":\"https:\/\/urban-connect.com\/de\/#website\"},\"primaryImageOfPage\":{\"@id\":\"https:\/\/urban-connect.com\/de\/news\/lunchlearn-corporate-mobility-redesigned-unternehmensflotten-von-kostenstellen-in-gruene-profitcenter-verwandeln\/#primaryimage\"},\"image\":{\"@id\":\"https:\/\/urban-connect.com\/de\/news\/lunchlearn-corporate-mobility-redesigned-unternehmensflotten-von-kostenstellen-in-gruene-profitcenter-verwandeln\/#primaryimage\"},\"thumbnailUrl\":\"https:\/\/urban-connect.com\/wp-content\/uploads\/2025\/02\/RobertandGiles-scaled.jpg\",\"datePublished\":\"2025-02-14T13:11:13+00:00\",\"dateModified\":\"2025-02-14T12:50:13+00:00\",\"breadcrumb\":{\"@id\":\"https:\/\/urban-connect.com\/de\/news\/lunchlearn-corporate-mobility-redesigned-unternehmensflotten-von-kostenstellen-in-gruene-profitcenter-verwandeln\/#breadcrumb\"},\"inLanguage\":\"de\",\"potentialAction\":[{\"@type\":\"ReadAction\",\"target\":[\"https:\/\/urban-connect.com\/de\/news\/lunchlearn-corporate-mobility-redesigned-unternehmensflotten-von-kostenstellen-in-gruene-profitcenter-verwandeln\/\"]}]},{\"@type\":\"ImageObject\",\"inLanguage\":\"de\",\"@id\":\"https:\/\/urban-connect.com\/de\/news\/lunchlearn-corporate-mobility-redesigned-unternehmensflotten-von-kostenstellen-in-gruene-profitcenter-verwandeln\/#primaryimage\",\"url\":\"https:\/\/urban-connect.com\/wp-content\/uploads\/2025\/02\/RobertandGiles-scaled.jpg\",\"contentUrl\":\"https:\/\/urban-connect.com\/wp-content\/uploads\/2025\/02\/RobertandGiles-scaled.jpg\",\"width\":2560,\"height\":1923},{\"@type\":\"BreadcrumbList\",\"@id\":\"https:\/\/urban-connect.com\/de\/news\/lunchlearn-corporate-mobility-redesigned-unternehmensflotten-von-kostenstellen-in-gruene-profitcenter-verwandeln\/#breadcrumb\",\"itemListElement\":[{\"@type\":\"ListItem\",\"position\":1,\"name\":\"Home\",\"item\":\"https:\/\/urban-connect.com\/de\/\"},{\"@type\":\"ListItem\",\"position\":2,\"name\":\"Lunch&amp;Learn &#8211; Corporate Mobility Redesigned: Unternehmensflotten von Kostenstellen in gr\u00fcne Profitcenter verwandeln\"}]},{\"@type\":\"WebSite\",\"@id\":\"https:\/\/urban-connect.com\/de\/#website\",\"url\":\"https:\/\/urban-connect.com\/de\/\",\"name\":\"Urban Connect\",\"description\":\"\",\"potentialAction\":[{\"@type\":\"SearchAction\",\"target\":{\"@type\":\"EntryPoint\",\"urlTemplate\":\"https:\/\/urban-connect.com\/de\/?s={search_term_string}\"},\"query-input\":\"required name=search_term_string\"}],\"inLanguage\":\"de\"}]}<\/script>\n<!-- \/ Yoast SEO plugin. -->","yoast_head_json":{"title":"Lunch&amp;Learn - Corporate Mobility Redesigned: Unternehmensflotten von Kostenstellen in gr\u00fcne Profitcenter verwandeln - Urban Connect","robots":{"index":"index","follow":"follow","max-snippet":"max-snippet:-1","max-image-preview":"max-image-preview:large","max-video-preview":"max-video-preview:-1"},"canonical":"https:\/\/urban-connect.com\/de\/news\/lunchlearn-corporate-mobility-redesigned-unternehmensflotten-von-kostenstellen-in-gruene-profitcenter-verwandeln\/","og_locale":"de_DE","og_type":"article","og_title":"Lunch&amp;Learn - Corporate Mobility Redesigned: Unternehmensflotten von Kostenstellen in gr\u00fcne Profitcenter verwandeln - Urban Connect","og_description":"Hier ist ein kurzer Einblick in das Webinar M\u00f6chtest Du Zugang zum vollst\u00e4ndigen Webinar erhalten?\u202fF\u00fclle einfach das untenstehende Formular aus, und wir senden Dir den Link direkt in Dein Postfach. In diesem Lunch&amp;Learn-Webinar f\u00fchrten Giles Keating (Vorstandsmitglied, Urban Connect), Dr. Robert Ruttmann (Mitbegr\u00fcnder &amp; CEO, Urban Connect) und Nina Schamber (Produktmanagerin, Urban Connect) ein interaktives [&hellip;]","og_url":"https:\/\/urban-connect.com\/de\/news\/lunchlearn-corporate-mobility-redesigned-unternehmensflotten-von-kostenstellen-in-gruene-profitcenter-verwandeln\/","og_site_name":"Urban Connect","article_modified_time":"2025-02-14T12:50:13+00:00","og_image":[{"width":2560,"height":1405,"url":"https:\/\/urban-connect.com\/wp-content\/uploads\/2025\/02\/WordpressRobertWebinar-scaled.jpg","type":"image\/jpeg"}],"twitter_card":"summary_large_image","twitter_misc":{"Gesch\u00e4tzte Lesezeit":"1\u00a0Minute"},"schema":{"@context":"https:\/\/schema.org","@graph":[{"@type":"WebPage","@id":"https:\/\/urban-connect.com\/de\/news\/lunchlearn-corporate-mobility-redesigned-unternehmensflotten-von-kostenstellen-in-gruene-profitcenter-verwandeln\/","url":"https:\/\/urban-connect.com\/de\/news\/lunchlearn-corporate-mobility-redesigned-unternehmensflotten-von-kostenstellen-in-gruene-profitcenter-verwandeln\/","name":"Lunch&amp;Learn - Corporate Mobility Redesigned: Unternehmensflotten von Kostenstellen in gr\u00fcne Profitcenter verwandeln - Urban Connect","isPartOf":{"@id":"https:\/\/urban-connect.com\/de\/#website"},"primaryImageOfPage":{"@id":"https:\/\/urban-connect.com\/de\/news\/lunchlearn-corporate-mobility-redesigned-unternehmensflotten-von-kostenstellen-in-gruene-profitcenter-verwandeln\/#primaryimage"},"image":{"@id":"https:\/\/urban-connect.com\/de\/news\/lunchlearn-corporate-mobility-redesigned-unternehmensflotten-von-kostenstellen-in-gruene-profitcenter-verwandeln\/#primaryimage"},"thumbnailUrl":"https:\/\/urban-connect.com\/wp-content\/uploads\/2025\/02\/RobertandGiles-scaled.jpg","datePublished":"2025-02-14T13:11:13+00:00","dateModified":"2025-02-14T12:50:13+00:00","breadcrumb":{"@id":"https:\/\/urban-connect.com\/de\/news\/lunchlearn-corporate-mobility-redesigned-unternehmensflotten-von-kostenstellen-in-gruene-profitcenter-verwandeln\/#breadcrumb"},"inLanguage":"de","potentialAction":[{"@type":"ReadAction","target":["https:\/\/urban-connect.com\/de\/news\/lunchlearn-corporate-mobility-redesigned-unternehmensflotten-von-kostenstellen-in-gruene-profitcenter-verwandeln\/"]}]},{"@type":"ImageObject","inLanguage":"de","@id":"https:\/\/urban-connect.com\/de\/news\/lunchlearn-corporate-mobility-redesigned-unternehmensflotten-von-kostenstellen-in-gruene-profitcenter-verwandeln\/#primaryimage","url":"https:\/\/urban-connect.com\/wp-content\/uploads\/2025\/02\/RobertandGiles-scaled.jpg","contentUrl":"https:\/\/urban-connect.com\/wp-content\/uploads\/2025\/02\/RobertandGiles-scaled.jpg","width":2560,"height":1923},{"@type":"BreadcrumbList","@id":"https:\/\/urban-connect.com\/de\/news\/lunchlearn-corporate-mobility-redesigned-unternehmensflotten-von-kostenstellen-in-gruene-profitcenter-verwandeln\/#breadcrumb","itemListElement":[{"@type":"ListItem","position":1,"name":"Home","item":"https:\/\/urban-connect.com\/de\/"},{"@type":"ListItem","position":2,"name":"Lunch&amp;Learn &#8211; Corporate Mobility Redesigned: Unternehmensflotten von Kostenstellen in gr\u00fcne Profitcenter verwandeln"}]},{"@type":"WebSite","@id":"https:\/\/urban-connect.com\/de\/#website","url":"https:\/\/urban-connect.com\/de\/","name":"Urban Connect","description":"","potentialAction":[{"@type":"SearchAction","target":{"@type":"EntryPoint","urlTemplate":"https:\/\/urban-connect.com\/de\/?s={search_term_string}"},"query-input":"required name=search_term_string"}],"inLanguage":"de"}]}},"_links":{"self":[{"href":"https:\/\/urban-connect.com\/de\/wp-json\/wp\/v2\/news\/7244","targetHints":{"allow":["GET"]}}],"collection":[{"href":"https:\/\/urban-connect.com\/de\/wp-json\/wp\/v2\/news"}],"about":[{"href":"https:\/\/urban-connect.com\/de\/wp-json\/wp\/v2\/types\/news"}],"wp:featuredmedia":[{"embeddable":true,"href":"https:\/\/urban-connect.com\/de\/wp-json\/wp\/v2\/media\/7248"}],"wp:attachment":[{"href":"https:\/\/urban-connect.com\/de\/wp-json\/wp\/v2\/media?parent=7244"}],"wp:term":[{"taxonomy":"news_category","embeddable":true,"href":"https:\/\/urban-connect.com\/de\/wp-json\/wp\/v2\/news_category?post=7244"}],"curies":[{"name":"wp","href":"https:\/\/api.w.org\/{rel}","templated":true}]}}