{"id":6756,"date":"2024-09-26T09:41:00","date_gmt":"2024-09-26T09:41:00","guid":{"rendered":"https:\/\/urban-connect.com\/?post_type=news&#038;p=6756"},"modified":"2024-11-11T10:32:56","modified_gmt":"2024-11-11T10:32:56","slug":"e-car-und-e-bike-sharing-fur-unternehmen-wie-google-bei-der-mitarbeitermobilitat-pionierarbeit-geleistet-hat","status":"publish","type":"news","link":"https:\/\/urban-connect.com\/de\/news\/e-car-und-e-bike-sharing-fur-unternehmen-wie-google-bei-der-mitarbeitermobilitat-pionierarbeit-geleistet-hat\/","title":{"rendered":"Lunch&amp;Learn \u2013 E-Car- und E-Bike-Sharing f\u00fcr Unternehmen: Wie Google bei der Mitarbeitermobilit\u00e4t Pionierarbeit geleistet hat"},"content":{"rendered":"\n<p><br><strong>Hier ein kurzer Einblick in das Webinar<\/strong><\/p>\n\n\n\n<figure class=\"wp-block-embed is-type-video is-provider-youtube wp-block-embed-youtube wp-embed-aspect-16-9 wp-has-aspect-ratio\"><div class=\"wp-block-embed__wrapper\">\n<iframe loading=\"lazy\" title=\"Lunch&amp;Learn - Corporate E-car and E-bike Sharing: How Google Has Been Pioneering Employee Mobility\" width=\"500\" height=\"281\" data-src=\"https:\/\/www.youtube.com\/embed\/VNMqjhBrUSI?feature=oembed\" frameborder=\"0\" allow=\"accelerometer; autoplay; clipboard-write; encrypted-media; gyroscope; picture-in-picture; web-share\" referrerpolicy=\"strict-origin-when-cross-origin\" allowfullscreen src=\"data:image\/gif;base64,R0lGODlhAQABAAAAACH5BAEKAAEALAAAAAABAAEAAAICTAEAOw==\" class=\"lazyload\" data-load-mode=\"1\"><\/iframe>\n<\/div><\/figure>\n\n\n\n<p><\/p>\n\n\n\n<p><strong>M\u00f6chtest du das vollst\u00e4ndige Webinar sehen?<\/strong> F\u00fclle das untenstehende Formular aus und wir senden Dir den vollst\u00e4ndigen Webinar-Link direkt an Deine E-Mail-Adresse<\/p>\n\n\n\n<script charset=\"utf-8\" type=\"text\/javascript\" src=\"\/\/js.hsforms.net\/forms\/embed\/v2.js\"><\/script>\n<script>\n  hbspt.forms.create({\n    portalId: \"4873065\",\n    formId: \"7b3d8585-2fdd-4306-9370-0006d3fccaa4\"\n  });\n<\/script>\n\n\n\n<p><\/p>\n\n\n\n<p>In unserem Webinar mit David Nasseri, Workplace Service Manager bei Google, wurden die innovativen Mobilit\u00e4tsl\u00f6sungen f\u00fcr Mitarbeiter von Google in Z\u00fcrich, Schweiz, vorgestellt. Als unser erster Firmenkunde bietet Google seinen Mitarbeitern E-Bikes und E-Autos an und f\u00f6rdert so multimodale, emissionsarme Transportm\u00f6glichkeiten. Die Partnerschaft begann mit E-Bikes, wurde aber um E-Autos erweitert. Als unsere ersten Nutzer und durch ihr kontinuierliches wertvolles Feedback waren sie von Anfang an Teil unserer Reise.<\/p>\n\n\n\n<p>Zu den wichtigsten Aspekten des Dienstes geh\u00f6ren:<\/p>\n\n\n\n<ul class=\"wp-block-list\">\n<li><strong>Shared Mobility<\/strong>: Komplettservice von Urban Connect, der Wartung, Versicherung und Branding umfasst, sodass sich Kunden wie Google auf das Kernegesch\u00e4ft konzentrieren k\u00f6nnen. <\/li>\n\n\n\n<li><strong>Technologieintegration<\/strong>: Google-Mitarbeiter nutzen eine App f\u00fcr die nahtlose Buchung von E-bikes und E-Autos, was die Logistik sowohl f\u00fcr den gesch\u00e4ftlichen als auch f\u00fcr den privaten Gebrauch vereinfacht.<\/li>\n\n\n\n<li><strong>Nachhaltigkeit und Innovation<\/strong>: Googles Engagement f\u00fcr Elektromobilit\u00e4t steht im Einklang mit seinen umweltfreundlichen Zielen, die Abh\u00e4ngigkeit von Verbrennungsmotoren zu reduzieren.<\/li>\n<\/ul>\n\n\n\n<blockquote class=\"wp-block-quote is-layout-flow wp-block-quote-is-layout-flow\">\n<p>\u201eWir wollen wirklich Anreize f\u00fcr bestimmte Verhaltensweisen schaffen, ja. Wir wollen nicht unbedingt vorschreiben, was man tun soll. Wir wollen den Menschen die M\u00f6glichkeit geben, selbst zu entscheiden.\u201c<\/p>\n<\/blockquote>\n\n\n\n<p>Nasseri betonte die Flexibilit\u00e4t des Systems, das es den Mitarbeitern erm\u00f6glicht, Fahrr\u00e4der und Autos nach Bedarf zu nutzen, wodurch die Notwendigkeit des eigenen Autos verringert und ein nachhaltigerer Arbeitsweg gef\u00f6rdert wird. Googles Fokus auf Benutzererfahrung, Mitarbeiterbindung und Nachhaltigkeit hat das Mobilit\u00e4tsprogramm des Unternehmens zu einem Vorbild f\u00fcr andere Unternehmen gemacht, die die Mobilit\u00e4t in ihrem Unternehmen verbessern m\u00f6chten.<\/p>\n\n\n\n<p>In der Sitzung wurde hervorgehoben, wie wichtig es ist, Mobilit\u00e4tsl\u00f6sungen an die spezifischen Bed\u00fcrfnisse des Unternehmens anzupassen, den Mitarbeitern Flexibilit\u00e4t zu bieten und ein reibungsloses und skalierbares Erlebnis zu gew\u00e4hrleisten.<\/p>\n\n\n\n<p>Change Mobility &#8211; Change the World<\/p>\n\n\n    <section class=\"related-posts\">\n        <div class=\"container\">\n            <h4 class=\"block-title\"><\/h4>\n        <\/div>\n        <div class=\"container posts-wrap\">\n            <div class=\"swiper swiper-related-posts\">\n                <div class=\"swiper-wrapper\">\n                                            <div class=\"swiper-slide\">\n                            <div class=\"card-horizontal\">\n    <div class=\"left-side\">\n                    <a href=\"https:\/\/urban-connect.com\/de\/news\/wheels-wine-2026-eine-wegweisende-ausgabe-die-die-zukunft-der-unternehmensmobilitaet-gestaltet\/\">\n                <img decoding=\"async\" \n                    class=\"image lazyload\" data-src=\"https:\/\/urban-connect.com\/wp-content\/uploads\/2026\/03\/F06A4076-768x512.jpg\"\n                    data-srcset=\"https:\/\/urban-connect.com\/wp-content\/uploads\/2026\/03\/F06A4076-768x512.jpg 768w, https:\/\/urban-connect.com\/wp-content\/uploads\/2026\/03\/F06A4076-300x200.jpg 300w, https:\/\/urban-connect.com\/wp-content\/uploads\/2026\/03\/F06A4076-1024x683.jpg 1024w, https:\/\/urban-connect.com\/wp-content\/uploads\/2026\/03\/F06A4076-1536x1024.jpg 1536w, https:\/\/urban-connect.com\/wp-content\/uploads\/2026\/03\/F06A4076-2048x1365.jpg 2048w, https:\/\/urban-connect.com\/wp-content\/uploads\/2026\/03\/F06A4076-1620x1080.jpg 1620w\"\n                    data-sizes=\"(max-width: 768px) 100vw, 768px\"\n                    alt=\"Wheels &amp; Wine 2026 \u2013 Eine wegweisende Ausgabe, die die Zukunft der Unternehmensmobilit\u00e4t gestaltet\"\n                 src=\"data:image\/gif;base64,R0lGODlhAQABAAAAACH5BAEKAAEALAAAAAABAAEAAAICTAEAOw==\" style=\"--smush-placeholder-width: 768px; --smush-placeholder-aspect-ratio: 768\/512;\"><noscript><img decoding=\"async\" \n                    class=\"image\" src=\"https:\/\/urban-connect.com\/wp-content\/uploads\/2026\/03\/F06A4076-768x512.jpg\"\n                    srcset=\"https:\/\/urban-connect.com\/wp-content\/uploads\/2026\/03\/F06A4076-768x512.jpg 768w, https:\/\/urban-connect.com\/wp-content\/uploads\/2026\/03\/F06A4076-300x200.jpg 300w, https:\/\/urban-connect.com\/wp-content\/uploads\/2026\/03\/F06A4076-1024x683.jpg 1024w, https:\/\/urban-connect.com\/wp-content\/uploads\/2026\/03\/F06A4076-1536x1024.jpg 1536w, https:\/\/urban-connect.com\/wp-content\/uploads\/2026\/03\/F06A4076-2048x1365.jpg 2048w, https:\/\/urban-connect.com\/wp-content\/uploads\/2026\/03\/F06A4076-1620x1080.jpg 1620w\"\n                    sizes=\"(max-width: 768px) 100vw, 768px\"\n                    alt=\"Wheels &amp; Wine 2026 \u2013 Eine wegweisende Ausgabe, die die Zukunft der Unternehmensmobilit\u00e4t gestaltet\"\n                ><\/noscript>\n            <\/a>\n                <\/div>\n    <div class=\"right-side\">\n                    <a href=\"https:\/\/urban-connect.com\/de\/news\/wheels-wine-2026-eine-wegweisende-ausgabe-die-die-zukunft-der-unternehmensmobilitaet-gestaltet\/\">\n                <h6 class=\"title\">Wheels &amp; Wine 2026 \u2013 Eine wegweisende Ausgabe, die die Zukunft der Unternehmensmobilit\u00e4t gestaltet<\/h6>\n            <\/a>\n                        <span class=\"date\">M\u00e4rz 24, 2026 <\/span>\n            \n\t        <\/div>\n<\/div>                        <\/div>\n                                                <div class=\"swiper-slide\">\n                            <div class=\"card-horizontal\">\n    <div class=\"left-side\">\n                    <a href=\"https:\/\/urban-connect.com\/de\/news\/was-passiert-wenn-das-laden-von-elektroautos-endlich-funktioniert-wie-urban-connect-und-zaptec-eine-bessere-ladeinfrastruktur-fuer-elektroautos-geschaffen-haben\/\">\n                <img decoding=\"async\" \n                    class=\"image lazyload\" data-src=\"https:\/\/urban-connect.com\/wp-content\/uploads\/2026\/03\/Zaptec-cover-3-1-768x453.png\"\n                    data-srcset=\"https:\/\/urban-connect.com\/wp-content\/uploads\/2026\/03\/Zaptec-cover-3-1-768x453.png 768w, https:\/\/urban-connect.com\/wp-content\/uploads\/2026\/03\/Zaptec-cover-3-1-300x177.png 300w, https:\/\/urban-connect.com\/wp-content\/uploads\/2026\/03\/Zaptec-cover-3-1-1024x604.png 1024w, https:\/\/urban-connect.com\/wp-content\/uploads\/2026\/03\/Zaptec-cover-3-1-1536x906.png 1536w, https:\/\/urban-connect.com\/wp-content\/uploads\/2026\/03\/Zaptec-cover-3-1-2048x1208.png 2048w, https:\/\/urban-connect.com\/wp-content\/uploads\/2026\/03\/Zaptec-cover-3-1-1831x1080.png 1831w\"\n                    data-sizes=\"(max-width: 768px) 100vw, 768px\"\n                    alt=\"Was passiert, wenn das Laden von Elektroautos endlich funktioniert?\"\n                 src=\"data:image\/gif;base64,R0lGODlhAQABAAAAACH5BAEKAAEALAAAAAABAAEAAAICTAEAOw==\" style=\"--smush-placeholder-width: 768px; --smush-placeholder-aspect-ratio: 768\/453;\"><noscript><img decoding=\"async\" \n                    class=\"image\" src=\"https:\/\/urban-connect.com\/wp-content\/uploads\/2026\/03\/Zaptec-cover-3-1-768x453.png\"\n                    srcset=\"https:\/\/urban-connect.com\/wp-content\/uploads\/2026\/03\/Zaptec-cover-3-1-768x453.png 768w, https:\/\/urban-connect.com\/wp-content\/uploads\/2026\/03\/Zaptec-cover-3-1-300x177.png 300w, https:\/\/urban-connect.com\/wp-content\/uploads\/2026\/03\/Zaptec-cover-3-1-1024x604.png 1024w, https:\/\/urban-connect.com\/wp-content\/uploads\/2026\/03\/Zaptec-cover-3-1-1536x906.png 1536w, https:\/\/urban-connect.com\/wp-content\/uploads\/2026\/03\/Zaptec-cover-3-1-2048x1208.png 2048w, https:\/\/urban-connect.com\/wp-content\/uploads\/2026\/03\/Zaptec-cover-3-1-1831x1080.png 1831w\"\n                    sizes=\"(max-width: 768px) 100vw, 768px\"\n                    alt=\"Was passiert, wenn das Laden von Elektroautos endlich funktioniert?\"\n                ><\/noscript>\n            <\/a>\n                <\/div>\n    <div class=\"right-side\">\n                    <a href=\"https:\/\/urban-connect.com\/de\/news\/was-passiert-wenn-das-laden-von-elektroautos-endlich-funktioniert-wie-urban-connect-und-zaptec-eine-bessere-ladeinfrastruktur-fuer-elektroautos-geschaffen-haben\/\">\n                <h6 class=\"title\">Was passiert, wenn das Laden von Elektroautos endlich funktioniert?<\/h6>\n            <\/a>\n                        <span class=\"date\">M\u00e4rz 17, 2026 <\/span>\n            \n\t        <\/div>\n<\/div>                        <\/div>\n                                                <div class=\"swiper-slide\">\n                            <div class=\"card-horizontal\">\n    <div class=\"left-side\">\n                    <a href=\"https:\/\/urban-connect.com\/de\/news\/fallstudie-im-blickpunkt-lonza-visps-partnerschaft-fuer-nachhaltige-mobilitaet-mit-urban-connect\/\">\n                <img decoding=\"async\" \n                    class=\"image lazyload\" data-src=\"https:\/\/urban-connect.com\/wp-content\/uploads\/2026\/02\/HELSANA-x-UC-banner-768x511.png\"\n                    data-srcset=\"https:\/\/urban-connect.com\/wp-content\/uploads\/2026\/02\/HELSANA-x-UC-banner-768x511.png 768w, https:\/\/urban-connect.com\/wp-content\/uploads\/2026\/02\/HELSANA-x-UC-banner-300x199.png 300w, https:\/\/urban-connect.com\/wp-content\/uploads\/2026\/02\/HELSANA-x-UC-banner-1024x681.png 1024w, https:\/\/urban-connect.com\/wp-content\/uploads\/2026\/02\/HELSANA-x-UC-banner-1536x1021.png 1536w, https:\/\/urban-connect.com\/wp-content\/uploads\/2026\/02\/HELSANA-x-UC-banner.png 1590w\"\n                    data-sizes=\"(max-width: 768px) 100vw, 768px\"\n                    alt=\"Fallstudie im Blickpunkt: Helsana erm\u00f6glicht \u00fcber 3'400 Mitarbeitenden ein Urban Connect Mobility Budget \u2013 dank SCIM ganz reibungslos.\"\n                 src=\"data:image\/gif;base64,R0lGODlhAQABAAAAACH5BAEKAAEALAAAAAABAAEAAAICTAEAOw==\" style=\"--smush-placeholder-width: 768px; --smush-placeholder-aspect-ratio: 768\/511;\"><noscript><img decoding=\"async\" \n                    class=\"image\" src=\"https:\/\/urban-connect.com\/wp-content\/uploads\/2026\/02\/HELSANA-x-UC-banner-768x511.png\"\n                    srcset=\"https:\/\/urban-connect.com\/wp-content\/uploads\/2026\/02\/HELSANA-x-UC-banner-768x511.png 768w, https:\/\/urban-connect.com\/wp-content\/uploads\/2026\/02\/HELSANA-x-UC-banner-300x199.png 300w, https:\/\/urban-connect.com\/wp-content\/uploads\/2026\/02\/HELSANA-x-UC-banner-1024x681.png 1024w, https:\/\/urban-connect.com\/wp-content\/uploads\/2026\/02\/HELSANA-x-UC-banner-1536x1021.png 1536w, https:\/\/urban-connect.com\/wp-content\/uploads\/2026\/02\/HELSANA-x-UC-banner.png 1590w\"\n                    sizes=\"(max-width: 768px) 100vw, 768px\"\n                    alt=\"Fallstudie im Blickpunkt: Helsana erm\u00f6glicht \u00fcber 3'400 Mitarbeitenden ein Urban Connect Mobility Budget \u2013 dank SCIM ganz reibungslos.\"\n                ><\/noscript>\n            <\/a>\n                <\/div>\n    <div class=\"right-side\">\n                    <a href=\"https:\/\/urban-connect.com\/de\/news\/fallstudie-im-blickpunkt-lonza-visps-partnerschaft-fuer-nachhaltige-mobilitaet-mit-urban-connect\/\">\n                <h6 class=\"title\">Fallstudie im Blickpunkt: Helsana erm\u00f6glicht \u00fcber 3&#8217;400 Mitarbeitenden ein Urban Connect Mobility Budget \u2013 dank SCIM ganz reibungslos.<\/h6>\n            <\/a>\n                        <span class=\"date\">Februar 05, 2026 <\/span>\n            \n\t        <\/div>\n<\/div>                        <\/div>\n                                        <\/div>\n                <div class=\"btn-slider \">\n    <div class=\"prev\">\n        <svg width=\"22\" height=\"12\" viewBox=\"0 0 22 12\" fill=\"none\" xmlns=\"http:\/\/www.w3.org\/2000\/svg\">\n            <path d=\"M5.094 4.476L7.74 1.83L6.03 0.102L0.432 5.7L6.03 11.298L7.74 9.57L5.076 6.906H21.42V4.476H5.094Z\" fill=\"white\"\/>\n        <\/svg>\n    <\/div>\n    <div class=\"next\">\n        <svg width=\"22\" height=\"12\" viewBox=\"0 0 22 12\" fill=\"none\" xmlns=\"http:\/\/www.w3.org\/2000\/svg\">\n            <path d=\"M14.292 1.83L16.938 4.476H0.612V6.906H16.956L14.292 9.57L16.002 11.298L21.6 5.7L16.002 0.102L14.292 1.83Z\" fill=\"white\"\/>\n        <\/svg>\n    <\/div>\n<\/div>            <\/div>\n        <\/div>\n    <\/section>\n    ","protected":false},"excerpt":{"rendered":"<p>Hier ein kurzer Einblick in das Webinar M\u00f6chtest du das vollst\u00e4ndige Webinar sehen? F\u00fclle das untenstehende Formular aus und wir senden Dir den vollst\u00e4ndigen Webinar-Link direkt an Deine E-Mail-Adresse In unserem Webinar mit David Nasseri, Workplace Service Manager bei Google, wurden die innovativen Mobilit\u00e4tsl\u00f6sungen f\u00fcr Mitarbeiter von Google in Z\u00fcrich, Schweiz, vorgestellt. Als unser erster [&hellip;]<\/p>\n","protected":false},"featured_media":6752,"parent":0,"template":"","news_category":[43],"class_list":["post-6756","news","type-news","status-publish","has-post-thumbnail","hentry","news_category-webinars-de"],"acf":[],"yoast_head":"<!-- This site is optimized with the Yoast SEO plugin v23.2 - https:\/\/yoast.com\/wordpress\/plugins\/seo\/ -->\n<title>Lunch&amp;Learn \u2013 E-Car- und E-Bike-Sharing f\u00fcr Unternehmen: Wie Google bei der Mitarbeitermobilit\u00e4t Pionierarbeit geleistet hat - Urban Connect<\/title>\n<meta name=\"robots\" content=\"index, follow, max-snippet:-1, max-image-preview:large, max-video-preview:-1\" \/>\n<link rel=\"canonical\" href=\"https:\/\/urban-connect.com\/de\/news\/e-car-und-e-bike-sharing-fur-unternehmen-wie-google-bei-der-mitarbeitermobilitat-pionierarbeit-geleistet-hat\/\" \/>\n<meta property=\"og:locale\" content=\"de_DE\" \/>\n<meta property=\"og:type\" content=\"article\" \/>\n<meta property=\"og:title\" content=\"Lunch&amp;Learn \u2013 E-Car- und E-Bike-Sharing f\u00fcr Unternehmen: Wie Google bei der Mitarbeitermobilit\u00e4t Pionierarbeit geleistet hat - Urban Connect\" \/>\n<meta property=\"og:description\" content=\"Hier ein kurzer Einblick in das Webinar M\u00f6chtest du das vollst\u00e4ndige Webinar sehen? F\u00fclle das untenstehende Formular aus und wir senden Dir den vollst\u00e4ndigen Webinar-Link direkt an Deine E-Mail-Adresse In unserem Webinar mit David Nasseri, Workplace Service Manager bei Google, wurden die innovativen Mobilit\u00e4tsl\u00f6sungen f\u00fcr Mitarbeiter von Google in Z\u00fcrich, Schweiz, vorgestellt. Als unser erster [&hellip;]\" \/>\n<meta property=\"og:url\" content=\"https:\/\/urban-connect.com\/de\/news\/e-car-und-e-bike-sharing-fur-unternehmen-wie-google-bei-der-mitarbeitermobilitat-pionierarbeit-geleistet-hat\/\" \/>\n<meta property=\"og:site_name\" content=\"Urban Connect\" \/>\n<meta property=\"article:modified_time\" content=\"2024-11-11T10:32:56+00:00\" \/>\n<meta property=\"og:image\" content=\"https:\/\/urban-connect.com\/wp-content\/uploads\/2024\/10\/DavidNasseri_Webinar-scaled.jpg\" \/>\n\t<meta property=\"og:image:width\" content=\"2560\" \/>\n\t<meta property=\"og:image:height\" content=\"1923\" \/>\n\t<meta property=\"og:image:type\" content=\"image\/jpeg\" \/>\n<meta name=\"twitter:card\" content=\"summary_large_image\" \/>\n<meta name=\"twitter:label1\" content=\"Gesch\u00e4tzte Lesezeit\" \/>\n\t<meta name=\"twitter:data1\" content=\"2\u00a0Minuten\" \/>\n<script type=\"application\/ld+json\" class=\"yoast-schema-graph\">{\"@context\":\"https:\/\/schema.org\",\"@graph\":[{\"@type\":\"WebPage\",\"@id\":\"https:\/\/urban-connect.com\/de\/news\/e-car-und-e-bike-sharing-fur-unternehmen-wie-google-bei-der-mitarbeitermobilitat-pionierarbeit-geleistet-hat\/\",\"url\":\"https:\/\/urban-connect.com\/de\/news\/e-car-und-e-bike-sharing-fur-unternehmen-wie-google-bei-der-mitarbeitermobilitat-pionierarbeit-geleistet-hat\/\",\"name\":\"Lunch&amp;Learn \u2013 E-Car- und E-Bike-Sharing f\u00fcr Unternehmen: Wie Google bei der Mitarbeitermobilit\u00e4t Pionierarbeit geleistet hat - Urban Connect\",\"isPartOf\":{\"@id\":\"https:\/\/urban-connect.com\/de\/#website\"},\"primaryImageOfPage\":{\"@id\":\"https:\/\/urban-connect.com\/de\/news\/e-car-und-e-bike-sharing-fur-unternehmen-wie-google-bei-der-mitarbeitermobilitat-pionierarbeit-geleistet-hat\/#primaryimage\"},\"image\":{\"@id\":\"https:\/\/urban-connect.com\/de\/news\/e-car-und-e-bike-sharing-fur-unternehmen-wie-google-bei-der-mitarbeitermobilitat-pionierarbeit-geleistet-hat\/#primaryimage\"},\"thumbnailUrl\":\"https:\/\/urban-connect.com\/wp-content\/uploads\/2024\/10\/DavidNasseri_Webinar-scaled.jpg\",\"datePublished\":\"2024-09-26T09:41:00+00:00\",\"dateModified\":\"2024-11-11T10:32:56+00:00\",\"breadcrumb\":{\"@id\":\"https:\/\/urban-connect.com\/de\/news\/e-car-und-e-bike-sharing-fur-unternehmen-wie-google-bei-der-mitarbeitermobilitat-pionierarbeit-geleistet-hat\/#breadcrumb\"},\"inLanguage\":\"de\",\"potentialAction\":[{\"@type\":\"ReadAction\",\"target\":[\"https:\/\/urban-connect.com\/de\/news\/e-car-und-e-bike-sharing-fur-unternehmen-wie-google-bei-der-mitarbeitermobilitat-pionierarbeit-geleistet-hat\/\"]}]},{\"@type\":\"ImageObject\",\"inLanguage\":\"de\",\"@id\":\"https:\/\/urban-connect.com\/de\/news\/e-car-und-e-bike-sharing-fur-unternehmen-wie-google-bei-der-mitarbeitermobilitat-pionierarbeit-geleistet-hat\/#primaryimage\",\"url\":\"https:\/\/urban-connect.com\/wp-content\/uploads\/2024\/10\/DavidNasseri_Webinar-scaled.jpg\",\"contentUrl\":\"https:\/\/urban-connect.com\/wp-content\/uploads\/2024\/10\/DavidNasseri_Webinar-scaled.jpg\",\"width\":2560,\"height\":1923,\"caption\":\"David Nasseri Webinar\"},{\"@type\":\"BreadcrumbList\",\"@id\":\"https:\/\/urban-connect.com\/de\/news\/e-car-und-e-bike-sharing-fur-unternehmen-wie-google-bei-der-mitarbeitermobilitat-pionierarbeit-geleistet-hat\/#breadcrumb\",\"itemListElement\":[{\"@type\":\"ListItem\",\"position\":1,\"name\":\"Home\",\"item\":\"https:\/\/urban-connect.com\/de\/\"},{\"@type\":\"ListItem\",\"position\":2,\"name\":\"Lunch&amp;Learn \u2013 E-Car- und E-Bike-Sharing f\u00fcr Unternehmen: Wie Google bei der Mitarbeitermobilit\u00e4t Pionierarbeit geleistet hat\"}]},{\"@type\":\"WebSite\",\"@id\":\"https:\/\/urban-connect.com\/de\/#website\",\"url\":\"https:\/\/urban-connect.com\/de\/\",\"name\":\"Urban Connect\",\"description\":\"\",\"potentialAction\":[{\"@type\":\"SearchAction\",\"target\":{\"@type\":\"EntryPoint\",\"urlTemplate\":\"https:\/\/urban-connect.com\/de\/?s={search_term_string}\"},\"query-input\":\"required name=search_term_string\"}],\"inLanguage\":\"de\"}]}<\/script>\n<!-- \/ Yoast SEO plugin. -->","yoast_head_json":{"title":"Lunch&amp;Learn \u2013 E-Car- und E-Bike-Sharing f\u00fcr Unternehmen: Wie Google bei der Mitarbeitermobilit\u00e4t Pionierarbeit geleistet hat - Urban Connect","robots":{"index":"index","follow":"follow","max-snippet":"max-snippet:-1","max-image-preview":"max-image-preview:large","max-video-preview":"max-video-preview:-1"},"canonical":"https:\/\/urban-connect.com\/de\/news\/e-car-und-e-bike-sharing-fur-unternehmen-wie-google-bei-der-mitarbeitermobilitat-pionierarbeit-geleistet-hat\/","og_locale":"de_DE","og_type":"article","og_title":"Lunch&amp;Learn \u2013 E-Car- und E-Bike-Sharing f\u00fcr Unternehmen: Wie Google bei der Mitarbeitermobilit\u00e4t Pionierarbeit geleistet hat - Urban Connect","og_description":"Hier ein kurzer Einblick in das Webinar M\u00f6chtest du das vollst\u00e4ndige Webinar sehen? F\u00fclle das untenstehende Formular aus und wir senden Dir den vollst\u00e4ndigen Webinar-Link direkt an Deine E-Mail-Adresse In unserem Webinar mit David Nasseri, Workplace Service Manager bei Google, wurden die innovativen Mobilit\u00e4tsl\u00f6sungen f\u00fcr Mitarbeiter von Google in Z\u00fcrich, Schweiz, vorgestellt. Als unser erster [&hellip;]","og_url":"https:\/\/urban-connect.com\/de\/news\/e-car-und-e-bike-sharing-fur-unternehmen-wie-google-bei-der-mitarbeitermobilitat-pionierarbeit-geleistet-hat\/","og_site_name":"Urban Connect","article_modified_time":"2024-11-11T10:32:56+00:00","og_image":[{"width":2560,"height":1923,"url":"https:\/\/urban-connect.com\/wp-content\/uploads\/2024\/10\/DavidNasseri_Webinar-scaled.jpg","type":"image\/jpeg"}],"twitter_card":"summary_large_image","twitter_misc":{"Gesch\u00e4tzte Lesezeit":"2\u00a0Minuten"},"schema":{"@context":"https:\/\/schema.org","@graph":[{"@type":"WebPage","@id":"https:\/\/urban-connect.com\/de\/news\/e-car-und-e-bike-sharing-fur-unternehmen-wie-google-bei-der-mitarbeitermobilitat-pionierarbeit-geleistet-hat\/","url":"https:\/\/urban-connect.com\/de\/news\/e-car-und-e-bike-sharing-fur-unternehmen-wie-google-bei-der-mitarbeitermobilitat-pionierarbeit-geleistet-hat\/","name":"Lunch&amp;Learn \u2013 E-Car- und E-Bike-Sharing f\u00fcr Unternehmen: Wie Google bei der Mitarbeitermobilit\u00e4t Pionierarbeit geleistet hat - Urban Connect","isPartOf":{"@id":"https:\/\/urban-connect.com\/de\/#website"},"primaryImageOfPage":{"@id":"https:\/\/urban-connect.com\/de\/news\/e-car-und-e-bike-sharing-fur-unternehmen-wie-google-bei-der-mitarbeitermobilitat-pionierarbeit-geleistet-hat\/#primaryimage"},"image":{"@id":"https:\/\/urban-connect.com\/de\/news\/e-car-und-e-bike-sharing-fur-unternehmen-wie-google-bei-der-mitarbeitermobilitat-pionierarbeit-geleistet-hat\/#primaryimage"},"thumbnailUrl":"https:\/\/urban-connect.com\/wp-content\/uploads\/2024\/10\/DavidNasseri_Webinar-scaled.jpg","datePublished":"2024-09-26T09:41:00+00:00","dateModified":"2024-11-11T10:32:56+00:00","breadcrumb":{"@id":"https:\/\/urban-connect.com\/de\/news\/e-car-und-e-bike-sharing-fur-unternehmen-wie-google-bei-der-mitarbeitermobilitat-pionierarbeit-geleistet-hat\/#breadcrumb"},"inLanguage":"de","potentialAction":[{"@type":"ReadAction","target":["https:\/\/urban-connect.com\/de\/news\/e-car-und-e-bike-sharing-fur-unternehmen-wie-google-bei-der-mitarbeitermobilitat-pionierarbeit-geleistet-hat\/"]}]},{"@type":"ImageObject","inLanguage":"de","@id":"https:\/\/urban-connect.com\/de\/news\/e-car-und-e-bike-sharing-fur-unternehmen-wie-google-bei-der-mitarbeitermobilitat-pionierarbeit-geleistet-hat\/#primaryimage","url":"https:\/\/urban-connect.com\/wp-content\/uploads\/2024\/10\/DavidNasseri_Webinar-scaled.jpg","contentUrl":"https:\/\/urban-connect.com\/wp-content\/uploads\/2024\/10\/DavidNasseri_Webinar-scaled.jpg","width":2560,"height":1923,"caption":"David Nasseri Webinar"},{"@type":"BreadcrumbList","@id":"https:\/\/urban-connect.com\/de\/news\/e-car-und-e-bike-sharing-fur-unternehmen-wie-google-bei-der-mitarbeitermobilitat-pionierarbeit-geleistet-hat\/#breadcrumb","itemListElement":[{"@type":"ListItem","position":1,"name":"Home","item":"https:\/\/urban-connect.com\/de\/"},{"@type":"ListItem","position":2,"name":"Lunch&amp;Learn \u2013 E-Car- und E-Bike-Sharing f\u00fcr Unternehmen: Wie Google bei der Mitarbeitermobilit\u00e4t Pionierarbeit geleistet hat"}]},{"@type":"WebSite","@id":"https:\/\/urban-connect.com\/de\/#website","url":"https:\/\/urban-connect.com\/de\/","name":"Urban Connect","description":"","potentialAction":[{"@type":"SearchAction","target":{"@type":"EntryPoint","urlTemplate":"https:\/\/urban-connect.com\/de\/?s={search_term_string}"},"query-input":"required name=search_term_string"}],"inLanguage":"de"}]}},"_links":{"self":[{"href":"https:\/\/urban-connect.com\/de\/wp-json\/wp\/v2\/news\/6756","targetHints":{"allow":["GET"]}}],"collection":[{"href":"https:\/\/urban-connect.com\/de\/wp-json\/wp\/v2\/news"}],"about":[{"href":"https:\/\/urban-connect.com\/de\/wp-json\/wp\/v2\/types\/news"}],"wp:featuredmedia":[{"embeddable":true,"href":"https:\/\/urban-connect.com\/de\/wp-json\/wp\/v2\/media\/6752"}],"wp:attachment":[{"href":"https:\/\/urban-connect.com\/de\/wp-json\/wp\/v2\/media?parent=6756"}],"wp:term":[{"taxonomy":"news_category","embeddable":true,"href":"https:\/\/urban-connect.com\/de\/wp-json\/wp\/v2\/news_category?post=6756"}],"curies":[{"name":"wp","href":"https:\/\/api.w.org\/{rel}","templated":true}]}}