{"id":6722,"date":"2024-08-29T11:30:00","date_gmt":"2024-08-29T11:30:00","guid":{"rendered":"https:\/\/urban-connect.com\/?post_type=news&#038;p=6722"},"modified":"2024-11-26T14:28:01","modified_gmt":"2024-11-26T14:28:01","slug":"wie-lindt-amp-sprungli-mit-betrieblichem-e-bike-sharing-ihre-hr-strategie-rund-um-bewegung-und-gesundheit-lebt","status":"publish","type":"news","link":"https:\/\/urban-connect.com\/de\/news\/wie-lindt-amp-sprungli-mit-betrieblichem-e-bike-sharing-ihre-hr-strategie-rund-um-bewegung-und-gesundheit-lebt\/","title":{"rendered":"Lunch&amp;Learn &#8211; Wie Lindt &amp; Spr\u00fcngli mit betrieblichem E-Bike-Sharing ihre HR-Strategie rund um Bewegung und Gesundheit lebt"},"content":{"rendered":"\n<p><strong>Hier ein kurzer Einblick in das Webinar<\/strong><\/p>\n\n\n\n<p><\/p>\n\n\n\n<figure class=\"wp-block-embed is-type-video is-provider-youtube wp-block-embed-youtube wp-embed-aspect-16-9 wp-has-aspect-ratio\"><div class=\"wp-block-embed__wrapper\">\n<iframe loading=\"lazy\" title=\"Lunch&amp;Learn - Lindt &amp; Spr\u00fcngli f\u00f6rdert mit E-Bike-Sharing ihre HR-Strategie f\u00fcr Bewegung\" width=\"500\" height=\"281\" data-src=\"https:\/\/www.youtube.com\/embed\/eqU5R6Xe_qM?feature=oembed\" frameborder=\"0\" allow=\"accelerometer; autoplay; clipboard-write; encrypted-media; gyroscope; picture-in-picture; web-share\" referrerpolicy=\"strict-origin-when-cross-origin\" allowfullscreen src=\"data:image\/gif;base64,R0lGODlhAQABAAAAACH5BAEKAAEALAAAAAABAAEAAAICTAEAOw==\" class=\"lazyload\" data-load-mode=\"1\"><\/iframe>\n<\/div><\/figure>\n\n\n\n<p><\/p>\n\n\n\n<p><strong>M\u00f6chtest du das vollst\u00e4ndige Webinar sehen?<\/strong>\u00a0F\u00fclle das untenstehende Formular aus und wir senden Dir den vollst\u00e4ndigen Webinar-Link direkt an Deine E-Mail-Adresse<\/p>\n\n\n\n<script charset=\"utf-8\" type=\"text\/javascript\" src=\"\/\/js.hsforms.net\/forms\/embed\/v2.js\"><\/script>\n<script>\n  hbspt.forms.create({\n    portalId: \"4873065\",\n    formId: \"0b844dc7-6484-47d6-a170-87c4f4e2a78c\"\n  });\n<\/script>\n\n\n\n<p><\/p>\n\n\n\n<p>Erfahr, wie die E-Bike-Sharing-Initiative von Lindt &amp; Spr\u00fcngli, die seit 2020 Teil der Personalstrategie ist, die Gesundheit und das Wohlbefinden der Mitarbeiter f\u00f6rdert und eine nachhaltige Pendelm\u00f6glichkeit bietet. Claudia Di Giuseppe, Personaldirektorin bei Lindt, berichtet, wie \u00fcber 400 Mitarbeiter von dem Programm profitieren und sowohl das Pendeln als auch die private Nutzung von E-Bikes genie\u00dfen, was zu einer Verbesserung des k\u00f6rperlichen und geistigen Wohlbefindens, einer Verringerung des Krankenstands und einer St\u00e4rkung der Unternehmenskultur gef\u00fchrt hat.<\/p>\n\n\n\n<p><strong>Wichtige Erkenntnisse des Webinars<\/strong>:<\/p>\n\n\n\n<ul class=\"wp-block-list\">\n<li><strong>Gesundheit und Nachhaltigkeit im Fokus<\/strong>: Urban Connect zielt darauf ab, die Gesundheit und das Wohlbefinden der Mitarbeiter durch E-Bike-Sharing-Initiativen zu f\u00f6rdern und so aktives Pendeln und nachhaltige Transportm\u00f6glichkeiten zu unterst\u00fctzen.<\/li>\n\n\n\n<li><strong>Umsetzung des E-Bike-Programms bei Lindt<\/strong>: Die erfolgreiche Einf\u00fchrung des E-Bike-Programms bei Lindt wird erl\u00e4utert und zeigt, wie die Initiative f\u00fcr die Mitarbeiter effektiv umgesetzt wurde.<\/li>\n\n\n\n<li><strong>Mitarbeiterfeedback und Nutzung<\/strong>: Die Ergebnisse und Daten zur Teilnahme der Mitarbeiter am E-Bike-Programm zeigen ein positives Feedback und hohe Nutzungsraten, was auf eine starke Akzeptanz in der Belegschaft hindeutet.<\/li>\n<\/ul>\n\n\n\n<p>Change Mobility \u2013 Change the World<\/p>\n\n\n    <section class=\"related-posts\">\n        <div class=\"container\">\n            <h4 class=\"block-title\"><\/h4>\n        <\/div>\n        <div class=\"container posts-wrap\">\n            <div class=\"swiper swiper-related-posts\">\n                <div class=\"swiper-wrapper\">\n                                            <div class=\"swiper-slide\">\n                            <div class=\"card-horizontal\">\n    <div class=\"left-side\">\n                    <a href=\"https:\/\/urban-connect.com\/de\/news\/wheels-wine-2026-eine-wegweisende-ausgabe-die-die-zukunft-der-unternehmensmobilitaet-gestaltet\/\">\n                <img decoding=\"async\" \n                    class=\"image lazyload\" data-src=\"https:\/\/urban-connect.com\/wp-content\/uploads\/2026\/03\/F06A4076-768x512.jpg\"\n                    data-srcset=\"https:\/\/urban-connect.com\/wp-content\/uploads\/2026\/03\/F06A4076-768x512.jpg 768w, https:\/\/urban-connect.com\/wp-content\/uploads\/2026\/03\/F06A4076-300x200.jpg 300w, https:\/\/urban-connect.com\/wp-content\/uploads\/2026\/03\/F06A4076-1024x683.jpg 1024w, https:\/\/urban-connect.com\/wp-content\/uploads\/2026\/03\/F06A4076-1536x1024.jpg 1536w, https:\/\/urban-connect.com\/wp-content\/uploads\/2026\/03\/F06A4076-2048x1365.jpg 2048w, https:\/\/urban-connect.com\/wp-content\/uploads\/2026\/03\/F06A4076-1620x1080.jpg 1620w\"\n                    data-sizes=\"(max-width: 768px) 100vw, 768px\"\n                    alt=\"Wheels &amp; Wine 2026 \u2013 Eine wegweisende Ausgabe, die die Zukunft der Unternehmensmobilit\u00e4t gestaltet\"\n                 src=\"data:image\/gif;base64,R0lGODlhAQABAAAAACH5BAEKAAEALAAAAAABAAEAAAICTAEAOw==\" style=\"--smush-placeholder-width: 768px; --smush-placeholder-aspect-ratio: 768\/512;\"><noscript><img decoding=\"async\" \n                    class=\"image\" src=\"https:\/\/urban-connect.com\/wp-content\/uploads\/2026\/03\/F06A4076-768x512.jpg\"\n                    srcset=\"https:\/\/urban-connect.com\/wp-content\/uploads\/2026\/03\/F06A4076-768x512.jpg 768w, https:\/\/urban-connect.com\/wp-content\/uploads\/2026\/03\/F06A4076-300x200.jpg 300w, https:\/\/urban-connect.com\/wp-content\/uploads\/2026\/03\/F06A4076-1024x683.jpg 1024w, https:\/\/urban-connect.com\/wp-content\/uploads\/2026\/03\/F06A4076-1536x1024.jpg 1536w, https:\/\/urban-connect.com\/wp-content\/uploads\/2026\/03\/F06A4076-2048x1365.jpg 2048w, https:\/\/urban-connect.com\/wp-content\/uploads\/2026\/03\/F06A4076-1620x1080.jpg 1620w\"\n                    sizes=\"(max-width: 768px) 100vw, 768px\"\n                    alt=\"Wheels &amp; Wine 2026 \u2013 Eine wegweisende Ausgabe, die die Zukunft der Unternehmensmobilit\u00e4t gestaltet\"\n                ><\/noscript>\n            <\/a>\n                <\/div>\n    <div class=\"right-side\">\n                    <a href=\"https:\/\/urban-connect.com\/de\/news\/wheels-wine-2026-eine-wegweisende-ausgabe-die-die-zukunft-der-unternehmensmobilitaet-gestaltet\/\">\n                <h6 class=\"title\">Wheels &amp; Wine 2026 \u2013 Eine wegweisende Ausgabe, die die Zukunft der Unternehmensmobilit\u00e4t gestaltet<\/h6>\n            <\/a>\n                        <span class=\"date\">M\u00e4rz 24, 2026 <\/span>\n            \n\t        <\/div>\n<\/div>                        <\/div>\n                                                <div class=\"swiper-slide\">\n                            <div class=\"card-horizontal\">\n    <div class=\"left-side\">\n                    <a href=\"https:\/\/urban-connect.com\/de\/news\/was-passiert-wenn-das-laden-von-elektroautos-endlich-funktioniert-wie-urban-connect-und-zaptec-eine-bessere-ladeinfrastruktur-fuer-elektroautos-geschaffen-haben\/\">\n                <img decoding=\"async\" \n                    class=\"image lazyload\" data-src=\"https:\/\/urban-connect.com\/wp-content\/uploads\/2026\/03\/Zaptec-cover-3-1-768x453.png\"\n                    data-srcset=\"https:\/\/urban-connect.com\/wp-content\/uploads\/2026\/03\/Zaptec-cover-3-1-768x453.png 768w, https:\/\/urban-connect.com\/wp-content\/uploads\/2026\/03\/Zaptec-cover-3-1-300x177.png 300w, https:\/\/urban-connect.com\/wp-content\/uploads\/2026\/03\/Zaptec-cover-3-1-1024x604.png 1024w, https:\/\/urban-connect.com\/wp-content\/uploads\/2026\/03\/Zaptec-cover-3-1-1536x906.png 1536w, https:\/\/urban-connect.com\/wp-content\/uploads\/2026\/03\/Zaptec-cover-3-1-2048x1208.png 2048w, https:\/\/urban-connect.com\/wp-content\/uploads\/2026\/03\/Zaptec-cover-3-1-1831x1080.png 1831w\"\n                    data-sizes=\"(max-width: 768px) 100vw, 768px\"\n                    alt=\"Was passiert, wenn das Laden von Elektroautos endlich funktioniert?\"\n                 src=\"data:image\/gif;base64,R0lGODlhAQABAAAAACH5BAEKAAEALAAAAAABAAEAAAICTAEAOw==\" style=\"--smush-placeholder-width: 768px; --smush-placeholder-aspect-ratio: 768\/453;\"><noscript><img decoding=\"async\" \n                    class=\"image\" src=\"https:\/\/urban-connect.com\/wp-content\/uploads\/2026\/03\/Zaptec-cover-3-1-768x453.png\"\n                    srcset=\"https:\/\/urban-connect.com\/wp-content\/uploads\/2026\/03\/Zaptec-cover-3-1-768x453.png 768w, https:\/\/urban-connect.com\/wp-content\/uploads\/2026\/03\/Zaptec-cover-3-1-300x177.png 300w, https:\/\/urban-connect.com\/wp-content\/uploads\/2026\/03\/Zaptec-cover-3-1-1024x604.png 1024w, https:\/\/urban-connect.com\/wp-content\/uploads\/2026\/03\/Zaptec-cover-3-1-1536x906.png 1536w, https:\/\/urban-connect.com\/wp-content\/uploads\/2026\/03\/Zaptec-cover-3-1-2048x1208.png 2048w, https:\/\/urban-connect.com\/wp-content\/uploads\/2026\/03\/Zaptec-cover-3-1-1831x1080.png 1831w\"\n                    sizes=\"(max-width: 768px) 100vw, 768px\"\n                    alt=\"Was passiert, wenn das Laden von Elektroautos endlich funktioniert?\"\n                ><\/noscript>\n            <\/a>\n                <\/div>\n    <div class=\"right-side\">\n                    <a href=\"https:\/\/urban-connect.com\/de\/news\/was-passiert-wenn-das-laden-von-elektroautos-endlich-funktioniert-wie-urban-connect-und-zaptec-eine-bessere-ladeinfrastruktur-fuer-elektroautos-geschaffen-haben\/\">\n                <h6 class=\"title\">Was passiert, wenn das Laden von Elektroautos endlich funktioniert?<\/h6>\n            <\/a>\n                        <span class=\"date\">M\u00e4rz 17, 2026 <\/span>\n            \n\t        <\/div>\n<\/div>                        <\/div>\n                                                <div class=\"swiper-slide\">\n                            <div class=\"card-horizontal\">\n    <div class=\"left-side\">\n                    <a href=\"https:\/\/urban-connect.com\/de\/news\/fallstudie-im-blickpunkt-lonza-visps-partnerschaft-fuer-nachhaltige-mobilitaet-mit-urban-connect\/\">\n                <img decoding=\"async\" \n                    class=\"image lazyload\" data-src=\"https:\/\/urban-connect.com\/wp-content\/uploads\/2026\/02\/HELSANA-x-UC-banner-768x511.png\"\n                    data-srcset=\"https:\/\/urban-connect.com\/wp-content\/uploads\/2026\/02\/HELSANA-x-UC-banner-768x511.png 768w, https:\/\/urban-connect.com\/wp-content\/uploads\/2026\/02\/HELSANA-x-UC-banner-300x199.png 300w, https:\/\/urban-connect.com\/wp-content\/uploads\/2026\/02\/HELSANA-x-UC-banner-1024x681.png 1024w, https:\/\/urban-connect.com\/wp-content\/uploads\/2026\/02\/HELSANA-x-UC-banner-1536x1021.png 1536w, https:\/\/urban-connect.com\/wp-content\/uploads\/2026\/02\/HELSANA-x-UC-banner.png 1590w\"\n                    data-sizes=\"(max-width: 768px) 100vw, 768px\"\n                    alt=\"Fallstudie im Blickpunkt: Helsana erm\u00f6glicht \u00fcber 3'400 Mitarbeitenden ein Urban Connect Mobility Budget \u2013 dank SCIM ganz reibungslos.\"\n                 src=\"data:image\/gif;base64,R0lGODlhAQABAAAAACH5BAEKAAEALAAAAAABAAEAAAICTAEAOw==\" style=\"--smush-placeholder-width: 768px; --smush-placeholder-aspect-ratio: 768\/511;\"><noscript><img decoding=\"async\" \n                    class=\"image\" src=\"https:\/\/urban-connect.com\/wp-content\/uploads\/2026\/02\/HELSANA-x-UC-banner-768x511.png\"\n                    srcset=\"https:\/\/urban-connect.com\/wp-content\/uploads\/2026\/02\/HELSANA-x-UC-banner-768x511.png 768w, https:\/\/urban-connect.com\/wp-content\/uploads\/2026\/02\/HELSANA-x-UC-banner-300x199.png 300w, https:\/\/urban-connect.com\/wp-content\/uploads\/2026\/02\/HELSANA-x-UC-banner-1024x681.png 1024w, https:\/\/urban-connect.com\/wp-content\/uploads\/2026\/02\/HELSANA-x-UC-banner-1536x1021.png 1536w, https:\/\/urban-connect.com\/wp-content\/uploads\/2026\/02\/HELSANA-x-UC-banner.png 1590w\"\n                    sizes=\"(max-width: 768px) 100vw, 768px\"\n                    alt=\"Fallstudie im Blickpunkt: Helsana erm\u00f6glicht \u00fcber 3'400 Mitarbeitenden ein Urban Connect Mobility Budget \u2013 dank SCIM ganz reibungslos.\"\n                ><\/noscript>\n            <\/a>\n                <\/div>\n    <div class=\"right-side\">\n                    <a href=\"https:\/\/urban-connect.com\/de\/news\/fallstudie-im-blickpunkt-lonza-visps-partnerschaft-fuer-nachhaltige-mobilitaet-mit-urban-connect\/\">\n                <h6 class=\"title\">Fallstudie im Blickpunkt: Helsana erm\u00f6glicht \u00fcber 3&#8217;400 Mitarbeitenden ein Urban Connect Mobility Budget \u2013 dank SCIM ganz reibungslos.<\/h6>\n            <\/a>\n                        <span class=\"date\">Februar 05, 2026 <\/span>\n            \n\t        <\/div>\n<\/div>                        <\/div>\n                                        <\/div>\n                <div class=\"btn-slider \">\n    <div class=\"prev\">\n        <svg width=\"22\" height=\"12\" viewBox=\"0 0 22 12\" fill=\"none\" xmlns=\"http:\/\/www.w3.org\/2000\/svg\">\n            <path d=\"M5.094 4.476L7.74 1.83L6.03 0.102L0.432 5.7L6.03 11.298L7.74 9.57L5.076 6.906H21.42V4.476H5.094Z\" fill=\"white\"\/>\n        <\/svg>\n    <\/div>\n    <div class=\"next\">\n        <svg width=\"22\" height=\"12\" viewBox=\"0 0 22 12\" fill=\"none\" xmlns=\"http:\/\/www.w3.org\/2000\/svg\">\n            <path d=\"M14.292 1.83L16.938 4.476H0.612V6.906H16.956L14.292 9.57L16.002 11.298L21.6 5.7L16.002 0.102L14.292 1.83Z\" fill=\"white\"\/>\n        <\/svg>\n    <\/div>\n<\/div>            <\/div>\n        <\/div>\n    <\/section>\n    ","protected":false},"excerpt":{"rendered":"<p>Hier ein kurzer Einblick in das Webinar M\u00f6chtest du das vollst\u00e4ndige Webinar sehen?\u00a0F\u00fclle das untenstehende Formular aus und wir senden Dir den vollst\u00e4ndigen Webinar-Link direkt an Deine E-Mail-Adresse Erfahr, wie die E-Bike-Sharing-Initiative von Lindt &amp; Spr\u00fcngli, die seit 2020 Teil der Personalstrategie ist, die Gesundheit und das Wohlbefinden der Mitarbeiter f\u00f6rdert und eine nachhaltige Pendelm\u00f6glichkeit [&hellip;]<\/p>\n","protected":false},"featured_media":6724,"parent":0,"template":"","news_category":[43],"class_list":["post-6722","news","type-news","status-publish","has-post-thumbnail","hentry","news_category-webinars-de"],"acf":[],"yoast_head":"<!-- This site is optimized with the Yoast SEO plugin v23.2 - https:\/\/yoast.com\/wordpress\/plugins\/seo\/ -->\n<title>Lunch&amp;Learn - Wie Lindt &amp; Spr\u00fcngli mit betrieblichem E-Bike-Sharing ihre HR-Strategie rund um Bewegung und Gesundheit lebt - Urban Connect<\/title>\n<meta name=\"robots\" content=\"index, follow, max-snippet:-1, max-image-preview:large, max-video-preview:-1\" \/>\n<link rel=\"canonical\" href=\"https:\/\/urban-connect.com\/de\/news\/wie-lindt-amp-sprungli-mit-betrieblichem-e-bike-sharing-ihre-hr-strategie-rund-um-bewegung-und-gesundheit-lebt\/\" \/>\n<meta property=\"og:locale\" content=\"de_DE\" \/>\n<meta property=\"og:type\" content=\"article\" \/>\n<meta property=\"og:title\" content=\"Lunch&amp;Learn - Wie Lindt &amp; Spr\u00fcngli mit betrieblichem E-Bike-Sharing ihre HR-Strategie rund um Bewegung und Gesundheit lebt - Urban Connect\" \/>\n<meta property=\"og:description\" content=\"Hier ein kurzer Einblick in das Webinar M\u00f6chtest du das vollst\u00e4ndige Webinar sehen?\u00a0F\u00fclle das untenstehende Formular aus und wir senden Dir den vollst\u00e4ndigen Webinar-Link direkt an Deine E-Mail-Adresse Erfahr, wie die E-Bike-Sharing-Initiative von Lindt &amp; Spr\u00fcngli, die seit 2020 Teil der Personalstrategie ist, die Gesundheit und das Wohlbefinden der Mitarbeiter f\u00f6rdert und eine nachhaltige Pendelm\u00f6glichkeit [&hellip;]\" \/>\n<meta property=\"og:url\" content=\"https:\/\/urban-connect.com\/de\/news\/wie-lindt-amp-sprungli-mit-betrieblichem-e-bike-sharing-ihre-hr-strategie-rund-um-bewegung-und-gesundheit-lebt\/\" \/>\n<meta property=\"og:site_name\" content=\"Urban Connect\" \/>\n<meta property=\"article:modified_time\" content=\"2024-11-26T14:28:01+00:00\" \/>\n<meta property=\"og:image\" content=\"https:\/\/urban-connect.com\/wp-content\/uploads\/2024\/10\/Webinar_Claudia-scaled.jpg\" \/>\n\t<meta property=\"og:image:width\" content=\"2560\" \/>\n\t<meta property=\"og:image:height\" content=\"1923\" \/>\n\t<meta property=\"og:image:type\" content=\"image\/jpeg\" \/>\n<meta name=\"twitter:card\" content=\"summary_large_image\" \/>\n<meta name=\"twitter:label1\" content=\"Gesch\u00e4tzte Lesezeit\" \/>\n\t<meta name=\"twitter:data1\" content=\"2\u00a0Minuten\" \/>\n<script type=\"application\/ld+json\" class=\"yoast-schema-graph\">{\"@context\":\"https:\/\/schema.org\",\"@graph\":[{\"@type\":\"WebPage\",\"@id\":\"https:\/\/urban-connect.com\/de\/news\/wie-lindt-amp-sprungli-mit-betrieblichem-e-bike-sharing-ihre-hr-strategie-rund-um-bewegung-und-gesundheit-lebt\/\",\"url\":\"https:\/\/urban-connect.com\/de\/news\/wie-lindt-amp-sprungli-mit-betrieblichem-e-bike-sharing-ihre-hr-strategie-rund-um-bewegung-und-gesundheit-lebt\/\",\"name\":\"Lunch&amp;Learn - Wie Lindt &amp; Spr\u00fcngli mit betrieblichem E-Bike-Sharing ihre HR-Strategie rund um Bewegung und Gesundheit lebt - Urban Connect\",\"isPartOf\":{\"@id\":\"https:\/\/urban-connect.com\/de\/#website\"},\"primaryImageOfPage\":{\"@id\":\"https:\/\/urban-connect.com\/de\/news\/wie-lindt-amp-sprungli-mit-betrieblichem-e-bike-sharing-ihre-hr-strategie-rund-um-bewegung-und-gesundheit-lebt\/#primaryimage\"},\"image\":{\"@id\":\"https:\/\/urban-connect.com\/de\/news\/wie-lindt-amp-sprungli-mit-betrieblichem-e-bike-sharing-ihre-hr-strategie-rund-um-bewegung-und-gesundheit-lebt\/#primaryimage\"},\"thumbnailUrl\":\"https:\/\/urban-connect.com\/wp-content\/uploads\/2024\/10\/Webinar_Claudia-scaled.jpg\",\"datePublished\":\"2024-08-29T11:30:00+00:00\",\"dateModified\":\"2024-11-26T14:28:01+00:00\",\"breadcrumb\":{\"@id\":\"https:\/\/urban-connect.com\/de\/news\/wie-lindt-amp-sprungli-mit-betrieblichem-e-bike-sharing-ihre-hr-strategie-rund-um-bewegung-und-gesundheit-lebt\/#breadcrumb\"},\"inLanguage\":\"de\",\"potentialAction\":[{\"@type\":\"ReadAction\",\"target\":[\"https:\/\/urban-connect.com\/de\/news\/wie-lindt-amp-sprungli-mit-betrieblichem-e-bike-sharing-ihre-hr-strategie-rund-um-bewegung-und-gesundheit-lebt\/\"]}]},{\"@type\":\"ImageObject\",\"inLanguage\":\"de\",\"@id\":\"https:\/\/urban-connect.com\/de\/news\/wie-lindt-amp-sprungli-mit-betrieblichem-e-bike-sharing-ihre-hr-strategie-rund-um-bewegung-und-gesundheit-lebt\/#primaryimage\",\"url\":\"https:\/\/urban-connect.com\/wp-content\/uploads\/2024\/10\/Webinar_Claudia-scaled.jpg\",\"contentUrl\":\"https:\/\/urban-connect.com\/wp-content\/uploads\/2024\/10\/Webinar_Claudia-scaled.jpg\",\"width\":2560,\"height\":1923,\"caption\":\"Claudia Di Giuseppe Webinar\"},{\"@type\":\"BreadcrumbList\",\"@id\":\"https:\/\/urban-connect.com\/de\/news\/wie-lindt-amp-sprungli-mit-betrieblichem-e-bike-sharing-ihre-hr-strategie-rund-um-bewegung-und-gesundheit-lebt\/#breadcrumb\",\"itemListElement\":[{\"@type\":\"ListItem\",\"position\":1,\"name\":\"Home\",\"item\":\"https:\/\/urban-connect.com\/de\/\"},{\"@type\":\"ListItem\",\"position\":2,\"name\":\"Lunch&amp;Learn &#8211; Wie Lindt &amp; Spr\u00fcngli mit betrieblichem E-Bike-Sharing ihre HR-Strategie rund um Bewegung und Gesundheit lebt\"}]},{\"@type\":\"WebSite\",\"@id\":\"https:\/\/urban-connect.com\/de\/#website\",\"url\":\"https:\/\/urban-connect.com\/de\/\",\"name\":\"Urban Connect\",\"description\":\"\",\"potentialAction\":[{\"@type\":\"SearchAction\",\"target\":{\"@type\":\"EntryPoint\",\"urlTemplate\":\"https:\/\/urban-connect.com\/de\/?s={search_term_string}\"},\"query-input\":\"required name=search_term_string\"}],\"inLanguage\":\"de\"}]}<\/script>\n<!-- \/ Yoast SEO plugin. -->","yoast_head_json":{"title":"Lunch&amp;Learn - Wie Lindt &amp; Spr\u00fcngli mit betrieblichem E-Bike-Sharing ihre HR-Strategie rund um Bewegung und Gesundheit lebt - Urban Connect","robots":{"index":"index","follow":"follow","max-snippet":"max-snippet:-1","max-image-preview":"max-image-preview:large","max-video-preview":"max-video-preview:-1"},"canonical":"https:\/\/urban-connect.com\/de\/news\/wie-lindt-amp-sprungli-mit-betrieblichem-e-bike-sharing-ihre-hr-strategie-rund-um-bewegung-und-gesundheit-lebt\/","og_locale":"de_DE","og_type":"article","og_title":"Lunch&amp;Learn - Wie Lindt &amp; Spr\u00fcngli mit betrieblichem E-Bike-Sharing ihre HR-Strategie rund um Bewegung und Gesundheit lebt - Urban Connect","og_description":"Hier ein kurzer Einblick in das Webinar M\u00f6chtest du das vollst\u00e4ndige Webinar sehen?\u00a0F\u00fclle das untenstehende Formular aus und wir senden Dir den vollst\u00e4ndigen Webinar-Link direkt an Deine E-Mail-Adresse Erfahr, wie die E-Bike-Sharing-Initiative von Lindt &amp; Spr\u00fcngli, die seit 2020 Teil der Personalstrategie ist, die Gesundheit und das Wohlbefinden der Mitarbeiter f\u00f6rdert und eine nachhaltige Pendelm\u00f6glichkeit [&hellip;]","og_url":"https:\/\/urban-connect.com\/de\/news\/wie-lindt-amp-sprungli-mit-betrieblichem-e-bike-sharing-ihre-hr-strategie-rund-um-bewegung-und-gesundheit-lebt\/","og_site_name":"Urban Connect","article_modified_time":"2024-11-26T14:28:01+00:00","og_image":[{"width":2560,"height":1923,"url":"https:\/\/urban-connect.com\/wp-content\/uploads\/2024\/10\/Webinar_Claudia-scaled.jpg","type":"image\/jpeg"}],"twitter_card":"summary_large_image","twitter_misc":{"Gesch\u00e4tzte Lesezeit":"2\u00a0Minuten"},"schema":{"@context":"https:\/\/schema.org","@graph":[{"@type":"WebPage","@id":"https:\/\/urban-connect.com\/de\/news\/wie-lindt-amp-sprungli-mit-betrieblichem-e-bike-sharing-ihre-hr-strategie-rund-um-bewegung-und-gesundheit-lebt\/","url":"https:\/\/urban-connect.com\/de\/news\/wie-lindt-amp-sprungli-mit-betrieblichem-e-bike-sharing-ihre-hr-strategie-rund-um-bewegung-und-gesundheit-lebt\/","name":"Lunch&amp;Learn - Wie Lindt &amp; Spr\u00fcngli mit betrieblichem E-Bike-Sharing ihre HR-Strategie rund um Bewegung und Gesundheit lebt - Urban Connect","isPartOf":{"@id":"https:\/\/urban-connect.com\/de\/#website"},"primaryImageOfPage":{"@id":"https:\/\/urban-connect.com\/de\/news\/wie-lindt-amp-sprungli-mit-betrieblichem-e-bike-sharing-ihre-hr-strategie-rund-um-bewegung-und-gesundheit-lebt\/#primaryimage"},"image":{"@id":"https:\/\/urban-connect.com\/de\/news\/wie-lindt-amp-sprungli-mit-betrieblichem-e-bike-sharing-ihre-hr-strategie-rund-um-bewegung-und-gesundheit-lebt\/#primaryimage"},"thumbnailUrl":"https:\/\/urban-connect.com\/wp-content\/uploads\/2024\/10\/Webinar_Claudia-scaled.jpg","datePublished":"2024-08-29T11:30:00+00:00","dateModified":"2024-11-26T14:28:01+00:00","breadcrumb":{"@id":"https:\/\/urban-connect.com\/de\/news\/wie-lindt-amp-sprungli-mit-betrieblichem-e-bike-sharing-ihre-hr-strategie-rund-um-bewegung-und-gesundheit-lebt\/#breadcrumb"},"inLanguage":"de","potentialAction":[{"@type":"ReadAction","target":["https:\/\/urban-connect.com\/de\/news\/wie-lindt-amp-sprungli-mit-betrieblichem-e-bike-sharing-ihre-hr-strategie-rund-um-bewegung-und-gesundheit-lebt\/"]}]},{"@type":"ImageObject","inLanguage":"de","@id":"https:\/\/urban-connect.com\/de\/news\/wie-lindt-amp-sprungli-mit-betrieblichem-e-bike-sharing-ihre-hr-strategie-rund-um-bewegung-und-gesundheit-lebt\/#primaryimage","url":"https:\/\/urban-connect.com\/wp-content\/uploads\/2024\/10\/Webinar_Claudia-scaled.jpg","contentUrl":"https:\/\/urban-connect.com\/wp-content\/uploads\/2024\/10\/Webinar_Claudia-scaled.jpg","width":2560,"height":1923,"caption":"Claudia Di Giuseppe Webinar"},{"@type":"BreadcrumbList","@id":"https:\/\/urban-connect.com\/de\/news\/wie-lindt-amp-sprungli-mit-betrieblichem-e-bike-sharing-ihre-hr-strategie-rund-um-bewegung-und-gesundheit-lebt\/#breadcrumb","itemListElement":[{"@type":"ListItem","position":1,"name":"Home","item":"https:\/\/urban-connect.com\/de\/"},{"@type":"ListItem","position":2,"name":"Lunch&amp;Learn &#8211; Wie Lindt &amp; Spr\u00fcngli mit betrieblichem E-Bike-Sharing ihre HR-Strategie rund um Bewegung und Gesundheit lebt"}]},{"@type":"WebSite","@id":"https:\/\/urban-connect.com\/de\/#website","url":"https:\/\/urban-connect.com\/de\/","name":"Urban Connect","description":"","potentialAction":[{"@type":"SearchAction","target":{"@type":"EntryPoint","urlTemplate":"https:\/\/urban-connect.com\/de\/?s={search_term_string}"},"query-input":"required name=search_term_string"}],"inLanguage":"de"}]}},"_links":{"self":[{"href":"https:\/\/urban-connect.com\/de\/wp-json\/wp\/v2\/news\/6722","targetHints":{"allow":["GET"]}}],"collection":[{"href":"https:\/\/urban-connect.com\/de\/wp-json\/wp\/v2\/news"}],"about":[{"href":"https:\/\/urban-connect.com\/de\/wp-json\/wp\/v2\/types\/news"}],"wp:featuredmedia":[{"embeddable":true,"href":"https:\/\/urban-connect.com\/de\/wp-json\/wp\/v2\/media\/6724"}],"wp:attachment":[{"href":"https:\/\/urban-connect.com\/de\/wp-json\/wp\/v2\/media?parent=6722"}],"wp:term":[{"taxonomy":"news_category","embeddable":true,"href":"https:\/\/urban-connect.com\/de\/wp-json\/wp\/v2\/news_category?post=6722"}],"curies":[{"name":"wp","href":"https:\/\/api.w.org\/{rel}","templated":true}]}}