{"id":6675,"date":"2024-04-12T09:04:11","date_gmt":"2024-04-12T09:04:11","guid":{"rendered":"https:\/\/urban-connect.com\/?post_type=news&#038;p=6675"},"modified":"2024-09-24T09:20:35","modified_gmt":"2024-09-24T09:20:35","slug":"change-mobility-change-the-world","status":"publish","type":"news","link":"https:\/\/urban-connect.com\/de\/news\/change-mobility-change-the-world\/","title":{"rendered":"Change Mobility &#8211; Change the World auf den Sustainability Days"},"content":{"rendered":"\n<p><strong>Und fang in Basel an! Alles dr\u00e4ngt zur Nachhaltigkeit. Ein Blick in die Zukunft ab Basel von den Sustainability Days.<\/strong><\/p>\n\n\n\n<h2 class=\"wp-block-heading\" id=\"viewer-gtvpx76\">Die Schweiz tut zu wenig<\/h2>\n\n\n\n<p id=\"viewer-bq9sv78\">\u2026 um das Klima zu sch\u00fctzen, hat der Europ\u00e4ische Gerichtshof f\u00fcr Menschenrechte soeben geurteilt.<\/p>\n\n\n\n<p id=\"viewer-s0mfk82\">Das ist ein Verdikt, das sich von den <a href=\"https:\/\/ticket.sustainability-days.ch\/mch\/1F\/Register\/SD2024\" target=\"_blank\" rel=\"noreferrer noopener\"><u>Sustainability Days<\/u><\/a>\u00a0 nicht sagen l\u00e4sst. Zu positiv sind die Kommentare der Aussteller und der BesucherInnen. Einer der Ausstellerkommentar: \u00abHier trifft man Leute, die man sonst nicht antrifft. Wir finden sie, sie finden uns.\u00bb<\/p>\n\n\n\n<p id=\"viewer-nsk0988\">\u00abWenn wir nachhaltig werden wollen, braucht es Innovation. Deshalb sind wir hier am richtigen Ort\u00bb, befand auch Annalise Eggimann, Direktorin von Innosuisse.<\/p>\n\n\n\n<p id=\"viewer-qc0gr94\">Der Brand Manager der Sustainability Days, Julien Rousseau (rechts), pflichtete dem bei. Sein Fazit lautet: \u00abWir haben auf den Sustainability Days die Wichtigkeit des Nachhaltigkeitsthemas erfahren. Aber: die Schweiz sollte eine gr\u00f6ssere Rolle spielen, das Thema weiter zu bringen.\u00bb<\/p>\n\n\n\n<p id=\"viewer-jiul998\">Doch Antworten gab es auf den Sustainability Days viele und richtige. Zum Beispiel von Anders Stokholm, Stadtpr\u00e4sident Frauenfeld und Pr\u00e4sident des Schweizerischen St\u00e4dteverbandes, wer m\u00f6chte es bestreiten: \u00abDer Katalysator f\u00fcr ein schnelleres Vorankommen im Klimaschutz ist Digitalisierung.\u00bb<a href=\"https:\/\/ticket.sustainability-days.ch\/mch\/1F\/Register\/SD2024\" target=\"_blank\" rel=\"noreferrer noopener\"><\/a><\/p>\n\n\n\n<p id=\"viewer-6rj97104\">Dabei ist das Bewusstsein in Industrie und Wirtschaft f\u00fcr das Thema durchaus vorhanden, wenn auch nicht unter den einzelnen Branchen vernetzt und wenn auch noch vieles nicht funktioniert. Erw\u00e4hnt wurden an Podiumsgespr\u00e4chen etwa Pooling &#8211; \u00abdie Leute wollen nicht gemeinsam Auto fahren\u00bb &#8211; oder in Deutschland der Umstieg auf den \u00d6ffentlichen Verkehr.<\/p>\n\n\n\n<p id=\"viewer-cwcz7108\">Aber Judith H\u00e4berli, Urban Connect, gab im Referatsblock \u00abUnternehmensmobilit\u00e4t im Wandel\u00bb eine motivierende Vision, eine Art Handlungsanleitung: \u00abChange Mobility &#8211; Change the World\u00bb &#8211; Ver\u00e4ndere die Mobilit\u00e4t, dann \u00e4ndert sich die Welt.<\/p>\n\n\n\n<p id=\"viewer-ts602114\">\u00abGemeinsam ist das zu bew\u00e4ltigen, miteinander k\u00f6nnen wir das leisten\u00bb, sagte ein anderer Referent.<\/p>\n\n\n\n<p id=\"viewer-68nly118\">Wenn es die Sustainability Days nicht g\u00e4be, man m\u00fcsste sie erfinden.<\/p>\n\n\n\n<p>Originalartikel: <a href=\"https:\/\/www.smartville.digital\/post\/change-mobility-change-the-world-auf-den-sustainability-days\">https:\/\/www.smartville.digital\/post\/change-mobility-change-the-world-auf-den-sustainability-days<\/a><\/p>\n\n\n\n<p>Change Mobility &#8211; Change the World<\/p>\n\n\n    <section class=\"related-posts\">\n        <div class=\"container\">\n            <h4 class=\"block-title\"><\/h4>\n        <\/div>\n        <div class=\"container posts-wrap\">\n            <div class=\"swiper swiper-related-posts\">\n                <div class=\"swiper-wrapper\">\n                                            <div class=\"swiper-slide\">\n                            <div class=\"card-horizontal\">\n    <div class=\"left-side\">\n                    <a href=\"https:\/\/urban-connect.com\/de\/news\/wheels-wine-2026-eine-wegweisende-ausgabe-die-die-zukunft-der-unternehmensmobilitaet-gestaltet\/\">\n                <img decoding=\"async\" \n                    class=\"image lazyload\" data-src=\"https:\/\/urban-connect.com\/wp-content\/uploads\/2026\/03\/F06A4076-768x512.jpg\"\n                    data-srcset=\"https:\/\/urban-connect.com\/wp-content\/uploads\/2026\/03\/F06A4076-768x512.jpg 768w, https:\/\/urban-connect.com\/wp-content\/uploads\/2026\/03\/F06A4076-300x200.jpg 300w, https:\/\/urban-connect.com\/wp-content\/uploads\/2026\/03\/F06A4076-1024x683.jpg 1024w, https:\/\/urban-connect.com\/wp-content\/uploads\/2026\/03\/F06A4076-1536x1024.jpg 1536w, https:\/\/urban-connect.com\/wp-content\/uploads\/2026\/03\/F06A4076-2048x1365.jpg 2048w, https:\/\/urban-connect.com\/wp-content\/uploads\/2026\/03\/F06A4076-1620x1080.jpg 1620w\"\n                    data-sizes=\"(max-width: 768px) 100vw, 768px\"\n                    alt=\"Wheels &amp; Wine 2026 \u2013 Eine wegweisende Ausgabe, die die Zukunft der Unternehmensmobilit\u00e4t gestaltet\"\n                 src=\"data:image\/gif;base64,R0lGODlhAQABAAAAACH5BAEKAAEALAAAAAABAAEAAAICTAEAOw==\" style=\"--smush-placeholder-width: 768px; --smush-placeholder-aspect-ratio: 768\/512;\"><noscript><img decoding=\"async\" \n                    class=\"image\" src=\"https:\/\/urban-connect.com\/wp-content\/uploads\/2026\/03\/F06A4076-768x512.jpg\"\n                    srcset=\"https:\/\/urban-connect.com\/wp-content\/uploads\/2026\/03\/F06A4076-768x512.jpg 768w, https:\/\/urban-connect.com\/wp-content\/uploads\/2026\/03\/F06A4076-300x200.jpg 300w, https:\/\/urban-connect.com\/wp-content\/uploads\/2026\/03\/F06A4076-1024x683.jpg 1024w, https:\/\/urban-connect.com\/wp-content\/uploads\/2026\/03\/F06A4076-1536x1024.jpg 1536w, https:\/\/urban-connect.com\/wp-content\/uploads\/2026\/03\/F06A4076-2048x1365.jpg 2048w, https:\/\/urban-connect.com\/wp-content\/uploads\/2026\/03\/F06A4076-1620x1080.jpg 1620w\"\n                    sizes=\"(max-width: 768px) 100vw, 768px\"\n                    alt=\"Wheels &amp; Wine 2026 \u2013 Eine wegweisende Ausgabe, die die Zukunft der Unternehmensmobilit\u00e4t gestaltet\"\n                ><\/noscript>\n            <\/a>\n                <\/div>\n    <div class=\"right-side\">\n                    <a href=\"https:\/\/urban-connect.com\/de\/news\/wheels-wine-2026-eine-wegweisende-ausgabe-die-die-zukunft-der-unternehmensmobilitaet-gestaltet\/\">\n                <h6 class=\"title\">Wheels &amp; Wine 2026 \u2013 Eine wegweisende Ausgabe, die die Zukunft der Unternehmensmobilit\u00e4t gestaltet<\/h6>\n            <\/a>\n                        <span class=\"date\">M\u00e4rz 24, 2026 <\/span>\n            \n\t        <\/div>\n<\/div>                        <\/div>\n                                                <div class=\"swiper-slide\">\n                            <div class=\"card-horizontal\">\n    <div class=\"left-side\">\n                    <a href=\"https:\/\/urban-connect.com\/de\/news\/was-passiert-wenn-das-laden-von-elektroautos-endlich-funktioniert-wie-urban-connect-und-zaptec-eine-bessere-ladeinfrastruktur-fuer-elektroautos-geschaffen-haben\/\">\n                <img decoding=\"async\" \n                    class=\"image lazyload\" data-src=\"https:\/\/urban-connect.com\/wp-content\/uploads\/2026\/03\/Zaptec-cover-3-1-768x453.png\"\n                    data-srcset=\"https:\/\/urban-connect.com\/wp-content\/uploads\/2026\/03\/Zaptec-cover-3-1-768x453.png 768w, https:\/\/urban-connect.com\/wp-content\/uploads\/2026\/03\/Zaptec-cover-3-1-300x177.png 300w, https:\/\/urban-connect.com\/wp-content\/uploads\/2026\/03\/Zaptec-cover-3-1-1024x604.png 1024w, https:\/\/urban-connect.com\/wp-content\/uploads\/2026\/03\/Zaptec-cover-3-1-1536x906.png 1536w, https:\/\/urban-connect.com\/wp-content\/uploads\/2026\/03\/Zaptec-cover-3-1-2048x1208.png 2048w, https:\/\/urban-connect.com\/wp-content\/uploads\/2026\/03\/Zaptec-cover-3-1-1831x1080.png 1831w\"\n                    data-sizes=\"(max-width: 768px) 100vw, 768px\"\n                    alt=\"Was passiert, wenn das Laden von Elektroautos endlich funktioniert?\"\n                 src=\"data:image\/gif;base64,R0lGODlhAQABAAAAACH5BAEKAAEALAAAAAABAAEAAAICTAEAOw==\" style=\"--smush-placeholder-width: 768px; --smush-placeholder-aspect-ratio: 768\/453;\"><noscript><img decoding=\"async\" \n                    class=\"image\" src=\"https:\/\/urban-connect.com\/wp-content\/uploads\/2026\/03\/Zaptec-cover-3-1-768x453.png\"\n                    srcset=\"https:\/\/urban-connect.com\/wp-content\/uploads\/2026\/03\/Zaptec-cover-3-1-768x453.png 768w, https:\/\/urban-connect.com\/wp-content\/uploads\/2026\/03\/Zaptec-cover-3-1-300x177.png 300w, https:\/\/urban-connect.com\/wp-content\/uploads\/2026\/03\/Zaptec-cover-3-1-1024x604.png 1024w, https:\/\/urban-connect.com\/wp-content\/uploads\/2026\/03\/Zaptec-cover-3-1-1536x906.png 1536w, https:\/\/urban-connect.com\/wp-content\/uploads\/2026\/03\/Zaptec-cover-3-1-2048x1208.png 2048w, https:\/\/urban-connect.com\/wp-content\/uploads\/2026\/03\/Zaptec-cover-3-1-1831x1080.png 1831w\"\n                    sizes=\"(max-width: 768px) 100vw, 768px\"\n                    alt=\"Was passiert, wenn das Laden von Elektroautos endlich funktioniert?\"\n                ><\/noscript>\n            <\/a>\n                <\/div>\n    <div class=\"right-side\">\n                    <a href=\"https:\/\/urban-connect.com\/de\/news\/was-passiert-wenn-das-laden-von-elektroautos-endlich-funktioniert-wie-urban-connect-und-zaptec-eine-bessere-ladeinfrastruktur-fuer-elektroautos-geschaffen-haben\/\">\n                <h6 class=\"title\">Was passiert, wenn das Laden von Elektroautos endlich funktioniert?<\/h6>\n            <\/a>\n                        <span class=\"date\">M\u00e4rz 17, 2026 <\/span>\n            \n\t        <\/div>\n<\/div>                        <\/div>\n                                                <div class=\"swiper-slide\">\n                            <div class=\"card-horizontal\">\n    <div class=\"left-side\">\n                    <a href=\"https:\/\/urban-connect.com\/de\/news\/fallstudie-im-blickpunkt-lonza-visps-partnerschaft-fuer-nachhaltige-mobilitaet-mit-urban-connect\/\">\n                <img decoding=\"async\" \n                    class=\"image lazyload\" data-src=\"https:\/\/urban-connect.com\/wp-content\/uploads\/2026\/02\/HELSANA-x-UC-banner-768x511.png\"\n                    data-srcset=\"https:\/\/urban-connect.com\/wp-content\/uploads\/2026\/02\/HELSANA-x-UC-banner-768x511.png 768w, https:\/\/urban-connect.com\/wp-content\/uploads\/2026\/02\/HELSANA-x-UC-banner-300x199.png 300w, https:\/\/urban-connect.com\/wp-content\/uploads\/2026\/02\/HELSANA-x-UC-banner-1024x681.png 1024w, https:\/\/urban-connect.com\/wp-content\/uploads\/2026\/02\/HELSANA-x-UC-banner-1536x1021.png 1536w, https:\/\/urban-connect.com\/wp-content\/uploads\/2026\/02\/HELSANA-x-UC-banner.png 1590w\"\n                    data-sizes=\"(max-width: 768px) 100vw, 768px\"\n                    alt=\"Fallstudie im Blickpunkt: Helsana erm\u00f6glicht \u00fcber 3'400 Mitarbeitenden ein Urban Connect Mobility Budget \u2013 dank SCIM ganz reibungslos.\"\n                 src=\"data:image\/gif;base64,R0lGODlhAQABAAAAACH5BAEKAAEALAAAAAABAAEAAAICTAEAOw==\" style=\"--smush-placeholder-width: 768px; --smush-placeholder-aspect-ratio: 768\/511;\"><noscript><img decoding=\"async\" \n                    class=\"image\" src=\"https:\/\/urban-connect.com\/wp-content\/uploads\/2026\/02\/HELSANA-x-UC-banner-768x511.png\"\n                    srcset=\"https:\/\/urban-connect.com\/wp-content\/uploads\/2026\/02\/HELSANA-x-UC-banner-768x511.png 768w, https:\/\/urban-connect.com\/wp-content\/uploads\/2026\/02\/HELSANA-x-UC-banner-300x199.png 300w, https:\/\/urban-connect.com\/wp-content\/uploads\/2026\/02\/HELSANA-x-UC-banner-1024x681.png 1024w, https:\/\/urban-connect.com\/wp-content\/uploads\/2026\/02\/HELSANA-x-UC-banner-1536x1021.png 1536w, https:\/\/urban-connect.com\/wp-content\/uploads\/2026\/02\/HELSANA-x-UC-banner.png 1590w\"\n                    sizes=\"(max-width: 768px) 100vw, 768px\"\n                    alt=\"Fallstudie im Blickpunkt: Helsana erm\u00f6glicht \u00fcber 3'400 Mitarbeitenden ein Urban Connect Mobility Budget \u2013 dank SCIM ganz reibungslos.\"\n                ><\/noscript>\n            <\/a>\n                <\/div>\n    <div class=\"right-side\">\n                    <a href=\"https:\/\/urban-connect.com\/de\/news\/fallstudie-im-blickpunkt-lonza-visps-partnerschaft-fuer-nachhaltige-mobilitaet-mit-urban-connect\/\">\n                <h6 class=\"title\">Fallstudie im Blickpunkt: Helsana erm\u00f6glicht \u00fcber 3&#8217;400 Mitarbeitenden ein Urban Connect Mobility Budget \u2013 dank SCIM ganz reibungslos.<\/h6>\n            <\/a>\n                        <span class=\"date\">Februar 05, 2026 <\/span>\n            \n\t        <\/div>\n<\/div>                        <\/div>\n                                        <\/div>\n                <div class=\"btn-slider \">\n    <div class=\"prev\">\n        <svg width=\"22\" height=\"12\" viewBox=\"0 0 22 12\" fill=\"none\" xmlns=\"http:\/\/www.w3.org\/2000\/svg\">\n            <path d=\"M5.094 4.476L7.74 1.83L6.03 0.102L0.432 5.7L6.03 11.298L7.74 9.57L5.076 6.906H21.42V4.476H5.094Z\" fill=\"white\"\/>\n        <\/svg>\n    <\/div>\n    <div class=\"next\">\n        <svg width=\"22\" height=\"12\" viewBox=\"0 0 22 12\" fill=\"none\" xmlns=\"http:\/\/www.w3.org\/2000\/svg\">\n            <path d=\"M14.292 1.83L16.938 4.476H0.612V6.906H16.956L14.292 9.57L16.002 11.298L21.6 5.7L16.002 0.102L14.292 1.83Z\" fill=\"white\"\/>\n        <\/svg>\n    <\/div>\n<\/div>            <\/div>\n        <\/div>\n    <\/section>\n    ","protected":false},"excerpt":{"rendered":"<p>Und fang in Basel an! Alles dr\u00e4ngt zur Nachhaltigkeit. Ein Blick in die Zukunft ab Basel von den Sustainability Days. Die Schweiz tut zu wenig \u2026 um das Klima zu sch\u00fctzen, hat der Europ\u00e4ische Gerichtshof f\u00fcr Menschenrechte soeben geurteilt. Das ist ein Verdikt, das sich von den Sustainability Days\u00a0 nicht sagen l\u00e4sst. Zu positiv sind [&hellip;]<\/p>\n","protected":false},"featured_media":6673,"parent":0,"template":"","news_category":[38],"class_list":["post-6675","news","type-news","status-publish","has-post-thumbnail","hentry","news_category-news-de"],"acf":[],"yoast_head":"<!-- This site is optimized with the Yoast SEO plugin v23.2 - https:\/\/yoast.com\/wordpress\/plugins\/seo\/ -->\n<title>Change Mobility - Change the World auf den Sustainability Days - Urban Connect<\/title>\n<meta name=\"robots\" content=\"index, follow, max-snippet:-1, max-image-preview:large, max-video-preview:-1\" \/>\n<link rel=\"canonical\" href=\"https:\/\/urban-connect.com\/de\/news\/change-mobility-change-the-world\/\" \/>\n<meta property=\"og:locale\" content=\"de_DE\" \/>\n<meta property=\"og:type\" content=\"article\" \/>\n<meta property=\"og:title\" content=\"Change Mobility - Change the World auf den Sustainability Days - Urban Connect\" \/>\n<meta property=\"og:description\" content=\"Und fang in Basel an! Alles dr\u00e4ngt zur Nachhaltigkeit. Ein Blick in die Zukunft ab Basel von den Sustainability Days. Die Schweiz tut zu wenig \u2026 um das Klima zu sch\u00fctzen, hat der Europ\u00e4ische Gerichtshof f\u00fcr Menschenrechte soeben geurteilt. Das ist ein Verdikt, das sich von den Sustainability Days\u00a0 nicht sagen l\u00e4sst. Zu positiv sind [&hellip;]\" \/>\n<meta property=\"og:url\" content=\"https:\/\/urban-connect.com\/de\/news\/change-mobility-change-the-world\/\" \/>\n<meta property=\"og:site_name\" content=\"Urban Connect\" \/>\n<meta property=\"article:modified_time\" content=\"2024-09-24T09:20:35+00:00\" \/>\n<meta property=\"og:image\" content=\"https:\/\/urban-connect.com\/wp-content\/uploads\/2024\/09\/Smartville_News.jpg\" \/>\n\t<meta property=\"og:image:width\" content=\"1438\" \/>\n\t<meta property=\"og:image:height\" content=\"1248\" \/>\n\t<meta property=\"og:image:type\" content=\"image\/jpeg\" \/>\n<meta name=\"twitter:card\" content=\"summary_large_image\" \/>\n<meta name=\"twitter:label1\" content=\"Gesch\u00e4tzte Lesezeit\" \/>\n\t<meta name=\"twitter:data1\" content=\"2\u00a0Minuten\" \/>\n<script type=\"application\/ld+json\" class=\"yoast-schema-graph\">{\"@context\":\"https:\/\/schema.org\",\"@graph\":[{\"@type\":\"WebPage\",\"@id\":\"https:\/\/urban-connect.com\/de\/news\/change-mobility-change-the-world\/\",\"url\":\"https:\/\/urban-connect.com\/de\/news\/change-mobility-change-the-world\/\",\"name\":\"Change Mobility - Change the World auf den Sustainability Days - Urban Connect\",\"isPartOf\":{\"@id\":\"https:\/\/urban-connect.com\/de\/#website\"},\"primaryImageOfPage\":{\"@id\":\"https:\/\/urban-connect.com\/de\/news\/change-mobility-change-the-world\/#primaryimage\"},\"image\":{\"@id\":\"https:\/\/urban-connect.com\/de\/news\/change-mobility-change-the-world\/#primaryimage\"},\"thumbnailUrl\":\"https:\/\/urban-connect.com\/wp-content\/uploads\/2024\/09\/Smartville_News.jpg\",\"datePublished\":\"2024-04-12T09:04:11+00:00\",\"dateModified\":\"2024-09-24T09:20:35+00:00\",\"breadcrumb\":{\"@id\":\"https:\/\/urban-connect.com\/de\/news\/change-mobility-change-the-world\/#breadcrumb\"},\"inLanguage\":\"de\",\"potentialAction\":[{\"@type\":\"ReadAction\",\"target\":[\"https:\/\/urban-connect.com\/de\/news\/change-mobility-change-the-world\/\"]}]},{\"@type\":\"ImageObject\",\"inLanguage\":\"de\",\"@id\":\"https:\/\/urban-connect.com\/de\/news\/change-mobility-change-the-world\/#primaryimage\",\"url\":\"https:\/\/urban-connect.com\/wp-content\/uploads\/2024\/09\/Smartville_News.jpg\",\"contentUrl\":\"https:\/\/urban-connect.com\/wp-content\/uploads\/2024\/09\/Smartville_News.jpg\",\"width\":1438,\"height\":1248,\"caption\":\"Smartville_News\"},{\"@type\":\"BreadcrumbList\",\"@id\":\"https:\/\/urban-connect.com\/de\/news\/change-mobility-change-the-world\/#breadcrumb\",\"itemListElement\":[{\"@type\":\"ListItem\",\"position\":1,\"name\":\"Home\",\"item\":\"https:\/\/urban-connect.com\/de\/\"},{\"@type\":\"ListItem\",\"position\":2,\"name\":\"Change Mobility &#8211; Change the World auf den Sustainability Days\"}]},{\"@type\":\"WebSite\",\"@id\":\"https:\/\/urban-connect.com\/de\/#website\",\"url\":\"https:\/\/urban-connect.com\/de\/\",\"name\":\"Urban Connect\",\"description\":\"\",\"potentialAction\":[{\"@type\":\"SearchAction\",\"target\":{\"@type\":\"EntryPoint\",\"urlTemplate\":\"https:\/\/urban-connect.com\/de\/?s={search_term_string}\"},\"query-input\":\"required name=search_term_string\"}],\"inLanguage\":\"de\"}]}<\/script>\n<!-- \/ Yoast SEO plugin. -->","yoast_head_json":{"title":"Change Mobility - Change the World auf den Sustainability Days - Urban Connect","robots":{"index":"index","follow":"follow","max-snippet":"max-snippet:-1","max-image-preview":"max-image-preview:large","max-video-preview":"max-video-preview:-1"},"canonical":"https:\/\/urban-connect.com\/de\/news\/change-mobility-change-the-world\/","og_locale":"de_DE","og_type":"article","og_title":"Change Mobility - Change the World auf den Sustainability Days - Urban Connect","og_description":"Und fang in Basel an! Alles dr\u00e4ngt zur Nachhaltigkeit. Ein Blick in die Zukunft ab Basel von den Sustainability Days. Die Schweiz tut zu wenig \u2026 um das Klima zu sch\u00fctzen, hat der Europ\u00e4ische Gerichtshof f\u00fcr Menschenrechte soeben geurteilt. Das ist ein Verdikt, das sich von den Sustainability Days\u00a0 nicht sagen l\u00e4sst. Zu positiv sind [&hellip;]","og_url":"https:\/\/urban-connect.com\/de\/news\/change-mobility-change-the-world\/","og_site_name":"Urban Connect","article_modified_time":"2024-09-24T09:20:35+00:00","og_image":[{"width":1438,"height":1248,"url":"https:\/\/urban-connect.com\/wp-content\/uploads\/2024\/09\/Smartville_News.jpg","type":"image\/jpeg"}],"twitter_card":"summary_large_image","twitter_misc":{"Gesch\u00e4tzte Lesezeit":"2\u00a0Minuten"},"schema":{"@context":"https:\/\/schema.org","@graph":[{"@type":"WebPage","@id":"https:\/\/urban-connect.com\/de\/news\/change-mobility-change-the-world\/","url":"https:\/\/urban-connect.com\/de\/news\/change-mobility-change-the-world\/","name":"Change Mobility - Change the World auf den Sustainability Days - Urban Connect","isPartOf":{"@id":"https:\/\/urban-connect.com\/de\/#website"},"primaryImageOfPage":{"@id":"https:\/\/urban-connect.com\/de\/news\/change-mobility-change-the-world\/#primaryimage"},"image":{"@id":"https:\/\/urban-connect.com\/de\/news\/change-mobility-change-the-world\/#primaryimage"},"thumbnailUrl":"https:\/\/urban-connect.com\/wp-content\/uploads\/2024\/09\/Smartville_News.jpg","datePublished":"2024-04-12T09:04:11+00:00","dateModified":"2024-09-24T09:20:35+00:00","breadcrumb":{"@id":"https:\/\/urban-connect.com\/de\/news\/change-mobility-change-the-world\/#breadcrumb"},"inLanguage":"de","potentialAction":[{"@type":"ReadAction","target":["https:\/\/urban-connect.com\/de\/news\/change-mobility-change-the-world\/"]}]},{"@type":"ImageObject","inLanguage":"de","@id":"https:\/\/urban-connect.com\/de\/news\/change-mobility-change-the-world\/#primaryimage","url":"https:\/\/urban-connect.com\/wp-content\/uploads\/2024\/09\/Smartville_News.jpg","contentUrl":"https:\/\/urban-connect.com\/wp-content\/uploads\/2024\/09\/Smartville_News.jpg","width":1438,"height":1248,"caption":"Smartville_News"},{"@type":"BreadcrumbList","@id":"https:\/\/urban-connect.com\/de\/news\/change-mobility-change-the-world\/#breadcrumb","itemListElement":[{"@type":"ListItem","position":1,"name":"Home","item":"https:\/\/urban-connect.com\/de\/"},{"@type":"ListItem","position":2,"name":"Change Mobility &#8211; Change the World auf den Sustainability Days"}]},{"@type":"WebSite","@id":"https:\/\/urban-connect.com\/de\/#website","url":"https:\/\/urban-connect.com\/de\/","name":"Urban Connect","description":"","potentialAction":[{"@type":"SearchAction","target":{"@type":"EntryPoint","urlTemplate":"https:\/\/urban-connect.com\/de\/?s={search_term_string}"},"query-input":"required name=search_term_string"}],"inLanguage":"de"}]}},"_links":{"self":[{"href":"https:\/\/urban-connect.com\/de\/wp-json\/wp\/v2\/news\/6675","targetHints":{"allow":["GET"]}}],"collection":[{"href":"https:\/\/urban-connect.com\/de\/wp-json\/wp\/v2\/news"}],"about":[{"href":"https:\/\/urban-connect.com\/de\/wp-json\/wp\/v2\/types\/news"}],"wp:featuredmedia":[{"embeddable":true,"href":"https:\/\/urban-connect.com\/de\/wp-json\/wp\/v2\/media\/6673"}],"wp:attachment":[{"href":"https:\/\/urban-connect.com\/de\/wp-json\/wp\/v2\/media?parent=6675"}],"wp:term":[{"taxonomy":"news_category","embeddable":true,"href":"https:\/\/urban-connect.com\/de\/wp-json\/wp\/v2\/news_category?post=6675"}],"curies":[{"name":"wp","href":"https:\/\/api.w.org\/{rel}","templated":true}]}}