{"id":6580,"date":"2024-09-19T06:05:04","date_gmt":"2024-09-19T06:05:04","guid":{"rendered":"https:\/\/urban-connect.com\/?post_type=news&#038;p=6580"},"modified":"2024-09-24T11:35:51","modified_gmt":"2024-09-24T11:35:51","slug":"urban-connect-elektrifiziert-und-digitalisiert-wincasa-flotte","status":"publish","type":"news","link":"https:\/\/urban-connect.com\/de\/news\/urban-connect-elektrifiziert-und-digitalisiert-wincasa-flotte\/","title":{"rendered":"Urban Connect elektrifiziert und digitalisiert Wincasa Flotte\u00a0"},"content":{"rendered":"\n<ul class=\"wp-block-list\">\n<li>Nach erfolgreichen Piloten \u00fcbernimmt Urban Connect das Management der Autoflotte von Wincasa und elektrifiziert schweizweit die gesamte Flotte von 46 Autos und erg\u00e4nzt die Flotte mit 23 E-Bikes\/E- Scootern bis 2026&nbsp;&nbsp;<br><\/li>\n\n\n\n<li>Durch diese Zusammenarbeit macht Wincasa einen weiteren Schritt im Bereich Nachhaltigkeit und rollt das Konzept von nachhaltiger, geteilter, multimodaler und digitalisierter Firmenmobilit\u00e4t schweizweit aus&nbsp;&nbsp;<br><\/li>\n\n\n\n<li>Philipp Schoch, Leiter Bewirtschaftung bei Wincasa: <em>\u00abWir haben in der Pilotphase sehr gute Erfahrungen mit der Elektrifizierung unserer Unternehmensflotte gemacht. Die digitale, umfassende L\u00f6sung von Urban Connect hat uns \u00fcberzeugt. Jetzt rollen wir dieses neue Mobilit\u00e4tskonzept an allen unseren Standorten in der Schweiz aus.\u00bb&nbsp;<\/em><\/li>\n<\/ul>\n\n\n\n<p><strong>Z\u00fcrich, 19.09.2024:<\/strong> Urban Connect, der f\u00fchrende Anbieter f\u00fcr betriebliche Mobilit\u00e4tsl\u00f6sungen in der Schweiz, w\u00e4chst weiter und freut sich, die vertiefte Zusammenarbeit mit Wincasa bekannt zu geben. Nach erfolgreichen Piloten \u00fcber das letzte Jahr, \u00fcbernimmt ab August 2024 Urban Connect das Management der Wincasa Flotte, welche bis 2026 auf 46 elektrische Autos und 23 E-Bikes\/E-Scooter w\u00e4chst.&nbsp;&nbsp;<\/p>\n\n\n\n<p><strong>\u00dcber Urban Connect und Wincasa:<\/strong>&nbsp;<\/p>\n\n\n\n<p>Urban Connect revolutioniert die Art und Weise, wie\u202fUnternehmen die Mitarbeitermobilit\u00e4t angehen, indem es ein vollst\u00e4ndig integriertes \u00d6kosystem von geteilten Mobilit\u00e4tsoptionen f\u00fcr Gesch\u00e4fts- und Privatzwecke anbietet. \u00dcber 50 Firmen wie die Roche Schweiz, Google oder die Swiss setzen bereits auf die geteilten E-Autos, E-Bike- und E-Trotti-Flotten, welche mit \u00d6V-Zugang, digitalen Parkl\u00f6sungen und einem Mobilit\u00e4tsbudget erg\u00e4nzt werden. Firmen sparen so Kosten, Aufwand, Platz und Emissionen, und bieten dabei ihren Mitarbeitenden zus\u00e4tzlich eine nahtlose Nutzererfahrung an.&nbsp;<\/p>\n\n\n\n<p>Wincasa ist der f\u00fchrende integrale Immobilien-Dienstleister der Schweiz und bietet seinen Kunden ein breites Dienstleistungsportfolio entlang des gesamten Lebenszyklus von Immobilien: Von der Planung \u00fcber den Bau und die Bewirtschaftung bis hin zur Revitalisierung und Repositionierung einer Liegenschaft. Die 1999 gegr\u00fcndete Aktiengesellschaft ist in allen Landesteilen pr\u00e4sent und geh\u00f6rt seit Mai 2023 zu Implenia.&nbsp;<\/p>\n\n\n\n<p><strong>Stimmen zur Partnerschaft<\/strong>&nbsp;<\/p>\n\n\n\n<p><strong>Judith H\u00e4berli, Mitgr\u00fcnderin Urban Connect: <\/strong><em>\u00abWir freuen uns, durch die Zusammenarbeit mit Wincasa die Mobilit\u00e4tslandschaft der Schweiz weiter zu elektrifizieren, digitalisieren und optimieren. Unsere Pilote gemeinsam mit Wincasa haben gezeigt, dass dieser f\u00fchrende Immobilienbewirtschafter auch in Sachen Mobilit\u00e4t in die F\u00fchrung gehen kann: mit geteilten elektrischen Autos, geteilten E-Bikes und E-Scootern, welche f\u00fcr Gesch\u00e4ftszwecke sowie Privatfahrten genutzt werden k\u00f6nnen. Somit ist es eine Win-Win-Win Situation: Win #1: Wincasa senkt dadurch die Kosten. Win #2: die Mitarbeitenden haben auch privat Zugriff auf ein g\u00fcnstiges Elektrofahrzeug. Win #3: durch die elektrische Flotte macht Wincasa einen grossen Schritt in Richtung Nachhaltigkeit und somit gewinnt auch die Umwelt.\u00bb<\/em>&nbsp;<\/p>\n\n\n\n<p><strong>Philipp Schoch, Leiter Bewirtschaftung bei Wincasa:<\/strong> <em>\u00abWir haben in der Pilotphase sehr gute Erfahrungen mit der Elektrifizierung unserer Unternehmensflotte gemacht. Die digitale, umfassende L\u00f6sung von Urban Connect hat uns \u00fcberzeugt. Jetzt rollen wir dieses neue Mobilit\u00e4tskonzept an allen unseren Standorten in der Schweiz aus. Durch die Zusammenarbeit mit Urban Connect k\u00f6nnen wir unsere Ziele im Bereich der Mitarbeitermobilit\u00e4t erreichen, gleichzeitig die Flottenemissionen reduzieren und haben stets die volle Transparenz \u00fcber unsere elektrifizierte Flotte.\u00bb<\/em>&nbsp;<\/p>\n\n\n\n<p>Change Mobility &#8211; Change the World<\/p>\n\n\n\n<hr class=\"wp-block-separator has-alpha-channel-opacity\"\/>\n\n\n\n<p><br>M\u00f6chtest du deine Flotte wie Wincasa elektrifizieren? Bei Urban Connect gestalten wir den \u00dcbergang zu nachhaltiger Mobilit\u00e4t nahtlos und bieten massgeschneiderte L\u00f6sungen, die den Anforderungen deines Unternehmens gerecht werden. Ausserdem haben wir derzeit ein <strong>exklusives BMW-Angebot<\/strong>, das schwer zu \u00fcbertreffen ist! Egal, ob du nach Elektroautos, E-Bikes oder E-Scootern suchst, unser Team ist bereit, dir beim n\u00e4chsten Schritt in eine gr\u00fcnere, effizientere Zukunft zu helfen.<\/p>\n\n\n\n<p><strong>Nimm noch heute Kontakt mit uns auf<\/strong>, um zu erfahren, wie wir dir dabei helfen k\u00f6nnen, deine Flotte zu elektrifizieren und deine Unternehmensmobilit\u00e4t zu optimieren: <a href=\"mailto:sales@urban-connect.ch\">sales@urban-connect.ch<\/a><\/p>\n\n\n    <section class=\"related-posts\">\n        <div class=\"container\">\n            <h4 class=\"block-title\"><\/h4>\n        <\/div>\n        <div class=\"container posts-wrap\">\n            <div class=\"swiper swiper-related-posts\">\n                <div class=\"swiper-wrapper\">\n                                            <div class=\"swiper-slide\">\n                            <div class=\"card-horizontal\">\n    <div class=\"left-side\">\n                    <a href=\"https:\/\/urban-connect.com\/de\/news\/wheels-wine-2026-eine-wegweisende-ausgabe-die-die-zukunft-der-unternehmensmobilitaet-gestaltet\/\">\n                <img decoding=\"async\" \n                    class=\"image lazyload\" data-src=\"https:\/\/urban-connect.com\/wp-content\/uploads\/2026\/03\/F06A4076-768x512.jpg\"\n                    data-srcset=\"https:\/\/urban-connect.com\/wp-content\/uploads\/2026\/03\/F06A4076-768x512.jpg 768w, https:\/\/urban-connect.com\/wp-content\/uploads\/2026\/03\/F06A4076-300x200.jpg 300w, https:\/\/urban-connect.com\/wp-content\/uploads\/2026\/03\/F06A4076-1024x683.jpg 1024w, https:\/\/urban-connect.com\/wp-content\/uploads\/2026\/03\/F06A4076-1536x1024.jpg 1536w, https:\/\/urban-connect.com\/wp-content\/uploads\/2026\/03\/F06A4076-2048x1365.jpg 2048w, https:\/\/urban-connect.com\/wp-content\/uploads\/2026\/03\/F06A4076-1620x1080.jpg 1620w\"\n                    data-sizes=\"(max-width: 768px) 100vw, 768px\"\n                    alt=\"Wheels &amp; Wine 2026 \u2013 Eine wegweisende Ausgabe, die die Zukunft der Unternehmensmobilit\u00e4t gestaltet\"\n                 src=\"data:image\/gif;base64,R0lGODlhAQABAAAAACH5BAEKAAEALAAAAAABAAEAAAICTAEAOw==\" style=\"--smush-placeholder-width: 768px; --smush-placeholder-aspect-ratio: 768\/512;\"><noscript><img decoding=\"async\" \n                    class=\"image\" src=\"https:\/\/urban-connect.com\/wp-content\/uploads\/2026\/03\/F06A4076-768x512.jpg\"\n                    srcset=\"https:\/\/urban-connect.com\/wp-content\/uploads\/2026\/03\/F06A4076-768x512.jpg 768w, https:\/\/urban-connect.com\/wp-content\/uploads\/2026\/03\/F06A4076-300x200.jpg 300w, https:\/\/urban-connect.com\/wp-content\/uploads\/2026\/03\/F06A4076-1024x683.jpg 1024w, https:\/\/urban-connect.com\/wp-content\/uploads\/2026\/03\/F06A4076-1536x1024.jpg 1536w, https:\/\/urban-connect.com\/wp-content\/uploads\/2026\/03\/F06A4076-2048x1365.jpg 2048w, https:\/\/urban-connect.com\/wp-content\/uploads\/2026\/03\/F06A4076-1620x1080.jpg 1620w\"\n                    sizes=\"(max-width: 768px) 100vw, 768px\"\n                    alt=\"Wheels &amp; Wine 2026 \u2013 Eine wegweisende Ausgabe, die die Zukunft der Unternehmensmobilit\u00e4t gestaltet\"\n                ><\/noscript>\n            <\/a>\n                <\/div>\n    <div class=\"right-side\">\n                    <a href=\"https:\/\/urban-connect.com\/de\/news\/wheels-wine-2026-eine-wegweisende-ausgabe-die-die-zukunft-der-unternehmensmobilitaet-gestaltet\/\">\n                <h6 class=\"title\">Wheels &amp; Wine 2026 \u2013 Eine wegweisende Ausgabe, die die Zukunft der Unternehmensmobilit\u00e4t gestaltet<\/h6>\n            <\/a>\n                        <span class=\"date\">M\u00e4rz 24, 2026 <\/span>\n            \n\t        <\/div>\n<\/div>                        <\/div>\n                                                <div class=\"swiper-slide\">\n                            <div class=\"card-horizontal\">\n    <div class=\"left-side\">\n                    <a href=\"https:\/\/urban-connect.com\/de\/news\/was-passiert-wenn-das-laden-von-elektroautos-endlich-funktioniert-wie-urban-connect-und-zaptec-eine-bessere-ladeinfrastruktur-fuer-elektroautos-geschaffen-haben\/\">\n                <img decoding=\"async\" \n                    class=\"image lazyload\" data-src=\"https:\/\/urban-connect.com\/wp-content\/uploads\/2026\/03\/Zaptec-cover-3-1-768x453.png\"\n                    data-srcset=\"https:\/\/urban-connect.com\/wp-content\/uploads\/2026\/03\/Zaptec-cover-3-1-768x453.png 768w, https:\/\/urban-connect.com\/wp-content\/uploads\/2026\/03\/Zaptec-cover-3-1-300x177.png 300w, https:\/\/urban-connect.com\/wp-content\/uploads\/2026\/03\/Zaptec-cover-3-1-1024x604.png 1024w, https:\/\/urban-connect.com\/wp-content\/uploads\/2026\/03\/Zaptec-cover-3-1-1536x906.png 1536w, https:\/\/urban-connect.com\/wp-content\/uploads\/2026\/03\/Zaptec-cover-3-1-2048x1208.png 2048w, https:\/\/urban-connect.com\/wp-content\/uploads\/2026\/03\/Zaptec-cover-3-1-1831x1080.png 1831w\"\n                    data-sizes=\"(max-width: 768px) 100vw, 768px\"\n                    alt=\"Was passiert, wenn das Laden von Elektroautos endlich funktioniert?\"\n                 src=\"data:image\/gif;base64,R0lGODlhAQABAAAAACH5BAEKAAEALAAAAAABAAEAAAICTAEAOw==\" style=\"--smush-placeholder-width: 768px; --smush-placeholder-aspect-ratio: 768\/453;\"><noscript><img decoding=\"async\" \n                    class=\"image\" src=\"https:\/\/urban-connect.com\/wp-content\/uploads\/2026\/03\/Zaptec-cover-3-1-768x453.png\"\n                    srcset=\"https:\/\/urban-connect.com\/wp-content\/uploads\/2026\/03\/Zaptec-cover-3-1-768x453.png 768w, https:\/\/urban-connect.com\/wp-content\/uploads\/2026\/03\/Zaptec-cover-3-1-300x177.png 300w, https:\/\/urban-connect.com\/wp-content\/uploads\/2026\/03\/Zaptec-cover-3-1-1024x604.png 1024w, https:\/\/urban-connect.com\/wp-content\/uploads\/2026\/03\/Zaptec-cover-3-1-1536x906.png 1536w, https:\/\/urban-connect.com\/wp-content\/uploads\/2026\/03\/Zaptec-cover-3-1-2048x1208.png 2048w, https:\/\/urban-connect.com\/wp-content\/uploads\/2026\/03\/Zaptec-cover-3-1-1831x1080.png 1831w\"\n                    sizes=\"(max-width: 768px) 100vw, 768px\"\n                    alt=\"Was passiert, wenn das Laden von Elektroautos endlich funktioniert?\"\n                ><\/noscript>\n            <\/a>\n                <\/div>\n    <div class=\"right-side\">\n                    <a href=\"https:\/\/urban-connect.com\/de\/news\/was-passiert-wenn-das-laden-von-elektroautos-endlich-funktioniert-wie-urban-connect-und-zaptec-eine-bessere-ladeinfrastruktur-fuer-elektroautos-geschaffen-haben\/\">\n                <h6 class=\"title\">Was passiert, wenn das Laden von Elektroautos endlich funktioniert?<\/h6>\n            <\/a>\n                        <span class=\"date\">M\u00e4rz 17, 2026 <\/span>\n            \n\t        <\/div>\n<\/div>                        <\/div>\n                                                <div class=\"swiper-slide\">\n                            <div class=\"card-horizontal\">\n    <div class=\"left-side\">\n                    <a href=\"https:\/\/urban-connect.com\/de\/news\/fallstudie-im-blickpunkt-lonza-visps-partnerschaft-fuer-nachhaltige-mobilitaet-mit-urban-connect\/\">\n                <img decoding=\"async\" \n                    class=\"image lazyload\" data-src=\"https:\/\/urban-connect.com\/wp-content\/uploads\/2026\/02\/HELSANA-x-UC-banner-768x511.png\"\n                    data-srcset=\"https:\/\/urban-connect.com\/wp-content\/uploads\/2026\/02\/HELSANA-x-UC-banner-768x511.png 768w, https:\/\/urban-connect.com\/wp-content\/uploads\/2026\/02\/HELSANA-x-UC-banner-300x199.png 300w, https:\/\/urban-connect.com\/wp-content\/uploads\/2026\/02\/HELSANA-x-UC-banner-1024x681.png 1024w, https:\/\/urban-connect.com\/wp-content\/uploads\/2026\/02\/HELSANA-x-UC-banner-1536x1021.png 1536w, https:\/\/urban-connect.com\/wp-content\/uploads\/2026\/02\/HELSANA-x-UC-banner.png 1590w\"\n                    data-sizes=\"(max-width: 768px) 100vw, 768px\"\n                    alt=\"Fallstudie im Blickpunkt: Helsana erm\u00f6glicht \u00fcber 3'400 Mitarbeitenden ein Urban Connect Mobility Budget \u2013 dank SCIM ganz reibungslos.\"\n                 src=\"data:image\/gif;base64,R0lGODlhAQABAAAAACH5BAEKAAEALAAAAAABAAEAAAICTAEAOw==\" style=\"--smush-placeholder-width: 768px; --smush-placeholder-aspect-ratio: 768\/511;\"><noscript><img decoding=\"async\" \n                    class=\"image\" src=\"https:\/\/urban-connect.com\/wp-content\/uploads\/2026\/02\/HELSANA-x-UC-banner-768x511.png\"\n                    srcset=\"https:\/\/urban-connect.com\/wp-content\/uploads\/2026\/02\/HELSANA-x-UC-banner-768x511.png 768w, https:\/\/urban-connect.com\/wp-content\/uploads\/2026\/02\/HELSANA-x-UC-banner-300x199.png 300w, https:\/\/urban-connect.com\/wp-content\/uploads\/2026\/02\/HELSANA-x-UC-banner-1024x681.png 1024w, https:\/\/urban-connect.com\/wp-content\/uploads\/2026\/02\/HELSANA-x-UC-banner-1536x1021.png 1536w, https:\/\/urban-connect.com\/wp-content\/uploads\/2026\/02\/HELSANA-x-UC-banner.png 1590w\"\n                    sizes=\"(max-width: 768px) 100vw, 768px\"\n                    alt=\"Fallstudie im Blickpunkt: Helsana erm\u00f6glicht \u00fcber 3'400 Mitarbeitenden ein Urban Connect Mobility Budget \u2013 dank SCIM ganz reibungslos.\"\n                ><\/noscript>\n            <\/a>\n                <\/div>\n    <div class=\"right-side\">\n                    <a href=\"https:\/\/urban-connect.com\/de\/news\/fallstudie-im-blickpunkt-lonza-visps-partnerschaft-fuer-nachhaltige-mobilitaet-mit-urban-connect\/\">\n                <h6 class=\"title\">Fallstudie im Blickpunkt: Helsana erm\u00f6glicht \u00fcber 3&#8217;400 Mitarbeitenden ein Urban Connect Mobility Budget \u2013 dank SCIM ganz reibungslos.<\/h6>\n            <\/a>\n                        <span class=\"date\">Februar 05, 2026 <\/span>\n            \n\t        <\/div>\n<\/div>                        <\/div>\n                                        <\/div>\n                <div class=\"btn-slider \">\n    <div class=\"prev\">\n        <svg width=\"22\" height=\"12\" viewBox=\"0 0 22 12\" fill=\"none\" xmlns=\"http:\/\/www.w3.org\/2000\/svg\">\n            <path d=\"M5.094 4.476L7.74 1.83L6.03 0.102L0.432 5.7L6.03 11.298L7.74 9.57L5.076 6.906H21.42V4.476H5.094Z\" fill=\"white\"\/>\n        <\/svg>\n    <\/div>\n    <div class=\"next\">\n        <svg width=\"22\" height=\"12\" viewBox=\"0 0 22 12\" fill=\"none\" xmlns=\"http:\/\/www.w3.org\/2000\/svg\">\n            <path d=\"M14.292 1.83L16.938 4.476H0.612V6.906H16.956L14.292 9.57L16.002 11.298L21.6 5.7L16.002 0.102L14.292 1.83Z\" fill=\"white\"\/>\n        <\/svg>\n    <\/div>\n<\/div>            <\/div>\n        <\/div>\n    <\/section>\n    ","protected":false},"excerpt":{"rendered":"<p>Z\u00fcrich, 19.09.2024: Urban Connect, der f\u00fchrende Anbieter f\u00fcr betriebliche Mobilit\u00e4tsl\u00f6sungen in der Schweiz, w\u00e4chst weiter und freut sich, die vertiefte Zusammenarbeit mit Wincasa bekannt zu geben. Nach erfolgreichen Piloten \u00fcber das letzte Jahr, \u00fcbernimmt ab August 2024 Urban Connect das Management der Wincasa Flotte, welche bis 2026 auf 46 elektrische Autos und 23 E-Bikes\/E-Scooter w\u00e4chst.&nbsp;&nbsp; [&hellip;]<\/p>\n","protected":false},"featured_media":6578,"parent":0,"template":"","news_category":[38],"class_list":["post-6580","news","type-news","status-publish","has-post-thumbnail","hentry","news_category-news-de"],"acf":[],"yoast_head":"<!-- This site is optimized with the Yoast SEO plugin v23.2 - https:\/\/yoast.com\/wordpress\/plugins\/seo\/ -->\n<title>Urban Connect elektrifiziert und digitalisiert Wincasa Flotte\u00a0 - Urban Connect<\/title>\n<meta name=\"robots\" content=\"index, follow, max-snippet:-1, max-image-preview:large, max-video-preview:-1\" \/>\n<link rel=\"canonical\" href=\"https:\/\/urban-connect.com\/de\/news\/urban-connect-elektrifiziert-und-digitalisiert-wincasa-flotte\/\" \/>\n<meta property=\"og:locale\" content=\"de_DE\" \/>\n<meta property=\"og:type\" content=\"article\" \/>\n<meta property=\"og:title\" content=\"Urban Connect elektrifiziert und digitalisiert Wincasa Flotte\u00a0 - Urban Connect\" \/>\n<meta property=\"og:description\" content=\"Z\u00fcrich, 19.09.2024: Urban Connect, der f\u00fchrende Anbieter f\u00fcr betriebliche Mobilit\u00e4tsl\u00f6sungen in der Schweiz, w\u00e4chst weiter und freut sich, die vertiefte Zusammenarbeit mit Wincasa bekannt zu geben. Nach erfolgreichen Piloten \u00fcber das letzte Jahr, \u00fcbernimmt ab August 2024 Urban Connect das Management der Wincasa Flotte, welche bis 2026 auf 46 elektrische Autos und 23 E-Bikes\/E-Scooter w\u00e4chst.&nbsp;&nbsp; [&hellip;]\" \/>\n<meta property=\"og:url\" content=\"https:\/\/urban-connect.com\/de\/news\/urban-connect-elektrifiziert-und-digitalisiert-wincasa-flotte\/\" \/>\n<meta property=\"og:site_name\" content=\"Urban Connect\" \/>\n<meta property=\"article:modified_time\" content=\"2024-09-24T11:35:51+00:00\" \/>\n<meta property=\"og:image\" content=\"https:\/\/urban-connect.com\/wp-content\/uploads\/2024\/09\/Wincasa.jpg\" \/>\n\t<meta property=\"og:image:width\" content=\"1438\" \/>\n\t<meta property=\"og:image:height\" content=\"1248\" \/>\n\t<meta property=\"og:image:type\" content=\"image\/jpeg\" \/>\n<meta name=\"twitter:card\" content=\"summary_large_image\" \/>\n<meta name=\"twitter:label1\" content=\"Gesch\u00e4tzte Lesezeit\" \/>\n\t<meta name=\"twitter:data1\" content=\"3\u00a0Minuten\" \/>\n<script type=\"application\/ld+json\" class=\"yoast-schema-graph\">{\"@context\":\"https:\/\/schema.org\",\"@graph\":[{\"@type\":\"WebPage\",\"@id\":\"https:\/\/urban-connect.com\/de\/news\/urban-connect-elektrifiziert-und-digitalisiert-wincasa-flotte\/\",\"url\":\"https:\/\/urban-connect.com\/de\/news\/urban-connect-elektrifiziert-und-digitalisiert-wincasa-flotte\/\",\"name\":\"Urban Connect elektrifiziert und digitalisiert Wincasa Flotte\u00a0 - Urban Connect\",\"isPartOf\":{\"@id\":\"https:\/\/urban-connect.com\/de\/#website\"},\"primaryImageOfPage\":{\"@id\":\"https:\/\/urban-connect.com\/de\/news\/urban-connect-elektrifiziert-und-digitalisiert-wincasa-flotte\/#primaryimage\"},\"image\":{\"@id\":\"https:\/\/urban-connect.com\/de\/news\/urban-connect-elektrifiziert-und-digitalisiert-wincasa-flotte\/#primaryimage\"},\"thumbnailUrl\":\"https:\/\/urban-connect.com\/wp-content\/uploads\/2024\/09\/Wincasa.jpg\",\"datePublished\":\"2024-09-19T06:05:04+00:00\",\"dateModified\":\"2024-09-24T11:35:51+00:00\",\"breadcrumb\":{\"@id\":\"https:\/\/urban-connect.com\/de\/news\/urban-connect-elektrifiziert-und-digitalisiert-wincasa-flotte\/#breadcrumb\"},\"inLanguage\":\"de\",\"potentialAction\":[{\"@type\":\"ReadAction\",\"target\":[\"https:\/\/urban-connect.com\/de\/news\/urban-connect-elektrifiziert-und-digitalisiert-wincasa-flotte\/\"]}]},{\"@type\":\"ImageObject\",\"inLanguage\":\"de\",\"@id\":\"https:\/\/urban-connect.com\/de\/news\/urban-connect-elektrifiziert-und-digitalisiert-wincasa-flotte\/#primaryimage\",\"url\":\"https:\/\/urban-connect.com\/wp-content\/uploads\/2024\/09\/Wincasa.jpg\",\"contentUrl\":\"https:\/\/urban-connect.com\/wp-content\/uploads\/2024\/09\/Wincasa.jpg\",\"width\":1438,\"height\":1248,\"caption\":\"Wincasa\"},{\"@type\":\"BreadcrumbList\",\"@id\":\"https:\/\/urban-connect.com\/de\/news\/urban-connect-elektrifiziert-und-digitalisiert-wincasa-flotte\/#breadcrumb\",\"itemListElement\":[{\"@type\":\"ListItem\",\"position\":1,\"name\":\"Home\",\"item\":\"https:\/\/urban-connect.com\/de\/\"},{\"@type\":\"ListItem\",\"position\":2,\"name\":\"Urban Connect elektrifiziert und digitalisiert Wincasa Flotte\u00a0\"}]},{\"@type\":\"WebSite\",\"@id\":\"https:\/\/urban-connect.com\/de\/#website\",\"url\":\"https:\/\/urban-connect.com\/de\/\",\"name\":\"Urban Connect\",\"description\":\"\",\"potentialAction\":[{\"@type\":\"SearchAction\",\"target\":{\"@type\":\"EntryPoint\",\"urlTemplate\":\"https:\/\/urban-connect.com\/de\/?s={search_term_string}\"},\"query-input\":\"required name=search_term_string\"}],\"inLanguage\":\"de\"}]}<\/script>\n<!-- \/ Yoast SEO plugin. -->","yoast_head_json":{"title":"Urban Connect elektrifiziert und digitalisiert Wincasa Flotte\u00a0 - Urban Connect","robots":{"index":"index","follow":"follow","max-snippet":"max-snippet:-1","max-image-preview":"max-image-preview:large","max-video-preview":"max-video-preview:-1"},"canonical":"https:\/\/urban-connect.com\/de\/news\/urban-connect-elektrifiziert-und-digitalisiert-wincasa-flotte\/","og_locale":"de_DE","og_type":"article","og_title":"Urban Connect elektrifiziert und digitalisiert Wincasa Flotte\u00a0 - Urban Connect","og_description":"Z\u00fcrich, 19.09.2024: Urban Connect, der f\u00fchrende Anbieter f\u00fcr betriebliche Mobilit\u00e4tsl\u00f6sungen in der Schweiz, w\u00e4chst weiter und freut sich, die vertiefte Zusammenarbeit mit Wincasa bekannt zu geben. Nach erfolgreichen Piloten \u00fcber das letzte Jahr, \u00fcbernimmt ab August 2024 Urban Connect das Management der Wincasa Flotte, welche bis 2026 auf 46 elektrische Autos und 23 E-Bikes\/E-Scooter w\u00e4chst.&nbsp;&nbsp; [&hellip;]","og_url":"https:\/\/urban-connect.com\/de\/news\/urban-connect-elektrifiziert-und-digitalisiert-wincasa-flotte\/","og_site_name":"Urban Connect","article_modified_time":"2024-09-24T11:35:51+00:00","og_image":[{"width":1438,"height":1248,"url":"https:\/\/urban-connect.com\/wp-content\/uploads\/2024\/09\/Wincasa.jpg","type":"image\/jpeg"}],"twitter_card":"summary_large_image","twitter_misc":{"Gesch\u00e4tzte Lesezeit":"3\u00a0Minuten"},"schema":{"@context":"https:\/\/schema.org","@graph":[{"@type":"WebPage","@id":"https:\/\/urban-connect.com\/de\/news\/urban-connect-elektrifiziert-und-digitalisiert-wincasa-flotte\/","url":"https:\/\/urban-connect.com\/de\/news\/urban-connect-elektrifiziert-und-digitalisiert-wincasa-flotte\/","name":"Urban Connect elektrifiziert und digitalisiert Wincasa Flotte\u00a0 - Urban Connect","isPartOf":{"@id":"https:\/\/urban-connect.com\/de\/#website"},"primaryImageOfPage":{"@id":"https:\/\/urban-connect.com\/de\/news\/urban-connect-elektrifiziert-und-digitalisiert-wincasa-flotte\/#primaryimage"},"image":{"@id":"https:\/\/urban-connect.com\/de\/news\/urban-connect-elektrifiziert-und-digitalisiert-wincasa-flotte\/#primaryimage"},"thumbnailUrl":"https:\/\/urban-connect.com\/wp-content\/uploads\/2024\/09\/Wincasa.jpg","datePublished":"2024-09-19T06:05:04+00:00","dateModified":"2024-09-24T11:35:51+00:00","breadcrumb":{"@id":"https:\/\/urban-connect.com\/de\/news\/urban-connect-elektrifiziert-und-digitalisiert-wincasa-flotte\/#breadcrumb"},"inLanguage":"de","potentialAction":[{"@type":"ReadAction","target":["https:\/\/urban-connect.com\/de\/news\/urban-connect-elektrifiziert-und-digitalisiert-wincasa-flotte\/"]}]},{"@type":"ImageObject","inLanguage":"de","@id":"https:\/\/urban-connect.com\/de\/news\/urban-connect-elektrifiziert-und-digitalisiert-wincasa-flotte\/#primaryimage","url":"https:\/\/urban-connect.com\/wp-content\/uploads\/2024\/09\/Wincasa.jpg","contentUrl":"https:\/\/urban-connect.com\/wp-content\/uploads\/2024\/09\/Wincasa.jpg","width":1438,"height":1248,"caption":"Wincasa"},{"@type":"BreadcrumbList","@id":"https:\/\/urban-connect.com\/de\/news\/urban-connect-elektrifiziert-und-digitalisiert-wincasa-flotte\/#breadcrumb","itemListElement":[{"@type":"ListItem","position":1,"name":"Home","item":"https:\/\/urban-connect.com\/de\/"},{"@type":"ListItem","position":2,"name":"Urban Connect elektrifiziert und digitalisiert Wincasa Flotte\u00a0"}]},{"@type":"WebSite","@id":"https:\/\/urban-connect.com\/de\/#website","url":"https:\/\/urban-connect.com\/de\/","name":"Urban Connect","description":"","potentialAction":[{"@type":"SearchAction","target":{"@type":"EntryPoint","urlTemplate":"https:\/\/urban-connect.com\/de\/?s={search_term_string}"},"query-input":"required name=search_term_string"}],"inLanguage":"de"}]}},"_links":{"self":[{"href":"https:\/\/urban-connect.com\/de\/wp-json\/wp\/v2\/news\/6580","targetHints":{"allow":["GET"]}}],"collection":[{"href":"https:\/\/urban-connect.com\/de\/wp-json\/wp\/v2\/news"}],"about":[{"href":"https:\/\/urban-connect.com\/de\/wp-json\/wp\/v2\/types\/news"}],"wp:featuredmedia":[{"embeddable":true,"href":"https:\/\/urban-connect.com\/de\/wp-json\/wp\/v2\/media\/6578"}],"wp:attachment":[{"href":"https:\/\/urban-connect.com\/de\/wp-json\/wp\/v2\/media?parent=6580"}],"wp:term":[{"taxonomy":"news_category","embeddable":true,"href":"https:\/\/urban-connect.com\/de\/wp-json\/wp\/v2\/news_category?post=6580"}],"curies":[{"name":"wp","href":"https:\/\/api.w.org\/{rel}","templated":true}]}}